{"id":4195,"date":"2011-12-03T09:03:00","date_gmt":"2011-12-03T08:03:00","guid":{"rendered":"http:\/\/news.gold.fr\/?p=4195"},"modified":"2017-11-02T11:36:58","modified_gmt":"2017-11-02T10:36:58","slug":"crise-en-zone-euro-lissue-profitera-a-lor","status":"publish","type":"post","link":"https:\/\/www.gold.fr\/news\/2011\/12\/03\/crise-en-zone-euro-lissue-profitera-a-lor\/","title":{"rendered":"Crise en zone euro \u2013 L\u2019issue profitera \u00e0 l\u2019or"},"content":{"rendered":"<p style=\"text-align: justify;\"><a href=\"http:\/\/news.gold.fr\/wp-content\/uploads\/2011\/12\/lor.jpg\"><img loading=\"lazy\" decoding=\"async\" class=\"alignleft size-thumbnail wp-image-4196\" style=\"float: left; margin: 5px; border: 1px solid black;\" title=\"l'or\" src=\"http:\/\/news.gold.fr\/wp-content\/uploads\/2011\/12\/lor-150x150.jpg\" alt=\"\" width=\"150\" height=\"150\" \/><\/a><span style=\"font-family: verdana,geneva; font-size: small;\">Une issue qui demeure pourtant tr\u00e8s incertaine ! L&rsquo;avenir de la crise en zone euro est aujourd&rsquo;hui aussi clair qu&rsquo;un matin londonien&#8230;<\/span><\/p>\n<p>  <span style=\"font-family: verdana,geneva; font-size: small;\"> La semaine derni\u00e8re, l&rsquo;Organisation de coop\u00e9ration et de d\u00e9veloppement \u00e9conomiques (OCDE) pr\u00e9voyait un sc\u00e9nario de r\u00e9f\u00e9rence autour d&rsquo;une r\u00e9cession temp\u00e9r\u00e9e en Europe. L&rsquo;\u00e9quipe de professionnels est toutefois loin de limiter ses sp\u00e9culations : \u00ab Dans le sc\u00e9nario d\u00e9favorable, les cons\u00e9quences d&rsquo;un \u00e9v\u00e9nement n\u00e9gatif majeur dans la zone euro vont d\u00e9pendre des processus en jeu et de leur virulence. Les r\u00e9sultats pourraient aussi bien \u00eatre relativement anodins que tr\u00e8s d\u00e9vastateurs \u00bb.<\/span>    <span style=\"font-family: verdana,geneva; font-size: small;\"> Dans tous les cas, une chose est s\u00fbre ; quelle que soit l&rsquo;issue de cette crise, le pr\u00e9cieux <a href='https:\/\/www.gold.fr\/news\/tags\/or' class='esk-seo-plu-link'>m\u00e9tal jaune<\/a> en b\u00e9n\u00e9ficiera. Ayant enti\u00e8rement r\u00e9cup\u00e9r\u00e9 un statut de valeur refuge que le paroxysme de la crise lui avait temporairement retir\u00e9, l&rsquo;<a href='https:\/\/www.gold.fr\/news\/tags\/or' class='esk-seo-plu-link'>or<\/a> repart de plus belle vers de nouveaux records.<\/span>    <span style=\"font-family: verdana,geneva; font-size: small;\"> Le fin m\u00e9tal a d\u00e9j\u00e0 bris\u00e9 la r\u00e9sistance des 1 720 dollars, et tente, depuis quelques jours, de d\u00e9passer de mani\u00e8re permanente le palier des 1 750 dollars. La t\u00e2che est presque accomplie. Ne restera plus alors qu&rsquo;\u00e0 finir l&rsquo;ann\u00e9e sur un nouveau record\u2026Peut-\u00eatre un autre 1 900 dollars ?<\/span>    <span style=\"font-family: verdana,geneva; font-size: small;\"> La semaine derni\u00e8re, les analystes de la Soci\u00e9t\u00e9 G\u00e9n\u00e9rale publiaient : \u00ab <strong>Le prix de l&rsquo;<a href='https:\/\/www.gold.fr\/news\/tags\/or' class='esk-seo-plu-link'>or<\/a><\/strong> est bien parti pour atteindre de nouveaux plus hauts de tous les temps, puisque les catalyseurs haussiers sont toujours en place. \u00bb Tous les espoirs sont donc permis !<\/span><\/p>\n<!-- AddThis Advanced Settings generic via filter on the_content --><!-- AddThis Share Buttons generic via filter on the_content -->","protected":false},"excerpt":{"rendered":"<p>Une issue qui demeure pourtant tr\u00e8s incertaine ! L&rsquo;avenir de la crise en zone euro est aujourd&rsquo;hui aussi clair qu&rsquo;un matin londonien&#8230; La semaine derni\u00e8re, l&rsquo;Organisation de coop\u00e9ration et de d\u00e9veloppement \u00e9conomiques (OCDE) pr\u00e9voyait un sc\u00e9nario [&hellip;]<\/p>\n","protected":false},"author":18,"featured_media":4197,"comment_status":"open","ping_status":"open","sticky":false,"template":"","format":"standard","meta":{"_mbp_gutenberg_autopost":false,"_pgmb_is_evergreen":false,"_pgmb_ap_template_id":0,"footnotes":""},"categories":[6],"tags":[76,84,126],"ppma_author":[2565],"class_list":["post-4195","post","type-post","status-publish","format-standard","has-post-thumbnail","hentry","category-articles-de-presse","tag-or","tag-cours-de-lor","tag-zone-euro"],"yoast_head":"<!-- This site is optimized with the Yoast SEO plugin v27.5 - https:\/\/yoast.com\/product\/yoast-seo-wordpress\/ -->\n<title>Crise en zone euro \u2013 L\u2019issue profitera \u00e0 l\u2019or - Gold.fr<\/title>\n<meta name=\"robots\" content=\"index, follow, max-snippet:-1, max-image-preview:large, max-video-preview:-1\" \/>\n<link rel=\"canonical\" href=\"https:\/\/www.gold.fr\/news\/2011\/12\/03\/crise-en-zone-euro-lissue-profitera-a-lor\/\" \/>\n<meta property=\"og:locale\" content=\"fr_FR\" \/>\n<meta property=\"og:type\" content=\"article\" \/>\n<meta property=\"og:title\" content=\"Crise en zone euro \u2013 L\u2019issue profitera \u00e0 l\u2019or - Gold.fr\" \/>\n<meta property=\"og:description\" content=\"Une issue qui demeure pourtant tr\u00e8s incertaine ! L&rsquo;avenir de la crise en zone euro est aujourd&rsquo;hui aussi clair qu&rsquo;un matin londonien&#8230; La semaine derni\u00e8re, l&rsquo;Organisation de coop\u00e9ration et de d\u00e9veloppement \u00e9conomiques (OCDE) pr\u00e9voyait un sc\u00e9nario [&hellip;]\" \/>\n<meta property=\"og:url\" content=\"https:\/\/www.gold.fr\/news\/2011\/12\/03\/crise-en-zone-euro-lissue-profitera-a-lor\/\" \/>\n<meta property=\"og:site_name\" content=\"Gold.fr\" \/>\n<meta property=\"article:publisher\" content=\"https:\/\/www.facebook.com\/Goldfr\/\" \/>\n<meta property=\"article:published_time\" content=\"2011-12-03T08:03:00+00:00\" \/>\n<meta property=\"article:modified_time\" content=\"2017-11-02T10:36:58+00:00\" \/>\n<meta property=\"og:image\" content=\"https:\/\/www.gold.fr\/news\/wp-content\/uploads\/2011\/12\/lingot-or-11-e1322899319662.jpg\" \/>\n\t<meta property=\"og:image:width\" content=\"605\" \/>\n\t<meta property=\"og:image:height\" content=\"430\" \/>\n\t<meta property=\"og:image:type\" content=\"image\/jpeg\" \/>\n<meta name=\"author\" content=\"Comptoir National de l&#039;Or\" \/>\n<meta name=\"twitter:card\" content=\"summary_large_image\" \/>\n<meta name=\"twitter:label1\" content=\"\u00c9crit par\" \/>\n\t<meta name=\"twitter:data1\" content=\"Comptoir National de l&#039;Or\" \/>\n\t<meta name=\"twitter:label2\" content=\"Dur\u00e9e de lecture estim\u00e9e\" \/>\n\t<meta name=\"twitter:data2\" content=\"1 minute\" \/>\n<script type=\"application\/ld+json\" class=\"yoast-schema-graph\">{\"@context\":\"https:\\\/\\\/schema.org\",\"@graph\":[{\"@type\":\"Article\",\"@id\":\"https:\\\/\\\/www.gold.fr\\\/news\\\/2011\\\/12\\\/03\\\/crise-en-zone-euro-lissue-profitera-a-lor\\\/#article\",\"isPartOf\":{\"@id\":\"https:\\\/\\\/www.gold.fr\\\/news\\\/2011\\\/12\\\/03\\\/crise-en-zone-euro-lissue-profitera-a-lor\\\/\"},\"author\":{\"name\":\"Comptoir National de l'Or\",\"@id\":\"https:\\\/\\\/www.gold.fr\\\/news\\\/#\\\/schema\\\/person\\\/070491b4b4fb7671bf59b3be20302ce9\"},\"headline\":\"Crise en zone euro \u2013 L\u2019issue profitera \u00e0 l\u2019or\",\"datePublished\":\"2011-12-03T08:03:00+00:00\",\"dateModified\":\"2017-11-02T10:36:58+00:00\",\"mainEntityOfPage\":{\"@id\":\"https:\\\/\\\/www.gold.fr\\\/news\\\/2011\\\/12\\\/03\\\/crise-en-zone-euro-lissue-profitera-a-lor\\\/\"},\"wordCount\":282,\"commentCount\":0,\"image\":{\"@id\":\"https:\\\/\\\/www.gold.fr\\\/news\\\/2011\\\/12\\\/03\\\/crise-en-zone-euro-lissue-profitera-a-lor\\\/#primaryimage\"},\"thumbnailUrl\":\"https:\\\/\\\/www.gold.fr\\\/news\\\/wp-content\\\/uploads\\\/2011\\\/12\\\/lingot-or-11-e1322899319662.jpg\",\"keywords\":[\"Or\",\"Tout Cours de l'Or\",\"zone euro\"],\"articleSection\":[\"Articles de presse\"],\"inLanguage\":\"fr-FR\"},{\"@type\":\"WebPage\",\"@id\":\"https:\\\/\\\/www.gold.fr\\\/news\\\/2011\\\/12\\\/03\\\/crise-en-zone-euro-lissue-profitera-a-lor\\\/\",\"url\":\"https:\\\/\\\/www.gold.fr\\\/news\\\/2011\\\/12\\\/03\\\/crise-en-zone-euro-lissue-profitera-a-lor\\\/\",\"name\":\"Crise en zone euro \u2013 L\u2019issue profitera \u00e0 l\u2019or - Gold.fr\",\"isPartOf\":{\"@id\":\"https:\\\/\\\/www.gold.fr\\\/news\\\/#website\"},\"primaryImageOfPage\":{\"@id\":\"https:\\\/\\\/www.gold.fr\\\/news\\\/2011\\\/12\\\/03\\\/crise-en-zone-euro-lissue-profitera-a-lor\\\/#primaryimage\"},\"image\":{\"@id\":\"https:\\\/\\\/www.gold.fr\\\/news\\\/2011\\\/12\\\/03\\\/crise-en-zone-euro-lissue-profitera-a-lor\\\/#primaryimage\"},\"thumbnailUrl\":\"https:\\\/\\\/www.gold.fr\\\/news\\\/wp-content\\\/uploads\\\/2011\\\/12\\\/lingot-or-11-e1322899319662.jpg\",\"datePublished\":\"2011-12-03T08:03:00+00:00\",\"dateModified\":\"2017-11-02T10:36:58+00:00\",\"author\":{\"@id\":\"https:\\\/\\\/www.gold.fr\\\/news\\\/#\\\/schema\\\/person\\\/070491b4b4fb7671bf59b3be20302ce9\"},\"breadcrumb\":{\"@id\":\"https:\\\/\\\/www.gold.fr\\\/news\\\/2011\\\/12\\\/03\\\/crise-en-zone-euro-lissue-profitera-a-lor\\\/#breadcrumb\"},\"inLanguage\":\"fr-FR\",\"potentialAction\":[{\"@type\":\"ReadAction\",\"target\":[\"https:\\\/\\\/www.gold.fr\\\/news\\\/2011\\\/12\\\/03\\\/crise-en-zone-euro-lissue-profitera-a-lor\\\/\"]}]},{\"@type\":\"ImageObject\",\"inLanguage\":\"fr-FR\",\"@id\":\"https:\\\/\\\/www.gold.fr\\\/news\\\/2011\\\/12\\\/03\\\/crise-en-zone-euro-lissue-profitera-a-lor\\\/#primaryimage\",\"url\":\"https:\\\/\\\/www.gold.fr\\\/news\\\/wp-content\\\/uploads\\\/2011\\\/12\\\/lingot-or-11-e1322899319662.jpg\",\"contentUrl\":\"https:\\\/\\\/www.gold.fr\\\/news\\\/wp-content\\\/uploads\\\/2011\\\/12\\\/lingot-or-11-e1322899319662.jpg\",\"width\":\"605\",\"height\":\"430\",\"caption\":\"lingot-or-11\"},{\"@type\":\"BreadcrumbList\",\"@id\":\"https:\\\/\\\/www.gold.fr\\\/news\\\/2011\\\/12\\\/03\\\/crise-en-zone-euro-lissue-profitera-a-lor\\\/#breadcrumb\",\"itemListElement\":[{\"@type\":\"ListItem\",\"position\":1,\"name\":\"Accueil\",\"item\":\"https:\\\/\\\/www.gold.fr\\\/\"},{\"@type\":\"ListItem\",\"position\":2,\"name\":\"Actualit\u00e9s\",\"item\":\"https:\\\/\\\/www.gold.fr\\\/news\\\/\"},{\"@type\":\"ListItem\",\"position\":3,\"name\":\"Crise en zone euro \u2013 L\u2019issue profitera \u00e0 l\u2019or\"}]},{\"@type\":\"WebSite\",\"@id\":\"https:\\\/\\\/www.gold.fr\\\/news\\\/#website\",\"url\":\"https:\\\/\\\/www.gold.fr\\\/news\\\/\",\"name\":\"Gold.fr\",\"description\":\"Actualit\u00e9s de l&#039;Or et des m\u00e9taux pr\u00e9cieux\",\"potentialAction\":[{\"@type\":\"SearchAction\",\"target\":{\"@type\":\"EntryPoint\",\"urlTemplate\":\"https:\\\/\\\/www.gold.fr\\\/news\\\/?s={search_term_string}\"},\"query-input\":{\"@type\":\"PropertyValueSpecification\",\"valueRequired\":true,\"valueName\":\"search_term_string\"}}],\"inLanguage\":\"fr-FR\"},{\"@type\":\"Person\",\"@id\":\"https:\\\/\\\/www.gold.fr\\\/news\\\/#\\\/schema\\\/person\\\/070491b4b4fb7671bf59b3be20302ce9\",\"name\":\"Comptoir National de l'Or\",\"image\":{\"@type\":\"ImageObject\",\"inLanguage\":\"fr-FR\",\"@id\":\"https:\\\/\\\/secure.gravatar.com\\\/avatar\\\/0a2867fd5abe37bed95d5a65e9d58f01756e11efc68af9888dfc50cfa7f65948?s=96&d=mm&r=gb490554db0a38188709de567aa58480d\",\"url\":\"https:\\\/\\\/secure.gravatar.com\\\/avatar\\\/0a2867fd5abe37bed95d5a65e9d58f01756e11efc68af9888dfc50cfa7f65948?s=96&d=mm&r=g\",\"contentUrl\":\"https:\\\/\\\/secure.gravatar.com\\\/avatar\\\/0a2867fd5abe37bed95d5a65e9d58f01756e11efc68af9888dfc50cfa7f65948?s=96&d=mm&r=g\",\"caption\":\"Comptoir National de l'Or\"},\"description\":\"Notre r\u00e9daction est constitu\u00e9e de membres experts dans les m\u00e9tiers de l'\u00e9conomie et la gestion, des Responsables d'agence Comptoir National de l'Or, des analystes financiers qui publient r\u00e9guli\u00e8rement des \u00e9tudes sur les politiques des banques centrales, le cours de l'or, prix de l'or, cours de l'argent, prix de l'argent, cours du platine, cours du palladium,... la situation en zone euro et l'impact de la strat\u00e9gie mon\u00e9taire de la FED. Notre \u00e9quipe scrute \u00e9galement une information plus g\u00e9n\u00e9raliste \u00e0 la recherche d'actualit\u00e9 \\\"p\u00e9pite\\\" \u00e0 vous partager. Depuis 5 ans, nous avons publi\u00e9 un peu plus de 4000 articles qui s'adressent \u00e0 un public large et vari\u00e9 ayant pour objectif de satisfaire votre curiosit\u00e9 et de partager avec vous une certaine fascination pour le m\u00e9tal jaune, le rachat d'or, et pour ceux qui veulent investir dans l'or, vendre leur or tout simplement en savoir plus... Pour tous vos achat or et argent, n'h\u00e9sitez pas \u00e0 prendre rendez-vous dans l'un de nos nombreux comptoirs.\",\"sameAs\":[\"https:\\\/\\\/www.gold.fr\"]}]}<\/script>\n<!-- \/ Yoast SEO plugin. -->","yoast_head_json":{"title":"Crise en zone euro \u2013 L\u2019issue profitera \u00e0 l\u2019or - Gold.fr","robots":{"index":"index","follow":"follow","max-snippet":"max-snippet:-1","max-image-preview":"max-image-preview:large","max-video-preview":"max-video-preview:-1"},"canonical":"https:\/\/www.gold.fr\/news\/2011\/12\/03\/crise-en-zone-euro-lissue-profitera-a-lor\/","og_locale":"fr_FR","og_type":"article","og_title":"Crise en zone euro \u2013 L\u2019issue profitera \u00e0 l\u2019or - Gold.fr","og_description":"Une issue qui demeure pourtant tr\u00e8s incertaine ! L&rsquo;avenir de la crise en zone euro est aujourd&rsquo;hui aussi clair qu&rsquo;un matin londonien&#8230; La semaine derni\u00e8re, l&rsquo;Organisation de coop\u00e9ration et de d\u00e9veloppement \u00e9conomiques (OCDE) pr\u00e9voyait un sc\u00e9nario [&hellip;]","og_url":"https:\/\/www.gold.fr\/news\/2011\/12\/03\/crise-en-zone-euro-lissue-profitera-a-lor\/","og_site_name":"Gold.fr","article_publisher":"https:\/\/www.facebook.com\/Goldfr\/","article_published_time":"2011-12-03T08:03:00+00:00","article_modified_time":"2017-11-02T10:36:58+00:00","og_image":[{"width":605,"height":430,"url":"https:\/\/www.gold.fr\/news\/wp-content\/uploads\/2011\/12\/lingot-or-11-e1322899319662.jpg","type":"image\/jpeg"}],"author":"Comptoir National de l'Or","twitter_card":"summary_large_image","twitter_misc":{"\u00c9crit par":"Comptoir National de l'Or","Dur\u00e9e de lecture estim\u00e9e":"1 minute"},"schema":{"@context":"https:\/\/schema.org","@graph":[{"@type":"Article","@id":"https:\/\/www.gold.fr\/news\/2011\/12\/03\/crise-en-zone-euro-lissue-profitera-a-lor\/#article","isPartOf":{"@id":"https:\/\/www.gold.fr\/news\/2011\/12\/03\/crise-en-zone-euro-lissue-profitera-a-lor\/"},"author":{"name":"Comptoir National de l'Or","@id":"https:\/\/www.gold.fr\/news\/#\/schema\/person\/070491b4b4fb7671bf59b3be20302ce9"},"headline":"Crise en zone euro \u2013 L\u2019issue profitera \u00e0 l\u2019or","datePublished":"2011-12-03T08:03:00+00:00","dateModified":"2017-11-02T10:36:58+00:00","mainEntityOfPage":{"@id":"https:\/\/www.gold.fr\/news\/2011\/12\/03\/crise-en-zone-euro-lissue-profitera-a-lor\/"},"wordCount":282,"commentCount":0,"image":{"@id":"https:\/\/www.gold.fr\/news\/2011\/12\/03\/crise-en-zone-euro-lissue-profitera-a-lor\/#primaryimage"},"thumbnailUrl":"https:\/\/www.gold.fr\/news\/wp-content\/uploads\/2011\/12\/lingot-or-11-e1322899319662.jpg","keywords":["Or","Tout Cours de l'Or","zone euro"],"articleSection":["Articles de presse"],"inLanguage":"fr-FR"},{"@type":"WebPage","@id":"https:\/\/www.gold.fr\/news\/2011\/12\/03\/crise-en-zone-euro-lissue-profitera-a-lor\/","url":"https:\/\/www.gold.fr\/news\/2011\/12\/03\/crise-en-zone-euro-lissue-profitera-a-lor\/","name":"Crise en zone euro \u2013 L\u2019issue profitera \u00e0 l\u2019or - Gold.fr","isPartOf":{"@id":"https:\/\/www.gold.fr\/news\/#website"},"primaryImageOfPage":{"@id":"https:\/\/www.gold.fr\/news\/2011\/12\/03\/crise-en-zone-euro-lissue-profitera-a-lor\/#primaryimage"},"image":{"@id":"https:\/\/www.gold.fr\/news\/2011\/12\/03\/crise-en-zone-euro-lissue-profitera-a-lor\/#primaryimage"},"thumbnailUrl":"https:\/\/www.gold.fr\/news\/wp-content\/uploads\/2011\/12\/lingot-or-11-e1322899319662.jpg","datePublished":"2011-12-03T08:03:00+00:00","dateModified":"2017-11-02T10:36:58+00:00","author":{"@id":"https:\/\/www.gold.fr\/news\/#\/schema\/person\/070491b4b4fb7671bf59b3be20302ce9"},"breadcrumb":{"@id":"https:\/\/www.gold.fr\/news\/2011\/12\/03\/crise-en-zone-euro-lissue-profitera-a-lor\/#breadcrumb"},"inLanguage":"fr-FR","potentialAction":[{"@type":"ReadAction","target":["https:\/\/www.gold.fr\/news\/2011\/12\/03\/crise-en-zone-euro-lissue-profitera-a-lor\/"]}]},{"@type":"ImageObject","inLanguage":"fr-FR","@id":"https:\/\/www.gold.fr\/news\/2011\/12\/03\/crise-en-zone-euro-lissue-profitera-a-lor\/#primaryimage","url":"https:\/\/www.gold.fr\/news\/wp-content\/uploads\/2011\/12\/lingot-or-11-e1322899319662.jpg","contentUrl":"https:\/\/www.gold.fr\/news\/wp-content\/uploads\/2011\/12\/lingot-or-11-e1322899319662.jpg","width":"605","height":"430","caption":"lingot-or-11"},{"@type":"BreadcrumbList","@id":"https:\/\/www.gold.fr\/news\/2011\/12\/03\/crise-en-zone-euro-lissue-profitera-a-lor\/#breadcrumb","itemListElement":[{"@type":"ListItem","position":1,"name":"Accueil","item":"https:\/\/www.gold.fr\/"},{"@type":"ListItem","position":2,"name":"Actualit\u00e9s","item":"https:\/\/www.gold.fr\/news\/"},{"@type":"ListItem","position":3,"name":"Crise en zone euro \u2013 L\u2019issue profitera \u00e0 l\u2019or"}]},{"@type":"WebSite","@id":"https:\/\/www.gold.fr\/news\/#website","url":"https:\/\/www.gold.fr\/news\/","name":"Gold.fr","description":"Actualit\u00e9s de l&#039;Or et des m\u00e9taux pr\u00e9cieux","potentialAction":[{"@type":"SearchAction","target":{"@type":"EntryPoint","urlTemplate":"https:\/\/www.gold.fr\/news\/?s={search_term_string}"},"query-input":{"@type":"PropertyValueSpecification","valueRequired":true,"valueName":"search_term_string"}}],"inLanguage":"fr-FR"},{"@type":"Person","@id":"https:\/\/www.gold.fr\/news\/#\/schema\/person\/070491b4b4fb7671bf59b3be20302ce9","name":"Comptoir National de l'Or","image":{"@type":"ImageObject","inLanguage":"fr-FR","@id":"https:\/\/secure.gravatar.com\/avatar\/0a2867fd5abe37bed95d5a65e9d58f01756e11efc68af9888dfc50cfa7f65948?s=96&d=mm&r=gb490554db0a38188709de567aa58480d","url":"https:\/\/secure.gravatar.com\/avatar\/0a2867fd5abe37bed95d5a65e9d58f01756e11efc68af9888dfc50cfa7f65948?s=96&d=mm&r=g","contentUrl":"https:\/\/secure.gravatar.com\/avatar\/0a2867fd5abe37bed95d5a65e9d58f01756e11efc68af9888dfc50cfa7f65948?s=96&d=mm&r=g","caption":"Comptoir National de l'Or"},"description":"Notre r\u00e9daction est constitu\u00e9e de membres experts dans les m\u00e9tiers de l'\u00e9conomie et la gestion, des Responsables d'agence Comptoir National de l'Or, des analystes financiers qui publient r\u00e9guli\u00e8rement des \u00e9tudes sur les politiques des banques centrales, le cours de l'or, prix de l'or, cours de l'argent, prix de l'argent, cours du platine, cours du palladium,... la situation en zone euro et l'impact de la strat\u00e9gie mon\u00e9taire de la FED. Notre \u00e9quipe scrute \u00e9galement une information plus g\u00e9n\u00e9raliste \u00e0 la recherche d'actualit\u00e9 \"p\u00e9pite\" \u00e0 vous partager. Depuis 5 ans, nous avons publi\u00e9 un peu plus de 4000 articles qui s'adressent \u00e0 un public large et vari\u00e9 ayant pour objectif de satisfaire votre curiosit\u00e9 et de partager avec vous une certaine fascination pour le m\u00e9tal jaune, le rachat d'or, et pour ceux qui veulent investir dans l'or, vendre leur or tout simplement en savoir plus... Pour tous vos achat or et argent, n'h\u00e9sitez pas \u00e0 prendre rendez-vous dans l'un de nos nombreux comptoirs.","sameAs":["https:\/\/www.gold.fr"]}]}},"authors":[{"term_id":2565,"user_id":18,"is_guest":0,"slug":"julie","display_name":"Comptoir National de l'Or","avatar_url":"https:\/\/secure.gravatar.com\/avatar\/713f289e398d35ead876c4a4cc08607f0d6d266058cfc25683fffb6092d0e572?s=96&d=mm&r=g","0":null,"1":"","2":"","3":"","4":"","5":"","6":"","7":"","8":""}],"_links":{"self":[{"href":"https:\/\/www.gold.fr\/news\/wp-json\/wp\/v2\/posts\/4195","targetHints":{"allow":["GET"]}}],"collection":[{"href":"https:\/\/www.gold.fr\/news\/wp-json\/wp\/v2\/posts"}],"about":[{"href":"https:\/\/www.gold.fr\/news\/wp-json\/wp\/v2\/types\/post"}],"author":[{"embeddable":true,"href":"https:\/\/www.gold.fr\/news\/wp-json\/wp\/v2\/users\/18"}],"replies":[{"embeddable":true,"href":"https:\/\/www.gold.fr\/news\/wp-json\/wp\/v2\/comments?post=4195"}],"version-history":[{"count":0,"href":"https:\/\/www.gold.fr\/news\/wp-json\/wp\/v2\/posts\/4195\/revisions"}],"wp:featuredmedia":[{"embeddable":true,"href":"https:\/\/www.gold.fr\/news\/wp-json\/wp\/v2\/media\/4197"}],"wp:attachment":[{"href":"https:\/\/www.gold.fr\/news\/wp-json\/wp\/v2\/media?parent=4195"}],"wp:term":[{"taxonomy":"category","embeddable":true,"href":"https:\/\/www.gold.fr\/news\/wp-json\/wp\/v2\/categories?post=4195"},{"taxonomy":"post_tag","embeddable":true,"href":"https:\/\/www.gold.fr\/news\/wp-json\/wp\/v2\/tags?post=4195"},{"taxonomy":"author","embeddable":true,"href":"https:\/\/www.gold.fr\/news\/wp-json\/wp\/v2\/ppma_author?post=4195"}],"curies":[{"name":"wp","href":"https:\/\/api.w.org\/{rel}","templated":true}]}}