{"id":4105,"date":"2011-12-01T12:00:25","date_gmt":"2011-12-01T11:00:25","guid":{"rendered":"http:\/\/news.gold.fr\/?p=4105"},"modified":"2020-06-25T13:36:45","modified_gmt":"2020-06-25T11:36:45","slug":"lor-a-nouveau-booste-par-la-crise","status":"publish","type":"post","link":"https:\/\/www.gold.fr\/news\/2011\/12\/01\/lor-a-nouveau-booste-par-la-crise\/","title":{"rendered":"L\u2019or \u00e0 nouveau boost\u00e9 par la crise"},"content":{"rendered":"<p style=\"text-align: justify;\"><span style=\"font-family: verdana, geneva;\"><img loading=\"lazy\" decoding=\"async\" class=\"alignleft size-thumbnail wp-image-4112\" style=\"float: left; margin: 5px; border: 1px solid black;\" title=\"Or croissance\" src=\"http:\/\/news.gold.fr\/wp-content\/uploads\/2011\/12\/81156781-150x150.jpg\" alt=\"\" width=\"150\" height=\"150\" \/><span style=\"font-size: small;\">Le dernier \u00ab petit \u00bb exploit de l&rsquo;<strong><a class=\"esk-seo-plu-link\" href=\"https:\/\/www.gold.fr\/news\/tags\/or\">or<\/a><\/strong> date du 8 novembre dernier. Avant cela, il faut remonter jusqu&rsquo;au mois de septembre. Andrey Kryuchenkov, analyste chez VTB Capital, y voit une r\u00e9action normale de repli \u00ab sous le poids des prises de b\u00e9n\u00e9fices, dans un contexte de repli g\u00e9n\u00e9ral sur le <strong>march\u00e9 des m\u00e9taux pr\u00e9cieux<\/strong> \u00bb. Bref ! L&rsquo;automne s&rsquo;est montr\u00e9 mitig\u00e9 pour le fin m\u00e9tal. Mais la tendance semble s&rsquo;\u00eatre enfin invers\u00e9e depuis quelques jours.<\/span><\/span><\/p>\n<p style=\"text-align: justify;\"><span style=\"font-family: verdana, geneva; font-size: small;\">Ce rebond s&rsquo;explique essentiellement par l&rsquo;afflux d&rsquo;investisseurs en qu\u00eate de <a href=\"http:\/\/news.gold.fr\/2011\/11\/22\/la-panique-des-banques-profite-a-l%E2%80%99or\/3925\/\" target=\"_blank\" rel=\"noopener noreferrer\">s\u00e9curit\u00e9<\/a> face aux inqui\u00e9tudes grandissantes de l&rsquo;expansion de la crise de la dette dans toute la zone euro. Boud\u00e9 pour un temps par les investisseurs paniqu\u00e9s qui avaient fui tous les actifs dans leur globalit\u00e9, l&rsquo;<strong><a class=\"esk-seo-plu-link\" href=\"https:\/\/www.gold.fr\/news\/tags\/or\">or<\/a><\/strong> retrouve ainsi ses galons de <strong><a href=\"http:\/\/news.gold.fr\/2011\/11\/04\/19eme-siecle-%E2%80%93-l%E2%80%99or-est-deja-une-valeur-de-confiance\/3389\/\" target=\"_blank\" rel=\"noopener noreferrer\">valeur refuge ultime<\/a><\/strong>.<\/span><\/p>\n<p style=\"text-align: justify;\"><span style=\"font-family: verdana, geneva; font-size: small;\">De plus, les analystes ne voient aujourd&rsquo;hui aucune solution durable se profiler \u00e0 l&rsquo;horizon. Un \u00e9tat de fait qui semble b\u00e9n\u00e9ficier \u00e0 l&rsquo;<strong><a class=\"esk-seo-plu-link\" href=\"https:\/\/www.gold.fr\/news\/tags\/or\">or<\/a><\/strong> dont la demande mondiale a connu (au troisi\u00e8me trimestre 2011) un rebond consid\u00e9rable de plus de 11% (compar\u00e9 au deuxi\u00e8me trimestre). Une progression qui s&rsquo;appuie essentiellement sur l&rsquo;app\u00e9tit renouvel\u00e9 des investisseurs sp\u00e9culatifs et banques centrales m\u00e9fiantes, dans un contexte de reprise \u00e9conomique internationale pour le moins stagnante.<\/span><\/p>\n<!-- AddThis Advanced Settings generic via filter on the_content --><!-- AddThis Share Buttons generic via filter on the_content -->","protected":false},"excerpt":{"rendered":"<p>Le dernier \u00ab petit \u00bb exploit de l&rsquo;or date du 8 novembre dernier. Avant cela, il faut remonter jusqu&rsquo;au mois de septembre. Andrey Kryuchenkov, analyste chez VTB Capital, y voit une r\u00e9action normale de repli \u00ab [&hellip;]<\/p>\n","protected":false},"author":11,"featured_media":4112,"comment_status":"closed","ping_status":"closed","sticky":false,"template":"","format":"standard","meta":{"_mbp_gutenberg_autopost":false,"_pgmb_is_evergreen":false,"_pgmb_ap_template_id":0,"footnotes":""},"categories":[6],"tags":[131,130,95,76],"ppma_author":[2562],"class_list":["post-4105","post","type-post","status-publish","format-standard","has-post-thumbnail","hentry","category-articles-de-presse","tag-crise-de-la-dette","tag-crise-economique","tag-marche-de-lor","tag-or"],"yoast_head":"<!-- This site is optimized with the Yoast SEO plugin v27.5 - https:\/\/yoast.com\/product\/yoast-seo-wordpress\/ -->\n<title>L\u2019or \u00e0 nouveau boost\u00e9 par la crise - Gold.fr<\/title>\n<meta name=\"description\" content=\"Le dernier \u00ab petit \u00bb exploit de l\u2019or date du 8 novembre dernier. Andrey Kryuchenkov, analyste y voit une r\u00e9action normale de repli\" \/>\n<meta name=\"robots\" content=\"index, follow, max-snippet:-1, max-image-preview:large, max-video-preview:-1\" \/>\n<link rel=\"canonical\" href=\"https:\/\/www.gold.fr\/news\/2011\/12\/01\/lor-a-nouveau-booste-par-la-crise\/\" \/>\n<meta property=\"og:locale\" content=\"fr_FR\" \/>\n<meta property=\"og:type\" content=\"article\" \/>\n<meta property=\"og:title\" content=\"L\u2019or \u00e0 nouveau boost\u00e9 par la crise - Gold.fr\" \/>\n<meta property=\"og:description\" content=\"Le dernier \u00ab petit \u00bb exploit de l\u2019or date du 8 novembre dernier. Andrey Kryuchenkov, analyste y voit une r\u00e9action normale de repli\" \/>\n<meta property=\"og:url\" content=\"https:\/\/www.gold.fr\/news\/2011\/12\/01\/lor-a-nouveau-booste-par-la-crise\/\" \/>\n<meta property=\"og:site_name\" content=\"Gold.fr\" \/>\n<meta property=\"article:publisher\" content=\"https:\/\/www.facebook.com\/Goldfr\/\" \/>\n<meta property=\"article:published_time\" content=\"2011-12-01T11:00:25+00:00\" \/>\n<meta property=\"article:modified_time\" content=\"2020-06-25T11:36:45+00:00\" \/>\n<meta property=\"og:image\" content=\"https:\/\/www.gold.fr\/news\/wp-content\/uploads\/2011\/12\/81156781.jpg\" \/>\n\t<meta property=\"og:image:width\" content=\"600\" \/>\n\t<meta property=\"og:image:height\" content=\"400\" \/>\n\t<meta property=\"og:image:type\" content=\"image\/jpeg\" \/>\n<meta name=\"author\" content=\"Anthony\" \/>\n<meta name=\"twitter:card\" content=\"summary_large_image\" \/>\n<meta name=\"twitter:label1\" content=\"\u00c9crit par\" \/>\n\t<meta name=\"twitter:data1\" content=\"Anthony\" \/>\n\t<meta name=\"twitter:label2\" content=\"Dur\u00e9e de lecture estim\u00e9e\" \/>\n\t<meta name=\"twitter:data2\" content=\"1 minute\" \/>\n<script type=\"application\/ld+json\" class=\"yoast-schema-graph\">{\"@context\":\"https:\\\/\\\/schema.org\",\"@graph\":[{\"@type\":\"Article\",\"@id\":\"https:\\\/\\\/www.gold.fr\\\/news\\\/2011\\\/12\\\/01\\\/lor-a-nouveau-booste-par-la-crise\\\/#article\",\"isPartOf\":{\"@id\":\"https:\\\/\\\/www.gold.fr\\\/news\\\/2011\\\/12\\\/01\\\/lor-a-nouveau-booste-par-la-crise\\\/\"},\"author\":{\"name\":\"Anthony\",\"@id\":\"https:\\\/\\\/www.gold.fr\\\/news\\\/#\\\/schema\\\/person\\\/feb6458ffd7bceeeb4e228398c34fbe5\"},\"headline\":\"L\u2019or \u00e0 nouveau boost\u00e9 par la crise\",\"datePublished\":\"2011-12-01T11:00:25+00:00\",\"dateModified\":\"2020-06-25T11:36:45+00:00\",\"mainEntityOfPage\":{\"@id\":\"https:\\\/\\\/www.gold.fr\\\/news\\\/2011\\\/12\\\/01\\\/lor-a-nouveau-booste-par-la-crise\\\/\"},\"wordCount\":233,\"image\":{\"@id\":\"https:\\\/\\\/www.gold.fr\\\/news\\\/2011\\\/12\\\/01\\\/lor-a-nouveau-booste-par-la-crise\\\/#primaryimage\"},\"thumbnailUrl\":\"https:\\\/\\\/www.gold.fr\\\/news\\\/wp-content\\\/uploads\\\/2011\\\/12\\\/81156781.jpg\",\"keywords\":[\"crise de la dette\",\"crise \u00e9conomique\",\"march\u00e9 de l'or\",\"Or\"],\"articleSection\":[\"Articles de presse\"],\"inLanguage\":\"fr-FR\"},{\"@type\":\"WebPage\",\"@id\":\"https:\\\/\\\/www.gold.fr\\\/news\\\/2011\\\/12\\\/01\\\/lor-a-nouveau-booste-par-la-crise\\\/\",\"url\":\"https:\\\/\\\/www.gold.fr\\\/news\\\/2011\\\/12\\\/01\\\/lor-a-nouveau-booste-par-la-crise\\\/\",\"name\":\"L\u2019or \u00e0 nouveau boost\u00e9 par la crise - Gold.fr\",\"isPartOf\":{\"@id\":\"https:\\\/\\\/www.gold.fr\\\/news\\\/#website\"},\"primaryImageOfPage\":{\"@id\":\"https:\\\/\\\/www.gold.fr\\\/news\\\/2011\\\/12\\\/01\\\/lor-a-nouveau-booste-par-la-crise\\\/#primaryimage\"},\"image\":{\"@id\":\"https:\\\/\\\/www.gold.fr\\\/news\\\/2011\\\/12\\\/01\\\/lor-a-nouveau-booste-par-la-crise\\\/#primaryimage\"},\"thumbnailUrl\":\"https:\\\/\\\/www.gold.fr\\\/news\\\/wp-content\\\/uploads\\\/2011\\\/12\\\/81156781.jpg\",\"datePublished\":\"2011-12-01T11:00:25+00:00\",\"dateModified\":\"2020-06-25T11:36:45+00:00\",\"author\":{\"@id\":\"https:\\\/\\\/www.gold.fr\\\/news\\\/#\\\/schema\\\/person\\\/feb6458ffd7bceeeb4e228398c34fbe5\"},\"description\":\"Le dernier \u00ab petit \u00bb exploit de l\u2019or date du 8 novembre dernier. Andrey Kryuchenkov, analyste y voit une r\u00e9action normale de repli\",\"breadcrumb\":{\"@id\":\"https:\\\/\\\/www.gold.fr\\\/news\\\/2011\\\/12\\\/01\\\/lor-a-nouveau-booste-par-la-crise\\\/#breadcrumb\"},\"inLanguage\":\"fr-FR\",\"potentialAction\":[{\"@type\":\"ReadAction\",\"target\":[\"https:\\\/\\\/www.gold.fr\\\/news\\\/2011\\\/12\\\/01\\\/lor-a-nouveau-booste-par-la-crise\\\/\"]}]},{\"@type\":\"ImageObject\",\"inLanguage\":\"fr-FR\",\"@id\":\"https:\\\/\\\/www.gold.fr\\\/news\\\/2011\\\/12\\\/01\\\/lor-a-nouveau-booste-par-la-crise\\\/#primaryimage\",\"url\":\"https:\\\/\\\/www.gold.fr\\\/news\\\/wp-content\\\/uploads\\\/2011\\\/12\\\/81156781.jpg\",\"contentUrl\":\"https:\\\/\\\/www.gold.fr\\\/news\\\/wp-content\\\/uploads\\\/2011\\\/12\\\/81156781.jpg\",\"width\":\"600\",\"height\":\"400\",\"caption\":\"Or croissance\"},{\"@type\":\"BreadcrumbList\",\"@id\":\"https:\\\/\\\/www.gold.fr\\\/news\\\/2011\\\/12\\\/01\\\/lor-a-nouveau-booste-par-la-crise\\\/#breadcrumb\",\"itemListElement\":[{\"@type\":\"ListItem\",\"position\":1,\"name\":\"Accueil\",\"item\":\"https:\\\/\\\/www.gold.fr\\\/\"},{\"@type\":\"ListItem\",\"position\":2,\"name\":\"Actualit\u00e9s\",\"item\":\"https:\\\/\\\/www.gold.fr\\\/news\\\/\"},{\"@type\":\"ListItem\",\"position\":3,\"name\":\"L\u2019or \u00e0 nouveau boost\u00e9 par la crise\"}]},{\"@type\":\"WebSite\",\"@id\":\"https:\\\/\\\/www.gold.fr\\\/news\\\/#website\",\"url\":\"https:\\\/\\\/www.gold.fr\\\/news\\\/\",\"name\":\"Gold.fr\",\"description\":\"Actualit\u00e9s de l&#039;Or et des m\u00e9taux pr\u00e9cieux\",\"potentialAction\":[{\"@type\":\"SearchAction\",\"target\":{\"@type\":\"EntryPoint\",\"urlTemplate\":\"https:\\\/\\\/www.gold.fr\\\/news\\\/?s={search_term_string}\"},\"query-input\":{\"@type\":\"PropertyValueSpecification\",\"valueRequired\":true,\"valueName\":\"search_term_string\"}}],\"inLanguage\":\"fr-FR\"},{\"@type\":\"Person\",\"@id\":\"https:\\\/\\\/www.gold.fr\\\/news\\\/#\\\/schema\\\/person\\\/feb6458ffd7bceeeb4e228398c34fbe5\",\"name\":\"Anthony\",\"image\":{\"@type\":\"ImageObject\",\"inLanguage\":\"fr-FR\",\"@id\":\"https:\\\/\\\/secure.gravatar.com\\\/avatar\\\/19974f7c75da5f0b217374f3a37eb05031e41aaad4ceb3fe17ada2ab3daf6b95?s=96&d=mm&r=gbc5324aff3d366843e00df00c899c1a8\",\"url\":\"https:\\\/\\\/secure.gravatar.com\\\/avatar\\\/19974f7c75da5f0b217374f3a37eb05031e41aaad4ceb3fe17ada2ab3daf6b95?s=96&d=mm&r=g\",\"contentUrl\":\"https:\\\/\\\/secure.gravatar.com\\\/avatar\\\/19974f7c75da5f0b217374f3a37eb05031e41aaad4ceb3fe17ada2ab3daf6b95?s=96&d=mm&r=g\",\"caption\":\"Anthony\"},\"description\":\"Notre r\u00e9daction est constitu\u00e9e de membres experts dans les m\u00e9tiers de l'\u00e9conomie et la gestion, des Responsables d'agence Comptoir National de l'Or, des analystes financiers qui publient r\u00e9guli\u00e8rement des \u00e9tudes sur les politiques des banques centrales, le cours de l'or, le cours de l'argent, cours du platine, cours du palladium... la situation en zone euro et l'impact de la strat\u00e9gie mon\u00e9taire de la FED. Notre \u00e9quipe scrute \u00e9galement une information plus g\u00e9n\u00e9raliste \u00e0 la recherche d'actualit\u00e9 \\\"p\u00e9pite\\\" \u00e0 vous partager. Depuis 5 ans, nous avons publi\u00e9 un peu plus de 4000 articles qui s'adressent \u00e0 un public large et vari\u00e9 ayant pour objectif de satisfaire votre curiosit\u00e9 et de partager avec vous une certaine fascination pour le m\u00e9tal jaune, pour ceux qui veulent investir dans l'or, vendre leur or tout simplement en savoir plus...\",\"sameAs\":[\"https:\\\/\\\/www.gold.fr\\\/news\"]}]}<\/script>\n<!-- \/ Yoast SEO plugin. -->","yoast_head_json":{"title":"L\u2019or \u00e0 nouveau boost\u00e9 par la crise - Gold.fr","description":"Le dernier \u00ab petit \u00bb exploit de l\u2019or date du 8 novembre dernier. Andrey Kryuchenkov, analyste y voit une r\u00e9action normale de repli","robots":{"index":"index","follow":"follow","max-snippet":"max-snippet:-1","max-image-preview":"max-image-preview:large","max-video-preview":"max-video-preview:-1"},"canonical":"https:\/\/www.gold.fr\/news\/2011\/12\/01\/lor-a-nouveau-booste-par-la-crise\/","og_locale":"fr_FR","og_type":"article","og_title":"L\u2019or \u00e0 nouveau boost\u00e9 par la crise - Gold.fr","og_description":"Le dernier \u00ab petit \u00bb exploit de l\u2019or date du 8 novembre dernier. Andrey Kryuchenkov, analyste y voit une r\u00e9action normale de repli","og_url":"https:\/\/www.gold.fr\/news\/2011\/12\/01\/lor-a-nouveau-booste-par-la-crise\/","og_site_name":"Gold.fr","article_publisher":"https:\/\/www.facebook.com\/Goldfr\/","article_published_time":"2011-12-01T11:00:25+00:00","article_modified_time":"2020-06-25T11:36:45+00:00","og_image":[{"width":600,"height":400,"url":"https:\/\/www.gold.fr\/news\/wp-content\/uploads\/2011\/12\/81156781.jpg","type":"image\/jpeg"}],"author":"Anthony","twitter_card":"summary_large_image","twitter_misc":{"\u00c9crit par":"Anthony","Dur\u00e9e de lecture estim\u00e9e":"1 minute"},"schema":{"@context":"https:\/\/schema.org","@graph":[{"@type":"Article","@id":"https:\/\/www.gold.fr\/news\/2011\/12\/01\/lor-a-nouveau-booste-par-la-crise\/#article","isPartOf":{"@id":"https:\/\/www.gold.fr\/news\/2011\/12\/01\/lor-a-nouveau-booste-par-la-crise\/"},"author":{"name":"Anthony","@id":"https:\/\/www.gold.fr\/news\/#\/schema\/person\/feb6458ffd7bceeeb4e228398c34fbe5"},"headline":"L\u2019or \u00e0 nouveau boost\u00e9 par la crise","datePublished":"2011-12-01T11:00:25+00:00","dateModified":"2020-06-25T11:36:45+00:00","mainEntityOfPage":{"@id":"https:\/\/www.gold.fr\/news\/2011\/12\/01\/lor-a-nouveau-booste-par-la-crise\/"},"wordCount":233,"image":{"@id":"https:\/\/www.gold.fr\/news\/2011\/12\/01\/lor-a-nouveau-booste-par-la-crise\/#primaryimage"},"thumbnailUrl":"https:\/\/www.gold.fr\/news\/wp-content\/uploads\/2011\/12\/81156781.jpg","keywords":["crise de la dette","crise \u00e9conomique","march\u00e9 de l'or","Or"],"articleSection":["Articles de presse"],"inLanguage":"fr-FR"},{"@type":"WebPage","@id":"https:\/\/www.gold.fr\/news\/2011\/12\/01\/lor-a-nouveau-booste-par-la-crise\/","url":"https:\/\/www.gold.fr\/news\/2011\/12\/01\/lor-a-nouveau-booste-par-la-crise\/","name":"L\u2019or \u00e0 nouveau boost\u00e9 par la crise - Gold.fr","isPartOf":{"@id":"https:\/\/www.gold.fr\/news\/#website"},"primaryImageOfPage":{"@id":"https:\/\/www.gold.fr\/news\/2011\/12\/01\/lor-a-nouveau-booste-par-la-crise\/#primaryimage"},"image":{"@id":"https:\/\/www.gold.fr\/news\/2011\/12\/01\/lor-a-nouveau-booste-par-la-crise\/#primaryimage"},"thumbnailUrl":"https:\/\/www.gold.fr\/news\/wp-content\/uploads\/2011\/12\/81156781.jpg","datePublished":"2011-12-01T11:00:25+00:00","dateModified":"2020-06-25T11:36:45+00:00","author":{"@id":"https:\/\/www.gold.fr\/news\/#\/schema\/person\/feb6458ffd7bceeeb4e228398c34fbe5"},"description":"Le dernier \u00ab petit \u00bb exploit de l\u2019or date du 8 novembre dernier. Andrey Kryuchenkov, analyste y voit une r\u00e9action normale de repli","breadcrumb":{"@id":"https:\/\/www.gold.fr\/news\/2011\/12\/01\/lor-a-nouveau-booste-par-la-crise\/#breadcrumb"},"inLanguage":"fr-FR","potentialAction":[{"@type":"ReadAction","target":["https:\/\/www.gold.fr\/news\/2011\/12\/01\/lor-a-nouveau-booste-par-la-crise\/"]}]},{"@type":"ImageObject","inLanguage":"fr-FR","@id":"https:\/\/www.gold.fr\/news\/2011\/12\/01\/lor-a-nouveau-booste-par-la-crise\/#primaryimage","url":"https:\/\/www.gold.fr\/news\/wp-content\/uploads\/2011\/12\/81156781.jpg","contentUrl":"https:\/\/www.gold.fr\/news\/wp-content\/uploads\/2011\/12\/81156781.jpg","width":"600","height":"400","caption":"Or croissance"},{"@type":"BreadcrumbList","@id":"https:\/\/www.gold.fr\/news\/2011\/12\/01\/lor-a-nouveau-booste-par-la-crise\/#breadcrumb","itemListElement":[{"@type":"ListItem","position":1,"name":"Accueil","item":"https:\/\/www.gold.fr\/"},{"@type":"ListItem","position":2,"name":"Actualit\u00e9s","item":"https:\/\/www.gold.fr\/news\/"},{"@type":"ListItem","position":3,"name":"L\u2019or \u00e0 nouveau boost\u00e9 par la crise"}]},{"@type":"WebSite","@id":"https:\/\/www.gold.fr\/news\/#website","url":"https:\/\/www.gold.fr\/news\/","name":"Gold.fr","description":"Actualit\u00e9s de l&#039;Or et des m\u00e9taux pr\u00e9cieux","potentialAction":[{"@type":"SearchAction","target":{"@type":"EntryPoint","urlTemplate":"https:\/\/www.gold.fr\/news\/?s={search_term_string}"},"query-input":{"@type":"PropertyValueSpecification","valueRequired":true,"valueName":"search_term_string"}}],"inLanguage":"fr-FR"},{"@type":"Person","@id":"https:\/\/www.gold.fr\/news\/#\/schema\/person\/feb6458ffd7bceeeb4e228398c34fbe5","name":"Anthony","image":{"@type":"ImageObject","inLanguage":"fr-FR","@id":"https:\/\/secure.gravatar.com\/avatar\/19974f7c75da5f0b217374f3a37eb05031e41aaad4ceb3fe17ada2ab3daf6b95?s=96&d=mm&r=gbc5324aff3d366843e00df00c899c1a8","url":"https:\/\/secure.gravatar.com\/avatar\/19974f7c75da5f0b217374f3a37eb05031e41aaad4ceb3fe17ada2ab3daf6b95?s=96&d=mm&r=g","contentUrl":"https:\/\/secure.gravatar.com\/avatar\/19974f7c75da5f0b217374f3a37eb05031e41aaad4ceb3fe17ada2ab3daf6b95?s=96&d=mm&r=g","caption":"Anthony"},"description":"Notre r\u00e9daction est constitu\u00e9e de membres experts dans les m\u00e9tiers de l'\u00e9conomie et la gestion, des Responsables d'agence Comptoir National de l'Or, des analystes financiers qui publient r\u00e9guli\u00e8rement des \u00e9tudes sur les politiques des banques centrales, le cours de l'or, le cours de l'argent, cours du platine, cours du palladium... la situation en zone euro et l'impact de la strat\u00e9gie mon\u00e9taire de la FED. Notre \u00e9quipe scrute \u00e9galement une information plus g\u00e9n\u00e9raliste \u00e0 la recherche d'actualit\u00e9 \"p\u00e9pite\" \u00e0 vous partager. Depuis 5 ans, nous avons publi\u00e9 un peu plus de 4000 articles qui s'adressent \u00e0 un public large et vari\u00e9 ayant pour objectif de satisfaire votre curiosit\u00e9 et de partager avec vous une certaine fascination pour le m\u00e9tal jaune, pour ceux qui veulent investir dans l'or, vendre leur or tout simplement en savoir plus...","sameAs":["https:\/\/www.gold.fr\/news"]}]}},"authors":[{"term_id":2562,"user_id":11,"is_guest":0,"slug":"anthony","display_name":"Anthony","avatar_url":"https:\/\/secure.gravatar.com\/avatar\/19974f7c75da5f0b217374f3a37eb05031e41aaad4ceb3fe17ada2ab3daf6b95?s=96&d=mm&r=g","0":null,"1":"","2":"","3":"","4":"","5":"","6":"","7":"","8":""}],"_links":{"self":[{"href":"https:\/\/www.gold.fr\/news\/wp-json\/wp\/v2\/posts\/4105","targetHints":{"allow":["GET"]}}],"collection":[{"href":"https:\/\/www.gold.fr\/news\/wp-json\/wp\/v2\/posts"}],"about":[{"href":"https:\/\/www.gold.fr\/news\/wp-json\/wp\/v2\/types\/post"}],"author":[{"embeddable":true,"href":"https:\/\/www.gold.fr\/news\/wp-json\/wp\/v2\/users\/11"}],"replies":[{"embeddable":true,"href":"https:\/\/www.gold.fr\/news\/wp-json\/wp\/v2\/comments?post=4105"}],"version-history":[{"count":0,"href":"https:\/\/www.gold.fr\/news\/wp-json\/wp\/v2\/posts\/4105\/revisions"}],"wp:featuredmedia":[{"embeddable":true,"href":"https:\/\/www.gold.fr\/news\/wp-json\/wp\/v2\/media\/4112"}],"wp:attachment":[{"href":"https:\/\/www.gold.fr\/news\/wp-json\/wp\/v2\/media?parent=4105"}],"wp:term":[{"taxonomy":"category","embeddable":true,"href":"https:\/\/www.gold.fr\/news\/wp-json\/wp\/v2\/categories?post=4105"},{"taxonomy":"post_tag","embeddable":true,"href":"https:\/\/www.gold.fr\/news\/wp-json\/wp\/v2\/tags?post=4105"},{"taxonomy":"author","embeddable":true,"href":"https:\/\/www.gold.fr\/news\/wp-json\/wp\/v2\/ppma_author?post=4105"}],"curies":[{"name":"wp","href":"https:\/\/api.w.org\/{rel}","templated":true}]}}