{"id":4084,"date":"2011-12-01T09:00:20","date_gmt":"2011-12-01T08:00:20","guid":{"rendered":"http:\/\/news.gold.fr\/?p=4084"},"modified":"2020-06-29T16:46:01","modified_gmt":"2020-06-29T14:46:01","slug":"rapport-du-cmo-conclusions-generales","status":"publish","type":"post","link":"https:\/\/www.gold.fr\/news\/2011\/12\/01\/rapport-du-cmo-conclusions-generales\/","title":{"rendered":"Rapport du CMO \u2013 Conclusions g\u00e9n\u00e9rales"},"content":{"rendered":"<p style=\"text-align: justify;\"><span style=\"font-size: small;\"><strong><img loading=\"lazy\" decoding=\"async\" class=\"alignleft size-thumbnail wp-image-4089\" style=\"float: left; margin: 5px; border: 1px solid black;\" title=\"Demande mondiale d'or\" src=\"http:\/\/news.gold.fr\/wp-content\/uploads\/2011\/12\/86196467-150x150.jpg\" alt=\"\" width=\"150\" height=\"150\" \/><span style=\"font-family: verdana, geneva;\">Le conseil mondial de l&rsquo;<a class=\"esk-seo-plu-link\" href=\"https:\/\/www.gold.fr\/news\/tags\/or\">or<\/a><\/span><\/strong><span style=\"font-family: verdana, geneva;\"> (organisme international officiel incluant les groupes miniers les plus importants \u00e0 l&rsquo;\u00e9chelle mondiale) vient de publier ses derni\u00e8res statistiques (sur la p\u00e9riode du troisi\u00e8me trimestre 2011) relatives au <strong><a href=\"https:\/\/www.gold.fr\/cours-prix-de-l-or\/\" target=\"_blank\" rel=\"noopener noreferrer\">march\u00e9 de l&rsquo;or<\/a><\/strong>. Les conclusions de l&rsquo;\u00e9tude confirment la position solide de l&rsquo;<strong><a class=\"esk-seo-plu-link\" href=\"https:\/\/www.gold.fr\/news\/tags\/or\">or<\/a><\/strong>, mais passent \u00e9galement en revue les facteurs de hausse.<\/span><\/span><\/p>\n<p style=\"text-align: justify;\"><span style=\"font-size: small; font-family: verdana, geneva;\">Sur la p\u00e9riode de r\u00e9f\u00e9rence, la <strong>demande mondiale globale d&rsquo;<a class=\"esk-seo-plu-link\" href=\"https:\/\/www.gold.fr\/news\/tags\/or\">or<\/a><\/strong> a \u00e9volu\u00e9 de <strong>6%<\/strong> (un total de 1.053,9 tonnes) par rapport \u00e0 la m\u00eame p\u00e9riode en 2010. L&rsquo;<strong>offre<\/strong>, quant \u00e0 elle, augmente uniquement de <strong>2%<\/strong> (un volume accumul\u00e9 de 1.034,4 tonnes). Le conseil mondial de l&rsquo;<strong><a class=\"esk-seo-plu-link\" href=\"https:\/\/www.gold.fr\/news\/tags\/or\">or<\/a><\/strong> affirme que \u00ab cette hausse \u00e9tait tir\u00e9e par la demande d&rsquo;investissement qui d\u00e9colle de 33% \u00e0 468,1 tonnes \u00bb.<\/span><\/p>\n<p style=\"text-align: justify;\"><span style=\"font-size: small; font-family: verdana, geneva;\">Deux \u00ab facteurs \u00bb r\u00e9currents sont \u00e0 l&rsquo;origine de la hausse en 2011. Tout d&rsquo;abord, la demande chinoise de <a class=\"esk-seo-plu-link\" href=\"https:\/\/www.gold.fr\/news\/tags\/bijoux-or\">bijouterie<\/a> qui affiche toujours un app\u00e9tit vorace, gagnant cette ann\u00e9e 13%, \u00e0 131 tonnes. Cette \u00e9volution compense ainsi la baisse de 26% encaiss\u00e9e par l&rsquo;Inde (\u00e0 125,3 tonnes). Notons que, selon le CMO, ce recul n&rsquo;a pas emp\u00each\u00e9 l&rsquo;Inde d&rsquo;avoir une \u00ab fin septembre tr\u00e8s proche des niveaux records atteints en 2010 \u00bb.<\/span><\/p>\n<p style=\"text-align: justify;\"><span style=\"font-size: small; font-family: verdana, geneva;\">Le deuxi\u00e8me facteur demeure les acquisitions nettes des banques centrales qui enregistrent un solide 148,4 tonnes d&rsquo;<strong><a class=\"esk-seo-plu-link\" href=\"https:\/\/www.gold.fr\/news\/tags\/or\">or<\/a><\/strong> sur la m\u00eame p\u00e9riode de r\u00e9f\u00e9rence.<\/span><\/p>\n<!-- AddThis Advanced Settings generic via filter on the_content --><!-- AddThis Share Buttons generic via filter on the_content -->","protected":false},"excerpt":{"rendered":"<p>Le conseil mondial de l&rsquo;or (organisme international officiel incluant les groupes miniers les plus importants \u00e0 l&rsquo;\u00e9chelle mondiale) vient de publier ses derni\u00e8res statistiques (sur la p\u00e9riode du troisi\u00e8me trimestre 2011) relatives au march\u00e9 de l&rsquo;or. [&hellip;]<\/p>\n","protected":false},"author":11,"featured_media":4089,"comment_status":"closed","ping_status":"closed","sticky":false,"template":"","format":"standard","meta":{"_mbp_gutenberg_autopost":false,"_pgmb_is_evergreen":false,"_pgmb_ap_template_id":0,"footnotes":""},"categories":[4],"tags":[95,76],"ppma_author":[2562],"class_list":["post-4084","post","type-post","status-publish","format-standard","has-post-thumbnail","hentry","category-analyses-economiques","tag-marche-de-lor","tag-or"],"yoast_head":"<!-- This site is optimized with the Yoast SEO plugin v27.5 - https:\/\/yoast.com\/product\/yoast-seo-wordpress\/ -->\n<title>Rapport du CMO \u2013 Conclusions g\u00e9n\u00e9rales - Gold.fr<\/title>\n<meta name=\"description\" content=\"Le conseil mondial de l\u2019or vient de publier ses derni\u00e8res statistiques (sur la p\u00e9riode du 3\u00e8me trimestre 2011) relatives au march\u00e9 aurif\u00e8re.\" \/>\n<meta name=\"robots\" content=\"index, follow, max-snippet:-1, max-image-preview:large, max-video-preview:-1\" \/>\n<link rel=\"canonical\" href=\"https:\/\/www.gold.fr\/news\/2011\/12\/01\/rapport-du-cmo-conclusions-generales\/\" \/>\n<meta property=\"og:locale\" content=\"fr_FR\" \/>\n<meta property=\"og:type\" content=\"article\" \/>\n<meta property=\"og:title\" content=\"Rapport du CMO \u2013 Conclusions g\u00e9n\u00e9rales - Gold.fr\" \/>\n<meta property=\"og:description\" content=\"Le conseil mondial de l\u2019or vient de publier ses derni\u00e8res statistiques (sur la p\u00e9riode du 3\u00e8me trimestre 2011) relatives au march\u00e9 aurif\u00e8re.\" \/>\n<meta property=\"og:url\" content=\"https:\/\/www.gold.fr\/news\/2011\/12\/01\/rapport-du-cmo-conclusions-generales\/\" \/>\n<meta property=\"og:site_name\" content=\"Gold.fr\" \/>\n<meta property=\"article:publisher\" content=\"https:\/\/www.facebook.com\/Goldfr\/\" \/>\n<meta property=\"article:published_time\" content=\"2011-12-01T08:00:20+00:00\" \/>\n<meta property=\"article:modified_time\" content=\"2020-06-29T14:46:01+00:00\" \/>\n<meta property=\"og:image\" content=\"https:\/\/www.gold.fr\/news\/wp-content\/uploads\/2011\/12\/86196467.jpg\" \/>\n\t<meta property=\"og:image:width\" content=\"600\" \/>\n\t<meta property=\"og:image:height\" content=\"400\" \/>\n\t<meta property=\"og:image:type\" content=\"image\/jpeg\" \/>\n<meta name=\"author\" content=\"Anthony\" \/>\n<meta name=\"twitter:card\" content=\"summary_large_image\" \/>\n<meta name=\"twitter:label1\" content=\"\u00c9crit par\" \/>\n\t<meta name=\"twitter:data1\" content=\"Anthony\" \/>\n\t<meta name=\"twitter:label2\" content=\"Dur\u00e9e de lecture estim\u00e9e\" \/>\n\t<meta name=\"twitter:data2\" content=\"1 minute\" \/>\n<script type=\"application\/ld+json\" class=\"yoast-schema-graph\">{\"@context\":\"https:\\\/\\\/schema.org\",\"@graph\":[{\"@type\":\"Article\",\"@id\":\"https:\\\/\\\/www.gold.fr\\\/news\\\/2011\\\/12\\\/01\\\/rapport-du-cmo-conclusions-generales\\\/#article\",\"isPartOf\":{\"@id\":\"https:\\\/\\\/www.gold.fr\\\/news\\\/2011\\\/12\\\/01\\\/rapport-du-cmo-conclusions-generales\\\/\"},\"author\":{\"name\":\"Anthony\",\"@id\":\"https:\\\/\\\/www.gold.fr\\\/news\\\/#\\\/schema\\\/person\\\/feb6458ffd7bceeeb4e228398c34fbe5\"},\"headline\":\"Rapport du CMO \u2013 Conclusions g\u00e9n\u00e9rales\",\"datePublished\":\"2011-12-01T08:00:20+00:00\",\"dateModified\":\"2020-06-29T14:46:01+00:00\",\"mainEntityOfPage\":{\"@id\":\"https:\\\/\\\/www.gold.fr\\\/news\\\/2011\\\/12\\\/01\\\/rapport-du-cmo-conclusions-generales\\\/\"},\"wordCount\":231,\"image\":{\"@id\":\"https:\\\/\\\/www.gold.fr\\\/news\\\/2011\\\/12\\\/01\\\/rapport-du-cmo-conclusions-generales\\\/#primaryimage\"},\"thumbnailUrl\":\"https:\\\/\\\/www.gold.fr\\\/news\\\/wp-content\\\/uploads\\\/2011\\\/12\\\/86196467.jpg\",\"keywords\":[\"march\u00e9 de l'or\",\"Or\"],\"articleSection\":[\"Analyses Economiques\"],\"inLanguage\":\"fr-FR\"},{\"@type\":\"WebPage\",\"@id\":\"https:\\\/\\\/www.gold.fr\\\/news\\\/2011\\\/12\\\/01\\\/rapport-du-cmo-conclusions-generales\\\/\",\"url\":\"https:\\\/\\\/www.gold.fr\\\/news\\\/2011\\\/12\\\/01\\\/rapport-du-cmo-conclusions-generales\\\/\",\"name\":\"Rapport du CMO \u2013 Conclusions g\u00e9n\u00e9rales - Gold.fr\",\"isPartOf\":{\"@id\":\"https:\\\/\\\/www.gold.fr\\\/news\\\/#website\"},\"primaryImageOfPage\":{\"@id\":\"https:\\\/\\\/www.gold.fr\\\/news\\\/2011\\\/12\\\/01\\\/rapport-du-cmo-conclusions-generales\\\/#primaryimage\"},\"image\":{\"@id\":\"https:\\\/\\\/www.gold.fr\\\/news\\\/2011\\\/12\\\/01\\\/rapport-du-cmo-conclusions-generales\\\/#primaryimage\"},\"thumbnailUrl\":\"https:\\\/\\\/www.gold.fr\\\/news\\\/wp-content\\\/uploads\\\/2011\\\/12\\\/86196467.jpg\",\"datePublished\":\"2011-12-01T08:00:20+00:00\",\"dateModified\":\"2020-06-29T14:46:01+00:00\",\"author\":{\"@id\":\"https:\\\/\\\/www.gold.fr\\\/news\\\/#\\\/schema\\\/person\\\/feb6458ffd7bceeeb4e228398c34fbe5\"},\"description\":\"Le conseil mondial de l\u2019or vient de publier ses derni\u00e8res statistiques (sur la p\u00e9riode du 3\u00e8me trimestre 2011) relatives au march\u00e9 aurif\u00e8re.\",\"breadcrumb\":{\"@id\":\"https:\\\/\\\/www.gold.fr\\\/news\\\/2011\\\/12\\\/01\\\/rapport-du-cmo-conclusions-generales\\\/#breadcrumb\"},\"inLanguage\":\"fr-FR\",\"potentialAction\":[{\"@type\":\"ReadAction\",\"target\":[\"https:\\\/\\\/www.gold.fr\\\/news\\\/2011\\\/12\\\/01\\\/rapport-du-cmo-conclusions-generales\\\/\"]}]},{\"@type\":\"ImageObject\",\"inLanguage\":\"fr-FR\",\"@id\":\"https:\\\/\\\/www.gold.fr\\\/news\\\/2011\\\/12\\\/01\\\/rapport-du-cmo-conclusions-generales\\\/#primaryimage\",\"url\":\"https:\\\/\\\/www.gold.fr\\\/news\\\/wp-content\\\/uploads\\\/2011\\\/12\\\/86196467.jpg\",\"contentUrl\":\"https:\\\/\\\/www.gold.fr\\\/news\\\/wp-content\\\/uploads\\\/2011\\\/12\\\/86196467.jpg\",\"width\":\"600\",\"height\":\"400\",\"caption\":\"L\u2019once se d\u00e9fend bien malgr\u00e9 la hausse du taux directeur\"},{\"@type\":\"BreadcrumbList\",\"@id\":\"https:\\\/\\\/www.gold.fr\\\/news\\\/2011\\\/12\\\/01\\\/rapport-du-cmo-conclusions-generales\\\/#breadcrumb\",\"itemListElement\":[{\"@type\":\"ListItem\",\"position\":1,\"name\":\"Accueil\",\"item\":\"https:\\\/\\\/www.gold.fr\\\/\"},{\"@type\":\"ListItem\",\"position\":2,\"name\":\"Actualit\u00e9s\",\"item\":\"https:\\\/\\\/www.gold.fr\\\/news\\\/\"},{\"@type\":\"ListItem\",\"position\":3,\"name\":\"Rapport du CMO \u2013 Conclusions g\u00e9n\u00e9rales\"}]},{\"@type\":\"WebSite\",\"@id\":\"https:\\\/\\\/www.gold.fr\\\/news\\\/#website\",\"url\":\"https:\\\/\\\/www.gold.fr\\\/news\\\/\",\"name\":\"Gold.fr\",\"description\":\"Actualit\u00e9s de l&#039;Or et des m\u00e9taux pr\u00e9cieux\",\"potentialAction\":[{\"@type\":\"SearchAction\",\"target\":{\"@type\":\"EntryPoint\",\"urlTemplate\":\"https:\\\/\\\/www.gold.fr\\\/news\\\/?s={search_term_string}\"},\"query-input\":{\"@type\":\"PropertyValueSpecification\",\"valueRequired\":true,\"valueName\":\"search_term_string\"}}],\"inLanguage\":\"fr-FR\"},{\"@type\":\"Person\",\"@id\":\"https:\\\/\\\/www.gold.fr\\\/news\\\/#\\\/schema\\\/person\\\/feb6458ffd7bceeeb4e228398c34fbe5\",\"name\":\"Anthony\",\"image\":{\"@type\":\"ImageObject\",\"inLanguage\":\"fr-FR\",\"@id\":\"https:\\\/\\\/secure.gravatar.com\\\/avatar\\\/19974f7c75da5f0b217374f3a37eb05031e41aaad4ceb3fe17ada2ab3daf6b95?s=96&d=mm&r=gbc5324aff3d366843e00df00c899c1a8\",\"url\":\"https:\\\/\\\/secure.gravatar.com\\\/avatar\\\/19974f7c75da5f0b217374f3a37eb05031e41aaad4ceb3fe17ada2ab3daf6b95?s=96&d=mm&r=g\",\"contentUrl\":\"https:\\\/\\\/secure.gravatar.com\\\/avatar\\\/19974f7c75da5f0b217374f3a37eb05031e41aaad4ceb3fe17ada2ab3daf6b95?s=96&d=mm&r=g\",\"caption\":\"Anthony\"},\"description\":\"Notre r\u00e9daction est constitu\u00e9e de membres experts dans les m\u00e9tiers de l'\u00e9conomie et la gestion, des Responsables d'agence Comptoir National de l'Or, des analystes financiers qui publient r\u00e9guli\u00e8rement des \u00e9tudes sur les politiques des banques centrales, le cours de l'or, le cours de l'argent, cours du platine, cours du palladium... la situation en zone euro et l'impact de la strat\u00e9gie mon\u00e9taire de la FED. Notre \u00e9quipe scrute \u00e9galement une information plus g\u00e9n\u00e9raliste \u00e0 la recherche d'actualit\u00e9 \\\"p\u00e9pite\\\" \u00e0 vous partager. Depuis 5 ans, nous avons publi\u00e9 un peu plus de 4000 articles qui s'adressent \u00e0 un public large et vari\u00e9 ayant pour objectif de satisfaire votre curiosit\u00e9 et de partager avec vous une certaine fascination pour le m\u00e9tal jaune, pour ceux qui veulent investir dans l'or, vendre leur or tout simplement en savoir plus...\",\"sameAs\":[\"https:\\\/\\\/www.gold.fr\\\/news\"]}]}<\/script>\n<!-- \/ Yoast SEO plugin. -->","yoast_head_json":{"title":"Rapport du CMO \u2013 Conclusions g\u00e9n\u00e9rales - Gold.fr","description":"Le conseil mondial de l\u2019or vient de publier ses derni\u00e8res statistiques (sur la p\u00e9riode du 3\u00e8me trimestre 2011) relatives au march\u00e9 aurif\u00e8re.","robots":{"index":"index","follow":"follow","max-snippet":"max-snippet:-1","max-image-preview":"max-image-preview:large","max-video-preview":"max-video-preview:-1"},"canonical":"https:\/\/www.gold.fr\/news\/2011\/12\/01\/rapport-du-cmo-conclusions-generales\/","og_locale":"fr_FR","og_type":"article","og_title":"Rapport du CMO \u2013 Conclusions g\u00e9n\u00e9rales - Gold.fr","og_description":"Le conseil mondial de l\u2019or vient de publier ses derni\u00e8res statistiques (sur la p\u00e9riode du 3\u00e8me trimestre 2011) relatives au march\u00e9 aurif\u00e8re.","og_url":"https:\/\/www.gold.fr\/news\/2011\/12\/01\/rapport-du-cmo-conclusions-generales\/","og_site_name":"Gold.fr","article_publisher":"https:\/\/www.facebook.com\/Goldfr\/","article_published_time":"2011-12-01T08:00:20+00:00","article_modified_time":"2020-06-29T14:46:01+00:00","og_image":[{"width":600,"height":400,"url":"https:\/\/www.gold.fr\/news\/wp-content\/uploads\/2011\/12\/86196467.jpg","type":"image\/jpeg"}],"author":"Anthony","twitter_card":"summary_large_image","twitter_misc":{"\u00c9crit par":"Anthony","Dur\u00e9e de lecture estim\u00e9e":"1 minute"},"schema":{"@context":"https:\/\/schema.org","@graph":[{"@type":"Article","@id":"https:\/\/www.gold.fr\/news\/2011\/12\/01\/rapport-du-cmo-conclusions-generales\/#article","isPartOf":{"@id":"https:\/\/www.gold.fr\/news\/2011\/12\/01\/rapport-du-cmo-conclusions-generales\/"},"author":{"name":"Anthony","@id":"https:\/\/www.gold.fr\/news\/#\/schema\/person\/feb6458ffd7bceeeb4e228398c34fbe5"},"headline":"Rapport du CMO \u2013 Conclusions g\u00e9n\u00e9rales","datePublished":"2011-12-01T08:00:20+00:00","dateModified":"2020-06-29T14:46:01+00:00","mainEntityOfPage":{"@id":"https:\/\/www.gold.fr\/news\/2011\/12\/01\/rapport-du-cmo-conclusions-generales\/"},"wordCount":231,"image":{"@id":"https:\/\/www.gold.fr\/news\/2011\/12\/01\/rapport-du-cmo-conclusions-generales\/#primaryimage"},"thumbnailUrl":"https:\/\/www.gold.fr\/news\/wp-content\/uploads\/2011\/12\/86196467.jpg","keywords":["march\u00e9 de l'or","Or"],"articleSection":["Analyses Economiques"],"inLanguage":"fr-FR"},{"@type":"WebPage","@id":"https:\/\/www.gold.fr\/news\/2011\/12\/01\/rapport-du-cmo-conclusions-generales\/","url":"https:\/\/www.gold.fr\/news\/2011\/12\/01\/rapport-du-cmo-conclusions-generales\/","name":"Rapport du CMO \u2013 Conclusions g\u00e9n\u00e9rales - Gold.fr","isPartOf":{"@id":"https:\/\/www.gold.fr\/news\/#website"},"primaryImageOfPage":{"@id":"https:\/\/www.gold.fr\/news\/2011\/12\/01\/rapport-du-cmo-conclusions-generales\/#primaryimage"},"image":{"@id":"https:\/\/www.gold.fr\/news\/2011\/12\/01\/rapport-du-cmo-conclusions-generales\/#primaryimage"},"thumbnailUrl":"https:\/\/www.gold.fr\/news\/wp-content\/uploads\/2011\/12\/86196467.jpg","datePublished":"2011-12-01T08:00:20+00:00","dateModified":"2020-06-29T14:46:01+00:00","author":{"@id":"https:\/\/www.gold.fr\/news\/#\/schema\/person\/feb6458ffd7bceeeb4e228398c34fbe5"},"description":"Le conseil mondial de l\u2019or vient de publier ses derni\u00e8res statistiques (sur la p\u00e9riode du 3\u00e8me trimestre 2011) relatives au march\u00e9 aurif\u00e8re.","breadcrumb":{"@id":"https:\/\/www.gold.fr\/news\/2011\/12\/01\/rapport-du-cmo-conclusions-generales\/#breadcrumb"},"inLanguage":"fr-FR","potentialAction":[{"@type":"ReadAction","target":["https:\/\/www.gold.fr\/news\/2011\/12\/01\/rapport-du-cmo-conclusions-generales\/"]}]},{"@type":"ImageObject","inLanguage":"fr-FR","@id":"https:\/\/www.gold.fr\/news\/2011\/12\/01\/rapport-du-cmo-conclusions-generales\/#primaryimage","url":"https:\/\/www.gold.fr\/news\/wp-content\/uploads\/2011\/12\/86196467.jpg","contentUrl":"https:\/\/www.gold.fr\/news\/wp-content\/uploads\/2011\/12\/86196467.jpg","width":"600","height":"400","caption":"L\u2019once se d\u00e9fend bien malgr\u00e9 la hausse du taux directeur"},{"@type":"BreadcrumbList","@id":"https:\/\/www.gold.fr\/news\/2011\/12\/01\/rapport-du-cmo-conclusions-generales\/#breadcrumb","itemListElement":[{"@type":"ListItem","position":1,"name":"Accueil","item":"https:\/\/www.gold.fr\/"},{"@type":"ListItem","position":2,"name":"Actualit\u00e9s","item":"https:\/\/www.gold.fr\/news\/"},{"@type":"ListItem","position":3,"name":"Rapport du CMO \u2013 Conclusions g\u00e9n\u00e9rales"}]},{"@type":"WebSite","@id":"https:\/\/www.gold.fr\/news\/#website","url":"https:\/\/www.gold.fr\/news\/","name":"Gold.fr","description":"Actualit\u00e9s de l&#039;Or et des m\u00e9taux pr\u00e9cieux","potentialAction":[{"@type":"SearchAction","target":{"@type":"EntryPoint","urlTemplate":"https:\/\/www.gold.fr\/news\/?s={search_term_string}"},"query-input":{"@type":"PropertyValueSpecification","valueRequired":true,"valueName":"search_term_string"}}],"inLanguage":"fr-FR"},{"@type":"Person","@id":"https:\/\/www.gold.fr\/news\/#\/schema\/person\/feb6458ffd7bceeeb4e228398c34fbe5","name":"Anthony","image":{"@type":"ImageObject","inLanguage":"fr-FR","@id":"https:\/\/secure.gravatar.com\/avatar\/19974f7c75da5f0b217374f3a37eb05031e41aaad4ceb3fe17ada2ab3daf6b95?s=96&d=mm&r=gbc5324aff3d366843e00df00c899c1a8","url":"https:\/\/secure.gravatar.com\/avatar\/19974f7c75da5f0b217374f3a37eb05031e41aaad4ceb3fe17ada2ab3daf6b95?s=96&d=mm&r=g","contentUrl":"https:\/\/secure.gravatar.com\/avatar\/19974f7c75da5f0b217374f3a37eb05031e41aaad4ceb3fe17ada2ab3daf6b95?s=96&d=mm&r=g","caption":"Anthony"},"description":"Notre r\u00e9daction est constitu\u00e9e de membres experts dans les m\u00e9tiers de l'\u00e9conomie et la gestion, des Responsables d'agence Comptoir National de l'Or, des analystes financiers qui publient r\u00e9guli\u00e8rement des \u00e9tudes sur les politiques des banques centrales, le cours de l'or, le cours de l'argent, cours du platine, cours du palladium... la situation en zone euro et l'impact de la strat\u00e9gie mon\u00e9taire de la FED. Notre \u00e9quipe scrute \u00e9galement une information plus g\u00e9n\u00e9raliste \u00e0 la recherche d'actualit\u00e9 \"p\u00e9pite\" \u00e0 vous partager. Depuis 5 ans, nous avons publi\u00e9 un peu plus de 4000 articles qui s'adressent \u00e0 un public large et vari\u00e9 ayant pour objectif de satisfaire votre curiosit\u00e9 et de partager avec vous une certaine fascination pour le m\u00e9tal jaune, pour ceux qui veulent investir dans l'or, vendre leur or tout simplement en savoir plus...","sameAs":["https:\/\/www.gold.fr\/news"]}]}},"authors":[{"term_id":2562,"user_id":11,"is_guest":0,"slug":"anthony","display_name":"Anthony","avatar_url":"https:\/\/secure.gravatar.com\/avatar\/19974f7c75da5f0b217374f3a37eb05031e41aaad4ceb3fe17ada2ab3daf6b95?s=96&d=mm&r=g","0":null,"1":"","2":"","3":"","4":"","5":"","6":"","7":"","8":""}],"_links":{"self":[{"href":"https:\/\/www.gold.fr\/news\/wp-json\/wp\/v2\/posts\/4084","targetHints":{"allow":["GET"]}}],"collection":[{"href":"https:\/\/www.gold.fr\/news\/wp-json\/wp\/v2\/posts"}],"about":[{"href":"https:\/\/www.gold.fr\/news\/wp-json\/wp\/v2\/types\/post"}],"author":[{"embeddable":true,"href":"https:\/\/www.gold.fr\/news\/wp-json\/wp\/v2\/users\/11"}],"replies":[{"embeddable":true,"href":"https:\/\/www.gold.fr\/news\/wp-json\/wp\/v2\/comments?post=4084"}],"version-history":[{"count":0,"href":"https:\/\/www.gold.fr\/news\/wp-json\/wp\/v2\/posts\/4084\/revisions"}],"wp:featuredmedia":[{"embeddable":true,"href":"https:\/\/www.gold.fr\/news\/wp-json\/wp\/v2\/media\/4089"}],"wp:attachment":[{"href":"https:\/\/www.gold.fr\/news\/wp-json\/wp\/v2\/media?parent=4084"}],"wp:term":[{"taxonomy":"category","embeddable":true,"href":"https:\/\/www.gold.fr\/news\/wp-json\/wp\/v2\/categories?post=4084"},{"taxonomy":"post_tag","embeddable":true,"href":"https:\/\/www.gold.fr\/news\/wp-json\/wp\/v2\/tags?post=4084"},{"taxonomy":"author","embeddable":true,"href":"https:\/\/www.gold.fr\/news\/wp-json\/wp\/v2\/ppma_author?post=4084"}],"curies":[{"name":"wp","href":"https:\/\/api.w.org\/{rel}","templated":true}]}}