{"id":40602,"date":"2021-10-18T17:43:45","date_gmt":"2021-10-18T15:43:45","guid":{"rendered":"https:\/\/www.gold.fr\/news\/?p=40602"},"modified":"2021-10-18T17:43:45","modified_gmt":"2021-10-18T15:43:45","slug":"le-retour-de-la-volatilite","status":"publish","type":"post","link":"https:\/\/www.gold.fr\/news\/2021\/10\/18\/le-retour-de-la-volatilite\/","title":{"rendered":"Le retour de la volatilit\u00e9\u00a0?"},"content":{"rendered":"<p><em>18\/10\/2021<\/em><\/p>\n<p>Dans un <a href=\"https:\/\/www.ecb.europa.eu\/press\/key\/date\/2021\/html\/ecb.sp211016~25550329d5.fr.html\">discours<\/a> lors des R\u00e9unions Annuelles du FMI, Christine Lagarde est revenue sur les probl\u00e8mes logistiques que connait le monde. La patronne de la banque centrale europ\u00e9enne a insist\u00e9 sur la vuln\u00e9rabilit\u00e9 des chaines logistiques organis\u00e9es en flux tendu. \u00ab\u00a0Nous voyons d\u00e9j\u00e0 que les chaines logistiques en \u00ab\u00a0juste \u00e0 temps\u00a0\u00bb qui ont marqu\u00e9 la vague de mondialisation actuelle, sont hautement vuln\u00e9rables aux chocs syst\u00e9miques [\u2026] <strong>il y a des signes que l\u2019\u00e9conomie mondiale deviendrait de plus en plus une source de chocs pour l\u2019Europe plut\u00f4t qu\u2019un stabilisateur contre la volatilit\u00e9<\/strong>\u00a0\u00bb.<\/p>\n<p>Une volatilit\u00e9 qui pourrait revenir sur les march\u00e9s aussi selon Mohamed El-Erian, le conseiller \u00e9conomique en chef de l\u2019assureur Allianz. Dans une interview \u00e0 FoxNews, il indique que \u00ab\u00a0les choses vont empirer avant de s\u2019am\u00e9liorer [\u2026] nous allons avoir plus de p\u00e9nuries, plus de hausse de prix. L\u2019inflation va rester aux niveaux de 4-5% [ndlr\u00a0: aux USA]\u00a0\u00bb. L\u2019\u00e9conomiste s\u2019inqui\u00e8te \u00e9galement du resserrement mon\u00e9taire \u00e0 venir \u00e0 la Fed et que\u00a0\u00ab\u00a0le monde merveilleux de volatilit\u00e9 basse ou tout grimpe pourrait s\u2019arr\u00eater net avec une volatilit\u00e9 plus \u00e9lev\u00e9e\u00a0\u00bb.<\/p>\n<p>Une bonne occasion de rappeler qu\u2019en p\u00e9riode de volatilit\u00e9 basse sur les march\u00e9s, comme actuellement, la volatilit\u00e9 de l\u2019or et celle des actions sont \u00e0 peu pr\u00e8s \u00e9quivalentes (12% pour l\u2019or contre 14% pour le Cac40). Mais lors de pics de volatilit\u00e9 (comme lors de la crise du Covid), le risque (mesur\u00e9 par la volatilit\u00e9) des march\u00e9s actions peut \u00eatre le double de celui de l\u2019or\u00a0!<\/p>\n<p>&nbsp;<\/p>\n<p>&nbsp;<\/p>\n<!-- AddThis Advanced Settings generic via filter on the_content --><!-- AddThis Share Buttons generic via filter on the_content -->","protected":false},"excerpt":{"rendered":"<p>18\/10\/2021 Dans un discours lors des R\u00e9unions Annuelles du FMI, Christine Lagarde est revenue sur les probl\u00e8mes logistiques que connait le monde. La patronne de la banque centrale europ\u00e9enne a insist\u00e9 sur la vuln\u00e9rabilit\u00e9 des chaines [&hellip;]<\/p>\n","protected":false},"author":6,"featured_media":40603,"comment_status":"closed","ping_status":"closed","sticky":false,"template":"","format":"standard","meta":{"_mbp_gutenberg_autopost":false,"_pgmb_is_evergreen":false,"_pgmb_ap_template_id":0,"footnotes":""},"categories":[5],"tags":[1023,1000,211,116,1649],"ppma_author":[2567],"class_list":["post-40602","post","type-post","status-publish","format-standard","has-post-thumbnail","hentry","category-flash-infos","tag-banque-centrale","tag-economie","tag-fmi","tag-inflation","tag-marches"],"yoast_head":"<!-- This site is optimized with the Yoast SEO plugin v27.5 - https:\/\/yoast.com\/product\/yoast-seo-wordpress\/ -->\n<title>Le retour de la volatilit\u00e9\u00a0? - Gold.fr<\/title>\n<meta name=\"description\" content=\"La patronne de la banque centrale europ\u00e9enne a insist\u00e9 sur la vuln\u00e9rabilit\u00e9 des chaines logistiques organis\u00e9es en flux tendu.\" \/>\n<meta name=\"robots\" content=\"index, follow, max-snippet:-1, max-image-preview:large, max-video-preview:-1\" \/>\n<link rel=\"canonical\" href=\"https:\/\/www.gold.fr\/news\/2021\/10\/18\/le-retour-de-la-volatilite\/\" \/>\n<meta property=\"og:locale\" content=\"fr_FR\" \/>\n<meta property=\"og:type\" content=\"article\" \/>\n<meta property=\"og:title\" content=\"Le retour de la volatilit\u00e9\u00a0? - Gold.fr\" \/>\n<meta property=\"og:description\" content=\"La patronne de la banque centrale europ\u00e9enne a insist\u00e9 sur la vuln\u00e9rabilit\u00e9 des chaines logistiques organis\u00e9es en flux tendu.\" \/>\n<meta property=\"og:url\" content=\"https:\/\/www.gold.fr\/news\/2021\/10\/18\/le-retour-de-la-volatilite\/\" \/>\n<meta property=\"og:site_name\" content=\"Gold.fr\" \/>\n<meta property=\"article:publisher\" content=\"https:\/\/www.facebook.com\/Goldfr\/\" \/>\n<meta property=\"article:published_time\" content=\"2021-10-18T15:43:45+00:00\" \/>\n<meta property=\"og:image\" content=\"https:\/\/www.gold.fr\/news\/wp-content\/uploads\/2021\/10\/Le-retour-de-la-volatilite.jpg\" \/>\n\t<meta property=\"og:image:width\" content=\"800\" \/>\n\t<meta property=\"og:image:height\" content=\"533\" \/>\n\t<meta property=\"og:image:type\" content=\"image\/jpeg\" \/>\n<meta name=\"author\" content=\"Laurent Schwartz\" \/>\n<meta name=\"twitter:card\" content=\"summary_large_image\" \/>\n<meta name=\"twitter:label1\" content=\"\u00c9crit par\" \/>\n\t<meta name=\"twitter:data1\" content=\"Laurent Schwartz\" \/>\n\t<meta name=\"twitter:label2\" content=\"Dur\u00e9e de lecture estim\u00e9e\" \/>\n\t<meta name=\"twitter:data2\" content=\"2 minutes\" \/>\n<script type=\"application\/ld+json\" class=\"yoast-schema-graph\">{\"@context\":\"https:\\\/\\\/schema.org\",\"@graph\":[{\"@type\":\"Article\",\"@id\":\"https:\\\/\\\/www.gold.fr\\\/news\\\/2021\\\/10\\\/18\\\/le-retour-de-la-volatilite\\\/#article\",\"isPartOf\":{\"@id\":\"https:\\\/\\\/www.gold.fr\\\/news\\\/2021\\\/10\\\/18\\\/le-retour-de-la-volatilite\\\/\"},\"author\":{\"name\":\"Laurent Schwartz\",\"@id\":\"https:\\\/\\\/www.gold.fr\\\/news\\\/#\\\/schema\\\/person\\\/4ed91d9a70d8f3a313c26e8308214fc2\"},\"headline\":\"Le retour de la volatilit\u00e9\u00a0?\",\"datePublished\":\"2021-10-18T15:43:45+00:00\",\"mainEntityOfPage\":{\"@id\":\"https:\\\/\\\/www.gold.fr\\\/news\\\/2021\\\/10\\\/18\\\/le-retour-de-la-volatilite\\\/\"},\"wordCount\":275,\"image\":{\"@id\":\"https:\\\/\\\/www.gold.fr\\\/news\\\/2021\\\/10\\\/18\\\/le-retour-de-la-volatilite\\\/#primaryimage\"},\"thumbnailUrl\":\"https:\\\/\\\/www.gold.fr\\\/news\\\/wp-content\\\/uploads\\\/2021\\\/10\\\/Le-retour-de-la-volatilite.jpg\",\"keywords\":[\"Banque centrale\",\"\u00e9conomie\",\"fmi\",\"inflation\",\"march\u00e9s\"],\"articleSection\":[\"Flash infos\"],\"inLanguage\":\"fr-FR\"},{\"@type\":\"WebPage\",\"@id\":\"https:\\\/\\\/www.gold.fr\\\/news\\\/2021\\\/10\\\/18\\\/le-retour-de-la-volatilite\\\/\",\"url\":\"https:\\\/\\\/www.gold.fr\\\/news\\\/2021\\\/10\\\/18\\\/le-retour-de-la-volatilite\\\/\",\"name\":\"Le retour de la volatilit\u00e9\u00a0? - Gold.fr\",\"isPartOf\":{\"@id\":\"https:\\\/\\\/www.gold.fr\\\/news\\\/#website\"},\"primaryImageOfPage\":{\"@id\":\"https:\\\/\\\/www.gold.fr\\\/news\\\/2021\\\/10\\\/18\\\/le-retour-de-la-volatilite\\\/#primaryimage\"},\"image\":{\"@id\":\"https:\\\/\\\/www.gold.fr\\\/news\\\/2021\\\/10\\\/18\\\/le-retour-de-la-volatilite\\\/#primaryimage\"},\"thumbnailUrl\":\"https:\\\/\\\/www.gold.fr\\\/news\\\/wp-content\\\/uploads\\\/2021\\\/10\\\/Le-retour-de-la-volatilite.jpg\",\"datePublished\":\"2021-10-18T15:43:45+00:00\",\"author\":{\"@id\":\"https:\\\/\\\/www.gold.fr\\\/news\\\/#\\\/schema\\\/person\\\/4ed91d9a70d8f3a313c26e8308214fc2\"},\"description\":\"La patronne de la banque centrale europ\u00e9enne a insist\u00e9 sur la vuln\u00e9rabilit\u00e9 des chaines logistiques organis\u00e9es en flux tendu.\",\"breadcrumb\":{\"@id\":\"https:\\\/\\\/www.gold.fr\\\/news\\\/2021\\\/10\\\/18\\\/le-retour-de-la-volatilite\\\/#breadcrumb\"},\"inLanguage\":\"fr-FR\",\"potentialAction\":[{\"@type\":\"ReadAction\",\"target\":[\"https:\\\/\\\/www.gold.fr\\\/news\\\/2021\\\/10\\\/18\\\/le-retour-de-la-volatilite\\\/\"]}]},{\"@type\":\"ImageObject\",\"inLanguage\":\"fr-FR\",\"@id\":\"https:\\\/\\\/www.gold.fr\\\/news\\\/2021\\\/10\\\/18\\\/le-retour-de-la-volatilite\\\/#primaryimage\",\"url\":\"https:\\\/\\\/www.gold.fr\\\/news\\\/wp-content\\\/uploads\\\/2021\\\/10\\\/Le-retour-de-la-volatilite.jpg\",\"contentUrl\":\"https:\\\/\\\/www.gold.fr\\\/news\\\/wp-content\\\/uploads\\\/2021\\\/10\\\/Le-retour-de-la-volatilite.jpg\",\"width\":800,\"height\":533,\"caption\":\"Le retour de la volatilit\u00e9\u00a0?\"},{\"@type\":\"BreadcrumbList\",\"@id\":\"https:\\\/\\\/www.gold.fr\\\/news\\\/2021\\\/10\\\/18\\\/le-retour-de-la-volatilite\\\/#breadcrumb\",\"itemListElement\":[{\"@type\":\"ListItem\",\"position\":1,\"name\":\"Accueil\",\"item\":\"https:\\\/\\\/www.gold.fr\\\/\"},{\"@type\":\"ListItem\",\"position\":2,\"name\":\"Actualit\u00e9s\",\"item\":\"https:\\\/\\\/www.gold.fr\\\/news\\\/\"},{\"@type\":\"ListItem\",\"position\":3,\"name\":\"Le retour de la volatilit\u00e9\u00a0?\"}]},{\"@type\":\"WebSite\",\"@id\":\"https:\\\/\\\/www.gold.fr\\\/news\\\/#website\",\"url\":\"https:\\\/\\\/www.gold.fr\\\/news\\\/\",\"name\":\"Gold.fr\",\"description\":\"Actualit\u00e9s de l&#039;Or et des m\u00e9taux pr\u00e9cieux\",\"potentialAction\":[{\"@type\":\"SearchAction\",\"target\":{\"@type\":\"EntryPoint\",\"urlTemplate\":\"https:\\\/\\\/www.gold.fr\\\/news\\\/?s={search_term_string}\"},\"query-input\":{\"@type\":\"PropertyValueSpecification\",\"valueRequired\":true,\"valueName\":\"search_term_string\"}}],\"inLanguage\":\"fr-FR\"},{\"@type\":\"Person\",\"@id\":\"https:\\\/\\\/www.gold.fr\\\/news\\\/#\\\/schema\\\/person\\\/4ed91d9a70d8f3a313c26e8308214fc2\",\"name\":\"Laurent Schwartz\",\"image\":{\"@type\":\"ImageObject\",\"inLanguage\":\"fr-FR\",\"@id\":\"https:\\\/\\\/secure.gravatar.com\\\/avatar\\\/1496f846049365121827f5470219486f1a95f83957cc8ca0a9595e40c185f5ee?s=96&d=mm&r=g76f0e87c9ba82a161860a0fc16990d85\",\"url\":\"https:\\\/\\\/secure.gravatar.com\\\/avatar\\\/1496f846049365121827f5470219486f1a95f83957cc8ca0a9595e40c185f5ee?s=96&d=mm&r=g\",\"contentUrl\":\"https:\\\/\\\/secure.gravatar.com\\\/avatar\\\/1496f846049365121827f5470219486f1a95f83957cc8ca0a9595e40c185f5ee?s=96&d=mm&r=g\",\"caption\":\"Laurent Schwartz\"},\"description\":\"Dipl\u00f4m\u00e9 de l\u2019EDHEC Business School en 2005, Laurent SCHWARTZ int\u00e8gre le cabinet d\u2019audit ERNST &amp; YOUNG en 2005 o\u00f9 il travaille pendant 4 ans. Parall\u00e8lement, il travaille au sein de l\u2019entreprise familiale cr\u00e9\u00e9e en 1976 \u00e0 Strasbourg. Fort de cette exp\u00e9rience et du savoir-faire d\u00e9velopp\u00e9 durant ces 40 derni\u00e8res ann\u00e9es, Laurent proc\u00e8de \u00e0 la refonte du site Internet Gold.fr d\u00e9di\u00e9 \u00e0 l\u2019achat d'or, vente d\u2019or (pi\u00e8ces, lingots, ...), achat or et argent,... qui conna\u00eetra un franc succ\u00e8s d\u00e8s son d\u00e9marrage en 2008. Il d\u00e9cide alors de d\u00e9velopper un r\u00e9seau de concessions exclusives: Le Comptoir National de l\u2019Or. Il assure d\u00e9sormais le pilotage strat\u00e9gique du 1er r\u00e9seau de France qui compte aujourd\u2019hui pas loin de 60 agences r\u00e9parties dans toute la France et depuis peu en Allemagne (Breisach). Le Comptoir National de l\u2019Or se positionne aujourd\u2019hui comme le leader incontournable sur le march\u00e9 de l\u2019Or et des m\u00e9taux pr\u00e9cieux en France.\",\"sameAs\":[\"https:\\\/\\\/www.gold.fr\",\"https:\\\/\\\/www.linkedin.com\\\/in\\\/acheteror\\\/\"]}]}<\/script>\n<!-- \/ Yoast SEO plugin. -->","yoast_head_json":{"title":"Le retour de la volatilit\u00e9\u00a0? - Gold.fr","description":"La patronne de la banque centrale europ\u00e9enne a insist\u00e9 sur la vuln\u00e9rabilit\u00e9 des chaines logistiques organis\u00e9es en flux tendu.","robots":{"index":"index","follow":"follow","max-snippet":"max-snippet:-1","max-image-preview":"max-image-preview:large","max-video-preview":"max-video-preview:-1"},"canonical":"https:\/\/www.gold.fr\/news\/2021\/10\/18\/le-retour-de-la-volatilite\/","og_locale":"fr_FR","og_type":"article","og_title":"Le retour de la volatilit\u00e9\u00a0? - Gold.fr","og_description":"La patronne de la banque centrale europ\u00e9enne a insist\u00e9 sur la vuln\u00e9rabilit\u00e9 des chaines logistiques organis\u00e9es en flux tendu.","og_url":"https:\/\/www.gold.fr\/news\/2021\/10\/18\/le-retour-de-la-volatilite\/","og_site_name":"Gold.fr","article_publisher":"https:\/\/www.facebook.com\/Goldfr\/","article_published_time":"2021-10-18T15:43:45+00:00","og_image":[{"width":800,"height":533,"url":"https:\/\/www.gold.fr\/news\/wp-content\/uploads\/2021\/10\/Le-retour-de-la-volatilite.jpg","type":"image\/jpeg"}],"author":"Laurent Schwartz","twitter_card":"summary_large_image","twitter_misc":{"\u00c9crit par":"Laurent Schwartz","Dur\u00e9e de lecture estim\u00e9e":"2 minutes"},"schema":{"@context":"https:\/\/schema.org","@graph":[{"@type":"Article","@id":"https:\/\/www.gold.fr\/news\/2021\/10\/18\/le-retour-de-la-volatilite\/#article","isPartOf":{"@id":"https:\/\/www.gold.fr\/news\/2021\/10\/18\/le-retour-de-la-volatilite\/"},"author":{"name":"Laurent Schwartz","@id":"https:\/\/www.gold.fr\/news\/#\/schema\/person\/4ed91d9a70d8f3a313c26e8308214fc2"},"headline":"Le retour de la volatilit\u00e9\u00a0?","datePublished":"2021-10-18T15:43:45+00:00","mainEntityOfPage":{"@id":"https:\/\/www.gold.fr\/news\/2021\/10\/18\/le-retour-de-la-volatilite\/"},"wordCount":275,"image":{"@id":"https:\/\/www.gold.fr\/news\/2021\/10\/18\/le-retour-de-la-volatilite\/#primaryimage"},"thumbnailUrl":"https:\/\/www.gold.fr\/news\/wp-content\/uploads\/2021\/10\/Le-retour-de-la-volatilite.jpg","keywords":["Banque centrale","\u00e9conomie","fmi","inflation","march\u00e9s"],"articleSection":["Flash infos"],"inLanguage":"fr-FR"},{"@type":"WebPage","@id":"https:\/\/www.gold.fr\/news\/2021\/10\/18\/le-retour-de-la-volatilite\/","url":"https:\/\/www.gold.fr\/news\/2021\/10\/18\/le-retour-de-la-volatilite\/","name":"Le retour de la volatilit\u00e9\u00a0? - Gold.fr","isPartOf":{"@id":"https:\/\/www.gold.fr\/news\/#website"},"primaryImageOfPage":{"@id":"https:\/\/www.gold.fr\/news\/2021\/10\/18\/le-retour-de-la-volatilite\/#primaryimage"},"image":{"@id":"https:\/\/www.gold.fr\/news\/2021\/10\/18\/le-retour-de-la-volatilite\/#primaryimage"},"thumbnailUrl":"https:\/\/www.gold.fr\/news\/wp-content\/uploads\/2021\/10\/Le-retour-de-la-volatilite.jpg","datePublished":"2021-10-18T15:43:45+00:00","author":{"@id":"https:\/\/www.gold.fr\/news\/#\/schema\/person\/4ed91d9a70d8f3a313c26e8308214fc2"},"description":"La patronne de la banque centrale europ\u00e9enne a insist\u00e9 sur la vuln\u00e9rabilit\u00e9 des chaines logistiques organis\u00e9es en flux tendu.","breadcrumb":{"@id":"https:\/\/www.gold.fr\/news\/2021\/10\/18\/le-retour-de-la-volatilite\/#breadcrumb"},"inLanguage":"fr-FR","potentialAction":[{"@type":"ReadAction","target":["https:\/\/www.gold.fr\/news\/2021\/10\/18\/le-retour-de-la-volatilite\/"]}]},{"@type":"ImageObject","inLanguage":"fr-FR","@id":"https:\/\/www.gold.fr\/news\/2021\/10\/18\/le-retour-de-la-volatilite\/#primaryimage","url":"https:\/\/www.gold.fr\/news\/wp-content\/uploads\/2021\/10\/Le-retour-de-la-volatilite.jpg","contentUrl":"https:\/\/www.gold.fr\/news\/wp-content\/uploads\/2021\/10\/Le-retour-de-la-volatilite.jpg","width":800,"height":533,"caption":"Le retour de la volatilit\u00e9\u00a0?"},{"@type":"BreadcrumbList","@id":"https:\/\/www.gold.fr\/news\/2021\/10\/18\/le-retour-de-la-volatilite\/#breadcrumb","itemListElement":[{"@type":"ListItem","position":1,"name":"Accueil","item":"https:\/\/www.gold.fr\/"},{"@type":"ListItem","position":2,"name":"Actualit\u00e9s","item":"https:\/\/www.gold.fr\/news\/"},{"@type":"ListItem","position":3,"name":"Le retour de la volatilit\u00e9\u00a0?"}]},{"@type":"WebSite","@id":"https:\/\/www.gold.fr\/news\/#website","url":"https:\/\/www.gold.fr\/news\/","name":"Gold.fr","description":"Actualit\u00e9s de l&#039;Or et des m\u00e9taux pr\u00e9cieux","potentialAction":[{"@type":"SearchAction","target":{"@type":"EntryPoint","urlTemplate":"https:\/\/www.gold.fr\/news\/?s={search_term_string}"},"query-input":{"@type":"PropertyValueSpecification","valueRequired":true,"valueName":"search_term_string"}}],"inLanguage":"fr-FR"},{"@type":"Person","@id":"https:\/\/www.gold.fr\/news\/#\/schema\/person\/4ed91d9a70d8f3a313c26e8308214fc2","name":"Laurent Schwartz","image":{"@type":"ImageObject","inLanguage":"fr-FR","@id":"https:\/\/secure.gravatar.com\/avatar\/1496f846049365121827f5470219486f1a95f83957cc8ca0a9595e40c185f5ee?s=96&d=mm&r=g76f0e87c9ba82a161860a0fc16990d85","url":"https:\/\/secure.gravatar.com\/avatar\/1496f846049365121827f5470219486f1a95f83957cc8ca0a9595e40c185f5ee?s=96&d=mm&r=g","contentUrl":"https:\/\/secure.gravatar.com\/avatar\/1496f846049365121827f5470219486f1a95f83957cc8ca0a9595e40c185f5ee?s=96&d=mm&r=g","caption":"Laurent Schwartz"},"description":"Dipl\u00f4m\u00e9 de l\u2019EDHEC Business School en 2005, Laurent SCHWARTZ int\u00e8gre le cabinet d\u2019audit ERNST &amp; YOUNG en 2005 o\u00f9 il travaille pendant 4 ans. Parall\u00e8lement, il travaille au sein de l\u2019entreprise familiale cr\u00e9\u00e9e en 1976 \u00e0 Strasbourg. Fort de cette exp\u00e9rience et du savoir-faire d\u00e9velopp\u00e9 durant ces 40 derni\u00e8res ann\u00e9es, Laurent proc\u00e8de \u00e0 la refonte du site Internet Gold.fr d\u00e9di\u00e9 \u00e0 l\u2019achat d'or, vente d\u2019or (pi\u00e8ces, lingots, ...), achat or et argent,... qui conna\u00eetra un franc succ\u00e8s d\u00e8s son d\u00e9marrage en 2008. Il d\u00e9cide alors de d\u00e9velopper un r\u00e9seau de concessions exclusives: Le Comptoir National de l\u2019Or. Il assure d\u00e9sormais le pilotage strat\u00e9gique du 1er r\u00e9seau de France qui compte aujourd\u2019hui pas loin de 60 agences r\u00e9parties dans toute la France et depuis peu en Allemagne (Breisach). Le Comptoir National de l\u2019Or se positionne aujourd\u2019hui comme le leader incontournable sur le march\u00e9 de l\u2019Or et des m\u00e9taux pr\u00e9cieux en France.","sameAs":["https:\/\/www.gold.fr","https:\/\/www.linkedin.com\/in\/acheteror\/"]}]}},"authors":[{"term_id":2567,"user_id":6,"is_guest":0,"slug":"laurent","display_name":"Laurent Schwartz","avatar_url":"https:\/\/secure.gravatar.com\/avatar\/1496f846049365121827f5470219486f1a95f83957cc8ca0a9595e40c185f5ee?s=96&d=mm&r=g","0":null,"1":"","2":"","3":"","4":"","5":"","6":"","7":"","8":""}],"_links":{"self":[{"href":"https:\/\/www.gold.fr\/news\/wp-json\/wp\/v2\/posts\/40602","targetHints":{"allow":["GET"]}}],"collection":[{"href":"https:\/\/www.gold.fr\/news\/wp-json\/wp\/v2\/posts"}],"about":[{"href":"https:\/\/www.gold.fr\/news\/wp-json\/wp\/v2\/types\/post"}],"author":[{"embeddable":true,"href":"https:\/\/www.gold.fr\/news\/wp-json\/wp\/v2\/users\/6"}],"replies":[{"embeddable":true,"href":"https:\/\/www.gold.fr\/news\/wp-json\/wp\/v2\/comments?post=40602"}],"version-history":[{"count":0,"href":"https:\/\/www.gold.fr\/news\/wp-json\/wp\/v2\/posts\/40602\/revisions"}],"wp:featuredmedia":[{"embeddable":true,"href":"https:\/\/www.gold.fr\/news\/wp-json\/wp\/v2\/media\/40603"}],"wp:attachment":[{"href":"https:\/\/www.gold.fr\/news\/wp-json\/wp\/v2\/media?parent=40602"}],"wp:term":[{"taxonomy":"category","embeddable":true,"href":"https:\/\/www.gold.fr\/news\/wp-json\/wp\/v2\/categories?post=40602"},{"taxonomy":"post_tag","embeddable":true,"href":"https:\/\/www.gold.fr\/news\/wp-json\/wp\/v2\/tags?post=40602"},{"taxonomy":"author","embeddable":true,"href":"https:\/\/www.gold.fr\/news\/wp-json\/wp\/v2\/ppma_author?post=40602"}],"curies":[{"name":"wp","href":"https:\/\/api.w.org\/{rel}","templated":true}]}}