{"id":40143,"date":"2021-09-03T15:26:29","date_gmt":"2021-09-03T13:26:29","guid":{"rendered":"https:\/\/www.gold.fr\/news\/?p=40143"},"modified":"2021-11-05T09:58:53","modified_gmt":"2021-11-05T08:58:53","slug":"cours-de-lor-equilibre-en-aout","status":"publish","type":"post","link":"https:\/\/www.gold.fr\/news\/2021\/09\/03\/cours-de-lor-equilibre-en-aout\/","title":{"rendered":"Cours de l\u2019or\u00a0: \u00e9quilibre en ao\u00fbt"},"content":{"rendered":"<p><em>Dans cette lettre mensuelle, vous trouverez un point sur la performance de l\u2019or ainsi que plusieurs actualit\u00e9s et analyses sur des sujets qui influencent directement ou indirectement le cours du m\u00e9tal jaune. <\/em><\/p>\n<h2><strong>Ce qu\u2019il faut retenir du mois d\u2019ao\u00fbt<\/strong><\/h2>\n<ul>\n<li><a href=\"https:\/\/www.gold.fr\/cours-or-prix-de-l-or\/\">Cours de l\u2019or<\/a> en euros\u00a0: -0.14% en ao\u00fbt\u00a0; -0.33% sur 2021<\/li>\n<li>Or vs Actions\u00a0: match nul, balle au centre<\/li>\n<li>Resserrement mon\u00e9taire et inflation<\/li>\n<li>La citation du mois\u00a0: John Paulson<\/li>\n<li>Ils ont achet\u00e9 de l\u2019or<\/li>\n<li>Chiffre du mois\u00a0: 1087 dollars<\/li>\n<\/ul>\n<h3><strong>Quasi-stabilit\u00e9 sur le mois et l\u2019ann\u00e9e<\/strong><\/h3>\n<p>Le 31 ao\u00fbt, au second fixing de Londres, l\u2019once de m\u00e9tal jaune s\u2019\u00e9changeait \u00e0 1814.85 dollars, soit un l\u00e9ger repli de 0.6% sur le mois \u00e9coul\u00e9. Le m\u00e9tal jaune cotait \u00e9galement 1534.82 euros, soit <strong>un repli mensuel de 0.14% de l\u2019once libell\u00e9 dans la monnaie unique<\/strong>. Depuis le d\u00e9but de l\u2019ann\u00e9e, le cours de l\u2019or en dollars est dans le rouge (-4%) en raison d\u2019une baisse du dollar. A l\u2019inverse, <strong>le cours de l\u2019or en euro est \u00e0 l\u2019\u00e9quilibre sur 2021 (-0.3%) <\/strong>car le billet vert s\u2019est appr\u00e9ci\u00e9 contre l\u2019euro.<\/p>\n<p><img loading=\"lazy\" decoding=\"async\" class=\"size-full wp-image-40147 aligncenter\" src=\"https:\/\/www.gold.fr\/news\/wp-content\/uploads\/2021\/09\/cours-once-perf-aout-perf-2021.jpg\" alt=\"\" width=\"1188\" height=\"239\" srcset=\"https:\/\/www.gold.fr\/news\/wp-content\/uploads\/2021\/09\/cours-once-perf-aout-perf-2021.jpg 1188w, https:\/\/www.gold.fr\/news\/wp-content\/uploads\/2021\/09\/cours-once-perf-aout-perf-2021-300x60.jpg 300w, https:\/\/www.gold.fr\/news\/wp-content\/uploads\/2021\/09\/cours-once-perf-aout-perf-2021-1024x206.jpg 1024w, https:\/\/www.gold.fr\/news\/wp-content\/uploads\/2021\/09\/cours-once-perf-aout-perf-2021-768x155.jpg 768w, https:\/\/www.gold.fr\/news\/wp-content\/uploads\/2021\/09\/cours-once-perf-aout-perf-2021-298x60.jpg 298w\" sizes=\"auto, (max-width: 1188px) 100vw, 1188px\" \/><\/p>\n<p><img loading=\"lazy\" decoding=\"async\" class=\"wp-image-40148 alignright\" src=\"https:\/\/www.gold.fr\/news\/wp-content\/uploads\/2021\/09\/cours-or-aout2021.jpg\" alt=\"\" width=\"370\" height=\"219\" srcset=\"https:\/\/www.gold.fr\/news\/wp-content\/uploads\/2021\/09\/cours-or-aout2021.jpg 770w, https:\/\/www.gold.fr\/news\/wp-content\/uploads\/2021\/09\/cours-or-aout2021-300x178.jpg 300w, https:\/\/www.gold.fr\/news\/wp-content\/uploads\/2021\/09\/cours-or-aout2021-768x456.jpg 768w, https:\/\/www.gold.fr\/news\/wp-content\/uploads\/2021\/09\/cours-or-aout2021-298x177.jpg 298w\" sizes=\"auto, (max-width: 370px) 100vw, 370px\" \/>Le cours a connu une certaine variabilit\u00e9 dans le mois, puisqu\u2019il a chut\u00e9 de plus de 4% en quelques s\u00e9ances pour atteindre un plus bas le <a href=\"https:\/\/www.gold.fr\/news\/2021\/08\/10\/pourquoi-le-cours-de-lor-a-chute\/\">10 ao\u00fbt<\/a>. Certains ont parl\u00e9 de \u00ab\u00a0flash crash\u00a0\u00bb, mais le cours a surtout r\u00e9agi n\u00e9gativement aux bonnes nouvelles \u00e9conomiques am\u00e9ricaines et \u00e0 a remont\u00e9e des taux. Le cours s\u2019est ensuite ressaisit, dans le contexte toujours particulier li\u00e9e aux craintes sur le variant delta et l\u2019inflation.<\/p>\n<p><a href=\"https:\/\/www.gold.fr\/informations-sur-l-or\/guides\/comment-est-fixe-le-cours-de-lor\"><em>Comment est fix\u00e9 le cours de l\u2019or\u00a0<\/em><\/a><em>?<\/em><\/p>\n<p>&nbsp;<\/p>\n<h3><strong>Or et actions\u00a0: 1 partout balle au centre<\/strong><\/h3>\n<p><img loading=\"lazy\" decoding=\"async\" class=\"wp-image-40149 alignleft\" src=\"https:\/\/www.gold.fr\/news\/wp-content\/uploads\/2021\/09\/perf-2020-2021-cumul.jpg\" alt=\"\" width=\"333\" height=\"100\" srcset=\"https:\/\/www.gold.fr\/news\/wp-content\/uploads\/2021\/09\/perf-2020-2021-cumul.jpg 479w, https:\/\/www.gold.fr\/news\/wp-content\/uploads\/2021\/09\/perf-2020-2021-cumul-300x91.jpg 300w, https:\/\/www.gold.fr\/news\/wp-content\/uploads\/2021\/09\/perf-2020-2021-cumul-298x90.jpg 298w\" sizes=\"auto, (max-width: 333px) 100vw, 333px\" \/><\/p>\n<p>L\u2019ann\u00e9e est marqu\u00e9e par une belle performance des actifs risqu\u00e9s, en particulier les actions. L\u2019indice Cac40 affiche une progression de 20.3% sur l\u2019ann\u00e9e hors dividende tandis que l\u2019or est \u00e0 l\u2019\u00e9quilibre. L\u2019indice devance donc le m\u00e9tal jaune de presque 21 points en 2021.<\/p>\n<p>&nbsp;<\/p>\n<p>C\u2019est exactement l\u2019inverse de 2020. L\u2019ann\u00e9e derni\u00e8re, l\u2019or avait progress\u00e9 de 13.4% tandis que le Cac reculait de 7.14%, c\u2019est-\u00e0-dire presque 21 points d\u2019\u00e9cart. Dans les grandes lignes, c\u2019est un match nul. Mais comme dans tous les matchs il y a un enseignement\u00a0: <strong>gr\u00e2ce \u00e0 la diversification et la d\u00e9corr\u00e9lation, celui qui avait les deux actifs en portefeuille a mieux dormi<\/strong>.<\/p>\n<h3><strong>Resserrement mon\u00e9taire et inflation<\/strong><\/h3>\n<p>Les cours de l\u2019or continuent d\u2019\u00eatre influenc\u00e9s par la dialectique autour de l\u2019inflation et de la politique mon\u00e9taire. La hausse des prix continue son acc\u00e9l\u00e9ration partout dans le monde\u00a0: en <strong>Europe, elle atteint un pus haut de 10 ans \u00e0 3%, tandis qu\u2019aux Etats-Unis, l\u2019inflation atteint 5.4%<\/strong>. Parmi les explications, la hausse spectaculaire des prix \u00e0 la production, de pus de 10% en moyenne en raison des p\u00e9nuries et des hausses des mati\u00e8res premi\u00e8res. Aux Etats-Unis il faut noter \u00e9galement la forte hausse des prix de l\u2019immobilier (+18.8% sur un an) et des loyers qui p\u00e8sent sur les budgets des m\u00e9nages.<\/p>\n<p>Face \u00e0 cette r\u00e9surgence de l\u2019<a href=\"https:\/\/www.gold.fr\/news\/article\/inflation\/\">inflation<\/a>, les banques centrales continuent \u00e0 consid\u00e9rer qu\u2019il s\u2019agit d\u2019un ph\u00e9nom\u00e8ne transitoire. Un point de vue r\u00e9it\u00e9r\u00e9 par la Fed lors du <a href=\"https:\/\/www.lesechos.fr\/finance-marches\/marches-financiers\/la-fed-prete-a-reduire-ses-achats-dactifs-des-cette-annee-1341486\">symposium de Jackson Hole<\/a> au cours duquel Jerome Powell a signal\u00e9 une r\u00e9duction du programme de rachat d\u2019actifs d\u00e8s cette ann\u00e9e, sans pour autant envisager de hausse des taux directeurs. Une annonce assez largement attendue et qui s\u2019est av\u00e9r\u00e9e positive pour le m\u00e9tal jaune.<\/p>\n<p><strong>La citation du mois \u2013 John Paulson<\/strong><\/p>\n<p><strong><img loading=\"lazy\" decoding=\"async\" class=\"size-full wp-image-40146 aligncenter\" src=\"https:\/\/www.gold.fr\/news\/wp-content\/uploads\/2021\/09\/citation-john-paulson.jpg\" alt=\"\" width=\"978\" height=\"151\" srcset=\"https:\/\/www.gold.fr\/news\/wp-content\/uploads\/2021\/09\/citation-john-paulson.jpg 978w, https:\/\/www.gold.fr\/news\/wp-content\/uploads\/2021\/09\/citation-john-paulson-300x46.jpg 300w, https:\/\/www.gold.fr\/news\/wp-content\/uploads\/2021\/09\/citation-john-paulson-768x119.jpg 768w, https:\/\/www.gold.fr\/news\/wp-content\/uploads\/2021\/09\/citation-john-paulson-298x46.jpg 298w\" sizes=\"auto, (max-width: 978px) 100vw, 978px\" \/><\/strong><\/p>\n<p>John Paulson, c\u2019est le patron d\u2019un fonds sp\u00e9culatifs connu pour avoir gagn\u00e9 plus de 15 milliards de dollars en pariant contre les subprimes d\u00e8s 2007 (certains disent que c\u2019est la meilleure transaction de l\u2019histoire\u00a0!). Dans une <a href=\"https:\/\/www.bloomberg.com\/news\/videos\/2021-09-01\/bloomberg-wealth-with-david-rubenstein-john-paulson-video?sref=wF9G983y\">interview<\/a> donn\u00e9 \u00e0 David Rubinstein pour Bloomberg, <strong>il indique s\u2019\u00eatre positionn\u00e9 sur le m\u00e9tal jaune pour profiter d\u2019une hausse de l\u2019inflation<\/strong>.<\/p>\n<p>Paulson est positif sur l\u2019or depuis 2009 \u00e0 une p\u00e9riode o\u00f9 beaucoup s\u2019attendaient \u00e0 ce que le la cr\u00e9ation mon\u00e9taire des banques centrales se traduiraient par de l\u2019inflation, ce qui ne s\u2019est pas produit. Contrairement \u00e0 l\u2019\u00e9poque, o\u00f9 la monnaie cr\u00e9\u00e9e revenait dormir sur les comptes des banques centrales, Paulson pense qu\u2019aujourd\u2019hui la masse mon\u00e9taire cr\u00e9\u00e9e (de l\u2019ordre de 25% par an) va g\u00e9n\u00e9rer une inflation \u00ab\u00a0bien au-del\u00e0 des attentes actuelles\u00a0\u00bb.<\/p>\n<h3><strong>Ils ont achet\u00e9 de l\u2019or<\/strong><\/h3>\n<p>Au mois de juillet, la <strong>banque centrale du Br\u00e9sil a achet\u00e9 275&rsquo;000 onces d\u2019or<\/strong>, soit environ 8.5 tonnes, poursuivant la politique amorc\u00e9e en mai. En 3 mois, l\u2019augmentation des r\u00e9serves de m\u00e9tal jaune du pays atteint ainsi 2 millions d\u2019onces, soit plus de 62 tonnes. Parmi les autres pays acheteurs, l\u2019Ouzb\u00e9kistan (+8.4 tonnes) et l\u2019Inde (+7.5 tonnes<strong>), portant les achats des banques centrales au mois de juillet \u00e0 environ 30 tonnes.<\/strong><\/p>\n<p>La soci\u00e9t\u00e9 technologique <strong>Palantir a annonc\u00e9 en ao\u00fbt avoir achet\u00e9 pour plus de 50 millions de dollars d\u2019or physique en lingots de 100 onces<\/strong>. Si l\u2019achat est modeste par sa taille, il est significatif en raison de l\u2019activit\u00e9 de l\u2019acheteur : Palantir est un sp\u00e9cialiste de l\u2019analyse de donn\u00e9es qui fournit ses services et logiciels aux gouvernements et agences de renseignements. Pas un hasard s&rsquo;il a d\u00e9cid\u00e9 d&rsquo;<a href=\"https:\/\/www.gold.fr\/investir-dans-l-or\/\">investir dans l&rsquo;or<\/a>. Son directeur des op\u00e9rations a indiqu\u00e9 que cet achat correspondait \u00e0 la volont\u00e9<strong> \u00ab\u00a0de se pr\u00e9parer \u00e0 un futur avec plus d\u2019\u00e9v\u00e9nements extr\u00eames et impr\u00e9visibles\u00a0\u00bb.<\/strong><\/p>\n<h3><strong>Le chiffre du mois\u00a0: 1087 dollars<\/strong><\/h3>\n<p>C\u2019est le co\u00fbt d\u2019extraction d\u2019une once d\u2019or au deuxi\u00e8me trimestre chez Barrick Gold, un des plus gros producteurs mondiaux. Un chiffre en augmentation de 5 % sur un an et qui inclue les d\u00e9penses d\u2019exploration n\u00e9cessaires au renouvellement des r\u00e9serves.<\/p>\n<p>&nbsp;<\/p>\n<p><em><u>Avertissement<\/u><\/em><em>\u00a0:<\/em><\/p>\n<p><em>Le cours de l\u2019or peut varier significativement \u00e0 la hausse ou \u00e0 la baisse. Les informations contenues dans ce document ne constituent pas une recommandation d\u2019investissement et le lecteur est invit\u00e9 \u00e0 prendre conseil aupr\u00e8s de professionnels pour la gestion de son \u00e9pargne.<\/em><\/p>\n<!-- AddThis Advanced Settings generic via filter on the_content --><!-- AddThis Share Buttons generic via filter on the_content -->","protected":false},"excerpt":{"rendered":"<p>Dans cette lettre mensuelle, vous trouverez un point sur la performance de l\u2019or ainsi que plusieurs actualit\u00e9s et analyses sur des sujets qui influencent directement ou indirectement le cours du m\u00e9tal jaune. Ce qu\u2019il faut retenir [&hellip;]<\/p>\n","protected":false},"author":6,"featured_media":40144,"comment_status":"closed","ping_status":"closed","sticky":false,"template":"","format":"standard","meta":{"_mbp_gutenberg_autopost":false,"_pgmb_is_evergreen":false,"_pgmb_ap_template_id":0,"footnotes":""},"categories":[4],"tags":[2408,2425,116,1028,84],"ppma_author":[2567],"class_list":["post-40143","post","type-post","status-publish","format-standard","has-post-thumbnail","hentry","category-analyses-economiques","tag-actions","tag-diversification","tag-inflation","tag-investissement-or","tag-cours-de-lor"],"yoast_head":"<!-- This site is optimized with the Yoast SEO plugin v27.5 - https:\/\/yoast.com\/product\/yoast-seo-wordpress\/ -->\n<title>Cours de l\u2019or\u00a0: \u00e9quilibre en ao\u00fbt - Rapport mensuel Ao\u00fbt 2021<\/title>\n<meta name=\"description\" content=\"Cours de l\u2019or en euros\u00a0: -0.14% en ao\u00fbt\u00a0; -0.33% sur 2021; Or vs Actions\u00a0: match nul, balle au centre; Resserrement mon\u00e9taire et inflation...\" \/>\n<meta name=\"robots\" content=\"index, follow, max-snippet:-1, max-image-preview:large, max-video-preview:-1\" \/>\n<link rel=\"canonical\" href=\"https:\/\/www.gold.fr\/news\/2021\/09\/03\/cours-de-lor-equilibre-en-aout\/\" \/>\n<meta property=\"og:locale\" content=\"fr_FR\" \/>\n<meta property=\"og:type\" content=\"article\" \/>\n<meta property=\"og:title\" content=\"Cours de l\u2019or\u00a0: \u00e9quilibre en ao\u00fbt - Rapport mensuel Ao\u00fbt 2021\" \/>\n<meta property=\"og:description\" content=\"Cours de l\u2019or en euros\u00a0: -0.14% en ao\u00fbt\u00a0; -0.33% sur 2021; Or vs Actions\u00a0: match nul, balle au centre; Resserrement mon\u00e9taire et inflation...\" \/>\n<meta property=\"og:url\" content=\"https:\/\/www.gold.fr\/news\/2021\/09\/03\/cours-de-lor-equilibre-en-aout\/\" \/>\n<meta property=\"og:site_name\" content=\"Gold.fr\" \/>\n<meta property=\"article:publisher\" content=\"https:\/\/www.facebook.com\/Goldfr\/\" \/>\n<meta property=\"article:published_time\" content=\"2021-09-03T13:26:29+00:00\" \/>\n<meta property=\"article:modified_time\" content=\"2021-11-05T08:58:53+00:00\" \/>\n<meta property=\"og:image\" content=\"https:\/\/www.gold.fr\/news\/wp-content\/uploads\/2021\/09\/Cours-de-lor-equilibre-aout.jpg\" \/>\n\t<meta property=\"og:image:width\" content=\"800\" \/>\n\t<meta property=\"og:image:height\" content=\"533\" \/>\n\t<meta property=\"og:image:type\" content=\"image\/jpeg\" \/>\n<meta name=\"author\" content=\"Laurent Schwartz\" \/>\n<meta name=\"twitter:card\" content=\"summary_large_image\" \/>\n<meta name=\"twitter:label1\" content=\"\u00c9crit par\" \/>\n\t<meta name=\"twitter:data1\" content=\"Laurent Schwartz\" \/>\n\t<meta name=\"twitter:label2\" content=\"Dur\u00e9e de lecture estim\u00e9e\" \/>\n\t<meta name=\"twitter:data2\" content=\"5 minutes\" \/>\n<script type=\"application\/ld+json\" class=\"yoast-schema-graph\">{\"@context\":\"https:\\\/\\\/schema.org\",\"@graph\":[{\"@type\":\"Article\",\"@id\":\"https:\\\/\\\/www.gold.fr\\\/news\\\/2021\\\/09\\\/03\\\/cours-de-lor-equilibre-en-aout\\\/#article\",\"isPartOf\":{\"@id\":\"https:\\\/\\\/www.gold.fr\\\/news\\\/2021\\\/09\\\/03\\\/cours-de-lor-equilibre-en-aout\\\/\"},\"author\":{\"name\":\"Laurent Schwartz\",\"@id\":\"https:\\\/\\\/www.gold.fr\\\/news\\\/#\\\/schema\\\/person\\\/4ed91d9a70d8f3a313c26e8308214fc2\"},\"headline\":\"Cours de l\u2019or\u00a0: \u00e9quilibre en ao\u00fbt\",\"datePublished\":\"2021-09-03T13:26:29+00:00\",\"dateModified\":\"2021-11-05T08:58:53+00:00\",\"mainEntityOfPage\":{\"@id\":\"https:\\\/\\\/www.gold.fr\\\/news\\\/2021\\\/09\\\/03\\\/cours-de-lor-equilibre-en-aout\\\/\"},\"wordCount\":1054,\"image\":{\"@id\":\"https:\\\/\\\/www.gold.fr\\\/news\\\/2021\\\/09\\\/03\\\/cours-de-lor-equilibre-en-aout\\\/#primaryimage\"},\"thumbnailUrl\":\"https:\\\/\\\/www.gold.fr\\\/news\\\/wp-content\\\/uploads\\\/2021\\\/09\\\/Cours-de-lor-equilibre-aout.jpg\",\"keywords\":[\"actions\",\"diversification\",\"inflation\",\"Investissement Or\",\"Tout Cours de l'Or\"],\"articleSection\":[\"Analyses Economiques\"],\"inLanguage\":\"fr-FR\"},{\"@type\":\"WebPage\",\"@id\":\"https:\\\/\\\/www.gold.fr\\\/news\\\/2021\\\/09\\\/03\\\/cours-de-lor-equilibre-en-aout\\\/\",\"url\":\"https:\\\/\\\/www.gold.fr\\\/news\\\/2021\\\/09\\\/03\\\/cours-de-lor-equilibre-en-aout\\\/\",\"name\":\"Cours de l\u2019or\u00a0: \u00e9quilibre en ao\u00fbt - Rapport mensuel Ao\u00fbt 2021\",\"isPartOf\":{\"@id\":\"https:\\\/\\\/www.gold.fr\\\/news\\\/#website\"},\"primaryImageOfPage\":{\"@id\":\"https:\\\/\\\/www.gold.fr\\\/news\\\/2021\\\/09\\\/03\\\/cours-de-lor-equilibre-en-aout\\\/#primaryimage\"},\"image\":{\"@id\":\"https:\\\/\\\/www.gold.fr\\\/news\\\/2021\\\/09\\\/03\\\/cours-de-lor-equilibre-en-aout\\\/#primaryimage\"},\"thumbnailUrl\":\"https:\\\/\\\/www.gold.fr\\\/news\\\/wp-content\\\/uploads\\\/2021\\\/09\\\/Cours-de-lor-equilibre-aout.jpg\",\"datePublished\":\"2021-09-03T13:26:29+00:00\",\"dateModified\":\"2021-11-05T08:58:53+00:00\",\"author\":{\"@id\":\"https:\\\/\\\/www.gold.fr\\\/news\\\/#\\\/schema\\\/person\\\/4ed91d9a70d8f3a313c26e8308214fc2\"},\"description\":\"Cours de l\u2019or en euros\u00a0: -0.14% en ao\u00fbt\u00a0; -0.33% sur 2021; Or vs Actions\u00a0: match nul, balle au centre; Resserrement mon\u00e9taire et inflation...\",\"breadcrumb\":{\"@id\":\"https:\\\/\\\/www.gold.fr\\\/news\\\/2021\\\/09\\\/03\\\/cours-de-lor-equilibre-en-aout\\\/#breadcrumb\"},\"inLanguage\":\"fr-FR\",\"potentialAction\":[{\"@type\":\"ReadAction\",\"target\":[\"https:\\\/\\\/www.gold.fr\\\/news\\\/2021\\\/09\\\/03\\\/cours-de-lor-equilibre-en-aout\\\/\"]}]},{\"@type\":\"ImageObject\",\"inLanguage\":\"fr-FR\",\"@id\":\"https:\\\/\\\/www.gold.fr\\\/news\\\/2021\\\/09\\\/03\\\/cours-de-lor-equilibre-en-aout\\\/#primaryimage\",\"url\":\"https:\\\/\\\/www.gold.fr\\\/news\\\/wp-content\\\/uploads\\\/2021\\\/09\\\/Cours-de-lor-equilibre-aout.jpg\",\"contentUrl\":\"https:\\\/\\\/www.gold.fr\\\/news\\\/wp-content\\\/uploads\\\/2021\\\/09\\\/Cours-de-lor-equilibre-aout.jpg\",\"width\":800,\"height\":533,\"caption\":\"Cours de l'or : \u00e9quilibre en ao\u00fbt\"},{\"@type\":\"BreadcrumbList\",\"@id\":\"https:\\\/\\\/www.gold.fr\\\/news\\\/2021\\\/09\\\/03\\\/cours-de-lor-equilibre-en-aout\\\/#breadcrumb\",\"itemListElement\":[{\"@type\":\"ListItem\",\"position\":1,\"name\":\"Accueil\",\"item\":\"https:\\\/\\\/www.gold.fr\\\/\"},{\"@type\":\"ListItem\",\"position\":2,\"name\":\"Actualit\u00e9s\",\"item\":\"https:\\\/\\\/www.gold.fr\\\/news\\\/\"},{\"@type\":\"ListItem\",\"position\":3,\"name\":\"Cours de l\u2019or\u00a0: \u00e9quilibre en ao\u00fbt\"}]},{\"@type\":\"WebSite\",\"@id\":\"https:\\\/\\\/www.gold.fr\\\/news\\\/#website\",\"url\":\"https:\\\/\\\/www.gold.fr\\\/news\\\/\",\"name\":\"Gold.fr\",\"description\":\"Actualit\u00e9s de l&#039;Or et des m\u00e9taux pr\u00e9cieux\",\"potentialAction\":[{\"@type\":\"SearchAction\",\"target\":{\"@type\":\"EntryPoint\",\"urlTemplate\":\"https:\\\/\\\/www.gold.fr\\\/news\\\/?s={search_term_string}\"},\"query-input\":{\"@type\":\"PropertyValueSpecification\",\"valueRequired\":true,\"valueName\":\"search_term_string\"}}],\"inLanguage\":\"fr-FR\"},{\"@type\":\"Person\",\"@id\":\"https:\\\/\\\/www.gold.fr\\\/news\\\/#\\\/schema\\\/person\\\/4ed91d9a70d8f3a313c26e8308214fc2\",\"name\":\"Laurent Schwartz\",\"image\":{\"@type\":\"ImageObject\",\"inLanguage\":\"fr-FR\",\"@id\":\"https:\\\/\\\/secure.gravatar.com\\\/avatar\\\/1496f846049365121827f5470219486f1a95f83957cc8ca0a9595e40c185f5ee?s=96&d=mm&r=g76f0e87c9ba82a161860a0fc16990d85\",\"url\":\"https:\\\/\\\/secure.gravatar.com\\\/avatar\\\/1496f846049365121827f5470219486f1a95f83957cc8ca0a9595e40c185f5ee?s=96&d=mm&r=g\",\"contentUrl\":\"https:\\\/\\\/secure.gravatar.com\\\/avatar\\\/1496f846049365121827f5470219486f1a95f83957cc8ca0a9595e40c185f5ee?s=96&d=mm&r=g\",\"caption\":\"Laurent Schwartz\"},\"description\":\"Dipl\u00f4m\u00e9 de l\u2019EDHEC Business School en 2005, Laurent SCHWARTZ int\u00e8gre le cabinet d\u2019audit ERNST &amp; YOUNG en 2005 o\u00f9 il travaille pendant 4 ans. Parall\u00e8lement, il travaille au sein de l\u2019entreprise familiale cr\u00e9\u00e9e en 1976 \u00e0 Strasbourg. Fort de cette exp\u00e9rience et du savoir-faire d\u00e9velopp\u00e9 durant ces 40 derni\u00e8res ann\u00e9es, Laurent proc\u00e8de \u00e0 la refonte du site Internet Gold.fr d\u00e9di\u00e9 \u00e0 l\u2019achat d'or, vente d\u2019or (pi\u00e8ces, lingots, ...), achat or et argent,... qui conna\u00eetra un franc succ\u00e8s d\u00e8s son d\u00e9marrage en 2008. Il d\u00e9cide alors de d\u00e9velopper un r\u00e9seau de concessions exclusives: Le Comptoir National de l\u2019Or. Il assure d\u00e9sormais le pilotage strat\u00e9gique du 1er r\u00e9seau de France qui compte aujourd\u2019hui pas loin de 60 agences r\u00e9parties dans toute la France et depuis peu en Allemagne (Breisach). Le Comptoir National de l\u2019Or se positionne aujourd\u2019hui comme le leader incontournable sur le march\u00e9 de l\u2019Or et des m\u00e9taux pr\u00e9cieux en France.\",\"sameAs\":[\"https:\\\/\\\/www.gold.fr\",\"https:\\\/\\\/www.linkedin.com\\\/in\\\/acheteror\\\/\"]}]}<\/script>\n<!-- \/ Yoast SEO plugin. -->","yoast_head_json":{"title":"Cours de l\u2019or\u00a0: \u00e9quilibre en ao\u00fbt - Rapport mensuel Ao\u00fbt 2021","description":"Cours de l\u2019or en euros\u00a0: -0.14% en ao\u00fbt\u00a0; -0.33% sur 2021; Or vs Actions\u00a0: match nul, balle au centre; Resserrement mon\u00e9taire et inflation...","robots":{"index":"index","follow":"follow","max-snippet":"max-snippet:-1","max-image-preview":"max-image-preview:large","max-video-preview":"max-video-preview:-1"},"canonical":"https:\/\/www.gold.fr\/news\/2021\/09\/03\/cours-de-lor-equilibre-en-aout\/","og_locale":"fr_FR","og_type":"article","og_title":"Cours de l\u2019or\u00a0: \u00e9quilibre en ao\u00fbt - Rapport mensuel Ao\u00fbt 2021","og_description":"Cours de l\u2019or en euros\u00a0: -0.14% en ao\u00fbt\u00a0; -0.33% sur 2021; Or vs Actions\u00a0: match nul, balle au centre; Resserrement mon\u00e9taire et inflation...","og_url":"https:\/\/www.gold.fr\/news\/2021\/09\/03\/cours-de-lor-equilibre-en-aout\/","og_site_name":"Gold.fr","article_publisher":"https:\/\/www.facebook.com\/Goldfr\/","article_published_time":"2021-09-03T13:26:29+00:00","article_modified_time":"2021-11-05T08:58:53+00:00","og_image":[{"width":800,"height":533,"url":"https:\/\/www.gold.fr\/news\/wp-content\/uploads\/2021\/09\/Cours-de-lor-equilibre-aout.jpg","type":"image\/jpeg"}],"author":"Laurent Schwartz","twitter_card":"summary_large_image","twitter_misc":{"\u00c9crit par":"Laurent Schwartz","Dur\u00e9e de lecture estim\u00e9e":"5 minutes"},"schema":{"@context":"https:\/\/schema.org","@graph":[{"@type":"Article","@id":"https:\/\/www.gold.fr\/news\/2021\/09\/03\/cours-de-lor-equilibre-en-aout\/#article","isPartOf":{"@id":"https:\/\/www.gold.fr\/news\/2021\/09\/03\/cours-de-lor-equilibre-en-aout\/"},"author":{"name":"Laurent Schwartz","@id":"https:\/\/www.gold.fr\/news\/#\/schema\/person\/4ed91d9a70d8f3a313c26e8308214fc2"},"headline":"Cours de l\u2019or\u00a0: \u00e9quilibre en ao\u00fbt","datePublished":"2021-09-03T13:26:29+00:00","dateModified":"2021-11-05T08:58:53+00:00","mainEntityOfPage":{"@id":"https:\/\/www.gold.fr\/news\/2021\/09\/03\/cours-de-lor-equilibre-en-aout\/"},"wordCount":1054,"image":{"@id":"https:\/\/www.gold.fr\/news\/2021\/09\/03\/cours-de-lor-equilibre-en-aout\/#primaryimage"},"thumbnailUrl":"https:\/\/www.gold.fr\/news\/wp-content\/uploads\/2021\/09\/Cours-de-lor-equilibre-aout.jpg","keywords":["actions","diversification","inflation","Investissement Or","Tout Cours de l'Or"],"articleSection":["Analyses Economiques"],"inLanguage":"fr-FR"},{"@type":"WebPage","@id":"https:\/\/www.gold.fr\/news\/2021\/09\/03\/cours-de-lor-equilibre-en-aout\/","url":"https:\/\/www.gold.fr\/news\/2021\/09\/03\/cours-de-lor-equilibre-en-aout\/","name":"Cours de l\u2019or\u00a0: \u00e9quilibre en ao\u00fbt - Rapport mensuel Ao\u00fbt 2021","isPartOf":{"@id":"https:\/\/www.gold.fr\/news\/#website"},"primaryImageOfPage":{"@id":"https:\/\/www.gold.fr\/news\/2021\/09\/03\/cours-de-lor-equilibre-en-aout\/#primaryimage"},"image":{"@id":"https:\/\/www.gold.fr\/news\/2021\/09\/03\/cours-de-lor-equilibre-en-aout\/#primaryimage"},"thumbnailUrl":"https:\/\/www.gold.fr\/news\/wp-content\/uploads\/2021\/09\/Cours-de-lor-equilibre-aout.jpg","datePublished":"2021-09-03T13:26:29+00:00","dateModified":"2021-11-05T08:58:53+00:00","author":{"@id":"https:\/\/www.gold.fr\/news\/#\/schema\/person\/4ed91d9a70d8f3a313c26e8308214fc2"},"description":"Cours de l\u2019or en euros\u00a0: -0.14% en ao\u00fbt\u00a0; -0.33% sur 2021; Or vs Actions\u00a0: match nul, balle au centre; Resserrement mon\u00e9taire et inflation...","breadcrumb":{"@id":"https:\/\/www.gold.fr\/news\/2021\/09\/03\/cours-de-lor-equilibre-en-aout\/#breadcrumb"},"inLanguage":"fr-FR","potentialAction":[{"@type":"ReadAction","target":["https:\/\/www.gold.fr\/news\/2021\/09\/03\/cours-de-lor-equilibre-en-aout\/"]}]},{"@type":"ImageObject","inLanguage":"fr-FR","@id":"https:\/\/www.gold.fr\/news\/2021\/09\/03\/cours-de-lor-equilibre-en-aout\/#primaryimage","url":"https:\/\/www.gold.fr\/news\/wp-content\/uploads\/2021\/09\/Cours-de-lor-equilibre-aout.jpg","contentUrl":"https:\/\/www.gold.fr\/news\/wp-content\/uploads\/2021\/09\/Cours-de-lor-equilibre-aout.jpg","width":800,"height":533,"caption":"Cours de l'or : \u00e9quilibre en ao\u00fbt"},{"@type":"BreadcrumbList","@id":"https:\/\/www.gold.fr\/news\/2021\/09\/03\/cours-de-lor-equilibre-en-aout\/#breadcrumb","itemListElement":[{"@type":"ListItem","position":1,"name":"Accueil","item":"https:\/\/www.gold.fr\/"},{"@type":"ListItem","position":2,"name":"Actualit\u00e9s","item":"https:\/\/www.gold.fr\/news\/"},{"@type":"ListItem","position":3,"name":"Cours de l\u2019or\u00a0: \u00e9quilibre en ao\u00fbt"}]},{"@type":"WebSite","@id":"https:\/\/www.gold.fr\/news\/#website","url":"https:\/\/www.gold.fr\/news\/","name":"Gold.fr","description":"Actualit\u00e9s de l&#039;Or et des m\u00e9taux pr\u00e9cieux","potentialAction":[{"@type":"SearchAction","target":{"@type":"EntryPoint","urlTemplate":"https:\/\/www.gold.fr\/news\/?s={search_term_string}"},"query-input":{"@type":"PropertyValueSpecification","valueRequired":true,"valueName":"search_term_string"}}],"inLanguage":"fr-FR"},{"@type":"Person","@id":"https:\/\/www.gold.fr\/news\/#\/schema\/person\/4ed91d9a70d8f3a313c26e8308214fc2","name":"Laurent Schwartz","image":{"@type":"ImageObject","inLanguage":"fr-FR","@id":"https:\/\/secure.gravatar.com\/avatar\/1496f846049365121827f5470219486f1a95f83957cc8ca0a9595e40c185f5ee?s=96&d=mm&r=g76f0e87c9ba82a161860a0fc16990d85","url":"https:\/\/secure.gravatar.com\/avatar\/1496f846049365121827f5470219486f1a95f83957cc8ca0a9595e40c185f5ee?s=96&d=mm&r=g","contentUrl":"https:\/\/secure.gravatar.com\/avatar\/1496f846049365121827f5470219486f1a95f83957cc8ca0a9595e40c185f5ee?s=96&d=mm&r=g","caption":"Laurent Schwartz"},"description":"Dipl\u00f4m\u00e9 de l\u2019EDHEC Business School en 2005, Laurent SCHWARTZ int\u00e8gre le cabinet d\u2019audit ERNST &amp; YOUNG en 2005 o\u00f9 il travaille pendant 4 ans. Parall\u00e8lement, il travaille au sein de l\u2019entreprise familiale cr\u00e9\u00e9e en 1976 \u00e0 Strasbourg. Fort de cette exp\u00e9rience et du savoir-faire d\u00e9velopp\u00e9 durant ces 40 derni\u00e8res ann\u00e9es, Laurent proc\u00e8de \u00e0 la refonte du site Internet Gold.fr d\u00e9di\u00e9 \u00e0 l\u2019achat d'or, vente d\u2019or (pi\u00e8ces, lingots, ...), achat or et argent,... qui conna\u00eetra un franc succ\u00e8s d\u00e8s son d\u00e9marrage en 2008. Il d\u00e9cide alors de d\u00e9velopper un r\u00e9seau de concessions exclusives: Le Comptoir National de l\u2019Or. Il assure d\u00e9sormais le pilotage strat\u00e9gique du 1er r\u00e9seau de France qui compte aujourd\u2019hui pas loin de 60 agences r\u00e9parties dans toute la France et depuis peu en Allemagne (Breisach). Le Comptoir National de l\u2019Or se positionne aujourd\u2019hui comme le leader incontournable sur le march\u00e9 de l\u2019Or et des m\u00e9taux pr\u00e9cieux en France.","sameAs":["https:\/\/www.gold.fr","https:\/\/www.linkedin.com\/in\/acheteror\/"]}]}},"authors":[{"term_id":2567,"user_id":6,"is_guest":0,"slug":"laurent","display_name":"Laurent Schwartz","avatar_url":"https:\/\/secure.gravatar.com\/avatar\/1496f846049365121827f5470219486f1a95f83957cc8ca0a9595e40c185f5ee?s=96&d=mm&r=g","0":null,"1":"","2":"","3":"","4":"","5":"","6":"","7":"","8":""}],"_links":{"self":[{"href":"https:\/\/www.gold.fr\/news\/wp-json\/wp\/v2\/posts\/40143","targetHints":{"allow":["GET"]}}],"collection":[{"href":"https:\/\/www.gold.fr\/news\/wp-json\/wp\/v2\/posts"}],"about":[{"href":"https:\/\/www.gold.fr\/news\/wp-json\/wp\/v2\/types\/post"}],"author":[{"embeddable":true,"href":"https:\/\/www.gold.fr\/news\/wp-json\/wp\/v2\/users\/6"}],"replies":[{"embeddable":true,"href":"https:\/\/www.gold.fr\/news\/wp-json\/wp\/v2\/comments?post=40143"}],"version-history":[{"count":0,"href":"https:\/\/www.gold.fr\/news\/wp-json\/wp\/v2\/posts\/40143\/revisions"}],"wp:featuredmedia":[{"embeddable":true,"href":"https:\/\/www.gold.fr\/news\/wp-json\/wp\/v2\/media\/40144"}],"wp:attachment":[{"href":"https:\/\/www.gold.fr\/news\/wp-json\/wp\/v2\/media?parent=40143"}],"wp:term":[{"taxonomy":"category","embeddable":true,"href":"https:\/\/www.gold.fr\/news\/wp-json\/wp\/v2\/categories?post=40143"},{"taxonomy":"post_tag","embeddable":true,"href":"https:\/\/www.gold.fr\/news\/wp-json\/wp\/v2\/tags?post=40143"},{"taxonomy":"author","embeddable":true,"href":"https:\/\/www.gold.fr\/news\/wp-json\/wp\/v2\/ppma_author?post=40143"}],"curies":[{"name":"wp","href":"https:\/\/api.w.org\/{rel}","templated":true}]}}