{"id":40118,"date":"2021-08-26T14:58:49","date_gmt":"2021-08-26T12:58:49","guid":{"rendered":"https:\/\/www.gold.fr\/news\/?p=40118"},"modified":"2021-08-26T15:01:53","modified_gmt":"2021-08-26T13:01:53","slug":"le-comptoir-national-de-lor-cite-par-ac-franchise-le-23-08-le-comptoir-national-de-lor-devoile-ses-objectifs-de-developpement","status":"publish","type":"post","link":"https:\/\/www.gold.fr\/news\/2021\/08\/26\/le-comptoir-national-de-lor-cite-par-ac-franchise-le-23-08-le-comptoir-national-de-lor-devoile-ses-objectifs-de-developpement\/","title":{"rendered":"Le Comptoir National de l\u2019Or cit\u00e9 par AC Franchise le 23\/08 &#8211; Le Comptoir National de l\u2019Or d\u00e9voile ses objectifs de d\u00e9veloppement"},"content":{"rendered":"<p>La\u00a0<strong><a href=\"https:\/\/ac-franchise.com\/annuaire\/franchise-comptoir-national-de-l-or\">franchise Le Comptoir National de l\u2019Or<\/a>\u00a0compte plus de 60 unit\u00e9s sur le territoire fran\u00e7ais<\/strong>\u00a0et 2 autres en Allemagne. Le concept et son mod\u00e8le \u00e9conomique ont confirm\u00e9 leur\u00a0<strong>r\u00e9silience face \u00e0 la crise sanitaire<\/strong>\u00a0de la Covid-19.<\/p>\n<p><strong>Lire l&rsquo;int\u00e9gralit\u00e9 de l&rsquo;article ci-dessous :<\/strong><br \/>\n<iframe style=\"width: 100%; height: 400px; border: none;\" title=\"Or en retard Capital\" src=\"https:\/\/docs.google.com\/viewer?embedded=true&amp;url=https:\/\/www.gold.fr\/news\/wp-content\/uploads\/2021\/08\/Le-Comptoir-National-de-lOr-devoile-ses-objectifs-de-developpement-23_08-AC-Franchise.pdf\"><span data-mce-type=\"bookmark\" style=\"display: inline-block; width: 0px; overflow: hidden; line-height: 0;\" class=\"mce_SELRES_start\">\ufeff<\/span><span data-mce-type=\"bookmark\" style=\"display: inline-block; width: 0px; overflow: hidden; line-height: 0;\" class=\"mce_SELRES_start\">\ufeff<\/span><span data-mce-type=\"bookmark\" style=\"display: inline-block; width: 0px; overflow: hidden; line-height: 0;\" class=\"mce_SELRES_start\">\ufeff<\/span><span data-mce-type=\"bookmark\" style=\"display: inline-block; width: 0px; overflow: hidden; line-height: 0;\" class=\"mce_SELRES_start\">\ufeff<\/span><span data-mce-type=\"bookmark\" style=\"display: inline-block; width: 0px; overflow: hidden; line-height: 0;\" class=\"mce_SELRES_start\">\ufeff<\/span><\/iframe><\/p>\n<!-- AddThis Advanced Settings generic via filter on the_content --><!-- AddThis Share Buttons generic via filter on the_content -->","protected":false},"excerpt":{"rendered":"<p>La\u00a0franchise Le Comptoir National de l\u2019Or\u00a0compte plus de 60 unit\u00e9s sur le territoire fran\u00e7ais\u00a0et 2 autres en Allemagne. Le concept et son mod\u00e8le \u00e9conomique ont confirm\u00e9 leur\u00a0r\u00e9silience face \u00e0 la crise sanitaire\u00a0de la Covid-19. Lire l&rsquo;int\u00e9gralit\u00e9 [&hellip;]<\/p>\n","protected":false},"author":6,"featured_media":40120,"comment_status":"closed","ping_status":"closed","sticky":false,"template":"","format":"standard","meta":{"_mbp_gutenberg_autopost":false,"_pgmb_is_evergreen":false,"_pgmb_ap_template_id":0,"footnotes":""},"categories":[6,2414],"tags":[115,2423,1954,1028,76],"ppma_author":[2567],"class_list":["post-40118","post","type-post","status-publish","format-standard","has-post-thumbnail","hentry","category-articles-de-presse","category-cndo-dans-la-presse","tag-comptoir-national-de-lor","tag-franchise","tag-investissement","tag-investissement-or","tag-or"],"yoast_head":"<!-- This site is optimized with the Yoast SEO plugin v27.5 - https:\/\/yoast.com\/product\/yoast-seo-wordpress\/ -->\n<title>Le Comptoir National de l\u2019Or cit\u00e9 par AC Franchise le 23\/08<\/title>\n<meta name=\"description\" content=\"La\u00a0franchise Le Comptoir National de l\u2019Or\u00a0compte plus de 60 unit\u00e9s sur le territoire fran\u00e7ais\u00a0et 2 autres en Allemagne.\" \/>\n<meta name=\"robots\" content=\"index, follow, max-snippet:-1, max-image-preview:large, max-video-preview:-1\" \/>\n<link rel=\"canonical\" href=\"https:\/\/www.gold.fr\/news\/2021\/08\/26\/le-comptoir-national-de-lor-cite-par-ac-franchise-le-23-08-le-comptoir-national-de-lor-devoile-ses-objectifs-de-developpement\/\" \/>\n<meta property=\"og:locale\" content=\"fr_FR\" \/>\n<meta property=\"og:type\" content=\"article\" \/>\n<meta property=\"og:title\" content=\"Le Comptoir National de l\u2019Or cit\u00e9 par AC Franchise le 23\/08\" \/>\n<meta property=\"og:description\" content=\"La\u00a0franchise Le Comptoir National de l\u2019Or\u00a0compte plus de 60 unit\u00e9s sur le territoire fran\u00e7ais\u00a0et 2 autres en Allemagne.\" \/>\n<meta property=\"og:url\" content=\"https:\/\/www.gold.fr\/news\/2021\/08\/26\/le-comptoir-national-de-lor-cite-par-ac-franchise-le-23-08-le-comptoir-national-de-lor-devoile-ses-objectifs-de-developpement\/\" \/>\n<meta property=\"og:site_name\" content=\"Gold.fr\" \/>\n<meta property=\"article:publisher\" content=\"https:\/\/www.facebook.com\/Goldfr\/\" \/>\n<meta property=\"article:published_time\" content=\"2021-08-26T12:58:49+00:00\" \/>\n<meta property=\"article:modified_time\" content=\"2021-08-26T13:01:53+00:00\" \/>\n<meta property=\"og:image\" content=\"https:\/\/www.gold.fr\/news\/wp-content\/uploads\/2021\/08\/acfranchise.jpg\" \/>\n\t<meta property=\"og:image:width\" content=\"400\" \/>\n\t<meta property=\"og:image:height\" content=\"400\" \/>\n\t<meta property=\"og:image:type\" content=\"image\/jpeg\" \/>\n<meta name=\"author\" content=\"Laurent Schwartz\" \/>\n<meta name=\"twitter:card\" content=\"summary_large_image\" \/>\n<meta name=\"twitter:label1\" content=\"\u00c9crit par\" \/>\n\t<meta name=\"twitter:data1\" content=\"Laurent Schwartz\" \/>\n<script type=\"application\/ld+json\" class=\"yoast-schema-graph\">{\"@context\":\"https:\\\/\\\/schema.org\",\"@graph\":[{\"@type\":\"Article\",\"@id\":\"https:\\\/\\\/www.gold.fr\\\/news\\\/2021\\\/08\\\/26\\\/le-comptoir-national-de-lor-cite-par-ac-franchise-le-23-08-le-comptoir-national-de-lor-devoile-ses-objectifs-de-developpement\\\/#article\",\"isPartOf\":{\"@id\":\"https:\\\/\\\/www.gold.fr\\\/news\\\/2021\\\/08\\\/26\\\/le-comptoir-national-de-lor-cite-par-ac-franchise-le-23-08-le-comptoir-national-de-lor-devoile-ses-objectifs-de-developpement\\\/\"},\"author\":{\"name\":\"Laurent Schwartz\",\"@id\":\"https:\\\/\\\/www.gold.fr\\\/news\\\/#\\\/schema\\\/person\\\/4ed91d9a70d8f3a313c26e8308214fc2\"},\"headline\":\"Le Comptoir National de l\u2019Or cit\u00e9 par AC Franchise le 23\\\/08 &#8211; Le Comptoir National de l\u2019Or d\u00e9voile ses objectifs de d\u00e9veloppement\",\"datePublished\":\"2021-08-26T12:58:49+00:00\",\"dateModified\":\"2021-08-26T13:01:53+00:00\",\"mainEntityOfPage\":{\"@id\":\"https:\\\/\\\/www.gold.fr\\\/news\\\/2021\\\/08\\\/26\\\/le-comptoir-national-de-lor-cite-par-ac-franchise-le-23-08-le-comptoir-national-de-lor-devoile-ses-objectifs-de-developpement\\\/\"},\"wordCount\":74,\"image\":{\"@id\":\"https:\\\/\\\/www.gold.fr\\\/news\\\/2021\\\/08\\\/26\\\/le-comptoir-national-de-lor-cite-par-ac-franchise-le-23-08-le-comptoir-national-de-lor-devoile-ses-objectifs-de-developpement\\\/#primaryimage\"},\"thumbnailUrl\":\"https:\\\/\\\/www.gold.fr\\\/news\\\/wp-content\\\/uploads\\\/2021\\\/08\\\/acfranchise.jpg\",\"keywords\":[\"Comptoir National de l'Or\",\"franchise\",\"Investissement\",\"Investissement Or\",\"Or\"],\"articleSection\":[\"Articles de presse\",\"CNDO dans la presse\"],\"inLanguage\":\"fr-FR\"},{\"@type\":\"WebPage\",\"@id\":\"https:\\\/\\\/www.gold.fr\\\/news\\\/2021\\\/08\\\/26\\\/le-comptoir-national-de-lor-cite-par-ac-franchise-le-23-08-le-comptoir-national-de-lor-devoile-ses-objectifs-de-developpement\\\/\",\"url\":\"https:\\\/\\\/www.gold.fr\\\/news\\\/2021\\\/08\\\/26\\\/le-comptoir-national-de-lor-cite-par-ac-franchise-le-23-08-le-comptoir-national-de-lor-devoile-ses-objectifs-de-developpement\\\/\",\"name\":\"Le Comptoir National de l\u2019Or cit\u00e9 par AC Franchise le 23\\\/08\",\"isPartOf\":{\"@id\":\"https:\\\/\\\/www.gold.fr\\\/news\\\/#website\"},\"primaryImageOfPage\":{\"@id\":\"https:\\\/\\\/www.gold.fr\\\/news\\\/2021\\\/08\\\/26\\\/le-comptoir-national-de-lor-cite-par-ac-franchise-le-23-08-le-comptoir-national-de-lor-devoile-ses-objectifs-de-developpement\\\/#primaryimage\"},\"image\":{\"@id\":\"https:\\\/\\\/www.gold.fr\\\/news\\\/2021\\\/08\\\/26\\\/le-comptoir-national-de-lor-cite-par-ac-franchise-le-23-08-le-comptoir-national-de-lor-devoile-ses-objectifs-de-developpement\\\/#primaryimage\"},\"thumbnailUrl\":\"https:\\\/\\\/www.gold.fr\\\/news\\\/wp-content\\\/uploads\\\/2021\\\/08\\\/acfranchise.jpg\",\"datePublished\":\"2021-08-26T12:58:49+00:00\",\"dateModified\":\"2021-08-26T13:01:53+00:00\",\"author\":{\"@id\":\"https:\\\/\\\/www.gold.fr\\\/news\\\/#\\\/schema\\\/person\\\/4ed91d9a70d8f3a313c26e8308214fc2\"},\"description\":\"La\u00a0franchise Le Comptoir National de l\u2019Or\u00a0compte plus de 60 unit\u00e9s sur le territoire fran\u00e7ais\u00a0et 2 autres en Allemagne.\",\"breadcrumb\":{\"@id\":\"https:\\\/\\\/www.gold.fr\\\/news\\\/2021\\\/08\\\/26\\\/le-comptoir-national-de-lor-cite-par-ac-franchise-le-23-08-le-comptoir-national-de-lor-devoile-ses-objectifs-de-developpement\\\/#breadcrumb\"},\"inLanguage\":\"fr-FR\",\"potentialAction\":[{\"@type\":\"ReadAction\",\"target\":[\"https:\\\/\\\/www.gold.fr\\\/news\\\/2021\\\/08\\\/26\\\/le-comptoir-national-de-lor-cite-par-ac-franchise-le-23-08-le-comptoir-national-de-lor-devoile-ses-objectifs-de-developpement\\\/\"]}]},{\"@type\":\"ImageObject\",\"inLanguage\":\"fr-FR\",\"@id\":\"https:\\\/\\\/www.gold.fr\\\/news\\\/2021\\\/08\\\/26\\\/le-comptoir-national-de-lor-cite-par-ac-franchise-le-23-08-le-comptoir-national-de-lor-devoile-ses-objectifs-de-developpement\\\/#primaryimage\",\"url\":\"https:\\\/\\\/www.gold.fr\\\/news\\\/wp-content\\\/uploads\\\/2021\\\/08\\\/acfranchise.jpg\",\"contentUrl\":\"https:\\\/\\\/www.gold.fr\\\/news\\\/wp-content\\\/uploads\\\/2021\\\/08\\\/acfranchise.jpg\",\"width\":400,\"height\":400,\"caption\":\"acfranchise\"},{\"@type\":\"BreadcrumbList\",\"@id\":\"https:\\\/\\\/www.gold.fr\\\/news\\\/2021\\\/08\\\/26\\\/le-comptoir-national-de-lor-cite-par-ac-franchise-le-23-08-le-comptoir-national-de-lor-devoile-ses-objectifs-de-developpement\\\/#breadcrumb\",\"itemListElement\":[{\"@type\":\"ListItem\",\"position\":1,\"name\":\"Accueil\",\"item\":\"https:\\\/\\\/www.gold.fr\\\/\"},{\"@type\":\"ListItem\",\"position\":2,\"name\":\"Actualit\u00e9s\",\"item\":\"https:\\\/\\\/www.gold.fr\\\/news\\\/\"},{\"@type\":\"ListItem\",\"position\":3,\"name\":\"Le Comptoir National de l\u2019Or cit\u00e9 par AC Franchise le 23\\\/08 &#8211; Le Comptoir National de l\u2019Or d\u00e9voile ses objectifs de d\u00e9veloppement\"}]},{\"@type\":\"WebSite\",\"@id\":\"https:\\\/\\\/www.gold.fr\\\/news\\\/#website\",\"url\":\"https:\\\/\\\/www.gold.fr\\\/news\\\/\",\"name\":\"Gold.fr\",\"description\":\"Actualit\u00e9s de l&#039;Or et des m\u00e9taux pr\u00e9cieux\",\"potentialAction\":[{\"@type\":\"SearchAction\",\"target\":{\"@type\":\"EntryPoint\",\"urlTemplate\":\"https:\\\/\\\/www.gold.fr\\\/news\\\/?s={search_term_string}\"},\"query-input\":{\"@type\":\"PropertyValueSpecification\",\"valueRequired\":true,\"valueName\":\"search_term_string\"}}],\"inLanguage\":\"fr-FR\"},{\"@type\":\"Person\",\"@id\":\"https:\\\/\\\/www.gold.fr\\\/news\\\/#\\\/schema\\\/person\\\/4ed91d9a70d8f3a313c26e8308214fc2\",\"name\":\"Laurent Schwartz\",\"image\":{\"@type\":\"ImageObject\",\"inLanguage\":\"fr-FR\",\"@id\":\"https:\\\/\\\/secure.gravatar.com\\\/avatar\\\/1496f846049365121827f5470219486f1a95f83957cc8ca0a9595e40c185f5ee?s=96&d=mm&r=g76f0e87c9ba82a161860a0fc16990d85\",\"url\":\"https:\\\/\\\/secure.gravatar.com\\\/avatar\\\/1496f846049365121827f5470219486f1a95f83957cc8ca0a9595e40c185f5ee?s=96&d=mm&r=g\",\"contentUrl\":\"https:\\\/\\\/secure.gravatar.com\\\/avatar\\\/1496f846049365121827f5470219486f1a95f83957cc8ca0a9595e40c185f5ee?s=96&d=mm&r=g\",\"caption\":\"Laurent Schwartz\"},\"description\":\"Dipl\u00f4m\u00e9 de l\u2019EDHEC Business School en 2005, Laurent SCHWARTZ int\u00e8gre le cabinet d\u2019audit ERNST &amp; YOUNG en 2005 o\u00f9 il travaille pendant 4 ans. Parall\u00e8lement, il travaille au sein de l\u2019entreprise familiale cr\u00e9\u00e9e en 1976 \u00e0 Strasbourg. Fort de cette exp\u00e9rience et du savoir-faire d\u00e9velopp\u00e9 durant ces 40 derni\u00e8res ann\u00e9es, Laurent proc\u00e8de \u00e0 la refonte du site Internet Gold.fr d\u00e9di\u00e9 \u00e0 l\u2019achat d'or, vente d\u2019or (pi\u00e8ces, lingots, ...), achat or et argent,... qui conna\u00eetra un franc succ\u00e8s d\u00e8s son d\u00e9marrage en 2008. Il d\u00e9cide alors de d\u00e9velopper un r\u00e9seau de concessions exclusives: Le Comptoir National de l\u2019Or. Il assure d\u00e9sormais le pilotage strat\u00e9gique du 1er r\u00e9seau de France qui compte aujourd\u2019hui pas loin de 60 agences r\u00e9parties dans toute la France et depuis peu en Allemagne (Breisach). Le Comptoir National de l\u2019Or se positionne aujourd\u2019hui comme le leader incontournable sur le march\u00e9 de l\u2019Or et des m\u00e9taux pr\u00e9cieux en France.\",\"sameAs\":[\"https:\\\/\\\/www.gold.fr\",\"https:\\\/\\\/www.linkedin.com\\\/in\\\/acheteror\\\/\"]}]}<\/script>\n<!-- \/ Yoast SEO plugin. -->","yoast_head_json":{"title":"Le Comptoir National de l\u2019Or cit\u00e9 par AC Franchise le 23\/08","description":"La\u00a0franchise Le Comptoir National de l\u2019Or\u00a0compte plus de 60 unit\u00e9s sur le territoire fran\u00e7ais\u00a0et 2 autres en Allemagne.","robots":{"index":"index","follow":"follow","max-snippet":"max-snippet:-1","max-image-preview":"max-image-preview:large","max-video-preview":"max-video-preview:-1"},"canonical":"https:\/\/www.gold.fr\/news\/2021\/08\/26\/le-comptoir-national-de-lor-cite-par-ac-franchise-le-23-08-le-comptoir-national-de-lor-devoile-ses-objectifs-de-developpement\/","og_locale":"fr_FR","og_type":"article","og_title":"Le Comptoir National de l\u2019Or cit\u00e9 par AC Franchise le 23\/08","og_description":"La\u00a0franchise Le Comptoir National de l\u2019Or\u00a0compte plus de 60 unit\u00e9s sur le territoire fran\u00e7ais\u00a0et 2 autres en Allemagne.","og_url":"https:\/\/www.gold.fr\/news\/2021\/08\/26\/le-comptoir-national-de-lor-cite-par-ac-franchise-le-23-08-le-comptoir-national-de-lor-devoile-ses-objectifs-de-developpement\/","og_site_name":"Gold.fr","article_publisher":"https:\/\/www.facebook.com\/Goldfr\/","article_published_time":"2021-08-26T12:58:49+00:00","article_modified_time":"2021-08-26T13:01:53+00:00","og_image":[{"width":400,"height":400,"url":"https:\/\/www.gold.fr\/news\/wp-content\/uploads\/2021\/08\/acfranchise.jpg","type":"image\/jpeg"}],"author":"Laurent Schwartz","twitter_card":"summary_large_image","twitter_misc":{"\u00c9crit par":"Laurent Schwartz"},"schema":{"@context":"https:\/\/schema.org","@graph":[{"@type":"Article","@id":"https:\/\/www.gold.fr\/news\/2021\/08\/26\/le-comptoir-national-de-lor-cite-par-ac-franchise-le-23-08-le-comptoir-national-de-lor-devoile-ses-objectifs-de-developpement\/#article","isPartOf":{"@id":"https:\/\/www.gold.fr\/news\/2021\/08\/26\/le-comptoir-national-de-lor-cite-par-ac-franchise-le-23-08-le-comptoir-national-de-lor-devoile-ses-objectifs-de-developpement\/"},"author":{"name":"Laurent Schwartz","@id":"https:\/\/www.gold.fr\/news\/#\/schema\/person\/4ed91d9a70d8f3a313c26e8308214fc2"},"headline":"Le Comptoir National de l\u2019Or cit\u00e9 par AC Franchise le 23\/08 &#8211; Le Comptoir National de l\u2019Or d\u00e9voile ses objectifs de d\u00e9veloppement","datePublished":"2021-08-26T12:58:49+00:00","dateModified":"2021-08-26T13:01:53+00:00","mainEntityOfPage":{"@id":"https:\/\/www.gold.fr\/news\/2021\/08\/26\/le-comptoir-national-de-lor-cite-par-ac-franchise-le-23-08-le-comptoir-national-de-lor-devoile-ses-objectifs-de-developpement\/"},"wordCount":74,"image":{"@id":"https:\/\/www.gold.fr\/news\/2021\/08\/26\/le-comptoir-national-de-lor-cite-par-ac-franchise-le-23-08-le-comptoir-national-de-lor-devoile-ses-objectifs-de-developpement\/#primaryimage"},"thumbnailUrl":"https:\/\/www.gold.fr\/news\/wp-content\/uploads\/2021\/08\/acfranchise.jpg","keywords":["Comptoir National de l'Or","franchise","Investissement","Investissement Or","Or"],"articleSection":["Articles de presse","CNDO dans la presse"],"inLanguage":"fr-FR"},{"@type":"WebPage","@id":"https:\/\/www.gold.fr\/news\/2021\/08\/26\/le-comptoir-national-de-lor-cite-par-ac-franchise-le-23-08-le-comptoir-national-de-lor-devoile-ses-objectifs-de-developpement\/","url":"https:\/\/www.gold.fr\/news\/2021\/08\/26\/le-comptoir-national-de-lor-cite-par-ac-franchise-le-23-08-le-comptoir-national-de-lor-devoile-ses-objectifs-de-developpement\/","name":"Le Comptoir National de l\u2019Or cit\u00e9 par AC Franchise le 23\/08","isPartOf":{"@id":"https:\/\/www.gold.fr\/news\/#website"},"primaryImageOfPage":{"@id":"https:\/\/www.gold.fr\/news\/2021\/08\/26\/le-comptoir-national-de-lor-cite-par-ac-franchise-le-23-08-le-comptoir-national-de-lor-devoile-ses-objectifs-de-developpement\/#primaryimage"},"image":{"@id":"https:\/\/www.gold.fr\/news\/2021\/08\/26\/le-comptoir-national-de-lor-cite-par-ac-franchise-le-23-08-le-comptoir-national-de-lor-devoile-ses-objectifs-de-developpement\/#primaryimage"},"thumbnailUrl":"https:\/\/www.gold.fr\/news\/wp-content\/uploads\/2021\/08\/acfranchise.jpg","datePublished":"2021-08-26T12:58:49+00:00","dateModified":"2021-08-26T13:01:53+00:00","author":{"@id":"https:\/\/www.gold.fr\/news\/#\/schema\/person\/4ed91d9a70d8f3a313c26e8308214fc2"},"description":"La\u00a0franchise Le Comptoir National de l\u2019Or\u00a0compte plus de 60 unit\u00e9s sur le territoire fran\u00e7ais\u00a0et 2 autres en Allemagne.","breadcrumb":{"@id":"https:\/\/www.gold.fr\/news\/2021\/08\/26\/le-comptoir-national-de-lor-cite-par-ac-franchise-le-23-08-le-comptoir-national-de-lor-devoile-ses-objectifs-de-developpement\/#breadcrumb"},"inLanguage":"fr-FR","potentialAction":[{"@type":"ReadAction","target":["https:\/\/www.gold.fr\/news\/2021\/08\/26\/le-comptoir-national-de-lor-cite-par-ac-franchise-le-23-08-le-comptoir-national-de-lor-devoile-ses-objectifs-de-developpement\/"]}]},{"@type":"ImageObject","inLanguage":"fr-FR","@id":"https:\/\/www.gold.fr\/news\/2021\/08\/26\/le-comptoir-national-de-lor-cite-par-ac-franchise-le-23-08-le-comptoir-national-de-lor-devoile-ses-objectifs-de-developpement\/#primaryimage","url":"https:\/\/www.gold.fr\/news\/wp-content\/uploads\/2021\/08\/acfranchise.jpg","contentUrl":"https:\/\/www.gold.fr\/news\/wp-content\/uploads\/2021\/08\/acfranchise.jpg","width":400,"height":400,"caption":"acfranchise"},{"@type":"BreadcrumbList","@id":"https:\/\/www.gold.fr\/news\/2021\/08\/26\/le-comptoir-national-de-lor-cite-par-ac-franchise-le-23-08-le-comptoir-national-de-lor-devoile-ses-objectifs-de-developpement\/#breadcrumb","itemListElement":[{"@type":"ListItem","position":1,"name":"Accueil","item":"https:\/\/www.gold.fr\/"},{"@type":"ListItem","position":2,"name":"Actualit\u00e9s","item":"https:\/\/www.gold.fr\/news\/"},{"@type":"ListItem","position":3,"name":"Le Comptoir National de l\u2019Or cit\u00e9 par AC Franchise le 23\/08 &#8211; Le Comptoir National de l\u2019Or d\u00e9voile ses objectifs de d\u00e9veloppement"}]},{"@type":"WebSite","@id":"https:\/\/www.gold.fr\/news\/#website","url":"https:\/\/www.gold.fr\/news\/","name":"Gold.fr","description":"Actualit\u00e9s de l&#039;Or et des m\u00e9taux pr\u00e9cieux","potentialAction":[{"@type":"SearchAction","target":{"@type":"EntryPoint","urlTemplate":"https:\/\/www.gold.fr\/news\/?s={search_term_string}"},"query-input":{"@type":"PropertyValueSpecification","valueRequired":true,"valueName":"search_term_string"}}],"inLanguage":"fr-FR"},{"@type":"Person","@id":"https:\/\/www.gold.fr\/news\/#\/schema\/person\/4ed91d9a70d8f3a313c26e8308214fc2","name":"Laurent Schwartz","image":{"@type":"ImageObject","inLanguage":"fr-FR","@id":"https:\/\/secure.gravatar.com\/avatar\/1496f846049365121827f5470219486f1a95f83957cc8ca0a9595e40c185f5ee?s=96&d=mm&r=g76f0e87c9ba82a161860a0fc16990d85","url":"https:\/\/secure.gravatar.com\/avatar\/1496f846049365121827f5470219486f1a95f83957cc8ca0a9595e40c185f5ee?s=96&d=mm&r=g","contentUrl":"https:\/\/secure.gravatar.com\/avatar\/1496f846049365121827f5470219486f1a95f83957cc8ca0a9595e40c185f5ee?s=96&d=mm&r=g","caption":"Laurent Schwartz"},"description":"Dipl\u00f4m\u00e9 de l\u2019EDHEC Business School en 2005, Laurent SCHWARTZ int\u00e8gre le cabinet d\u2019audit ERNST &amp; YOUNG en 2005 o\u00f9 il travaille pendant 4 ans. Parall\u00e8lement, il travaille au sein de l\u2019entreprise familiale cr\u00e9\u00e9e en 1976 \u00e0 Strasbourg. Fort de cette exp\u00e9rience et du savoir-faire d\u00e9velopp\u00e9 durant ces 40 derni\u00e8res ann\u00e9es, Laurent proc\u00e8de \u00e0 la refonte du site Internet Gold.fr d\u00e9di\u00e9 \u00e0 l\u2019achat d'or, vente d\u2019or (pi\u00e8ces, lingots, ...), achat or et argent,... qui conna\u00eetra un franc succ\u00e8s d\u00e8s son d\u00e9marrage en 2008. Il d\u00e9cide alors de d\u00e9velopper un r\u00e9seau de concessions exclusives: Le Comptoir National de l\u2019Or. Il assure d\u00e9sormais le pilotage strat\u00e9gique du 1er r\u00e9seau de France qui compte aujourd\u2019hui pas loin de 60 agences r\u00e9parties dans toute la France et depuis peu en Allemagne (Breisach). Le Comptoir National de l\u2019Or se positionne aujourd\u2019hui comme le leader incontournable sur le march\u00e9 de l\u2019Or et des m\u00e9taux pr\u00e9cieux en France.","sameAs":["https:\/\/www.gold.fr","https:\/\/www.linkedin.com\/in\/acheteror\/"]}]}},"authors":[{"term_id":2567,"user_id":6,"is_guest":0,"slug":"laurent","display_name":"Laurent Schwartz","avatar_url":"https:\/\/secure.gravatar.com\/avatar\/1496f846049365121827f5470219486f1a95f83957cc8ca0a9595e40c185f5ee?s=96&d=mm&r=g","0":null,"1":"","2":"","3":"","4":"","5":"","6":"","7":"","8":""}],"_links":{"self":[{"href":"https:\/\/www.gold.fr\/news\/wp-json\/wp\/v2\/posts\/40118","targetHints":{"allow":["GET"]}}],"collection":[{"href":"https:\/\/www.gold.fr\/news\/wp-json\/wp\/v2\/posts"}],"about":[{"href":"https:\/\/www.gold.fr\/news\/wp-json\/wp\/v2\/types\/post"}],"author":[{"embeddable":true,"href":"https:\/\/www.gold.fr\/news\/wp-json\/wp\/v2\/users\/6"}],"replies":[{"embeddable":true,"href":"https:\/\/www.gold.fr\/news\/wp-json\/wp\/v2\/comments?post=40118"}],"version-history":[{"count":0,"href":"https:\/\/www.gold.fr\/news\/wp-json\/wp\/v2\/posts\/40118\/revisions"}],"wp:featuredmedia":[{"embeddable":true,"href":"https:\/\/www.gold.fr\/news\/wp-json\/wp\/v2\/media\/40120"}],"wp:attachment":[{"href":"https:\/\/www.gold.fr\/news\/wp-json\/wp\/v2\/media?parent=40118"}],"wp:term":[{"taxonomy":"category","embeddable":true,"href":"https:\/\/www.gold.fr\/news\/wp-json\/wp\/v2\/categories?post=40118"},{"taxonomy":"post_tag","embeddable":true,"href":"https:\/\/www.gold.fr\/news\/wp-json\/wp\/v2\/tags?post=40118"},{"taxonomy":"author","embeddable":true,"href":"https:\/\/www.gold.fr\/news\/wp-json\/wp\/v2\/ppma_author?post=40118"}],"curies":[{"name":"wp","href":"https:\/\/api.w.org\/{rel}","templated":true}]}}