{"id":3995,"date":"2011-11-28T14:53:19","date_gmt":"2011-11-28T13:53:19","guid":{"rendered":"http:\/\/news.gold.fr\/?p=3995"},"modified":"2017-11-02T11:37:02","modified_gmt":"2017-11-02T10:37:02","slug":"demande-sur-lor-retour-sur-une-annee-record","status":"publish","type":"post","link":"https:\/\/www.gold.fr\/news\/2011\/11\/28\/demande-sur-lor-retour-sur-une-annee-record\/","title":{"rendered":"Demande sur l\u2019Or \u2013 Retour sur une ann\u00e9e record"},"content":{"rendered":"<p style=\"text-align: justify;\"><span style=\"font-size: small;\"><img loading=\"lazy\" decoding=\"async\" class=\"size-thumbnail wp-image-3998\" style=\"float: left; margin: 5px;\" title=\"Lingot-or\" src=\"http:\/\/news.gold.fr\/wp-content\/uploads\/2011\/11\/Lingot-or-150x150.jpg\" alt=\"\" width=\"150\" height=\"150\" \/><span style=\"font-family: verdana, geneva;\">L&rsquo;ann&eacute;e 2011 aura &eacute;t&eacute; celle de tous les records pour l&rsquo;<strong><a href='https:\/\/www.gold.fr\/news\/tags\/or' class='esk-seo-plu-link'>or<\/a><\/strong>. Et il ne s&rsquo;agit pas seulement du prix du m&eacute;tal jaune&nbsp;; la consommation mondiale d&rsquo;<strong><a href='https:\/\/www.gold.fr\/news\/tags\/or' class='esk-seo-plu-link'>or<\/a><\/strong> a, elle aussi, crev&eacute; le plafond durant cette ann&eacute;e.<\/span><\/span><\/p>\n<p style=\"text-align: justify;\"><span style=\"font-size: small; font-family: verdana, geneva;\">Selon le Conseil mondial de l&rsquo;<a href='https:\/\/www.gold.fr\/news\/tags\/or' class='esk-seo-plu-link'>or<\/a> (CMO), au terme du troisi&egrave;me trimestre 2011, la <strong>demande mondiale sur l&rsquo;<a href='https:\/\/www.gold.fr\/news\/tags\/or' class='esk-seo-plu-link'>or<\/a><\/strong> a &eacute;volu&eacute; de plus de 11% par rapport au deuxi&egrave;me trimestre. Ce qui ram&egrave;ne le volume de cette consommation &agrave; un total de 1054 tonnes, enregistrant ainsi une <strong>valorisation historique de 58 milliards de dollars<\/strong>.<\/span><\/p>\n<p style=\"text-align: justify;\"><span style=\"font-size: small; font-family: verdana, geneva;\">Avec les <strong><a href=\"https:\/\/www.gold.fr\/cours-prix-de-l-or\/lingot-1-kg\/\" target=\"_blank\">lingots d&rsquo;or<\/a><\/strong> et les <strong>m&eacute;dailles<\/strong> en vedettes absolues en 2011, le march&eacute; aurif&egrave;re a surtout profit&eacute; de la demande d&rsquo;investissement dont la progression a &eacute;t&eacute; de l&rsquo;ordre de 25% (atteignant 468 tonnes). Quant &agrave; la demande d&rsquo;<strong><a href='https:\/\/www.gold.fr\/news\/tags\/or' class='esk-seo-plu-link'>or<\/a><\/strong> sur la joaillerie, elle a, certes, enregistr&eacute; un volume de 465 tonnes, mais n&rsquo;a progress&eacute; que de 2,6%.<\/span><\/p>\n<p style=\"text-align: justify;\"><span style=\"font-size: small; font-family: verdana, geneva;\">&laquo;&nbsp;Ces volumes se refl&egrave;tent parfaitement dans les transactions effectu&eacute;es au sein de nos agences.&nbsp;&raquo;, confirme Christine MARIETTE, directrice de l&rsquo;agence du Comptoir National de l&rsquo;<a href='https:\/\/www.gold.fr\/news\/tags\/or' class='esk-seo-plu-link'>Or<\/a> de Nantes.&nbsp;&laquo;&nbsp;Par contre, nos vedettes demeurent les <strong><a href=\"https:\/\/www.gold.fr\/pieces-d-or-cours-prix\/\" target=\"_blank\">pi&egrave;ces d&rsquo;or<\/a><\/strong>&nbsp;; nos clients y sont particuli&egrave;rement attach&eacute;s &raquo;.<\/span><\/p>\n<p style=\"text-align: justify;\"><span style=\"text-decoration: underline; font-size: small; font-family: verdana, geneva;\">Comptoir d&rsquo;achat et vente d&rsquo;<a href='https:\/\/www.gold.fr\/news\/tags\/or' class='esk-seo-plu-link'>Or<\/a> de Nantes,<\/span> <span style=\"font-size: small; font-family: verdana, geneva;\"> Adresse : 21 rue de Strasbourg 44000 &#8211; Nantes<\/span> <span style=\"font-size: small; font-family: verdana, geneva;\"> T&eacute;l. fixe : 02.77.38.00.05<\/span> <span style=\"font-size: small; font-family: verdana, geneva;\"> T&eacute;l. mobile : 06.48.87.49.02<\/span> <span style=\"font-size: small; font-family: verdana, geneva;\"> Email : nantes@gold.fr<\/span><\/p>\n<p style=\"text-align: justify;\"><span style=\"font-size: small; font-family: verdana, geneva;\"><a href=\"https:\/\/www.gold.fr\/contact-comptoir\/nantes\/\" target=\"_blank\">&gt;&gt;&gt; contacter ce comptoir<\/a><\/span><\/p>\n<!-- AddThis Advanced Settings generic via filter on the_content --><!-- AddThis Share Buttons generic via filter on the_content -->","protected":false},"excerpt":{"rendered":"<p>L&rsquo;ann&eacute;e 2011 aura &eacute;t&eacute; celle de tous les records pour l&rsquo;or. Et il ne s&rsquo;agit pas seulement du prix du m&eacute;tal jaune&nbsp;; la consommation mondiale d&rsquo;or a, elle aussi, crev&eacute; le plafond durant cette ann&eacute;e. Selon [&hellip;]<\/p>\n","protected":false},"author":11,"featured_media":3998,"comment_status":"open","ping_status":"open","sticky":false,"template":"","format":"standard","meta":{"_mbp_gutenberg_autopost":false,"_pgmb_is_evergreen":false,"_pgmb_ap_template_id":0,"footnotes":""},"categories":[6],"tags":[96,91,83,10],"ppma_author":[2562],"class_list":["post-3995","post","type-post","status-publish","format-standard","has-post-thumbnail","hentry","category-articles-de-presse","tag-lingot-dor","tag-piece-dor","tag-prix-de-lor","tag-records-de-lor"],"yoast_head":"<!-- This site is optimized with the Yoast SEO plugin v27.5 - https:\/\/yoast.com\/product\/yoast-seo-wordpress\/ -->\n<title>Demande sur l\u2019Or \u2013 Retour sur une ann\u00e9e record - Gold.fr<\/title>\n<meta name=\"robots\" content=\"index, follow, max-snippet:-1, max-image-preview:large, max-video-preview:-1\" \/>\n<link rel=\"canonical\" href=\"https:\/\/www.gold.fr\/news\/2011\/11\/28\/demande-sur-lor-retour-sur-une-annee-record\/\" \/>\n<meta property=\"og:locale\" content=\"fr_FR\" \/>\n<meta property=\"og:type\" content=\"article\" \/>\n<meta property=\"og:title\" content=\"Demande sur l\u2019Or \u2013 Retour sur une ann\u00e9e record - Gold.fr\" \/>\n<meta property=\"og:description\" content=\"L&rsquo;ann&eacute;e 2011 aura &eacute;t&eacute; celle de tous les records pour l&rsquo;or. Et il ne s&rsquo;agit pas seulement du prix du m&eacute;tal jaune&nbsp;; la consommation mondiale d&rsquo;or a, elle aussi, crev&eacute; le plafond durant cette ann&eacute;e. Selon [&hellip;]\" \/>\n<meta property=\"og:url\" content=\"https:\/\/www.gold.fr\/news\/2011\/11\/28\/demande-sur-lor-retour-sur-une-annee-record\/\" \/>\n<meta property=\"og:site_name\" content=\"Gold.fr\" \/>\n<meta property=\"article:publisher\" content=\"https:\/\/www.facebook.com\/Goldfr\/\" \/>\n<meta property=\"article:published_time\" content=\"2011-11-28T13:53:19+00:00\" \/>\n<meta property=\"article:modified_time\" content=\"2017-11-02T10:37:02+00:00\" \/>\n<meta property=\"og:image\" content=\"https:\/\/www.gold.fr\/news\/wp-content\/uploads\/2011\/11\/Lingot-or.jpg\" \/>\n\t<meta property=\"og:image:width\" content=\"600\" \/>\n\t<meta property=\"og:image:height\" content=\"392\" \/>\n\t<meta property=\"og:image:type\" content=\"image\/jpeg\" \/>\n<meta name=\"author\" content=\"Anthony\" \/>\n<meta name=\"twitter:card\" content=\"summary_large_image\" \/>\n<meta name=\"twitter:label1\" content=\"\u00c9crit par\" \/>\n\t<meta name=\"twitter:data1\" content=\"Anthony\" \/>\n\t<meta name=\"twitter:label2\" content=\"Dur\u00e9e de lecture estim\u00e9e\" \/>\n\t<meta name=\"twitter:data2\" content=\"1 minute\" \/>\n<script type=\"application\/ld+json\" class=\"yoast-schema-graph\">{\"@context\":\"https:\\\/\\\/schema.org\",\"@graph\":[{\"@type\":\"Article\",\"@id\":\"https:\\\/\\\/www.gold.fr\\\/news\\\/2011\\\/11\\\/28\\\/demande-sur-lor-retour-sur-une-annee-record\\\/#article\",\"isPartOf\":{\"@id\":\"https:\\\/\\\/www.gold.fr\\\/news\\\/2011\\\/11\\\/28\\\/demande-sur-lor-retour-sur-une-annee-record\\\/\"},\"author\":{\"name\":\"Anthony\",\"@id\":\"https:\\\/\\\/www.gold.fr\\\/news\\\/#\\\/schema\\\/person\\\/feb6458ffd7bceeeb4e228398c34fbe5\"},\"headline\":\"Demande sur l\u2019Or \u2013 Retour sur une ann\u00e9e record\",\"datePublished\":\"2011-11-28T13:53:19+00:00\",\"dateModified\":\"2017-11-02T10:37:02+00:00\",\"mainEntityOfPage\":{\"@id\":\"https:\\\/\\\/www.gold.fr\\\/news\\\/2011\\\/11\\\/28\\\/demande-sur-lor-retour-sur-une-annee-record\\\/\"},\"wordCount\":288,\"commentCount\":0,\"image\":{\"@id\":\"https:\\\/\\\/www.gold.fr\\\/news\\\/2011\\\/11\\\/28\\\/demande-sur-lor-retour-sur-une-annee-record\\\/#primaryimage\"},\"thumbnailUrl\":\"https:\\\/\\\/www.gold.fr\\\/news\\\/wp-content\\\/uploads\\\/2011\\\/11\\\/Lingot-or.jpg\",\"keywords\":[\"Lingot d'Or\",\"Pi\u00e8ce d'Or\",\"prix de l'or\",\"Records de l'Or\"],\"articleSection\":[\"Articles de presse\"],\"inLanguage\":\"fr-FR\"},{\"@type\":\"WebPage\",\"@id\":\"https:\\\/\\\/www.gold.fr\\\/news\\\/2011\\\/11\\\/28\\\/demande-sur-lor-retour-sur-une-annee-record\\\/\",\"url\":\"https:\\\/\\\/www.gold.fr\\\/news\\\/2011\\\/11\\\/28\\\/demande-sur-lor-retour-sur-une-annee-record\\\/\",\"name\":\"Demande sur l\u2019Or \u2013 Retour sur une ann\u00e9e record - Gold.fr\",\"isPartOf\":{\"@id\":\"https:\\\/\\\/www.gold.fr\\\/news\\\/#website\"},\"primaryImageOfPage\":{\"@id\":\"https:\\\/\\\/www.gold.fr\\\/news\\\/2011\\\/11\\\/28\\\/demande-sur-lor-retour-sur-une-annee-record\\\/#primaryimage\"},\"image\":{\"@id\":\"https:\\\/\\\/www.gold.fr\\\/news\\\/2011\\\/11\\\/28\\\/demande-sur-lor-retour-sur-une-annee-record\\\/#primaryimage\"},\"thumbnailUrl\":\"https:\\\/\\\/www.gold.fr\\\/news\\\/wp-content\\\/uploads\\\/2011\\\/11\\\/Lingot-or.jpg\",\"datePublished\":\"2011-11-28T13:53:19+00:00\",\"dateModified\":\"2017-11-02T10:37:02+00:00\",\"author\":{\"@id\":\"https:\\\/\\\/www.gold.fr\\\/news\\\/#\\\/schema\\\/person\\\/feb6458ffd7bceeeb4e228398c34fbe5\"},\"breadcrumb\":{\"@id\":\"https:\\\/\\\/www.gold.fr\\\/news\\\/2011\\\/11\\\/28\\\/demande-sur-lor-retour-sur-une-annee-record\\\/#breadcrumb\"},\"inLanguage\":\"fr-FR\",\"potentialAction\":[{\"@type\":\"ReadAction\",\"target\":[\"https:\\\/\\\/www.gold.fr\\\/news\\\/2011\\\/11\\\/28\\\/demande-sur-lor-retour-sur-une-annee-record\\\/\"]}]},{\"@type\":\"ImageObject\",\"inLanguage\":\"fr-FR\",\"@id\":\"https:\\\/\\\/www.gold.fr\\\/news\\\/2011\\\/11\\\/28\\\/demande-sur-lor-retour-sur-une-annee-record\\\/#primaryimage\",\"url\":\"https:\\\/\\\/www.gold.fr\\\/news\\\/wp-content\\\/uploads\\\/2011\\\/11\\\/Lingot-or.jpg\",\"contentUrl\":\"https:\\\/\\\/www.gold.fr\\\/news\\\/wp-content\\\/uploads\\\/2011\\\/11\\\/Lingot-or.jpg\",\"width\":\"600\",\"height\":\"392\",\"caption\":\"L'attentisme FED profite \u00e0 l'or\"},{\"@type\":\"BreadcrumbList\",\"@id\":\"https:\\\/\\\/www.gold.fr\\\/news\\\/2011\\\/11\\\/28\\\/demande-sur-lor-retour-sur-une-annee-record\\\/#breadcrumb\",\"itemListElement\":[{\"@type\":\"ListItem\",\"position\":1,\"name\":\"Accueil\",\"item\":\"https:\\\/\\\/www.gold.fr\\\/\"},{\"@type\":\"ListItem\",\"position\":2,\"name\":\"Actualit\u00e9s\",\"item\":\"https:\\\/\\\/www.gold.fr\\\/news\\\/\"},{\"@type\":\"ListItem\",\"position\":3,\"name\":\"Demande sur l\u2019Or \u2013 Retour sur une ann\u00e9e record\"}]},{\"@type\":\"WebSite\",\"@id\":\"https:\\\/\\\/www.gold.fr\\\/news\\\/#website\",\"url\":\"https:\\\/\\\/www.gold.fr\\\/news\\\/\",\"name\":\"Gold.fr\",\"description\":\"Actualit\u00e9s de l&#039;Or et des m\u00e9taux pr\u00e9cieux\",\"potentialAction\":[{\"@type\":\"SearchAction\",\"target\":{\"@type\":\"EntryPoint\",\"urlTemplate\":\"https:\\\/\\\/www.gold.fr\\\/news\\\/?s={search_term_string}\"},\"query-input\":{\"@type\":\"PropertyValueSpecification\",\"valueRequired\":true,\"valueName\":\"search_term_string\"}}],\"inLanguage\":\"fr-FR\"},{\"@type\":\"Person\",\"@id\":\"https:\\\/\\\/www.gold.fr\\\/news\\\/#\\\/schema\\\/person\\\/feb6458ffd7bceeeb4e228398c34fbe5\",\"name\":\"Anthony\",\"image\":{\"@type\":\"ImageObject\",\"inLanguage\":\"fr-FR\",\"@id\":\"https:\\\/\\\/secure.gravatar.com\\\/avatar\\\/19974f7c75da5f0b217374f3a37eb05031e41aaad4ceb3fe17ada2ab3daf6b95?s=96&d=mm&r=gbc5324aff3d366843e00df00c899c1a8\",\"url\":\"https:\\\/\\\/secure.gravatar.com\\\/avatar\\\/19974f7c75da5f0b217374f3a37eb05031e41aaad4ceb3fe17ada2ab3daf6b95?s=96&d=mm&r=g\",\"contentUrl\":\"https:\\\/\\\/secure.gravatar.com\\\/avatar\\\/19974f7c75da5f0b217374f3a37eb05031e41aaad4ceb3fe17ada2ab3daf6b95?s=96&d=mm&r=g\",\"caption\":\"Anthony\"},\"description\":\"Notre r\u00e9daction est constitu\u00e9e de membres experts dans les m\u00e9tiers de l'\u00e9conomie et la gestion, des Responsables d'agence Comptoir National de l'Or, des analystes financiers qui publient r\u00e9guli\u00e8rement des \u00e9tudes sur les politiques des banques centrales, le cours de l'or, le cours de l'argent, cours du platine, cours du palladium... la situation en zone euro et l'impact de la strat\u00e9gie mon\u00e9taire de la FED. Notre \u00e9quipe scrute \u00e9galement une information plus g\u00e9n\u00e9raliste \u00e0 la recherche d'actualit\u00e9 \\\"p\u00e9pite\\\" \u00e0 vous partager. Depuis 5 ans, nous avons publi\u00e9 un peu plus de 4000 articles qui s'adressent \u00e0 un public large et vari\u00e9 ayant pour objectif de satisfaire votre curiosit\u00e9 et de partager avec vous une certaine fascination pour le m\u00e9tal jaune, pour ceux qui veulent investir dans l'or, vendre leur or tout simplement en savoir plus...\",\"sameAs\":[\"https:\\\/\\\/www.gold.fr\\\/news\"]}]}<\/script>\n<!-- \/ Yoast SEO plugin. -->","yoast_head_json":{"title":"Demande sur l\u2019Or \u2013 Retour sur une ann\u00e9e record - Gold.fr","robots":{"index":"index","follow":"follow","max-snippet":"max-snippet:-1","max-image-preview":"max-image-preview:large","max-video-preview":"max-video-preview:-1"},"canonical":"https:\/\/www.gold.fr\/news\/2011\/11\/28\/demande-sur-lor-retour-sur-une-annee-record\/","og_locale":"fr_FR","og_type":"article","og_title":"Demande sur l\u2019Or \u2013 Retour sur une ann\u00e9e record - Gold.fr","og_description":"L&rsquo;ann&eacute;e 2011 aura &eacute;t&eacute; celle de tous les records pour l&rsquo;or. Et il ne s&rsquo;agit pas seulement du prix du m&eacute;tal jaune&nbsp;; la consommation mondiale d&rsquo;or a, elle aussi, crev&eacute; le plafond durant cette ann&eacute;e. Selon [&hellip;]","og_url":"https:\/\/www.gold.fr\/news\/2011\/11\/28\/demande-sur-lor-retour-sur-une-annee-record\/","og_site_name":"Gold.fr","article_publisher":"https:\/\/www.facebook.com\/Goldfr\/","article_published_time":"2011-11-28T13:53:19+00:00","article_modified_time":"2017-11-02T10:37:02+00:00","og_image":[{"width":600,"height":392,"url":"https:\/\/www.gold.fr\/news\/wp-content\/uploads\/2011\/11\/Lingot-or.jpg","type":"image\/jpeg"}],"author":"Anthony","twitter_card":"summary_large_image","twitter_misc":{"\u00c9crit par":"Anthony","Dur\u00e9e de lecture estim\u00e9e":"1 minute"},"schema":{"@context":"https:\/\/schema.org","@graph":[{"@type":"Article","@id":"https:\/\/www.gold.fr\/news\/2011\/11\/28\/demande-sur-lor-retour-sur-une-annee-record\/#article","isPartOf":{"@id":"https:\/\/www.gold.fr\/news\/2011\/11\/28\/demande-sur-lor-retour-sur-une-annee-record\/"},"author":{"name":"Anthony","@id":"https:\/\/www.gold.fr\/news\/#\/schema\/person\/feb6458ffd7bceeeb4e228398c34fbe5"},"headline":"Demande sur l\u2019Or \u2013 Retour sur une ann\u00e9e record","datePublished":"2011-11-28T13:53:19+00:00","dateModified":"2017-11-02T10:37:02+00:00","mainEntityOfPage":{"@id":"https:\/\/www.gold.fr\/news\/2011\/11\/28\/demande-sur-lor-retour-sur-une-annee-record\/"},"wordCount":288,"commentCount":0,"image":{"@id":"https:\/\/www.gold.fr\/news\/2011\/11\/28\/demande-sur-lor-retour-sur-une-annee-record\/#primaryimage"},"thumbnailUrl":"https:\/\/www.gold.fr\/news\/wp-content\/uploads\/2011\/11\/Lingot-or.jpg","keywords":["Lingot d'Or","Pi\u00e8ce d'Or","prix de l'or","Records de l'Or"],"articleSection":["Articles de presse"],"inLanguage":"fr-FR"},{"@type":"WebPage","@id":"https:\/\/www.gold.fr\/news\/2011\/11\/28\/demande-sur-lor-retour-sur-une-annee-record\/","url":"https:\/\/www.gold.fr\/news\/2011\/11\/28\/demande-sur-lor-retour-sur-une-annee-record\/","name":"Demande sur l\u2019Or \u2013 Retour sur une ann\u00e9e record - Gold.fr","isPartOf":{"@id":"https:\/\/www.gold.fr\/news\/#website"},"primaryImageOfPage":{"@id":"https:\/\/www.gold.fr\/news\/2011\/11\/28\/demande-sur-lor-retour-sur-une-annee-record\/#primaryimage"},"image":{"@id":"https:\/\/www.gold.fr\/news\/2011\/11\/28\/demande-sur-lor-retour-sur-une-annee-record\/#primaryimage"},"thumbnailUrl":"https:\/\/www.gold.fr\/news\/wp-content\/uploads\/2011\/11\/Lingot-or.jpg","datePublished":"2011-11-28T13:53:19+00:00","dateModified":"2017-11-02T10:37:02+00:00","author":{"@id":"https:\/\/www.gold.fr\/news\/#\/schema\/person\/feb6458ffd7bceeeb4e228398c34fbe5"},"breadcrumb":{"@id":"https:\/\/www.gold.fr\/news\/2011\/11\/28\/demande-sur-lor-retour-sur-une-annee-record\/#breadcrumb"},"inLanguage":"fr-FR","potentialAction":[{"@type":"ReadAction","target":["https:\/\/www.gold.fr\/news\/2011\/11\/28\/demande-sur-lor-retour-sur-une-annee-record\/"]}]},{"@type":"ImageObject","inLanguage":"fr-FR","@id":"https:\/\/www.gold.fr\/news\/2011\/11\/28\/demande-sur-lor-retour-sur-une-annee-record\/#primaryimage","url":"https:\/\/www.gold.fr\/news\/wp-content\/uploads\/2011\/11\/Lingot-or.jpg","contentUrl":"https:\/\/www.gold.fr\/news\/wp-content\/uploads\/2011\/11\/Lingot-or.jpg","width":"600","height":"392","caption":"L'attentisme FED profite \u00e0 l'or"},{"@type":"BreadcrumbList","@id":"https:\/\/www.gold.fr\/news\/2011\/11\/28\/demande-sur-lor-retour-sur-une-annee-record\/#breadcrumb","itemListElement":[{"@type":"ListItem","position":1,"name":"Accueil","item":"https:\/\/www.gold.fr\/"},{"@type":"ListItem","position":2,"name":"Actualit\u00e9s","item":"https:\/\/www.gold.fr\/news\/"},{"@type":"ListItem","position":3,"name":"Demande sur l\u2019Or \u2013 Retour sur une ann\u00e9e record"}]},{"@type":"WebSite","@id":"https:\/\/www.gold.fr\/news\/#website","url":"https:\/\/www.gold.fr\/news\/","name":"Gold.fr","description":"Actualit\u00e9s de l&#039;Or et des m\u00e9taux pr\u00e9cieux","potentialAction":[{"@type":"SearchAction","target":{"@type":"EntryPoint","urlTemplate":"https:\/\/www.gold.fr\/news\/?s={search_term_string}"},"query-input":{"@type":"PropertyValueSpecification","valueRequired":true,"valueName":"search_term_string"}}],"inLanguage":"fr-FR"},{"@type":"Person","@id":"https:\/\/www.gold.fr\/news\/#\/schema\/person\/feb6458ffd7bceeeb4e228398c34fbe5","name":"Anthony","image":{"@type":"ImageObject","inLanguage":"fr-FR","@id":"https:\/\/secure.gravatar.com\/avatar\/19974f7c75da5f0b217374f3a37eb05031e41aaad4ceb3fe17ada2ab3daf6b95?s=96&d=mm&r=gbc5324aff3d366843e00df00c899c1a8","url":"https:\/\/secure.gravatar.com\/avatar\/19974f7c75da5f0b217374f3a37eb05031e41aaad4ceb3fe17ada2ab3daf6b95?s=96&d=mm&r=g","contentUrl":"https:\/\/secure.gravatar.com\/avatar\/19974f7c75da5f0b217374f3a37eb05031e41aaad4ceb3fe17ada2ab3daf6b95?s=96&d=mm&r=g","caption":"Anthony"},"description":"Notre r\u00e9daction est constitu\u00e9e de membres experts dans les m\u00e9tiers de l'\u00e9conomie et la gestion, des Responsables d'agence Comptoir National de l'Or, des analystes financiers qui publient r\u00e9guli\u00e8rement des \u00e9tudes sur les politiques des banques centrales, le cours de l'or, le cours de l'argent, cours du platine, cours du palladium... la situation en zone euro et l'impact de la strat\u00e9gie mon\u00e9taire de la FED. Notre \u00e9quipe scrute \u00e9galement une information plus g\u00e9n\u00e9raliste \u00e0 la recherche d'actualit\u00e9 \"p\u00e9pite\" \u00e0 vous partager. Depuis 5 ans, nous avons publi\u00e9 un peu plus de 4000 articles qui s'adressent \u00e0 un public large et vari\u00e9 ayant pour objectif de satisfaire votre curiosit\u00e9 et de partager avec vous une certaine fascination pour le m\u00e9tal jaune, pour ceux qui veulent investir dans l'or, vendre leur or tout simplement en savoir plus...","sameAs":["https:\/\/www.gold.fr\/news"]}]}},"authors":[{"term_id":2562,"user_id":11,"is_guest":0,"slug":"anthony","display_name":"Anthony","avatar_url":"https:\/\/secure.gravatar.com\/avatar\/19974f7c75da5f0b217374f3a37eb05031e41aaad4ceb3fe17ada2ab3daf6b95?s=96&d=mm&r=g","0":null,"1":"","2":"","3":"","4":"","5":"","6":"","7":"","8":""}],"_links":{"self":[{"href":"https:\/\/www.gold.fr\/news\/wp-json\/wp\/v2\/posts\/3995","targetHints":{"allow":["GET"]}}],"collection":[{"href":"https:\/\/www.gold.fr\/news\/wp-json\/wp\/v2\/posts"}],"about":[{"href":"https:\/\/www.gold.fr\/news\/wp-json\/wp\/v2\/types\/post"}],"author":[{"embeddable":true,"href":"https:\/\/www.gold.fr\/news\/wp-json\/wp\/v2\/users\/11"}],"replies":[{"embeddable":true,"href":"https:\/\/www.gold.fr\/news\/wp-json\/wp\/v2\/comments?post=3995"}],"version-history":[{"count":0,"href":"https:\/\/www.gold.fr\/news\/wp-json\/wp\/v2\/posts\/3995\/revisions"}],"wp:featuredmedia":[{"embeddable":true,"href":"https:\/\/www.gold.fr\/news\/wp-json\/wp\/v2\/media\/3998"}],"wp:attachment":[{"href":"https:\/\/www.gold.fr\/news\/wp-json\/wp\/v2\/media?parent=3995"}],"wp:term":[{"taxonomy":"category","embeddable":true,"href":"https:\/\/www.gold.fr\/news\/wp-json\/wp\/v2\/categories?post=3995"},{"taxonomy":"post_tag","embeddable":true,"href":"https:\/\/www.gold.fr\/news\/wp-json\/wp\/v2\/tags?post=3995"},{"taxonomy":"author","embeddable":true,"href":"https:\/\/www.gold.fr\/news\/wp-json\/wp\/v2\/ppma_author?post=3995"}],"curies":[{"name":"wp","href":"https:\/\/api.w.org\/{rel}","templated":true}]}}