{"id":39925,"date":"2021-07-15T13:21:44","date_gmt":"2021-07-15T11:21:44","guid":{"rendered":"https:\/\/www.gold.fr\/news\/?p=39925"},"modified":"2021-08-17T16:50:31","modified_gmt":"2021-08-17T14:50:31","slug":"bresil-augmente-reserves-dor-41-tonnes","status":"publish","type":"post","link":"https:\/\/www.gold.fr\/news\/2021\/07\/15\/bresil-augmente-reserves-dor-41-tonnes\/","title":{"rendered":"Le Br\u00e9sil augmente ses r\u00e9serves d\u2019or de 41 tonnes"},"content":{"rendered":"<p style=\"text-align: justify;\"><span style=\"font-weight: 400;\">Apr\u00e8s une <\/span><a href=\"https:\/\/www.gold.fr\/news\/2021\/07\/05\/cours-de-lor-1er-semestre-en-repli\/\"><span style=\"font-weight: 400;\">hausse de 12 tonnes en mai,<\/span><\/a><span style=\"font-weight: 400;\"> la <\/span><b>Banque Centrale du Br\u00e9sil continue ses emplettes de m\u00e9tal jaune<\/b><span style=\"font-weight: 400;\">. Au mois de juin, elle a augment\u00e9 ses r\u00e9serves de 1.3 millions d\u2019onces, soit 41 tonnes pour environ 2 milliards de dollars. Le pays pousse ainsi ses avoirs \u00e0 121 tonnes, et atteint la 31<\/span><span style=\"font-weight: 400;\">\u00e8me<\/span><span style=\"font-weight: 400;\"> place du classement.<\/span><\/p>\n<p><span style=\"font-weight: 400;\">Le Br\u00e9sil n\u2019est pas un cas isol\u00e9. Une banque centrale sur cinq a l\u2019intention d\u2019augmenter ses r\u00e9serves d\u2019or selon le World Gold Council.\u00a0<\/span><\/p>\n<p style=\"text-align: justify;\"><span style=\"font-weight: 400;\">A l\u2019image de la Serbie, qui a annonc\u00e9 r\u00e9cemment son intention de porter ses r\u00e9serves \u00e0 50 tonnes. Pour justifier cette strat\u00e9gie, la banque centrale du pays est tr\u00e8s claire\u00a0: \u00ab\u00a0<\/span><b>Sur le long terme, l\u2019or est le gardien et garant le plus significatif contre l\u2019inflation et les autres formes de risques financiers<\/b><span style=\"font-weight: 400;\"> \u00bb<\/span><span style=\"font-weight: 400;\">(1)<\/span><span style=\"font-weight: 400;\">.<\/span><\/p>\n<p style=\"text-align: justify;\"><span style=\"font-weight: 400;\">Depuis le d\u00e9but de l\u2019ann\u00e9e, les 5 plus gros acheteurs (Tha\u00eflande, Japon, Hongrie, Br\u00e9sil, Ouzb\u00e9kistan) ont augment\u00e9 leurs r\u00e9serves de 314 tonnes de m\u00e9tal jaune. C\u2019est d\u00e9j\u00e0 autant que les achats des banques centrales du monde entier en 2020, en seulement 6 mois.\u00a0<\/span><\/p>\n<p style=\"text-align: justify;\"><span style=\"font-weight: 400;\">Une demande institutionnelle de m\u00e9tal jaune qui devrait continuer selon les sp\u00e9cialistes. Le red\u00e9marrage du commerce mondial et la remont\u00e9e des cours du p\u00e9trole font rentrer des devises dans les caisses des pays exportateurs, toujours soucieux de ne pas trop s\u2019exposer au dollar. <\/span><b>Et puisque l\u2019or n\u2019a pas de pays, il reste un moyen efficace de se d\u00e9dollariser sans s\u2019exposer \u00e0 d\u2019autres devises.<\/b><span style=\"font-weight: 400;\">\u00a0<\/span><\/p>\n<p style=\"text-align: justify;\"><span style=\"font-weight: 400;\">Il n\u2019y a gu\u00e8re d\u2019autres candidats. Il semble que le bitcoin ne soit pas pr\u00e8s de d\u00e9tr\u00f4ner\u00a0le m\u00e9tal jaune : 85% des gestionnaires de ces banques centrales pensent que les cryptomonnaies ne remplaceront pas l\u2019or dans leur r\u00e9serve de change<\/span><span style=\"font-weight: 400;\"> (2)<\/span><span style=\"font-weight: 400;\">.\u00a0<\/span><\/p>\n<p style=\"text-align: justify;\"><span style=\"font-weight: 400;\">On n\u2019a donc pas fini de parler de l\u2019or des banques centrales\u2026<\/span><\/p>\n<p>&nbsp;<\/p>\n<p style=\"text-align: justify;\"><span style=\"font-weight: 400;\">Notes<\/span><\/p>\n<ol>\n<li style=\"font-weight: 400;\" aria-level=\"1\"><span style=\"font-weight: 400;\">Source Bloomberg, traduit par nos soins<\/span><\/li>\n<li style=\"font-weight: 400;\" aria-level=\"1\"><span style=\"font-weight: 400;\">Sondage UBS de 30 banques centrales, rapport\u00e9 par le <\/span><a href=\"https:\/\/www.ft.com\/content\/3439fbd5-cfce-4afe-8a95-e57981191a0f\"><span style=\"font-weight: 400;\">Financial Times, 7 juillet 2021<\/span><\/a><\/li>\n<\/ol>\n<p><span style=\"font-weight: 400;\">\u00a0<\/span><\/p>\n<!-- AddThis Advanced Settings generic via filter on the_content --><!-- AddThis Share Buttons generic via filter on the_content -->","protected":false},"excerpt":{"rendered":"<p>Apr\u00e8s une hausse de 12 tonnes en mai, la Banque Centrale du Br\u00e9sil continue ses emplettes de m\u00e9tal jaune. Au mois de juin, elle a augment\u00e9 ses r\u00e9serves de 1.3 millions d\u2019onces, soit 41 tonnes pour [&hellip;]<\/p>\n","protected":false},"author":6,"featured_media":39928,"comment_status":"closed","ping_status":"closed","sticky":false,"template":"","format":"standard","meta":{"_mbp_gutenberg_autopost":false,"_pgmb_is_evergreen":false,"_pgmb_ap_template_id":0,"footnotes":""},"categories":[4],"tags":[1023,2411,1028,777],"ppma_author":[2567],"class_list":["post-39925","post","type-post","status-publish","format-standard","has-post-thumbnail","hentry","category-analyses-economiques","tag-banque-centrale","tag-bresil","tag-investissement-or","tag-reserve-dor"],"yoast_head":"<!-- This site is optimized with the Yoast SEO plugin v27.5 - https:\/\/yoast.com\/product\/yoast-seo-wordpress\/ -->\n<title>Le Br\u00e9sil augmente ses r\u00e9serves d\u2019or de 41 tonnes Achat d&#039;or, r\u00e9serves<\/title>\n<meta name=\"description\" content=\"Le Br\u00e9sil augmente ses r\u00e9serves d\u2019or de 41 tonnes Achat d&#039;or, r\u00e9serves la Banque Centrale du Br\u00e9sil continue ses emplettes de m\u00e9tal jaune\" \/>\n<meta name=\"robots\" content=\"index, follow, max-snippet:-1, max-image-preview:large, max-video-preview:-1\" \/>\n<link rel=\"canonical\" href=\"https:\/\/www.gold.fr\/news\/2021\/07\/15\/bresil-augmente-reserves-dor-41-tonnes\/\" \/>\n<meta property=\"og:locale\" content=\"fr_FR\" \/>\n<meta property=\"og:type\" content=\"article\" \/>\n<meta property=\"og:title\" content=\"Le Br\u00e9sil augmente ses r\u00e9serves d\u2019or de 41 tonnes Achat d&#039;or, r\u00e9serves\" \/>\n<meta property=\"og:description\" content=\"Le Br\u00e9sil augmente ses r\u00e9serves d\u2019or de 41 tonnes Achat d&#039;or, r\u00e9serves la Banque Centrale du Br\u00e9sil continue ses emplettes de m\u00e9tal jaune\" \/>\n<meta property=\"og:url\" content=\"https:\/\/www.gold.fr\/news\/2021\/07\/15\/bresil-augmente-reserves-dor-41-tonnes\/\" \/>\n<meta property=\"og:site_name\" content=\"Gold.fr\" \/>\n<meta property=\"article:publisher\" content=\"https:\/\/www.facebook.com\/Goldfr\/\" \/>\n<meta property=\"article:published_time\" content=\"2021-07-15T11:21:44+00:00\" \/>\n<meta property=\"article:modified_time\" content=\"2021-08-17T14:50:31+00:00\" \/>\n<meta property=\"og:image\" content=\"https:\/\/www.gold.fr\/news\/wp-content\/uploads\/2021\/07\/bresil-augmente-reserves-or.jpg\" \/>\n\t<meta property=\"og:image:width\" content=\"800\" \/>\n\t<meta property=\"og:image:height\" content=\"533\" \/>\n\t<meta property=\"og:image:type\" content=\"image\/jpeg\" \/>\n<meta name=\"author\" content=\"Laurent Schwartz\" \/>\n<meta name=\"twitter:card\" content=\"summary_large_image\" \/>\n<meta name=\"twitter:label1\" content=\"\u00c9crit par\" \/>\n\t<meta name=\"twitter:data1\" content=\"Laurent Schwartz\" \/>\n\t<meta name=\"twitter:label2\" content=\"Dur\u00e9e de lecture estim\u00e9e\" \/>\n\t<meta name=\"twitter:data2\" content=\"2 minutes\" \/>\n<script type=\"application\/ld+json\" class=\"yoast-schema-graph\">{\"@context\":\"https:\\\/\\\/schema.org\",\"@graph\":[{\"@type\":\"Article\",\"@id\":\"https:\\\/\\\/www.gold.fr\\\/news\\\/2021\\\/07\\\/15\\\/bresil-augmente-reserves-dor-41-tonnes\\\/#article\",\"isPartOf\":{\"@id\":\"https:\\\/\\\/www.gold.fr\\\/news\\\/2021\\\/07\\\/15\\\/bresil-augmente-reserves-dor-41-tonnes\\\/\"},\"author\":{\"name\":\"Laurent Schwartz\",\"@id\":\"https:\\\/\\\/www.gold.fr\\\/news\\\/#\\\/schema\\\/person\\\/4ed91d9a70d8f3a313c26e8308214fc2\"},\"headline\":\"Le Br\u00e9sil augmente ses r\u00e9serves d\u2019or de 41 tonnes\",\"datePublished\":\"2021-07-15T11:21:44+00:00\",\"dateModified\":\"2021-08-17T14:50:31+00:00\",\"mainEntityOfPage\":{\"@id\":\"https:\\\/\\\/www.gold.fr\\\/news\\\/2021\\\/07\\\/15\\\/bresil-augmente-reserves-dor-41-tonnes\\\/\"},\"wordCount\":356,\"image\":{\"@id\":\"https:\\\/\\\/www.gold.fr\\\/news\\\/2021\\\/07\\\/15\\\/bresil-augmente-reserves-dor-41-tonnes\\\/#primaryimage\"},\"thumbnailUrl\":\"https:\\\/\\\/www.gold.fr\\\/news\\\/wp-content\\\/uploads\\\/2021\\\/07\\\/bresil-augmente-reserves-or.jpg\",\"keywords\":[\"Banque centrale\",\"br\u00e9sil\",\"Investissement Or\",\"r\u00e9serve d\u2019or\"],\"articleSection\":[\"Analyses Economiques\"],\"inLanguage\":\"fr-FR\"},{\"@type\":\"WebPage\",\"@id\":\"https:\\\/\\\/www.gold.fr\\\/news\\\/2021\\\/07\\\/15\\\/bresil-augmente-reserves-dor-41-tonnes\\\/\",\"url\":\"https:\\\/\\\/www.gold.fr\\\/news\\\/2021\\\/07\\\/15\\\/bresil-augmente-reserves-dor-41-tonnes\\\/\",\"name\":\"Le Br\u00e9sil augmente ses r\u00e9serves d\u2019or de 41 tonnes Achat d'or, r\u00e9serves\",\"isPartOf\":{\"@id\":\"https:\\\/\\\/www.gold.fr\\\/news\\\/#website\"},\"primaryImageOfPage\":{\"@id\":\"https:\\\/\\\/www.gold.fr\\\/news\\\/2021\\\/07\\\/15\\\/bresil-augmente-reserves-dor-41-tonnes\\\/#primaryimage\"},\"image\":{\"@id\":\"https:\\\/\\\/www.gold.fr\\\/news\\\/2021\\\/07\\\/15\\\/bresil-augmente-reserves-dor-41-tonnes\\\/#primaryimage\"},\"thumbnailUrl\":\"https:\\\/\\\/www.gold.fr\\\/news\\\/wp-content\\\/uploads\\\/2021\\\/07\\\/bresil-augmente-reserves-or.jpg\",\"datePublished\":\"2021-07-15T11:21:44+00:00\",\"dateModified\":\"2021-08-17T14:50:31+00:00\",\"author\":{\"@id\":\"https:\\\/\\\/www.gold.fr\\\/news\\\/#\\\/schema\\\/person\\\/4ed91d9a70d8f3a313c26e8308214fc2\"},\"description\":\"Le Br\u00e9sil augmente ses r\u00e9serves d\u2019or de 41 tonnes Achat d'or, r\u00e9serves la Banque Centrale du Br\u00e9sil continue ses emplettes de m\u00e9tal jaune\",\"breadcrumb\":{\"@id\":\"https:\\\/\\\/www.gold.fr\\\/news\\\/2021\\\/07\\\/15\\\/bresil-augmente-reserves-dor-41-tonnes\\\/#breadcrumb\"},\"inLanguage\":\"fr-FR\",\"potentialAction\":[{\"@type\":\"ReadAction\",\"target\":[\"https:\\\/\\\/www.gold.fr\\\/news\\\/2021\\\/07\\\/15\\\/bresil-augmente-reserves-dor-41-tonnes\\\/\"]}]},{\"@type\":\"ImageObject\",\"inLanguage\":\"fr-FR\",\"@id\":\"https:\\\/\\\/www.gold.fr\\\/news\\\/2021\\\/07\\\/15\\\/bresil-augmente-reserves-dor-41-tonnes\\\/#primaryimage\",\"url\":\"https:\\\/\\\/www.gold.fr\\\/news\\\/wp-content\\\/uploads\\\/2021\\\/07\\\/bresil-augmente-reserves-or.jpg\",\"contentUrl\":\"https:\\\/\\\/www.gold.fr\\\/news\\\/wp-content\\\/uploads\\\/2021\\\/07\\\/bresil-augmente-reserves-or.jpg\",\"width\":800,\"height\":533,\"caption\":\"bresil-augmente-reserves-or\"},{\"@type\":\"BreadcrumbList\",\"@id\":\"https:\\\/\\\/www.gold.fr\\\/news\\\/2021\\\/07\\\/15\\\/bresil-augmente-reserves-dor-41-tonnes\\\/#breadcrumb\",\"itemListElement\":[{\"@type\":\"ListItem\",\"position\":1,\"name\":\"Accueil\",\"item\":\"https:\\\/\\\/www.gold.fr\\\/\"},{\"@type\":\"ListItem\",\"position\":2,\"name\":\"Actualit\u00e9s\",\"item\":\"https:\\\/\\\/www.gold.fr\\\/news\\\/\"},{\"@type\":\"ListItem\",\"position\":3,\"name\":\"Le Br\u00e9sil augmente ses r\u00e9serves d\u2019or de 41 tonnes\"}]},{\"@type\":\"WebSite\",\"@id\":\"https:\\\/\\\/www.gold.fr\\\/news\\\/#website\",\"url\":\"https:\\\/\\\/www.gold.fr\\\/news\\\/\",\"name\":\"Gold.fr\",\"description\":\"Actualit\u00e9s de l&#039;Or et des m\u00e9taux pr\u00e9cieux\",\"potentialAction\":[{\"@type\":\"SearchAction\",\"target\":{\"@type\":\"EntryPoint\",\"urlTemplate\":\"https:\\\/\\\/www.gold.fr\\\/news\\\/?s={search_term_string}\"},\"query-input\":{\"@type\":\"PropertyValueSpecification\",\"valueRequired\":true,\"valueName\":\"search_term_string\"}}],\"inLanguage\":\"fr-FR\"},{\"@type\":\"Person\",\"@id\":\"https:\\\/\\\/www.gold.fr\\\/news\\\/#\\\/schema\\\/person\\\/4ed91d9a70d8f3a313c26e8308214fc2\",\"name\":\"Laurent Schwartz\",\"image\":{\"@type\":\"ImageObject\",\"inLanguage\":\"fr-FR\",\"@id\":\"https:\\\/\\\/secure.gravatar.com\\\/avatar\\\/1496f846049365121827f5470219486f1a95f83957cc8ca0a9595e40c185f5ee?s=96&d=mm&r=g76f0e87c9ba82a161860a0fc16990d85\",\"url\":\"https:\\\/\\\/secure.gravatar.com\\\/avatar\\\/1496f846049365121827f5470219486f1a95f83957cc8ca0a9595e40c185f5ee?s=96&d=mm&r=g\",\"contentUrl\":\"https:\\\/\\\/secure.gravatar.com\\\/avatar\\\/1496f846049365121827f5470219486f1a95f83957cc8ca0a9595e40c185f5ee?s=96&d=mm&r=g\",\"caption\":\"Laurent Schwartz\"},\"description\":\"Dipl\u00f4m\u00e9 de l\u2019EDHEC Business School en 2005, Laurent SCHWARTZ int\u00e8gre le cabinet d\u2019audit ERNST &amp; YOUNG en 2005 o\u00f9 il travaille pendant 4 ans. Parall\u00e8lement, il travaille au sein de l\u2019entreprise familiale cr\u00e9\u00e9e en 1976 \u00e0 Strasbourg. Fort de cette exp\u00e9rience et du savoir-faire d\u00e9velopp\u00e9 durant ces 40 derni\u00e8res ann\u00e9es, Laurent proc\u00e8de \u00e0 la refonte du site Internet Gold.fr d\u00e9di\u00e9 \u00e0 l\u2019achat d'or, vente d\u2019or (pi\u00e8ces, lingots, ...), achat or et argent,... qui conna\u00eetra un franc succ\u00e8s d\u00e8s son d\u00e9marrage en 2008. Il d\u00e9cide alors de d\u00e9velopper un r\u00e9seau de concessions exclusives: Le Comptoir National de l\u2019Or. Il assure d\u00e9sormais le pilotage strat\u00e9gique du 1er r\u00e9seau de France qui compte aujourd\u2019hui pas loin de 60 agences r\u00e9parties dans toute la France et depuis peu en Allemagne (Breisach). Le Comptoir National de l\u2019Or se positionne aujourd\u2019hui comme le leader incontournable sur le march\u00e9 de l\u2019Or et des m\u00e9taux pr\u00e9cieux en France.\",\"sameAs\":[\"https:\\\/\\\/www.gold.fr\",\"https:\\\/\\\/www.linkedin.com\\\/in\\\/acheteror\\\/\"]}]}<\/script>\n<!-- \/ Yoast SEO plugin. -->","yoast_head_json":{"title":"Le Br\u00e9sil augmente ses r\u00e9serves d\u2019or de 41 tonnes Achat d'or, r\u00e9serves","description":"Le Br\u00e9sil augmente ses r\u00e9serves d\u2019or de 41 tonnes Achat d'or, r\u00e9serves la Banque Centrale du Br\u00e9sil continue ses emplettes de m\u00e9tal jaune","robots":{"index":"index","follow":"follow","max-snippet":"max-snippet:-1","max-image-preview":"max-image-preview:large","max-video-preview":"max-video-preview:-1"},"canonical":"https:\/\/www.gold.fr\/news\/2021\/07\/15\/bresil-augmente-reserves-dor-41-tonnes\/","og_locale":"fr_FR","og_type":"article","og_title":"Le Br\u00e9sil augmente ses r\u00e9serves d\u2019or de 41 tonnes Achat d'or, r\u00e9serves","og_description":"Le Br\u00e9sil augmente ses r\u00e9serves d\u2019or de 41 tonnes Achat d'or, r\u00e9serves la Banque Centrale du Br\u00e9sil continue ses emplettes de m\u00e9tal jaune","og_url":"https:\/\/www.gold.fr\/news\/2021\/07\/15\/bresil-augmente-reserves-dor-41-tonnes\/","og_site_name":"Gold.fr","article_publisher":"https:\/\/www.facebook.com\/Goldfr\/","article_published_time":"2021-07-15T11:21:44+00:00","article_modified_time":"2021-08-17T14:50:31+00:00","og_image":[{"width":800,"height":533,"url":"https:\/\/www.gold.fr\/news\/wp-content\/uploads\/2021\/07\/bresil-augmente-reserves-or.jpg","type":"image\/jpeg"}],"author":"Laurent Schwartz","twitter_card":"summary_large_image","twitter_misc":{"\u00c9crit par":"Laurent Schwartz","Dur\u00e9e de lecture estim\u00e9e":"2 minutes"},"schema":{"@context":"https:\/\/schema.org","@graph":[{"@type":"Article","@id":"https:\/\/www.gold.fr\/news\/2021\/07\/15\/bresil-augmente-reserves-dor-41-tonnes\/#article","isPartOf":{"@id":"https:\/\/www.gold.fr\/news\/2021\/07\/15\/bresil-augmente-reserves-dor-41-tonnes\/"},"author":{"name":"Laurent Schwartz","@id":"https:\/\/www.gold.fr\/news\/#\/schema\/person\/4ed91d9a70d8f3a313c26e8308214fc2"},"headline":"Le Br\u00e9sil augmente ses r\u00e9serves d\u2019or de 41 tonnes","datePublished":"2021-07-15T11:21:44+00:00","dateModified":"2021-08-17T14:50:31+00:00","mainEntityOfPage":{"@id":"https:\/\/www.gold.fr\/news\/2021\/07\/15\/bresil-augmente-reserves-dor-41-tonnes\/"},"wordCount":356,"image":{"@id":"https:\/\/www.gold.fr\/news\/2021\/07\/15\/bresil-augmente-reserves-dor-41-tonnes\/#primaryimage"},"thumbnailUrl":"https:\/\/www.gold.fr\/news\/wp-content\/uploads\/2021\/07\/bresil-augmente-reserves-or.jpg","keywords":["Banque centrale","br\u00e9sil","Investissement Or","r\u00e9serve d\u2019or"],"articleSection":["Analyses Economiques"],"inLanguage":"fr-FR"},{"@type":"WebPage","@id":"https:\/\/www.gold.fr\/news\/2021\/07\/15\/bresil-augmente-reserves-dor-41-tonnes\/","url":"https:\/\/www.gold.fr\/news\/2021\/07\/15\/bresil-augmente-reserves-dor-41-tonnes\/","name":"Le Br\u00e9sil augmente ses r\u00e9serves d\u2019or de 41 tonnes Achat d'or, r\u00e9serves","isPartOf":{"@id":"https:\/\/www.gold.fr\/news\/#website"},"primaryImageOfPage":{"@id":"https:\/\/www.gold.fr\/news\/2021\/07\/15\/bresil-augmente-reserves-dor-41-tonnes\/#primaryimage"},"image":{"@id":"https:\/\/www.gold.fr\/news\/2021\/07\/15\/bresil-augmente-reserves-dor-41-tonnes\/#primaryimage"},"thumbnailUrl":"https:\/\/www.gold.fr\/news\/wp-content\/uploads\/2021\/07\/bresil-augmente-reserves-or.jpg","datePublished":"2021-07-15T11:21:44+00:00","dateModified":"2021-08-17T14:50:31+00:00","author":{"@id":"https:\/\/www.gold.fr\/news\/#\/schema\/person\/4ed91d9a70d8f3a313c26e8308214fc2"},"description":"Le Br\u00e9sil augmente ses r\u00e9serves d\u2019or de 41 tonnes Achat d'or, r\u00e9serves la Banque Centrale du Br\u00e9sil continue ses emplettes de m\u00e9tal jaune","breadcrumb":{"@id":"https:\/\/www.gold.fr\/news\/2021\/07\/15\/bresil-augmente-reserves-dor-41-tonnes\/#breadcrumb"},"inLanguage":"fr-FR","potentialAction":[{"@type":"ReadAction","target":["https:\/\/www.gold.fr\/news\/2021\/07\/15\/bresil-augmente-reserves-dor-41-tonnes\/"]}]},{"@type":"ImageObject","inLanguage":"fr-FR","@id":"https:\/\/www.gold.fr\/news\/2021\/07\/15\/bresil-augmente-reserves-dor-41-tonnes\/#primaryimage","url":"https:\/\/www.gold.fr\/news\/wp-content\/uploads\/2021\/07\/bresil-augmente-reserves-or.jpg","contentUrl":"https:\/\/www.gold.fr\/news\/wp-content\/uploads\/2021\/07\/bresil-augmente-reserves-or.jpg","width":800,"height":533,"caption":"bresil-augmente-reserves-or"},{"@type":"BreadcrumbList","@id":"https:\/\/www.gold.fr\/news\/2021\/07\/15\/bresil-augmente-reserves-dor-41-tonnes\/#breadcrumb","itemListElement":[{"@type":"ListItem","position":1,"name":"Accueil","item":"https:\/\/www.gold.fr\/"},{"@type":"ListItem","position":2,"name":"Actualit\u00e9s","item":"https:\/\/www.gold.fr\/news\/"},{"@type":"ListItem","position":3,"name":"Le Br\u00e9sil augmente ses r\u00e9serves d\u2019or de 41 tonnes"}]},{"@type":"WebSite","@id":"https:\/\/www.gold.fr\/news\/#website","url":"https:\/\/www.gold.fr\/news\/","name":"Gold.fr","description":"Actualit\u00e9s de l&#039;Or et des m\u00e9taux pr\u00e9cieux","potentialAction":[{"@type":"SearchAction","target":{"@type":"EntryPoint","urlTemplate":"https:\/\/www.gold.fr\/news\/?s={search_term_string}"},"query-input":{"@type":"PropertyValueSpecification","valueRequired":true,"valueName":"search_term_string"}}],"inLanguage":"fr-FR"},{"@type":"Person","@id":"https:\/\/www.gold.fr\/news\/#\/schema\/person\/4ed91d9a70d8f3a313c26e8308214fc2","name":"Laurent Schwartz","image":{"@type":"ImageObject","inLanguage":"fr-FR","@id":"https:\/\/secure.gravatar.com\/avatar\/1496f846049365121827f5470219486f1a95f83957cc8ca0a9595e40c185f5ee?s=96&d=mm&r=g76f0e87c9ba82a161860a0fc16990d85","url":"https:\/\/secure.gravatar.com\/avatar\/1496f846049365121827f5470219486f1a95f83957cc8ca0a9595e40c185f5ee?s=96&d=mm&r=g","contentUrl":"https:\/\/secure.gravatar.com\/avatar\/1496f846049365121827f5470219486f1a95f83957cc8ca0a9595e40c185f5ee?s=96&d=mm&r=g","caption":"Laurent Schwartz"},"description":"Dipl\u00f4m\u00e9 de l\u2019EDHEC Business School en 2005, Laurent SCHWARTZ int\u00e8gre le cabinet d\u2019audit ERNST &amp; YOUNG en 2005 o\u00f9 il travaille pendant 4 ans. Parall\u00e8lement, il travaille au sein de l\u2019entreprise familiale cr\u00e9\u00e9e en 1976 \u00e0 Strasbourg. Fort de cette exp\u00e9rience et du savoir-faire d\u00e9velopp\u00e9 durant ces 40 derni\u00e8res ann\u00e9es, Laurent proc\u00e8de \u00e0 la refonte du site Internet Gold.fr d\u00e9di\u00e9 \u00e0 l\u2019achat d'or, vente d\u2019or (pi\u00e8ces, lingots, ...), achat or et argent,... qui conna\u00eetra un franc succ\u00e8s d\u00e8s son d\u00e9marrage en 2008. Il d\u00e9cide alors de d\u00e9velopper un r\u00e9seau de concessions exclusives: Le Comptoir National de l\u2019Or. Il assure d\u00e9sormais le pilotage strat\u00e9gique du 1er r\u00e9seau de France qui compte aujourd\u2019hui pas loin de 60 agences r\u00e9parties dans toute la France et depuis peu en Allemagne (Breisach). Le Comptoir National de l\u2019Or se positionne aujourd\u2019hui comme le leader incontournable sur le march\u00e9 de l\u2019Or et des m\u00e9taux pr\u00e9cieux en France.","sameAs":["https:\/\/www.gold.fr","https:\/\/www.linkedin.com\/in\/acheteror\/"]}]}},"authors":[{"term_id":2567,"user_id":6,"is_guest":0,"slug":"laurent","display_name":"Laurent Schwartz","avatar_url":"https:\/\/secure.gravatar.com\/avatar\/1496f846049365121827f5470219486f1a95f83957cc8ca0a9595e40c185f5ee?s=96&d=mm&r=g","0":null,"1":"","2":"","3":"","4":"","5":"","6":"","7":"","8":""}],"_links":{"self":[{"href":"https:\/\/www.gold.fr\/news\/wp-json\/wp\/v2\/posts\/39925","targetHints":{"allow":["GET"]}}],"collection":[{"href":"https:\/\/www.gold.fr\/news\/wp-json\/wp\/v2\/posts"}],"about":[{"href":"https:\/\/www.gold.fr\/news\/wp-json\/wp\/v2\/types\/post"}],"author":[{"embeddable":true,"href":"https:\/\/www.gold.fr\/news\/wp-json\/wp\/v2\/users\/6"}],"replies":[{"embeddable":true,"href":"https:\/\/www.gold.fr\/news\/wp-json\/wp\/v2\/comments?post=39925"}],"version-history":[{"count":0,"href":"https:\/\/www.gold.fr\/news\/wp-json\/wp\/v2\/posts\/39925\/revisions"}],"wp:featuredmedia":[{"embeddable":true,"href":"https:\/\/www.gold.fr\/news\/wp-json\/wp\/v2\/media\/39928"}],"wp:attachment":[{"href":"https:\/\/www.gold.fr\/news\/wp-json\/wp\/v2\/media?parent=39925"}],"wp:term":[{"taxonomy":"category","embeddable":true,"href":"https:\/\/www.gold.fr\/news\/wp-json\/wp\/v2\/categories?post=39925"},{"taxonomy":"post_tag","embeddable":true,"href":"https:\/\/www.gold.fr\/news\/wp-json\/wp\/v2\/tags?post=39925"},{"taxonomy":"author","embeddable":true,"href":"https:\/\/www.gold.fr\/news\/wp-json\/wp\/v2\/ppma_author?post=39925"}],"curies":[{"name":"wp","href":"https:\/\/api.w.org\/{rel}","templated":true}]}}