{"id":39912,"date":"2019-08-13T09:53:48","date_gmt":"2019-08-13T07:53:48","guid":{"rendered":"https:\/\/www.gold.fr\/news\/2019\/08\/13\/lor-valeur-refuge-interview-de-laurent-schwartz-sur-france-inter\/"},"modified":"2021-09-09T10:35:03","modified_gmt":"2021-09-09T08:35:03","slug":"lor-valeur-refuge-interview-de-laurent-schwartz-sur-france-inter","status":"publish","type":"post","link":"https:\/\/www.gold.fr\/news\/2019\/08\/13\/lor-valeur-refuge-interview-de-laurent-schwartz-sur-france-inter\/","title":{"rendered":"\u00ab L\u2019Or, valeur refuge \u00bb, Interview de Laurent Schwartz sur France Inter"},"content":{"rendered":"<p>Le cours du m\u00e9tal pr\u00e9cieux est au plus haut. Propuls\u00e9 par la demande internationale, il a franchi la barre des 1500 dollars l&rsquo;once. Avec les tensions et incertitudes sur l&rsquo;\u00e9conomie mondiale, l&rsquo;or est tout particuli\u00e8rement appr\u00e9ci\u00e9 des Fran\u00e7ais.<\/p>\n<p>Laurent Schwartz, directeur du <strong>Comptoir National De l&rsquo;Or<\/strong>, intervient au sujet de cette valeur refuge dans une interview pour <strong>France Inter <\/strong>dans le Journal de 8h du 13 ao\u00fbt 2019.<\/p>\n<p>&nbsp;<\/p>\n<p><a href=\"https:\/\/www.franceinter.fr\/emissions\/le-journal-de-8h\/le-journal-de-8h-13-aout-2019\" target=\"_blank\" rel=\"noopener noreferrer\">Ecoutez l&rsquo;interview sur France Inter [\u00c0 partir de 6:37]<\/a><\/p>\n<!-- AddThis Advanced Settings generic via filter on the_content --><!-- AddThis Share Buttons generic via filter on the_content -->","protected":false},"excerpt":{"rendered":"<p>Le cours du m\u00e9tal pr\u00e9cieux est au plus haut. Propuls\u00e9 par la demande internationale, il a franchi la barre des 1500 dollars l&rsquo;once. Avec les tensions et incertitudes sur l&rsquo;\u00e9conomie mondiale, l&rsquo;or est tout particuli\u00e8rement appr\u00e9ci\u00e9 [&hellip;]<\/p>\n","protected":false},"author":6,"featured_media":35456,"comment_status":"closed","ping_status":"closed","sticky":false,"template":"","format":"standard","meta":{"_mbp_gutenberg_autopost":false,"_pgmb_is_evergreen":false,"_pgmb_ap_template_id":0,"footnotes":""},"categories":[2414],"tags":[],"ppma_author":[2567],"class_list":["post-39912","post","type-post","status-publish","format-standard","has-post-thumbnail","hentry","category-cndo-dans-la-presse"],"yoast_head":"<!-- This site is optimized with the Yoast SEO plugin v27.5 - https:\/\/yoast.com\/product\/yoast-seo-wordpress\/ -->\n<title>\u00ab L\u2019Or, valeur refuge \u00bb, Interview de Laurent Schwartz sur France Inter - Gold.fr<\/title>\n<meta name=\"robots\" content=\"index, follow, max-snippet:-1, max-image-preview:large, max-video-preview:-1\" \/>\n<link rel=\"canonical\" href=\"https:\/\/www.gold.fr\/news\/2019\/08\/13\/lor-valeur-refuge-interview-de-laurent-schwartz-sur-france-inter\/\" \/>\n<meta property=\"og:locale\" content=\"fr_FR\" \/>\n<meta property=\"og:type\" content=\"article\" \/>\n<meta property=\"og:title\" content=\"\u00ab L\u2019Or, valeur refuge \u00bb, Interview de Laurent Schwartz sur France Inter - Gold.fr\" \/>\n<meta property=\"og:description\" content=\"Le cours du m\u00e9tal pr\u00e9cieux est au plus haut. Propuls\u00e9 par la demande internationale, il a franchi la barre des 1500 dollars l&rsquo;once. Avec les tensions et incertitudes sur l&rsquo;\u00e9conomie mondiale, l&rsquo;or est tout particuli\u00e8rement appr\u00e9ci\u00e9 [&hellip;]\" \/>\n<meta property=\"og:url\" content=\"https:\/\/www.gold.fr\/news\/2019\/08\/13\/lor-valeur-refuge-interview-de-laurent-schwartz-sur-france-inter\/\" \/>\n<meta property=\"og:site_name\" content=\"Gold.fr\" \/>\n<meta property=\"article:publisher\" content=\"https:\/\/www.facebook.com\/Goldfr\/\" \/>\n<meta property=\"article:published_time\" content=\"2019-08-13T07:53:48+00:00\" \/>\n<meta property=\"article:modified_time\" content=\"2021-09-09T08:35:03+00:00\" \/>\n<meta property=\"og:image\" content=\"https:\/\/www.gold.fr\/news\/wp-content\/uploads\/2019\/08\/France_inter_2005_logo-150x150.png\" \/>\n\t<meta property=\"og:image:width\" content=\"150\" \/>\n\t<meta property=\"og:image:height\" content=\"150\" \/>\n\t<meta property=\"og:image:type\" content=\"image\/png\" \/>\n<meta name=\"author\" content=\"Laurent Schwartz\" \/>\n<meta name=\"twitter:card\" content=\"summary_large_image\" \/>\n<meta name=\"twitter:label1\" content=\"\u00c9crit par\" \/>\n\t<meta name=\"twitter:data1\" content=\"Laurent Schwartz\" \/>\n<script type=\"application\/ld+json\" class=\"yoast-schema-graph\">{\"@context\":\"https:\\\/\\\/schema.org\",\"@graph\":[{\"@type\":\"Article\",\"@id\":\"https:\\\/\\\/www.gold.fr\\\/news\\\/2019\\\/08\\\/13\\\/lor-valeur-refuge-interview-de-laurent-schwartz-sur-france-inter\\\/#article\",\"isPartOf\":{\"@id\":\"https:\\\/\\\/www.gold.fr\\\/news\\\/2019\\\/08\\\/13\\\/lor-valeur-refuge-interview-de-laurent-schwartz-sur-france-inter\\\/\"},\"author\":{\"name\":\"Laurent Schwartz\",\"@id\":\"https:\\\/\\\/www.gold.fr\\\/news\\\/#\\\/schema\\\/person\\\/4ed91d9a70d8f3a313c26e8308214fc2\"},\"headline\":\"\u00ab L\u2019Or, valeur refuge \u00bb, Interview de Laurent Schwartz sur France Inter\",\"datePublished\":\"2019-08-13T07:53:48+00:00\",\"dateModified\":\"2021-09-09T08:35:03+00:00\",\"mainEntityOfPage\":{\"@id\":\"https:\\\/\\\/www.gold.fr\\\/news\\\/2019\\\/08\\\/13\\\/lor-valeur-refuge-interview-de-laurent-schwartz-sur-france-inter\\\/\"},\"wordCount\":95,\"image\":{\"@id\":\"https:\\\/\\\/www.gold.fr\\\/news\\\/2019\\\/08\\\/13\\\/lor-valeur-refuge-interview-de-laurent-schwartz-sur-france-inter\\\/#primaryimage\"},\"thumbnailUrl\":\"https:\\\/\\\/www.gold.fr\\\/news\\\/wp-content\\\/uploads\\\/2019\\\/08\\\/France_inter_2005_logo-150x150.png\",\"articleSection\":[\"CNDO dans la presse\"],\"inLanguage\":\"fr-FR\"},{\"@type\":\"WebPage\",\"@id\":\"https:\\\/\\\/www.gold.fr\\\/news\\\/2019\\\/08\\\/13\\\/lor-valeur-refuge-interview-de-laurent-schwartz-sur-france-inter\\\/\",\"url\":\"https:\\\/\\\/www.gold.fr\\\/news\\\/2019\\\/08\\\/13\\\/lor-valeur-refuge-interview-de-laurent-schwartz-sur-france-inter\\\/\",\"name\":\"\u00ab L\u2019Or, valeur refuge \u00bb, Interview de Laurent Schwartz sur France Inter - Gold.fr\",\"isPartOf\":{\"@id\":\"https:\\\/\\\/www.gold.fr\\\/news\\\/#website\"},\"primaryImageOfPage\":{\"@id\":\"https:\\\/\\\/www.gold.fr\\\/news\\\/2019\\\/08\\\/13\\\/lor-valeur-refuge-interview-de-laurent-schwartz-sur-france-inter\\\/#primaryimage\"},\"image\":{\"@id\":\"https:\\\/\\\/www.gold.fr\\\/news\\\/2019\\\/08\\\/13\\\/lor-valeur-refuge-interview-de-laurent-schwartz-sur-france-inter\\\/#primaryimage\"},\"thumbnailUrl\":\"https:\\\/\\\/www.gold.fr\\\/news\\\/wp-content\\\/uploads\\\/2019\\\/08\\\/France_inter_2005_logo-150x150.png\",\"datePublished\":\"2019-08-13T07:53:48+00:00\",\"dateModified\":\"2021-09-09T08:35:03+00:00\",\"author\":{\"@id\":\"https:\\\/\\\/www.gold.fr\\\/news\\\/#\\\/schema\\\/person\\\/4ed91d9a70d8f3a313c26e8308214fc2\"},\"breadcrumb\":{\"@id\":\"https:\\\/\\\/www.gold.fr\\\/news\\\/2019\\\/08\\\/13\\\/lor-valeur-refuge-interview-de-laurent-schwartz-sur-france-inter\\\/#breadcrumb\"},\"inLanguage\":\"fr-FR\",\"potentialAction\":[{\"@type\":\"ReadAction\",\"target\":[\"https:\\\/\\\/www.gold.fr\\\/news\\\/2019\\\/08\\\/13\\\/lor-valeur-refuge-interview-de-laurent-schwartz-sur-france-inter\\\/\"]}]},{\"@type\":\"ImageObject\",\"inLanguage\":\"fr-FR\",\"@id\":\"https:\\\/\\\/www.gold.fr\\\/news\\\/2019\\\/08\\\/13\\\/lor-valeur-refuge-interview-de-laurent-schwartz-sur-france-inter\\\/#primaryimage\",\"url\":\"https:\\\/\\\/www.gold.fr\\\/news\\\/wp-content\\\/uploads\\\/2019\\\/08\\\/France_inter_2005_logo-150x150.png\",\"contentUrl\":\"https:\\\/\\\/www.gold.fr\\\/news\\\/wp-content\\\/uploads\\\/2019\\\/08\\\/France_inter_2005_logo-150x150.png\",\"width\":150,\"height\":150,\"caption\":\"Le Comptoir National de l'Or au c\u0153ur de l'actualit\u00e9\"},{\"@type\":\"BreadcrumbList\",\"@id\":\"https:\\\/\\\/www.gold.fr\\\/news\\\/2019\\\/08\\\/13\\\/lor-valeur-refuge-interview-de-laurent-schwartz-sur-france-inter\\\/#breadcrumb\",\"itemListElement\":[{\"@type\":\"ListItem\",\"position\":1,\"name\":\"Accueil\",\"item\":\"https:\\\/\\\/www.gold.fr\\\/\"},{\"@type\":\"ListItem\",\"position\":2,\"name\":\"Actualit\u00e9s\",\"item\":\"https:\\\/\\\/www.gold.fr\\\/news\\\/\"},{\"@type\":\"ListItem\",\"position\":3,\"name\":\"\u00ab L\u2019Or, valeur refuge \u00bb, Interview de Laurent Schwartz sur France Inter\"}]},{\"@type\":\"WebSite\",\"@id\":\"https:\\\/\\\/www.gold.fr\\\/news\\\/#website\",\"url\":\"https:\\\/\\\/www.gold.fr\\\/news\\\/\",\"name\":\"Gold.fr\",\"description\":\"Actualit\u00e9s de l&#039;Or et des m\u00e9taux pr\u00e9cieux\",\"potentialAction\":[{\"@type\":\"SearchAction\",\"target\":{\"@type\":\"EntryPoint\",\"urlTemplate\":\"https:\\\/\\\/www.gold.fr\\\/news\\\/?s={search_term_string}\"},\"query-input\":{\"@type\":\"PropertyValueSpecification\",\"valueRequired\":true,\"valueName\":\"search_term_string\"}}],\"inLanguage\":\"fr-FR\"},{\"@type\":\"Person\",\"@id\":\"https:\\\/\\\/www.gold.fr\\\/news\\\/#\\\/schema\\\/person\\\/4ed91d9a70d8f3a313c26e8308214fc2\",\"name\":\"Laurent Schwartz\",\"image\":{\"@type\":\"ImageObject\",\"inLanguage\":\"fr-FR\",\"@id\":\"https:\\\/\\\/secure.gravatar.com\\\/avatar\\\/1496f846049365121827f5470219486f1a95f83957cc8ca0a9595e40c185f5ee?s=96&d=mm&r=g76f0e87c9ba82a161860a0fc16990d85\",\"url\":\"https:\\\/\\\/secure.gravatar.com\\\/avatar\\\/1496f846049365121827f5470219486f1a95f83957cc8ca0a9595e40c185f5ee?s=96&d=mm&r=g\",\"contentUrl\":\"https:\\\/\\\/secure.gravatar.com\\\/avatar\\\/1496f846049365121827f5470219486f1a95f83957cc8ca0a9595e40c185f5ee?s=96&d=mm&r=g\",\"caption\":\"Laurent Schwartz\"},\"description\":\"Dipl\u00f4m\u00e9 de l\u2019EDHEC Business School en 2005, Laurent SCHWARTZ int\u00e8gre le cabinet d\u2019audit ERNST &amp; YOUNG en 2005 o\u00f9 il travaille pendant 4 ans. Parall\u00e8lement, il travaille au sein de l\u2019entreprise familiale cr\u00e9\u00e9e en 1976 \u00e0 Strasbourg. Fort de cette exp\u00e9rience et du savoir-faire d\u00e9velopp\u00e9 durant ces 40 derni\u00e8res ann\u00e9es, Laurent proc\u00e8de \u00e0 la refonte du site Internet Gold.fr d\u00e9di\u00e9 \u00e0 l\u2019achat d'or, vente d\u2019or (pi\u00e8ces, lingots, ...), achat or et argent,... qui conna\u00eetra un franc succ\u00e8s d\u00e8s son d\u00e9marrage en 2008. Il d\u00e9cide alors de d\u00e9velopper un r\u00e9seau de concessions exclusives: Le Comptoir National de l\u2019Or. Il assure d\u00e9sormais le pilotage strat\u00e9gique du 1er r\u00e9seau de France qui compte aujourd\u2019hui pas loin de 60 agences r\u00e9parties dans toute la France et depuis peu en Allemagne (Breisach). Le Comptoir National de l\u2019Or se positionne aujourd\u2019hui comme le leader incontournable sur le march\u00e9 de l\u2019Or et des m\u00e9taux pr\u00e9cieux en France.\",\"sameAs\":[\"https:\\\/\\\/www.gold.fr\",\"https:\\\/\\\/www.linkedin.com\\\/in\\\/acheteror\\\/\"]}]}<\/script>\n<!-- \/ Yoast SEO plugin. -->","yoast_head_json":{"title":"\u00ab L\u2019Or, valeur refuge \u00bb, Interview de Laurent Schwartz sur France Inter - Gold.fr","robots":{"index":"index","follow":"follow","max-snippet":"max-snippet:-1","max-image-preview":"max-image-preview:large","max-video-preview":"max-video-preview:-1"},"canonical":"https:\/\/www.gold.fr\/news\/2019\/08\/13\/lor-valeur-refuge-interview-de-laurent-schwartz-sur-france-inter\/","og_locale":"fr_FR","og_type":"article","og_title":"\u00ab L\u2019Or, valeur refuge \u00bb, Interview de Laurent Schwartz sur France Inter - Gold.fr","og_description":"Le cours du m\u00e9tal pr\u00e9cieux est au plus haut. Propuls\u00e9 par la demande internationale, il a franchi la barre des 1500 dollars l&rsquo;once. Avec les tensions et incertitudes sur l&rsquo;\u00e9conomie mondiale, l&rsquo;or est tout particuli\u00e8rement appr\u00e9ci\u00e9 [&hellip;]","og_url":"https:\/\/www.gold.fr\/news\/2019\/08\/13\/lor-valeur-refuge-interview-de-laurent-schwartz-sur-france-inter\/","og_site_name":"Gold.fr","article_publisher":"https:\/\/www.facebook.com\/Goldfr\/","article_published_time":"2019-08-13T07:53:48+00:00","article_modified_time":"2021-09-09T08:35:03+00:00","og_image":[{"width":150,"height":150,"url":"https:\/\/www.gold.fr\/news\/wp-content\/uploads\/2019\/08\/France_inter_2005_logo-150x150.png","type":"image\/png"}],"author":"Laurent Schwartz","twitter_card":"summary_large_image","twitter_misc":{"\u00c9crit par":"Laurent Schwartz"},"schema":{"@context":"https:\/\/schema.org","@graph":[{"@type":"Article","@id":"https:\/\/www.gold.fr\/news\/2019\/08\/13\/lor-valeur-refuge-interview-de-laurent-schwartz-sur-france-inter\/#article","isPartOf":{"@id":"https:\/\/www.gold.fr\/news\/2019\/08\/13\/lor-valeur-refuge-interview-de-laurent-schwartz-sur-france-inter\/"},"author":{"name":"Laurent Schwartz","@id":"https:\/\/www.gold.fr\/news\/#\/schema\/person\/4ed91d9a70d8f3a313c26e8308214fc2"},"headline":"\u00ab L\u2019Or, valeur refuge \u00bb, Interview de Laurent Schwartz sur France Inter","datePublished":"2019-08-13T07:53:48+00:00","dateModified":"2021-09-09T08:35:03+00:00","mainEntityOfPage":{"@id":"https:\/\/www.gold.fr\/news\/2019\/08\/13\/lor-valeur-refuge-interview-de-laurent-schwartz-sur-france-inter\/"},"wordCount":95,"image":{"@id":"https:\/\/www.gold.fr\/news\/2019\/08\/13\/lor-valeur-refuge-interview-de-laurent-schwartz-sur-france-inter\/#primaryimage"},"thumbnailUrl":"https:\/\/www.gold.fr\/news\/wp-content\/uploads\/2019\/08\/France_inter_2005_logo-150x150.png","articleSection":["CNDO dans la presse"],"inLanguage":"fr-FR"},{"@type":"WebPage","@id":"https:\/\/www.gold.fr\/news\/2019\/08\/13\/lor-valeur-refuge-interview-de-laurent-schwartz-sur-france-inter\/","url":"https:\/\/www.gold.fr\/news\/2019\/08\/13\/lor-valeur-refuge-interview-de-laurent-schwartz-sur-france-inter\/","name":"\u00ab L\u2019Or, valeur refuge \u00bb, Interview de Laurent Schwartz sur France Inter - Gold.fr","isPartOf":{"@id":"https:\/\/www.gold.fr\/news\/#website"},"primaryImageOfPage":{"@id":"https:\/\/www.gold.fr\/news\/2019\/08\/13\/lor-valeur-refuge-interview-de-laurent-schwartz-sur-france-inter\/#primaryimage"},"image":{"@id":"https:\/\/www.gold.fr\/news\/2019\/08\/13\/lor-valeur-refuge-interview-de-laurent-schwartz-sur-france-inter\/#primaryimage"},"thumbnailUrl":"https:\/\/www.gold.fr\/news\/wp-content\/uploads\/2019\/08\/France_inter_2005_logo-150x150.png","datePublished":"2019-08-13T07:53:48+00:00","dateModified":"2021-09-09T08:35:03+00:00","author":{"@id":"https:\/\/www.gold.fr\/news\/#\/schema\/person\/4ed91d9a70d8f3a313c26e8308214fc2"},"breadcrumb":{"@id":"https:\/\/www.gold.fr\/news\/2019\/08\/13\/lor-valeur-refuge-interview-de-laurent-schwartz-sur-france-inter\/#breadcrumb"},"inLanguage":"fr-FR","potentialAction":[{"@type":"ReadAction","target":["https:\/\/www.gold.fr\/news\/2019\/08\/13\/lor-valeur-refuge-interview-de-laurent-schwartz-sur-france-inter\/"]}]},{"@type":"ImageObject","inLanguage":"fr-FR","@id":"https:\/\/www.gold.fr\/news\/2019\/08\/13\/lor-valeur-refuge-interview-de-laurent-schwartz-sur-france-inter\/#primaryimage","url":"https:\/\/www.gold.fr\/news\/wp-content\/uploads\/2019\/08\/France_inter_2005_logo-150x150.png","contentUrl":"https:\/\/www.gold.fr\/news\/wp-content\/uploads\/2019\/08\/France_inter_2005_logo-150x150.png","width":150,"height":150,"caption":"Le Comptoir National de l'Or au c\u0153ur de l'actualit\u00e9"},{"@type":"BreadcrumbList","@id":"https:\/\/www.gold.fr\/news\/2019\/08\/13\/lor-valeur-refuge-interview-de-laurent-schwartz-sur-france-inter\/#breadcrumb","itemListElement":[{"@type":"ListItem","position":1,"name":"Accueil","item":"https:\/\/www.gold.fr\/"},{"@type":"ListItem","position":2,"name":"Actualit\u00e9s","item":"https:\/\/www.gold.fr\/news\/"},{"@type":"ListItem","position":3,"name":"\u00ab L\u2019Or, valeur refuge \u00bb, Interview de Laurent Schwartz sur France Inter"}]},{"@type":"WebSite","@id":"https:\/\/www.gold.fr\/news\/#website","url":"https:\/\/www.gold.fr\/news\/","name":"Gold.fr","description":"Actualit\u00e9s de l&#039;Or et des m\u00e9taux pr\u00e9cieux","potentialAction":[{"@type":"SearchAction","target":{"@type":"EntryPoint","urlTemplate":"https:\/\/www.gold.fr\/news\/?s={search_term_string}"},"query-input":{"@type":"PropertyValueSpecification","valueRequired":true,"valueName":"search_term_string"}}],"inLanguage":"fr-FR"},{"@type":"Person","@id":"https:\/\/www.gold.fr\/news\/#\/schema\/person\/4ed91d9a70d8f3a313c26e8308214fc2","name":"Laurent Schwartz","image":{"@type":"ImageObject","inLanguage":"fr-FR","@id":"https:\/\/secure.gravatar.com\/avatar\/1496f846049365121827f5470219486f1a95f83957cc8ca0a9595e40c185f5ee?s=96&d=mm&r=g76f0e87c9ba82a161860a0fc16990d85","url":"https:\/\/secure.gravatar.com\/avatar\/1496f846049365121827f5470219486f1a95f83957cc8ca0a9595e40c185f5ee?s=96&d=mm&r=g","contentUrl":"https:\/\/secure.gravatar.com\/avatar\/1496f846049365121827f5470219486f1a95f83957cc8ca0a9595e40c185f5ee?s=96&d=mm&r=g","caption":"Laurent Schwartz"},"description":"Dipl\u00f4m\u00e9 de l\u2019EDHEC Business School en 2005, Laurent SCHWARTZ int\u00e8gre le cabinet d\u2019audit ERNST &amp; YOUNG en 2005 o\u00f9 il travaille pendant 4 ans. Parall\u00e8lement, il travaille au sein de l\u2019entreprise familiale cr\u00e9\u00e9e en 1976 \u00e0 Strasbourg. Fort de cette exp\u00e9rience et du savoir-faire d\u00e9velopp\u00e9 durant ces 40 derni\u00e8res ann\u00e9es, Laurent proc\u00e8de \u00e0 la refonte du site Internet Gold.fr d\u00e9di\u00e9 \u00e0 l\u2019achat d'or, vente d\u2019or (pi\u00e8ces, lingots, ...), achat or et argent,... qui conna\u00eetra un franc succ\u00e8s d\u00e8s son d\u00e9marrage en 2008. Il d\u00e9cide alors de d\u00e9velopper un r\u00e9seau de concessions exclusives: Le Comptoir National de l\u2019Or. Il assure d\u00e9sormais le pilotage strat\u00e9gique du 1er r\u00e9seau de France qui compte aujourd\u2019hui pas loin de 60 agences r\u00e9parties dans toute la France et depuis peu en Allemagne (Breisach). Le Comptoir National de l\u2019Or se positionne aujourd\u2019hui comme le leader incontournable sur le march\u00e9 de l\u2019Or et des m\u00e9taux pr\u00e9cieux en France.","sameAs":["https:\/\/www.gold.fr","https:\/\/www.linkedin.com\/in\/acheteror\/"]}]}},"authors":[{"term_id":2567,"user_id":6,"is_guest":0,"slug":"laurent","display_name":"Laurent Schwartz","avatar_url":"https:\/\/secure.gravatar.com\/avatar\/1496f846049365121827f5470219486f1a95f83957cc8ca0a9595e40c185f5ee?s=96&d=mm&r=g","0":null,"1":"","2":"","3":"","4":"","5":"","6":"","7":"","8":""}],"_links":{"self":[{"href":"https:\/\/www.gold.fr\/news\/wp-json\/wp\/v2\/posts\/39912","targetHints":{"allow":["GET"]}}],"collection":[{"href":"https:\/\/www.gold.fr\/news\/wp-json\/wp\/v2\/posts"}],"about":[{"href":"https:\/\/www.gold.fr\/news\/wp-json\/wp\/v2\/types\/post"}],"author":[{"embeddable":true,"href":"https:\/\/www.gold.fr\/news\/wp-json\/wp\/v2\/users\/6"}],"replies":[{"embeddable":true,"href":"https:\/\/www.gold.fr\/news\/wp-json\/wp\/v2\/comments?post=39912"}],"version-history":[{"count":0,"href":"https:\/\/www.gold.fr\/news\/wp-json\/wp\/v2\/posts\/39912\/revisions"}],"wp:featuredmedia":[{"embeddable":true,"href":"https:\/\/www.gold.fr\/news\/wp-json\/wp\/v2\/media\/35456"}],"wp:attachment":[{"href":"https:\/\/www.gold.fr\/news\/wp-json\/wp\/v2\/media?parent=39912"}],"wp:term":[{"taxonomy":"category","embeddable":true,"href":"https:\/\/www.gold.fr\/news\/wp-json\/wp\/v2\/categories?post=39912"},{"taxonomy":"post_tag","embeddable":true,"href":"https:\/\/www.gold.fr\/news\/wp-json\/wp\/v2\/tags?post=39912"},{"taxonomy":"author","embeddable":true,"href":"https:\/\/www.gold.fr\/news\/wp-json\/wp\/v2\/ppma_author?post=39912"}],"curies":[{"name":"wp","href":"https:\/\/api.w.org\/{rel}","templated":true}]}}