{"id":39804,"date":"2020-11-11T11:27:21","date_gmt":"2020-11-11T10:27:21","guid":{"rendered":"https:\/\/www.gold.fr\/news\/2020\/11\/11\/le-comptoir-national-de-lor-cite-par-le-monde-le-11112020\/"},"modified":"2021-09-23T10:05:59","modified_gmt":"2021-09-23T08:05:59","slug":"le-comptoir-national-de-lor-cite-par-le-monde-le-11112020","status":"publish","type":"post","link":"https:\/\/www.gold.fr\/news\/2020\/11\/11\/le-comptoir-national-de-lor-cite-par-le-monde-le-11112020\/","title":{"rendered":"Le Comptoir National de l&rsquo;Or cit\u00e9 par Le Monde le 11\/11\/2020 March\u00e9 de l\u2019or : vendre ses bijoux \u00e0 bon prix"},"content":{"rendered":"<h2><strong>Argent <\/strong><\/h2>\n<h2><strong>March\u00e9 de l\u2019or : vendre ses bijoux \u00e0 bon prix<\/strong><\/h2>\n<h3>Crise oblige, certains profitent des cours record pour c\u00e9der des objets d\u00e9mod\u00e9s ou ab\u00eem\u00e9<\/h3>\n<p>L&rsquo;or s\u2019envole de 25% depuis le 1 er janvier, \u00e0 pr\u00e8s de 1900 dollars (environ 1625 euros) l\u2019once. Un beau parcours qui confirme le statut de <strong>valeur refuge anticrise<\/strong> du m\u00e9tal jaune. Celui-ci a m\u00eame inscrit un nouveau <strong>record<\/strong> historique, le 7 ao\u00fbt, \u00e0 2075,50 dollars (voir le <a href=\"https:\/\/www.gold.fr\/cours-or-prix-de-l-or\/\">cours de l&rsquo;or<\/a>). La pand\u00e9mie due au coronavirus qui continue \u00e0 s\u2019\u00e9tendre et les plans de relance annonc\u00e9s pour combattre la crise \u00e9conomique mondiale plaident pour un environnement de taux d\u2019int\u00e9r\u00eat faibles.<\/p>\n<p>\u00abLe gouvernement a mis en place des mesures de soutien comme le ch\u00f4mage partiel. De plus, les Fran\u00e7ais ont massivement \u00e9pargn\u00e9 durant le premier confinement, ce qui constitue aujourd\u2019hui une r\u00e9serve de cash pour faire face aux coups durs\u00bb &#8211; Laurent Schwartz<\/p>\n<p><strong>D\u00e9couvrez l&rsquo;int\u00e9gralit\u00e9 de l&rsquo;article en le t\u00e9l\u00e9chargeant ci-dessous :<\/strong><\/p>\n<!-- AddThis Advanced Settings generic via filter on the_content --><!-- AddThis Share Buttons generic via filter on the_content -->","protected":false},"excerpt":{"rendered":"<p>Argent March\u00e9 de l\u2019or : vendre ses bijoux \u00e0 bon prix Crise oblige, certains profitent des cours record pour c\u00e9der des objets d\u00e9mod\u00e9s ou ab\u00eem\u00e9 L&rsquo;or s\u2019envole de 25% depuis le 1 er janvier, \u00e0 pr\u00e8s [&hellip;]<\/p>\n","protected":false},"author":6,"featured_media":39805,"comment_status":"closed","ping_status":"closed","sticky":false,"template":"","format":"standard","meta":{"_mbp_gutenberg_autopost":false,"_pgmb_is_evergreen":false,"_pgmb_ap_template_id":0,"footnotes":""},"categories":[2414],"tags":[592],"ppma_author":[2567],"class_list":["post-39804","post","type-post","status-publish","format-standard","has-post-thumbnail","hentry","category-cndo-dans-la-presse","tag-bijoux-or"],"yoast_head":"<!-- This site is optimized with the Yoast SEO plugin v27.5 - https:\/\/yoast.com\/product\/yoast-seo-wordpress\/ -->\n<title>March\u00e9 de l\u2019or : vendre ses bijoux \u00e0 bon prix Crise oblige<\/title>\n<meta name=\"description\" content=\"March\u00e9 de l\u2019or : vendre ses bijoux \u00e0 bon prix, Crise oblige, certains profitent des cours record pour c\u00e9der des objets d\u00e9mod\u00e9s ou ab\u00eem\u00e9\" \/>\n<meta name=\"robots\" content=\"index, follow, max-snippet:-1, max-image-preview:large, max-video-preview:-1\" \/>\n<link rel=\"canonical\" href=\"https:\/\/www.gold.fr\/news\/2020\/11\/11\/le-comptoir-national-de-lor-cite-par-le-monde-le-11112020\/\" \/>\n<meta property=\"og:locale\" content=\"fr_FR\" \/>\n<meta property=\"og:type\" content=\"article\" \/>\n<meta property=\"og:title\" content=\"March\u00e9 de l\u2019or : vendre ses bijoux \u00e0 bon prix Crise oblige\" \/>\n<meta property=\"og:description\" content=\"March\u00e9 de l\u2019or : vendre ses bijoux \u00e0 bon prix, Crise oblige, certains profitent des cours record pour c\u00e9der des objets d\u00e9mod\u00e9s ou ab\u00eem\u00e9\" \/>\n<meta property=\"og:url\" content=\"https:\/\/www.gold.fr\/news\/2020\/11\/11\/le-comptoir-national-de-lor-cite-par-le-monde-le-11112020\/\" \/>\n<meta property=\"og:site_name\" content=\"Gold.fr\" \/>\n<meta property=\"article:publisher\" content=\"https:\/\/www.facebook.com\/Goldfr\/\" \/>\n<meta property=\"article:published_time\" content=\"2020-11-11T10:27:21+00:00\" \/>\n<meta property=\"article:modified_time\" content=\"2021-09-23T08:05:59+00:00\" \/>\n<meta property=\"og:image\" content=\"https:\/\/www.gold.fr\/news\/wp-content\/uploads\/2021\/07\/lemonde-200px.jpg\" \/>\n\t<meta property=\"og:image:width\" content=\"200\" \/>\n\t<meta property=\"og:image:height\" content=\"46\" \/>\n\t<meta property=\"og:image:type\" content=\"image\/jpeg\" \/>\n<meta name=\"author\" content=\"Laurent Schwartz\" \/>\n<meta name=\"twitter:card\" content=\"summary_large_image\" \/>\n<meta name=\"twitter:label1\" content=\"\u00c9crit par\" \/>\n\t<meta name=\"twitter:data1\" content=\"Laurent Schwartz\" \/>\n\t<meta name=\"twitter:label2\" content=\"Dur\u00e9e de lecture estim\u00e9e\" \/>\n\t<meta name=\"twitter:data2\" content=\"1 minute\" \/>\n<script type=\"application\/ld+json\" class=\"yoast-schema-graph\">{\"@context\":\"https:\\\/\\\/schema.org\",\"@graph\":[{\"@type\":\"Article\",\"@id\":\"https:\\\/\\\/www.gold.fr\\\/news\\\/2020\\\/11\\\/11\\\/le-comptoir-national-de-lor-cite-par-le-monde-le-11112020\\\/#article\",\"isPartOf\":{\"@id\":\"https:\\\/\\\/www.gold.fr\\\/news\\\/2020\\\/11\\\/11\\\/le-comptoir-national-de-lor-cite-par-le-monde-le-11112020\\\/\"},\"author\":{\"name\":\"Laurent Schwartz\",\"@id\":\"https:\\\/\\\/www.gold.fr\\\/news\\\/#\\\/schema\\\/person\\\/4ed91d9a70d8f3a313c26e8308214fc2\"},\"headline\":\"Le Comptoir National de l&rsquo;Or cit\u00e9 par Le Monde le 11\\\/11\\\/2020 March\u00e9 de l\u2019or : vendre ses bijoux \u00e0 bon prix\",\"datePublished\":\"2020-11-11T10:27:21+00:00\",\"dateModified\":\"2021-09-23T08:05:59+00:00\",\"mainEntityOfPage\":{\"@id\":\"https:\\\/\\\/www.gold.fr\\\/news\\\/2020\\\/11\\\/11\\\/le-comptoir-national-de-lor-cite-par-le-monde-le-11112020\\\/\"},\"wordCount\":193,\"image\":{\"@id\":\"https:\\\/\\\/www.gold.fr\\\/news\\\/2020\\\/11\\\/11\\\/le-comptoir-national-de-lor-cite-par-le-monde-le-11112020\\\/#primaryimage\"},\"thumbnailUrl\":\"https:\\\/\\\/www.gold.fr\\\/news\\\/wp-content\\\/uploads\\\/2021\\\/07\\\/lemonde-200px.jpg\",\"keywords\":[\"Bijoux Or\"],\"articleSection\":[\"CNDO dans la presse\"],\"inLanguage\":\"fr-FR\"},{\"@type\":\"WebPage\",\"@id\":\"https:\\\/\\\/www.gold.fr\\\/news\\\/2020\\\/11\\\/11\\\/le-comptoir-national-de-lor-cite-par-le-monde-le-11112020\\\/\",\"url\":\"https:\\\/\\\/www.gold.fr\\\/news\\\/2020\\\/11\\\/11\\\/le-comptoir-national-de-lor-cite-par-le-monde-le-11112020\\\/\",\"name\":\"March\u00e9 de l\u2019or : vendre ses bijoux \u00e0 bon prix Crise oblige\",\"isPartOf\":{\"@id\":\"https:\\\/\\\/www.gold.fr\\\/news\\\/#website\"},\"primaryImageOfPage\":{\"@id\":\"https:\\\/\\\/www.gold.fr\\\/news\\\/2020\\\/11\\\/11\\\/le-comptoir-national-de-lor-cite-par-le-monde-le-11112020\\\/#primaryimage\"},\"image\":{\"@id\":\"https:\\\/\\\/www.gold.fr\\\/news\\\/2020\\\/11\\\/11\\\/le-comptoir-national-de-lor-cite-par-le-monde-le-11112020\\\/#primaryimage\"},\"thumbnailUrl\":\"https:\\\/\\\/www.gold.fr\\\/news\\\/wp-content\\\/uploads\\\/2021\\\/07\\\/lemonde-200px.jpg\",\"datePublished\":\"2020-11-11T10:27:21+00:00\",\"dateModified\":\"2021-09-23T08:05:59+00:00\",\"author\":{\"@id\":\"https:\\\/\\\/www.gold.fr\\\/news\\\/#\\\/schema\\\/person\\\/4ed91d9a70d8f3a313c26e8308214fc2\"},\"description\":\"March\u00e9 de l\u2019or : vendre ses bijoux \u00e0 bon prix, Crise oblige, certains profitent des cours record pour c\u00e9der des objets d\u00e9mod\u00e9s ou ab\u00eem\u00e9\",\"breadcrumb\":{\"@id\":\"https:\\\/\\\/www.gold.fr\\\/news\\\/2020\\\/11\\\/11\\\/le-comptoir-national-de-lor-cite-par-le-monde-le-11112020\\\/#breadcrumb\"},\"inLanguage\":\"fr-FR\",\"potentialAction\":[{\"@type\":\"ReadAction\",\"target\":[\"https:\\\/\\\/www.gold.fr\\\/news\\\/2020\\\/11\\\/11\\\/le-comptoir-national-de-lor-cite-par-le-monde-le-11112020\\\/\"]}]},{\"@type\":\"ImageObject\",\"inLanguage\":\"fr-FR\",\"@id\":\"https:\\\/\\\/www.gold.fr\\\/news\\\/2020\\\/11\\\/11\\\/le-comptoir-national-de-lor-cite-par-le-monde-le-11112020\\\/#primaryimage\",\"url\":\"https:\\\/\\\/www.gold.fr\\\/news\\\/wp-content\\\/uploads\\\/2021\\\/07\\\/lemonde-200px.jpg\",\"contentUrl\":\"https:\\\/\\\/www.gold.fr\\\/news\\\/wp-content\\\/uploads\\\/2021\\\/07\\\/lemonde-200px.jpg\",\"width\":200,\"height\":46},{\"@type\":\"BreadcrumbList\",\"@id\":\"https:\\\/\\\/www.gold.fr\\\/news\\\/2020\\\/11\\\/11\\\/le-comptoir-national-de-lor-cite-par-le-monde-le-11112020\\\/#breadcrumb\",\"itemListElement\":[{\"@type\":\"ListItem\",\"position\":1,\"name\":\"Accueil\",\"item\":\"https:\\\/\\\/www.gold.fr\\\/\"},{\"@type\":\"ListItem\",\"position\":2,\"name\":\"Actualit\u00e9s\",\"item\":\"https:\\\/\\\/www.gold.fr\\\/news\\\/\"},{\"@type\":\"ListItem\",\"position\":3,\"name\":\"Le Comptoir National de l&rsquo;Or cit\u00e9 par Le Monde le 11\\\/11\\\/2020 March\u00e9 de l\u2019or : vendre ses bijoux \u00e0 bon prix\"}]},{\"@type\":\"WebSite\",\"@id\":\"https:\\\/\\\/www.gold.fr\\\/news\\\/#website\",\"url\":\"https:\\\/\\\/www.gold.fr\\\/news\\\/\",\"name\":\"Gold.fr\",\"description\":\"Actualit\u00e9s de l&#039;Or et des m\u00e9taux pr\u00e9cieux\",\"potentialAction\":[{\"@type\":\"SearchAction\",\"target\":{\"@type\":\"EntryPoint\",\"urlTemplate\":\"https:\\\/\\\/www.gold.fr\\\/news\\\/?s={search_term_string}\"},\"query-input\":{\"@type\":\"PropertyValueSpecification\",\"valueRequired\":true,\"valueName\":\"search_term_string\"}}],\"inLanguage\":\"fr-FR\"},{\"@type\":\"Person\",\"@id\":\"https:\\\/\\\/www.gold.fr\\\/news\\\/#\\\/schema\\\/person\\\/4ed91d9a70d8f3a313c26e8308214fc2\",\"name\":\"Laurent Schwartz\",\"image\":{\"@type\":\"ImageObject\",\"inLanguage\":\"fr-FR\",\"@id\":\"https:\\\/\\\/secure.gravatar.com\\\/avatar\\\/1496f846049365121827f5470219486f1a95f83957cc8ca0a9595e40c185f5ee?s=96&d=mm&r=g76f0e87c9ba82a161860a0fc16990d85\",\"url\":\"https:\\\/\\\/secure.gravatar.com\\\/avatar\\\/1496f846049365121827f5470219486f1a95f83957cc8ca0a9595e40c185f5ee?s=96&d=mm&r=g\",\"contentUrl\":\"https:\\\/\\\/secure.gravatar.com\\\/avatar\\\/1496f846049365121827f5470219486f1a95f83957cc8ca0a9595e40c185f5ee?s=96&d=mm&r=g\",\"caption\":\"Laurent Schwartz\"},\"description\":\"Dipl\u00f4m\u00e9 de l\u2019EDHEC Business School en 2005, Laurent SCHWARTZ int\u00e8gre le cabinet d\u2019audit ERNST &amp; YOUNG en 2005 o\u00f9 il travaille pendant 4 ans. Parall\u00e8lement, il travaille au sein de l\u2019entreprise familiale cr\u00e9\u00e9e en 1976 \u00e0 Strasbourg. Fort de cette exp\u00e9rience et du savoir-faire d\u00e9velopp\u00e9 durant ces 40 derni\u00e8res ann\u00e9es, Laurent proc\u00e8de \u00e0 la refonte du site Internet Gold.fr d\u00e9di\u00e9 \u00e0 l\u2019achat d'or, vente d\u2019or (pi\u00e8ces, lingots, ...), achat or et argent,... qui conna\u00eetra un franc succ\u00e8s d\u00e8s son d\u00e9marrage en 2008. Il d\u00e9cide alors de d\u00e9velopper un r\u00e9seau de concessions exclusives: Le Comptoir National de l\u2019Or. Il assure d\u00e9sormais le pilotage strat\u00e9gique du 1er r\u00e9seau de France qui compte aujourd\u2019hui pas loin de 60 agences r\u00e9parties dans toute la France et depuis peu en Allemagne (Breisach). Le Comptoir National de l\u2019Or se positionne aujourd\u2019hui comme le leader incontournable sur le march\u00e9 de l\u2019Or et des m\u00e9taux pr\u00e9cieux en France.\",\"sameAs\":[\"https:\\\/\\\/www.gold.fr\",\"https:\\\/\\\/www.linkedin.com\\\/in\\\/acheteror\\\/\"]}]}<\/script>\n<!-- \/ Yoast SEO plugin. -->","yoast_head_json":{"title":"March\u00e9 de l\u2019or : vendre ses bijoux \u00e0 bon prix Crise oblige","description":"March\u00e9 de l\u2019or : vendre ses bijoux \u00e0 bon prix, Crise oblige, certains profitent des cours record pour c\u00e9der des objets d\u00e9mod\u00e9s ou ab\u00eem\u00e9","robots":{"index":"index","follow":"follow","max-snippet":"max-snippet:-1","max-image-preview":"max-image-preview:large","max-video-preview":"max-video-preview:-1"},"canonical":"https:\/\/www.gold.fr\/news\/2020\/11\/11\/le-comptoir-national-de-lor-cite-par-le-monde-le-11112020\/","og_locale":"fr_FR","og_type":"article","og_title":"March\u00e9 de l\u2019or : vendre ses bijoux \u00e0 bon prix Crise oblige","og_description":"March\u00e9 de l\u2019or : vendre ses bijoux \u00e0 bon prix, Crise oblige, certains profitent des cours record pour c\u00e9der des objets d\u00e9mod\u00e9s ou ab\u00eem\u00e9","og_url":"https:\/\/www.gold.fr\/news\/2020\/11\/11\/le-comptoir-national-de-lor-cite-par-le-monde-le-11112020\/","og_site_name":"Gold.fr","article_publisher":"https:\/\/www.facebook.com\/Goldfr\/","article_published_time":"2020-11-11T10:27:21+00:00","article_modified_time":"2021-09-23T08:05:59+00:00","og_image":[{"width":200,"height":46,"url":"https:\/\/www.gold.fr\/news\/wp-content\/uploads\/2021\/07\/lemonde-200px.jpg","type":"image\/jpeg"}],"author":"Laurent Schwartz","twitter_card":"summary_large_image","twitter_misc":{"\u00c9crit par":"Laurent Schwartz","Dur\u00e9e de lecture estim\u00e9e":"1 minute"},"schema":{"@context":"https:\/\/schema.org","@graph":[{"@type":"Article","@id":"https:\/\/www.gold.fr\/news\/2020\/11\/11\/le-comptoir-national-de-lor-cite-par-le-monde-le-11112020\/#article","isPartOf":{"@id":"https:\/\/www.gold.fr\/news\/2020\/11\/11\/le-comptoir-national-de-lor-cite-par-le-monde-le-11112020\/"},"author":{"name":"Laurent Schwartz","@id":"https:\/\/www.gold.fr\/news\/#\/schema\/person\/4ed91d9a70d8f3a313c26e8308214fc2"},"headline":"Le Comptoir National de l&rsquo;Or cit\u00e9 par Le Monde le 11\/11\/2020 March\u00e9 de l\u2019or : vendre ses bijoux \u00e0 bon prix","datePublished":"2020-11-11T10:27:21+00:00","dateModified":"2021-09-23T08:05:59+00:00","mainEntityOfPage":{"@id":"https:\/\/www.gold.fr\/news\/2020\/11\/11\/le-comptoir-national-de-lor-cite-par-le-monde-le-11112020\/"},"wordCount":193,"image":{"@id":"https:\/\/www.gold.fr\/news\/2020\/11\/11\/le-comptoir-national-de-lor-cite-par-le-monde-le-11112020\/#primaryimage"},"thumbnailUrl":"https:\/\/www.gold.fr\/news\/wp-content\/uploads\/2021\/07\/lemonde-200px.jpg","keywords":["Bijoux Or"],"articleSection":["CNDO dans la presse"],"inLanguage":"fr-FR"},{"@type":"WebPage","@id":"https:\/\/www.gold.fr\/news\/2020\/11\/11\/le-comptoir-national-de-lor-cite-par-le-monde-le-11112020\/","url":"https:\/\/www.gold.fr\/news\/2020\/11\/11\/le-comptoir-national-de-lor-cite-par-le-monde-le-11112020\/","name":"March\u00e9 de l\u2019or : vendre ses bijoux \u00e0 bon prix Crise oblige","isPartOf":{"@id":"https:\/\/www.gold.fr\/news\/#website"},"primaryImageOfPage":{"@id":"https:\/\/www.gold.fr\/news\/2020\/11\/11\/le-comptoir-national-de-lor-cite-par-le-monde-le-11112020\/#primaryimage"},"image":{"@id":"https:\/\/www.gold.fr\/news\/2020\/11\/11\/le-comptoir-national-de-lor-cite-par-le-monde-le-11112020\/#primaryimage"},"thumbnailUrl":"https:\/\/www.gold.fr\/news\/wp-content\/uploads\/2021\/07\/lemonde-200px.jpg","datePublished":"2020-11-11T10:27:21+00:00","dateModified":"2021-09-23T08:05:59+00:00","author":{"@id":"https:\/\/www.gold.fr\/news\/#\/schema\/person\/4ed91d9a70d8f3a313c26e8308214fc2"},"description":"March\u00e9 de l\u2019or : vendre ses bijoux \u00e0 bon prix, Crise oblige, certains profitent des cours record pour c\u00e9der des objets d\u00e9mod\u00e9s ou ab\u00eem\u00e9","breadcrumb":{"@id":"https:\/\/www.gold.fr\/news\/2020\/11\/11\/le-comptoir-national-de-lor-cite-par-le-monde-le-11112020\/#breadcrumb"},"inLanguage":"fr-FR","potentialAction":[{"@type":"ReadAction","target":["https:\/\/www.gold.fr\/news\/2020\/11\/11\/le-comptoir-national-de-lor-cite-par-le-monde-le-11112020\/"]}]},{"@type":"ImageObject","inLanguage":"fr-FR","@id":"https:\/\/www.gold.fr\/news\/2020\/11\/11\/le-comptoir-national-de-lor-cite-par-le-monde-le-11112020\/#primaryimage","url":"https:\/\/www.gold.fr\/news\/wp-content\/uploads\/2021\/07\/lemonde-200px.jpg","contentUrl":"https:\/\/www.gold.fr\/news\/wp-content\/uploads\/2021\/07\/lemonde-200px.jpg","width":200,"height":46},{"@type":"BreadcrumbList","@id":"https:\/\/www.gold.fr\/news\/2020\/11\/11\/le-comptoir-national-de-lor-cite-par-le-monde-le-11112020\/#breadcrumb","itemListElement":[{"@type":"ListItem","position":1,"name":"Accueil","item":"https:\/\/www.gold.fr\/"},{"@type":"ListItem","position":2,"name":"Actualit\u00e9s","item":"https:\/\/www.gold.fr\/news\/"},{"@type":"ListItem","position":3,"name":"Le Comptoir National de l&rsquo;Or cit\u00e9 par Le Monde le 11\/11\/2020 March\u00e9 de l\u2019or : vendre ses bijoux \u00e0 bon prix"}]},{"@type":"WebSite","@id":"https:\/\/www.gold.fr\/news\/#website","url":"https:\/\/www.gold.fr\/news\/","name":"Gold.fr","description":"Actualit\u00e9s de l&#039;Or et des m\u00e9taux pr\u00e9cieux","potentialAction":[{"@type":"SearchAction","target":{"@type":"EntryPoint","urlTemplate":"https:\/\/www.gold.fr\/news\/?s={search_term_string}"},"query-input":{"@type":"PropertyValueSpecification","valueRequired":true,"valueName":"search_term_string"}}],"inLanguage":"fr-FR"},{"@type":"Person","@id":"https:\/\/www.gold.fr\/news\/#\/schema\/person\/4ed91d9a70d8f3a313c26e8308214fc2","name":"Laurent Schwartz","image":{"@type":"ImageObject","inLanguage":"fr-FR","@id":"https:\/\/secure.gravatar.com\/avatar\/1496f846049365121827f5470219486f1a95f83957cc8ca0a9595e40c185f5ee?s=96&d=mm&r=g76f0e87c9ba82a161860a0fc16990d85","url":"https:\/\/secure.gravatar.com\/avatar\/1496f846049365121827f5470219486f1a95f83957cc8ca0a9595e40c185f5ee?s=96&d=mm&r=g","contentUrl":"https:\/\/secure.gravatar.com\/avatar\/1496f846049365121827f5470219486f1a95f83957cc8ca0a9595e40c185f5ee?s=96&d=mm&r=g","caption":"Laurent Schwartz"},"description":"Dipl\u00f4m\u00e9 de l\u2019EDHEC Business School en 2005, Laurent SCHWARTZ int\u00e8gre le cabinet d\u2019audit ERNST &amp; YOUNG en 2005 o\u00f9 il travaille pendant 4 ans. Parall\u00e8lement, il travaille au sein de l\u2019entreprise familiale cr\u00e9\u00e9e en 1976 \u00e0 Strasbourg. Fort de cette exp\u00e9rience et du savoir-faire d\u00e9velopp\u00e9 durant ces 40 derni\u00e8res ann\u00e9es, Laurent proc\u00e8de \u00e0 la refonte du site Internet Gold.fr d\u00e9di\u00e9 \u00e0 l\u2019achat d'or, vente d\u2019or (pi\u00e8ces, lingots, ...), achat or et argent,... qui conna\u00eetra un franc succ\u00e8s d\u00e8s son d\u00e9marrage en 2008. Il d\u00e9cide alors de d\u00e9velopper un r\u00e9seau de concessions exclusives: Le Comptoir National de l\u2019Or. Il assure d\u00e9sormais le pilotage strat\u00e9gique du 1er r\u00e9seau de France qui compte aujourd\u2019hui pas loin de 60 agences r\u00e9parties dans toute la France et depuis peu en Allemagne (Breisach). Le Comptoir National de l\u2019Or se positionne aujourd\u2019hui comme le leader incontournable sur le march\u00e9 de l\u2019Or et des m\u00e9taux pr\u00e9cieux en France.","sameAs":["https:\/\/www.gold.fr","https:\/\/www.linkedin.com\/in\/acheteror\/"]}]}},"authors":[{"term_id":2567,"user_id":6,"is_guest":0,"slug":"laurent","display_name":"Laurent Schwartz","avatar_url":"https:\/\/secure.gravatar.com\/avatar\/1496f846049365121827f5470219486f1a95f83957cc8ca0a9595e40c185f5ee?s=96&d=mm&r=g","0":null,"1":"","2":"","3":"","4":"","5":"","6":"","7":"","8":""}],"_links":{"self":[{"href":"https:\/\/www.gold.fr\/news\/wp-json\/wp\/v2\/posts\/39804","targetHints":{"allow":["GET"]}}],"collection":[{"href":"https:\/\/www.gold.fr\/news\/wp-json\/wp\/v2\/posts"}],"about":[{"href":"https:\/\/www.gold.fr\/news\/wp-json\/wp\/v2\/types\/post"}],"author":[{"embeddable":true,"href":"https:\/\/www.gold.fr\/news\/wp-json\/wp\/v2\/users\/6"}],"replies":[{"embeddable":true,"href":"https:\/\/www.gold.fr\/news\/wp-json\/wp\/v2\/comments?post=39804"}],"version-history":[{"count":0,"href":"https:\/\/www.gold.fr\/news\/wp-json\/wp\/v2\/posts\/39804\/revisions"}],"wp:featuredmedia":[{"embeddable":true,"href":"https:\/\/www.gold.fr\/news\/wp-json\/wp\/v2\/media\/39805"}],"wp:attachment":[{"href":"https:\/\/www.gold.fr\/news\/wp-json\/wp\/v2\/media?parent=39804"}],"wp:term":[{"taxonomy":"category","embeddable":true,"href":"https:\/\/www.gold.fr\/news\/wp-json\/wp\/v2\/categories?post=39804"},{"taxonomy":"post_tag","embeddable":true,"href":"https:\/\/www.gold.fr\/news\/wp-json\/wp\/v2\/tags?post=39804"},{"taxonomy":"author","embeddable":true,"href":"https:\/\/www.gold.fr\/news\/wp-json\/wp\/v2\/ppma_author?post=39804"}],"curies":[{"name":"wp","href":"https:\/\/api.w.org\/{rel}","templated":true}]}}