{"id":39730,"date":"2021-07-05T10:38:36","date_gmt":"2021-07-05T08:38:36","guid":{"rendered":"https:\/\/www.gold.fr\/news\/?p=39730"},"modified":"2021-07-15T13:42:51","modified_gmt":"2021-07-15T11:42:51","slug":"cours-de-lor-1er-semestre-en-repli","status":"publish","type":"post","link":"https:\/\/www.gold.fr\/news\/2021\/07\/05\/cours-de-lor-1er-semestre-en-repli\/","title":{"rendered":"Cours de l\u2019or\u00a0: 1er semestre en repli"},"content":{"rendered":"<p style=\"text-align: justify;\"><em>Dans cette lettre mensuelle, vous trouverez un point sur la performance de l\u2019or ainsi que plusieurs actualit\u00e9s et analyses sur des sujets qui influencent le cours du m\u00e9tal jaune. <\/em><\/p>\n<h2 style=\"text-align: justify;\"><strong>Ce qu\u2019il faut retenir du mois de juin<\/strong><\/h2>\n<ul style=\"text-align: justify;\">\n<li>Fort repli en juin : -4.89%. 2021\u00a0: -3.54%<\/li>\n<li>Inflation, variants, et congr\u00e8s du parti communiste chinois<\/li>\n<li>Le Br\u00e9sil augmente ses r\u00e9serves d\u2019or de 12 tonnes<\/li>\n<li>L\u2019impact incertain pour l\u2019or de la nouvelle r\u00e8glementation B\u00e2le III<\/li>\n<li>Le chiffre du mois\u00a0: 1.39g d\u2019or par tonne de minerai extrait\u2026<\/li>\n<\/ul>\n<h3 style=\"text-align: justify;\"><strong>Une correction ram\u00e8ne le cours en terrain n\u00e9gatif pour l\u2019ann\u00e9e<\/strong><\/h3>\n<p style=\"text-align: justify;\">Au second fixing de Londres, le 30 juin, l\u2019once d\u2019or cotait 1763.15 dollars, enregistrant un repli de 7.2% qui efface le rebond du cours de mai (+7.5%). <strong>En euros, l\u2019once r\u00e9siste beaucoup mieux mais c\u00e8de n\u00e9anmoins 4.89%<\/strong> pour s\u2019\u00e9tablir \u00e0 1485.45 euros. Avec ces fortes baisses, la performance depuis le d\u00e9but d\u2019ann\u00e9e revient en terrain n\u00e9gatif, le m\u00e9tal jaune perdant 3.54% en euros sur ce premier semestre.<\/p>\n<p style=\"text-align: justify;\"><img loading=\"lazy\" decoding=\"async\" class=\"aligncenter wp-image-39731\" title=\"performance or en euros et dollars juin 2021\" src=\"https:\/\/www.gold.fr\/news\/wp-content\/uploads\/2021\/07\/cours-once-pef-juin-perf-2021.jpg\" alt=\"performance or en euros et dollars juin 2021\" width=\"693\" height=\"152\" srcset=\"https:\/\/www.gold.fr\/news\/wp-content\/uploads\/2021\/07\/cours-once-pef-juin-perf-2021.jpg 741w, https:\/\/www.gold.fr\/news\/wp-content\/uploads\/2021\/07\/cours-once-pef-juin-perf-2021-300x66.jpg 300w, https:\/\/www.gold.fr\/news\/wp-content\/uploads\/2021\/07\/cours-once-pef-juin-perf-2021-298x66.jpg 298w\" sizes=\"auto, (max-width: 693px) 100vw, 693px\" \/><\/p>\n<p style=\"text-align: justify;\">Cette mauvaise performance r\u00e9sulte principalement d\u2019une correction de 3% sur la s\u00e9ance du 17 juin, au lendemain d\u2019un<\/p>\n<p style=\"text-align: justify;\">communiqu\u00e9 de la Fed indiquant que ses membres s\u2019attendaient \u00e0 un resserrement plus rapide que pr\u00e9vu de la politique mon\u00e9taire. Bien qu\u2019aucune hausse des taux ne soit pr\u00e9vue avant 2023, l\u2019information a \u00e9t\u00e9 per\u00e7ue comme un tournant par les analystes.<\/p>\n<p style=\"text-align: justify;\">L\u2019or appr\u00e9ciant g\u00e9n\u00e9ralement les p\u00e9riodes de politiques laxistes, la correction du m\u00e9tal jaune est assez logique.<\/p>\n<p style=\"text-align: justify;\"><img loading=\"lazy\" decoding=\"async\" class=\"aligncenter wp-image-39732\" title=\"cours de l'or juin 2021\" src=\"https:\/\/www.gold.fr\/news\/wp-content\/uploads\/2021\/07\/cours-or-euros-juin2021.jpg\" alt=\"cours de l'or juin 2021\" width=\"546\" height=\"343\" srcset=\"https:\/\/www.gold.fr\/news\/wp-content\/uploads\/2021\/07\/cours-or-euros-juin2021.jpg 524w, https:\/\/www.gold.fr\/news\/wp-content\/uploads\/2021\/07\/cours-or-euros-juin2021-300x188.jpg 300w, https:\/\/www.gold.fr\/news\/wp-content\/uploads\/2021\/07\/cours-or-euros-juin2021-298x187.jpg 298w\" sizes=\"auto, (max-width: 546px) 100vw, 546px\" \/><\/p>\n<p style=\"text-align: justify;\"><a href=\"https:\/\/www.gold.fr\/informations-sur-l-or\/guides\/comment-est-fixe-le-cours-de-lor\"><em>Comment est fix\u00e9 le cours de l\u2019or\u00a0<\/em><\/a><em>?<\/em><\/p>\n<p style=\"text-align: justify;\">Avec une performance du Cac 40 de l\u2019ordre de 17% hors dividendes depuis le d\u00e9but de l\u2019ann\u00e9e, les actions fran\u00e7aises devancent l\u2019or de pr\u00e8s de 20 points. Mais avantage \u00e0 l\u2019or sur 3 ans, et surtout sur le long terme (20 ans en particulier).<\/p>\n<p style=\"text-align: justify;\"><img loading=\"lazy\" decoding=\"async\" class=\"wp-image-39733 aligncenter\" src=\"https:\/\/www.gold.fr\/news\/wp-content\/uploads\/2021\/07\/perf-or-20ans.jpg\" alt=\"\" width=\"693\" height=\"118\" srcset=\"https:\/\/www.gold.fr\/news\/wp-content\/uploads\/2021\/07\/perf-or-20ans.jpg 682w, https:\/\/www.gold.fr\/news\/wp-content\/uploads\/2021\/07\/perf-or-20ans-300x51.jpg 300w, https:\/\/www.gold.fr\/news\/wp-content\/uploads\/2021\/07\/perf-or-20ans-298x51.jpg 298w\" sizes=\"auto, (max-width: 693px) 100vw, 693px\" \/><\/p>\n<p style=\"text-align: justify;\"><strong>\u00a0<\/strong><\/p>\n<h3 style=\"text-align: justify;\"><strong>L\u2019actu qui a marqu\u00e9 le mois<\/strong><\/h3>\n<p style=\"text-align: justify;\">Comme le mois pass\u00e9, le d\u00e9bat \u00e9conomique continue de porter sur l\u2019inflation, ses soubresauts et sa persistance. En Allemagne, elle <a href=\"https:\/\/www.capital.fr\/economie-politique\/allemagne-le-retour-de-linflation-une-bombe-a-retardement-inquiete-1407894\">inqui\u00e8te<\/a> et fait la une des journaux, avec des autorit\u00e9s qui parlent d\u2019une possibilit\u00e9 de voir les prix grimper de 4% en fin d\u2019ann\u00e9e. La Deutsche Bank, dans un rapport parle de \u00ab\u00a0bombe \u00e0 retardement\u00a0\u00bb.<\/p>\n<p style=\"text-align: justify;\">Pendant ce temps, l\u2019activit\u00e9 \u00e9conomique continue de s\u2019am\u00e9liorer significativement sur fonds d\u2019une fragile r\u00e9ouverture des \u00e9conomies. L\u2019\u00e9mergence de nouveaux variants et les inqui\u00e9tudes qui en r\u00e9sultent sont n\u00e9anmoins de nature \u00e0 calmer l\u2019euphorie des march\u00e9s actions et ont soutenu le cours sur les premiers jours de juillet.<\/p>\n<p style=\"text-align: justify;\">Sur le front g\u00e9opolitique, l\u2019\u00e9v\u00e9nement majeur du mois de juin a \u00e9t\u00e9 le 100<sup>\u00e8me<\/sup> anniversaire du parti communiste chinois, qui a offert \u00e0 Xi Jinping une tribune pour exprimer sa volont\u00e9 de rattacher Taiwan au pays, tout en pr\u00e9venant toute puissance essayant de l\u2019oppresser qu\u2019elle se retrouverait \u00ab\u00a0ensanglant\u00e9e contre la grande muraille d\u2019acier form\u00e9e par plus de 1.4 milliards de chinois\u00a0\u00bb. Difficile de faire plus explicite&#8230;<\/p>\n<h3 style=\"text-align: justify;\"><strong>Le Br\u00e9sil rejoint le bal des banques centrales acheteuses d\u2019or<\/strong><\/h3>\n<p style=\"text-align: justify;\">La banque centrale du Br\u00e9sil a dop\u00e9 ses r\u00e9serves d\u2019or de 18% sur le mois de mai, en ajoutant 384&rsquo;000 onces, selon les statistiques officielles du Fonds Mon\u00e9taire International. <strong>Cette augmentation de 12 tonnes est la premi\u00e8re depuis 2012<\/strong> pour le pays dirig\u00e9 par Bolsonaro. Avec 79 tonnes au total, le Br\u00e9sil occupe une modeste 42<sup>\u00e8me<\/sup> place mondiale au classement des plus grosses r\u00e9serves d\u2019or.<\/p>\n<p style=\"text-align: justify;\">Aucun communiqu\u00e9 officiel n\u2019a \u00e9t\u00e9 publi\u00e9, mais on peut supposer que cette d\u00e9cision vise \u00e0 stimuler la confiance dans l\u2019\u00e9conomie nationale \u00e0 un moment o\u00f9 le pays est en proie \u00e0 une <a href=\"https:\/\/www.lesechos.fr\/monde\/ameriques\/bresil-la-penurie-denergie-menace-1325117\">grave s\u00e9cheresse<\/a> et une inflation importante (8% sur un an en mai) qui menace la stabilit\u00e9 financi\u00e8re du pays.<\/p>\n<h3 style=\"text-align: justify;\"><strong>La r\u00e8glementation B\u00e2le III\u00a0: avantage \u00e0 l\u2019or physique<\/strong><\/h3>\n<p style=\"text-align: justify;\">Le comit\u00e9 de B\u00e2le a pour but d\u2019\u00e9dicter les normes prudentielles du secteur bancaire, afin d\u2019assurer la stabilit\u00e9 du syst\u00e8me financier. Depuis le 1 juillet, une nouvelle r\u00e8glementation s\u2019applique aux banques intervenant sur le march\u00e9 de l\u2019or, et leur impose de mettre en r\u00e9serve plus de capital de s\u00e9curit\u00e9 pour les transactions qu\u2019elles effectuent sur l\u2019or \u00ab\u00a0non allou\u00e9\u00a0\u00bb.<\/p>\n<p style=\"text-align: justify;\">L\u2019or allou\u00e9, c\u2019est de l\u2019or d\u00e9tenu par le client dans les coffres de la banque et clairement identifi\u00e9 par un num\u00e9ro, qui n\u2019appartient donc pas \u00e0 la banque. L\u2019or non allou\u00e9, c\u2019est de l\u2019or propri\u00e9t\u00e9 de la banque dont elle se sert pour honorer des cr\u00e9ances clients\u00a0: c\u2019est de l\u2019or papier avec (en g\u00e9n\u00e9ral) une r\u00e9serve d\u2019or physique.<\/p>\n<p style=\"text-align: justify;\">La r\u00e9forme du comit\u00e9 de B\u00e2le p\u00e9nalise l\u2019usage de l\u2019or non allou\u00e9 et favorise l\u2019or allou\u00e9, ce qui entraine des complexit\u00e9s et des couts suppl\u00e9mentaires pour les banques sp\u00e9cialis\u00e9es sur l\u2019or. C\u2019est un peu comme si on leur demandait de bouger physiquement des liasses de billets lorsqu\u2019elles font un virement\u2026<\/p>\n<p style=\"text-align: justify;\">Un changement qui devrait donc redonner l\u2019avantage \u00e0 l\u2019or physique allou\u00e9, qui est consid\u00e9r\u00e9 par le comit\u00e9 comme la fa\u00e7on la plus s\u00fbre de traiter de l\u2019or.<\/p>\n<h3 style=\"text-align: justify;\"><strong>Le chiffre du mois\u00a0: 1.39 gramme d\u2019or par tonne d\u2019agr\u00e9gats extraits<\/strong><\/h3>\n<p style=\"text-align: justify;\">Lu dans une note de Metals Focus publi\u00e9e sur le site du <a href=\"https:\/\/www.gold.org\/goldhub\/gold-focus\/2021\/06\/gold-mining-costs-continue-rising-q1-21\">World Gold Council<\/a>\u00a0: les co\u00fbts de production d\u2019une once d\u2019or s\u2019\u00e9l\u00e8vent \u00e0 1048 dollars,\u00a0un plus haut depuis au moins 8 ans, et une progression de 5% sur un trimestre. C\u2019est plut\u00f4t une bonne nouvelle pour le cours de l\u2019or, les couts de production agissant comme un plancher th\u00e9orique en dessous duquel celui-ci ne peut pas descendre durablement.<\/p>\n<p style=\"text-align: justify;\">Mais le chiffre le plus int\u00e9ressant se situe dans les causes de cette augmentation de couts. Outre l\u2019impact Covid et la hausse des co\u00fbts de main d\u2019\u0153uvre, <strong>l\u2019analyste mentionne une baisse de 4% de la concentration en or\u00a0: en moyenne, les mines d\u2019or ne r\u00e9cup\u00e8rent que 1.39 gramme d\u2019or par tonne de roche et agr\u00e9gat extraits<\/strong>. De l\u00e0 \u00e0 parler de chercher une aiguille en or dans une grosse botte de roche\u2026<\/p>\n<p style=\"text-align: justify;\"><em><u>\u00a0<\/u><\/em><\/p>\n<p style=\"text-align: justify;\"><em><u>Avertissement<\/u><\/em><em>\u00a0:<\/em><\/p>\n<p style=\"text-align: justify;\"><em>Le cours de l\u2019or peut varier significativement \u00e0 la hausse ou \u00e0 la baisse. Les informations contenues dans ce document ne constituent pas une recommandation d\u2019investissement et le lecteur est invit\u00e9 \u00e0 prendre conseil aupr\u00e8s de professionnels pour la gestion de son \u00e9pargne.<\/em><\/p>\n<p style=\"text-align: justify;\"><strong>\u00a0<\/strong><\/p>\n<p style=\"text-align: justify;\"><strong>\u00a0<\/strong><\/p>\n<!-- AddThis Advanced Settings generic via filter on the_content --><!-- AddThis Share Buttons generic via filter on the_content -->","protected":false},"excerpt":{"rendered":"<p>Dans cette lettre mensuelle, vous trouverez un point sur la performance de l\u2019or ainsi que plusieurs actualit\u00e9s et analyses sur des sujets qui influencent le cours du m\u00e9tal jaune. Ce qu\u2019il faut retenir du mois de [&hellip;]<\/p>\n","protected":false},"author":6,"featured_media":39737,"comment_status":"closed","ping_status":"closed","sticky":false,"template":"","format":"standard","meta":{"_mbp_gutenberg_autopost":false,"_pgmb_is_evergreen":false,"_pgmb_ap_template_id":0,"footnotes":""},"categories":[4],"tags":[1937,766,2411,2412,2413,84],"ppma_author":[2567],"class_list":["post-39730","post","type-post","status-publish","format-standard","has-post-thumbnail","hentry","category-analyses-economiques","tag-actualite-geopolitique","tag-baisse-cours-de-lor","tag-bresil","tag-gramme-dor","tag-rapport-mensuel","tag-cours-de-lor"],"yoast_head":"<!-- This site is optimized with the Yoast SEO plugin v27.5 - https:\/\/yoast.com\/product\/yoast-seo-wordpress\/ -->\n<title>Cours de l&#039;or : 1er semestre en repli - Rapport mensuel<\/title>\n<meta name=\"description\" content=\"Fort repli en juin -4.89%, 2021 -3.54% Inflation, variants et congr\u00e8s du parti communiste chinois, d\u00e9couvrez l&#039;actualit\u00e9 du mois de juin 2021\" \/>\n<meta name=\"robots\" content=\"index, follow, max-snippet:-1, max-image-preview:large, max-video-preview:-1\" \/>\n<link rel=\"canonical\" href=\"https:\/\/www.gold.fr\/news\/2021\/07\/05\/cours-de-lor-1er-semestre-en-repli\/\" \/>\n<meta property=\"og:locale\" content=\"fr_FR\" \/>\n<meta property=\"og:type\" content=\"article\" \/>\n<meta property=\"og:title\" content=\"Cours de l&#039;or : 1er semestre en repli - Rapport mensuel\" \/>\n<meta property=\"og:description\" content=\"Fort repli en juin -4.89%, 2021 -3.54% Inflation, variants et congr\u00e8s du parti communiste chinois, d\u00e9couvrez l&#039;actualit\u00e9 du mois de juin 2021\" \/>\n<meta property=\"og:url\" content=\"https:\/\/www.gold.fr\/news\/2021\/07\/05\/cours-de-lor-1er-semestre-en-repli\/\" \/>\n<meta property=\"og:site_name\" content=\"Gold.fr\" \/>\n<meta property=\"article:publisher\" content=\"https:\/\/www.facebook.com\/Goldfr\/\" \/>\n<meta property=\"article:published_time\" content=\"2021-07-05T08:38:36+00:00\" \/>\n<meta property=\"article:modified_time\" content=\"2021-07-15T11:42:51+00:00\" \/>\n<meta property=\"og:image\" content=\"https:\/\/www.gold.fr\/news\/wp-content\/uploads\/2021\/07\/cours-or-1er-semestre-2021-repli.jpg\" \/>\n\t<meta property=\"og:image:width\" content=\"800\" \/>\n\t<meta property=\"og:image:height\" content=\"533\" \/>\n\t<meta property=\"og:image:type\" content=\"image\/jpeg\" \/>\n<meta name=\"author\" content=\"Laurent Schwartz\" \/>\n<meta name=\"twitter:card\" content=\"summary_large_image\" \/>\n<meta name=\"twitter:label1\" content=\"\u00c9crit par\" \/>\n\t<meta name=\"twitter:data1\" content=\"Laurent Schwartz\" \/>\n\t<meta name=\"twitter:label2\" content=\"Dur\u00e9e de lecture estim\u00e9e\" \/>\n\t<meta name=\"twitter:data2\" content=\"6 minutes\" \/>\n<script type=\"application\/ld+json\" class=\"yoast-schema-graph\">{\"@context\":\"https:\\\/\\\/schema.org\",\"@graph\":[{\"@type\":\"Article\",\"@id\":\"https:\\\/\\\/www.gold.fr\\\/news\\\/2021\\\/07\\\/05\\\/cours-de-lor-1er-semestre-en-repli\\\/#article\",\"isPartOf\":{\"@id\":\"https:\\\/\\\/www.gold.fr\\\/news\\\/2021\\\/07\\\/05\\\/cours-de-lor-1er-semestre-en-repli\\\/\"},\"author\":{\"name\":\"Laurent Schwartz\",\"@id\":\"https:\\\/\\\/www.gold.fr\\\/news\\\/#\\\/schema\\\/person\\\/4ed91d9a70d8f3a313c26e8308214fc2\"},\"headline\":\"Cours de l\u2019or\u00a0: 1er semestre en repli\",\"datePublished\":\"2021-07-05T08:38:36+00:00\",\"dateModified\":\"2021-07-15T11:42:51+00:00\",\"mainEntityOfPage\":{\"@id\":\"https:\\\/\\\/www.gold.fr\\\/news\\\/2021\\\/07\\\/05\\\/cours-de-lor-1er-semestre-en-repli\\\/\"},\"wordCount\":1115,\"image\":{\"@id\":\"https:\\\/\\\/www.gold.fr\\\/news\\\/2021\\\/07\\\/05\\\/cours-de-lor-1er-semestre-en-repli\\\/#primaryimage\"},\"thumbnailUrl\":\"https:\\\/\\\/www.gold.fr\\\/news\\\/wp-content\\\/uploads\\\/2021\\\/07\\\/cours-or-1er-semestre-2021-repli.jpg\",\"keywords\":[\"actualit\u00e9 g\u00e9opolitique\",\"baisse cours de l'Or\",\"br\u00e9sil\",\"gramme d'or\",\"rapport mensuel\",\"Tout Cours de l'Or\"],\"articleSection\":[\"Analyses Economiques\"],\"inLanguage\":\"fr-FR\"},{\"@type\":\"WebPage\",\"@id\":\"https:\\\/\\\/www.gold.fr\\\/news\\\/2021\\\/07\\\/05\\\/cours-de-lor-1er-semestre-en-repli\\\/\",\"url\":\"https:\\\/\\\/www.gold.fr\\\/news\\\/2021\\\/07\\\/05\\\/cours-de-lor-1er-semestre-en-repli\\\/\",\"name\":\"Cours de l'or : 1er semestre en repli - Rapport mensuel\",\"isPartOf\":{\"@id\":\"https:\\\/\\\/www.gold.fr\\\/news\\\/#website\"},\"primaryImageOfPage\":{\"@id\":\"https:\\\/\\\/www.gold.fr\\\/news\\\/2021\\\/07\\\/05\\\/cours-de-lor-1er-semestre-en-repli\\\/#primaryimage\"},\"image\":{\"@id\":\"https:\\\/\\\/www.gold.fr\\\/news\\\/2021\\\/07\\\/05\\\/cours-de-lor-1er-semestre-en-repli\\\/#primaryimage\"},\"thumbnailUrl\":\"https:\\\/\\\/www.gold.fr\\\/news\\\/wp-content\\\/uploads\\\/2021\\\/07\\\/cours-or-1er-semestre-2021-repli.jpg\",\"datePublished\":\"2021-07-05T08:38:36+00:00\",\"dateModified\":\"2021-07-15T11:42:51+00:00\",\"author\":{\"@id\":\"https:\\\/\\\/www.gold.fr\\\/news\\\/#\\\/schema\\\/person\\\/4ed91d9a70d8f3a313c26e8308214fc2\"},\"description\":\"Fort repli en juin -4.89%, 2021 -3.54% Inflation, variants et congr\u00e8s du parti communiste chinois, d\u00e9couvrez l'actualit\u00e9 du mois de juin 2021\",\"breadcrumb\":{\"@id\":\"https:\\\/\\\/www.gold.fr\\\/news\\\/2021\\\/07\\\/05\\\/cours-de-lor-1er-semestre-en-repli\\\/#breadcrumb\"},\"inLanguage\":\"fr-FR\",\"potentialAction\":[{\"@type\":\"ReadAction\",\"target\":[\"https:\\\/\\\/www.gold.fr\\\/news\\\/2021\\\/07\\\/05\\\/cours-de-lor-1er-semestre-en-repli\\\/\"]}]},{\"@type\":\"ImageObject\",\"inLanguage\":\"fr-FR\",\"@id\":\"https:\\\/\\\/www.gold.fr\\\/news\\\/2021\\\/07\\\/05\\\/cours-de-lor-1er-semestre-en-repli\\\/#primaryimage\",\"url\":\"https:\\\/\\\/www.gold.fr\\\/news\\\/wp-content\\\/uploads\\\/2021\\\/07\\\/cours-or-1er-semestre-2021-repli.jpg\",\"contentUrl\":\"https:\\\/\\\/www.gold.fr\\\/news\\\/wp-content\\\/uploads\\\/2021\\\/07\\\/cours-or-1er-semestre-2021-repli.jpg\",\"width\":800,\"height\":533,\"caption\":\"Cours de l\u2019or : 1er semestre en repli\"},{\"@type\":\"BreadcrumbList\",\"@id\":\"https:\\\/\\\/www.gold.fr\\\/news\\\/2021\\\/07\\\/05\\\/cours-de-lor-1er-semestre-en-repli\\\/#breadcrumb\",\"itemListElement\":[{\"@type\":\"ListItem\",\"position\":1,\"name\":\"Accueil\",\"item\":\"https:\\\/\\\/www.gold.fr\\\/\"},{\"@type\":\"ListItem\",\"position\":2,\"name\":\"Actualit\u00e9s\",\"item\":\"https:\\\/\\\/www.gold.fr\\\/news\\\/\"},{\"@type\":\"ListItem\",\"position\":3,\"name\":\"Cours de l\u2019or\u00a0: 1er semestre en repli\"}]},{\"@type\":\"WebSite\",\"@id\":\"https:\\\/\\\/www.gold.fr\\\/news\\\/#website\",\"url\":\"https:\\\/\\\/www.gold.fr\\\/news\\\/\",\"name\":\"Gold.fr\",\"description\":\"Actualit\u00e9s de l&#039;Or et des m\u00e9taux pr\u00e9cieux\",\"potentialAction\":[{\"@type\":\"SearchAction\",\"target\":{\"@type\":\"EntryPoint\",\"urlTemplate\":\"https:\\\/\\\/www.gold.fr\\\/news\\\/?s={search_term_string}\"},\"query-input\":{\"@type\":\"PropertyValueSpecification\",\"valueRequired\":true,\"valueName\":\"search_term_string\"}}],\"inLanguage\":\"fr-FR\"},{\"@type\":\"Person\",\"@id\":\"https:\\\/\\\/www.gold.fr\\\/news\\\/#\\\/schema\\\/person\\\/4ed91d9a70d8f3a313c26e8308214fc2\",\"name\":\"Laurent Schwartz\",\"image\":{\"@type\":\"ImageObject\",\"inLanguage\":\"fr-FR\",\"@id\":\"https:\\\/\\\/secure.gravatar.com\\\/avatar\\\/1496f846049365121827f5470219486f1a95f83957cc8ca0a9595e40c185f5ee?s=96&d=mm&r=g76f0e87c9ba82a161860a0fc16990d85\",\"url\":\"https:\\\/\\\/secure.gravatar.com\\\/avatar\\\/1496f846049365121827f5470219486f1a95f83957cc8ca0a9595e40c185f5ee?s=96&d=mm&r=g\",\"contentUrl\":\"https:\\\/\\\/secure.gravatar.com\\\/avatar\\\/1496f846049365121827f5470219486f1a95f83957cc8ca0a9595e40c185f5ee?s=96&d=mm&r=g\",\"caption\":\"Laurent Schwartz\"},\"description\":\"Dipl\u00f4m\u00e9 de l\u2019EDHEC Business School en 2005, Laurent SCHWARTZ int\u00e8gre le cabinet d\u2019audit ERNST &amp; YOUNG en 2005 o\u00f9 il travaille pendant 4 ans. Parall\u00e8lement, il travaille au sein de l\u2019entreprise familiale cr\u00e9\u00e9e en 1976 \u00e0 Strasbourg. Fort de cette exp\u00e9rience et du savoir-faire d\u00e9velopp\u00e9 durant ces 40 derni\u00e8res ann\u00e9es, Laurent proc\u00e8de \u00e0 la refonte du site Internet Gold.fr d\u00e9di\u00e9 \u00e0 l\u2019achat d'or, vente d\u2019or (pi\u00e8ces, lingots, ...), achat or et argent,... qui conna\u00eetra un franc succ\u00e8s d\u00e8s son d\u00e9marrage en 2008. Il d\u00e9cide alors de d\u00e9velopper un r\u00e9seau de concessions exclusives: Le Comptoir National de l\u2019Or. Il assure d\u00e9sormais le pilotage strat\u00e9gique du 1er r\u00e9seau de France qui compte aujourd\u2019hui pas loin de 60 agences r\u00e9parties dans toute la France et depuis peu en Allemagne (Breisach). Le Comptoir National de l\u2019Or se positionne aujourd\u2019hui comme le leader incontournable sur le march\u00e9 de l\u2019Or et des m\u00e9taux pr\u00e9cieux en France.\",\"sameAs\":[\"https:\\\/\\\/www.gold.fr\",\"https:\\\/\\\/www.linkedin.com\\\/in\\\/acheteror\\\/\"]}]}<\/script>\n<!-- \/ Yoast SEO plugin. -->","yoast_head_json":{"title":"Cours de l'or : 1er semestre en repli - Rapport mensuel","description":"Fort repli en juin -4.89%, 2021 -3.54% Inflation, variants et congr\u00e8s du parti communiste chinois, d\u00e9couvrez l'actualit\u00e9 du mois de juin 2021","robots":{"index":"index","follow":"follow","max-snippet":"max-snippet:-1","max-image-preview":"max-image-preview:large","max-video-preview":"max-video-preview:-1"},"canonical":"https:\/\/www.gold.fr\/news\/2021\/07\/05\/cours-de-lor-1er-semestre-en-repli\/","og_locale":"fr_FR","og_type":"article","og_title":"Cours de l'or : 1er semestre en repli - Rapport mensuel","og_description":"Fort repli en juin -4.89%, 2021 -3.54% Inflation, variants et congr\u00e8s du parti communiste chinois, d\u00e9couvrez l'actualit\u00e9 du mois de juin 2021","og_url":"https:\/\/www.gold.fr\/news\/2021\/07\/05\/cours-de-lor-1er-semestre-en-repli\/","og_site_name":"Gold.fr","article_publisher":"https:\/\/www.facebook.com\/Goldfr\/","article_published_time":"2021-07-05T08:38:36+00:00","article_modified_time":"2021-07-15T11:42:51+00:00","og_image":[{"width":800,"height":533,"url":"https:\/\/www.gold.fr\/news\/wp-content\/uploads\/2021\/07\/cours-or-1er-semestre-2021-repli.jpg","type":"image\/jpeg"}],"author":"Laurent Schwartz","twitter_card":"summary_large_image","twitter_misc":{"\u00c9crit par":"Laurent Schwartz","Dur\u00e9e de lecture estim\u00e9e":"6 minutes"},"schema":{"@context":"https:\/\/schema.org","@graph":[{"@type":"Article","@id":"https:\/\/www.gold.fr\/news\/2021\/07\/05\/cours-de-lor-1er-semestre-en-repli\/#article","isPartOf":{"@id":"https:\/\/www.gold.fr\/news\/2021\/07\/05\/cours-de-lor-1er-semestre-en-repli\/"},"author":{"name":"Laurent Schwartz","@id":"https:\/\/www.gold.fr\/news\/#\/schema\/person\/4ed91d9a70d8f3a313c26e8308214fc2"},"headline":"Cours de l\u2019or\u00a0: 1er semestre en repli","datePublished":"2021-07-05T08:38:36+00:00","dateModified":"2021-07-15T11:42:51+00:00","mainEntityOfPage":{"@id":"https:\/\/www.gold.fr\/news\/2021\/07\/05\/cours-de-lor-1er-semestre-en-repli\/"},"wordCount":1115,"image":{"@id":"https:\/\/www.gold.fr\/news\/2021\/07\/05\/cours-de-lor-1er-semestre-en-repli\/#primaryimage"},"thumbnailUrl":"https:\/\/www.gold.fr\/news\/wp-content\/uploads\/2021\/07\/cours-or-1er-semestre-2021-repli.jpg","keywords":["actualit\u00e9 g\u00e9opolitique","baisse cours de l'Or","br\u00e9sil","gramme d'or","rapport mensuel","Tout Cours de l'Or"],"articleSection":["Analyses Economiques"],"inLanguage":"fr-FR"},{"@type":"WebPage","@id":"https:\/\/www.gold.fr\/news\/2021\/07\/05\/cours-de-lor-1er-semestre-en-repli\/","url":"https:\/\/www.gold.fr\/news\/2021\/07\/05\/cours-de-lor-1er-semestre-en-repli\/","name":"Cours de l'or : 1er semestre en repli - Rapport mensuel","isPartOf":{"@id":"https:\/\/www.gold.fr\/news\/#website"},"primaryImageOfPage":{"@id":"https:\/\/www.gold.fr\/news\/2021\/07\/05\/cours-de-lor-1er-semestre-en-repli\/#primaryimage"},"image":{"@id":"https:\/\/www.gold.fr\/news\/2021\/07\/05\/cours-de-lor-1er-semestre-en-repli\/#primaryimage"},"thumbnailUrl":"https:\/\/www.gold.fr\/news\/wp-content\/uploads\/2021\/07\/cours-or-1er-semestre-2021-repli.jpg","datePublished":"2021-07-05T08:38:36+00:00","dateModified":"2021-07-15T11:42:51+00:00","author":{"@id":"https:\/\/www.gold.fr\/news\/#\/schema\/person\/4ed91d9a70d8f3a313c26e8308214fc2"},"description":"Fort repli en juin -4.89%, 2021 -3.54% Inflation, variants et congr\u00e8s du parti communiste chinois, d\u00e9couvrez l'actualit\u00e9 du mois de juin 2021","breadcrumb":{"@id":"https:\/\/www.gold.fr\/news\/2021\/07\/05\/cours-de-lor-1er-semestre-en-repli\/#breadcrumb"},"inLanguage":"fr-FR","potentialAction":[{"@type":"ReadAction","target":["https:\/\/www.gold.fr\/news\/2021\/07\/05\/cours-de-lor-1er-semestre-en-repli\/"]}]},{"@type":"ImageObject","inLanguage":"fr-FR","@id":"https:\/\/www.gold.fr\/news\/2021\/07\/05\/cours-de-lor-1er-semestre-en-repli\/#primaryimage","url":"https:\/\/www.gold.fr\/news\/wp-content\/uploads\/2021\/07\/cours-or-1er-semestre-2021-repli.jpg","contentUrl":"https:\/\/www.gold.fr\/news\/wp-content\/uploads\/2021\/07\/cours-or-1er-semestre-2021-repli.jpg","width":800,"height":533,"caption":"Cours de l\u2019or : 1er semestre en repli"},{"@type":"BreadcrumbList","@id":"https:\/\/www.gold.fr\/news\/2021\/07\/05\/cours-de-lor-1er-semestre-en-repli\/#breadcrumb","itemListElement":[{"@type":"ListItem","position":1,"name":"Accueil","item":"https:\/\/www.gold.fr\/"},{"@type":"ListItem","position":2,"name":"Actualit\u00e9s","item":"https:\/\/www.gold.fr\/news\/"},{"@type":"ListItem","position":3,"name":"Cours de l\u2019or\u00a0: 1er semestre en repli"}]},{"@type":"WebSite","@id":"https:\/\/www.gold.fr\/news\/#website","url":"https:\/\/www.gold.fr\/news\/","name":"Gold.fr","description":"Actualit\u00e9s de l&#039;Or et des m\u00e9taux pr\u00e9cieux","potentialAction":[{"@type":"SearchAction","target":{"@type":"EntryPoint","urlTemplate":"https:\/\/www.gold.fr\/news\/?s={search_term_string}"},"query-input":{"@type":"PropertyValueSpecification","valueRequired":true,"valueName":"search_term_string"}}],"inLanguage":"fr-FR"},{"@type":"Person","@id":"https:\/\/www.gold.fr\/news\/#\/schema\/person\/4ed91d9a70d8f3a313c26e8308214fc2","name":"Laurent Schwartz","image":{"@type":"ImageObject","inLanguage":"fr-FR","@id":"https:\/\/secure.gravatar.com\/avatar\/1496f846049365121827f5470219486f1a95f83957cc8ca0a9595e40c185f5ee?s=96&d=mm&r=g76f0e87c9ba82a161860a0fc16990d85","url":"https:\/\/secure.gravatar.com\/avatar\/1496f846049365121827f5470219486f1a95f83957cc8ca0a9595e40c185f5ee?s=96&d=mm&r=g","contentUrl":"https:\/\/secure.gravatar.com\/avatar\/1496f846049365121827f5470219486f1a95f83957cc8ca0a9595e40c185f5ee?s=96&d=mm&r=g","caption":"Laurent Schwartz"},"description":"Dipl\u00f4m\u00e9 de l\u2019EDHEC Business School en 2005, Laurent SCHWARTZ int\u00e8gre le cabinet d\u2019audit ERNST &amp; YOUNG en 2005 o\u00f9 il travaille pendant 4 ans. Parall\u00e8lement, il travaille au sein de l\u2019entreprise familiale cr\u00e9\u00e9e en 1976 \u00e0 Strasbourg. Fort de cette exp\u00e9rience et du savoir-faire d\u00e9velopp\u00e9 durant ces 40 derni\u00e8res ann\u00e9es, Laurent proc\u00e8de \u00e0 la refonte du site Internet Gold.fr d\u00e9di\u00e9 \u00e0 l\u2019achat d'or, vente d\u2019or (pi\u00e8ces, lingots, ...), achat or et argent,... qui conna\u00eetra un franc succ\u00e8s d\u00e8s son d\u00e9marrage en 2008. Il d\u00e9cide alors de d\u00e9velopper un r\u00e9seau de concessions exclusives: Le Comptoir National de l\u2019Or. Il assure d\u00e9sormais le pilotage strat\u00e9gique du 1er r\u00e9seau de France qui compte aujourd\u2019hui pas loin de 60 agences r\u00e9parties dans toute la France et depuis peu en Allemagne (Breisach). Le Comptoir National de l\u2019Or se positionne aujourd\u2019hui comme le leader incontournable sur le march\u00e9 de l\u2019Or et des m\u00e9taux pr\u00e9cieux en France.","sameAs":["https:\/\/www.gold.fr","https:\/\/www.linkedin.com\/in\/acheteror\/"]}]}},"authors":[{"term_id":2567,"user_id":6,"is_guest":0,"slug":"laurent","display_name":"Laurent Schwartz","avatar_url":"https:\/\/secure.gravatar.com\/avatar\/1496f846049365121827f5470219486f1a95f83957cc8ca0a9595e40c185f5ee?s=96&d=mm&r=g","0":null,"1":"","2":"","3":"","4":"","5":"","6":"","7":"","8":""}],"_links":{"self":[{"href":"https:\/\/www.gold.fr\/news\/wp-json\/wp\/v2\/posts\/39730","targetHints":{"allow":["GET"]}}],"collection":[{"href":"https:\/\/www.gold.fr\/news\/wp-json\/wp\/v2\/posts"}],"about":[{"href":"https:\/\/www.gold.fr\/news\/wp-json\/wp\/v2\/types\/post"}],"author":[{"embeddable":true,"href":"https:\/\/www.gold.fr\/news\/wp-json\/wp\/v2\/users\/6"}],"replies":[{"embeddable":true,"href":"https:\/\/www.gold.fr\/news\/wp-json\/wp\/v2\/comments?post=39730"}],"version-history":[{"count":0,"href":"https:\/\/www.gold.fr\/news\/wp-json\/wp\/v2\/posts\/39730\/revisions"}],"wp:featuredmedia":[{"embeddable":true,"href":"https:\/\/www.gold.fr\/news\/wp-json\/wp\/v2\/media\/39737"}],"wp:attachment":[{"href":"https:\/\/www.gold.fr\/news\/wp-json\/wp\/v2\/media?parent=39730"}],"wp:term":[{"taxonomy":"category","embeddable":true,"href":"https:\/\/www.gold.fr\/news\/wp-json\/wp\/v2\/categories?post=39730"},{"taxonomy":"post_tag","embeddable":true,"href":"https:\/\/www.gold.fr\/news\/wp-json\/wp\/v2\/tags?post=39730"},{"taxonomy":"author","embeddable":true,"href":"https:\/\/www.gold.fr\/news\/wp-json\/wp\/v2\/ppma_author?post=39730"}],"curies":[{"name":"wp","href":"https:\/\/api.w.org\/{rel}","templated":true}]}}