{"id":3969,"date":"2011-11-25T11:30:21","date_gmt":"2011-11-25T10:30:21","guid":{"rendered":"http:\/\/news.gold.fr\/?p=3969"},"modified":"2020-06-26T11:12:05","modified_gmt":"2020-06-26T09:12:05","slug":"demande-de-lor-une-histoire-chargee","status":"publish","type":"post","link":"https:\/\/www.gold.fr\/news\/2011\/11\/25\/demande-de-lor-une-histoire-chargee\/","title":{"rendered":"Demande de l&rsquo;Or &#8211; Une histoire charg\u00e9e"},"content":{"rendered":"<div id=\"texte\">\n<p style=\"text-align: justify;\"><span style=\"font-family: verdana,geneva; font-size: small;\"><a href=\"http:\/\/news.gold.fr\/wp-content\/uploads\/2011\/11\/pi%C3%A8ce-dor1.jpg\"><img loading=\"lazy\" decoding=\"async\" class=\"alignleft size-thumbnail wp-image-3972\" style=\"float: left; margin: 5px; border: 1px solid black;\" title=\"pi\u00e8ce-d'or\" src=\"http:\/\/news.gold.fr\/wp-content\/uploads\/2011\/11\/pi%C3%A8ce-dor1-150x150.jpg\" alt=\"\" width=\"150\" height=\"150\" \/><\/a>Selon les professionnels, les banques centrales n&rsquo;avaient pas achet\u00e9 autant d&rsquo;<strong><a class=\"esk-seo-plu-link\" href=\"https:\/\/www.gold.fr\/news\/tags\/or\">or<\/a><\/strong> depuis quatre d\u00e9cennies. Cette subite vague d&rsquo;engouement m\u00e9ritait au moins qu&rsquo;on y jette un coup d&rsquo;\u0153il de plus pr\u00e8s. Pourquoi ces organismes, g\u00e9n\u00e9ralement assez m\u00e9fiants, ont-ils d\u00e9cid\u00e9 de pl\u00e9bisciter le <a class=\"esk-seo-plu-link\" href=\"https:\/\/www.gold.fr\/news\/tags\/or\">m\u00e9tal jaune<\/a> ? <\/span><\/p>\n<p style=\"text-align: justify;\"><span style=\"font-family: verdana,geneva; font-size: small;\">\u2022 Petit cours d&rsquo;histoire<\/span><\/p>\n<p style=\"text-align: justify;\"><span style=\"font-family: verdana,geneva; font-size: small;\">N&rsquo;\u00e9tant plus impos\u00e9s pour garantir les dettes \u00e9mises, les stocks de <a class=\"esk-seo-plu-link\" href=\"https:\/\/www.gold.fr\/news\/tags\/or\">m\u00e9tal jaune<\/a> avaient donc consid\u00e9rablement perdu, durant quarante ans, de leur aspect \u00ab strat\u00e9gique \u00bb, poussant les instituts d&rsquo;\u00e9mission \u00e0 les r\u00e9duire de mani\u00e8re significative.<\/span><\/p>\n<p style=\"text-align: justify;\"><span style=\"font-family: verdana,geneva; font-size: small;\">S&rsquo;en sont suivis des accords de Washington (en 1999) qui consistaient \u00e0 imposer des quotas \u00e0 400 tonnes aux banques centrales europ\u00e9ennes, et dont le but \u00e9tait de pr\u00e9venir les cessions aussi brusques qu&rsquo;impr\u00e9visibles susceptibles de causer une d\u00e9pression cons\u00e9quente du cours du pr\u00e9cieux m\u00e9tal.<\/span><\/p>\n<p style=\"text-align: justify;\"><span style=\"font-family: verdana,geneva; font-size: small;\">\u2022 2009 \u2013 2010 : Les ann\u00e9es qui changent la donne<\/span><\/p>\n<p style=\"text-align: justify;\"><span style=\"font-family: verdana,geneva; font-size: small;\">Au lendemain de l&rsquo;une des pires crises \u00e9conomiques que le monde ait jamais connu, l&rsquo;<strong><a class=\"esk-seo-plu-link\" href=\"https:\/\/www.gold.fr\/news\/tags\/or\">or<\/a><\/strong> regagne ses galons de valeur-refuge, et les instituts d&rsquo;\u00e9mission cessent d&rsquo;\u00eatre exclusivement vendeurs d&rsquo;<strong><a class=\"esk-seo-plu-link\" href=\"https:\/\/www.gold.fr\/news\/tags\/or\">or<\/a><\/strong> pour acqu\u00e9rir, en 2010, pr\u00e8s de <strong>100 tonnes d&rsquo;<a class=\"esk-seo-plu-link\" href=\"https:\/\/www.gold.fr\/news\/tags\/or\">or<\/a><\/strong>, en net.<\/span><\/p>\n<p style=\"text-align: justify;\"><span style=\"font-family: verdana,geneva; font-size: small;\">Du coup, les banques centrales suivent le mouvement et ne tardent pas \u00e0 leur tour \u00e0 se pr\u00e9munir ; au troisi\u00e8me trimestre 2011, elles ont acquis un total de 148,4 tonnes d&rsquo;<strong><a class=\"esk-seo-plu-link\" href=\"https:\/\/www.gold.fr\/news\/tags\/or\">or<\/a><\/strong> (contre 22,6 tonnes achet\u00e9es l&rsquo;ann\u00e9e derni\u00e8re sur le m\u00eame intervalle de temps).<\/span><\/p>\n<\/div>\n<!-- AddThis Advanced Settings generic via filter on the_content --><!-- AddThis Share Buttons generic via filter on the_content -->","protected":false},"excerpt":{"rendered":"<p>Selon les professionnels, les banques centrales n&rsquo;avaient pas achet\u00e9 autant d&rsquo;or depuis quatre d\u00e9cennies. Cette subite vague d&rsquo;engouement m\u00e9ritait au moins qu&rsquo;on y jette un coup d&rsquo;\u0153il de plus pr\u00e8s. Pourquoi ces organismes, g\u00e9n\u00e9ralement assez m\u00e9fiants, [&hellip;]<\/p>\n","protected":false},"author":18,"featured_media":3973,"comment_status":"closed","ping_status":"closed","sticky":false,"template":"","format":"standard","meta":{"_mbp_gutenberg_autopost":false,"_pgmb_is_evergreen":false,"_pgmb_ap_template_id":0,"footnotes":""},"categories":[6],"tags":[124,76],"ppma_author":[2565],"class_list":["post-3969","post","type-post","status-publish","format-standard","has-post-thumbnail","hentry","category-articles-de-presse","tag-histoire-de-lor-2","tag-or"],"yoast_head":"<!-- This site is optimized with the Yoast SEO plugin v27.5 - https:\/\/yoast.com\/product\/yoast-seo-wordpress\/ -->\n<title>Demande de l&#039;Or - Une histoire charg\u00e9e - Gold.fr<\/title>\n<meta name=\"description\" content=\"Demande de l\u2019Or Une histoire charg\u00e9e Selon les professionnels, les banques centrales n\u2019avaient pas achet\u00e9 autant d\u2019or depuis quatre d\u00e9cennies\" \/>\n<meta name=\"robots\" content=\"index, follow, max-snippet:-1, max-image-preview:large, max-video-preview:-1\" \/>\n<link rel=\"canonical\" href=\"https:\/\/www.gold.fr\/news\/2011\/11\/25\/demande-de-lor-une-histoire-chargee\/\" \/>\n<meta property=\"og:locale\" content=\"fr_FR\" \/>\n<meta property=\"og:type\" content=\"article\" \/>\n<meta property=\"og:title\" content=\"Demande de l&#039;Or - Une histoire charg\u00e9e - Gold.fr\" \/>\n<meta property=\"og:description\" content=\"Demande de l\u2019Or Une histoire charg\u00e9e Selon les professionnels, les banques centrales n\u2019avaient pas achet\u00e9 autant d\u2019or depuis quatre d\u00e9cennies\" \/>\n<meta property=\"og:url\" content=\"https:\/\/www.gold.fr\/news\/2011\/11\/25\/demande-de-lor-une-histoire-chargee\/\" \/>\n<meta property=\"og:site_name\" content=\"Gold.fr\" \/>\n<meta property=\"article:publisher\" content=\"https:\/\/www.facebook.com\/Goldfr\/\" \/>\n<meta property=\"article:published_time\" content=\"2011-11-25T10:30:21+00:00\" \/>\n<meta property=\"article:modified_time\" content=\"2020-06-26T09:12:05+00:00\" \/>\n<meta property=\"og:image\" content=\"https:\/\/www.gold.fr\/news\/wp-content\/uploads\/2011\/11\/pi\u00e8ces-dor-e1322150625559.jpg\" \/>\n\t<meta property=\"og:image:width\" content=\"600\" \/>\n\t<meta property=\"og:image:height\" content=\"471\" \/>\n\t<meta property=\"og:image:type\" content=\"image\/jpeg\" \/>\n<meta name=\"author\" content=\"Comptoir National de l&#039;Or\" \/>\n<meta name=\"twitter:card\" content=\"summary_large_image\" \/>\n<meta name=\"twitter:label1\" content=\"\u00c9crit par\" \/>\n\t<meta name=\"twitter:data1\" content=\"Comptoir National de l&#039;Or\" \/>\n\t<meta name=\"twitter:label2\" content=\"Dur\u00e9e de lecture estim\u00e9e\" \/>\n\t<meta name=\"twitter:data2\" content=\"1 minute\" \/>\n<script type=\"application\/ld+json\" class=\"yoast-schema-graph\">{\"@context\":\"https:\\\/\\\/schema.org\",\"@graph\":[{\"@type\":\"Article\",\"@id\":\"https:\\\/\\\/www.gold.fr\\\/news\\\/2011\\\/11\\\/25\\\/demande-de-lor-une-histoire-chargee\\\/#article\",\"isPartOf\":{\"@id\":\"https:\\\/\\\/www.gold.fr\\\/news\\\/2011\\\/11\\\/25\\\/demande-de-lor-une-histoire-chargee\\\/\"},\"author\":{\"name\":\"Comptoir National de l'Or\",\"@id\":\"https:\\\/\\\/www.gold.fr\\\/news\\\/#\\\/schema\\\/person\\\/070491b4b4fb7671bf59b3be20302ce9\"},\"headline\":\"Demande de l&rsquo;Or &#8211; Une histoire charg\u00e9e\",\"datePublished\":\"2011-11-25T10:30:21+00:00\",\"dateModified\":\"2020-06-26T09:12:05+00:00\",\"mainEntityOfPage\":{\"@id\":\"https:\\\/\\\/www.gold.fr\\\/news\\\/2011\\\/11\\\/25\\\/demande-de-lor-une-histoire-chargee\\\/\"},\"wordCount\":260,\"image\":{\"@id\":\"https:\\\/\\\/www.gold.fr\\\/news\\\/2011\\\/11\\\/25\\\/demande-de-lor-une-histoire-chargee\\\/#primaryimage\"},\"thumbnailUrl\":\"https:\\\/\\\/www.gold.fr\\\/news\\\/wp-content\\\/uploads\\\/2011\\\/11\\\/pi\u00e8ces-dor-e1322150625559.jpg\",\"keywords\":[\"histoire de l'or\",\"Or\"],\"articleSection\":[\"Articles de presse\"],\"inLanguage\":\"fr-FR\"},{\"@type\":\"WebPage\",\"@id\":\"https:\\\/\\\/www.gold.fr\\\/news\\\/2011\\\/11\\\/25\\\/demande-de-lor-une-histoire-chargee\\\/\",\"url\":\"https:\\\/\\\/www.gold.fr\\\/news\\\/2011\\\/11\\\/25\\\/demande-de-lor-une-histoire-chargee\\\/\",\"name\":\"Demande de l'Or - Une histoire charg\u00e9e - Gold.fr\",\"isPartOf\":{\"@id\":\"https:\\\/\\\/www.gold.fr\\\/news\\\/#website\"},\"primaryImageOfPage\":{\"@id\":\"https:\\\/\\\/www.gold.fr\\\/news\\\/2011\\\/11\\\/25\\\/demande-de-lor-une-histoire-chargee\\\/#primaryimage\"},\"image\":{\"@id\":\"https:\\\/\\\/www.gold.fr\\\/news\\\/2011\\\/11\\\/25\\\/demande-de-lor-une-histoire-chargee\\\/#primaryimage\"},\"thumbnailUrl\":\"https:\\\/\\\/www.gold.fr\\\/news\\\/wp-content\\\/uploads\\\/2011\\\/11\\\/pi\u00e8ces-dor-e1322150625559.jpg\",\"datePublished\":\"2011-11-25T10:30:21+00:00\",\"dateModified\":\"2020-06-26T09:12:05+00:00\",\"author\":{\"@id\":\"https:\\\/\\\/www.gold.fr\\\/news\\\/#\\\/schema\\\/person\\\/070491b4b4fb7671bf59b3be20302ce9\"},\"description\":\"Demande de l\u2019Or Une histoire charg\u00e9e Selon les professionnels, les banques centrales n\u2019avaient pas achet\u00e9 autant d\u2019or depuis quatre d\u00e9cennies\",\"breadcrumb\":{\"@id\":\"https:\\\/\\\/www.gold.fr\\\/news\\\/2011\\\/11\\\/25\\\/demande-de-lor-une-histoire-chargee\\\/#breadcrumb\"},\"inLanguage\":\"fr-FR\",\"potentialAction\":[{\"@type\":\"ReadAction\",\"target\":[\"https:\\\/\\\/www.gold.fr\\\/news\\\/2011\\\/11\\\/25\\\/demande-de-lor-une-histoire-chargee\\\/\"]}]},{\"@type\":\"ImageObject\",\"inLanguage\":\"fr-FR\",\"@id\":\"https:\\\/\\\/www.gold.fr\\\/news\\\/2011\\\/11\\\/25\\\/demande-de-lor-une-histoire-chargee\\\/#primaryimage\",\"url\":\"https:\\\/\\\/www.gold.fr\\\/news\\\/wp-content\\\/uploads\\\/2011\\\/11\\\/pi\u00e8ces-dor-e1322150625559.jpg\",\"contentUrl\":\"https:\\\/\\\/www.gold.fr\\\/news\\\/wp-content\\\/uploads\\\/2011\\\/11\\\/pi\u00e8ces-dor-e1322150625559.jpg\",\"width\":\"600\",\"height\":\"471\",\"caption\":\"pi\u00e8ces-d'or nombreuses\"},{\"@type\":\"BreadcrumbList\",\"@id\":\"https:\\\/\\\/www.gold.fr\\\/news\\\/2011\\\/11\\\/25\\\/demande-de-lor-une-histoire-chargee\\\/#breadcrumb\",\"itemListElement\":[{\"@type\":\"ListItem\",\"position\":1,\"name\":\"Accueil\",\"item\":\"https:\\\/\\\/www.gold.fr\\\/\"},{\"@type\":\"ListItem\",\"position\":2,\"name\":\"Actualit\u00e9s\",\"item\":\"https:\\\/\\\/www.gold.fr\\\/news\\\/\"},{\"@type\":\"ListItem\",\"position\":3,\"name\":\"Demande de l&rsquo;Or &#8211; Une histoire charg\u00e9e\"}]},{\"@type\":\"WebSite\",\"@id\":\"https:\\\/\\\/www.gold.fr\\\/news\\\/#website\",\"url\":\"https:\\\/\\\/www.gold.fr\\\/news\\\/\",\"name\":\"Gold.fr\",\"description\":\"Actualit\u00e9s de l&#039;Or et des m\u00e9taux pr\u00e9cieux\",\"potentialAction\":[{\"@type\":\"SearchAction\",\"target\":{\"@type\":\"EntryPoint\",\"urlTemplate\":\"https:\\\/\\\/www.gold.fr\\\/news\\\/?s={search_term_string}\"},\"query-input\":{\"@type\":\"PropertyValueSpecification\",\"valueRequired\":true,\"valueName\":\"search_term_string\"}}],\"inLanguage\":\"fr-FR\"},{\"@type\":\"Person\",\"@id\":\"https:\\\/\\\/www.gold.fr\\\/news\\\/#\\\/schema\\\/person\\\/070491b4b4fb7671bf59b3be20302ce9\",\"name\":\"Comptoir National de l'Or\",\"image\":{\"@type\":\"ImageObject\",\"inLanguage\":\"fr-FR\",\"@id\":\"https:\\\/\\\/secure.gravatar.com\\\/avatar\\\/0a2867fd5abe37bed95d5a65e9d58f01756e11efc68af9888dfc50cfa7f65948?s=96&d=mm&r=gb490554db0a38188709de567aa58480d\",\"url\":\"https:\\\/\\\/secure.gravatar.com\\\/avatar\\\/0a2867fd5abe37bed95d5a65e9d58f01756e11efc68af9888dfc50cfa7f65948?s=96&d=mm&r=g\",\"contentUrl\":\"https:\\\/\\\/secure.gravatar.com\\\/avatar\\\/0a2867fd5abe37bed95d5a65e9d58f01756e11efc68af9888dfc50cfa7f65948?s=96&d=mm&r=g\",\"caption\":\"Comptoir National de l'Or\"},\"description\":\"Notre r\u00e9daction est constitu\u00e9e de membres experts dans les m\u00e9tiers de l'\u00e9conomie et la gestion, des Responsables d'agence Comptoir National de l'Or, des analystes financiers qui publient r\u00e9guli\u00e8rement des \u00e9tudes sur les politiques des banques centrales, le cours de l'or, prix de l'or, cours de l'argent, prix de l'argent, cours du platine, cours du palladium,... la situation en zone euro et l'impact de la strat\u00e9gie mon\u00e9taire de la FED. Notre \u00e9quipe scrute \u00e9galement une information plus g\u00e9n\u00e9raliste \u00e0 la recherche d'actualit\u00e9 \\\"p\u00e9pite\\\" \u00e0 vous partager. Depuis 5 ans, nous avons publi\u00e9 un peu plus de 4000 articles qui s'adressent \u00e0 un public large et vari\u00e9 ayant pour objectif de satisfaire votre curiosit\u00e9 et de partager avec vous une certaine fascination pour le m\u00e9tal jaune, le rachat d'or, et pour ceux qui veulent investir dans l'or, vendre leur or tout simplement en savoir plus... Pour tous vos achat or et argent, n'h\u00e9sitez pas \u00e0 prendre rendez-vous dans l'un de nos nombreux comptoirs.\",\"sameAs\":[\"https:\\\/\\\/www.gold.fr\"]}]}<\/script>\n<!-- \/ Yoast SEO plugin. -->","yoast_head_json":{"title":"Demande de l'Or - Une histoire charg\u00e9e - Gold.fr","description":"Demande de l\u2019Or Une histoire charg\u00e9e Selon les professionnels, les banques centrales n\u2019avaient pas achet\u00e9 autant d\u2019or depuis quatre d\u00e9cennies","robots":{"index":"index","follow":"follow","max-snippet":"max-snippet:-1","max-image-preview":"max-image-preview:large","max-video-preview":"max-video-preview:-1"},"canonical":"https:\/\/www.gold.fr\/news\/2011\/11\/25\/demande-de-lor-une-histoire-chargee\/","og_locale":"fr_FR","og_type":"article","og_title":"Demande de l'Or - Une histoire charg\u00e9e - Gold.fr","og_description":"Demande de l\u2019Or Une histoire charg\u00e9e Selon les professionnels, les banques centrales n\u2019avaient pas achet\u00e9 autant d\u2019or depuis quatre d\u00e9cennies","og_url":"https:\/\/www.gold.fr\/news\/2011\/11\/25\/demande-de-lor-une-histoire-chargee\/","og_site_name":"Gold.fr","article_publisher":"https:\/\/www.facebook.com\/Goldfr\/","article_published_time":"2011-11-25T10:30:21+00:00","article_modified_time":"2020-06-26T09:12:05+00:00","og_image":[{"width":600,"height":471,"url":"https:\/\/www.gold.fr\/news\/wp-content\/uploads\/2011\/11\/pi\u00e8ces-dor-e1322150625559.jpg","type":"image\/jpeg"}],"author":"Comptoir National de l'Or","twitter_card":"summary_large_image","twitter_misc":{"\u00c9crit par":"Comptoir National de l'Or","Dur\u00e9e de lecture estim\u00e9e":"1 minute"},"schema":{"@context":"https:\/\/schema.org","@graph":[{"@type":"Article","@id":"https:\/\/www.gold.fr\/news\/2011\/11\/25\/demande-de-lor-une-histoire-chargee\/#article","isPartOf":{"@id":"https:\/\/www.gold.fr\/news\/2011\/11\/25\/demande-de-lor-une-histoire-chargee\/"},"author":{"name":"Comptoir National de l'Or","@id":"https:\/\/www.gold.fr\/news\/#\/schema\/person\/070491b4b4fb7671bf59b3be20302ce9"},"headline":"Demande de l&rsquo;Or &#8211; Une histoire charg\u00e9e","datePublished":"2011-11-25T10:30:21+00:00","dateModified":"2020-06-26T09:12:05+00:00","mainEntityOfPage":{"@id":"https:\/\/www.gold.fr\/news\/2011\/11\/25\/demande-de-lor-une-histoire-chargee\/"},"wordCount":260,"image":{"@id":"https:\/\/www.gold.fr\/news\/2011\/11\/25\/demande-de-lor-une-histoire-chargee\/#primaryimage"},"thumbnailUrl":"https:\/\/www.gold.fr\/news\/wp-content\/uploads\/2011\/11\/pi\u00e8ces-dor-e1322150625559.jpg","keywords":["histoire de l'or","Or"],"articleSection":["Articles de presse"],"inLanguage":"fr-FR"},{"@type":"WebPage","@id":"https:\/\/www.gold.fr\/news\/2011\/11\/25\/demande-de-lor-une-histoire-chargee\/","url":"https:\/\/www.gold.fr\/news\/2011\/11\/25\/demande-de-lor-une-histoire-chargee\/","name":"Demande de l'Or - Une histoire charg\u00e9e - Gold.fr","isPartOf":{"@id":"https:\/\/www.gold.fr\/news\/#website"},"primaryImageOfPage":{"@id":"https:\/\/www.gold.fr\/news\/2011\/11\/25\/demande-de-lor-une-histoire-chargee\/#primaryimage"},"image":{"@id":"https:\/\/www.gold.fr\/news\/2011\/11\/25\/demande-de-lor-une-histoire-chargee\/#primaryimage"},"thumbnailUrl":"https:\/\/www.gold.fr\/news\/wp-content\/uploads\/2011\/11\/pi\u00e8ces-dor-e1322150625559.jpg","datePublished":"2011-11-25T10:30:21+00:00","dateModified":"2020-06-26T09:12:05+00:00","author":{"@id":"https:\/\/www.gold.fr\/news\/#\/schema\/person\/070491b4b4fb7671bf59b3be20302ce9"},"description":"Demande de l\u2019Or Une histoire charg\u00e9e Selon les professionnels, les banques centrales n\u2019avaient pas achet\u00e9 autant d\u2019or depuis quatre d\u00e9cennies","breadcrumb":{"@id":"https:\/\/www.gold.fr\/news\/2011\/11\/25\/demande-de-lor-une-histoire-chargee\/#breadcrumb"},"inLanguage":"fr-FR","potentialAction":[{"@type":"ReadAction","target":["https:\/\/www.gold.fr\/news\/2011\/11\/25\/demande-de-lor-une-histoire-chargee\/"]}]},{"@type":"ImageObject","inLanguage":"fr-FR","@id":"https:\/\/www.gold.fr\/news\/2011\/11\/25\/demande-de-lor-une-histoire-chargee\/#primaryimage","url":"https:\/\/www.gold.fr\/news\/wp-content\/uploads\/2011\/11\/pi\u00e8ces-dor-e1322150625559.jpg","contentUrl":"https:\/\/www.gold.fr\/news\/wp-content\/uploads\/2011\/11\/pi\u00e8ces-dor-e1322150625559.jpg","width":"600","height":"471","caption":"pi\u00e8ces-d'or nombreuses"},{"@type":"BreadcrumbList","@id":"https:\/\/www.gold.fr\/news\/2011\/11\/25\/demande-de-lor-une-histoire-chargee\/#breadcrumb","itemListElement":[{"@type":"ListItem","position":1,"name":"Accueil","item":"https:\/\/www.gold.fr\/"},{"@type":"ListItem","position":2,"name":"Actualit\u00e9s","item":"https:\/\/www.gold.fr\/news\/"},{"@type":"ListItem","position":3,"name":"Demande de l&rsquo;Or &#8211; Une histoire charg\u00e9e"}]},{"@type":"WebSite","@id":"https:\/\/www.gold.fr\/news\/#website","url":"https:\/\/www.gold.fr\/news\/","name":"Gold.fr","description":"Actualit\u00e9s de l&#039;Or et des m\u00e9taux pr\u00e9cieux","potentialAction":[{"@type":"SearchAction","target":{"@type":"EntryPoint","urlTemplate":"https:\/\/www.gold.fr\/news\/?s={search_term_string}"},"query-input":{"@type":"PropertyValueSpecification","valueRequired":true,"valueName":"search_term_string"}}],"inLanguage":"fr-FR"},{"@type":"Person","@id":"https:\/\/www.gold.fr\/news\/#\/schema\/person\/070491b4b4fb7671bf59b3be20302ce9","name":"Comptoir National de l'Or","image":{"@type":"ImageObject","inLanguage":"fr-FR","@id":"https:\/\/secure.gravatar.com\/avatar\/0a2867fd5abe37bed95d5a65e9d58f01756e11efc68af9888dfc50cfa7f65948?s=96&d=mm&r=gb490554db0a38188709de567aa58480d","url":"https:\/\/secure.gravatar.com\/avatar\/0a2867fd5abe37bed95d5a65e9d58f01756e11efc68af9888dfc50cfa7f65948?s=96&d=mm&r=g","contentUrl":"https:\/\/secure.gravatar.com\/avatar\/0a2867fd5abe37bed95d5a65e9d58f01756e11efc68af9888dfc50cfa7f65948?s=96&d=mm&r=g","caption":"Comptoir National de l'Or"},"description":"Notre r\u00e9daction est constitu\u00e9e de membres experts dans les m\u00e9tiers de l'\u00e9conomie et la gestion, des Responsables d'agence Comptoir National de l'Or, des analystes financiers qui publient r\u00e9guli\u00e8rement des \u00e9tudes sur les politiques des banques centrales, le cours de l'or, prix de l'or, cours de l'argent, prix de l'argent, cours du platine, cours du palladium,... la situation en zone euro et l'impact de la strat\u00e9gie mon\u00e9taire de la FED. Notre \u00e9quipe scrute \u00e9galement une information plus g\u00e9n\u00e9raliste \u00e0 la recherche d'actualit\u00e9 \"p\u00e9pite\" \u00e0 vous partager. Depuis 5 ans, nous avons publi\u00e9 un peu plus de 4000 articles qui s'adressent \u00e0 un public large et vari\u00e9 ayant pour objectif de satisfaire votre curiosit\u00e9 et de partager avec vous une certaine fascination pour le m\u00e9tal jaune, le rachat d'or, et pour ceux qui veulent investir dans l'or, vendre leur or tout simplement en savoir plus... Pour tous vos achat or et argent, n'h\u00e9sitez pas \u00e0 prendre rendez-vous dans l'un de nos nombreux comptoirs.","sameAs":["https:\/\/www.gold.fr"]}]}},"authors":[{"term_id":2565,"user_id":18,"is_guest":0,"slug":"julie","display_name":"Comptoir National de l'Or","avatar_url":"https:\/\/secure.gravatar.com\/avatar\/713f289e398d35ead876c4a4cc08607f0d6d266058cfc25683fffb6092d0e572?s=96&d=mm&r=g","0":null,"1":"","2":"","3":"","4":"","5":"","6":"","7":"","8":""}],"_links":{"self":[{"href":"https:\/\/www.gold.fr\/news\/wp-json\/wp\/v2\/posts\/3969","targetHints":{"allow":["GET"]}}],"collection":[{"href":"https:\/\/www.gold.fr\/news\/wp-json\/wp\/v2\/posts"}],"about":[{"href":"https:\/\/www.gold.fr\/news\/wp-json\/wp\/v2\/types\/post"}],"author":[{"embeddable":true,"href":"https:\/\/www.gold.fr\/news\/wp-json\/wp\/v2\/users\/18"}],"replies":[{"embeddable":true,"href":"https:\/\/www.gold.fr\/news\/wp-json\/wp\/v2\/comments?post=3969"}],"version-history":[{"count":0,"href":"https:\/\/www.gold.fr\/news\/wp-json\/wp\/v2\/posts\/3969\/revisions"}],"wp:featuredmedia":[{"embeddable":true,"href":"https:\/\/www.gold.fr\/news\/wp-json\/wp\/v2\/media\/3973"}],"wp:attachment":[{"href":"https:\/\/www.gold.fr\/news\/wp-json\/wp\/v2\/media?parent=3969"}],"wp:term":[{"taxonomy":"category","embeddable":true,"href":"https:\/\/www.gold.fr\/news\/wp-json\/wp\/v2\/categories?post=3969"},{"taxonomy":"post_tag","embeddable":true,"href":"https:\/\/www.gold.fr\/news\/wp-json\/wp\/v2\/tags?post=3969"},{"taxonomy":"author","embeddable":true,"href":"https:\/\/www.gold.fr\/news\/wp-json\/wp\/v2\/ppma_author?post=3969"}],"curies":[{"name":"wp","href":"https:\/\/api.w.org\/{rel}","templated":true}]}}