{"id":39506,"date":"2021-03-29T16:52:42","date_gmt":"2021-03-29T14:52:42","guid":{"rendered":"https:\/\/www.gold.fr\/news\/?p=39506"},"modified":"2021-08-17T16:44:44","modified_gmt":"2021-08-17T14:44:44","slug":"face-a-linstabilite-lor-est-le-placement-prefere-des-turcs","status":"publish","type":"post","link":"https:\/\/www.gold.fr\/news\/2021\/03\/29\/face-a-linstabilite-lor-est-le-placement-prefere-des-turcs\/","title":{"rendered":"Face \u00e0 l\u2019instabilit\u00e9, l\u2019or est le placement pr\u00e9f\u00e9r\u00e9 des Turcs"},"content":{"rendered":"<p>Le renvoi du gouverneur de la banque centrale du pays, le 22 mars dernier, a provoqu\u00e9 une baisse spectaculaire de la livre turque d\u2019environ 10% en un jour. Depuis la confusion r\u00e8gne, et lors d\u2019un r\u00e9cent congr\u00e8s, le pr\u00e9sident Erdogan a fait appel au patriotisme \u00e9conomique en demandant aux turcs de \u00ab\u00a0vendre leurs devises et leur or pour investir dans l\u2019\u00e9conomique nationale\u00a0et la production \u00bb. Une injonction que les Turcs ne semblent pas pr\u00eats \u00e0 suivre. Une enqu\u00eate relay\u00e9e par le site T24 indique que s\u2019ils avaient de l\u2019argent \u00e0 placer, 40% des interrog\u00e9s le placerait en or, 20% en dollars et seulement 11% le conserverait en livres turques. <strong>L\u2019or est donc le placement pr\u00e9f\u00e9r\u00e9 des Turcs<\/strong>\u00a0! Il faut dire que l\u2019instabilit\u00e9 \u00e9conomique et financi\u00e8re r\u00e9cente a fortement impact\u00e9 le pays et l\u2019or constitue un refuge en p\u00e9riode de d\u00e9fiance envers la monnaie nationale. Le m\u00e9tal jaune s\u2019est ainsi appr\u00e9ci\u00e9 de 12% en livres turques sur les 10 derniers jours.<\/p>\n<!-- AddThis Advanced Settings generic via filter on the_content --><!-- AddThis Share Buttons generic via filter on the_content -->","protected":false},"excerpt":{"rendered":"<p>Le renvoi du gouverneur de la banque centrale du pays, le 22 mars dernier, a provoqu\u00e9 une baisse spectaculaire de la livre turque d\u2019environ 10% en un jour. Depuis la confusion r\u00e8gne, et lors d\u2019un r\u00e9cent [&hellip;]<\/p>\n","protected":false},"author":6,"featured_media":39507,"comment_status":"closed","ping_status":"closed","sticky":false,"template":"","format":"standard","meta":{"_mbp_gutenberg_autopost":false,"_pgmb_is_evergreen":false,"_pgmb_ap_template_id":0,"footnotes":""},"categories":[5],"tags":[456,1028,1155,234],"ppma_author":[2567],"class_list":["post-39506","post","type-post","status-publish","format-standard","has-post-thumbnail","hentry","category-flash-infos","tag-investir-dans-lor","tag-investissement-or","tag-or-turquie","tag-valeur-refuge"],"yoast_head":"<!-- This site is optimized with the Yoast SEO plugin v27.5 - https:\/\/yoast.com\/product\/yoast-seo-wordpress\/ -->\n<title>Face \u00e0 l\u2019instabilit\u00e9, l\u2019or est le placement pr\u00e9f\u00e9r\u00e9 des Turcs Investir<\/title>\n<meta name=\"description\" content=\"Le renvoi du gouverneur de la banque centrale Turque le 22\/03 a provoqu\u00e9 une baisse spectaculaire de la livre turque d\u2019environ 10% en un jour\" \/>\n<meta name=\"robots\" content=\"index, follow, max-snippet:-1, max-image-preview:large, max-video-preview:-1\" \/>\n<link rel=\"canonical\" href=\"https:\/\/www.gold.fr\/news\/2021\/03\/29\/face-a-linstabilite-lor-est-le-placement-prefere-des-turcs\/\" \/>\n<meta property=\"og:locale\" content=\"fr_FR\" \/>\n<meta property=\"og:type\" content=\"article\" \/>\n<meta property=\"og:title\" content=\"Face \u00e0 l\u2019instabilit\u00e9, l\u2019or est le placement pr\u00e9f\u00e9r\u00e9 des Turcs Investir\" \/>\n<meta property=\"og:description\" content=\"Le renvoi du gouverneur de la banque centrale Turque le 22\/03 a provoqu\u00e9 une baisse spectaculaire de la livre turque d\u2019environ 10% en un jour\" \/>\n<meta property=\"og:url\" content=\"https:\/\/www.gold.fr\/news\/2021\/03\/29\/face-a-linstabilite-lor-est-le-placement-prefere-des-turcs\/\" \/>\n<meta property=\"og:site_name\" content=\"Gold.fr\" \/>\n<meta property=\"article:publisher\" content=\"https:\/\/www.facebook.com\/Goldfr\/\" \/>\n<meta property=\"article:published_time\" content=\"2021-03-29T14:52:42+00:00\" \/>\n<meta property=\"article:modified_time\" content=\"2021-08-17T14:44:44+00:00\" \/>\n<meta property=\"og:image\" content=\"https:\/\/www.gold.fr\/news\/wp-content\/uploads\/2021\/03\/instalibilite-or-placement-turcs.jpg\" \/>\n\t<meta property=\"og:image:width\" content=\"800\" \/>\n\t<meta property=\"og:image:height\" content=\"533\" \/>\n\t<meta property=\"og:image:type\" content=\"image\/jpeg\" \/>\n<meta name=\"author\" content=\"Laurent Schwartz\" \/>\n<meta name=\"twitter:card\" content=\"summary_large_image\" \/>\n<meta name=\"twitter:label1\" content=\"\u00c9crit par\" \/>\n\t<meta name=\"twitter:data1\" content=\"Laurent Schwartz\" \/>\n\t<meta name=\"twitter:label2\" content=\"Dur\u00e9e de lecture estim\u00e9e\" \/>\n\t<meta name=\"twitter:data2\" content=\"1 minute\" \/>\n<script type=\"application\/ld+json\" class=\"yoast-schema-graph\">{\"@context\":\"https:\\\/\\\/schema.org\",\"@graph\":[{\"@type\":\"Article\",\"@id\":\"https:\\\/\\\/www.gold.fr\\\/news\\\/2021\\\/03\\\/29\\\/face-a-linstabilite-lor-est-le-placement-prefere-des-turcs\\\/#article\",\"isPartOf\":{\"@id\":\"https:\\\/\\\/www.gold.fr\\\/news\\\/2021\\\/03\\\/29\\\/face-a-linstabilite-lor-est-le-placement-prefere-des-turcs\\\/\"},\"author\":{\"name\":\"Laurent Schwartz\",\"@id\":\"https:\\\/\\\/www.gold.fr\\\/news\\\/#\\\/schema\\\/person\\\/4ed91d9a70d8f3a313c26e8308214fc2\"},\"headline\":\"Face \u00e0 l\u2019instabilit\u00e9, l\u2019or est le placement pr\u00e9f\u00e9r\u00e9 des Turcs\",\"datePublished\":\"2021-03-29T14:52:42+00:00\",\"dateModified\":\"2021-08-17T14:44:44+00:00\",\"mainEntityOfPage\":{\"@id\":\"https:\\\/\\\/www.gold.fr\\\/news\\\/2021\\\/03\\\/29\\\/face-a-linstabilite-lor-est-le-placement-prefere-des-turcs\\\/\"},\"wordCount\":189,\"image\":{\"@id\":\"https:\\\/\\\/www.gold.fr\\\/news\\\/2021\\\/03\\\/29\\\/face-a-linstabilite-lor-est-le-placement-prefere-des-turcs\\\/#primaryimage\"},\"thumbnailUrl\":\"https:\\\/\\\/www.gold.fr\\\/news\\\/wp-content\\\/uploads\\\/2021\\\/03\\\/instalibilite-or-placement-turcs.jpg\",\"keywords\":[\"investir dans l'Or\",\"Investissement Or\",\"or turquie\",\"Valeur refuge\"],\"articleSection\":[\"Flash infos\"],\"inLanguage\":\"fr-FR\"},{\"@type\":\"WebPage\",\"@id\":\"https:\\\/\\\/www.gold.fr\\\/news\\\/2021\\\/03\\\/29\\\/face-a-linstabilite-lor-est-le-placement-prefere-des-turcs\\\/\",\"url\":\"https:\\\/\\\/www.gold.fr\\\/news\\\/2021\\\/03\\\/29\\\/face-a-linstabilite-lor-est-le-placement-prefere-des-turcs\\\/\",\"name\":\"Face \u00e0 l\u2019instabilit\u00e9, l\u2019or est le placement pr\u00e9f\u00e9r\u00e9 des Turcs Investir\",\"isPartOf\":{\"@id\":\"https:\\\/\\\/www.gold.fr\\\/news\\\/#website\"},\"primaryImageOfPage\":{\"@id\":\"https:\\\/\\\/www.gold.fr\\\/news\\\/2021\\\/03\\\/29\\\/face-a-linstabilite-lor-est-le-placement-prefere-des-turcs\\\/#primaryimage\"},\"image\":{\"@id\":\"https:\\\/\\\/www.gold.fr\\\/news\\\/2021\\\/03\\\/29\\\/face-a-linstabilite-lor-est-le-placement-prefere-des-turcs\\\/#primaryimage\"},\"thumbnailUrl\":\"https:\\\/\\\/www.gold.fr\\\/news\\\/wp-content\\\/uploads\\\/2021\\\/03\\\/instalibilite-or-placement-turcs.jpg\",\"datePublished\":\"2021-03-29T14:52:42+00:00\",\"dateModified\":\"2021-08-17T14:44:44+00:00\",\"author\":{\"@id\":\"https:\\\/\\\/www.gold.fr\\\/news\\\/#\\\/schema\\\/person\\\/4ed91d9a70d8f3a313c26e8308214fc2\"},\"description\":\"Le renvoi du gouverneur de la banque centrale Turque le 22\\\/03 a provoqu\u00e9 une baisse spectaculaire de la livre turque d\u2019environ 10% en un jour\",\"breadcrumb\":{\"@id\":\"https:\\\/\\\/www.gold.fr\\\/news\\\/2021\\\/03\\\/29\\\/face-a-linstabilite-lor-est-le-placement-prefere-des-turcs\\\/#breadcrumb\"},\"inLanguage\":\"fr-FR\",\"potentialAction\":[{\"@type\":\"ReadAction\",\"target\":[\"https:\\\/\\\/www.gold.fr\\\/news\\\/2021\\\/03\\\/29\\\/face-a-linstabilite-lor-est-le-placement-prefere-des-turcs\\\/\"]}]},{\"@type\":\"ImageObject\",\"inLanguage\":\"fr-FR\",\"@id\":\"https:\\\/\\\/www.gold.fr\\\/news\\\/2021\\\/03\\\/29\\\/face-a-linstabilite-lor-est-le-placement-prefere-des-turcs\\\/#primaryimage\",\"url\":\"https:\\\/\\\/www.gold.fr\\\/news\\\/wp-content\\\/uploads\\\/2021\\\/03\\\/instalibilite-or-placement-turcs.jpg\",\"contentUrl\":\"https:\\\/\\\/www.gold.fr\\\/news\\\/wp-content\\\/uploads\\\/2021\\\/03\\\/instalibilite-or-placement-turcs.jpg\",\"width\":800,\"height\":533,\"caption\":\"Instabilit\u00e9 Placement Or Turc\"},{\"@type\":\"BreadcrumbList\",\"@id\":\"https:\\\/\\\/www.gold.fr\\\/news\\\/2021\\\/03\\\/29\\\/face-a-linstabilite-lor-est-le-placement-prefere-des-turcs\\\/#breadcrumb\",\"itemListElement\":[{\"@type\":\"ListItem\",\"position\":1,\"name\":\"Accueil\",\"item\":\"https:\\\/\\\/www.gold.fr\\\/\"},{\"@type\":\"ListItem\",\"position\":2,\"name\":\"Actualit\u00e9s\",\"item\":\"https:\\\/\\\/www.gold.fr\\\/news\\\/\"},{\"@type\":\"ListItem\",\"position\":3,\"name\":\"Face \u00e0 l\u2019instabilit\u00e9, l\u2019or est le placement pr\u00e9f\u00e9r\u00e9 des Turcs\"}]},{\"@type\":\"WebSite\",\"@id\":\"https:\\\/\\\/www.gold.fr\\\/news\\\/#website\",\"url\":\"https:\\\/\\\/www.gold.fr\\\/news\\\/\",\"name\":\"Gold.fr\",\"description\":\"Actualit\u00e9s de l&#039;Or et des m\u00e9taux pr\u00e9cieux\",\"potentialAction\":[{\"@type\":\"SearchAction\",\"target\":{\"@type\":\"EntryPoint\",\"urlTemplate\":\"https:\\\/\\\/www.gold.fr\\\/news\\\/?s={search_term_string}\"},\"query-input\":{\"@type\":\"PropertyValueSpecification\",\"valueRequired\":true,\"valueName\":\"search_term_string\"}}],\"inLanguage\":\"fr-FR\"},{\"@type\":\"Person\",\"@id\":\"https:\\\/\\\/www.gold.fr\\\/news\\\/#\\\/schema\\\/person\\\/4ed91d9a70d8f3a313c26e8308214fc2\",\"name\":\"Laurent Schwartz\",\"image\":{\"@type\":\"ImageObject\",\"inLanguage\":\"fr-FR\",\"@id\":\"https:\\\/\\\/secure.gravatar.com\\\/avatar\\\/1496f846049365121827f5470219486f1a95f83957cc8ca0a9595e40c185f5ee?s=96&d=mm&r=g76f0e87c9ba82a161860a0fc16990d85\",\"url\":\"https:\\\/\\\/secure.gravatar.com\\\/avatar\\\/1496f846049365121827f5470219486f1a95f83957cc8ca0a9595e40c185f5ee?s=96&d=mm&r=g\",\"contentUrl\":\"https:\\\/\\\/secure.gravatar.com\\\/avatar\\\/1496f846049365121827f5470219486f1a95f83957cc8ca0a9595e40c185f5ee?s=96&d=mm&r=g\",\"caption\":\"Laurent Schwartz\"},\"description\":\"Dipl\u00f4m\u00e9 de l\u2019EDHEC Business School en 2005, Laurent SCHWARTZ int\u00e8gre le cabinet d\u2019audit ERNST &amp; YOUNG en 2005 o\u00f9 il travaille pendant 4 ans. Parall\u00e8lement, il travaille au sein de l\u2019entreprise familiale cr\u00e9\u00e9e en 1976 \u00e0 Strasbourg. Fort de cette exp\u00e9rience et du savoir-faire d\u00e9velopp\u00e9 durant ces 40 derni\u00e8res ann\u00e9es, Laurent proc\u00e8de \u00e0 la refonte du site Internet Gold.fr d\u00e9di\u00e9 \u00e0 l\u2019achat d'or, vente d\u2019or (pi\u00e8ces, lingots, ...), achat or et argent,... qui conna\u00eetra un franc succ\u00e8s d\u00e8s son d\u00e9marrage en 2008. Il d\u00e9cide alors de d\u00e9velopper un r\u00e9seau de concessions exclusives: Le Comptoir National de l\u2019Or. Il assure d\u00e9sormais le pilotage strat\u00e9gique du 1er r\u00e9seau de France qui compte aujourd\u2019hui pas loin de 60 agences r\u00e9parties dans toute la France et depuis peu en Allemagne (Breisach). Le Comptoir National de l\u2019Or se positionne aujourd\u2019hui comme le leader incontournable sur le march\u00e9 de l\u2019Or et des m\u00e9taux pr\u00e9cieux en France.\",\"sameAs\":[\"https:\\\/\\\/www.gold.fr\",\"https:\\\/\\\/www.linkedin.com\\\/in\\\/acheteror\\\/\"]}]}<\/script>\n<!-- \/ Yoast SEO plugin. -->","yoast_head_json":{"title":"Face \u00e0 l\u2019instabilit\u00e9, l\u2019or est le placement pr\u00e9f\u00e9r\u00e9 des Turcs Investir","description":"Le renvoi du gouverneur de la banque centrale Turque le 22\/03 a provoqu\u00e9 une baisse spectaculaire de la livre turque d\u2019environ 10% en un jour","robots":{"index":"index","follow":"follow","max-snippet":"max-snippet:-1","max-image-preview":"max-image-preview:large","max-video-preview":"max-video-preview:-1"},"canonical":"https:\/\/www.gold.fr\/news\/2021\/03\/29\/face-a-linstabilite-lor-est-le-placement-prefere-des-turcs\/","og_locale":"fr_FR","og_type":"article","og_title":"Face \u00e0 l\u2019instabilit\u00e9, l\u2019or est le placement pr\u00e9f\u00e9r\u00e9 des Turcs Investir","og_description":"Le renvoi du gouverneur de la banque centrale Turque le 22\/03 a provoqu\u00e9 une baisse spectaculaire de la livre turque d\u2019environ 10% en un jour","og_url":"https:\/\/www.gold.fr\/news\/2021\/03\/29\/face-a-linstabilite-lor-est-le-placement-prefere-des-turcs\/","og_site_name":"Gold.fr","article_publisher":"https:\/\/www.facebook.com\/Goldfr\/","article_published_time":"2021-03-29T14:52:42+00:00","article_modified_time":"2021-08-17T14:44:44+00:00","og_image":[{"width":800,"height":533,"url":"https:\/\/www.gold.fr\/news\/wp-content\/uploads\/2021\/03\/instalibilite-or-placement-turcs.jpg","type":"image\/jpeg"}],"author":"Laurent Schwartz","twitter_card":"summary_large_image","twitter_misc":{"\u00c9crit par":"Laurent Schwartz","Dur\u00e9e de lecture estim\u00e9e":"1 minute"},"schema":{"@context":"https:\/\/schema.org","@graph":[{"@type":"Article","@id":"https:\/\/www.gold.fr\/news\/2021\/03\/29\/face-a-linstabilite-lor-est-le-placement-prefere-des-turcs\/#article","isPartOf":{"@id":"https:\/\/www.gold.fr\/news\/2021\/03\/29\/face-a-linstabilite-lor-est-le-placement-prefere-des-turcs\/"},"author":{"name":"Laurent Schwartz","@id":"https:\/\/www.gold.fr\/news\/#\/schema\/person\/4ed91d9a70d8f3a313c26e8308214fc2"},"headline":"Face \u00e0 l\u2019instabilit\u00e9, l\u2019or est le placement pr\u00e9f\u00e9r\u00e9 des Turcs","datePublished":"2021-03-29T14:52:42+00:00","dateModified":"2021-08-17T14:44:44+00:00","mainEntityOfPage":{"@id":"https:\/\/www.gold.fr\/news\/2021\/03\/29\/face-a-linstabilite-lor-est-le-placement-prefere-des-turcs\/"},"wordCount":189,"image":{"@id":"https:\/\/www.gold.fr\/news\/2021\/03\/29\/face-a-linstabilite-lor-est-le-placement-prefere-des-turcs\/#primaryimage"},"thumbnailUrl":"https:\/\/www.gold.fr\/news\/wp-content\/uploads\/2021\/03\/instalibilite-or-placement-turcs.jpg","keywords":["investir dans l'Or","Investissement Or","or turquie","Valeur refuge"],"articleSection":["Flash infos"],"inLanguage":"fr-FR"},{"@type":"WebPage","@id":"https:\/\/www.gold.fr\/news\/2021\/03\/29\/face-a-linstabilite-lor-est-le-placement-prefere-des-turcs\/","url":"https:\/\/www.gold.fr\/news\/2021\/03\/29\/face-a-linstabilite-lor-est-le-placement-prefere-des-turcs\/","name":"Face \u00e0 l\u2019instabilit\u00e9, l\u2019or est le placement pr\u00e9f\u00e9r\u00e9 des Turcs Investir","isPartOf":{"@id":"https:\/\/www.gold.fr\/news\/#website"},"primaryImageOfPage":{"@id":"https:\/\/www.gold.fr\/news\/2021\/03\/29\/face-a-linstabilite-lor-est-le-placement-prefere-des-turcs\/#primaryimage"},"image":{"@id":"https:\/\/www.gold.fr\/news\/2021\/03\/29\/face-a-linstabilite-lor-est-le-placement-prefere-des-turcs\/#primaryimage"},"thumbnailUrl":"https:\/\/www.gold.fr\/news\/wp-content\/uploads\/2021\/03\/instalibilite-or-placement-turcs.jpg","datePublished":"2021-03-29T14:52:42+00:00","dateModified":"2021-08-17T14:44:44+00:00","author":{"@id":"https:\/\/www.gold.fr\/news\/#\/schema\/person\/4ed91d9a70d8f3a313c26e8308214fc2"},"description":"Le renvoi du gouverneur de la banque centrale Turque le 22\/03 a provoqu\u00e9 une baisse spectaculaire de la livre turque d\u2019environ 10% en un jour","breadcrumb":{"@id":"https:\/\/www.gold.fr\/news\/2021\/03\/29\/face-a-linstabilite-lor-est-le-placement-prefere-des-turcs\/#breadcrumb"},"inLanguage":"fr-FR","potentialAction":[{"@type":"ReadAction","target":["https:\/\/www.gold.fr\/news\/2021\/03\/29\/face-a-linstabilite-lor-est-le-placement-prefere-des-turcs\/"]}]},{"@type":"ImageObject","inLanguage":"fr-FR","@id":"https:\/\/www.gold.fr\/news\/2021\/03\/29\/face-a-linstabilite-lor-est-le-placement-prefere-des-turcs\/#primaryimage","url":"https:\/\/www.gold.fr\/news\/wp-content\/uploads\/2021\/03\/instalibilite-or-placement-turcs.jpg","contentUrl":"https:\/\/www.gold.fr\/news\/wp-content\/uploads\/2021\/03\/instalibilite-or-placement-turcs.jpg","width":800,"height":533,"caption":"Instabilit\u00e9 Placement Or Turc"},{"@type":"BreadcrumbList","@id":"https:\/\/www.gold.fr\/news\/2021\/03\/29\/face-a-linstabilite-lor-est-le-placement-prefere-des-turcs\/#breadcrumb","itemListElement":[{"@type":"ListItem","position":1,"name":"Accueil","item":"https:\/\/www.gold.fr\/"},{"@type":"ListItem","position":2,"name":"Actualit\u00e9s","item":"https:\/\/www.gold.fr\/news\/"},{"@type":"ListItem","position":3,"name":"Face \u00e0 l\u2019instabilit\u00e9, l\u2019or est le placement pr\u00e9f\u00e9r\u00e9 des Turcs"}]},{"@type":"WebSite","@id":"https:\/\/www.gold.fr\/news\/#website","url":"https:\/\/www.gold.fr\/news\/","name":"Gold.fr","description":"Actualit\u00e9s de l&#039;Or et des m\u00e9taux pr\u00e9cieux","potentialAction":[{"@type":"SearchAction","target":{"@type":"EntryPoint","urlTemplate":"https:\/\/www.gold.fr\/news\/?s={search_term_string}"},"query-input":{"@type":"PropertyValueSpecification","valueRequired":true,"valueName":"search_term_string"}}],"inLanguage":"fr-FR"},{"@type":"Person","@id":"https:\/\/www.gold.fr\/news\/#\/schema\/person\/4ed91d9a70d8f3a313c26e8308214fc2","name":"Laurent Schwartz","image":{"@type":"ImageObject","inLanguage":"fr-FR","@id":"https:\/\/secure.gravatar.com\/avatar\/1496f846049365121827f5470219486f1a95f83957cc8ca0a9595e40c185f5ee?s=96&d=mm&r=g76f0e87c9ba82a161860a0fc16990d85","url":"https:\/\/secure.gravatar.com\/avatar\/1496f846049365121827f5470219486f1a95f83957cc8ca0a9595e40c185f5ee?s=96&d=mm&r=g","contentUrl":"https:\/\/secure.gravatar.com\/avatar\/1496f846049365121827f5470219486f1a95f83957cc8ca0a9595e40c185f5ee?s=96&d=mm&r=g","caption":"Laurent Schwartz"},"description":"Dipl\u00f4m\u00e9 de l\u2019EDHEC Business School en 2005, Laurent SCHWARTZ int\u00e8gre le cabinet d\u2019audit ERNST &amp; YOUNG en 2005 o\u00f9 il travaille pendant 4 ans. Parall\u00e8lement, il travaille au sein de l\u2019entreprise familiale cr\u00e9\u00e9e en 1976 \u00e0 Strasbourg. Fort de cette exp\u00e9rience et du savoir-faire d\u00e9velopp\u00e9 durant ces 40 derni\u00e8res ann\u00e9es, Laurent proc\u00e8de \u00e0 la refonte du site Internet Gold.fr d\u00e9di\u00e9 \u00e0 l\u2019achat d'or, vente d\u2019or (pi\u00e8ces, lingots, ...), achat or et argent,... qui conna\u00eetra un franc succ\u00e8s d\u00e8s son d\u00e9marrage en 2008. Il d\u00e9cide alors de d\u00e9velopper un r\u00e9seau de concessions exclusives: Le Comptoir National de l\u2019Or. Il assure d\u00e9sormais le pilotage strat\u00e9gique du 1er r\u00e9seau de France qui compte aujourd\u2019hui pas loin de 60 agences r\u00e9parties dans toute la France et depuis peu en Allemagne (Breisach). Le Comptoir National de l\u2019Or se positionne aujourd\u2019hui comme le leader incontournable sur le march\u00e9 de l\u2019Or et des m\u00e9taux pr\u00e9cieux en France.","sameAs":["https:\/\/www.gold.fr","https:\/\/www.linkedin.com\/in\/acheteror\/"]}]}},"authors":[{"term_id":2567,"user_id":6,"is_guest":0,"slug":"laurent","display_name":"Laurent Schwartz","avatar_url":"https:\/\/secure.gravatar.com\/avatar\/1496f846049365121827f5470219486f1a95f83957cc8ca0a9595e40c185f5ee?s=96&d=mm&r=g","0":null,"1":"","2":"","3":"","4":"","5":"","6":"","7":"","8":""}],"_links":{"self":[{"href":"https:\/\/www.gold.fr\/news\/wp-json\/wp\/v2\/posts\/39506","targetHints":{"allow":["GET"]}}],"collection":[{"href":"https:\/\/www.gold.fr\/news\/wp-json\/wp\/v2\/posts"}],"about":[{"href":"https:\/\/www.gold.fr\/news\/wp-json\/wp\/v2\/types\/post"}],"author":[{"embeddable":true,"href":"https:\/\/www.gold.fr\/news\/wp-json\/wp\/v2\/users\/6"}],"replies":[{"embeddable":true,"href":"https:\/\/www.gold.fr\/news\/wp-json\/wp\/v2\/comments?post=39506"}],"version-history":[{"count":0,"href":"https:\/\/www.gold.fr\/news\/wp-json\/wp\/v2\/posts\/39506\/revisions"}],"wp:featuredmedia":[{"embeddable":true,"href":"https:\/\/www.gold.fr\/news\/wp-json\/wp\/v2\/media\/39507"}],"wp:attachment":[{"href":"https:\/\/www.gold.fr\/news\/wp-json\/wp\/v2\/media?parent=39506"}],"wp:term":[{"taxonomy":"category","embeddable":true,"href":"https:\/\/www.gold.fr\/news\/wp-json\/wp\/v2\/categories?post=39506"},{"taxonomy":"post_tag","embeddable":true,"href":"https:\/\/www.gold.fr\/news\/wp-json\/wp\/v2\/tags?post=39506"},{"taxonomy":"author","embeddable":true,"href":"https:\/\/www.gold.fr\/news\/wp-json\/wp\/v2\/ppma_author?post=39506"}],"curies":[{"name":"wp","href":"https:\/\/api.w.org\/{rel}","templated":true}]}}