{"id":3777,"date":"2011-11-16T11:06:16","date_gmt":"2011-11-16T10:06:16","guid":{"rendered":"http:\/\/news.gold.fr\/?p=3777"},"modified":"2021-01-14T10:25:31","modified_gmt":"2021-01-14T09:25:31","slug":"lor-est-il-a-labri-dune-crise-de-liquidite","status":"publish","type":"post","link":"https:\/\/www.gold.fr\/news\/2011\/11\/16\/lor-est-il-a-labri-dune-crise-de-liquidite\/","title":{"rendered":"L\u2019or est-il \u00e0 l\u2019abri d\u2019une crise de liquidit\u00e9 ?"},"content":{"rendered":"<p style=\"text-align: justify;\"><span style=\"font-family: verdana,geneva; font-size: small;\"><a href=\"http:\/\/news.gold.fr\/wp-content\/uploads\/2011\/11\/lingots-dor.jpg\"><img loading=\"lazy\" decoding=\"async\" class=\"alignleft size-thumbnail wp-image-3779\" style=\"margin: 5px; border: 1px solid black; float: left;\" title=\"lingots-d'or\" src=\"http:\/\/news.gold.fr\/wp-content\/uploads\/2011\/11\/lingots-dor-150x150.jpg\" alt=\"\" width=\"150\" height=\"150\" \/><\/a>Analyste chez le Cr\u00e9dit Agricole, Mr. Michel Bhar rejoint l&rsquo;avis expert de certains de ses confr\u00e8res en mettant en garde contre une \u00e9ventuelle \u00ab crise de la liquidit\u00e9 qui pourrait venir compromettre <strong>la hausse de l&rsquo;<a class=\"esk-seo-plu-link\" href=\"https:\/\/www.gold.fr\/news\/tags\/or\">or<\/a><\/strong>, notamment en cas de faillite d&rsquo;un \u00c9tat de la zone euro, o\u00f9 on verrait les investisseurs vendre massivement actions et mati\u00e8res premi\u00e8res \u00bb. En d&rsquo;autres termes, les investisseurs en mal de liquidit\u00e9s pourraient choisir de <a href=\"https:\/\/www.gold.fr\/vente-or\/\">vendre<\/a> tous leurs \u00ab investissements \u00bb afin de s&rsquo;offrir une certaine marge, cr\u00e9ant (pour l&rsquo;<strong><a class=\"esk-seo-plu-link\" href=\"https:\/\/www.gold.fr\/news\/tags\/or\">or<\/a><\/strong>) une situation relativement stagnante comme celle \u00e0 laquelle on a assist\u00e9 durant les mois d&rsquo;ao\u00fbt et de septembre.<\/span><\/p>\n<p><span style=\"font-family: verdana,geneva; font-size: small;\"> Alors, le pr\u00e9cieux <a class=\"esk-seo-plu-link\" href=\"https:\/\/www.gold.fr\/news\/tags\/or\">m\u00e9tal jaune<\/a> est-il r\u00e9ellement \u00e0 l&rsquo;abri d&rsquo;une imminente crise de liquidit\u00e9 ?<\/span> <span style=\"font-family: verdana,geneva; font-size: small;\"> Il faut garder \u00e0 l&rsquo;esprit les r\u00e9centes mesures de la BCE qui auront pour effet de saper presque totalement la rentabilit\u00e9 de plusieurs placements financiers, consolidant dans la foul\u00e9e l&rsquo;attrait des actifs physiques tels que le <a class=\"esk-seo-plu-link\" href=\"https:\/\/www.gold.fr\/news\/tags\/or\">m\u00e9tal jaune<\/a>.<\/span> <span style=\"font-family: verdana,geneva; font-size: small;\"> Par ailleurs, l&rsquo;<strong><a class=\"esk-seo-plu-link\" href=\"https:\/\/www.gold.fr\/news\/tags\/or\">or<\/a><\/strong> pourra toujours compter sur le solide soutien de la demande asiatique (<strong><a class=\"esk-seo-plu-link\" href=\"https:\/\/www.gold.fr\/news\/tags\/or\">or<\/a><\/strong> physique), au moment m\u00eame o\u00f9 la saison traditionnelle des mariages en Inde (premier pays, \u00e0 l&rsquo;international, consommateur d&rsquo;<strong><a class=\"esk-seo-plu-link\" href=\"https:\/\/www.gold.fr\/news\/tags\/or\">or<\/a><\/strong>) bat son plein.<\/span><\/p>\n<!-- AddThis Advanced Settings generic via filter on the_content --><!-- AddThis Share Buttons generic via filter on the_content -->","protected":false},"excerpt":{"rendered":"<p>Analyste chez le Cr\u00e9dit Agricole, Mr. Michel Bhar rejoint l&rsquo;avis expert de certains de ses confr\u00e8res en mettant en garde contre une \u00e9ventuelle \u00ab crise de la liquidit\u00e9 qui pourrait venir compromettre la hausse de l&rsquo;or, [&hellip;]<\/p>\n","protected":false},"author":18,"featured_media":3778,"comment_status":"closed","ping_status":"closed","sticky":false,"template":"","format":"standard","meta":{"_mbp_gutenberg_autopost":false,"_pgmb_is_evergreen":false,"_pgmb_ap_template_id":0,"footnotes":""},"categories":[4],"tags":[923,1369,76],"ppma_author":[2565],"class_list":["post-3777","post","type-post","status-publish","format-standard","has-post-thumbnail","hentry","category-analyses-economiques","tag-crise","tag-crise-or","tag-or"],"yoast_head":"<!-- This site is optimized with the Yoast SEO plugin v27.5 - https:\/\/yoast.com\/product\/yoast-seo-wordpress\/ -->\n<title>L\u2019or est-il \u00e0 l\u2019abri d\u2019une crise de liquidit\u00e9 ? - Gold.fr<\/title>\n<meta name=\"description\" content=\"Analyste, Michel Bhar rejoint l\u2019avis expert de certains de ses confr\u00e8res en mettant en garde contre une \u00e9ventuelle crise de la liquidit\u00e9\" \/>\n<meta name=\"robots\" content=\"index, follow, max-snippet:-1, max-image-preview:large, max-video-preview:-1\" \/>\n<link rel=\"canonical\" href=\"https:\/\/www.gold.fr\/news\/2011\/11\/16\/lor-est-il-a-labri-dune-crise-de-liquidite\/\" \/>\n<meta property=\"og:locale\" content=\"fr_FR\" \/>\n<meta property=\"og:type\" content=\"article\" \/>\n<meta property=\"og:title\" content=\"L\u2019or est-il \u00e0 l\u2019abri d\u2019une crise de liquidit\u00e9 ? - Gold.fr\" \/>\n<meta property=\"og:description\" content=\"Analyste, Michel Bhar rejoint l\u2019avis expert de certains de ses confr\u00e8res en mettant en garde contre une \u00e9ventuelle crise de la liquidit\u00e9\" \/>\n<meta property=\"og:url\" content=\"https:\/\/www.gold.fr\/news\/2011\/11\/16\/lor-est-il-a-labri-dune-crise-de-liquidite\/\" \/>\n<meta property=\"og:site_name\" content=\"Gold.fr\" \/>\n<meta property=\"article:publisher\" content=\"https:\/\/www.facebook.com\/Goldfr\/\" \/>\n<meta property=\"article:published_time\" content=\"2011-11-16T10:06:16+00:00\" \/>\n<meta property=\"article:modified_time\" content=\"2021-01-14T09:25:31+00:00\" \/>\n<meta property=\"og:image\" content=\"https:\/\/www.gold.fr\/news\/wp-content\/uploads\/2011\/11\/PIECE6D4OR-e1321431144128.jpg\" \/>\n\t<meta property=\"og:image:width\" content=\"600\" \/>\n\t<meta property=\"og:image:height\" content=\"400\" \/>\n\t<meta property=\"og:image:type\" content=\"image\/jpeg\" \/>\n<meta name=\"author\" content=\"Comptoir National de l&#039;Or\" \/>\n<meta name=\"twitter:card\" content=\"summary_large_image\" \/>\n<meta name=\"twitter:label1\" content=\"\u00c9crit par\" \/>\n\t<meta name=\"twitter:data1\" content=\"Comptoir National de l&#039;Or\" \/>\n\t<meta name=\"twitter:label2\" content=\"Dur\u00e9e de lecture estim\u00e9e\" \/>\n\t<meta name=\"twitter:data2\" content=\"1 minute\" \/>\n<script type=\"application\/ld+json\" class=\"yoast-schema-graph\">{\"@context\":\"https:\\\/\\\/schema.org\",\"@graph\":[{\"@type\":\"Article\",\"@id\":\"https:\\\/\\\/www.gold.fr\\\/news\\\/2011\\\/11\\\/16\\\/lor-est-il-a-labri-dune-crise-de-liquidite\\\/#article\",\"isPartOf\":{\"@id\":\"https:\\\/\\\/www.gold.fr\\\/news\\\/2011\\\/11\\\/16\\\/lor-est-il-a-labri-dune-crise-de-liquidite\\\/\"},\"author\":{\"name\":\"Comptoir National de l'Or\",\"@id\":\"https:\\\/\\\/www.gold.fr\\\/news\\\/#\\\/schema\\\/person\\\/070491b4b4fb7671bf59b3be20302ce9\"},\"headline\":\"L\u2019or est-il \u00e0 l\u2019abri d\u2019une crise de liquidit\u00e9 ?\",\"datePublished\":\"2011-11-16T10:06:16+00:00\",\"dateModified\":\"2021-01-14T09:25:31+00:00\",\"mainEntityOfPage\":{\"@id\":\"https:\\\/\\\/www.gold.fr\\\/news\\\/2011\\\/11\\\/16\\\/lor-est-il-a-labri-dune-crise-de-liquidite\\\/\"},\"wordCount\":222,\"image\":{\"@id\":\"https:\\\/\\\/www.gold.fr\\\/news\\\/2011\\\/11\\\/16\\\/lor-est-il-a-labri-dune-crise-de-liquidite\\\/#primaryimage\"},\"thumbnailUrl\":\"https:\\\/\\\/www.gold.fr\\\/news\\\/wp-content\\\/uploads\\\/2011\\\/11\\\/PIECE6D4OR-e1321431144128.jpg\",\"keywords\":[\"crise\",\"crise or\",\"Or\"],\"articleSection\":[\"Analyses Economiques\"],\"inLanguage\":\"fr-FR\"},{\"@type\":\"WebPage\",\"@id\":\"https:\\\/\\\/www.gold.fr\\\/news\\\/2011\\\/11\\\/16\\\/lor-est-il-a-labri-dune-crise-de-liquidite\\\/\",\"url\":\"https:\\\/\\\/www.gold.fr\\\/news\\\/2011\\\/11\\\/16\\\/lor-est-il-a-labri-dune-crise-de-liquidite\\\/\",\"name\":\"L\u2019or est-il \u00e0 l\u2019abri d\u2019une crise de liquidit\u00e9 ? - Gold.fr\",\"isPartOf\":{\"@id\":\"https:\\\/\\\/www.gold.fr\\\/news\\\/#website\"},\"primaryImageOfPage\":{\"@id\":\"https:\\\/\\\/www.gold.fr\\\/news\\\/2011\\\/11\\\/16\\\/lor-est-il-a-labri-dune-crise-de-liquidite\\\/#primaryimage\"},\"image\":{\"@id\":\"https:\\\/\\\/www.gold.fr\\\/news\\\/2011\\\/11\\\/16\\\/lor-est-il-a-labri-dune-crise-de-liquidite\\\/#primaryimage\"},\"thumbnailUrl\":\"https:\\\/\\\/www.gold.fr\\\/news\\\/wp-content\\\/uploads\\\/2011\\\/11\\\/PIECE6D4OR-e1321431144128.jpg\",\"datePublished\":\"2011-11-16T10:06:16+00:00\",\"dateModified\":\"2021-01-14T09:25:31+00:00\",\"author\":{\"@id\":\"https:\\\/\\\/www.gold.fr\\\/news\\\/#\\\/schema\\\/person\\\/070491b4b4fb7671bf59b3be20302ce9\"},\"description\":\"Analyste, Michel Bhar rejoint l\u2019avis expert de certains de ses confr\u00e8res en mettant en garde contre une \u00e9ventuelle crise de la liquidit\u00e9\",\"breadcrumb\":{\"@id\":\"https:\\\/\\\/www.gold.fr\\\/news\\\/2011\\\/11\\\/16\\\/lor-est-il-a-labri-dune-crise-de-liquidite\\\/#breadcrumb\"},\"inLanguage\":\"fr-FR\",\"potentialAction\":[{\"@type\":\"ReadAction\",\"target\":[\"https:\\\/\\\/www.gold.fr\\\/news\\\/2011\\\/11\\\/16\\\/lor-est-il-a-labri-dune-crise-de-liquidite\\\/\"]}]},{\"@type\":\"ImageObject\",\"inLanguage\":\"fr-FR\",\"@id\":\"https:\\\/\\\/www.gold.fr\\\/news\\\/2011\\\/11\\\/16\\\/lor-est-il-a-labri-dune-crise-de-liquidite\\\/#primaryimage\",\"url\":\"https:\\\/\\\/www.gold.fr\\\/news\\\/wp-content\\\/uploads\\\/2011\\\/11\\\/PIECE6D4OR-e1321431144128.jpg\",\"contentUrl\":\"https:\\\/\\\/www.gold.fr\\\/news\\\/wp-content\\\/uploads\\\/2011\\\/11\\\/PIECE6D4OR-e1321431144128.jpg\",\"width\":\"600\",\"height\":\"400\",\"caption\":\"PIECE-D'OR\"},{\"@type\":\"BreadcrumbList\",\"@id\":\"https:\\\/\\\/www.gold.fr\\\/news\\\/2011\\\/11\\\/16\\\/lor-est-il-a-labri-dune-crise-de-liquidite\\\/#breadcrumb\",\"itemListElement\":[{\"@type\":\"ListItem\",\"position\":1,\"name\":\"Accueil\",\"item\":\"https:\\\/\\\/www.gold.fr\\\/\"},{\"@type\":\"ListItem\",\"position\":2,\"name\":\"Actualit\u00e9s\",\"item\":\"https:\\\/\\\/www.gold.fr\\\/news\\\/\"},{\"@type\":\"ListItem\",\"position\":3,\"name\":\"L\u2019or est-il \u00e0 l\u2019abri d\u2019une crise de liquidit\u00e9 ?\"}]},{\"@type\":\"WebSite\",\"@id\":\"https:\\\/\\\/www.gold.fr\\\/news\\\/#website\",\"url\":\"https:\\\/\\\/www.gold.fr\\\/news\\\/\",\"name\":\"Gold.fr\",\"description\":\"Actualit\u00e9s de l&#039;Or et des m\u00e9taux pr\u00e9cieux\",\"potentialAction\":[{\"@type\":\"SearchAction\",\"target\":{\"@type\":\"EntryPoint\",\"urlTemplate\":\"https:\\\/\\\/www.gold.fr\\\/news\\\/?s={search_term_string}\"},\"query-input\":{\"@type\":\"PropertyValueSpecification\",\"valueRequired\":true,\"valueName\":\"search_term_string\"}}],\"inLanguage\":\"fr-FR\"},{\"@type\":\"Person\",\"@id\":\"https:\\\/\\\/www.gold.fr\\\/news\\\/#\\\/schema\\\/person\\\/070491b4b4fb7671bf59b3be20302ce9\",\"name\":\"Comptoir National de l'Or\",\"image\":{\"@type\":\"ImageObject\",\"inLanguage\":\"fr-FR\",\"@id\":\"https:\\\/\\\/secure.gravatar.com\\\/avatar\\\/0a2867fd5abe37bed95d5a65e9d58f01756e11efc68af9888dfc50cfa7f65948?s=96&d=mm&r=gb490554db0a38188709de567aa58480d\",\"url\":\"https:\\\/\\\/secure.gravatar.com\\\/avatar\\\/0a2867fd5abe37bed95d5a65e9d58f01756e11efc68af9888dfc50cfa7f65948?s=96&d=mm&r=g\",\"contentUrl\":\"https:\\\/\\\/secure.gravatar.com\\\/avatar\\\/0a2867fd5abe37bed95d5a65e9d58f01756e11efc68af9888dfc50cfa7f65948?s=96&d=mm&r=g\",\"caption\":\"Comptoir National de l'Or\"},\"description\":\"Notre r\u00e9daction est constitu\u00e9e de membres experts dans les m\u00e9tiers de l'\u00e9conomie et la gestion, des Responsables d'agence Comptoir National de l'Or, des analystes financiers qui publient r\u00e9guli\u00e8rement des \u00e9tudes sur les politiques des banques centrales, le cours de l'or, prix de l'or, cours de l'argent, prix de l'argent, cours du platine, cours du palladium,... la situation en zone euro et l'impact de la strat\u00e9gie mon\u00e9taire de la FED. Notre \u00e9quipe scrute \u00e9galement une information plus g\u00e9n\u00e9raliste \u00e0 la recherche d'actualit\u00e9 \\\"p\u00e9pite\\\" \u00e0 vous partager. Depuis 5 ans, nous avons publi\u00e9 un peu plus de 4000 articles qui s'adressent \u00e0 un public large et vari\u00e9 ayant pour objectif de satisfaire votre curiosit\u00e9 et de partager avec vous une certaine fascination pour le m\u00e9tal jaune, le rachat d'or, et pour ceux qui veulent investir dans l'or, vendre leur or tout simplement en savoir plus... Pour tous vos achat or et argent, n'h\u00e9sitez pas \u00e0 prendre rendez-vous dans l'un de nos nombreux comptoirs.\",\"sameAs\":[\"https:\\\/\\\/www.gold.fr\"]}]}<\/script>\n<!-- \/ Yoast SEO plugin. -->","yoast_head_json":{"title":"L\u2019or est-il \u00e0 l\u2019abri d\u2019une crise de liquidit\u00e9 ? - Gold.fr","description":"Analyste, Michel Bhar rejoint l\u2019avis expert de certains de ses confr\u00e8res en mettant en garde contre une \u00e9ventuelle crise de la liquidit\u00e9","robots":{"index":"index","follow":"follow","max-snippet":"max-snippet:-1","max-image-preview":"max-image-preview:large","max-video-preview":"max-video-preview:-1"},"canonical":"https:\/\/www.gold.fr\/news\/2011\/11\/16\/lor-est-il-a-labri-dune-crise-de-liquidite\/","og_locale":"fr_FR","og_type":"article","og_title":"L\u2019or est-il \u00e0 l\u2019abri d\u2019une crise de liquidit\u00e9 ? - Gold.fr","og_description":"Analyste, Michel Bhar rejoint l\u2019avis expert de certains de ses confr\u00e8res en mettant en garde contre une \u00e9ventuelle crise de la liquidit\u00e9","og_url":"https:\/\/www.gold.fr\/news\/2011\/11\/16\/lor-est-il-a-labri-dune-crise-de-liquidite\/","og_site_name":"Gold.fr","article_publisher":"https:\/\/www.facebook.com\/Goldfr\/","article_published_time":"2011-11-16T10:06:16+00:00","article_modified_time":"2021-01-14T09:25:31+00:00","og_image":[{"width":600,"height":400,"url":"https:\/\/www.gold.fr\/news\/wp-content\/uploads\/2011\/11\/PIECE6D4OR-e1321431144128.jpg","type":"image\/jpeg"}],"author":"Comptoir National de l'Or","twitter_card":"summary_large_image","twitter_misc":{"\u00c9crit par":"Comptoir National de l'Or","Dur\u00e9e de lecture estim\u00e9e":"1 minute"},"schema":{"@context":"https:\/\/schema.org","@graph":[{"@type":"Article","@id":"https:\/\/www.gold.fr\/news\/2011\/11\/16\/lor-est-il-a-labri-dune-crise-de-liquidite\/#article","isPartOf":{"@id":"https:\/\/www.gold.fr\/news\/2011\/11\/16\/lor-est-il-a-labri-dune-crise-de-liquidite\/"},"author":{"name":"Comptoir National de l'Or","@id":"https:\/\/www.gold.fr\/news\/#\/schema\/person\/070491b4b4fb7671bf59b3be20302ce9"},"headline":"L\u2019or est-il \u00e0 l\u2019abri d\u2019une crise de liquidit\u00e9 ?","datePublished":"2011-11-16T10:06:16+00:00","dateModified":"2021-01-14T09:25:31+00:00","mainEntityOfPage":{"@id":"https:\/\/www.gold.fr\/news\/2011\/11\/16\/lor-est-il-a-labri-dune-crise-de-liquidite\/"},"wordCount":222,"image":{"@id":"https:\/\/www.gold.fr\/news\/2011\/11\/16\/lor-est-il-a-labri-dune-crise-de-liquidite\/#primaryimage"},"thumbnailUrl":"https:\/\/www.gold.fr\/news\/wp-content\/uploads\/2011\/11\/PIECE6D4OR-e1321431144128.jpg","keywords":["crise","crise or","Or"],"articleSection":["Analyses Economiques"],"inLanguage":"fr-FR"},{"@type":"WebPage","@id":"https:\/\/www.gold.fr\/news\/2011\/11\/16\/lor-est-il-a-labri-dune-crise-de-liquidite\/","url":"https:\/\/www.gold.fr\/news\/2011\/11\/16\/lor-est-il-a-labri-dune-crise-de-liquidite\/","name":"L\u2019or est-il \u00e0 l\u2019abri d\u2019une crise de liquidit\u00e9 ? - Gold.fr","isPartOf":{"@id":"https:\/\/www.gold.fr\/news\/#website"},"primaryImageOfPage":{"@id":"https:\/\/www.gold.fr\/news\/2011\/11\/16\/lor-est-il-a-labri-dune-crise-de-liquidite\/#primaryimage"},"image":{"@id":"https:\/\/www.gold.fr\/news\/2011\/11\/16\/lor-est-il-a-labri-dune-crise-de-liquidite\/#primaryimage"},"thumbnailUrl":"https:\/\/www.gold.fr\/news\/wp-content\/uploads\/2011\/11\/PIECE6D4OR-e1321431144128.jpg","datePublished":"2011-11-16T10:06:16+00:00","dateModified":"2021-01-14T09:25:31+00:00","author":{"@id":"https:\/\/www.gold.fr\/news\/#\/schema\/person\/070491b4b4fb7671bf59b3be20302ce9"},"description":"Analyste, Michel Bhar rejoint l\u2019avis expert de certains de ses confr\u00e8res en mettant en garde contre une \u00e9ventuelle crise de la liquidit\u00e9","breadcrumb":{"@id":"https:\/\/www.gold.fr\/news\/2011\/11\/16\/lor-est-il-a-labri-dune-crise-de-liquidite\/#breadcrumb"},"inLanguage":"fr-FR","potentialAction":[{"@type":"ReadAction","target":["https:\/\/www.gold.fr\/news\/2011\/11\/16\/lor-est-il-a-labri-dune-crise-de-liquidite\/"]}]},{"@type":"ImageObject","inLanguage":"fr-FR","@id":"https:\/\/www.gold.fr\/news\/2011\/11\/16\/lor-est-il-a-labri-dune-crise-de-liquidite\/#primaryimage","url":"https:\/\/www.gold.fr\/news\/wp-content\/uploads\/2011\/11\/PIECE6D4OR-e1321431144128.jpg","contentUrl":"https:\/\/www.gold.fr\/news\/wp-content\/uploads\/2011\/11\/PIECE6D4OR-e1321431144128.jpg","width":"600","height":"400","caption":"PIECE-D'OR"},{"@type":"BreadcrumbList","@id":"https:\/\/www.gold.fr\/news\/2011\/11\/16\/lor-est-il-a-labri-dune-crise-de-liquidite\/#breadcrumb","itemListElement":[{"@type":"ListItem","position":1,"name":"Accueil","item":"https:\/\/www.gold.fr\/"},{"@type":"ListItem","position":2,"name":"Actualit\u00e9s","item":"https:\/\/www.gold.fr\/news\/"},{"@type":"ListItem","position":3,"name":"L\u2019or est-il \u00e0 l\u2019abri d\u2019une crise de liquidit\u00e9 ?"}]},{"@type":"WebSite","@id":"https:\/\/www.gold.fr\/news\/#website","url":"https:\/\/www.gold.fr\/news\/","name":"Gold.fr","description":"Actualit\u00e9s de l&#039;Or et des m\u00e9taux pr\u00e9cieux","potentialAction":[{"@type":"SearchAction","target":{"@type":"EntryPoint","urlTemplate":"https:\/\/www.gold.fr\/news\/?s={search_term_string}"},"query-input":{"@type":"PropertyValueSpecification","valueRequired":true,"valueName":"search_term_string"}}],"inLanguage":"fr-FR"},{"@type":"Person","@id":"https:\/\/www.gold.fr\/news\/#\/schema\/person\/070491b4b4fb7671bf59b3be20302ce9","name":"Comptoir National de l'Or","image":{"@type":"ImageObject","inLanguage":"fr-FR","@id":"https:\/\/secure.gravatar.com\/avatar\/0a2867fd5abe37bed95d5a65e9d58f01756e11efc68af9888dfc50cfa7f65948?s=96&d=mm&r=gb490554db0a38188709de567aa58480d","url":"https:\/\/secure.gravatar.com\/avatar\/0a2867fd5abe37bed95d5a65e9d58f01756e11efc68af9888dfc50cfa7f65948?s=96&d=mm&r=g","contentUrl":"https:\/\/secure.gravatar.com\/avatar\/0a2867fd5abe37bed95d5a65e9d58f01756e11efc68af9888dfc50cfa7f65948?s=96&d=mm&r=g","caption":"Comptoir National de l'Or"},"description":"Notre r\u00e9daction est constitu\u00e9e de membres experts dans les m\u00e9tiers de l'\u00e9conomie et la gestion, des Responsables d'agence Comptoir National de l'Or, des analystes financiers qui publient r\u00e9guli\u00e8rement des \u00e9tudes sur les politiques des banques centrales, le cours de l'or, prix de l'or, cours de l'argent, prix de l'argent, cours du platine, cours du palladium,... la situation en zone euro et l'impact de la strat\u00e9gie mon\u00e9taire de la FED. Notre \u00e9quipe scrute \u00e9galement une information plus g\u00e9n\u00e9raliste \u00e0 la recherche d'actualit\u00e9 \"p\u00e9pite\" \u00e0 vous partager. Depuis 5 ans, nous avons publi\u00e9 un peu plus de 4000 articles qui s'adressent \u00e0 un public large et vari\u00e9 ayant pour objectif de satisfaire votre curiosit\u00e9 et de partager avec vous une certaine fascination pour le m\u00e9tal jaune, le rachat d'or, et pour ceux qui veulent investir dans l'or, vendre leur or tout simplement en savoir plus... Pour tous vos achat or et argent, n'h\u00e9sitez pas \u00e0 prendre rendez-vous dans l'un de nos nombreux comptoirs.","sameAs":["https:\/\/www.gold.fr"]}]}},"authors":[{"term_id":2565,"user_id":18,"is_guest":0,"slug":"julie","display_name":"Comptoir National de l'Or","avatar_url":"https:\/\/secure.gravatar.com\/avatar\/713f289e398d35ead876c4a4cc08607f0d6d266058cfc25683fffb6092d0e572?s=96&d=mm&r=g","0":null,"1":"","2":"","3":"","4":"","5":"","6":"","7":"","8":""}],"_links":{"self":[{"href":"https:\/\/www.gold.fr\/news\/wp-json\/wp\/v2\/posts\/3777","targetHints":{"allow":["GET"]}}],"collection":[{"href":"https:\/\/www.gold.fr\/news\/wp-json\/wp\/v2\/posts"}],"about":[{"href":"https:\/\/www.gold.fr\/news\/wp-json\/wp\/v2\/types\/post"}],"author":[{"embeddable":true,"href":"https:\/\/www.gold.fr\/news\/wp-json\/wp\/v2\/users\/18"}],"replies":[{"embeddable":true,"href":"https:\/\/www.gold.fr\/news\/wp-json\/wp\/v2\/comments?post=3777"}],"version-history":[{"count":0,"href":"https:\/\/www.gold.fr\/news\/wp-json\/wp\/v2\/posts\/3777\/revisions"}],"wp:featuredmedia":[{"embeddable":true,"href":"https:\/\/www.gold.fr\/news\/wp-json\/wp\/v2\/media\/3778"}],"wp:attachment":[{"href":"https:\/\/www.gold.fr\/news\/wp-json\/wp\/v2\/media?parent=3777"}],"wp:term":[{"taxonomy":"category","embeddable":true,"href":"https:\/\/www.gold.fr\/news\/wp-json\/wp\/v2\/categories?post=3777"},{"taxonomy":"post_tag","embeddable":true,"href":"https:\/\/www.gold.fr\/news\/wp-json\/wp\/v2\/tags?post=3777"},{"taxonomy":"author","embeddable":true,"href":"https:\/\/www.gold.fr\/news\/wp-json\/wp\/v2\/ppma_author?post=3777"}],"curies":[{"name":"wp","href":"https:\/\/api.w.org\/{rel}","templated":true}]}}