{"id":3685,"date":"2011-11-11T11:00:19","date_gmt":"2011-11-11T10:00:19","guid":{"rendered":"http:\/\/news.gold.fr\/?p=3685"},"modified":"2017-11-02T11:37:08","modified_gmt":"2017-11-02T10:37:08","slug":"retour-de-flambee-pour-lor-analyse-2","status":"publish","type":"post","link":"https:\/\/www.gold.fr\/news\/2011\/11\/11\/retour-de-flambee-pour-lor-analyse-2\/","title":{"rendered":"Retour de flamb\u00e9e pour l\u2019or \u2013 Analyse"},"content":{"rendered":"<p style=\"text-align: justify;\"><span style=\"font-family: verdana,geneva; font-size: small;\"><a href=\"http:\/\/news.gold.fr\/wp-content\/uploads\/2011\/11\/Once-dor.jpg\"><img loading=\"lazy\" decoding=\"async\" class=\"alignleft size-thumbnail wp-image-3686\" style=\"float: left; margin: 5px; border: 1px solid black;\" title=\"Once-d'or\" alt=\"\" width=\"150\" height=\"150\" src=\"http:\/\/news.gold.fr\/wp-content\/uploads\/2011\/11\/Once-dor-150x150.jpg\" \/><\/a>Apr&egrave;s des ann&eacute;es d&rsquo;activit&eacute; &laquo;&nbsp;clandestine&nbsp;&raquo;, <strong>le m&eacute;tal jaune<\/strong> a popularis&eacute; l&rsquo;&eacute;tendue de sa valeur refuge &agrave; l&rsquo;occasion de l&rsquo;&eacute;clatement de la crise &eacute;conomique mondiale de 2008. Trois ann&eacute;es d&rsquo;une flamb&eacute;e aussi solide qu&rsquo;historique ont finalement abouti &agrave; un cours de plus de 1900 dollars (<a href=\"https:\/\/www.gold.fr\/once-en\/\">l&rsquo;once<\/a>) qui a laiss&eacute; la plan&egrave;te finance sans voix. Un &eacute;t&eacute; tr&egrave;s dor&eacute; suivi d&rsquo;un mois de septembre jonch&eacute; de corrections qui ram&egrave;ne l&rsquo;<strong><a href='https:\/\/www.gold.fr\/news\/tags\/or' class='esk-seo-plu-link'>or<\/a><\/strong> en dessous de la barre symbolique des 1700 dollars. Bilan de l&rsquo;apr&egrave;s-correction.<\/span><\/p>\n<p><span style=\"font-family: verdana,geneva; font-size: small;\"> Le prix du m&eacute;tal jaune a travers&eacute; un mois d&rsquo;octobre assez stagnant, avec des cours qui allaient de 1 500 &agrave; 1 700 dollars. Mais d&egrave;s la fin du mois, les investissements ont retrouv&eacute; le chemin de la lumi&egrave;re dor&eacute;e, effectuant au passage une &eacute;volution de 9% et se stabilisant au dessus des 1&nbsp;700 $. Ce retour en force annonce, selon les analystes, le d&eacute;but d&rsquo;une troisi&egrave;me phase de flamb&eacute;e sens&eacute;e ramener l&rsquo;<strong><a href='https:\/\/www.gold.fr\/news\/tags\/or' class='esk-seo-plu-link'>or<\/a><\/strong> au niveau des plus hauts annuels (1&nbsp;921 dollars).<\/span><\/p>\n<p><span style=\"font-family: verdana,geneva; font-size: small;\"> &laquo;&nbsp;Aucune inqui&eacute;tude &agrave; se faire&nbsp;; l&rsquo;<strong><a href='https:\/\/www.gold.fr\/news\/tags\/or' class='esk-seo-plu-link'>or<\/a><\/strong> a travers&eacute; la phase la plus critique des corrections sans trop en accuser le coup. En tout cas, en <a href=\"https:\/\/www.gold.fr\/vente-or\/\">vente<\/a> ou en <a href=\"https:\/\/www.gold.fr\/achat-or\/\">achat<\/a> d&rsquo;<strong><a href='https:\/\/www.gold.fr\/news\/tags\/or' class='esk-seo-plu-link'>or<\/a><\/strong>, le volume des transactions va en s&rsquo;amplifiant. Une client&egrave;le aussi fid&egrave;le et avide est toujours un tr&egrave;s bon signe pour le produit&nbsp;&raquo;, d&eacute;clare Martine MEYSENC, directrice de l&rsquo;agence du Comptoir National de l&rsquo;<a href='https:\/\/www.gold.fr\/news\/tags\/or' class='esk-seo-plu-link'>Or<\/a> de Grenoble.<\/span><\/p>\n<p><span style=\"font-family: verdana,geneva; font-size: small;\"> <a href=\"https:\/\/www.gold.fr\/comptoirs-achat-vente-or\/grenoble\/\">Comptoir d&rsquo;achat et vente d&rsquo;Or de Grenoble<\/a><\/span><br \/>  <span style=\"font-family: verdana,geneva; font-size: small;\"> Adresse : 33 Boulevard du Mar&eacute;chal Foch 38100 &#8211; Grenoble<\/span><br \/>  <span style=\"font-family: verdana,geneva; font-size: small;\"> T&eacute;l. fixe : 04 89 04 47 49<\/span><br \/>  <span style=\"font-family: verdana,geneva; font-size: small;\"> Email : grenoble@gold.fr<\/span><\/p>\n<p style=\"text-align: justify;\"><a href=\"https:\/\/www.gold.fr\/contact-comptoir\/grenoble\/\">&gt;&gt;&gt;contacter ce comptoir<\/a><\/p>\n<!-- AddThis Advanced Settings generic via filter on the_content --><!-- AddThis Share Buttons generic via filter on the_content -->","protected":false},"excerpt":{"rendered":"<p>Apr&egrave;s des ann&eacute;es d&rsquo;activit&eacute; &laquo;&nbsp;clandestine&nbsp;&raquo;, le m&eacute;tal jaune a popularis&eacute; l&rsquo;&eacute;tendue de sa valeur refuge &agrave; l&rsquo;occasion de l&rsquo;&eacute;clatement de la crise &eacute;conomique mondiale de 2008. Trois ann&eacute;es d&rsquo;une flamb&eacute;e aussi solide qu&rsquo;historique ont finalement abouti [&hellip;]<\/p>\n","protected":false},"author":18,"featured_media":3687,"comment_status":"open","ping_status":"open","sticky":false,"template":"","format":"standard","meta":{"_mbp_gutenberg_autopost":false,"_pgmb_is_evergreen":false,"_pgmb_ap_template_id":0,"footnotes":""},"categories":[4],"tags":[367,85,76],"ppma_author":[2565],"class_list":["post-3685","post","type-post","status-publish","format-standard","has-post-thumbnail","hentry","category-analyses-economiques","tag-comptoir-national-de-lor-grenoble","tag-once-dor","tag-or"],"yoast_head":"<!-- This site is optimized with the Yoast SEO plugin v27.5 - https:\/\/yoast.com\/product\/yoast-seo-wordpress\/ -->\n<title>Retour de flamb\u00e9e pour l\u2019or \u2013 Analyse - Gold.fr<\/title>\n<meta name=\"robots\" content=\"index, follow, max-snippet:-1, max-image-preview:large, max-video-preview:-1\" \/>\n<link rel=\"canonical\" href=\"https:\/\/www.gold.fr\/news\/2011\/11\/11\/retour-de-flambee-pour-lor-analyse-2\/\" \/>\n<meta property=\"og:locale\" content=\"fr_FR\" \/>\n<meta property=\"og:type\" content=\"article\" \/>\n<meta property=\"og:title\" content=\"Retour de flamb\u00e9e pour l\u2019or \u2013 Analyse - Gold.fr\" \/>\n<meta property=\"og:description\" content=\"Apr&egrave;s des ann&eacute;es d&rsquo;activit&eacute; &laquo;&nbsp;clandestine&nbsp;&raquo;, le m&eacute;tal jaune a popularis&eacute; l&rsquo;&eacute;tendue de sa valeur refuge &agrave; l&rsquo;occasion de l&rsquo;&eacute;clatement de la crise &eacute;conomique mondiale de 2008. Trois ann&eacute;es d&rsquo;une flamb&eacute;e aussi solide qu&rsquo;historique ont finalement abouti [&hellip;]\" \/>\n<meta property=\"og:url\" content=\"https:\/\/www.gold.fr\/news\/2011\/11\/11\/retour-de-flambee-pour-lor-analyse-2\/\" \/>\n<meta property=\"og:site_name\" content=\"Gold.fr\" \/>\n<meta property=\"article:publisher\" content=\"https:\/\/www.facebook.com\/Goldfr\/\" \/>\n<meta property=\"article:published_time\" content=\"2011-11-11T10:00:19+00:00\" \/>\n<meta property=\"article:modified_time\" content=\"2017-11-02T10:37:08+00:00\" \/>\n<meta property=\"og:image\" content=\"https:\/\/www.gold.fr\/news\/wp-content\/uploads\/2011\/11\/Once-or-21-e1320920348187.jpg\" \/>\n\t<meta property=\"og:image:width\" content=\"600\" \/>\n\t<meta property=\"og:image:height\" content=\"404\" \/>\n\t<meta property=\"og:image:type\" content=\"image\/jpeg\" \/>\n<meta name=\"author\" content=\"Comptoir National de l&#039;Or\" \/>\n<meta name=\"twitter:card\" content=\"summary_large_image\" \/>\n<meta name=\"twitter:label1\" content=\"\u00c9crit par\" \/>\n\t<meta name=\"twitter:data1\" content=\"Comptoir National de l&#039;Or\" \/>\n\t<meta name=\"twitter:label2\" content=\"Dur\u00e9e de lecture estim\u00e9e\" \/>\n\t<meta name=\"twitter:data2\" content=\"2 minutes\" \/>\n<script type=\"application\/ld+json\" class=\"yoast-schema-graph\">{\"@context\":\"https:\\\/\\\/schema.org\",\"@graph\":[{\"@type\":\"Article\",\"@id\":\"https:\\\/\\\/www.gold.fr\\\/news\\\/2011\\\/11\\\/11\\\/retour-de-flambee-pour-lor-analyse-2\\\/#article\",\"isPartOf\":{\"@id\":\"https:\\\/\\\/www.gold.fr\\\/news\\\/2011\\\/11\\\/11\\\/retour-de-flambee-pour-lor-analyse-2\\\/\"},\"author\":{\"name\":\"Comptoir National de l'Or\",\"@id\":\"https:\\\/\\\/www.gold.fr\\\/news\\\/#\\\/schema\\\/person\\\/070491b4b4fb7671bf59b3be20302ce9\"},\"headline\":\"Retour de flamb\u00e9e pour l\u2019or \u2013 Analyse\",\"datePublished\":\"2011-11-11T10:00:19+00:00\",\"dateModified\":\"2017-11-02T10:37:08+00:00\",\"mainEntityOfPage\":{\"@id\":\"https:\\\/\\\/www.gold.fr\\\/news\\\/2011\\\/11\\\/11\\\/retour-de-flambee-pour-lor-analyse-2\\\/\"},\"wordCount\":359,\"commentCount\":0,\"image\":{\"@id\":\"https:\\\/\\\/www.gold.fr\\\/news\\\/2011\\\/11\\\/11\\\/retour-de-flambee-pour-lor-analyse-2\\\/#primaryimage\"},\"thumbnailUrl\":\"https:\\\/\\\/www.gold.fr\\\/news\\\/wp-content\\\/uploads\\\/2011\\\/11\\\/Once-or-21-e1320920348187.jpg\",\"keywords\":[\"Comptoir National de l'Or Grenoble\",\"once d'or\",\"Or\"],\"articleSection\":[\"Analyses Economiques\"],\"inLanguage\":\"fr-FR\"},{\"@type\":\"WebPage\",\"@id\":\"https:\\\/\\\/www.gold.fr\\\/news\\\/2011\\\/11\\\/11\\\/retour-de-flambee-pour-lor-analyse-2\\\/\",\"url\":\"https:\\\/\\\/www.gold.fr\\\/news\\\/2011\\\/11\\\/11\\\/retour-de-flambee-pour-lor-analyse-2\\\/\",\"name\":\"Retour de flamb\u00e9e pour l\u2019or \u2013 Analyse - Gold.fr\",\"isPartOf\":{\"@id\":\"https:\\\/\\\/www.gold.fr\\\/news\\\/#website\"},\"primaryImageOfPage\":{\"@id\":\"https:\\\/\\\/www.gold.fr\\\/news\\\/2011\\\/11\\\/11\\\/retour-de-flambee-pour-lor-analyse-2\\\/#primaryimage\"},\"image\":{\"@id\":\"https:\\\/\\\/www.gold.fr\\\/news\\\/2011\\\/11\\\/11\\\/retour-de-flambee-pour-lor-analyse-2\\\/#primaryimage\"},\"thumbnailUrl\":\"https:\\\/\\\/www.gold.fr\\\/news\\\/wp-content\\\/uploads\\\/2011\\\/11\\\/Once-or-21-e1320920348187.jpg\",\"datePublished\":\"2011-11-11T10:00:19+00:00\",\"dateModified\":\"2017-11-02T10:37:08+00:00\",\"author\":{\"@id\":\"https:\\\/\\\/www.gold.fr\\\/news\\\/#\\\/schema\\\/person\\\/070491b4b4fb7671bf59b3be20302ce9\"},\"breadcrumb\":{\"@id\":\"https:\\\/\\\/www.gold.fr\\\/news\\\/2011\\\/11\\\/11\\\/retour-de-flambee-pour-lor-analyse-2\\\/#breadcrumb\"},\"inLanguage\":\"fr-FR\",\"potentialAction\":[{\"@type\":\"ReadAction\",\"target\":[\"https:\\\/\\\/www.gold.fr\\\/news\\\/2011\\\/11\\\/11\\\/retour-de-flambee-pour-lor-analyse-2\\\/\"]}]},{\"@type\":\"ImageObject\",\"inLanguage\":\"fr-FR\",\"@id\":\"https:\\\/\\\/www.gold.fr\\\/news\\\/2011\\\/11\\\/11\\\/retour-de-flambee-pour-lor-analyse-2\\\/#primaryimage\",\"url\":\"https:\\\/\\\/www.gold.fr\\\/news\\\/wp-content\\\/uploads\\\/2011\\\/11\\\/Once-or-21-e1320920348187.jpg\",\"contentUrl\":\"https:\\\/\\\/www.gold.fr\\\/news\\\/wp-content\\\/uploads\\\/2011\\\/11\\\/Once-or-21-e1320920348187.jpg\",\"width\":\"600\",\"height\":\"404\",\"caption\":\"L\u2019once d\u2019or se remet au vert\"},{\"@type\":\"BreadcrumbList\",\"@id\":\"https:\\\/\\\/www.gold.fr\\\/news\\\/2011\\\/11\\\/11\\\/retour-de-flambee-pour-lor-analyse-2\\\/#breadcrumb\",\"itemListElement\":[{\"@type\":\"ListItem\",\"position\":1,\"name\":\"Accueil\",\"item\":\"https:\\\/\\\/www.gold.fr\\\/\"},{\"@type\":\"ListItem\",\"position\":2,\"name\":\"Actualit\u00e9s\",\"item\":\"https:\\\/\\\/www.gold.fr\\\/news\\\/\"},{\"@type\":\"ListItem\",\"position\":3,\"name\":\"Retour de flamb\u00e9e pour l\u2019or \u2013 Analyse\"}]},{\"@type\":\"WebSite\",\"@id\":\"https:\\\/\\\/www.gold.fr\\\/news\\\/#website\",\"url\":\"https:\\\/\\\/www.gold.fr\\\/news\\\/\",\"name\":\"Gold.fr\",\"description\":\"Actualit\u00e9s de l&#039;Or et des m\u00e9taux pr\u00e9cieux\",\"potentialAction\":[{\"@type\":\"SearchAction\",\"target\":{\"@type\":\"EntryPoint\",\"urlTemplate\":\"https:\\\/\\\/www.gold.fr\\\/news\\\/?s={search_term_string}\"},\"query-input\":{\"@type\":\"PropertyValueSpecification\",\"valueRequired\":true,\"valueName\":\"search_term_string\"}}],\"inLanguage\":\"fr-FR\"},{\"@type\":\"Person\",\"@id\":\"https:\\\/\\\/www.gold.fr\\\/news\\\/#\\\/schema\\\/person\\\/070491b4b4fb7671bf59b3be20302ce9\",\"name\":\"Comptoir National de l'Or\",\"image\":{\"@type\":\"ImageObject\",\"inLanguage\":\"fr-FR\",\"@id\":\"https:\\\/\\\/secure.gravatar.com\\\/avatar\\\/0a2867fd5abe37bed95d5a65e9d58f01756e11efc68af9888dfc50cfa7f65948?s=96&d=mm&r=gb490554db0a38188709de567aa58480d\",\"url\":\"https:\\\/\\\/secure.gravatar.com\\\/avatar\\\/0a2867fd5abe37bed95d5a65e9d58f01756e11efc68af9888dfc50cfa7f65948?s=96&d=mm&r=g\",\"contentUrl\":\"https:\\\/\\\/secure.gravatar.com\\\/avatar\\\/0a2867fd5abe37bed95d5a65e9d58f01756e11efc68af9888dfc50cfa7f65948?s=96&d=mm&r=g\",\"caption\":\"Comptoir National de l'Or\"},\"description\":\"Notre r\u00e9daction est constitu\u00e9e de membres experts dans les m\u00e9tiers de l'\u00e9conomie et la gestion, des Responsables d'agence Comptoir National de l'Or, des analystes financiers qui publient r\u00e9guli\u00e8rement des \u00e9tudes sur les politiques des banques centrales, le cours de l'or, prix de l'or, cours de l'argent, prix de l'argent, cours du platine, cours du palladium,... la situation en zone euro et l'impact de la strat\u00e9gie mon\u00e9taire de la FED. Notre \u00e9quipe scrute \u00e9galement une information plus g\u00e9n\u00e9raliste \u00e0 la recherche d'actualit\u00e9 \\\"p\u00e9pite\\\" \u00e0 vous partager. Depuis 5 ans, nous avons publi\u00e9 un peu plus de 4000 articles qui s'adressent \u00e0 un public large et vari\u00e9 ayant pour objectif de satisfaire votre curiosit\u00e9 et de partager avec vous une certaine fascination pour le m\u00e9tal jaune, le rachat d'or, et pour ceux qui veulent investir dans l'or, vendre leur or tout simplement en savoir plus... Pour tous vos achat or et argent, n'h\u00e9sitez pas \u00e0 prendre rendez-vous dans l'un de nos nombreux comptoirs.\",\"sameAs\":[\"https:\\\/\\\/www.gold.fr\"]}]}<\/script>\n<!-- \/ Yoast SEO plugin. -->","yoast_head_json":{"title":"Retour de flamb\u00e9e pour l\u2019or \u2013 Analyse - Gold.fr","robots":{"index":"index","follow":"follow","max-snippet":"max-snippet:-1","max-image-preview":"max-image-preview:large","max-video-preview":"max-video-preview:-1"},"canonical":"https:\/\/www.gold.fr\/news\/2011\/11\/11\/retour-de-flambee-pour-lor-analyse-2\/","og_locale":"fr_FR","og_type":"article","og_title":"Retour de flamb\u00e9e pour l\u2019or \u2013 Analyse - Gold.fr","og_description":"Apr&egrave;s des ann&eacute;es d&rsquo;activit&eacute; &laquo;&nbsp;clandestine&nbsp;&raquo;, le m&eacute;tal jaune a popularis&eacute; l&rsquo;&eacute;tendue de sa valeur refuge &agrave; l&rsquo;occasion de l&rsquo;&eacute;clatement de la crise &eacute;conomique mondiale de 2008. Trois ann&eacute;es d&rsquo;une flamb&eacute;e aussi solide qu&rsquo;historique ont finalement abouti [&hellip;]","og_url":"https:\/\/www.gold.fr\/news\/2011\/11\/11\/retour-de-flambee-pour-lor-analyse-2\/","og_site_name":"Gold.fr","article_publisher":"https:\/\/www.facebook.com\/Goldfr\/","article_published_time":"2011-11-11T10:00:19+00:00","article_modified_time":"2017-11-02T10:37:08+00:00","og_image":[{"width":600,"height":404,"url":"https:\/\/www.gold.fr\/news\/wp-content\/uploads\/2011\/11\/Once-or-21-e1320920348187.jpg","type":"image\/jpeg"}],"author":"Comptoir National de l'Or","twitter_card":"summary_large_image","twitter_misc":{"\u00c9crit par":"Comptoir National de l'Or","Dur\u00e9e de lecture estim\u00e9e":"2 minutes"},"schema":{"@context":"https:\/\/schema.org","@graph":[{"@type":"Article","@id":"https:\/\/www.gold.fr\/news\/2011\/11\/11\/retour-de-flambee-pour-lor-analyse-2\/#article","isPartOf":{"@id":"https:\/\/www.gold.fr\/news\/2011\/11\/11\/retour-de-flambee-pour-lor-analyse-2\/"},"author":{"name":"Comptoir National de l'Or","@id":"https:\/\/www.gold.fr\/news\/#\/schema\/person\/070491b4b4fb7671bf59b3be20302ce9"},"headline":"Retour de flamb\u00e9e pour l\u2019or \u2013 Analyse","datePublished":"2011-11-11T10:00:19+00:00","dateModified":"2017-11-02T10:37:08+00:00","mainEntityOfPage":{"@id":"https:\/\/www.gold.fr\/news\/2011\/11\/11\/retour-de-flambee-pour-lor-analyse-2\/"},"wordCount":359,"commentCount":0,"image":{"@id":"https:\/\/www.gold.fr\/news\/2011\/11\/11\/retour-de-flambee-pour-lor-analyse-2\/#primaryimage"},"thumbnailUrl":"https:\/\/www.gold.fr\/news\/wp-content\/uploads\/2011\/11\/Once-or-21-e1320920348187.jpg","keywords":["Comptoir National de l'Or Grenoble","once d'or","Or"],"articleSection":["Analyses Economiques"],"inLanguage":"fr-FR"},{"@type":"WebPage","@id":"https:\/\/www.gold.fr\/news\/2011\/11\/11\/retour-de-flambee-pour-lor-analyse-2\/","url":"https:\/\/www.gold.fr\/news\/2011\/11\/11\/retour-de-flambee-pour-lor-analyse-2\/","name":"Retour de flamb\u00e9e pour l\u2019or \u2013 Analyse - Gold.fr","isPartOf":{"@id":"https:\/\/www.gold.fr\/news\/#website"},"primaryImageOfPage":{"@id":"https:\/\/www.gold.fr\/news\/2011\/11\/11\/retour-de-flambee-pour-lor-analyse-2\/#primaryimage"},"image":{"@id":"https:\/\/www.gold.fr\/news\/2011\/11\/11\/retour-de-flambee-pour-lor-analyse-2\/#primaryimage"},"thumbnailUrl":"https:\/\/www.gold.fr\/news\/wp-content\/uploads\/2011\/11\/Once-or-21-e1320920348187.jpg","datePublished":"2011-11-11T10:00:19+00:00","dateModified":"2017-11-02T10:37:08+00:00","author":{"@id":"https:\/\/www.gold.fr\/news\/#\/schema\/person\/070491b4b4fb7671bf59b3be20302ce9"},"breadcrumb":{"@id":"https:\/\/www.gold.fr\/news\/2011\/11\/11\/retour-de-flambee-pour-lor-analyse-2\/#breadcrumb"},"inLanguage":"fr-FR","potentialAction":[{"@type":"ReadAction","target":["https:\/\/www.gold.fr\/news\/2011\/11\/11\/retour-de-flambee-pour-lor-analyse-2\/"]}]},{"@type":"ImageObject","inLanguage":"fr-FR","@id":"https:\/\/www.gold.fr\/news\/2011\/11\/11\/retour-de-flambee-pour-lor-analyse-2\/#primaryimage","url":"https:\/\/www.gold.fr\/news\/wp-content\/uploads\/2011\/11\/Once-or-21-e1320920348187.jpg","contentUrl":"https:\/\/www.gold.fr\/news\/wp-content\/uploads\/2011\/11\/Once-or-21-e1320920348187.jpg","width":"600","height":"404","caption":"L\u2019once d\u2019or se remet au vert"},{"@type":"BreadcrumbList","@id":"https:\/\/www.gold.fr\/news\/2011\/11\/11\/retour-de-flambee-pour-lor-analyse-2\/#breadcrumb","itemListElement":[{"@type":"ListItem","position":1,"name":"Accueil","item":"https:\/\/www.gold.fr\/"},{"@type":"ListItem","position":2,"name":"Actualit\u00e9s","item":"https:\/\/www.gold.fr\/news\/"},{"@type":"ListItem","position":3,"name":"Retour de flamb\u00e9e pour l\u2019or \u2013 Analyse"}]},{"@type":"WebSite","@id":"https:\/\/www.gold.fr\/news\/#website","url":"https:\/\/www.gold.fr\/news\/","name":"Gold.fr","description":"Actualit\u00e9s de l&#039;Or et des m\u00e9taux pr\u00e9cieux","potentialAction":[{"@type":"SearchAction","target":{"@type":"EntryPoint","urlTemplate":"https:\/\/www.gold.fr\/news\/?s={search_term_string}"},"query-input":{"@type":"PropertyValueSpecification","valueRequired":true,"valueName":"search_term_string"}}],"inLanguage":"fr-FR"},{"@type":"Person","@id":"https:\/\/www.gold.fr\/news\/#\/schema\/person\/070491b4b4fb7671bf59b3be20302ce9","name":"Comptoir National de l'Or","image":{"@type":"ImageObject","inLanguage":"fr-FR","@id":"https:\/\/secure.gravatar.com\/avatar\/0a2867fd5abe37bed95d5a65e9d58f01756e11efc68af9888dfc50cfa7f65948?s=96&d=mm&r=gb490554db0a38188709de567aa58480d","url":"https:\/\/secure.gravatar.com\/avatar\/0a2867fd5abe37bed95d5a65e9d58f01756e11efc68af9888dfc50cfa7f65948?s=96&d=mm&r=g","contentUrl":"https:\/\/secure.gravatar.com\/avatar\/0a2867fd5abe37bed95d5a65e9d58f01756e11efc68af9888dfc50cfa7f65948?s=96&d=mm&r=g","caption":"Comptoir National de l'Or"},"description":"Notre r\u00e9daction est constitu\u00e9e de membres experts dans les m\u00e9tiers de l'\u00e9conomie et la gestion, des Responsables d'agence Comptoir National de l'Or, des analystes financiers qui publient r\u00e9guli\u00e8rement des \u00e9tudes sur les politiques des banques centrales, le cours de l'or, prix de l'or, cours de l'argent, prix de l'argent, cours du platine, cours du palladium,... la situation en zone euro et l'impact de la strat\u00e9gie mon\u00e9taire de la FED. Notre \u00e9quipe scrute \u00e9galement une information plus g\u00e9n\u00e9raliste \u00e0 la recherche d'actualit\u00e9 \"p\u00e9pite\" \u00e0 vous partager. Depuis 5 ans, nous avons publi\u00e9 un peu plus de 4000 articles qui s'adressent \u00e0 un public large et vari\u00e9 ayant pour objectif de satisfaire votre curiosit\u00e9 et de partager avec vous une certaine fascination pour le m\u00e9tal jaune, le rachat d'or, et pour ceux qui veulent investir dans l'or, vendre leur or tout simplement en savoir plus... Pour tous vos achat or et argent, n'h\u00e9sitez pas \u00e0 prendre rendez-vous dans l'un de nos nombreux comptoirs.","sameAs":["https:\/\/www.gold.fr"]}]}},"authors":[{"term_id":2565,"user_id":18,"is_guest":0,"slug":"julie","display_name":"Comptoir National de l'Or","avatar_url":"https:\/\/secure.gravatar.com\/avatar\/713f289e398d35ead876c4a4cc08607f0d6d266058cfc25683fffb6092d0e572?s=96&d=mm&r=g","0":null,"1":"","2":"","3":"","4":"","5":"","6":"","7":"","8":""}],"_links":{"self":[{"href":"https:\/\/www.gold.fr\/news\/wp-json\/wp\/v2\/posts\/3685","targetHints":{"allow":["GET"]}}],"collection":[{"href":"https:\/\/www.gold.fr\/news\/wp-json\/wp\/v2\/posts"}],"about":[{"href":"https:\/\/www.gold.fr\/news\/wp-json\/wp\/v2\/types\/post"}],"author":[{"embeddable":true,"href":"https:\/\/www.gold.fr\/news\/wp-json\/wp\/v2\/users\/18"}],"replies":[{"embeddable":true,"href":"https:\/\/www.gold.fr\/news\/wp-json\/wp\/v2\/comments?post=3685"}],"version-history":[{"count":0,"href":"https:\/\/www.gold.fr\/news\/wp-json\/wp\/v2\/posts\/3685\/revisions"}],"wp:featuredmedia":[{"embeddable":true,"href":"https:\/\/www.gold.fr\/news\/wp-json\/wp\/v2\/media\/3687"}],"wp:attachment":[{"href":"https:\/\/www.gold.fr\/news\/wp-json\/wp\/v2\/media?parent=3685"}],"wp:term":[{"taxonomy":"category","embeddable":true,"href":"https:\/\/www.gold.fr\/news\/wp-json\/wp\/v2\/categories?post=3685"},{"taxonomy":"post_tag","embeddable":true,"href":"https:\/\/www.gold.fr\/news\/wp-json\/wp\/v2\/tags?post=3685"},{"taxonomy":"author","embeddable":true,"href":"https:\/\/www.gold.fr\/news\/wp-json\/wp\/v2\/ppma_author?post=3685"}],"curies":[{"name":"wp","href":"https:\/\/api.w.org\/{rel}","templated":true}]}}