{"id":3650,"date":"2011-11-09T15:30:08","date_gmt":"2011-11-09T14:30:08","guid":{"rendered":"http:\/\/news.gold.fr\/?p=3650"},"modified":"2021-01-14T10:36:56","modified_gmt":"2021-01-14T09:36:56","slug":"le-franc-suisse-recule-lor-maintient-ses-positions","status":"publish","type":"post","link":"https:\/\/www.gold.fr\/news\/2011\/11\/09\/le-franc-suisse-recule-lor-maintient-ses-positions\/","title":{"rendered":"Le franc suisse recule, l\u2019or maintient ses positions"},"content":{"rendered":"<p style=\"text-align: justify;\"><span style=\"font-family: verdana,geneva; font-size: small;\"><a href=\"http:\/\/news.gold.fr\/wp-content\/uploads\/2011\/11\/lingot-or-500g.jpg\"><img loading=\"lazy\" decoding=\"async\" class=\"alignleft size-thumbnail wp-image-3652\" style=\"float: left; margin: 5px; border: 1px solid black;\" title=\"lingot-or-500g\" src=\"http:\/\/news.gold.fr\/wp-content\/uploads\/2011\/11\/lingot-or-500g-150x150.jpg\" alt=\"\" width=\"150\" height=\"150\" \/><\/a>Dans sa derni\u00e8re intervention, la banque nationale helv\u00e9tique vient d&rsquo;effacer les derni\u00e8res traces d&rsquo;attrait que le franc suisse s&rsquo;\u00e9tait permis d&rsquo;offrir pendant quelques semaines. Le but \u00e9tant de ralentir son rench\u00e9rissement qui plombe les exportations et l&rsquo;\u00e9conomie du pays.<\/span>    <span style=\"font-family: verdana,geneva; font-size: small;\"> Pourtant, sur un plan historique, le franc suisse fait partie du cercle ferm\u00e9 des actifs r\u00e9put\u00e9s \u00ab refuges \u00bb, et suppos\u00e9s de ce fait fournir une protection en cas de grosse crise sur les march\u00e9s. Mais suite \u00e0 la d\u00e9cision des autorit\u00e9s mon\u00e9taires helv\u00e9tiques, la devise suisse, devient automatiquement moins r\u00e9mun\u00e9ratrice, et perd ainsi forc\u00e9ment de son \u00e9clat.<\/span>    <span style=\"font-family: verdana,geneva; font-size: small;\"> En tout cas, voil\u00e0 une autre devise qui ne r\u00e9ussit pas \u00e0 maintenir son succ\u00e8s, face \u00e0 <strong>un <a href='https:\/\/www.gold.fr\/news\/tags\/or' class='esk-seo-plu-link'>m\u00e9tal jaune<\/a><\/strong> qui, lui, n&rsquo;a encore connu aucune chute durable. Et le recul du franc suisse devrait encore consolider le statut de valeur refuge ultime de l&rsquo;<strong><a href='https:\/\/www.gold.fr\/news\/tags\/or' class='esk-seo-plu-link'>or<\/a><\/strong>, et ce, que les obligations d&rsquo;Etat am\u00e9ricaines conservent ou non leur attrait.<\/span>    <span style=\"font-family: verdana,geneva; font-size: small;\"> Analyste de VTB Capital, Andrey Kryuchenkov, en d\u00e9duit naturellement que c&rsquo;est l&rsquo;<strong><a href='https:\/\/www.gold.fr\/news\/tags\/or' class='esk-seo-plu-link'>or<\/a><\/strong> qui va encore en b\u00e9n\u00e9ficier ; \u00ab <em>Dans un contexte o\u00f9 les inqui\u00e9tudes restent vives, l&rsquo;<strong><a href='https:\/\/www.gold.fr\/news\/tags\/or' class='esk-seo-plu-link'>or<\/a><\/strong>, dont la valeur intrins\u00e8que n&rsquo;est adoss\u00e9e \u00e0 aucun \u00e9metteur, devrait rester l&rsquo;actif ch\u00e9ri des investisseurs<\/em> \u00bb.<\/span><\/p>\n<!-- AddThis Advanced Settings generic via filter on the_content --><!-- AddThis Share Buttons generic via filter on the_content -->","protected":false},"excerpt":{"rendered":"<p>Dans sa derni\u00e8re intervention, la banque nationale helv\u00e9tique vient d&rsquo;effacer les derni\u00e8res traces d&rsquo;attrait que le franc suisse s&rsquo;\u00e9tait permis d&rsquo;offrir pendant quelques semaines. Le but \u00e9tant de ralentir son rench\u00e9rissement qui plombe les exportations et [&hellip;]<\/p>\n","protected":false},"author":18,"featured_media":3651,"comment_status":"closed","ping_status":"closed","sticky":false,"template":"","format":"standard","meta":{"_mbp_gutenberg_autopost":false,"_pgmb_is_evergreen":false,"_pgmb_ap_template_id":0,"footnotes":""},"categories":[6],"tags":[906,1255,748,76],"ppma_author":[2565],"class_list":["post-3650","post","type-post","status-publish","format-standard","has-post-thumbnail","hentry","category-articles-de-presse","tag-20-francs-suisses","tag-la-croix-suisse","tag-la-suisse","tag-or"],"yoast_head":"<!-- This site is optimized with the Yoast SEO plugin v27.5 - https:\/\/yoast.com\/product\/yoast-seo-wordpress\/ -->\n<title>Le franc suisse recule, l\u2019or maintient ses positions - Gold.fr<\/title>\n<meta name=\"robots\" content=\"index, follow, max-snippet:-1, max-image-preview:large, max-video-preview:-1\" \/>\n<link rel=\"canonical\" href=\"https:\/\/www.gold.fr\/news\/2011\/11\/09\/le-franc-suisse-recule-lor-maintient-ses-positions\/\" \/>\n<meta property=\"og:locale\" content=\"fr_FR\" \/>\n<meta property=\"og:type\" content=\"article\" \/>\n<meta property=\"og:title\" content=\"Le franc suisse recule, l\u2019or maintient ses positions - Gold.fr\" \/>\n<meta property=\"og:description\" content=\"Dans sa derni\u00e8re intervention, la banque nationale helv\u00e9tique vient d&rsquo;effacer les derni\u00e8res traces d&rsquo;attrait que le franc suisse s&rsquo;\u00e9tait permis d&rsquo;offrir pendant quelques semaines. Le but \u00e9tant de ralentir son rench\u00e9rissement qui plombe les exportations et [&hellip;]\" \/>\n<meta property=\"og:url\" content=\"https:\/\/www.gold.fr\/news\/2011\/11\/09\/le-franc-suisse-recule-lor-maintient-ses-positions\/\" \/>\n<meta property=\"og:site_name\" content=\"Gold.fr\" \/>\n<meta property=\"article:publisher\" content=\"https:\/\/www.facebook.com\/Goldfr\/\" \/>\n<meta property=\"article:published_time\" content=\"2011-11-09T14:30:08+00:00\" \/>\n<meta property=\"article:modified_time\" content=\"2021-01-14T09:36:56+00:00\" \/>\n<meta property=\"og:image\" content=\"https:\/\/www.gold.fr\/news\/wp-content\/uploads\/2011\/11\/lingots-e1320829316775.jpg\" \/>\n\t<meta property=\"og:image:width\" content=\"600\" \/>\n\t<meta property=\"og:image:height\" content=\"600\" \/>\n\t<meta property=\"og:image:type\" content=\"image\/jpeg\" \/>\n<meta name=\"author\" content=\"Comptoir National de l&#039;Or\" \/>\n<meta name=\"twitter:card\" content=\"summary_large_image\" \/>\n<meta name=\"twitter:label1\" content=\"\u00c9crit par\" \/>\n\t<meta name=\"twitter:data1\" content=\"Comptoir National de l&#039;Or\" \/>\n\t<meta name=\"twitter:label2\" content=\"Dur\u00e9e de lecture estim\u00e9e\" \/>\n\t<meta name=\"twitter:data2\" content=\"1 minute\" \/>\n<script type=\"application\/ld+json\" class=\"yoast-schema-graph\">{\"@context\":\"https:\\\/\\\/schema.org\",\"@graph\":[{\"@type\":\"Article\",\"@id\":\"https:\\\/\\\/www.gold.fr\\\/news\\\/2011\\\/11\\\/09\\\/le-franc-suisse-recule-lor-maintient-ses-positions\\\/#article\",\"isPartOf\":{\"@id\":\"https:\\\/\\\/www.gold.fr\\\/news\\\/2011\\\/11\\\/09\\\/le-franc-suisse-recule-lor-maintient-ses-positions\\\/\"},\"author\":{\"name\":\"Comptoir National de l'Or\",\"@id\":\"https:\\\/\\\/www.gold.fr\\\/news\\\/#\\\/schema\\\/person\\\/070491b4b4fb7671bf59b3be20302ce9\"},\"headline\":\"Le franc suisse recule, l\u2019or maintient ses positions\",\"datePublished\":\"2011-11-09T14:30:08+00:00\",\"dateModified\":\"2021-01-14T09:36:56+00:00\",\"mainEntityOfPage\":{\"@id\":\"https:\\\/\\\/www.gold.fr\\\/news\\\/2011\\\/11\\\/09\\\/le-franc-suisse-recule-lor-maintient-ses-positions\\\/\"},\"wordCount\":237,\"image\":{\"@id\":\"https:\\\/\\\/www.gold.fr\\\/news\\\/2011\\\/11\\\/09\\\/le-franc-suisse-recule-lor-maintient-ses-positions\\\/#primaryimage\"},\"thumbnailUrl\":\"https:\\\/\\\/www.gold.fr\\\/news\\\/wp-content\\\/uploads\\\/2011\\\/11\\\/lingots-e1320829316775.jpg\",\"keywords\":[\"20 francs suisses\",\"la Croix suisse\",\"La Suisse\",\"Or\"],\"articleSection\":[\"Articles de presse\"],\"inLanguage\":\"fr-FR\"},{\"@type\":\"WebPage\",\"@id\":\"https:\\\/\\\/www.gold.fr\\\/news\\\/2011\\\/11\\\/09\\\/le-franc-suisse-recule-lor-maintient-ses-positions\\\/\",\"url\":\"https:\\\/\\\/www.gold.fr\\\/news\\\/2011\\\/11\\\/09\\\/le-franc-suisse-recule-lor-maintient-ses-positions\\\/\",\"name\":\"Le franc suisse recule, l\u2019or maintient ses positions - Gold.fr\",\"isPartOf\":{\"@id\":\"https:\\\/\\\/www.gold.fr\\\/news\\\/#website\"},\"primaryImageOfPage\":{\"@id\":\"https:\\\/\\\/www.gold.fr\\\/news\\\/2011\\\/11\\\/09\\\/le-franc-suisse-recule-lor-maintient-ses-positions\\\/#primaryimage\"},\"image\":{\"@id\":\"https:\\\/\\\/www.gold.fr\\\/news\\\/2011\\\/11\\\/09\\\/le-franc-suisse-recule-lor-maintient-ses-positions\\\/#primaryimage\"},\"thumbnailUrl\":\"https:\\\/\\\/www.gold.fr\\\/news\\\/wp-content\\\/uploads\\\/2011\\\/11\\\/lingots-e1320829316775.jpg\",\"datePublished\":\"2011-11-09T14:30:08+00:00\",\"dateModified\":\"2021-01-14T09:36:56+00:00\",\"author\":{\"@id\":\"https:\\\/\\\/www.gold.fr\\\/news\\\/#\\\/schema\\\/person\\\/070491b4b4fb7671bf59b3be20302ce9\"},\"breadcrumb\":{\"@id\":\"https:\\\/\\\/www.gold.fr\\\/news\\\/2011\\\/11\\\/09\\\/le-franc-suisse-recule-lor-maintient-ses-positions\\\/#breadcrumb\"},\"inLanguage\":\"fr-FR\",\"potentialAction\":[{\"@type\":\"ReadAction\",\"target\":[\"https:\\\/\\\/www.gold.fr\\\/news\\\/2011\\\/11\\\/09\\\/le-franc-suisse-recule-lor-maintient-ses-positions\\\/\"]}]},{\"@type\":\"ImageObject\",\"inLanguage\":\"fr-FR\",\"@id\":\"https:\\\/\\\/www.gold.fr\\\/news\\\/2011\\\/11\\\/09\\\/le-franc-suisse-recule-lor-maintient-ses-positions\\\/#primaryimage\",\"url\":\"https:\\\/\\\/www.gold.fr\\\/news\\\/wp-content\\\/uploads\\\/2011\\\/11\\\/lingots-e1320829316775.jpg\",\"contentUrl\":\"https:\\\/\\\/www.gold.fr\\\/news\\\/wp-content\\\/uploads\\\/2011\\\/11\\\/lingots-e1320829316775.jpg\",\"width\":\"600\",\"height\":\"600\",\"caption\":\"L\u2019once d\u00e9bute la semaine dans le vert\"},{\"@type\":\"BreadcrumbList\",\"@id\":\"https:\\\/\\\/www.gold.fr\\\/news\\\/2011\\\/11\\\/09\\\/le-franc-suisse-recule-lor-maintient-ses-positions\\\/#breadcrumb\",\"itemListElement\":[{\"@type\":\"ListItem\",\"position\":1,\"name\":\"Accueil\",\"item\":\"https:\\\/\\\/www.gold.fr\\\/\"},{\"@type\":\"ListItem\",\"position\":2,\"name\":\"Actualit\u00e9s\",\"item\":\"https:\\\/\\\/www.gold.fr\\\/news\\\/\"},{\"@type\":\"ListItem\",\"position\":3,\"name\":\"Le franc suisse recule, l\u2019or maintient ses positions\"}]},{\"@type\":\"WebSite\",\"@id\":\"https:\\\/\\\/www.gold.fr\\\/news\\\/#website\",\"url\":\"https:\\\/\\\/www.gold.fr\\\/news\\\/\",\"name\":\"Gold.fr\",\"description\":\"Actualit\u00e9s de l&#039;Or et des m\u00e9taux pr\u00e9cieux\",\"potentialAction\":[{\"@type\":\"SearchAction\",\"target\":{\"@type\":\"EntryPoint\",\"urlTemplate\":\"https:\\\/\\\/www.gold.fr\\\/news\\\/?s={search_term_string}\"},\"query-input\":{\"@type\":\"PropertyValueSpecification\",\"valueRequired\":true,\"valueName\":\"search_term_string\"}}],\"inLanguage\":\"fr-FR\"},{\"@type\":\"Person\",\"@id\":\"https:\\\/\\\/www.gold.fr\\\/news\\\/#\\\/schema\\\/person\\\/070491b4b4fb7671bf59b3be20302ce9\",\"name\":\"Comptoir National de l'Or\",\"image\":{\"@type\":\"ImageObject\",\"inLanguage\":\"fr-FR\",\"@id\":\"https:\\\/\\\/secure.gravatar.com\\\/avatar\\\/0a2867fd5abe37bed95d5a65e9d58f01756e11efc68af9888dfc50cfa7f65948?s=96&d=mm&r=gb490554db0a38188709de567aa58480d\",\"url\":\"https:\\\/\\\/secure.gravatar.com\\\/avatar\\\/0a2867fd5abe37bed95d5a65e9d58f01756e11efc68af9888dfc50cfa7f65948?s=96&d=mm&r=g\",\"contentUrl\":\"https:\\\/\\\/secure.gravatar.com\\\/avatar\\\/0a2867fd5abe37bed95d5a65e9d58f01756e11efc68af9888dfc50cfa7f65948?s=96&d=mm&r=g\",\"caption\":\"Comptoir National de l'Or\"},\"description\":\"Notre r\u00e9daction est constitu\u00e9e de membres experts dans les m\u00e9tiers de l'\u00e9conomie et la gestion, des Responsables d'agence Comptoir National de l'Or, des analystes financiers qui publient r\u00e9guli\u00e8rement des \u00e9tudes sur les politiques des banques centrales, le cours de l'or, prix de l'or, cours de l'argent, prix de l'argent, cours du platine, cours du palladium,... la situation en zone euro et l'impact de la strat\u00e9gie mon\u00e9taire de la FED. Notre \u00e9quipe scrute \u00e9galement une information plus g\u00e9n\u00e9raliste \u00e0 la recherche d'actualit\u00e9 \\\"p\u00e9pite\\\" \u00e0 vous partager. Depuis 5 ans, nous avons publi\u00e9 un peu plus de 4000 articles qui s'adressent \u00e0 un public large et vari\u00e9 ayant pour objectif de satisfaire votre curiosit\u00e9 et de partager avec vous une certaine fascination pour le m\u00e9tal jaune, le rachat d'or, et pour ceux qui veulent investir dans l'or, vendre leur or tout simplement en savoir plus... Pour tous vos achat or et argent, n'h\u00e9sitez pas \u00e0 prendre rendez-vous dans l'un de nos nombreux comptoirs.\",\"sameAs\":[\"https:\\\/\\\/www.gold.fr\"]}]}<\/script>\n<!-- \/ Yoast SEO plugin. -->","yoast_head_json":{"title":"Le franc suisse recule, l\u2019or maintient ses positions - Gold.fr","robots":{"index":"index","follow":"follow","max-snippet":"max-snippet:-1","max-image-preview":"max-image-preview:large","max-video-preview":"max-video-preview:-1"},"canonical":"https:\/\/www.gold.fr\/news\/2011\/11\/09\/le-franc-suisse-recule-lor-maintient-ses-positions\/","og_locale":"fr_FR","og_type":"article","og_title":"Le franc suisse recule, l\u2019or maintient ses positions - Gold.fr","og_description":"Dans sa derni\u00e8re intervention, la banque nationale helv\u00e9tique vient d&rsquo;effacer les derni\u00e8res traces d&rsquo;attrait que le franc suisse s&rsquo;\u00e9tait permis d&rsquo;offrir pendant quelques semaines. Le but \u00e9tant de ralentir son rench\u00e9rissement qui plombe les exportations et [&hellip;]","og_url":"https:\/\/www.gold.fr\/news\/2011\/11\/09\/le-franc-suisse-recule-lor-maintient-ses-positions\/","og_site_name":"Gold.fr","article_publisher":"https:\/\/www.facebook.com\/Goldfr\/","article_published_time":"2011-11-09T14:30:08+00:00","article_modified_time":"2021-01-14T09:36:56+00:00","og_image":[{"width":600,"height":600,"url":"https:\/\/www.gold.fr\/news\/wp-content\/uploads\/2011\/11\/lingots-e1320829316775.jpg","type":"image\/jpeg"}],"author":"Comptoir National de l'Or","twitter_card":"summary_large_image","twitter_misc":{"\u00c9crit par":"Comptoir National de l'Or","Dur\u00e9e de lecture estim\u00e9e":"1 minute"},"schema":{"@context":"https:\/\/schema.org","@graph":[{"@type":"Article","@id":"https:\/\/www.gold.fr\/news\/2011\/11\/09\/le-franc-suisse-recule-lor-maintient-ses-positions\/#article","isPartOf":{"@id":"https:\/\/www.gold.fr\/news\/2011\/11\/09\/le-franc-suisse-recule-lor-maintient-ses-positions\/"},"author":{"name":"Comptoir National de l'Or","@id":"https:\/\/www.gold.fr\/news\/#\/schema\/person\/070491b4b4fb7671bf59b3be20302ce9"},"headline":"Le franc suisse recule, l\u2019or maintient ses positions","datePublished":"2011-11-09T14:30:08+00:00","dateModified":"2021-01-14T09:36:56+00:00","mainEntityOfPage":{"@id":"https:\/\/www.gold.fr\/news\/2011\/11\/09\/le-franc-suisse-recule-lor-maintient-ses-positions\/"},"wordCount":237,"image":{"@id":"https:\/\/www.gold.fr\/news\/2011\/11\/09\/le-franc-suisse-recule-lor-maintient-ses-positions\/#primaryimage"},"thumbnailUrl":"https:\/\/www.gold.fr\/news\/wp-content\/uploads\/2011\/11\/lingots-e1320829316775.jpg","keywords":["20 francs suisses","la Croix suisse","La Suisse","Or"],"articleSection":["Articles de presse"],"inLanguage":"fr-FR"},{"@type":"WebPage","@id":"https:\/\/www.gold.fr\/news\/2011\/11\/09\/le-franc-suisse-recule-lor-maintient-ses-positions\/","url":"https:\/\/www.gold.fr\/news\/2011\/11\/09\/le-franc-suisse-recule-lor-maintient-ses-positions\/","name":"Le franc suisse recule, l\u2019or maintient ses positions - Gold.fr","isPartOf":{"@id":"https:\/\/www.gold.fr\/news\/#website"},"primaryImageOfPage":{"@id":"https:\/\/www.gold.fr\/news\/2011\/11\/09\/le-franc-suisse-recule-lor-maintient-ses-positions\/#primaryimage"},"image":{"@id":"https:\/\/www.gold.fr\/news\/2011\/11\/09\/le-franc-suisse-recule-lor-maintient-ses-positions\/#primaryimage"},"thumbnailUrl":"https:\/\/www.gold.fr\/news\/wp-content\/uploads\/2011\/11\/lingots-e1320829316775.jpg","datePublished":"2011-11-09T14:30:08+00:00","dateModified":"2021-01-14T09:36:56+00:00","author":{"@id":"https:\/\/www.gold.fr\/news\/#\/schema\/person\/070491b4b4fb7671bf59b3be20302ce9"},"breadcrumb":{"@id":"https:\/\/www.gold.fr\/news\/2011\/11\/09\/le-franc-suisse-recule-lor-maintient-ses-positions\/#breadcrumb"},"inLanguage":"fr-FR","potentialAction":[{"@type":"ReadAction","target":["https:\/\/www.gold.fr\/news\/2011\/11\/09\/le-franc-suisse-recule-lor-maintient-ses-positions\/"]}]},{"@type":"ImageObject","inLanguage":"fr-FR","@id":"https:\/\/www.gold.fr\/news\/2011\/11\/09\/le-franc-suisse-recule-lor-maintient-ses-positions\/#primaryimage","url":"https:\/\/www.gold.fr\/news\/wp-content\/uploads\/2011\/11\/lingots-e1320829316775.jpg","contentUrl":"https:\/\/www.gold.fr\/news\/wp-content\/uploads\/2011\/11\/lingots-e1320829316775.jpg","width":"600","height":"600","caption":"L\u2019once d\u00e9bute la semaine dans le vert"},{"@type":"BreadcrumbList","@id":"https:\/\/www.gold.fr\/news\/2011\/11\/09\/le-franc-suisse-recule-lor-maintient-ses-positions\/#breadcrumb","itemListElement":[{"@type":"ListItem","position":1,"name":"Accueil","item":"https:\/\/www.gold.fr\/"},{"@type":"ListItem","position":2,"name":"Actualit\u00e9s","item":"https:\/\/www.gold.fr\/news\/"},{"@type":"ListItem","position":3,"name":"Le franc suisse recule, l\u2019or maintient ses positions"}]},{"@type":"WebSite","@id":"https:\/\/www.gold.fr\/news\/#website","url":"https:\/\/www.gold.fr\/news\/","name":"Gold.fr","description":"Actualit\u00e9s de l&#039;Or et des m\u00e9taux pr\u00e9cieux","potentialAction":[{"@type":"SearchAction","target":{"@type":"EntryPoint","urlTemplate":"https:\/\/www.gold.fr\/news\/?s={search_term_string}"},"query-input":{"@type":"PropertyValueSpecification","valueRequired":true,"valueName":"search_term_string"}}],"inLanguage":"fr-FR"},{"@type":"Person","@id":"https:\/\/www.gold.fr\/news\/#\/schema\/person\/070491b4b4fb7671bf59b3be20302ce9","name":"Comptoir National de l'Or","image":{"@type":"ImageObject","inLanguage":"fr-FR","@id":"https:\/\/secure.gravatar.com\/avatar\/0a2867fd5abe37bed95d5a65e9d58f01756e11efc68af9888dfc50cfa7f65948?s=96&d=mm&r=gb490554db0a38188709de567aa58480d","url":"https:\/\/secure.gravatar.com\/avatar\/0a2867fd5abe37bed95d5a65e9d58f01756e11efc68af9888dfc50cfa7f65948?s=96&d=mm&r=g","contentUrl":"https:\/\/secure.gravatar.com\/avatar\/0a2867fd5abe37bed95d5a65e9d58f01756e11efc68af9888dfc50cfa7f65948?s=96&d=mm&r=g","caption":"Comptoir National de l'Or"},"description":"Notre r\u00e9daction est constitu\u00e9e de membres experts dans les m\u00e9tiers de l'\u00e9conomie et la gestion, des Responsables d'agence Comptoir National de l'Or, des analystes financiers qui publient r\u00e9guli\u00e8rement des \u00e9tudes sur les politiques des banques centrales, le cours de l'or, prix de l'or, cours de l'argent, prix de l'argent, cours du platine, cours du palladium,... la situation en zone euro et l'impact de la strat\u00e9gie mon\u00e9taire de la FED. Notre \u00e9quipe scrute \u00e9galement une information plus g\u00e9n\u00e9raliste \u00e0 la recherche d'actualit\u00e9 \"p\u00e9pite\" \u00e0 vous partager. Depuis 5 ans, nous avons publi\u00e9 un peu plus de 4000 articles qui s'adressent \u00e0 un public large et vari\u00e9 ayant pour objectif de satisfaire votre curiosit\u00e9 et de partager avec vous une certaine fascination pour le m\u00e9tal jaune, le rachat d'or, et pour ceux qui veulent investir dans l'or, vendre leur or tout simplement en savoir plus... Pour tous vos achat or et argent, n'h\u00e9sitez pas \u00e0 prendre rendez-vous dans l'un de nos nombreux comptoirs.","sameAs":["https:\/\/www.gold.fr"]}]}},"authors":[{"term_id":2565,"user_id":18,"is_guest":0,"slug":"julie","display_name":"Comptoir National de l'Or","avatar_url":"https:\/\/secure.gravatar.com\/avatar\/713f289e398d35ead876c4a4cc08607f0d6d266058cfc25683fffb6092d0e572?s=96&d=mm&r=g","0":null,"1":"","2":"","3":"","4":"","5":"","6":"","7":"","8":""}],"_links":{"self":[{"href":"https:\/\/www.gold.fr\/news\/wp-json\/wp\/v2\/posts\/3650","targetHints":{"allow":["GET"]}}],"collection":[{"href":"https:\/\/www.gold.fr\/news\/wp-json\/wp\/v2\/posts"}],"about":[{"href":"https:\/\/www.gold.fr\/news\/wp-json\/wp\/v2\/types\/post"}],"author":[{"embeddable":true,"href":"https:\/\/www.gold.fr\/news\/wp-json\/wp\/v2\/users\/18"}],"replies":[{"embeddable":true,"href":"https:\/\/www.gold.fr\/news\/wp-json\/wp\/v2\/comments?post=3650"}],"version-history":[{"count":0,"href":"https:\/\/www.gold.fr\/news\/wp-json\/wp\/v2\/posts\/3650\/revisions"}],"wp:featuredmedia":[{"embeddable":true,"href":"https:\/\/www.gold.fr\/news\/wp-json\/wp\/v2\/media\/3651"}],"wp:attachment":[{"href":"https:\/\/www.gold.fr\/news\/wp-json\/wp\/v2\/media?parent=3650"}],"wp:term":[{"taxonomy":"category","embeddable":true,"href":"https:\/\/www.gold.fr\/news\/wp-json\/wp\/v2\/categories?post=3650"},{"taxonomy":"post_tag","embeddable":true,"href":"https:\/\/www.gold.fr\/news\/wp-json\/wp\/v2\/tags?post=3650"},{"taxonomy":"author","embeddable":true,"href":"https:\/\/www.gold.fr\/news\/wp-json\/wp\/v2\/ppma_author?post=3650"}],"curies":[{"name":"wp","href":"https:\/\/api.w.org\/{rel}","templated":true}]}}