{"id":3645,"date":"2011-11-09T11:20:49","date_gmt":"2011-11-09T10:20:49","guid":{"rendered":"http:\/\/news.gold.fr\/?p=3645"},"modified":"2020-06-25T15:20:48","modified_gmt":"2020-06-25T13:20:48","slug":"quand-les-devises-palissent-lor-reprend-des-couleurs","status":"publish","type":"post","link":"https:\/\/www.gold.fr\/news\/2011\/11\/09\/quand-les-devises-palissent-lor-reprend-des-couleurs\/","title":{"rendered":"Quand les devises p\u00e2lissent, l&rsquo;or reprend des couleurs"},"content":{"rendered":"<p style=\"text-align: justify;\"><span style=\"font-family: verdana,geneva; font-size: small;\"><a href=\"http:\/\/news.gold.fr\/wp-content\/uploads\/2011\/11\/lingot-dor.jpg\"><img loading=\"lazy\" decoding=\"async\" class=\"alignleft size-thumbnail wp-image-3646\" style=\"margin: 5px; border: 1px solid black; float: left;\" title=\"lingot-d'or\" src=\"http:\/\/news.gold.fr\/wp-content\/uploads\/2011\/11\/lingot-dor-150x150.jpg\" alt=\"\" width=\"150\" height=\"150\" \/><\/a>La dette de l&rsquo;Etat f\u00e9d\u00e9ral am\u00e9ricain n&rsquo;a jamais autant b\u00e9n\u00e9fici\u00e9 \u00e0 l&rsquo;<strong><a class=\"esk-seo-plu-link\" href=\"https:\/\/www.gold.fr\/news\/tags\/or\">or<\/a><\/strong>. Au pays de l&rsquo;oncle Sam, les taux des Bons du Tr\u00e9sor \u00e0 10 ans sont bien en-dessous du seuil de l&rsquo;inflation. Dans une version simplifi\u00e9e des faits, ces bons ne rapportent rien \u00e0 leurs d\u00e9tenteurs. Ce qui signifie aussi que les investisseurs reprennent leur engouement pour la s\u00e9curit\u00e9, la rentabilit\u00e9\u2026en d&rsquo;autres termes, pour l&rsquo;<strong><a class=\"esk-seo-plu-link\" href=\"https:\/\/www.gold.fr\/news\/tags\/or\">or<\/a><\/strong>.<\/span> <span style=\"font-family: verdana,geneva; font-size: small;\"> Les analystes voient la flamb\u00e9e de l&rsquo;<strong><a class=\"esk-seo-plu-link\" href=\"https:\/\/www.gold.fr\/news\/tags\/or\">or<\/a><\/strong> comme une forme de \u00ab <em>d\u00e9fiance envers les deux principales monnaies de r\u00e9serve, l&rsquo;euro et le dollar, la peur d&rsquo;un risque syst\u00e9mique concernant les banques, et la crainte d&rsquo;un retour de l&rsquo;inflation<\/em> \u00bb.<\/span> <span style=\"font-family: verdana,geneva; font-size: small;\"> M\u00eame les devises qui avaient profit\u00e9 de la chute du dollar et de l&rsquo;euro pour conna\u00eetre quelques semaines de br\u00e8ve gloire (franc suisse et yen) ne repr\u00e9sentent plus des alternatives int\u00e9ressantes et rejoignent, selon les experts de Standard Chartered, le rang des \u00ab valeurs risqu\u00e9es \u00bb.<\/span> <span style=\"font-family: verdana,geneva; font-size: small;\"> Retour donc \u00e0 la case d\u00e9part pr\u00e9vu par la majorit\u00e9 des analystes professionnels. Les craintes grandissantes d&rsquo;un retour en r\u00e9cession des Etats-Unis, mix\u00e9es aux incertitudes relatives \u00e0 la crise des dettes en zone euro vont donc continuer \u00e0 soutenir l&rsquo;<strong><a class=\"esk-seo-plu-link\" href=\"https:\/\/www.gold.fr\/news\/tags\/or\">or<\/a><\/strong> et le porter vers de nouveaux sommets.<\/span><\/p>\n<!-- AddThis Advanced Settings generic via filter on the_content --><!-- AddThis Share Buttons generic via filter on the_content -->","protected":false},"excerpt":{"rendered":"<p>La dette de l&rsquo;Etat f\u00e9d\u00e9ral am\u00e9ricain n&rsquo;a jamais autant b\u00e9n\u00e9fici\u00e9 \u00e0 l&rsquo;or. Au pays de l&rsquo;oncle Sam, les taux des Bons du Tr\u00e9sor \u00e0 10 ans sont bien en-dessous du seuil de l&rsquo;inflation. Dans une version [&hellip;]<\/p>\n","protected":false},"author":18,"featured_media":3647,"comment_status":"closed","ping_status":"closed","sticky":false,"template":"","format":"standard","meta":{"_mbp_gutenberg_autopost":false,"_pgmb_is_evergreen":false,"_pgmb_ap_template_id":0,"footnotes":""},"categories":[6],"tags":[95,76],"ppma_author":[2565],"class_list":["post-3645","post","type-post","status-publish","format-standard","has-post-thumbnail","hentry","category-articles-de-presse","tag-marche-de-lor","tag-or"],"yoast_head":"<!-- This site is optimized with the Yoast SEO plugin v27.5 - https:\/\/yoast.com\/product\/yoast-seo-wordpress\/ -->\n<title>Quand les devises p\u00e2lissent, l&#039;or reprend des couleurs - Gold.fr<\/title>\n<meta name=\"description\" content=\"La dette de l&#039;Etat f\u00e9d\u00e9ral am\u00e9ricain n&#039;a jamais autant b\u00e9n\u00e9fici\u00e9 \u00e0 l\u2019or, Quand les devises p\u00e2lissent, l\u2019or reprend des couleurs\" \/>\n<meta name=\"robots\" content=\"index, follow, max-snippet:-1, max-image-preview:large, max-video-preview:-1\" \/>\n<link rel=\"canonical\" href=\"https:\/\/www.gold.fr\/news\/2011\/11\/09\/quand-les-devises-palissent-lor-reprend-des-couleurs\/\" \/>\n<meta property=\"og:locale\" content=\"fr_FR\" \/>\n<meta property=\"og:type\" content=\"article\" \/>\n<meta property=\"og:title\" content=\"Quand les devises p\u00e2lissent, l&#039;or reprend des couleurs - Gold.fr\" \/>\n<meta property=\"og:description\" content=\"La dette de l&#039;Etat f\u00e9d\u00e9ral am\u00e9ricain n&#039;a jamais autant b\u00e9n\u00e9fici\u00e9 \u00e0 l\u2019or, Quand les devises p\u00e2lissent, l\u2019or reprend des couleurs\" \/>\n<meta property=\"og:url\" content=\"https:\/\/www.gold.fr\/news\/2011\/11\/09\/quand-les-devises-palissent-lor-reprend-des-couleurs\/\" \/>\n<meta property=\"og:site_name\" content=\"Gold.fr\" \/>\n<meta property=\"article:publisher\" content=\"https:\/\/www.facebook.com\/Goldfr\/\" \/>\n<meta property=\"article:published_time\" content=\"2011-11-09T10:20:49+00:00\" \/>\n<meta property=\"article:modified_time\" content=\"2020-06-25T13:20:48+00:00\" \/>\n<meta property=\"og:image\" content=\"https:\/\/www.gold.fr\/news\/wp-content\/uploads\/2011\/11\/lingot-or.jpg\" \/>\n\t<meta property=\"og:image:width\" content=\"600\" \/>\n\t<meta property=\"og:image:height\" content=\"600\" \/>\n\t<meta property=\"og:image:type\" content=\"image\/jpeg\" \/>\n<meta name=\"author\" content=\"Comptoir National de l&#039;Or\" \/>\n<meta name=\"twitter:card\" content=\"summary_large_image\" \/>\n<meta name=\"twitter:label1\" content=\"\u00c9crit par\" \/>\n\t<meta name=\"twitter:data1\" content=\"Comptoir National de l&#039;Or\" \/>\n\t<meta name=\"twitter:label2\" content=\"Dur\u00e9e de lecture estim\u00e9e\" \/>\n\t<meta name=\"twitter:data2\" content=\"1 minute\" \/>\n<script type=\"application\/ld+json\" class=\"yoast-schema-graph\">{\"@context\":\"https:\\\/\\\/schema.org\",\"@graph\":[{\"@type\":\"Article\",\"@id\":\"https:\\\/\\\/www.gold.fr\\\/news\\\/2011\\\/11\\\/09\\\/quand-les-devises-palissent-lor-reprend-des-couleurs\\\/#article\",\"isPartOf\":{\"@id\":\"https:\\\/\\\/www.gold.fr\\\/news\\\/2011\\\/11\\\/09\\\/quand-les-devises-palissent-lor-reprend-des-couleurs\\\/\"},\"author\":{\"name\":\"Comptoir National de l'Or\",\"@id\":\"https:\\\/\\\/www.gold.fr\\\/news\\\/#\\\/schema\\\/person\\\/070491b4b4fb7671bf59b3be20302ce9\"},\"headline\":\"Quand les devises p\u00e2lissent, l&rsquo;or reprend des couleurs\",\"datePublished\":\"2011-11-09T10:20:49+00:00\",\"dateModified\":\"2020-06-25T13:20:48+00:00\",\"mainEntityOfPage\":{\"@id\":\"https:\\\/\\\/www.gold.fr\\\/news\\\/2011\\\/11\\\/09\\\/quand-les-devises-palissent-lor-reprend-des-couleurs\\\/\"},\"wordCount\":237,\"image\":{\"@id\":\"https:\\\/\\\/www.gold.fr\\\/news\\\/2011\\\/11\\\/09\\\/quand-les-devises-palissent-lor-reprend-des-couleurs\\\/#primaryimage\"},\"thumbnailUrl\":\"https:\\\/\\\/www.gold.fr\\\/news\\\/wp-content\\\/uploads\\\/2011\\\/11\\\/lingot-or.jpg\",\"keywords\":[\"march\u00e9 de l'or\",\"Or\"],\"articleSection\":[\"Articles de presse\"],\"inLanguage\":\"fr-FR\"},{\"@type\":\"WebPage\",\"@id\":\"https:\\\/\\\/www.gold.fr\\\/news\\\/2011\\\/11\\\/09\\\/quand-les-devises-palissent-lor-reprend-des-couleurs\\\/\",\"url\":\"https:\\\/\\\/www.gold.fr\\\/news\\\/2011\\\/11\\\/09\\\/quand-les-devises-palissent-lor-reprend-des-couleurs\\\/\",\"name\":\"Quand les devises p\u00e2lissent, l'or reprend des couleurs - Gold.fr\",\"isPartOf\":{\"@id\":\"https:\\\/\\\/www.gold.fr\\\/news\\\/#website\"},\"primaryImageOfPage\":{\"@id\":\"https:\\\/\\\/www.gold.fr\\\/news\\\/2011\\\/11\\\/09\\\/quand-les-devises-palissent-lor-reprend-des-couleurs\\\/#primaryimage\"},\"image\":{\"@id\":\"https:\\\/\\\/www.gold.fr\\\/news\\\/2011\\\/11\\\/09\\\/quand-les-devises-palissent-lor-reprend-des-couleurs\\\/#primaryimage\"},\"thumbnailUrl\":\"https:\\\/\\\/www.gold.fr\\\/news\\\/wp-content\\\/uploads\\\/2011\\\/11\\\/lingot-or.jpg\",\"datePublished\":\"2011-11-09T10:20:49+00:00\",\"dateModified\":\"2020-06-25T13:20:48+00:00\",\"author\":{\"@id\":\"https:\\\/\\\/www.gold.fr\\\/news\\\/#\\\/schema\\\/person\\\/070491b4b4fb7671bf59b3be20302ce9\"},\"description\":\"La dette de l'Etat f\u00e9d\u00e9ral am\u00e9ricain n'a jamais autant b\u00e9n\u00e9fici\u00e9 \u00e0 l\u2019or, Quand les devises p\u00e2lissent, l\u2019or reprend des couleurs\",\"breadcrumb\":{\"@id\":\"https:\\\/\\\/www.gold.fr\\\/news\\\/2011\\\/11\\\/09\\\/quand-les-devises-palissent-lor-reprend-des-couleurs\\\/#breadcrumb\"},\"inLanguage\":\"fr-FR\",\"potentialAction\":[{\"@type\":\"ReadAction\",\"target\":[\"https:\\\/\\\/www.gold.fr\\\/news\\\/2011\\\/11\\\/09\\\/quand-les-devises-palissent-lor-reprend-des-couleurs\\\/\"]}]},{\"@type\":\"ImageObject\",\"inLanguage\":\"fr-FR\",\"@id\":\"https:\\\/\\\/www.gold.fr\\\/news\\\/2011\\\/11\\\/09\\\/quand-les-devises-palissent-lor-reprend-des-couleurs\\\/#primaryimage\",\"url\":\"https:\\\/\\\/www.gold.fr\\\/news\\\/wp-content\\\/uploads\\\/2011\\\/11\\\/lingot-or.jpg\",\"contentUrl\":\"https:\\\/\\\/www.gold.fr\\\/news\\\/wp-content\\\/uploads\\\/2011\\\/11\\\/lingot-or.jpg\",\"width\":\"600\",\"height\":\"600\",\"caption\":\"lingot-d'or ail\u00e9\"},{\"@type\":\"BreadcrumbList\",\"@id\":\"https:\\\/\\\/www.gold.fr\\\/news\\\/2011\\\/11\\\/09\\\/quand-les-devises-palissent-lor-reprend-des-couleurs\\\/#breadcrumb\",\"itemListElement\":[{\"@type\":\"ListItem\",\"position\":1,\"name\":\"Accueil\",\"item\":\"https:\\\/\\\/www.gold.fr\\\/\"},{\"@type\":\"ListItem\",\"position\":2,\"name\":\"Actualit\u00e9s\",\"item\":\"https:\\\/\\\/www.gold.fr\\\/news\\\/\"},{\"@type\":\"ListItem\",\"position\":3,\"name\":\"Quand les devises p\u00e2lissent, l&rsquo;or reprend des couleurs\"}]},{\"@type\":\"WebSite\",\"@id\":\"https:\\\/\\\/www.gold.fr\\\/news\\\/#website\",\"url\":\"https:\\\/\\\/www.gold.fr\\\/news\\\/\",\"name\":\"Gold.fr\",\"description\":\"Actualit\u00e9s de l&#039;Or et des m\u00e9taux pr\u00e9cieux\",\"potentialAction\":[{\"@type\":\"SearchAction\",\"target\":{\"@type\":\"EntryPoint\",\"urlTemplate\":\"https:\\\/\\\/www.gold.fr\\\/news\\\/?s={search_term_string}\"},\"query-input\":{\"@type\":\"PropertyValueSpecification\",\"valueRequired\":true,\"valueName\":\"search_term_string\"}}],\"inLanguage\":\"fr-FR\"},{\"@type\":\"Person\",\"@id\":\"https:\\\/\\\/www.gold.fr\\\/news\\\/#\\\/schema\\\/person\\\/070491b4b4fb7671bf59b3be20302ce9\",\"name\":\"Comptoir National de l'Or\",\"image\":{\"@type\":\"ImageObject\",\"inLanguage\":\"fr-FR\",\"@id\":\"https:\\\/\\\/secure.gravatar.com\\\/avatar\\\/0a2867fd5abe37bed95d5a65e9d58f01756e11efc68af9888dfc50cfa7f65948?s=96&d=mm&r=gb490554db0a38188709de567aa58480d\",\"url\":\"https:\\\/\\\/secure.gravatar.com\\\/avatar\\\/0a2867fd5abe37bed95d5a65e9d58f01756e11efc68af9888dfc50cfa7f65948?s=96&d=mm&r=g\",\"contentUrl\":\"https:\\\/\\\/secure.gravatar.com\\\/avatar\\\/0a2867fd5abe37bed95d5a65e9d58f01756e11efc68af9888dfc50cfa7f65948?s=96&d=mm&r=g\",\"caption\":\"Comptoir National de l'Or\"},\"description\":\"Notre r\u00e9daction est constitu\u00e9e de membres experts dans les m\u00e9tiers de l'\u00e9conomie et la gestion, des Responsables d'agence Comptoir National de l'Or, des analystes financiers qui publient r\u00e9guli\u00e8rement des \u00e9tudes sur les politiques des banques centrales, le cours de l'or, prix de l'or, cours de l'argent, prix de l'argent, cours du platine, cours du palladium,... la situation en zone euro et l'impact de la strat\u00e9gie mon\u00e9taire de la FED. Notre \u00e9quipe scrute \u00e9galement une information plus g\u00e9n\u00e9raliste \u00e0 la recherche d'actualit\u00e9 \\\"p\u00e9pite\\\" \u00e0 vous partager. Depuis 5 ans, nous avons publi\u00e9 un peu plus de 4000 articles qui s'adressent \u00e0 un public large et vari\u00e9 ayant pour objectif de satisfaire votre curiosit\u00e9 et de partager avec vous une certaine fascination pour le m\u00e9tal jaune, le rachat d'or, et pour ceux qui veulent investir dans l'or, vendre leur or tout simplement en savoir plus... Pour tous vos achat or et argent, n'h\u00e9sitez pas \u00e0 prendre rendez-vous dans l'un de nos nombreux comptoirs.\",\"sameAs\":[\"https:\\\/\\\/www.gold.fr\"]}]}<\/script>\n<!-- \/ Yoast SEO plugin. -->","yoast_head_json":{"title":"Quand les devises p\u00e2lissent, l'or reprend des couleurs - Gold.fr","description":"La dette de l'Etat f\u00e9d\u00e9ral am\u00e9ricain n'a jamais autant b\u00e9n\u00e9fici\u00e9 \u00e0 l\u2019or, Quand les devises p\u00e2lissent, l\u2019or reprend des couleurs","robots":{"index":"index","follow":"follow","max-snippet":"max-snippet:-1","max-image-preview":"max-image-preview:large","max-video-preview":"max-video-preview:-1"},"canonical":"https:\/\/www.gold.fr\/news\/2011\/11\/09\/quand-les-devises-palissent-lor-reprend-des-couleurs\/","og_locale":"fr_FR","og_type":"article","og_title":"Quand les devises p\u00e2lissent, l'or reprend des couleurs - Gold.fr","og_description":"La dette de l'Etat f\u00e9d\u00e9ral am\u00e9ricain n'a jamais autant b\u00e9n\u00e9fici\u00e9 \u00e0 l\u2019or, Quand les devises p\u00e2lissent, l\u2019or reprend des couleurs","og_url":"https:\/\/www.gold.fr\/news\/2011\/11\/09\/quand-les-devises-palissent-lor-reprend-des-couleurs\/","og_site_name":"Gold.fr","article_publisher":"https:\/\/www.facebook.com\/Goldfr\/","article_published_time":"2011-11-09T10:20:49+00:00","article_modified_time":"2020-06-25T13:20:48+00:00","og_image":[{"width":600,"height":600,"url":"https:\/\/www.gold.fr\/news\/wp-content\/uploads\/2011\/11\/lingot-or.jpg","type":"image\/jpeg"}],"author":"Comptoir National de l'Or","twitter_card":"summary_large_image","twitter_misc":{"\u00c9crit par":"Comptoir National de l'Or","Dur\u00e9e de lecture estim\u00e9e":"1 minute"},"schema":{"@context":"https:\/\/schema.org","@graph":[{"@type":"Article","@id":"https:\/\/www.gold.fr\/news\/2011\/11\/09\/quand-les-devises-palissent-lor-reprend-des-couleurs\/#article","isPartOf":{"@id":"https:\/\/www.gold.fr\/news\/2011\/11\/09\/quand-les-devises-palissent-lor-reprend-des-couleurs\/"},"author":{"name":"Comptoir National de l'Or","@id":"https:\/\/www.gold.fr\/news\/#\/schema\/person\/070491b4b4fb7671bf59b3be20302ce9"},"headline":"Quand les devises p\u00e2lissent, l&rsquo;or reprend des couleurs","datePublished":"2011-11-09T10:20:49+00:00","dateModified":"2020-06-25T13:20:48+00:00","mainEntityOfPage":{"@id":"https:\/\/www.gold.fr\/news\/2011\/11\/09\/quand-les-devises-palissent-lor-reprend-des-couleurs\/"},"wordCount":237,"image":{"@id":"https:\/\/www.gold.fr\/news\/2011\/11\/09\/quand-les-devises-palissent-lor-reprend-des-couleurs\/#primaryimage"},"thumbnailUrl":"https:\/\/www.gold.fr\/news\/wp-content\/uploads\/2011\/11\/lingot-or.jpg","keywords":["march\u00e9 de l'or","Or"],"articleSection":["Articles de presse"],"inLanguage":"fr-FR"},{"@type":"WebPage","@id":"https:\/\/www.gold.fr\/news\/2011\/11\/09\/quand-les-devises-palissent-lor-reprend-des-couleurs\/","url":"https:\/\/www.gold.fr\/news\/2011\/11\/09\/quand-les-devises-palissent-lor-reprend-des-couleurs\/","name":"Quand les devises p\u00e2lissent, l'or reprend des couleurs - Gold.fr","isPartOf":{"@id":"https:\/\/www.gold.fr\/news\/#website"},"primaryImageOfPage":{"@id":"https:\/\/www.gold.fr\/news\/2011\/11\/09\/quand-les-devises-palissent-lor-reprend-des-couleurs\/#primaryimage"},"image":{"@id":"https:\/\/www.gold.fr\/news\/2011\/11\/09\/quand-les-devises-palissent-lor-reprend-des-couleurs\/#primaryimage"},"thumbnailUrl":"https:\/\/www.gold.fr\/news\/wp-content\/uploads\/2011\/11\/lingot-or.jpg","datePublished":"2011-11-09T10:20:49+00:00","dateModified":"2020-06-25T13:20:48+00:00","author":{"@id":"https:\/\/www.gold.fr\/news\/#\/schema\/person\/070491b4b4fb7671bf59b3be20302ce9"},"description":"La dette de l'Etat f\u00e9d\u00e9ral am\u00e9ricain n'a jamais autant b\u00e9n\u00e9fici\u00e9 \u00e0 l\u2019or, Quand les devises p\u00e2lissent, l\u2019or reprend des couleurs","breadcrumb":{"@id":"https:\/\/www.gold.fr\/news\/2011\/11\/09\/quand-les-devises-palissent-lor-reprend-des-couleurs\/#breadcrumb"},"inLanguage":"fr-FR","potentialAction":[{"@type":"ReadAction","target":["https:\/\/www.gold.fr\/news\/2011\/11\/09\/quand-les-devises-palissent-lor-reprend-des-couleurs\/"]}]},{"@type":"ImageObject","inLanguage":"fr-FR","@id":"https:\/\/www.gold.fr\/news\/2011\/11\/09\/quand-les-devises-palissent-lor-reprend-des-couleurs\/#primaryimage","url":"https:\/\/www.gold.fr\/news\/wp-content\/uploads\/2011\/11\/lingot-or.jpg","contentUrl":"https:\/\/www.gold.fr\/news\/wp-content\/uploads\/2011\/11\/lingot-or.jpg","width":"600","height":"600","caption":"lingot-d'or ail\u00e9"},{"@type":"BreadcrumbList","@id":"https:\/\/www.gold.fr\/news\/2011\/11\/09\/quand-les-devises-palissent-lor-reprend-des-couleurs\/#breadcrumb","itemListElement":[{"@type":"ListItem","position":1,"name":"Accueil","item":"https:\/\/www.gold.fr\/"},{"@type":"ListItem","position":2,"name":"Actualit\u00e9s","item":"https:\/\/www.gold.fr\/news\/"},{"@type":"ListItem","position":3,"name":"Quand les devises p\u00e2lissent, l&rsquo;or reprend des couleurs"}]},{"@type":"WebSite","@id":"https:\/\/www.gold.fr\/news\/#website","url":"https:\/\/www.gold.fr\/news\/","name":"Gold.fr","description":"Actualit\u00e9s de l&#039;Or et des m\u00e9taux pr\u00e9cieux","potentialAction":[{"@type":"SearchAction","target":{"@type":"EntryPoint","urlTemplate":"https:\/\/www.gold.fr\/news\/?s={search_term_string}"},"query-input":{"@type":"PropertyValueSpecification","valueRequired":true,"valueName":"search_term_string"}}],"inLanguage":"fr-FR"},{"@type":"Person","@id":"https:\/\/www.gold.fr\/news\/#\/schema\/person\/070491b4b4fb7671bf59b3be20302ce9","name":"Comptoir National de l'Or","image":{"@type":"ImageObject","inLanguage":"fr-FR","@id":"https:\/\/secure.gravatar.com\/avatar\/0a2867fd5abe37bed95d5a65e9d58f01756e11efc68af9888dfc50cfa7f65948?s=96&d=mm&r=gb490554db0a38188709de567aa58480d","url":"https:\/\/secure.gravatar.com\/avatar\/0a2867fd5abe37bed95d5a65e9d58f01756e11efc68af9888dfc50cfa7f65948?s=96&d=mm&r=g","contentUrl":"https:\/\/secure.gravatar.com\/avatar\/0a2867fd5abe37bed95d5a65e9d58f01756e11efc68af9888dfc50cfa7f65948?s=96&d=mm&r=g","caption":"Comptoir National de l'Or"},"description":"Notre r\u00e9daction est constitu\u00e9e de membres experts dans les m\u00e9tiers de l'\u00e9conomie et la gestion, des Responsables d'agence Comptoir National de l'Or, des analystes financiers qui publient r\u00e9guli\u00e8rement des \u00e9tudes sur les politiques des banques centrales, le cours de l'or, prix de l'or, cours de l'argent, prix de l'argent, cours du platine, cours du palladium,... la situation en zone euro et l'impact de la strat\u00e9gie mon\u00e9taire de la FED. Notre \u00e9quipe scrute \u00e9galement une information plus g\u00e9n\u00e9raliste \u00e0 la recherche d'actualit\u00e9 \"p\u00e9pite\" \u00e0 vous partager. Depuis 5 ans, nous avons publi\u00e9 un peu plus de 4000 articles qui s'adressent \u00e0 un public large et vari\u00e9 ayant pour objectif de satisfaire votre curiosit\u00e9 et de partager avec vous une certaine fascination pour le m\u00e9tal jaune, le rachat d'or, et pour ceux qui veulent investir dans l'or, vendre leur or tout simplement en savoir plus... Pour tous vos achat or et argent, n'h\u00e9sitez pas \u00e0 prendre rendez-vous dans l'un de nos nombreux comptoirs.","sameAs":["https:\/\/www.gold.fr"]}]}},"authors":[{"term_id":2565,"user_id":18,"is_guest":0,"slug":"julie","display_name":"Comptoir National de l'Or","avatar_url":"https:\/\/secure.gravatar.com\/avatar\/713f289e398d35ead876c4a4cc08607f0d6d266058cfc25683fffb6092d0e572?s=96&d=mm&r=g","0":null,"1":"","2":"","3":"","4":"","5":"","6":"","7":"","8":""}],"_links":{"self":[{"href":"https:\/\/www.gold.fr\/news\/wp-json\/wp\/v2\/posts\/3645","targetHints":{"allow":["GET"]}}],"collection":[{"href":"https:\/\/www.gold.fr\/news\/wp-json\/wp\/v2\/posts"}],"about":[{"href":"https:\/\/www.gold.fr\/news\/wp-json\/wp\/v2\/types\/post"}],"author":[{"embeddable":true,"href":"https:\/\/www.gold.fr\/news\/wp-json\/wp\/v2\/users\/18"}],"replies":[{"embeddable":true,"href":"https:\/\/www.gold.fr\/news\/wp-json\/wp\/v2\/comments?post=3645"}],"version-history":[{"count":0,"href":"https:\/\/www.gold.fr\/news\/wp-json\/wp\/v2\/posts\/3645\/revisions"}],"wp:featuredmedia":[{"embeddable":true,"href":"https:\/\/www.gold.fr\/news\/wp-json\/wp\/v2\/media\/3647"}],"wp:attachment":[{"href":"https:\/\/www.gold.fr\/news\/wp-json\/wp\/v2\/media?parent=3645"}],"wp:term":[{"taxonomy":"category","embeddable":true,"href":"https:\/\/www.gold.fr\/news\/wp-json\/wp\/v2\/categories?post=3645"},{"taxonomy":"post_tag","embeddable":true,"href":"https:\/\/www.gold.fr\/news\/wp-json\/wp\/v2\/tags?post=3645"},{"taxonomy":"author","embeddable":true,"href":"https:\/\/www.gold.fr\/news\/wp-json\/wp\/v2\/ppma_author?post=3645"}],"curies":[{"name":"wp","href":"https:\/\/api.w.org\/{rel}","templated":true}]}}