{"id":36206,"date":"2020-03-23T11:11:09","date_gmt":"2020-03-23T10:11:09","guid":{"rendered":"https:\/\/www.gold.fr\/news\/?p=36206"},"modified":"2021-02-03T17:37:24","modified_gmt":"2021-02-03T16:37:24","slug":"devons-nous-nous-preparer-a-une-crise-financiere-sans-precedent","status":"publish","type":"post","link":"https:\/\/www.gold.fr\/news\/2020\/03\/23\/devons-nous-nous-preparer-a-une-crise-financiere-sans-precedent\/","title":{"rendered":"Devons-nous nous pr\u00e9parer \u00e0 une crise financi\u00e8re sans pr\u00e9c\u00e9dent ?"},"content":{"rendered":"<p><em>Dans un entretien r\u00e9cent au JDD, le pr\u00e9sident Macron pr\u00e9dit que \u00ab\u00a0nous allons affronter une crise financi\u00e8re sans pr\u00e9c\u00e9dent\u00a0\u00bb. Apr\u00e8s la crise sanitaire et la crise \u00e9conomique, toutes deux en cours, il y a en effet des signes d\u2019une propagation \u00e0 la sph\u00e8re financi\u00e8re. <\/em>  <\/p>\n<h2><strong>Une r\u00e9cession d\u2019ampleur in\u00e9dite depuis la seconde guerre mondiale<\/strong><\/h2>\n<p>  Dans la plupart des r\u00e9cessions classiques, les entreprises voient venir le ralentissement et peuvent, dans une certaine mesure, s\u2019adapter et en amortir les effets. Mais dans ce cas pr\u00e9cis, en raison du confinement, l\u2019arr\u00eat de la machine \u00e9conomique est soudain et brutal. Les cons\u00e9quences le seront \u00e9galement\u00a0: on parle d\u00e9j\u00e0 de la plus s\u00e9v\u00e8re r\u00e9cession de l\u2019apr\u00e8s-guerre. Goldman Sachs pr\u00e9voit en effet un d\u00e9clin du PIB am\u00e9ricain de 24% en rythme annuel au deuxi\u00e8me trimestre. La banque Morgan Stanley parle elle de 30% de chute de l\u2019activit\u00e9. Il faut s\u2019attendre \u00e0 des chiffres similaires en Europe. Et il y a plus pessimiste : <strong>l\u2019influent pr\u00e9sident de la r\u00e9serve f\u00e9d\u00e9rale de Saint-Louis, James Bullard, n\u2019exclue pas une r\u00e9cession de 50% sur les m\u00eames bases, et un taux de ch\u00f4mage grimpant jusqu\u2019\u00e0 30%<\/strong>. Un chiffre qui n\u2019est pas aberrant quand on voit qu\u2019au Canada, les demandes d\u2019indemnisation ch\u00f4mage hebdomadaires ont \u00e9t\u00e9 multipli\u00e9es par 20, ce qui correspond \u00e0 une augmentation du ch\u00f4mage de 2.5 points en une semaine. Les mesures de relance et de soutien annonc\u00e9es par les banques centrales et les \u00e9tats sont d\u2019une ampleur sans pr\u00e9c\u00e9dent depuis 2008, et \u00e9conomiquement parlant, elles permettent d\u2019acheter un peu de temps. Mais le Secr\u00e9taire g\u00e9n\u00e9ral de l\u2019ONU Ant\u00f3nio Guterres a bien r\u00e9sum\u00e9 la situation dans un <a href=\"https:\/\/news.un.org\/fr\/story\/2020\/03\/1064482\">communiqu\u00e9 r\u00e9cent\u00a0<\/a>: \u00ab\u00a0Contrairement \u00e0 la crise financi\u00e8re de 2008, l&rsquo;injection de capitaux dans le seul secteur financier n&rsquo;est pas la r\u00e9ponse. Ce n&rsquo;est pas une crise bancaire \u00bb.  <\/p>\n<h2><strong>Les signes de la crise financi\u00e8re<\/strong><\/h2>\n<p>  Ce n\u2019est pas une crise bancaire et financi\u00e8re, mais cela pourrait le devenir. Il y a d\u2019abord l\u2019ass\u00e8chement pr\u00e9occupant de la liquidit\u00e9\u00a0: les acteurs de march\u00e9, les entreprises et les banques ont du mal \u00e0 se refinancer, ne se pr\u00eatent plus entre elles, et peinent \u00e0 trouver des acheteurs pour leurs titres. Jeudi dernier, pour faire face \u00e0 des retraits massifs de ses clients, Goldman Sachs a ainsi \u00e9t\u00e9 contraint de racheter pour pr\u00e8s d\u2019un milliard de dollar les actifs de deux de ses fonds mon\u00e9taires, normalement s\u00e9curis\u00e9s. <strong>Un sauvetage qui n\u2019est pas sans rappeler les difficult\u00e9s qu\u2019avaient connues deux fonds mon\u00e9taires de BNP \u00e0 l\u2019\u00e9t\u00e9 2007<\/strong>, un \u00e9pisode qui pour beaucoup marqua le d\u00e9but de la crise des subprime. Cet ass\u00e8chement des liquidit\u00e9s a \u00e9videmment des cons\u00e9quences sur le refinancement des entreprises, elles-m\u00eames en difficult\u00e9, et les taux d\u2019int\u00e9r\u00eat demand\u00e9s grimpent rapidement. L\u2019indicateur le plus suivi pour mesurer la tension sur le march\u00e9 du cr\u00e9dit est l\u2019\u00e9cart de taux pour les entreprises les plus risqu\u00e9s (appel\u00e9s les \u00ab\u00a0spread de cr\u00e9dit\u00a0\u00bb). En Europe comme aux Etats-Unis, cet \u00e9cart a presque tripl\u00e9 en un mois et il est maintenant au m\u00eame niveau qu\u2019en\u2026 aout 2008. Un niveau qui refl\u00e8te d\u2019ailleurs le triplement attendu des faillites sur 12 mois par l\u2019agence de notation Standard &amp; Poors sur ces \u00e9metteurs risqu\u00e9s.  <\/p>\n<h2><strong>Inqui\u00e9tudes sur les dettes souveraines<\/strong><\/h2>\n<p>  Dans des p\u00e9riodes de telle panique sur les march\u00e9s, les actifs refuges par excellence, ce sont les obligations d\u2019\u00e9tat des pays les plus s\u00fbrs, tels que les Etats-Unis, l\u2019Allemagne, ou dans une moindre mesure la France. Il s\u2019en suit normalement une baisse des taux d\u2019int\u00e9r\u00eat des dettes souveraines. Ce fut le cas\u2026 pendant les 3 premi\u00e8res semaines de ce vent de panique. Les mesures de soutien annonc\u00e9es par les Etats, y compris les probables nationalisations, garanties de pr\u00eats, et paiements directs \u00e0 leurs ressortissants, vont couter des milliers de milliards \u00e0 l\u2019\u00e9chelle mondiale. Pas s\u00fbr qu\u2019un tel volume de dette trouve preneur sur des march\u00e9s financiers t\u00e9tanis\u00e9s, surtout si on s\u2019interroge quant \u00e0 la future sant\u00e9 financi\u00e8re d\u2019Etats d\u00e9j\u00e0 lourdement endett\u00e9s. Les taux d\u2019int\u00e9r\u00eats sur la dette souveraine ont donc fortement grimp\u00e9 autour de la mi-mars. En Italie, le taux \u00e0 10 ans est ainsi pass\u00e9 d\u2019environ 1% \u00e0 pr\u00e8s de 2.4% en l\u2019espace d\u2019une dizaine de s\u00e9ances. Ne pouvant se permettre une r\u00e9surgence des inqui\u00e9tudes sur la dette des pays de la zone euro, qui menacerait la monnaie unique, la BCE a d\u00fb intervenir et lancer un programme de rachat d\u2019actif de 750 milliards d\u2019euros.  <\/p>\n<h2><strong>Planche \u00e0 billet, taux et p\u00e9nurie de m\u00e9tal jaune<\/strong><\/h2>\n<p>  Aux Etats-Unis, les mesures annonc\u00e9es par la Fed pourraient se monter \u00e0 4000 milliards de dollars. Des chiffres qui donnent le tournis.\u00a0 Dans l\u2019imm\u00e9diat et probablement pour quelques temps donc, <strong>seules les banques centrales peuvent financer un tel effort en faisant marcher \u00e0 plein r\u00e9gime la planche \u00e0 billet<\/strong>. N\u00e9anmoins, ces annonces spectaculaires n\u2019ont pas suffi \u00e0 ramener les taux d\u2019int\u00e9r\u00eat en dessous de leur niveau de mi-f\u00e9vrier, avant la d\u00e9b\u00e2cle des march\u00e9s. Dans un pareil contexte de panique, on s\u2019attendait \u00e0 voir le m\u00e9tal jaune flirter avec les plus hauts. Mais s\u2019il reste un des rares actifs positifs en 2020 (+3% en euros), le <a title=\"cours de l'or\" href=\"https:\/\/www.gold.fr\/cours-or-prix-de-l-or\/\">cours de l&rsquo;or<\/a> a \u00e9t\u00e9 p\u00e9nalis\u00e9 par cette hausse surprenante des taux, car il est traditionnellement n\u00e9gativement corr\u00e9l\u00e9 aux taux d\u2019int\u00e9r\u00eats r\u00e9els. Un frein qui pourrait se lever bient\u00f4t si la politique ultra-expansionniste men\u00e9e par les \u00e9tats et les banques centrales porte ses fruits.\u00a0 Ou au contraire, si la crise financi\u00e8re se d\u00e9veloppe jusqu\u2019\u00e0 remettre en cause la confiance en la monnaie. En ces temps exceptionnels, plus rien n\u2019est impossible. Pour preuve, la cotation du Napol\u00e9on vient d\u2019\u00eatre suspendue pour la premi\u00e8re fois depuis la guerre. En cause : un afflux d\u2019ordres d\u2019achats par des clients cherchant une valeur refuge, et de l\u2019autre c\u00f4t\u00e9, une absence presque totale de ventes en raison d\u2019un confinement. Il y a aujourd\u2019hui p\u00e9nurie de <a title=\"pi\u00e8ces d\u2019or\" href=\"https:\/\/www.gold.fr\/achat-piece-or\/\">pi\u00e8ces d\u2019or<\/a>\u00a0! \u00a0 \u00a0 \u00a0 <strong>\u00a0<\/strong><\/p>\n<!-- AddThis Advanced Settings generic via filter on the_content --><!-- AddThis Share Buttons generic via filter on the_content -->","protected":false},"excerpt":{"rendered":"<p>Dans un entretien r\u00e9cent au JDD, le pr\u00e9sident Macron pr\u00e9dit que \u00ab\u00a0nous allons affronter une crise financi\u00e8re sans pr\u00e9c\u00e9dent\u00a0\u00bb. Apr\u00e8s la crise sanitaire et la crise \u00e9conomique, toutes deux en cours, il y a en effet [&hellip;]<\/p>\n","protected":false},"author":6,"featured_media":36207,"comment_status":"closed","ping_status":"closed","sticky":false,"template":"","format":"standard","meta":{"_mbp_gutenberg_autopost":false,"_pgmb_is_evergreen":false,"_pgmb_ap_template_id":0,"footnotes":""},"categories":[4],"tags":[1188,923,130],"ppma_author":[2567],"class_list":["post-36206","post","type-post","status-publish","format-standard","has-post-thumbnail","hentry","category-analyses-economiques","tag-bourse","tag-crise","tag-crise-economique"],"yoast_head":"<!-- This site is optimized with the Yoast SEO plugin v27.5 - https:\/\/yoast.com\/product\/yoast-seo-wordpress\/ -->\n<title>Devons-nous nous pr\u00e9parer \u00e0 une crise financi\u00e8re sans pr\u00e9c\u00e9dent ?<\/title>\n<meta name=\"description\" content=\"Devons-nous nous pr\u00e9parer \u00e0 une crise financi\u00e8re sans pr\u00e9c\u00e9dent ? Une r\u00e9cession d\u2019ampleur in\u00e9dite depuis la seconde guerre mondiale\" \/>\n<meta name=\"robots\" content=\"index, follow, max-snippet:-1, max-image-preview:large, max-video-preview:-1\" \/>\n<link rel=\"canonical\" href=\"https:\/\/www.gold.fr\/news\/2020\/03\/23\/devons-nous-nous-preparer-a-une-crise-financiere-sans-precedent\/\" \/>\n<meta property=\"og:locale\" content=\"fr_FR\" \/>\n<meta property=\"og:type\" content=\"article\" \/>\n<meta property=\"og:title\" content=\"Devons-nous nous pr\u00e9parer \u00e0 une crise financi\u00e8re sans pr\u00e9c\u00e9dent ?\" \/>\n<meta property=\"og:description\" content=\"Devons-nous nous pr\u00e9parer \u00e0 une crise financi\u00e8re sans pr\u00e9c\u00e9dent ? Une r\u00e9cession d\u2019ampleur in\u00e9dite depuis la seconde guerre mondiale\" \/>\n<meta property=\"og:url\" content=\"https:\/\/www.gold.fr\/news\/2020\/03\/23\/devons-nous-nous-preparer-a-une-crise-financiere-sans-precedent\/\" \/>\n<meta property=\"og:site_name\" content=\"Gold.fr\" \/>\n<meta property=\"article:publisher\" content=\"https:\/\/www.facebook.com\/Goldfr\/\" \/>\n<meta property=\"article:published_time\" content=\"2020-03-23T10:11:09+00:00\" \/>\n<meta property=\"article:modified_time\" content=\"2021-02-03T16:37:24+00:00\" \/>\n<meta property=\"og:image\" content=\"https:\/\/www.gold.fr\/news\/wp-content\/uploads\/2020\/03\/crise-financiere-sans-precedent.jpg\" \/>\n\t<meta property=\"og:image:width\" content=\"800\" \/>\n\t<meta property=\"og:image:height\" content=\"533\" \/>\n\t<meta property=\"og:image:type\" content=\"image\/jpeg\" \/>\n<meta name=\"author\" content=\"Laurent Schwartz\" \/>\n<meta name=\"twitter:card\" content=\"summary_large_image\" \/>\n<meta name=\"twitter:label1\" content=\"\u00c9crit par\" \/>\n\t<meta name=\"twitter:data1\" content=\"Laurent Schwartz\" \/>\n\t<meta name=\"twitter:label2\" content=\"Dur\u00e9e de lecture estim\u00e9e\" \/>\n\t<meta name=\"twitter:data2\" content=\"5 minutes\" \/>\n<script type=\"application\/ld+json\" class=\"yoast-schema-graph\">{\"@context\":\"https:\\\/\\\/schema.org\",\"@graph\":[{\"@type\":\"Article\",\"@id\":\"https:\\\/\\\/www.gold.fr\\\/news\\\/2020\\\/03\\\/23\\\/devons-nous-nous-preparer-a-une-crise-financiere-sans-precedent\\\/#article\",\"isPartOf\":{\"@id\":\"https:\\\/\\\/www.gold.fr\\\/news\\\/2020\\\/03\\\/23\\\/devons-nous-nous-preparer-a-une-crise-financiere-sans-precedent\\\/\"},\"author\":{\"name\":\"Laurent Schwartz\",\"@id\":\"https:\\\/\\\/www.gold.fr\\\/news\\\/#\\\/schema\\\/person\\\/4ed91d9a70d8f3a313c26e8308214fc2\"},\"headline\":\"Devons-nous nous pr\u00e9parer \u00e0 une crise financi\u00e8re sans pr\u00e9c\u00e9dent ?\",\"datePublished\":\"2020-03-23T10:11:09+00:00\",\"dateModified\":\"2021-02-03T16:37:24+00:00\",\"mainEntityOfPage\":{\"@id\":\"https:\\\/\\\/www.gold.fr\\\/news\\\/2020\\\/03\\\/23\\\/devons-nous-nous-preparer-a-une-crise-financiere-sans-precedent\\\/\"},\"wordCount\":1107,\"image\":{\"@id\":\"https:\\\/\\\/www.gold.fr\\\/news\\\/2020\\\/03\\\/23\\\/devons-nous-nous-preparer-a-une-crise-financiere-sans-precedent\\\/#primaryimage\"},\"thumbnailUrl\":\"https:\\\/\\\/www.gold.fr\\\/news\\\/wp-content\\\/uploads\\\/2020\\\/03\\\/crise-financiere-sans-precedent.jpg\",\"keywords\":[\"bourse\",\"crise\",\"crise \u00e9conomique\"],\"articleSection\":[\"Analyses Economiques\"],\"inLanguage\":\"fr-FR\"},{\"@type\":\"WebPage\",\"@id\":\"https:\\\/\\\/www.gold.fr\\\/news\\\/2020\\\/03\\\/23\\\/devons-nous-nous-preparer-a-une-crise-financiere-sans-precedent\\\/\",\"url\":\"https:\\\/\\\/www.gold.fr\\\/news\\\/2020\\\/03\\\/23\\\/devons-nous-nous-preparer-a-une-crise-financiere-sans-precedent\\\/\",\"name\":\"Devons-nous nous pr\u00e9parer \u00e0 une crise financi\u00e8re sans pr\u00e9c\u00e9dent ?\",\"isPartOf\":{\"@id\":\"https:\\\/\\\/www.gold.fr\\\/news\\\/#website\"},\"primaryImageOfPage\":{\"@id\":\"https:\\\/\\\/www.gold.fr\\\/news\\\/2020\\\/03\\\/23\\\/devons-nous-nous-preparer-a-une-crise-financiere-sans-precedent\\\/#primaryimage\"},\"image\":{\"@id\":\"https:\\\/\\\/www.gold.fr\\\/news\\\/2020\\\/03\\\/23\\\/devons-nous-nous-preparer-a-une-crise-financiere-sans-precedent\\\/#primaryimage\"},\"thumbnailUrl\":\"https:\\\/\\\/www.gold.fr\\\/news\\\/wp-content\\\/uploads\\\/2020\\\/03\\\/crise-financiere-sans-precedent.jpg\",\"datePublished\":\"2020-03-23T10:11:09+00:00\",\"dateModified\":\"2021-02-03T16:37:24+00:00\",\"author\":{\"@id\":\"https:\\\/\\\/www.gold.fr\\\/news\\\/#\\\/schema\\\/person\\\/4ed91d9a70d8f3a313c26e8308214fc2\"},\"description\":\"Devons-nous nous pr\u00e9parer \u00e0 une crise financi\u00e8re sans pr\u00e9c\u00e9dent ? Une r\u00e9cession d\u2019ampleur in\u00e9dite depuis la seconde guerre mondiale\",\"breadcrumb\":{\"@id\":\"https:\\\/\\\/www.gold.fr\\\/news\\\/2020\\\/03\\\/23\\\/devons-nous-nous-preparer-a-une-crise-financiere-sans-precedent\\\/#breadcrumb\"},\"inLanguage\":\"fr-FR\",\"potentialAction\":[{\"@type\":\"ReadAction\",\"target\":[\"https:\\\/\\\/www.gold.fr\\\/news\\\/2020\\\/03\\\/23\\\/devons-nous-nous-preparer-a-une-crise-financiere-sans-precedent\\\/\"]}]},{\"@type\":\"ImageObject\",\"inLanguage\":\"fr-FR\",\"@id\":\"https:\\\/\\\/www.gold.fr\\\/news\\\/2020\\\/03\\\/23\\\/devons-nous-nous-preparer-a-une-crise-financiere-sans-precedent\\\/#primaryimage\",\"url\":\"https:\\\/\\\/www.gold.fr\\\/news\\\/wp-content\\\/uploads\\\/2020\\\/03\\\/crise-financiere-sans-precedent.jpg\",\"contentUrl\":\"https:\\\/\\\/www.gold.fr\\\/news\\\/wp-content\\\/uploads\\\/2020\\\/03\\\/crise-financiere-sans-precedent.jpg\",\"width\":800,\"height\":533,\"caption\":\"Crise financi\u00e8re sans pr\u00e9c\u00e9dent\"},{\"@type\":\"BreadcrumbList\",\"@id\":\"https:\\\/\\\/www.gold.fr\\\/news\\\/2020\\\/03\\\/23\\\/devons-nous-nous-preparer-a-une-crise-financiere-sans-precedent\\\/#breadcrumb\",\"itemListElement\":[{\"@type\":\"ListItem\",\"position\":1,\"name\":\"Accueil\",\"item\":\"https:\\\/\\\/www.gold.fr\\\/\"},{\"@type\":\"ListItem\",\"position\":2,\"name\":\"Actualit\u00e9s\",\"item\":\"https:\\\/\\\/www.gold.fr\\\/news\\\/\"},{\"@type\":\"ListItem\",\"position\":3,\"name\":\"Devons-nous nous pr\u00e9parer \u00e0 une crise financi\u00e8re sans pr\u00e9c\u00e9dent ?\"}]},{\"@type\":\"WebSite\",\"@id\":\"https:\\\/\\\/www.gold.fr\\\/news\\\/#website\",\"url\":\"https:\\\/\\\/www.gold.fr\\\/news\\\/\",\"name\":\"Gold.fr\",\"description\":\"Actualit\u00e9s de l&#039;Or et des m\u00e9taux pr\u00e9cieux\",\"potentialAction\":[{\"@type\":\"SearchAction\",\"target\":{\"@type\":\"EntryPoint\",\"urlTemplate\":\"https:\\\/\\\/www.gold.fr\\\/news\\\/?s={search_term_string}\"},\"query-input\":{\"@type\":\"PropertyValueSpecification\",\"valueRequired\":true,\"valueName\":\"search_term_string\"}}],\"inLanguage\":\"fr-FR\"},{\"@type\":\"Person\",\"@id\":\"https:\\\/\\\/www.gold.fr\\\/news\\\/#\\\/schema\\\/person\\\/4ed91d9a70d8f3a313c26e8308214fc2\",\"name\":\"Laurent Schwartz\",\"image\":{\"@type\":\"ImageObject\",\"inLanguage\":\"fr-FR\",\"@id\":\"https:\\\/\\\/secure.gravatar.com\\\/avatar\\\/1496f846049365121827f5470219486f1a95f83957cc8ca0a9595e40c185f5ee?s=96&d=mm&r=g76f0e87c9ba82a161860a0fc16990d85\",\"url\":\"https:\\\/\\\/secure.gravatar.com\\\/avatar\\\/1496f846049365121827f5470219486f1a95f83957cc8ca0a9595e40c185f5ee?s=96&d=mm&r=g\",\"contentUrl\":\"https:\\\/\\\/secure.gravatar.com\\\/avatar\\\/1496f846049365121827f5470219486f1a95f83957cc8ca0a9595e40c185f5ee?s=96&d=mm&r=g\",\"caption\":\"Laurent Schwartz\"},\"description\":\"Dipl\u00f4m\u00e9 de l\u2019EDHEC Business School en 2005, Laurent SCHWARTZ int\u00e8gre le cabinet d\u2019audit ERNST &amp; YOUNG en 2005 o\u00f9 il travaille pendant 4 ans. Parall\u00e8lement, il travaille au sein de l\u2019entreprise familiale cr\u00e9\u00e9e en 1976 \u00e0 Strasbourg. Fort de cette exp\u00e9rience et du savoir-faire d\u00e9velopp\u00e9 durant ces 40 derni\u00e8res ann\u00e9es, Laurent proc\u00e8de \u00e0 la refonte du site Internet Gold.fr d\u00e9di\u00e9 \u00e0 l\u2019achat d'or, vente d\u2019or (pi\u00e8ces, lingots, ...), achat or et argent,... qui conna\u00eetra un franc succ\u00e8s d\u00e8s son d\u00e9marrage en 2008. Il d\u00e9cide alors de d\u00e9velopper un r\u00e9seau de concessions exclusives: Le Comptoir National de l\u2019Or. Il assure d\u00e9sormais le pilotage strat\u00e9gique du 1er r\u00e9seau de France qui compte aujourd\u2019hui pas loin de 60 agences r\u00e9parties dans toute la France et depuis peu en Allemagne (Breisach). Le Comptoir National de l\u2019Or se positionne aujourd\u2019hui comme le leader incontournable sur le march\u00e9 de l\u2019Or et des m\u00e9taux pr\u00e9cieux en France.\",\"sameAs\":[\"https:\\\/\\\/www.gold.fr\",\"https:\\\/\\\/www.linkedin.com\\\/in\\\/acheteror\\\/\"]}]}<\/script>\n<!-- \/ Yoast SEO plugin. -->","yoast_head_json":{"title":"Devons-nous nous pr\u00e9parer \u00e0 une crise financi\u00e8re sans pr\u00e9c\u00e9dent ?","description":"Devons-nous nous pr\u00e9parer \u00e0 une crise financi\u00e8re sans pr\u00e9c\u00e9dent ? Une r\u00e9cession d\u2019ampleur in\u00e9dite depuis la seconde guerre mondiale","robots":{"index":"index","follow":"follow","max-snippet":"max-snippet:-1","max-image-preview":"max-image-preview:large","max-video-preview":"max-video-preview:-1"},"canonical":"https:\/\/www.gold.fr\/news\/2020\/03\/23\/devons-nous-nous-preparer-a-une-crise-financiere-sans-precedent\/","og_locale":"fr_FR","og_type":"article","og_title":"Devons-nous nous pr\u00e9parer \u00e0 une crise financi\u00e8re sans pr\u00e9c\u00e9dent ?","og_description":"Devons-nous nous pr\u00e9parer \u00e0 une crise financi\u00e8re sans pr\u00e9c\u00e9dent ? Une r\u00e9cession d\u2019ampleur in\u00e9dite depuis la seconde guerre mondiale","og_url":"https:\/\/www.gold.fr\/news\/2020\/03\/23\/devons-nous-nous-preparer-a-une-crise-financiere-sans-precedent\/","og_site_name":"Gold.fr","article_publisher":"https:\/\/www.facebook.com\/Goldfr\/","article_published_time":"2020-03-23T10:11:09+00:00","article_modified_time":"2021-02-03T16:37:24+00:00","og_image":[{"width":800,"height":533,"url":"https:\/\/www.gold.fr\/news\/wp-content\/uploads\/2020\/03\/crise-financiere-sans-precedent.jpg","type":"image\/jpeg"}],"author":"Laurent Schwartz","twitter_card":"summary_large_image","twitter_misc":{"\u00c9crit par":"Laurent Schwartz","Dur\u00e9e de lecture estim\u00e9e":"5 minutes"},"schema":{"@context":"https:\/\/schema.org","@graph":[{"@type":"Article","@id":"https:\/\/www.gold.fr\/news\/2020\/03\/23\/devons-nous-nous-preparer-a-une-crise-financiere-sans-precedent\/#article","isPartOf":{"@id":"https:\/\/www.gold.fr\/news\/2020\/03\/23\/devons-nous-nous-preparer-a-une-crise-financiere-sans-precedent\/"},"author":{"name":"Laurent Schwartz","@id":"https:\/\/www.gold.fr\/news\/#\/schema\/person\/4ed91d9a70d8f3a313c26e8308214fc2"},"headline":"Devons-nous nous pr\u00e9parer \u00e0 une crise financi\u00e8re sans pr\u00e9c\u00e9dent ?","datePublished":"2020-03-23T10:11:09+00:00","dateModified":"2021-02-03T16:37:24+00:00","mainEntityOfPage":{"@id":"https:\/\/www.gold.fr\/news\/2020\/03\/23\/devons-nous-nous-preparer-a-une-crise-financiere-sans-precedent\/"},"wordCount":1107,"image":{"@id":"https:\/\/www.gold.fr\/news\/2020\/03\/23\/devons-nous-nous-preparer-a-une-crise-financiere-sans-precedent\/#primaryimage"},"thumbnailUrl":"https:\/\/www.gold.fr\/news\/wp-content\/uploads\/2020\/03\/crise-financiere-sans-precedent.jpg","keywords":["bourse","crise","crise \u00e9conomique"],"articleSection":["Analyses Economiques"],"inLanguage":"fr-FR"},{"@type":"WebPage","@id":"https:\/\/www.gold.fr\/news\/2020\/03\/23\/devons-nous-nous-preparer-a-une-crise-financiere-sans-precedent\/","url":"https:\/\/www.gold.fr\/news\/2020\/03\/23\/devons-nous-nous-preparer-a-une-crise-financiere-sans-precedent\/","name":"Devons-nous nous pr\u00e9parer \u00e0 une crise financi\u00e8re sans pr\u00e9c\u00e9dent ?","isPartOf":{"@id":"https:\/\/www.gold.fr\/news\/#website"},"primaryImageOfPage":{"@id":"https:\/\/www.gold.fr\/news\/2020\/03\/23\/devons-nous-nous-preparer-a-une-crise-financiere-sans-precedent\/#primaryimage"},"image":{"@id":"https:\/\/www.gold.fr\/news\/2020\/03\/23\/devons-nous-nous-preparer-a-une-crise-financiere-sans-precedent\/#primaryimage"},"thumbnailUrl":"https:\/\/www.gold.fr\/news\/wp-content\/uploads\/2020\/03\/crise-financiere-sans-precedent.jpg","datePublished":"2020-03-23T10:11:09+00:00","dateModified":"2021-02-03T16:37:24+00:00","author":{"@id":"https:\/\/www.gold.fr\/news\/#\/schema\/person\/4ed91d9a70d8f3a313c26e8308214fc2"},"description":"Devons-nous nous pr\u00e9parer \u00e0 une crise financi\u00e8re sans pr\u00e9c\u00e9dent ? Une r\u00e9cession d\u2019ampleur in\u00e9dite depuis la seconde guerre mondiale","breadcrumb":{"@id":"https:\/\/www.gold.fr\/news\/2020\/03\/23\/devons-nous-nous-preparer-a-une-crise-financiere-sans-precedent\/#breadcrumb"},"inLanguage":"fr-FR","potentialAction":[{"@type":"ReadAction","target":["https:\/\/www.gold.fr\/news\/2020\/03\/23\/devons-nous-nous-preparer-a-une-crise-financiere-sans-precedent\/"]}]},{"@type":"ImageObject","inLanguage":"fr-FR","@id":"https:\/\/www.gold.fr\/news\/2020\/03\/23\/devons-nous-nous-preparer-a-une-crise-financiere-sans-precedent\/#primaryimage","url":"https:\/\/www.gold.fr\/news\/wp-content\/uploads\/2020\/03\/crise-financiere-sans-precedent.jpg","contentUrl":"https:\/\/www.gold.fr\/news\/wp-content\/uploads\/2020\/03\/crise-financiere-sans-precedent.jpg","width":800,"height":533,"caption":"Crise financi\u00e8re sans pr\u00e9c\u00e9dent"},{"@type":"BreadcrumbList","@id":"https:\/\/www.gold.fr\/news\/2020\/03\/23\/devons-nous-nous-preparer-a-une-crise-financiere-sans-precedent\/#breadcrumb","itemListElement":[{"@type":"ListItem","position":1,"name":"Accueil","item":"https:\/\/www.gold.fr\/"},{"@type":"ListItem","position":2,"name":"Actualit\u00e9s","item":"https:\/\/www.gold.fr\/news\/"},{"@type":"ListItem","position":3,"name":"Devons-nous nous pr\u00e9parer \u00e0 une crise financi\u00e8re sans pr\u00e9c\u00e9dent ?"}]},{"@type":"WebSite","@id":"https:\/\/www.gold.fr\/news\/#website","url":"https:\/\/www.gold.fr\/news\/","name":"Gold.fr","description":"Actualit\u00e9s de l&#039;Or et des m\u00e9taux pr\u00e9cieux","potentialAction":[{"@type":"SearchAction","target":{"@type":"EntryPoint","urlTemplate":"https:\/\/www.gold.fr\/news\/?s={search_term_string}"},"query-input":{"@type":"PropertyValueSpecification","valueRequired":true,"valueName":"search_term_string"}}],"inLanguage":"fr-FR"},{"@type":"Person","@id":"https:\/\/www.gold.fr\/news\/#\/schema\/person\/4ed91d9a70d8f3a313c26e8308214fc2","name":"Laurent Schwartz","image":{"@type":"ImageObject","inLanguage":"fr-FR","@id":"https:\/\/secure.gravatar.com\/avatar\/1496f846049365121827f5470219486f1a95f83957cc8ca0a9595e40c185f5ee?s=96&d=mm&r=g76f0e87c9ba82a161860a0fc16990d85","url":"https:\/\/secure.gravatar.com\/avatar\/1496f846049365121827f5470219486f1a95f83957cc8ca0a9595e40c185f5ee?s=96&d=mm&r=g","contentUrl":"https:\/\/secure.gravatar.com\/avatar\/1496f846049365121827f5470219486f1a95f83957cc8ca0a9595e40c185f5ee?s=96&d=mm&r=g","caption":"Laurent Schwartz"},"description":"Dipl\u00f4m\u00e9 de l\u2019EDHEC Business School en 2005, Laurent SCHWARTZ int\u00e8gre le cabinet d\u2019audit ERNST &amp; YOUNG en 2005 o\u00f9 il travaille pendant 4 ans. Parall\u00e8lement, il travaille au sein de l\u2019entreprise familiale cr\u00e9\u00e9e en 1976 \u00e0 Strasbourg. Fort de cette exp\u00e9rience et du savoir-faire d\u00e9velopp\u00e9 durant ces 40 derni\u00e8res ann\u00e9es, Laurent proc\u00e8de \u00e0 la refonte du site Internet Gold.fr d\u00e9di\u00e9 \u00e0 l\u2019achat d'or, vente d\u2019or (pi\u00e8ces, lingots, ...), achat or et argent,... qui conna\u00eetra un franc succ\u00e8s d\u00e8s son d\u00e9marrage en 2008. Il d\u00e9cide alors de d\u00e9velopper un r\u00e9seau de concessions exclusives: Le Comptoir National de l\u2019Or. Il assure d\u00e9sormais le pilotage strat\u00e9gique du 1er r\u00e9seau de France qui compte aujourd\u2019hui pas loin de 60 agences r\u00e9parties dans toute la France et depuis peu en Allemagne (Breisach). Le Comptoir National de l\u2019Or se positionne aujourd\u2019hui comme le leader incontournable sur le march\u00e9 de l\u2019Or et des m\u00e9taux pr\u00e9cieux en France.","sameAs":["https:\/\/www.gold.fr","https:\/\/www.linkedin.com\/in\/acheteror\/"]}]}},"authors":[{"term_id":2567,"user_id":6,"is_guest":0,"slug":"laurent","display_name":"Laurent Schwartz","avatar_url":"https:\/\/secure.gravatar.com\/avatar\/1496f846049365121827f5470219486f1a95f83957cc8ca0a9595e40c185f5ee?s=96&d=mm&r=g","0":null,"1":"","2":"","3":"","4":"","5":"","6":"","7":"","8":""}],"_links":{"self":[{"href":"https:\/\/www.gold.fr\/news\/wp-json\/wp\/v2\/posts\/36206","targetHints":{"allow":["GET"]}}],"collection":[{"href":"https:\/\/www.gold.fr\/news\/wp-json\/wp\/v2\/posts"}],"about":[{"href":"https:\/\/www.gold.fr\/news\/wp-json\/wp\/v2\/types\/post"}],"author":[{"embeddable":true,"href":"https:\/\/www.gold.fr\/news\/wp-json\/wp\/v2\/users\/6"}],"replies":[{"embeddable":true,"href":"https:\/\/www.gold.fr\/news\/wp-json\/wp\/v2\/comments?post=36206"}],"version-history":[{"count":0,"href":"https:\/\/www.gold.fr\/news\/wp-json\/wp\/v2\/posts\/36206\/revisions"}],"wp:featuredmedia":[{"embeddable":true,"href":"https:\/\/www.gold.fr\/news\/wp-json\/wp\/v2\/media\/36207"}],"wp:attachment":[{"href":"https:\/\/www.gold.fr\/news\/wp-json\/wp\/v2\/media?parent=36206"}],"wp:term":[{"taxonomy":"category","embeddable":true,"href":"https:\/\/www.gold.fr\/news\/wp-json\/wp\/v2\/categories?post=36206"},{"taxonomy":"post_tag","embeddable":true,"href":"https:\/\/www.gold.fr\/news\/wp-json\/wp\/v2\/tags?post=36206"},{"taxonomy":"author","embeddable":true,"href":"https:\/\/www.gold.fr\/news\/wp-json\/wp\/v2\/ppma_author?post=36206"}],"curies":[{"name":"wp","href":"https:\/\/api.w.org\/{rel}","templated":true}]}}