{"id":36147,"date":"2020-03-10T12:51:20","date_gmt":"2020-03-10T11:51:20","guid":{"rendered":"https:\/\/www.gold.fr\/news\/?p=36147"},"modified":"2021-02-03T17:37:44","modified_gmt":"2021-02-03T16:37:44","slug":"questions-sur-lor-apres-le-lundi-noir-des-marches-partie-2","status":"publish","type":"post","link":"https:\/\/www.gold.fr\/news\/2020\/03\/10\/questions-sur-lor-apres-le-lundi-noir-des-marches-partie-2\/","title":{"rendered":"Questions sur l\u2019or apr\u00e8s le lundi noir des march\u00e9s (Partie 2)"},"content":{"rendered":"<p>Suite \u00e0 l&rsquo;<a href=\"https:\/\/www.gold.fr\/news\/2020\/03\/10\/questions-sur-lor-apres-le-lundi-noir-des-marches-partie-1\/\">article pr\u00e9c\u00e9dent<\/a>, on a d\u00e9j\u00e0 r\u00e9pondu \u00e0 3 questions au sujet de l&rsquo;or suite au dernier lundi noir qui a eu lieu le lundi 9 mars 2020. Voici la suite des questions que vous vous posez probablement.  <\/p>\n<h3><strong>L\u2019or aussi peut-il corriger\u00a0?<\/strong><\/h3>\n<p>  Lors de tels \u00e9pisodes de panique, la volatilit\u00e9 de tous les actifs a tendance a augmenter, et l\u2019or ne fait pas exception. Cela signifie que les fortes variations deviennent plus probables. Dans un tel climat, il est possible que le cours du m\u00e9tal jaune corrige sous l\u2019effet de prise de b\u00e9n\u00e9fices, comme il l\u2019a fait en fin de mois de f\u00e9vrier. A ce titre, la cl\u00f4ture trimestrielle de fin mars est \u00e9galement une \u00e9ch\u00e9ance \u00e0 surveiller. Mais le m\u00e9tal jaune pourrait \u00e9galement corriger si des nouvelles rassurantes ou des scenarii plus clairs venaient dissiper l\u2019incertitude ambiante, en particulier quant \u00e0 l\u2019impact \u00e9conomique de l\u2019\u00e9pid\u00e9mie. Un fort rebond des actions pourrait \u00e9galement p\u00e9naliser le m\u00e9tal jaune qui est n\u00e9gativement corr\u00e9l\u00e9 aux indices boursiers.  <\/p>\n<h3><strong>Qu\u2019est-ce qui pourrait faire encore monter le cours\u00a0?<\/strong><\/h3>\n<p>  La plupart des pr\u00e9visions pour le m\u00e9tal jaune sont positives et elles ont \u00e9t\u00e9 r\u00e9affirm\u00e9es hier. Goldman Sachs, UBS, et d\u2019autres banques d\u2019investissement tablent sur une hausse du cours. L\u2019or est un actif qui se comporte g\u00e9n\u00e9ralement bien en p\u00e9riode de taux bas et de relance mon\u00e9taire. De ce point de vue, la baisse des taux de la Fed la semaine derni\u00e8re et ses injections de liquidit\u00e9 (150 milliards de dollars) sont de nature \u00e0 soutenir le cours. D\u2019autres mesures de m\u00eame nature pourraient encore \u00eatre annonc\u00e9es. Au-del\u00e0 des variables \u00e9conomiques, l\u2019or a tendance \u00e0 profiter des situations mal anticip\u00e9es, dont les scenarii sont mal connus et dont l\u2019impact financier est potentiellement colossal. Nul doute que si l\u2019incertitude se prolongeait, ou si la crise se propageait \u00e0 la sph\u00e8re financi\u00e8re par des faillites, l\u2019or devrait bien se comporter relativement aux autres actifs. Enfin l\u2019or est \u00e9galement un refuge contre l\u2019incertitude politique, et si la gestion de la crise sanitaire du coronavirus venait \u00e0 \u00e9branler des gouvernements ou nuire \u00e0 l\u2019ordre public, le m\u00e9tal jaune pourrait se r\u00e9v\u00e9ler un bon protecteur.  <\/p>\n<h3><strong>Quel est l\u2019impact du crash du p\u00e9trole\u00a0pour l\u2019or ?<\/strong><\/h3>\n<p>  Il n\u2019y a pas de lien direct entre les <a href=\"https:\/\/www.gold.fr\/cours-or-prix-de-l-or\/\">cours de l\u2019or<\/a> et ceux du p\u00e9trole, mais il peut y avoir des cons\u00e9quences indirectes \u00e0 moyen terme, notamment en raison des r\u00e9percutions g\u00e9opolitiques d\u2019un tel plongeon du baril. On pense \u00e0 certains pays sensibles, notamment la Russie, qui a vu le rouble s\u2019effondrer de plus de 10% hier, en raison du poids consid\u00e9rable du secteur p\u00e9trolier dans son \u00e9conomie. Nul doute que la baisse actuelle n\u2019aide pas non plus l\u2019Iran, d\u00e9j\u00e0 en proie \u00e0 une \u00e9pid\u00e9mie s\u00e9v\u00e8re\u2026 L\u2019inqui\u00e9tude se tourne aussi vers les producteurs am\u00e9ricains de p\u00e9trole de schiste, qui vont \u00eatre s\u00e9v\u00e8rement impact\u00e9s si le cours du brut ne se redresse pas rapidement. Des faillites en chaine sont \u00e0 craindre, et avec elles le risque d\u2019une propagation de la crise \u00e0 la sph\u00e8re financi\u00e8re.<\/p>\n<!-- AddThis Advanced Settings generic via filter on the_content --><!-- AddThis Share Buttons generic via filter on the_content -->","protected":false},"excerpt":{"rendered":"<p>Suite \u00e0 l&rsquo;article pr\u00e9c\u00e9dent, on a d\u00e9j\u00e0 r\u00e9pondu \u00e0 3 questions au sujet de l&rsquo;or suite au dernier lundi noir qui a eu lieu le lundi 9 mars 2020. Voici la suite des questions que vous [&hellip;]<\/p>\n","protected":false},"author":6,"featured_media":36148,"comment_status":"closed","ping_status":"closed","sticky":false,"template":"","format":"standard","meta":{"_mbp_gutenberg_autopost":false,"_pgmb_is_evergreen":false,"_pgmb_ap_template_id":0,"footnotes":""},"categories":[4],"tags":[1188,923,76],"ppma_author":[2567],"class_list":["post-36147","post","type-post","status-publish","format-standard","has-post-thumbnail","hentry","category-analyses-economiques","tag-bourse","tag-crise","tag-or"],"yoast_head":"<!-- This site is optimized with the Yoast SEO plugin v27.5 - https:\/\/yoast.com\/product\/yoast-seo-wordpress\/ -->\n<title>Questions sur l\u2019or apr\u00e8s le lundi noir des march\u00e9s Situation de crise<\/title>\n<meta name=\"description\" content=\"Questions sur l\u2019or apr\u00e8s le lundi noir des march\u00e9s Situation de crise Quel est l\u2019impact du crash du p\u00e9trole pour l\u2019or ?\" \/>\n<meta name=\"robots\" content=\"index, follow, max-snippet:-1, max-image-preview:large, max-video-preview:-1\" \/>\n<link rel=\"canonical\" href=\"https:\/\/www.gold.fr\/news\/2020\/03\/10\/questions-sur-lor-apres-le-lundi-noir-des-marches-partie-2\/\" \/>\n<meta property=\"og:locale\" content=\"fr_FR\" \/>\n<meta property=\"og:type\" content=\"article\" \/>\n<meta property=\"og:title\" content=\"Questions sur l\u2019or apr\u00e8s le lundi noir des march\u00e9s Situation de crise\" \/>\n<meta property=\"og:description\" content=\"Questions sur l\u2019or apr\u00e8s le lundi noir des march\u00e9s Situation de crise Quel est l\u2019impact du crash du p\u00e9trole pour l\u2019or ?\" \/>\n<meta property=\"og:url\" content=\"https:\/\/www.gold.fr\/news\/2020\/03\/10\/questions-sur-lor-apres-le-lundi-noir-des-marches-partie-2\/\" \/>\n<meta property=\"og:site_name\" content=\"Gold.fr\" \/>\n<meta property=\"article:publisher\" content=\"https:\/\/www.facebook.com\/Goldfr\/\" \/>\n<meta property=\"article:published_time\" content=\"2020-03-10T11:51:20+00:00\" \/>\n<meta property=\"article:modified_time\" content=\"2021-02-03T16:37:44+00:00\" \/>\n<meta property=\"og:image\" content=\"https:\/\/www.gold.fr\/news\/wp-content\/uploads\/2020\/03\/6questions-parite2.jpg\" \/>\n\t<meta property=\"og:image:width\" content=\"800\" \/>\n\t<meta property=\"og:image:height\" content=\"533\" \/>\n\t<meta property=\"og:image:type\" content=\"image\/jpeg\" \/>\n<meta name=\"author\" content=\"Laurent Schwartz\" \/>\n<meta name=\"twitter:card\" content=\"summary_large_image\" \/>\n<meta name=\"twitter:label1\" content=\"\u00c9crit par\" \/>\n\t<meta name=\"twitter:data1\" content=\"Laurent Schwartz\" \/>\n\t<meta name=\"twitter:label2\" content=\"Dur\u00e9e de lecture estim\u00e9e\" \/>\n\t<meta name=\"twitter:data2\" content=\"3 minutes\" \/>\n<script type=\"application\/ld+json\" class=\"yoast-schema-graph\">{\"@context\":\"https:\\\/\\\/schema.org\",\"@graph\":[{\"@type\":\"Article\",\"@id\":\"https:\\\/\\\/www.gold.fr\\\/news\\\/2020\\\/03\\\/10\\\/questions-sur-lor-apres-le-lundi-noir-des-marches-partie-2\\\/#article\",\"isPartOf\":{\"@id\":\"https:\\\/\\\/www.gold.fr\\\/news\\\/2020\\\/03\\\/10\\\/questions-sur-lor-apres-le-lundi-noir-des-marches-partie-2\\\/\"},\"author\":{\"name\":\"Laurent Schwartz\",\"@id\":\"https:\\\/\\\/www.gold.fr\\\/news\\\/#\\\/schema\\\/person\\\/4ed91d9a70d8f3a313c26e8308214fc2\"},\"headline\":\"Questions sur l\u2019or apr\u00e8s le lundi noir des march\u00e9s (Partie 2)\",\"datePublished\":\"2020-03-10T11:51:20+00:00\",\"dateModified\":\"2021-02-03T16:37:44+00:00\",\"mainEntityOfPage\":{\"@id\":\"https:\\\/\\\/www.gold.fr\\\/news\\\/2020\\\/03\\\/10\\\/questions-sur-lor-apres-le-lundi-noir-des-marches-partie-2\\\/\"},\"wordCount\":574,\"image\":{\"@id\":\"https:\\\/\\\/www.gold.fr\\\/news\\\/2020\\\/03\\\/10\\\/questions-sur-lor-apres-le-lundi-noir-des-marches-partie-2\\\/#primaryimage\"},\"thumbnailUrl\":\"https:\\\/\\\/www.gold.fr\\\/news\\\/wp-content\\\/uploads\\\/2020\\\/03\\\/6questions-parite2.jpg\",\"keywords\":[\"bourse\",\"crise\",\"Or\"],\"articleSection\":[\"Analyses Economiques\"],\"inLanguage\":\"fr-FR\"},{\"@type\":\"WebPage\",\"@id\":\"https:\\\/\\\/www.gold.fr\\\/news\\\/2020\\\/03\\\/10\\\/questions-sur-lor-apres-le-lundi-noir-des-marches-partie-2\\\/\",\"url\":\"https:\\\/\\\/www.gold.fr\\\/news\\\/2020\\\/03\\\/10\\\/questions-sur-lor-apres-le-lundi-noir-des-marches-partie-2\\\/\",\"name\":\"Questions sur l\u2019or apr\u00e8s le lundi noir des march\u00e9s Situation de crise\",\"isPartOf\":{\"@id\":\"https:\\\/\\\/www.gold.fr\\\/news\\\/#website\"},\"primaryImageOfPage\":{\"@id\":\"https:\\\/\\\/www.gold.fr\\\/news\\\/2020\\\/03\\\/10\\\/questions-sur-lor-apres-le-lundi-noir-des-marches-partie-2\\\/#primaryimage\"},\"image\":{\"@id\":\"https:\\\/\\\/www.gold.fr\\\/news\\\/2020\\\/03\\\/10\\\/questions-sur-lor-apres-le-lundi-noir-des-marches-partie-2\\\/#primaryimage\"},\"thumbnailUrl\":\"https:\\\/\\\/www.gold.fr\\\/news\\\/wp-content\\\/uploads\\\/2020\\\/03\\\/6questions-parite2.jpg\",\"datePublished\":\"2020-03-10T11:51:20+00:00\",\"dateModified\":\"2021-02-03T16:37:44+00:00\",\"author\":{\"@id\":\"https:\\\/\\\/www.gold.fr\\\/news\\\/#\\\/schema\\\/person\\\/4ed91d9a70d8f3a313c26e8308214fc2\"},\"description\":\"Questions sur l\u2019or apr\u00e8s le lundi noir des march\u00e9s Situation de crise Quel est l\u2019impact du crash du p\u00e9trole pour l\u2019or ?\",\"breadcrumb\":{\"@id\":\"https:\\\/\\\/www.gold.fr\\\/news\\\/2020\\\/03\\\/10\\\/questions-sur-lor-apres-le-lundi-noir-des-marches-partie-2\\\/#breadcrumb\"},\"inLanguage\":\"fr-FR\",\"potentialAction\":[{\"@type\":\"ReadAction\",\"target\":[\"https:\\\/\\\/www.gold.fr\\\/news\\\/2020\\\/03\\\/10\\\/questions-sur-lor-apres-le-lundi-noir-des-marches-partie-2\\\/\"]}]},{\"@type\":\"ImageObject\",\"inLanguage\":\"fr-FR\",\"@id\":\"https:\\\/\\\/www.gold.fr\\\/news\\\/2020\\\/03\\\/10\\\/questions-sur-lor-apres-le-lundi-noir-des-marches-partie-2\\\/#primaryimage\",\"url\":\"https:\\\/\\\/www.gold.fr\\\/news\\\/wp-content\\\/uploads\\\/2020\\\/03\\\/6questions-parite2.jpg\",\"contentUrl\":\"https:\\\/\\\/www.gold.fr\\\/news\\\/wp-content\\\/uploads\\\/2020\\\/03\\\/6questions-parite2.jpg\",\"width\":800,\"height\":533,\"caption\":\"6 questions sur l\u2019or apr\u00e8s le lundi noir des march\u00e9s partie 2\"},{\"@type\":\"BreadcrumbList\",\"@id\":\"https:\\\/\\\/www.gold.fr\\\/news\\\/2020\\\/03\\\/10\\\/questions-sur-lor-apres-le-lundi-noir-des-marches-partie-2\\\/#breadcrumb\",\"itemListElement\":[{\"@type\":\"ListItem\",\"position\":1,\"name\":\"Accueil\",\"item\":\"https:\\\/\\\/www.gold.fr\\\/\"},{\"@type\":\"ListItem\",\"position\":2,\"name\":\"Actualit\u00e9s\",\"item\":\"https:\\\/\\\/www.gold.fr\\\/news\\\/\"},{\"@type\":\"ListItem\",\"position\":3,\"name\":\"Questions sur l\u2019or apr\u00e8s le lundi noir des march\u00e9s (Partie 2)\"}]},{\"@type\":\"WebSite\",\"@id\":\"https:\\\/\\\/www.gold.fr\\\/news\\\/#website\",\"url\":\"https:\\\/\\\/www.gold.fr\\\/news\\\/\",\"name\":\"Gold.fr\",\"description\":\"Actualit\u00e9s de l&#039;Or et des m\u00e9taux pr\u00e9cieux\",\"potentialAction\":[{\"@type\":\"SearchAction\",\"target\":{\"@type\":\"EntryPoint\",\"urlTemplate\":\"https:\\\/\\\/www.gold.fr\\\/news\\\/?s={search_term_string}\"},\"query-input\":{\"@type\":\"PropertyValueSpecification\",\"valueRequired\":true,\"valueName\":\"search_term_string\"}}],\"inLanguage\":\"fr-FR\"},{\"@type\":\"Person\",\"@id\":\"https:\\\/\\\/www.gold.fr\\\/news\\\/#\\\/schema\\\/person\\\/4ed91d9a70d8f3a313c26e8308214fc2\",\"name\":\"Laurent Schwartz\",\"image\":{\"@type\":\"ImageObject\",\"inLanguage\":\"fr-FR\",\"@id\":\"https:\\\/\\\/secure.gravatar.com\\\/avatar\\\/1496f846049365121827f5470219486f1a95f83957cc8ca0a9595e40c185f5ee?s=96&d=mm&r=g76f0e87c9ba82a161860a0fc16990d85\",\"url\":\"https:\\\/\\\/secure.gravatar.com\\\/avatar\\\/1496f846049365121827f5470219486f1a95f83957cc8ca0a9595e40c185f5ee?s=96&d=mm&r=g\",\"contentUrl\":\"https:\\\/\\\/secure.gravatar.com\\\/avatar\\\/1496f846049365121827f5470219486f1a95f83957cc8ca0a9595e40c185f5ee?s=96&d=mm&r=g\",\"caption\":\"Laurent Schwartz\"},\"description\":\"Dipl\u00f4m\u00e9 de l\u2019EDHEC Business School en 2005, Laurent SCHWARTZ int\u00e8gre le cabinet d\u2019audit ERNST &amp; YOUNG en 2005 o\u00f9 il travaille pendant 4 ans. Parall\u00e8lement, il travaille au sein de l\u2019entreprise familiale cr\u00e9\u00e9e en 1976 \u00e0 Strasbourg. Fort de cette exp\u00e9rience et du savoir-faire d\u00e9velopp\u00e9 durant ces 40 derni\u00e8res ann\u00e9es, Laurent proc\u00e8de \u00e0 la refonte du site Internet Gold.fr d\u00e9di\u00e9 \u00e0 l\u2019achat d'or, vente d\u2019or (pi\u00e8ces, lingots, ...), achat or et argent,... qui conna\u00eetra un franc succ\u00e8s d\u00e8s son d\u00e9marrage en 2008. Il d\u00e9cide alors de d\u00e9velopper un r\u00e9seau de concessions exclusives: Le Comptoir National de l\u2019Or. Il assure d\u00e9sormais le pilotage strat\u00e9gique du 1er r\u00e9seau de France qui compte aujourd\u2019hui pas loin de 60 agences r\u00e9parties dans toute la France et depuis peu en Allemagne (Breisach). Le Comptoir National de l\u2019Or se positionne aujourd\u2019hui comme le leader incontournable sur le march\u00e9 de l\u2019Or et des m\u00e9taux pr\u00e9cieux en France.\",\"sameAs\":[\"https:\\\/\\\/www.gold.fr\",\"https:\\\/\\\/www.linkedin.com\\\/in\\\/acheteror\\\/\"]}]}<\/script>\n<!-- \/ Yoast SEO plugin. -->","yoast_head_json":{"title":"Questions sur l\u2019or apr\u00e8s le lundi noir des march\u00e9s Situation de crise","description":"Questions sur l\u2019or apr\u00e8s le lundi noir des march\u00e9s Situation de crise Quel est l\u2019impact du crash du p\u00e9trole pour l\u2019or ?","robots":{"index":"index","follow":"follow","max-snippet":"max-snippet:-1","max-image-preview":"max-image-preview:large","max-video-preview":"max-video-preview:-1"},"canonical":"https:\/\/www.gold.fr\/news\/2020\/03\/10\/questions-sur-lor-apres-le-lundi-noir-des-marches-partie-2\/","og_locale":"fr_FR","og_type":"article","og_title":"Questions sur l\u2019or apr\u00e8s le lundi noir des march\u00e9s Situation de crise","og_description":"Questions sur l\u2019or apr\u00e8s le lundi noir des march\u00e9s Situation de crise Quel est l\u2019impact du crash du p\u00e9trole pour l\u2019or ?","og_url":"https:\/\/www.gold.fr\/news\/2020\/03\/10\/questions-sur-lor-apres-le-lundi-noir-des-marches-partie-2\/","og_site_name":"Gold.fr","article_publisher":"https:\/\/www.facebook.com\/Goldfr\/","article_published_time":"2020-03-10T11:51:20+00:00","article_modified_time":"2021-02-03T16:37:44+00:00","og_image":[{"width":800,"height":533,"url":"https:\/\/www.gold.fr\/news\/wp-content\/uploads\/2020\/03\/6questions-parite2.jpg","type":"image\/jpeg"}],"author":"Laurent Schwartz","twitter_card":"summary_large_image","twitter_misc":{"\u00c9crit par":"Laurent Schwartz","Dur\u00e9e de lecture estim\u00e9e":"3 minutes"},"schema":{"@context":"https:\/\/schema.org","@graph":[{"@type":"Article","@id":"https:\/\/www.gold.fr\/news\/2020\/03\/10\/questions-sur-lor-apres-le-lundi-noir-des-marches-partie-2\/#article","isPartOf":{"@id":"https:\/\/www.gold.fr\/news\/2020\/03\/10\/questions-sur-lor-apres-le-lundi-noir-des-marches-partie-2\/"},"author":{"name":"Laurent Schwartz","@id":"https:\/\/www.gold.fr\/news\/#\/schema\/person\/4ed91d9a70d8f3a313c26e8308214fc2"},"headline":"Questions sur l\u2019or apr\u00e8s le lundi noir des march\u00e9s (Partie 2)","datePublished":"2020-03-10T11:51:20+00:00","dateModified":"2021-02-03T16:37:44+00:00","mainEntityOfPage":{"@id":"https:\/\/www.gold.fr\/news\/2020\/03\/10\/questions-sur-lor-apres-le-lundi-noir-des-marches-partie-2\/"},"wordCount":574,"image":{"@id":"https:\/\/www.gold.fr\/news\/2020\/03\/10\/questions-sur-lor-apres-le-lundi-noir-des-marches-partie-2\/#primaryimage"},"thumbnailUrl":"https:\/\/www.gold.fr\/news\/wp-content\/uploads\/2020\/03\/6questions-parite2.jpg","keywords":["bourse","crise","Or"],"articleSection":["Analyses Economiques"],"inLanguage":"fr-FR"},{"@type":"WebPage","@id":"https:\/\/www.gold.fr\/news\/2020\/03\/10\/questions-sur-lor-apres-le-lundi-noir-des-marches-partie-2\/","url":"https:\/\/www.gold.fr\/news\/2020\/03\/10\/questions-sur-lor-apres-le-lundi-noir-des-marches-partie-2\/","name":"Questions sur l\u2019or apr\u00e8s le lundi noir des march\u00e9s Situation de crise","isPartOf":{"@id":"https:\/\/www.gold.fr\/news\/#website"},"primaryImageOfPage":{"@id":"https:\/\/www.gold.fr\/news\/2020\/03\/10\/questions-sur-lor-apres-le-lundi-noir-des-marches-partie-2\/#primaryimage"},"image":{"@id":"https:\/\/www.gold.fr\/news\/2020\/03\/10\/questions-sur-lor-apres-le-lundi-noir-des-marches-partie-2\/#primaryimage"},"thumbnailUrl":"https:\/\/www.gold.fr\/news\/wp-content\/uploads\/2020\/03\/6questions-parite2.jpg","datePublished":"2020-03-10T11:51:20+00:00","dateModified":"2021-02-03T16:37:44+00:00","author":{"@id":"https:\/\/www.gold.fr\/news\/#\/schema\/person\/4ed91d9a70d8f3a313c26e8308214fc2"},"description":"Questions sur l\u2019or apr\u00e8s le lundi noir des march\u00e9s Situation de crise Quel est l\u2019impact du crash du p\u00e9trole pour l\u2019or ?","breadcrumb":{"@id":"https:\/\/www.gold.fr\/news\/2020\/03\/10\/questions-sur-lor-apres-le-lundi-noir-des-marches-partie-2\/#breadcrumb"},"inLanguage":"fr-FR","potentialAction":[{"@type":"ReadAction","target":["https:\/\/www.gold.fr\/news\/2020\/03\/10\/questions-sur-lor-apres-le-lundi-noir-des-marches-partie-2\/"]}]},{"@type":"ImageObject","inLanguage":"fr-FR","@id":"https:\/\/www.gold.fr\/news\/2020\/03\/10\/questions-sur-lor-apres-le-lundi-noir-des-marches-partie-2\/#primaryimage","url":"https:\/\/www.gold.fr\/news\/wp-content\/uploads\/2020\/03\/6questions-parite2.jpg","contentUrl":"https:\/\/www.gold.fr\/news\/wp-content\/uploads\/2020\/03\/6questions-parite2.jpg","width":800,"height":533,"caption":"6 questions sur l\u2019or apr\u00e8s le lundi noir des march\u00e9s partie 2"},{"@type":"BreadcrumbList","@id":"https:\/\/www.gold.fr\/news\/2020\/03\/10\/questions-sur-lor-apres-le-lundi-noir-des-marches-partie-2\/#breadcrumb","itemListElement":[{"@type":"ListItem","position":1,"name":"Accueil","item":"https:\/\/www.gold.fr\/"},{"@type":"ListItem","position":2,"name":"Actualit\u00e9s","item":"https:\/\/www.gold.fr\/news\/"},{"@type":"ListItem","position":3,"name":"Questions sur l\u2019or apr\u00e8s le lundi noir des march\u00e9s (Partie 2)"}]},{"@type":"WebSite","@id":"https:\/\/www.gold.fr\/news\/#website","url":"https:\/\/www.gold.fr\/news\/","name":"Gold.fr","description":"Actualit\u00e9s de l&#039;Or et des m\u00e9taux pr\u00e9cieux","potentialAction":[{"@type":"SearchAction","target":{"@type":"EntryPoint","urlTemplate":"https:\/\/www.gold.fr\/news\/?s={search_term_string}"},"query-input":{"@type":"PropertyValueSpecification","valueRequired":true,"valueName":"search_term_string"}}],"inLanguage":"fr-FR"},{"@type":"Person","@id":"https:\/\/www.gold.fr\/news\/#\/schema\/person\/4ed91d9a70d8f3a313c26e8308214fc2","name":"Laurent Schwartz","image":{"@type":"ImageObject","inLanguage":"fr-FR","@id":"https:\/\/secure.gravatar.com\/avatar\/1496f846049365121827f5470219486f1a95f83957cc8ca0a9595e40c185f5ee?s=96&d=mm&r=g76f0e87c9ba82a161860a0fc16990d85","url":"https:\/\/secure.gravatar.com\/avatar\/1496f846049365121827f5470219486f1a95f83957cc8ca0a9595e40c185f5ee?s=96&d=mm&r=g","contentUrl":"https:\/\/secure.gravatar.com\/avatar\/1496f846049365121827f5470219486f1a95f83957cc8ca0a9595e40c185f5ee?s=96&d=mm&r=g","caption":"Laurent Schwartz"},"description":"Dipl\u00f4m\u00e9 de l\u2019EDHEC Business School en 2005, Laurent SCHWARTZ int\u00e8gre le cabinet d\u2019audit ERNST &amp; YOUNG en 2005 o\u00f9 il travaille pendant 4 ans. Parall\u00e8lement, il travaille au sein de l\u2019entreprise familiale cr\u00e9\u00e9e en 1976 \u00e0 Strasbourg. Fort de cette exp\u00e9rience et du savoir-faire d\u00e9velopp\u00e9 durant ces 40 derni\u00e8res ann\u00e9es, Laurent proc\u00e8de \u00e0 la refonte du site Internet Gold.fr d\u00e9di\u00e9 \u00e0 l\u2019achat d'or, vente d\u2019or (pi\u00e8ces, lingots, ...), achat or et argent,... qui conna\u00eetra un franc succ\u00e8s d\u00e8s son d\u00e9marrage en 2008. Il d\u00e9cide alors de d\u00e9velopper un r\u00e9seau de concessions exclusives: Le Comptoir National de l\u2019Or. Il assure d\u00e9sormais le pilotage strat\u00e9gique du 1er r\u00e9seau de France qui compte aujourd\u2019hui pas loin de 60 agences r\u00e9parties dans toute la France et depuis peu en Allemagne (Breisach). Le Comptoir National de l\u2019Or se positionne aujourd\u2019hui comme le leader incontournable sur le march\u00e9 de l\u2019Or et des m\u00e9taux pr\u00e9cieux en France.","sameAs":["https:\/\/www.gold.fr","https:\/\/www.linkedin.com\/in\/acheteror\/"]}]}},"authors":[{"term_id":2567,"user_id":6,"is_guest":0,"slug":"laurent","display_name":"Laurent Schwartz","avatar_url":"https:\/\/secure.gravatar.com\/avatar\/1496f846049365121827f5470219486f1a95f83957cc8ca0a9595e40c185f5ee?s=96&d=mm&r=g","0":null,"1":"","2":"","3":"","4":"","5":"","6":"","7":"","8":""}],"_links":{"self":[{"href":"https:\/\/www.gold.fr\/news\/wp-json\/wp\/v2\/posts\/36147","targetHints":{"allow":["GET"]}}],"collection":[{"href":"https:\/\/www.gold.fr\/news\/wp-json\/wp\/v2\/posts"}],"about":[{"href":"https:\/\/www.gold.fr\/news\/wp-json\/wp\/v2\/types\/post"}],"author":[{"embeddable":true,"href":"https:\/\/www.gold.fr\/news\/wp-json\/wp\/v2\/users\/6"}],"replies":[{"embeddable":true,"href":"https:\/\/www.gold.fr\/news\/wp-json\/wp\/v2\/comments?post=36147"}],"version-history":[{"count":0,"href":"https:\/\/www.gold.fr\/news\/wp-json\/wp\/v2\/posts\/36147\/revisions"}],"wp:featuredmedia":[{"embeddable":true,"href":"https:\/\/www.gold.fr\/news\/wp-json\/wp\/v2\/media\/36148"}],"wp:attachment":[{"href":"https:\/\/www.gold.fr\/news\/wp-json\/wp\/v2\/media?parent=36147"}],"wp:term":[{"taxonomy":"category","embeddable":true,"href":"https:\/\/www.gold.fr\/news\/wp-json\/wp\/v2\/categories?post=36147"},{"taxonomy":"post_tag","embeddable":true,"href":"https:\/\/www.gold.fr\/news\/wp-json\/wp\/v2\/tags?post=36147"},{"taxonomy":"author","embeddable":true,"href":"https:\/\/www.gold.fr\/news\/wp-json\/wp\/v2\/ppma_author?post=36147"}],"curies":[{"name":"wp","href":"https:\/\/api.w.org\/{rel}","templated":true}]}}