{"id":36140,"date":"2020-03-10T12:02:30","date_gmt":"2020-03-10T11:02:30","guid":{"rendered":"https:\/\/www.gold.fr\/news\/?p=36140"},"modified":"2021-01-11T13:58:20","modified_gmt":"2021-01-11T12:58:20","slug":"questions-sur-lor-apres-le-lundi-noir-des-marches-partie-1","status":"publish","type":"post","link":"https:\/\/www.gold.fr\/news\/2020\/03\/10\/questions-sur-lor-apres-le-lundi-noir-des-marches-partie-1\/","title":{"rendered":"Questions sur l\u2019or apr\u00e8s le lundi noir des march\u00e9s (Partie 1)"},"content":{"rendered":"<p>Ce lundi 9 mars 2020 fut un lundi noir sur les march\u00e9s. Le CAC 40 s\u2019est effondr\u00e9 de 8.4%, sa plus forte baisse quotidienne depuis la crise de 2008. La bourse am\u00e9ricaine a suspendu ses cotations 15 minutes pour permettre aux op\u00e9rateurs de reprendre leurs esprits avant de terminer en baisse de 7.6%. Et le baril de p\u00e9trole a perdu plus de 24% en s\u00e9ance. Au-del\u00e0 des analyses techniques et macro-\u00e9conomiques complexes, nous pensons que ces circonstances am\u00e8nent 6 questions simples \u00e0 propos du m\u00e9tal jaune. Voici les trois premi\u00e8res questions pour lesquelles nous allons vous apporter quelques r\u00e9ponses.<\/p>\n<h3><strong>L\u2019or s\u2019est-il comport\u00e9 en valeur refuge\u00a0?<\/strong><\/h3>\n<p>Oui le <a href=\"https:\/\/www.gold.fr\/cours-or-prix-de-l-or\/\">cours de l\u2019or<\/a> a bien r\u00e9sist\u00e9 ce lundi puisqu\u2019il cotait dans la soir\u00e9e \u00e0 New York environ 1680 dollars, soit une l\u00e9g\u00e8re progression de 0.4% par rapport \u00e0 la veille. Le cours a oscill\u00e9 toute la journ\u00e9e autour de sa valeur d\u2019\u00e9quilibre, avec une amplitude de l\u2019ordre de 2% environ, notamment \u00e0 la hausse lorsqu\u2019il a franchi en matin\u00e9e les 1700 dollars, un record depuis 2013. En euros, l\u2019or s\u2019est repli\u00e9 d\u2019environ 1.5% sur la journ\u00e9e en raison d\u2019une baisse \u00e9quivalente du dollar contre la monnaie unique. Depuis le d\u00e9but de l\u2019ann\u00e9e, l\u2019or s\u2019appr\u00e9cie d\u2019environ 8.5% en euros, et il est l\u2019un des rares actifs \u00e0 \u00eatre dans le vert. A titre de comparaison, le CAC 40 affiche lui un recul de plus de 21% en 2020.<\/p>\n<h3><strong>Dans le pass\u00e9, comment a r\u00e9agi l\u2019or au cours de journ\u00e9es noires comme hier\u00a0?<\/strong><\/h3>\n<p>Depuis le lancement de la monnaie unique, le CAC 40 a connu 24 journ\u00e9es de baisse de plus de 5%, la premi\u00e8re le 11 septembre 2001 suite aux attentats de New York, et la derni\u00e8re le 24 juin 2016, au lendemain du referendum sur le Brexit. Sur ces 24 journ\u00e9es, l\u2019or s\u2019est en moyenne appr\u00e9ci\u00e9 de 0.8%, avec 13 s\u00e9ances de hausse (d\u2019en moyenne 3%) et 11 s\u00e9ances de baisse (d\u2019en moyenne -1.8%). La r\u00e9action de l\u2019or hier, en l\u00e9g\u00e8re progression, est donc parfaitement normale.<\/p>\n<h3><strong>Les autres actifs refuges ont-ils fait mieux que l\u2019or\u00a0?<\/strong><\/h3>\n<p>Les obligations d\u2019\u00e9tats jug\u00e9s s\u00fbrs, ainsi que quelques devises refuge (yen et franc suisse) se sont bien comport\u00e9es en ce lundi noir. L\u2019obligation allemande \u00e0 10 ans, consid\u00e9r\u00e9e comme la plus s\u00fbre d\u2019Europe, s\u2019est appr\u00e9ci\u00e9 d\u2019environ 1% sur la journ\u00e9e, portant sa performance \u00e0 un peu moins de 5% en 2020. C\u2019est donc l\u00e9g\u00e8rement moins bien que le m\u00e9tal jaune. Le bitcoin, que certains consid\u00e8rent comme un actif refuge, n\u2019a pas r\u00e9pondu \u00e0 cette attente hier. La crypto-monnaie a perdu plus de 14% par rapport \u00e0 son cours de vendredi. M\u00eame si elle reste positive depuis le d\u00e9but de l\u2019ann\u00e9e, son cours est tr\u00e8s corr\u00e9l\u00e9 \u00e0 celui des actions. Dans la crise actuelle, le bitcoin est donc un mauvais diversifiant de portefeuille. \u00a0 <strong><em>Par la suite nous aborderons trois nouvelles questions au sujet de l&rsquo;or suite \u00e0 ce lundi noir des march\u00e9s.<\/em><\/strong><\/p>\n<!-- AddThis Advanced Settings generic via filter on the_content --><!-- AddThis Share Buttons generic via filter on the_content -->","protected":false},"excerpt":{"rendered":"<p>Ce lundi 9 mars 2020 fut un lundi noir sur les march\u00e9s. Le CAC 40 s\u2019est effondr\u00e9 de 8.4%, sa plus forte baisse quotidienne depuis la crise de 2008. La bourse am\u00e9ricaine a suspendu ses cotations [&hellip;]<\/p>\n","protected":false},"author":6,"featured_media":36141,"comment_status":"closed","ping_status":"closed","sticky":false,"template":"","format":"standard","meta":{"_mbp_gutenberg_autopost":false,"_pgmb_is_evergreen":false,"_pgmb_ap_template_id":0,"footnotes":""},"categories":[4],"tags":[1188,923,76],"ppma_author":[2567],"class_list":["post-36140","post","type-post","status-publish","format-standard","has-post-thumbnail","hentry","category-analyses-economiques","tag-bourse","tag-crise","tag-or"],"yoast_head":"<!-- This site is optimized with the Yoast SEO plugin v27.5 - https:\/\/yoast.com\/product\/yoast-seo-wordpress\/ -->\n<title>Questions sur l\u2019or apr\u00e8s le lundi noir des march\u00e9s R\u00e9actions ?<\/title>\n<meta name=\"description\" content=\"L\u2019or s\u2019est-il comport\u00e9 en valeur refuge ? Les autres actifs refuges ont-ils fait mieux que l\u2019or ? R\u00e9actions des investisseurs ?\" \/>\n<meta name=\"robots\" content=\"index, follow, max-snippet:-1, max-image-preview:large, max-video-preview:-1\" \/>\n<link rel=\"canonical\" href=\"https:\/\/www.gold.fr\/news\/2020\/03\/10\/questions-sur-lor-apres-le-lundi-noir-des-marches-partie-1\/\" \/>\n<meta property=\"og:locale\" content=\"fr_FR\" \/>\n<meta property=\"og:type\" content=\"article\" \/>\n<meta property=\"og:title\" content=\"Questions sur l\u2019or apr\u00e8s le lundi noir des march\u00e9s R\u00e9actions ?\" \/>\n<meta property=\"og:description\" content=\"L\u2019or s\u2019est-il comport\u00e9 en valeur refuge ? Les autres actifs refuges ont-ils fait mieux que l\u2019or ? R\u00e9actions des investisseurs ?\" \/>\n<meta property=\"og:url\" content=\"https:\/\/www.gold.fr\/news\/2020\/03\/10\/questions-sur-lor-apres-le-lundi-noir-des-marches-partie-1\/\" \/>\n<meta property=\"og:site_name\" content=\"Gold.fr\" \/>\n<meta property=\"article:publisher\" content=\"https:\/\/www.facebook.com\/Goldfr\/\" \/>\n<meta property=\"article:published_time\" content=\"2020-03-10T11:02:30+00:00\" \/>\n<meta property=\"article:modified_time\" content=\"2021-01-11T12:58:20+00:00\" \/>\n<meta property=\"og:image\" content=\"https:\/\/www.gold.fr\/news\/wp-content\/uploads\/2020\/03\/6questions.jpg\" \/>\n\t<meta property=\"og:image:width\" content=\"800\" \/>\n\t<meta property=\"og:image:height\" content=\"533\" \/>\n\t<meta property=\"og:image:type\" content=\"image\/jpeg\" \/>\n<meta name=\"author\" content=\"Laurent Schwartz\" \/>\n<meta name=\"twitter:card\" content=\"summary_large_image\" \/>\n<meta name=\"twitter:label1\" content=\"\u00c9crit par\" \/>\n\t<meta name=\"twitter:data1\" content=\"Laurent Schwartz\" \/>\n\t<meta name=\"twitter:label2\" content=\"Dur\u00e9e de lecture estim\u00e9e\" \/>\n\t<meta name=\"twitter:data2\" content=\"3 minutes\" \/>\n<script type=\"application\/ld+json\" class=\"yoast-schema-graph\">{\"@context\":\"https:\\\/\\\/schema.org\",\"@graph\":[{\"@type\":\"Article\",\"@id\":\"https:\\\/\\\/www.gold.fr\\\/news\\\/2020\\\/03\\\/10\\\/questions-sur-lor-apres-le-lundi-noir-des-marches-partie-1\\\/#article\",\"isPartOf\":{\"@id\":\"https:\\\/\\\/www.gold.fr\\\/news\\\/2020\\\/03\\\/10\\\/questions-sur-lor-apres-le-lundi-noir-des-marches-partie-1\\\/\"},\"author\":{\"name\":\"Laurent Schwartz\",\"@id\":\"https:\\\/\\\/www.gold.fr\\\/news\\\/#\\\/schema\\\/person\\\/4ed91d9a70d8f3a313c26e8308214fc2\"},\"headline\":\"Questions sur l\u2019or apr\u00e8s le lundi noir des march\u00e9s (Partie 1)\",\"datePublished\":\"2020-03-10T11:02:30+00:00\",\"dateModified\":\"2021-01-11T12:58:20+00:00\",\"mainEntityOfPage\":{\"@id\":\"https:\\\/\\\/www.gold.fr\\\/news\\\/2020\\\/03\\\/10\\\/questions-sur-lor-apres-le-lundi-noir-des-marches-partie-1\\\/\"},\"wordCount\":533,\"image\":{\"@id\":\"https:\\\/\\\/www.gold.fr\\\/news\\\/2020\\\/03\\\/10\\\/questions-sur-lor-apres-le-lundi-noir-des-marches-partie-1\\\/#primaryimage\"},\"thumbnailUrl\":\"https:\\\/\\\/www.gold.fr\\\/news\\\/wp-content\\\/uploads\\\/2020\\\/03\\\/6questions.jpg\",\"keywords\":[\"bourse\",\"crise\",\"Or\"],\"articleSection\":[\"Analyses Economiques\"],\"inLanguage\":\"fr-FR\"},{\"@type\":\"WebPage\",\"@id\":\"https:\\\/\\\/www.gold.fr\\\/news\\\/2020\\\/03\\\/10\\\/questions-sur-lor-apres-le-lundi-noir-des-marches-partie-1\\\/\",\"url\":\"https:\\\/\\\/www.gold.fr\\\/news\\\/2020\\\/03\\\/10\\\/questions-sur-lor-apres-le-lundi-noir-des-marches-partie-1\\\/\",\"name\":\"Questions sur l\u2019or apr\u00e8s le lundi noir des march\u00e9s R\u00e9actions ?\",\"isPartOf\":{\"@id\":\"https:\\\/\\\/www.gold.fr\\\/news\\\/#website\"},\"primaryImageOfPage\":{\"@id\":\"https:\\\/\\\/www.gold.fr\\\/news\\\/2020\\\/03\\\/10\\\/questions-sur-lor-apres-le-lundi-noir-des-marches-partie-1\\\/#primaryimage\"},\"image\":{\"@id\":\"https:\\\/\\\/www.gold.fr\\\/news\\\/2020\\\/03\\\/10\\\/questions-sur-lor-apres-le-lundi-noir-des-marches-partie-1\\\/#primaryimage\"},\"thumbnailUrl\":\"https:\\\/\\\/www.gold.fr\\\/news\\\/wp-content\\\/uploads\\\/2020\\\/03\\\/6questions.jpg\",\"datePublished\":\"2020-03-10T11:02:30+00:00\",\"dateModified\":\"2021-01-11T12:58:20+00:00\",\"author\":{\"@id\":\"https:\\\/\\\/www.gold.fr\\\/news\\\/#\\\/schema\\\/person\\\/4ed91d9a70d8f3a313c26e8308214fc2\"},\"description\":\"L\u2019or s\u2019est-il comport\u00e9 en valeur refuge ? Les autres actifs refuges ont-ils fait mieux que l\u2019or ? R\u00e9actions des investisseurs ?\",\"breadcrumb\":{\"@id\":\"https:\\\/\\\/www.gold.fr\\\/news\\\/2020\\\/03\\\/10\\\/questions-sur-lor-apres-le-lundi-noir-des-marches-partie-1\\\/#breadcrumb\"},\"inLanguage\":\"fr-FR\",\"potentialAction\":[{\"@type\":\"ReadAction\",\"target\":[\"https:\\\/\\\/www.gold.fr\\\/news\\\/2020\\\/03\\\/10\\\/questions-sur-lor-apres-le-lundi-noir-des-marches-partie-1\\\/\"]}]},{\"@type\":\"ImageObject\",\"inLanguage\":\"fr-FR\",\"@id\":\"https:\\\/\\\/www.gold.fr\\\/news\\\/2020\\\/03\\\/10\\\/questions-sur-lor-apres-le-lundi-noir-des-marches-partie-1\\\/#primaryimage\",\"url\":\"https:\\\/\\\/www.gold.fr\\\/news\\\/wp-content\\\/uploads\\\/2020\\\/03\\\/6questions.jpg\",\"contentUrl\":\"https:\\\/\\\/www.gold.fr\\\/news\\\/wp-content\\\/uploads\\\/2020\\\/03\\\/6questions.jpg\",\"width\":800,\"height\":533,\"caption\":\"6 questions sur l\u2019or apr\u00e8s le lundi noir des march\u00e9s partie 1\"},{\"@type\":\"BreadcrumbList\",\"@id\":\"https:\\\/\\\/www.gold.fr\\\/news\\\/2020\\\/03\\\/10\\\/questions-sur-lor-apres-le-lundi-noir-des-marches-partie-1\\\/#breadcrumb\",\"itemListElement\":[{\"@type\":\"ListItem\",\"position\":1,\"name\":\"Accueil\",\"item\":\"https:\\\/\\\/www.gold.fr\\\/\"},{\"@type\":\"ListItem\",\"position\":2,\"name\":\"Actualit\u00e9s\",\"item\":\"https:\\\/\\\/www.gold.fr\\\/news\\\/\"},{\"@type\":\"ListItem\",\"position\":3,\"name\":\"Questions sur l\u2019or apr\u00e8s le lundi noir des march\u00e9s (Partie 1)\"}]},{\"@type\":\"WebSite\",\"@id\":\"https:\\\/\\\/www.gold.fr\\\/news\\\/#website\",\"url\":\"https:\\\/\\\/www.gold.fr\\\/news\\\/\",\"name\":\"Gold.fr\",\"description\":\"Actualit\u00e9s de l&#039;Or et des m\u00e9taux pr\u00e9cieux\",\"potentialAction\":[{\"@type\":\"SearchAction\",\"target\":{\"@type\":\"EntryPoint\",\"urlTemplate\":\"https:\\\/\\\/www.gold.fr\\\/news\\\/?s={search_term_string}\"},\"query-input\":{\"@type\":\"PropertyValueSpecification\",\"valueRequired\":true,\"valueName\":\"search_term_string\"}}],\"inLanguage\":\"fr-FR\"},{\"@type\":\"Person\",\"@id\":\"https:\\\/\\\/www.gold.fr\\\/news\\\/#\\\/schema\\\/person\\\/4ed91d9a70d8f3a313c26e8308214fc2\",\"name\":\"Laurent Schwartz\",\"image\":{\"@type\":\"ImageObject\",\"inLanguage\":\"fr-FR\",\"@id\":\"https:\\\/\\\/secure.gravatar.com\\\/avatar\\\/1496f846049365121827f5470219486f1a95f83957cc8ca0a9595e40c185f5ee?s=96&d=mm&r=g76f0e87c9ba82a161860a0fc16990d85\",\"url\":\"https:\\\/\\\/secure.gravatar.com\\\/avatar\\\/1496f846049365121827f5470219486f1a95f83957cc8ca0a9595e40c185f5ee?s=96&d=mm&r=g\",\"contentUrl\":\"https:\\\/\\\/secure.gravatar.com\\\/avatar\\\/1496f846049365121827f5470219486f1a95f83957cc8ca0a9595e40c185f5ee?s=96&d=mm&r=g\",\"caption\":\"Laurent Schwartz\"},\"description\":\"Dipl\u00f4m\u00e9 de l\u2019EDHEC Business School en 2005, Laurent SCHWARTZ int\u00e8gre le cabinet d\u2019audit ERNST &amp; YOUNG en 2005 o\u00f9 il travaille pendant 4 ans. Parall\u00e8lement, il travaille au sein de l\u2019entreprise familiale cr\u00e9\u00e9e en 1976 \u00e0 Strasbourg. Fort de cette exp\u00e9rience et du savoir-faire d\u00e9velopp\u00e9 durant ces 40 derni\u00e8res ann\u00e9es, Laurent proc\u00e8de \u00e0 la refonte du site Internet Gold.fr d\u00e9di\u00e9 \u00e0 l\u2019achat d'or, vente d\u2019or (pi\u00e8ces, lingots, ...), achat or et argent,... qui conna\u00eetra un franc succ\u00e8s d\u00e8s son d\u00e9marrage en 2008. Il d\u00e9cide alors de d\u00e9velopper un r\u00e9seau de concessions exclusives: Le Comptoir National de l\u2019Or. Il assure d\u00e9sormais le pilotage strat\u00e9gique du 1er r\u00e9seau de France qui compte aujourd\u2019hui pas loin de 60 agences r\u00e9parties dans toute la France et depuis peu en Allemagne (Breisach). Le Comptoir National de l\u2019Or se positionne aujourd\u2019hui comme le leader incontournable sur le march\u00e9 de l\u2019Or et des m\u00e9taux pr\u00e9cieux en France.\",\"sameAs\":[\"https:\\\/\\\/www.gold.fr\",\"https:\\\/\\\/www.linkedin.com\\\/in\\\/acheteror\\\/\"]}]}<\/script>\n<!-- \/ Yoast SEO plugin. -->","yoast_head_json":{"title":"Questions sur l\u2019or apr\u00e8s le lundi noir des march\u00e9s R\u00e9actions ?","description":"L\u2019or s\u2019est-il comport\u00e9 en valeur refuge ? Les autres actifs refuges ont-ils fait mieux que l\u2019or ? R\u00e9actions des investisseurs ?","robots":{"index":"index","follow":"follow","max-snippet":"max-snippet:-1","max-image-preview":"max-image-preview:large","max-video-preview":"max-video-preview:-1"},"canonical":"https:\/\/www.gold.fr\/news\/2020\/03\/10\/questions-sur-lor-apres-le-lundi-noir-des-marches-partie-1\/","og_locale":"fr_FR","og_type":"article","og_title":"Questions sur l\u2019or apr\u00e8s le lundi noir des march\u00e9s R\u00e9actions ?","og_description":"L\u2019or s\u2019est-il comport\u00e9 en valeur refuge ? Les autres actifs refuges ont-ils fait mieux que l\u2019or ? R\u00e9actions des investisseurs ?","og_url":"https:\/\/www.gold.fr\/news\/2020\/03\/10\/questions-sur-lor-apres-le-lundi-noir-des-marches-partie-1\/","og_site_name":"Gold.fr","article_publisher":"https:\/\/www.facebook.com\/Goldfr\/","article_published_time":"2020-03-10T11:02:30+00:00","article_modified_time":"2021-01-11T12:58:20+00:00","og_image":[{"width":800,"height":533,"url":"https:\/\/www.gold.fr\/news\/wp-content\/uploads\/2020\/03\/6questions.jpg","type":"image\/jpeg"}],"author":"Laurent Schwartz","twitter_card":"summary_large_image","twitter_misc":{"\u00c9crit par":"Laurent Schwartz","Dur\u00e9e de lecture estim\u00e9e":"3 minutes"},"schema":{"@context":"https:\/\/schema.org","@graph":[{"@type":"Article","@id":"https:\/\/www.gold.fr\/news\/2020\/03\/10\/questions-sur-lor-apres-le-lundi-noir-des-marches-partie-1\/#article","isPartOf":{"@id":"https:\/\/www.gold.fr\/news\/2020\/03\/10\/questions-sur-lor-apres-le-lundi-noir-des-marches-partie-1\/"},"author":{"name":"Laurent Schwartz","@id":"https:\/\/www.gold.fr\/news\/#\/schema\/person\/4ed91d9a70d8f3a313c26e8308214fc2"},"headline":"Questions sur l\u2019or apr\u00e8s le lundi noir des march\u00e9s (Partie 1)","datePublished":"2020-03-10T11:02:30+00:00","dateModified":"2021-01-11T12:58:20+00:00","mainEntityOfPage":{"@id":"https:\/\/www.gold.fr\/news\/2020\/03\/10\/questions-sur-lor-apres-le-lundi-noir-des-marches-partie-1\/"},"wordCount":533,"image":{"@id":"https:\/\/www.gold.fr\/news\/2020\/03\/10\/questions-sur-lor-apres-le-lundi-noir-des-marches-partie-1\/#primaryimage"},"thumbnailUrl":"https:\/\/www.gold.fr\/news\/wp-content\/uploads\/2020\/03\/6questions.jpg","keywords":["bourse","crise","Or"],"articleSection":["Analyses Economiques"],"inLanguage":"fr-FR"},{"@type":"WebPage","@id":"https:\/\/www.gold.fr\/news\/2020\/03\/10\/questions-sur-lor-apres-le-lundi-noir-des-marches-partie-1\/","url":"https:\/\/www.gold.fr\/news\/2020\/03\/10\/questions-sur-lor-apres-le-lundi-noir-des-marches-partie-1\/","name":"Questions sur l\u2019or apr\u00e8s le lundi noir des march\u00e9s R\u00e9actions ?","isPartOf":{"@id":"https:\/\/www.gold.fr\/news\/#website"},"primaryImageOfPage":{"@id":"https:\/\/www.gold.fr\/news\/2020\/03\/10\/questions-sur-lor-apres-le-lundi-noir-des-marches-partie-1\/#primaryimage"},"image":{"@id":"https:\/\/www.gold.fr\/news\/2020\/03\/10\/questions-sur-lor-apres-le-lundi-noir-des-marches-partie-1\/#primaryimage"},"thumbnailUrl":"https:\/\/www.gold.fr\/news\/wp-content\/uploads\/2020\/03\/6questions.jpg","datePublished":"2020-03-10T11:02:30+00:00","dateModified":"2021-01-11T12:58:20+00:00","author":{"@id":"https:\/\/www.gold.fr\/news\/#\/schema\/person\/4ed91d9a70d8f3a313c26e8308214fc2"},"description":"L\u2019or s\u2019est-il comport\u00e9 en valeur refuge ? Les autres actifs refuges ont-ils fait mieux que l\u2019or ? R\u00e9actions des investisseurs ?","breadcrumb":{"@id":"https:\/\/www.gold.fr\/news\/2020\/03\/10\/questions-sur-lor-apres-le-lundi-noir-des-marches-partie-1\/#breadcrumb"},"inLanguage":"fr-FR","potentialAction":[{"@type":"ReadAction","target":["https:\/\/www.gold.fr\/news\/2020\/03\/10\/questions-sur-lor-apres-le-lundi-noir-des-marches-partie-1\/"]}]},{"@type":"ImageObject","inLanguage":"fr-FR","@id":"https:\/\/www.gold.fr\/news\/2020\/03\/10\/questions-sur-lor-apres-le-lundi-noir-des-marches-partie-1\/#primaryimage","url":"https:\/\/www.gold.fr\/news\/wp-content\/uploads\/2020\/03\/6questions.jpg","contentUrl":"https:\/\/www.gold.fr\/news\/wp-content\/uploads\/2020\/03\/6questions.jpg","width":800,"height":533,"caption":"6 questions sur l\u2019or apr\u00e8s le lundi noir des march\u00e9s partie 1"},{"@type":"BreadcrumbList","@id":"https:\/\/www.gold.fr\/news\/2020\/03\/10\/questions-sur-lor-apres-le-lundi-noir-des-marches-partie-1\/#breadcrumb","itemListElement":[{"@type":"ListItem","position":1,"name":"Accueil","item":"https:\/\/www.gold.fr\/"},{"@type":"ListItem","position":2,"name":"Actualit\u00e9s","item":"https:\/\/www.gold.fr\/news\/"},{"@type":"ListItem","position":3,"name":"Questions sur l\u2019or apr\u00e8s le lundi noir des march\u00e9s (Partie 1)"}]},{"@type":"WebSite","@id":"https:\/\/www.gold.fr\/news\/#website","url":"https:\/\/www.gold.fr\/news\/","name":"Gold.fr","description":"Actualit\u00e9s de l&#039;Or et des m\u00e9taux pr\u00e9cieux","potentialAction":[{"@type":"SearchAction","target":{"@type":"EntryPoint","urlTemplate":"https:\/\/www.gold.fr\/news\/?s={search_term_string}"},"query-input":{"@type":"PropertyValueSpecification","valueRequired":true,"valueName":"search_term_string"}}],"inLanguage":"fr-FR"},{"@type":"Person","@id":"https:\/\/www.gold.fr\/news\/#\/schema\/person\/4ed91d9a70d8f3a313c26e8308214fc2","name":"Laurent Schwartz","image":{"@type":"ImageObject","inLanguage":"fr-FR","@id":"https:\/\/secure.gravatar.com\/avatar\/1496f846049365121827f5470219486f1a95f83957cc8ca0a9595e40c185f5ee?s=96&d=mm&r=g76f0e87c9ba82a161860a0fc16990d85","url":"https:\/\/secure.gravatar.com\/avatar\/1496f846049365121827f5470219486f1a95f83957cc8ca0a9595e40c185f5ee?s=96&d=mm&r=g","contentUrl":"https:\/\/secure.gravatar.com\/avatar\/1496f846049365121827f5470219486f1a95f83957cc8ca0a9595e40c185f5ee?s=96&d=mm&r=g","caption":"Laurent Schwartz"},"description":"Dipl\u00f4m\u00e9 de l\u2019EDHEC Business School en 2005, Laurent SCHWARTZ int\u00e8gre le cabinet d\u2019audit ERNST &amp; YOUNG en 2005 o\u00f9 il travaille pendant 4 ans. Parall\u00e8lement, il travaille au sein de l\u2019entreprise familiale cr\u00e9\u00e9e en 1976 \u00e0 Strasbourg. Fort de cette exp\u00e9rience et du savoir-faire d\u00e9velopp\u00e9 durant ces 40 derni\u00e8res ann\u00e9es, Laurent proc\u00e8de \u00e0 la refonte du site Internet Gold.fr d\u00e9di\u00e9 \u00e0 l\u2019achat d'or, vente d\u2019or (pi\u00e8ces, lingots, ...), achat or et argent,... qui conna\u00eetra un franc succ\u00e8s d\u00e8s son d\u00e9marrage en 2008. Il d\u00e9cide alors de d\u00e9velopper un r\u00e9seau de concessions exclusives: Le Comptoir National de l\u2019Or. Il assure d\u00e9sormais le pilotage strat\u00e9gique du 1er r\u00e9seau de France qui compte aujourd\u2019hui pas loin de 60 agences r\u00e9parties dans toute la France et depuis peu en Allemagne (Breisach). Le Comptoir National de l\u2019Or se positionne aujourd\u2019hui comme le leader incontournable sur le march\u00e9 de l\u2019Or et des m\u00e9taux pr\u00e9cieux en France.","sameAs":["https:\/\/www.gold.fr","https:\/\/www.linkedin.com\/in\/acheteror\/"]}]}},"authors":[{"term_id":2567,"user_id":6,"is_guest":0,"slug":"laurent","display_name":"Laurent Schwartz","avatar_url":"https:\/\/secure.gravatar.com\/avatar\/1496f846049365121827f5470219486f1a95f83957cc8ca0a9595e40c185f5ee?s=96&d=mm&r=g","0":null,"1":"","2":"","3":"","4":"","5":"","6":"","7":"","8":""}],"_links":{"self":[{"href":"https:\/\/www.gold.fr\/news\/wp-json\/wp\/v2\/posts\/36140","targetHints":{"allow":["GET"]}}],"collection":[{"href":"https:\/\/www.gold.fr\/news\/wp-json\/wp\/v2\/posts"}],"about":[{"href":"https:\/\/www.gold.fr\/news\/wp-json\/wp\/v2\/types\/post"}],"author":[{"embeddable":true,"href":"https:\/\/www.gold.fr\/news\/wp-json\/wp\/v2\/users\/6"}],"replies":[{"embeddable":true,"href":"https:\/\/www.gold.fr\/news\/wp-json\/wp\/v2\/comments?post=36140"}],"version-history":[{"count":0,"href":"https:\/\/www.gold.fr\/news\/wp-json\/wp\/v2\/posts\/36140\/revisions"}],"wp:featuredmedia":[{"embeddable":true,"href":"https:\/\/www.gold.fr\/news\/wp-json\/wp\/v2\/media\/36141"}],"wp:attachment":[{"href":"https:\/\/www.gold.fr\/news\/wp-json\/wp\/v2\/media?parent=36140"}],"wp:term":[{"taxonomy":"category","embeddable":true,"href":"https:\/\/www.gold.fr\/news\/wp-json\/wp\/v2\/categories?post=36140"},{"taxonomy":"post_tag","embeddable":true,"href":"https:\/\/www.gold.fr\/news\/wp-json\/wp\/v2\/tags?post=36140"},{"taxonomy":"author","embeddable":true,"href":"https:\/\/www.gold.fr\/news\/wp-json\/wp\/v2\/ppma_author?post=36140"}],"curies":[{"name":"wp","href":"https:\/\/api.w.org\/{rel}","templated":true}]}}