{"id":35985,"date":"2020-01-29T10:48:36","date_gmt":"2020-01-29T09:48:36","guid":{"rendered":"https:\/\/www.gold.fr\/news\/?p=35985"},"modified":"2021-05-10T10:34:03","modified_gmt":"2021-05-10T08:34:03","slug":"nominations-a-la-fed-signal-positif-pour-lor","status":"publish","type":"post","link":"https:\/\/www.gold.fr\/news\/2020\/01\/29\/nominations-a-la-fed-signal-positif-pour-lor\/","title":{"rendered":"Nominations \u00e0 la Fed : signal positif pour l\u2019or"},"content":{"rendered":"<p><em>Judy Shelton, candidate de Trump \u00e0 la Fed, s\u2019est publiquement prononc\u00e9e pour le retour de l\u2019\u00e9talon or.<\/em><\/p>\n<p style=\"text-align: justify;\"><a href=\"https:\/\/www.whitehouse.gov\/people\/donald-j-trump\/\" target=\"_blank\" rel=\"noopener noreferrer\">Donald Trump<\/a> a annonc\u00e9 les candidats qu\u2019il pr\u00e9sente pour la nomination au comit\u00e9 de politique mon\u00e9taire de la <a href=\"https:\/\/www.federalreserve.gov\/\" target=\"_blank\" rel=\"noopener noreferrer\">banque centrale am\u00e9ricaine<\/a> : Judy Shelton et Christopher Waller. Ceux-ci devront \u00eatre entendu par le S\u00e9nat \u00e0 majorit\u00e9 r\u00e9publicaine qui est charg\u00e9 de confirmer ces choix. Un processus qui n\u2019est cependant pas une simple formalit\u00e9.<\/p>\n<p style=\"text-align: justify;\">Cette annonce \u00e9tait tr\u00e8s attendue : apr\u00e8s les reproches publiquement exprim\u00e9s par le pr\u00e9sident am\u00e9ricain contre Jerome Powell, l\u2019actuel patron de la Fed,<strong> il y a peut-\u00eatre parmi ces deux candidats un futur chef de la banque centrale<\/strong>.<\/p>\n<p style=\"text-align: justify;\">Les deux nomin\u00e9s ont pris des positions qui sont de nature \u00e0 soutenir le cours de l\u2019or. <strong>Tous deux se sont ainsi montr\u00e9s publiquement ouverts \u00e0 une politique mon\u00e9taire plus accommodante<\/strong>, et notamment \u00e0 une baisse des taux d\u2019int\u00e9r\u00eat, ce qui est g\u00e9n\u00e9ralement un facteur de soutien pour l\u2019or.<\/p>\n<p style=\"text-align: justify;\">Plus int\u00e9ressant encore, dans une tribune du Wall Street Journal, <strong>Judy Shelton a publiquement pris parti pour le retour de l\u2019\u00e9talon or<\/strong>, un syst\u00e8me qui a pr\u00e9valu avant 1971 et dans lequel la valeur des monnaies \u00e9tait li\u00e9e au m\u00e9tal jaune. Cela permettrait selon elle de stabiliser les monnaies et d\u2019\u00e9viter \u00e0 certains pays de manipuler leur valeur. Vers des <a href=\"https:\/\/www.gold.fr\/achat-or\/\"><strong>achats d\u2019or<\/strong><\/a> par la Fed ? Pas encore, mais en tout cas, cela n\u2019est plus une hypoth\u00e8se farfelue\u2026<\/p>\n<!-- AddThis Advanced Settings generic via filter on the_content --><!-- AddThis Share Buttons generic via filter on the_content -->","protected":false},"excerpt":{"rendered":"<p>Judy Shelton, candidate de Trump \u00e0 la Fed, s\u2019est publiquement prononc\u00e9e pour le retour de l\u2019\u00e9talon or. Donald Trump a annonc\u00e9 les candidats qu\u2019il pr\u00e9sente pour la nomination au comit\u00e9 de politique mon\u00e9taire de la banque [&hellip;]<\/p>\n","protected":false},"author":6,"featured_media":35986,"comment_status":"closed","ping_status":"closed","sticky":false,"template":"","format":"standard","meta":{"_mbp_gutenberg_autopost":false,"_pgmb_is_evergreen":false,"_pgmb_ap_template_id":0,"footnotes":""},"categories":[5],"tags":[1626],"ppma_author":[2567],"class_list":["post-35985","post","type-post","status-publish","format-standard","has-post-thumbnail","hentry","category-flash-infos","tag-bce-et-fed"],"yoast_head":"<!-- This site is optimized with the Yoast SEO plugin v27.5 - https:\/\/yoast.com\/product\/yoast-seo-wordpress\/ -->\n<title>Nominations \u00e0 la Fed : signal positif pour l\u2019or - Gold.fr<\/title>\n<meta name=\"description\" content=\"Donald Trump a annonc\u00e9 les candidats pour le comit\u00e9 de politique mon\u00e9taire de la banque centrale Judy Shelton et Christopher Waller\" \/>\n<meta name=\"robots\" content=\"index, follow, max-snippet:-1, max-image-preview:large, max-video-preview:-1\" \/>\n<link rel=\"canonical\" href=\"https:\/\/www.gold.fr\/news\/2020\/01\/29\/nominations-a-la-fed-signal-positif-pour-lor\/\" \/>\n<meta property=\"og:locale\" content=\"fr_FR\" \/>\n<meta property=\"og:type\" content=\"article\" \/>\n<meta property=\"og:title\" content=\"Nominations \u00e0 la Fed : signal positif pour l\u2019or - Gold.fr\" \/>\n<meta property=\"og:description\" content=\"Donald Trump a annonc\u00e9 les candidats pour le comit\u00e9 de politique mon\u00e9taire de la banque centrale Judy Shelton et Christopher Waller\" \/>\n<meta property=\"og:url\" content=\"https:\/\/www.gold.fr\/news\/2020\/01\/29\/nominations-a-la-fed-signal-positif-pour-lor\/\" \/>\n<meta property=\"og:site_name\" content=\"Gold.fr\" \/>\n<meta property=\"article:publisher\" content=\"https:\/\/www.facebook.com\/Goldfr\/\" \/>\n<meta property=\"article:published_time\" content=\"2020-01-29T09:48:36+00:00\" \/>\n<meta property=\"article:modified_time\" content=\"2021-05-10T08:34:03+00:00\" \/>\n<meta property=\"og:image\" content=\"https:\/\/www.gold.fr\/news\/wp-content\/uploads\/2020\/01\/fed.jpg\" \/>\n\t<meta property=\"og:image:width\" content=\"800\" \/>\n\t<meta property=\"og:image:height\" content=\"533\" \/>\n\t<meta property=\"og:image:type\" content=\"image\/jpeg\" \/>\n<meta name=\"author\" content=\"Laurent Schwartz\" \/>\n<meta name=\"twitter:card\" content=\"summary_large_image\" \/>\n<meta name=\"twitter:label1\" content=\"\u00c9crit par\" \/>\n\t<meta name=\"twitter:data1\" content=\"Laurent Schwartz\" \/>\n\t<meta name=\"twitter:label2\" content=\"Dur\u00e9e de lecture estim\u00e9e\" \/>\n\t<meta name=\"twitter:data2\" content=\"1 minute\" \/>\n<script type=\"application\/ld+json\" class=\"yoast-schema-graph\">{\"@context\":\"https:\\\/\\\/schema.org\",\"@graph\":[{\"@type\":\"Article\",\"@id\":\"https:\\\/\\\/www.gold.fr\\\/news\\\/2020\\\/01\\\/29\\\/nominations-a-la-fed-signal-positif-pour-lor\\\/#article\",\"isPartOf\":{\"@id\":\"https:\\\/\\\/www.gold.fr\\\/news\\\/2020\\\/01\\\/29\\\/nominations-a-la-fed-signal-positif-pour-lor\\\/\"},\"author\":{\"name\":\"Laurent Schwartz\",\"@id\":\"https:\\\/\\\/www.gold.fr\\\/news\\\/#\\\/schema\\\/person\\\/4ed91d9a70d8f3a313c26e8308214fc2\"},\"headline\":\"Nominations \u00e0 la Fed : signal positif pour l\u2019or\",\"datePublished\":\"2020-01-29T09:48:36+00:00\",\"dateModified\":\"2021-05-10T08:34:03+00:00\",\"mainEntityOfPage\":{\"@id\":\"https:\\\/\\\/www.gold.fr\\\/news\\\/2020\\\/01\\\/29\\\/nominations-a-la-fed-signal-positif-pour-lor\\\/\"},\"wordCount\":270,\"image\":{\"@id\":\"https:\\\/\\\/www.gold.fr\\\/news\\\/2020\\\/01\\\/29\\\/nominations-a-la-fed-signal-positif-pour-lor\\\/#primaryimage\"},\"thumbnailUrl\":\"https:\\\/\\\/www.gold.fr\\\/news\\\/wp-content\\\/uploads\\\/2020\\\/01\\\/fed.jpg\",\"keywords\":[\"BCE et FED\"],\"articleSection\":[\"Flash infos\"],\"inLanguage\":\"fr-FR\"},{\"@type\":\"WebPage\",\"@id\":\"https:\\\/\\\/www.gold.fr\\\/news\\\/2020\\\/01\\\/29\\\/nominations-a-la-fed-signal-positif-pour-lor\\\/\",\"url\":\"https:\\\/\\\/www.gold.fr\\\/news\\\/2020\\\/01\\\/29\\\/nominations-a-la-fed-signal-positif-pour-lor\\\/\",\"name\":\"Nominations \u00e0 la Fed : signal positif pour l\u2019or - Gold.fr\",\"isPartOf\":{\"@id\":\"https:\\\/\\\/www.gold.fr\\\/news\\\/#website\"},\"primaryImageOfPage\":{\"@id\":\"https:\\\/\\\/www.gold.fr\\\/news\\\/2020\\\/01\\\/29\\\/nominations-a-la-fed-signal-positif-pour-lor\\\/#primaryimage\"},\"image\":{\"@id\":\"https:\\\/\\\/www.gold.fr\\\/news\\\/2020\\\/01\\\/29\\\/nominations-a-la-fed-signal-positif-pour-lor\\\/#primaryimage\"},\"thumbnailUrl\":\"https:\\\/\\\/www.gold.fr\\\/news\\\/wp-content\\\/uploads\\\/2020\\\/01\\\/fed.jpg\",\"datePublished\":\"2020-01-29T09:48:36+00:00\",\"dateModified\":\"2021-05-10T08:34:03+00:00\",\"author\":{\"@id\":\"https:\\\/\\\/www.gold.fr\\\/news\\\/#\\\/schema\\\/person\\\/4ed91d9a70d8f3a313c26e8308214fc2\"},\"description\":\"Donald Trump a annonc\u00e9 les candidats pour le comit\u00e9 de politique mon\u00e9taire de la banque centrale Judy Shelton et Christopher Waller\",\"breadcrumb\":{\"@id\":\"https:\\\/\\\/www.gold.fr\\\/news\\\/2020\\\/01\\\/29\\\/nominations-a-la-fed-signal-positif-pour-lor\\\/#breadcrumb\"},\"inLanguage\":\"fr-FR\",\"potentialAction\":[{\"@type\":\"ReadAction\",\"target\":[\"https:\\\/\\\/www.gold.fr\\\/news\\\/2020\\\/01\\\/29\\\/nominations-a-la-fed-signal-positif-pour-lor\\\/\"]}]},{\"@type\":\"ImageObject\",\"inLanguage\":\"fr-FR\",\"@id\":\"https:\\\/\\\/www.gold.fr\\\/news\\\/2020\\\/01\\\/29\\\/nominations-a-la-fed-signal-positif-pour-lor\\\/#primaryimage\",\"url\":\"https:\\\/\\\/www.gold.fr\\\/news\\\/wp-content\\\/uploads\\\/2020\\\/01\\\/fed.jpg\",\"contentUrl\":\"https:\\\/\\\/www.gold.fr\\\/news\\\/wp-content\\\/uploads\\\/2020\\\/01\\\/fed.jpg\",\"width\":800,\"height\":533,\"caption\":\"Nominations \u00e0 la Fed : signal positif pour l\u2019or\"},{\"@type\":\"BreadcrumbList\",\"@id\":\"https:\\\/\\\/www.gold.fr\\\/news\\\/2020\\\/01\\\/29\\\/nominations-a-la-fed-signal-positif-pour-lor\\\/#breadcrumb\",\"itemListElement\":[{\"@type\":\"ListItem\",\"position\":1,\"name\":\"Accueil\",\"item\":\"https:\\\/\\\/www.gold.fr\\\/\"},{\"@type\":\"ListItem\",\"position\":2,\"name\":\"Actualit\u00e9s\",\"item\":\"https:\\\/\\\/www.gold.fr\\\/news\\\/\"},{\"@type\":\"ListItem\",\"position\":3,\"name\":\"Nominations \u00e0 la Fed : signal positif pour l\u2019or\"}]},{\"@type\":\"WebSite\",\"@id\":\"https:\\\/\\\/www.gold.fr\\\/news\\\/#website\",\"url\":\"https:\\\/\\\/www.gold.fr\\\/news\\\/\",\"name\":\"Gold.fr\",\"description\":\"Actualit\u00e9s de l&#039;Or et des m\u00e9taux pr\u00e9cieux\",\"potentialAction\":[{\"@type\":\"SearchAction\",\"target\":{\"@type\":\"EntryPoint\",\"urlTemplate\":\"https:\\\/\\\/www.gold.fr\\\/news\\\/?s={search_term_string}\"},\"query-input\":{\"@type\":\"PropertyValueSpecification\",\"valueRequired\":true,\"valueName\":\"search_term_string\"}}],\"inLanguage\":\"fr-FR\"},{\"@type\":\"Person\",\"@id\":\"https:\\\/\\\/www.gold.fr\\\/news\\\/#\\\/schema\\\/person\\\/4ed91d9a70d8f3a313c26e8308214fc2\",\"name\":\"Laurent Schwartz\",\"image\":{\"@type\":\"ImageObject\",\"inLanguage\":\"fr-FR\",\"@id\":\"https:\\\/\\\/secure.gravatar.com\\\/avatar\\\/1496f846049365121827f5470219486f1a95f83957cc8ca0a9595e40c185f5ee?s=96&d=mm&r=g76f0e87c9ba82a161860a0fc16990d85\",\"url\":\"https:\\\/\\\/secure.gravatar.com\\\/avatar\\\/1496f846049365121827f5470219486f1a95f83957cc8ca0a9595e40c185f5ee?s=96&d=mm&r=g\",\"contentUrl\":\"https:\\\/\\\/secure.gravatar.com\\\/avatar\\\/1496f846049365121827f5470219486f1a95f83957cc8ca0a9595e40c185f5ee?s=96&d=mm&r=g\",\"caption\":\"Laurent Schwartz\"},\"description\":\"Dipl\u00f4m\u00e9 de l\u2019EDHEC Business School en 2005, Laurent SCHWARTZ int\u00e8gre le cabinet d\u2019audit ERNST &amp; YOUNG en 2005 o\u00f9 il travaille pendant 4 ans. Parall\u00e8lement, il travaille au sein de l\u2019entreprise familiale cr\u00e9\u00e9e en 1976 \u00e0 Strasbourg. Fort de cette exp\u00e9rience et du savoir-faire d\u00e9velopp\u00e9 durant ces 40 derni\u00e8res ann\u00e9es, Laurent proc\u00e8de \u00e0 la refonte du site Internet Gold.fr d\u00e9di\u00e9 \u00e0 l\u2019achat d'or, vente d\u2019or (pi\u00e8ces, lingots, ...), achat or et argent,... qui conna\u00eetra un franc succ\u00e8s d\u00e8s son d\u00e9marrage en 2008. Il d\u00e9cide alors de d\u00e9velopper un r\u00e9seau de concessions exclusives: Le Comptoir National de l\u2019Or. Il assure d\u00e9sormais le pilotage strat\u00e9gique du 1er r\u00e9seau de France qui compte aujourd\u2019hui pas loin de 60 agences r\u00e9parties dans toute la France et depuis peu en Allemagne (Breisach). Le Comptoir National de l\u2019Or se positionne aujourd\u2019hui comme le leader incontournable sur le march\u00e9 de l\u2019Or et des m\u00e9taux pr\u00e9cieux en France.\",\"sameAs\":[\"https:\\\/\\\/www.gold.fr\",\"https:\\\/\\\/www.linkedin.com\\\/in\\\/acheteror\\\/\"]}]}<\/script>\n<!-- \/ Yoast SEO plugin. -->","yoast_head_json":{"title":"Nominations \u00e0 la Fed : signal positif pour l\u2019or - Gold.fr","description":"Donald Trump a annonc\u00e9 les candidats pour le comit\u00e9 de politique mon\u00e9taire de la banque centrale Judy Shelton et Christopher Waller","robots":{"index":"index","follow":"follow","max-snippet":"max-snippet:-1","max-image-preview":"max-image-preview:large","max-video-preview":"max-video-preview:-1"},"canonical":"https:\/\/www.gold.fr\/news\/2020\/01\/29\/nominations-a-la-fed-signal-positif-pour-lor\/","og_locale":"fr_FR","og_type":"article","og_title":"Nominations \u00e0 la Fed : signal positif pour l\u2019or - Gold.fr","og_description":"Donald Trump a annonc\u00e9 les candidats pour le comit\u00e9 de politique mon\u00e9taire de la banque centrale Judy Shelton et Christopher Waller","og_url":"https:\/\/www.gold.fr\/news\/2020\/01\/29\/nominations-a-la-fed-signal-positif-pour-lor\/","og_site_name":"Gold.fr","article_publisher":"https:\/\/www.facebook.com\/Goldfr\/","article_published_time":"2020-01-29T09:48:36+00:00","article_modified_time":"2021-05-10T08:34:03+00:00","og_image":[{"width":800,"height":533,"url":"https:\/\/www.gold.fr\/news\/wp-content\/uploads\/2020\/01\/fed.jpg","type":"image\/jpeg"}],"author":"Laurent Schwartz","twitter_card":"summary_large_image","twitter_misc":{"\u00c9crit par":"Laurent Schwartz","Dur\u00e9e de lecture estim\u00e9e":"1 minute"},"schema":{"@context":"https:\/\/schema.org","@graph":[{"@type":"Article","@id":"https:\/\/www.gold.fr\/news\/2020\/01\/29\/nominations-a-la-fed-signal-positif-pour-lor\/#article","isPartOf":{"@id":"https:\/\/www.gold.fr\/news\/2020\/01\/29\/nominations-a-la-fed-signal-positif-pour-lor\/"},"author":{"name":"Laurent Schwartz","@id":"https:\/\/www.gold.fr\/news\/#\/schema\/person\/4ed91d9a70d8f3a313c26e8308214fc2"},"headline":"Nominations \u00e0 la Fed : signal positif pour l\u2019or","datePublished":"2020-01-29T09:48:36+00:00","dateModified":"2021-05-10T08:34:03+00:00","mainEntityOfPage":{"@id":"https:\/\/www.gold.fr\/news\/2020\/01\/29\/nominations-a-la-fed-signal-positif-pour-lor\/"},"wordCount":270,"image":{"@id":"https:\/\/www.gold.fr\/news\/2020\/01\/29\/nominations-a-la-fed-signal-positif-pour-lor\/#primaryimage"},"thumbnailUrl":"https:\/\/www.gold.fr\/news\/wp-content\/uploads\/2020\/01\/fed.jpg","keywords":["BCE et FED"],"articleSection":["Flash infos"],"inLanguage":"fr-FR"},{"@type":"WebPage","@id":"https:\/\/www.gold.fr\/news\/2020\/01\/29\/nominations-a-la-fed-signal-positif-pour-lor\/","url":"https:\/\/www.gold.fr\/news\/2020\/01\/29\/nominations-a-la-fed-signal-positif-pour-lor\/","name":"Nominations \u00e0 la Fed : signal positif pour l\u2019or - Gold.fr","isPartOf":{"@id":"https:\/\/www.gold.fr\/news\/#website"},"primaryImageOfPage":{"@id":"https:\/\/www.gold.fr\/news\/2020\/01\/29\/nominations-a-la-fed-signal-positif-pour-lor\/#primaryimage"},"image":{"@id":"https:\/\/www.gold.fr\/news\/2020\/01\/29\/nominations-a-la-fed-signal-positif-pour-lor\/#primaryimage"},"thumbnailUrl":"https:\/\/www.gold.fr\/news\/wp-content\/uploads\/2020\/01\/fed.jpg","datePublished":"2020-01-29T09:48:36+00:00","dateModified":"2021-05-10T08:34:03+00:00","author":{"@id":"https:\/\/www.gold.fr\/news\/#\/schema\/person\/4ed91d9a70d8f3a313c26e8308214fc2"},"description":"Donald Trump a annonc\u00e9 les candidats pour le comit\u00e9 de politique mon\u00e9taire de la banque centrale Judy Shelton et Christopher Waller","breadcrumb":{"@id":"https:\/\/www.gold.fr\/news\/2020\/01\/29\/nominations-a-la-fed-signal-positif-pour-lor\/#breadcrumb"},"inLanguage":"fr-FR","potentialAction":[{"@type":"ReadAction","target":["https:\/\/www.gold.fr\/news\/2020\/01\/29\/nominations-a-la-fed-signal-positif-pour-lor\/"]}]},{"@type":"ImageObject","inLanguage":"fr-FR","@id":"https:\/\/www.gold.fr\/news\/2020\/01\/29\/nominations-a-la-fed-signal-positif-pour-lor\/#primaryimage","url":"https:\/\/www.gold.fr\/news\/wp-content\/uploads\/2020\/01\/fed.jpg","contentUrl":"https:\/\/www.gold.fr\/news\/wp-content\/uploads\/2020\/01\/fed.jpg","width":800,"height":533,"caption":"Nominations \u00e0 la Fed : signal positif pour l\u2019or"},{"@type":"BreadcrumbList","@id":"https:\/\/www.gold.fr\/news\/2020\/01\/29\/nominations-a-la-fed-signal-positif-pour-lor\/#breadcrumb","itemListElement":[{"@type":"ListItem","position":1,"name":"Accueil","item":"https:\/\/www.gold.fr\/"},{"@type":"ListItem","position":2,"name":"Actualit\u00e9s","item":"https:\/\/www.gold.fr\/news\/"},{"@type":"ListItem","position":3,"name":"Nominations \u00e0 la Fed : signal positif pour l\u2019or"}]},{"@type":"WebSite","@id":"https:\/\/www.gold.fr\/news\/#website","url":"https:\/\/www.gold.fr\/news\/","name":"Gold.fr","description":"Actualit\u00e9s de l&#039;Or et des m\u00e9taux pr\u00e9cieux","potentialAction":[{"@type":"SearchAction","target":{"@type":"EntryPoint","urlTemplate":"https:\/\/www.gold.fr\/news\/?s={search_term_string}"},"query-input":{"@type":"PropertyValueSpecification","valueRequired":true,"valueName":"search_term_string"}}],"inLanguage":"fr-FR"},{"@type":"Person","@id":"https:\/\/www.gold.fr\/news\/#\/schema\/person\/4ed91d9a70d8f3a313c26e8308214fc2","name":"Laurent Schwartz","image":{"@type":"ImageObject","inLanguage":"fr-FR","@id":"https:\/\/secure.gravatar.com\/avatar\/1496f846049365121827f5470219486f1a95f83957cc8ca0a9595e40c185f5ee?s=96&d=mm&r=g76f0e87c9ba82a161860a0fc16990d85","url":"https:\/\/secure.gravatar.com\/avatar\/1496f846049365121827f5470219486f1a95f83957cc8ca0a9595e40c185f5ee?s=96&d=mm&r=g","contentUrl":"https:\/\/secure.gravatar.com\/avatar\/1496f846049365121827f5470219486f1a95f83957cc8ca0a9595e40c185f5ee?s=96&d=mm&r=g","caption":"Laurent Schwartz"},"description":"Dipl\u00f4m\u00e9 de l\u2019EDHEC Business School en 2005, Laurent SCHWARTZ int\u00e8gre le cabinet d\u2019audit ERNST &amp; YOUNG en 2005 o\u00f9 il travaille pendant 4 ans. Parall\u00e8lement, il travaille au sein de l\u2019entreprise familiale cr\u00e9\u00e9e en 1976 \u00e0 Strasbourg. Fort de cette exp\u00e9rience et du savoir-faire d\u00e9velopp\u00e9 durant ces 40 derni\u00e8res ann\u00e9es, Laurent proc\u00e8de \u00e0 la refonte du site Internet Gold.fr d\u00e9di\u00e9 \u00e0 l\u2019achat d'or, vente d\u2019or (pi\u00e8ces, lingots, ...), achat or et argent,... qui conna\u00eetra un franc succ\u00e8s d\u00e8s son d\u00e9marrage en 2008. Il d\u00e9cide alors de d\u00e9velopper un r\u00e9seau de concessions exclusives: Le Comptoir National de l\u2019Or. Il assure d\u00e9sormais le pilotage strat\u00e9gique du 1er r\u00e9seau de France qui compte aujourd\u2019hui pas loin de 60 agences r\u00e9parties dans toute la France et depuis peu en Allemagne (Breisach). Le Comptoir National de l\u2019Or se positionne aujourd\u2019hui comme le leader incontournable sur le march\u00e9 de l\u2019Or et des m\u00e9taux pr\u00e9cieux en France.","sameAs":["https:\/\/www.gold.fr","https:\/\/www.linkedin.com\/in\/acheteror\/"]}]}},"authors":[{"term_id":2567,"user_id":6,"is_guest":0,"slug":"laurent","display_name":"Laurent Schwartz","avatar_url":"https:\/\/secure.gravatar.com\/avatar\/1496f846049365121827f5470219486f1a95f83957cc8ca0a9595e40c185f5ee?s=96&d=mm&r=g","0":null,"1":"","2":"","3":"","4":"","5":"","6":"","7":"","8":""}],"_links":{"self":[{"href":"https:\/\/www.gold.fr\/news\/wp-json\/wp\/v2\/posts\/35985","targetHints":{"allow":["GET"]}}],"collection":[{"href":"https:\/\/www.gold.fr\/news\/wp-json\/wp\/v2\/posts"}],"about":[{"href":"https:\/\/www.gold.fr\/news\/wp-json\/wp\/v2\/types\/post"}],"author":[{"embeddable":true,"href":"https:\/\/www.gold.fr\/news\/wp-json\/wp\/v2\/users\/6"}],"replies":[{"embeddable":true,"href":"https:\/\/www.gold.fr\/news\/wp-json\/wp\/v2\/comments?post=35985"}],"version-history":[{"count":0,"href":"https:\/\/www.gold.fr\/news\/wp-json\/wp\/v2\/posts\/35985\/revisions"}],"wp:featuredmedia":[{"embeddable":true,"href":"https:\/\/www.gold.fr\/news\/wp-json\/wp\/v2\/media\/35986"}],"wp:attachment":[{"href":"https:\/\/www.gold.fr\/news\/wp-json\/wp\/v2\/media?parent=35985"}],"wp:term":[{"taxonomy":"category","embeddable":true,"href":"https:\/\/www.gold.fr\/news\/wp-json\/wp\/v2\/categories?post=35985"},{"taxonomy":"post_tag","embeddable":true,"href":"https:\/\/www.gold.fr\/news\/wp-json\/wp\/v2\/tags?post=35985"},{"taxonomy":"author","embeddable":true,"href":"https:\/\/www.gold.fr\/news\/wp-json\/wp\/v2\/ppma_author?post=35985"}],"curies":[{"name":"wp","href":"https:\/\/api.w.org\/{rel}","templated":true}]}}