{"id":35979,"date":"2020-01-23T16:55:36","date_gmt":"2020-01-23T15:55:36","guid":{"rendered":"https:\/\/www.gold.fr\/news\/?p=35979"},"modified":"2021-09-17T11:51:54","modified_gmt":"2021-09-17T09:51:54","slug":"le-livret-a-ne-compense-pas-linflation-lor-oui","status":"publish","type":"post","link":"https:\/\/www.gold.fr\/news\/2020\/01\/23\/le-livret-a-ne-compense-pas-linflation-lor-oui\/","title":{"rendered":"Le livret A ne compense pas l&rsquo;inflation, l&rsquo;or oui"},"content":{"rendered":"<p style=\"text-align: justify;\"><a href=\"https:\/\/www.gouvernement.fr\/ministre\/bruno-le-maire\" target=\"_blank\" rel=\"noopener noreferrer\">Bruno Le Maire<\/a>, ministre de l\u2019\u00e9conomie, vient de l\u2019annoncer : le <a href=\"https:\/\/www.service-public.fr\/particuliers\/vosdroits\/F2365\" target=\"_blank\" rel=\"noopener noreferrer\">taux du livret A<\/a> va baisser de 0.75% \u00e0 0.5%, son plus bas historique. C\u2019est la r\u00e9sultante d\u2019une formule de calcul qui prend en compte les taux d\u2019int\u00e9r\u00eat interbancaires \u00e0 court terme qui sont en terrain n\u00e9gatif et qui tirent la r\u00e9mun\u00e9ration du livret A \u00e0 la baisse.<\/p>\n<p style=\"text-align: justify;\">Non seulement la r\u00e9mun\u00e9ration de ce placement populaire est nettement en dessous de l\u2019<strong>inflation<\/strong> qui s\u2019est \u00e9tablie en 2019 \u00e0 1.1%, mais <strong>investir<\/strong> dans le livret A c\u2019est l\u2019assurance de perdre du pouvoir d\u2019achat en 2020, puisque l\u2019inflation est attendu \u00e0 1.2% par le gouvernement.<\/p>\n<p style=\"text-align: justify;\">L\u2019autre <strong>actif<\/strong> qui est connu pour ses <strong>propri\u00e9t\u00e9s de protection<\/strong> contre l\u2019inflation, c\u2019est l\u2019<strong>or<\/strong>. Sa performance brute est tr\u00e8s nettement sup\u00e9rieure \u00e0 celle du livret A sur toutes les p\u00e9riodes (voir le <a title=\"cours de l'or\" href=\"https:\/\/www.gold.fr\/cours-or-prix-de-l-or\/\">cours de l&rsquo;or<\/a>), m\u00eame si celui-ci n\u2019est pas fiscalis\u00e9. Mais surtout, m\u00eame si certaines ann\u00e9es peuvent \u00eatre n\u00e9gatives, sur le moyen et long terme sa performance est largement sup\u00e9rieure \u00e0 l\u2019inflation qui a en moyenne atteint environ 1.4% par an depuis le d\u00e9but des ann\u00e9es 2000.<\/p>\n<p><a href=\"https:\/\/www.gold.fr\/news\/wp-content\/uploads\/2020\/01\/perf-annualis\u00e9e-.jpg\"><img loading=\"lazy\" decoding=\"async\" class=\"alignnone wp-image-35980 size-full\" title=\"Evolution livret A et cours Or\" src=\"https:\/\/www.gold.fr\/news\/wp-content\/uploads\/2020\/01\/perf-annualis\u00e9e-.jpg\" alt=\"Evolution livret A et cours Or\" width=\"500\" height=\"120\" srcset=\"https:\/\/www.gold.fr\/news\/wp-content\/uploads\/2020\/01\/perf-annualis\u00e9e-.jpg 500w, https:\/\/www.gold.fr\/news\/wp-content\/uploads\/2020\/01\/perf-annualis\u00e9e--300x72.jpg 300w, https:\/\/www.gold.fr\/news\/wp-content\/uploads\/2020\/01\/perf-annualis\u00e9e--298x72.jpg 298w\" sizes=\"auto, (max-width: 500px) 100vw, 500px\" \/><\/a><\/p>\n<!-- AddThis Advanced Settings generic via filter on the_content --><!-- AddThis Share Buttons generic via filter on the_content -->","protected":false},"excerpt":{"rendered":"<p>Bruno Le Maire, ministre de l\u2019\u00e9conomie, vient de l\u2019annoncer : le taux du livret A va baisser de 0.75% \u00e0 0.5%, son plus bas historique. C\u2019est la r\u00e9sultante d\u2019une formule de calcul qui prend en compte [&hellip;]<\/p>\n","protected":false},"author":6,"featured_media":35981,"comment_status":"closed","ping_status":"closed","sticky":false,"template":"","format":"standard","meta":{"_mbp_gutenberg_autopost":false,"_pgmb_is_evergreen":false,"_pgmb_ap_template_id":0,"footnotes":""},"categories":[5],"tags":[116,234],"ppma_author":[2567],"class_list":["post-35979","post","type-post","status-publish","format-standard","has-post-thumbnail","hentry","category-flash-infos","tag-inflation","tag-valeur-refuge"],"yoast_head":"<!-- This site is optimized with the Yoast SEO plugin v27.5 - https:\/\/yoast.com\/product\/yoast-seo-wordpress\/ -->\n<title>Le livret A ne compense pas l&#039;inflation, l&#039;or oui Bonne raison Achat or<\/title>\n<meta name=\"description\" content=\"Le livret A ne compense pas l&#039;inflation, l&#039;or oui Le taux du livret A va baisser de 0.75% \u00e0 0.5%, son plus bas historique\" \/>\n<meta name=\"robots\" content=\"index, follow, max-snippet:-1, max-image-preview:large, max-video-preview:-1\" \/>\n<link rel=\"canonical\" href=\"https:\/\/www.gold.fr\/news\/2020\/01\/23\/le-livret-a-ne-compense-pas-linflation-lor-oui\/\" \/>\n<meta property=\"og:locale\" content=\"fr_FR\" \/>\n<meta property=\"og:type\" content=\"article\" \/>\n<meta property=\"og:title\" content=\"Le livret A ne compense pas l&#039;inflation, l&#039;or oui Bonne raison Achat or\" \/>\n<meta property=\"og:description\" content=\"Le livret A ne compense pas l&#039;inflation, l&#039;or oui Le taux du livret A va baisser de 0.75% \u00e0 0.5%, son plus bas historique\" \/>\n<meta property=\"og:url\" content=\"https:\/\/www.gold.fr\/news\/2020\/01\/23\/le-livret-a-ne-compense-pas-linflation-lor-oui\/\" \/>\n<meta property=\"og:site_name\" content=\"Gold.fr\" \/>\n<meta property=\"article:publisher\" content=\"https:\/\/www.facebook.com\/Goldfr\/\" \/>\n<meta property=\"article:published_time\" content=\"2020-01-23T15:55:36+00:00\" \/>\n<meta property=\"article:modified_time\" content=\"2021-09-17T09:51:54+00:00\" \/>\n<meta property=\"og:image\" content=\"https:\/\/www.gold.fr\/news\/wp-content\/uploads\/2020\/01\/livret-a.jpg\" \/>\n\t<meta property=\"og:image:width\" content=\"800\" \/>\n\t<meta property=\"og:image:height\" content=\"533\" \/>\n\t<meta property=\"og:image:type\" content=\"image\/jpeg\" \/>\n<meta name=\"author\" content=\"Laurent Schwartz\" \/>\n<meta name=\"twitter:card\" content=\"summary_large_image\" \/>\n<meta name=\"twitter:label1\" content=\"\u00c9crit par\" \/>\n\t<meta name=\"twitter:data1\" content=\"Laurent Schwartz\" \/>\n\t<meta name=\"twitter:label2\" content=\"Dur\u00e9e de lecture estim\u00e9e\" \/>\n\t<meta name=\"twitter:data2\" content=\"1 minute\" \/>\n<script type=\"application\/ld+json\" class=\"yoast-schema-graph\">{\"@context\":\"https:\\\/\\\/schema.org\",\"@graph\":[{\"@type\":\"Article\",\"@id\":\"https:\\\/\\\/www.gold.fr\\\/news\\\/2020\\\/01\\\/23\\\/le-livret-a-ne-compense-pas-linflation-lor-oui\\\/#article\",\"isPartOf\":{\"@id\":\"https:\\\/\\\/www.gold.fr\\\/news\\\/2020\\\/01\\\/23\\\/le-livret-a-ne-compense-pas-linflation-lor-oui\\\/\"},\"author\":{\"name\":\"Laurent Schwartz\",\"@id\":\"https:\\\/\\\/www.gold.fr\\\/news\\\/#\\\/schema\\\/person\\\/4ed91d9a70d8f3a313c26e8308214fc2\"},\"headline\":\"Le livret A ne compense pas l&rsquo;inflation, l&rsquo;or oui\",\"datePublished\":\"2020-01-23T15:55:36+00:00\",\"dateModified\":\"2021-09-17T09:51:54+00:00\",\"mainEntityOfPage\":{\"@id\":\"https:\\\/\\\/www.gold.fr\\\/news\\\/2020\\\/01\\\/23\\\/le-livret-a-ne-compense-pas-linflation-lor-oui\\\/\"},\"wordCount\":215,\"image\":{\"@id\":\"https:\\\/\\\/www.gold.fr\\\/news\\\/2020\\\/01\\\/23\\\/le-livret-a-ne-compense-pas-linflation-lor-oui\\\/#primaryimage\"},\"thumbnailUrl\":\"https:\\\/\\\/www.gold.fr\\\/news\\\/wp-content\\\/uploads\\\/2020\\\/01\\\/livret-a.jpg\",\"keywords\":[\"inflation\",\"Valeur refuge\"],\"articleSection\":[\"Flash infos\"],\"inLanguage\":\"fr-FR\"},{\"@type\":\"WebPage\",\"@id\":\"https:\\\/\\\/www.gold.fr\\\/news\\\/2020\\\/01\\\/23\\\/le-livret-a-ne-compense-pas-linflation-lor-oui\\\/\",\"url\":\"https:\\\/\\\/www.gold.fr\\\/news\\\/2020\\\/01\\\/23\\\/le-livret-a-ne-compense-pas-linflation-lor-oui\\\/\",\"name\":\"Le livret A ne compense pas l'inflation, l'or oui Bonne raison Achat or\",\"isPartOf\":{\"@id\":\"https:\\\/\\\/www.gold.fr\\\/news\\\/#website\"},\"primaryImageOfPage\":{\"@id\":\"https:\\\/\\\/www.gold.fr\\\/news\\\/2020\\\/01\\\/23\\\/le-livret-a-ne-compense-pas-linflation-lor-oui\\\/#primaryimage\"},\"image\":{\"@id\":\"https:\\\/\\\/www.gold.fr\\\/news\\\/2020\\\/01\\\/23\\\/le-livret-a-ne-compense-pas-linflation-lor-oui\\\/#primaryimage\"},\"thumbnailUrl\":\"https:\\\/\\\/www.gold.fr\\\/news\\\/wp-content\\\/uploads\\\/2020\\\/01\\\/livret-a.jpg\",\"datePublished\":\"2020-01-23T15:55:36+00:00\",\"dateModified\":\"2021-09-17T09:51:54+00:00\",\"author\":{\"@id\":\"https:\\\/\\\/www.gold.fr\\\/news\\\/#\\\/schema\\\/person\\\/4ed91d9a70d8f3a313c26e8308214fc2\"},\"description\":\"Le livret A ne compense pas l'inflation, l'or oui Le taux du livret A va baisser de 0.75% \u00e0 0.5%, son plus bas historique\",\"breadcrumb\":{\"@id\":\"https:\\\/\\\/www.gold.fr\\\/news\\\/2020\\\/01\\\/23\\\/le-livret-a-ne-compense-pas-linflation-lor-oui\\\/#breadcrumb\"},\"inLanguage\":\"fr-FR\",\"potentialAction\":[{\"@type\":\"ReadAction\",\"target\":[\"https:\\\/\\\/www.gold.fr\\\/news\\\/2020\\\/01\\\/23\\\/le-livret-a-ne-compense-pas-linflation-lor-oui\\\/\"]}]},{\"@type\":\"ImageObject\",\"inLanguage\":\"fr-FR\",\"@id\":\"https:\\\/\\\/www.gold.fr\\\/news\\\/2020\\\/01\\\/23\\\/le-livret-a-ne-compense-pas-linflation-lor-oui\\\/#primaryimage\",\"url\":\"https:\\\/\\\/www.gold.fr\\\/news\\\/wp-content\\\/uploads\\\/2020\\\/01\\\/livret-a.jpg\",\"contentUrl\":\"https:\\\/\\\/www.gold.fr\\\/news\\\/wp-content\\\/uploads\\\/2020\\\/01\\\/livret-a.jpg\",\"width\":800,\"height\":533,\"caption\":\"Le livret a ne compense pas l'inflation, l'or oui\"},{\"@type\":\"BreadcrumbList\",\"@id\":\"https:\\\/\\\/www.gold.fr\\\/news\\\/2020\\\/01\\\/23\\\/le-livret-a-ne-compense-pas-linflation-lor-oui\\\/#breadcrumb\",\"itemListElement\":[{\"@type\":\"ListItem\",\"position\":1,\"name\":\"Accueil\",\"item\":\"https:\\\/\\\/www.gold.fr\\\/\"},{\"@type\":\"ListItem\",\"position\":2,\"name\":\"Actualit\u00e9s\",\"item\":\"https:\\\/\\\/www.gold.fr\\\/news\\\/\"},{\"@type\":\"ListItem\",\"position\":3,\"name\":\"Le livret A ne compense pas l&rsquo;inflation, l&rsquo;or oui\"}]},{\"@type\":\"WebSite\",\"@id\":\"https:\\\/\\\/www.gold.fr\\\/news\\\/#website\",\"url\":\"https:\\\/\\\/www.gold.fr\\\/news\\\/\",\"name\":\"Gold.fr\",\"description\":\"Actualit\u00e9s de l&#039;Or et des m\u00e9taux pr\u00e9cieux\",\"potentialAction\":[{\"@type\":\"SearchAction\",\"target\":{\"@type\":\"EntryPoint\",\"urlTemplate\":\"https:\\\/\\\/www.gold.fr\\\/news\\\/?s={search_term_string}\"},\"query-input\":{\"@type\":\"PropertyValueSpecification\",\"valueRequired\":true,\"valueName\":\"search_term_string\"}}],\"inLanguage\":\"fr-FR\"},{\"@type\":\"Person\",\"@id\":\"https:\\\/\\\/www.gold.fr\\\/news\\\/#\\\/schema\\\/person\\\/4ed91d9a70d8f3a313c26e8308214fc2\",\"name\":\"Laurent Schwartz\",\"image\":{\"@type\":\"ImageObject\",\"inLanguage\":\"fr-FR\",\"@id\":\"https:\\\/\\\/secure.gravatar.com\\\/avatar\\\/1496f846049365121827f5470219486f1a95f83957cc8ca0a9595e40c185f5ee?s=96&d=mm&r=g76f0e87c9ba82a161860a0fc16990d85\",\"url\":\"https:\\\/\\\/secure.gravatar.com\\\/avatar\\\/1496f846049365121827f5470219486f1a95f83957cc8ca0a9595e40c185f5ee?s=96&d=mm&r=g\",\"contentUrl\":\"https:\\\/\\\/secure.gravatar.com\\\/avatar\\\/1496f846049365121827f5470219486f1a95f83957cc8ca0a9595e40c185f5ee?s=96&d=mm&r=g\",\"caption\":\"Laurent Schwartz\"},\"description\":\"Dipl\u00f4m\u00e9 de l\u2019EDHEC Business School en 2005, Laurent SCHWARTZ int\u00e8gre le cabinet d\u2019audit ERNST &amp; YOUNG en 2005 o\u00f9 il travaille pendant 4 ans. Parall\u00e8lement, il travaille au sein de l\u2019entreprise familiale cr\u00e9\u00e9e en 1976 \u00e0 Strasbourg. Fort de cette exp\u00e9rience et du savoir-faire d\u00e9velopp\u00e9 durant ces 40 derni\u00e8res ann\u00e9es, Laurent proc\u00e8de \u00e0 la refonte du site Internet Gold.fr d\u00e9di\u00e9 \u00e0 l\u2019achat d'or, vente d\u2019or (pi\u00e8ces, lingots, ...), achat or et argent,... qui conna\u00eetra un franc succ\u00e8s d\u00e8s son d\u00e9marrage en 2008. Il d\u00e9cide alors de d\u00e9velopper un r\u00e9seau de concessions exclusives: Le Comptoir National de l\u2019Or. Il assure d\u00e9sormais le pilotage strat\u00e9gique du 1er r\u00e9seau de France qui compte aujourd\u2019hui pas loin de 60 agences r\u00e9parties dans toute la France et depuis peu en Allemagne (Breisach). Le Comptoir National de l\u2019Or se positionne aujourd\u2019hui comme le leader incontournable sur le march\u00e9 de l\u2019Or et des m\u00e9taux pr\u00e9cieux en France.\",\"sameAs\":[\"https:\\\/\\\/www.gold.fr\",\"https:\\\/\\\/www.linkedin.com\\\/in\\\/acheteror\\\/\"]}]}<\/script>\n<!-- \/ Yoast SEO plugin. -->","yoast_head_json":{"title":"Le livret A ne compense pas l'inflation, l'or oui Bonne raison Achat or","description":"Le livret A ne compense pas l'inflation, l'or oui Le taux du livret A va baisser de 0.75% \u00e0 0.5%, son plus bas historique","robots":{"index":"index","follow":"follow","max-snippet":"max-snippet:-1","max-image-preview":"max-image-preview:large","max-video-preview":"max-video-preview:-1"},"canonical":"https:\/\/www.gold.fr\/news\/2020\/01\/23\/le-livret-a-ne-compense-pas-linflation-lor-oui\/","og_locale":"fr_FR","og_type":"article","og_title":"Le livret A ne compense pas l'inflation, l'or oui Bonne raison Achat or","og_description":"Le livret A ne compense pas l'inflation, l'or oui Le taux du livret A va baisser de 0.75% \u00e0 0.5%, son plus bas historique","og_url":"https:\/\/www.gold.fr\/news\/2020\/01\/23\/le-livret-a-ne-compense-pas-linflation-lor-oui\/","og_site_name":"Gold.fr","article_publisher":"https:\/\/www.facebook.com\/Goldfr\/","article_published_time":"2020-01-23T15:55:36+00:00","article_modified_time":"2021-09-17T09:51:54+00:00","og_image":[{"width":800,"height":533,"url":"https:\/\/www.gold.fr\/news\/wp-content\/uploads\/2020\/01\/livret-a.jpg","type":"image\/jpeg"}],"author":"Laurent Schwartz","twitter_card":"summary_large_image","twitter_misc":{"\u00c9crit par":"Laurent Schwartz","Dur\u00e9e de lecture estim\u00e9e":"1 minute"},"schema":{"@context":"https:\/\/schema.org","@graph":[{"@type":"Article","@id":"https:\/\/www.gold.fr\/news\/2020\/01\/23\/le-livret-a-ne-compense-pas-linflation-lor-oui\/#article","isPartOf":{"@id":"https:\/\/www.gold.fr\/news\/2020\/01\/23\/le-livret-a-ne-compense-pas-linflation-lor-oui\/"},"author":{"name":"Laurent Schwartz","@id":"https:\/\/www.gold.fr\/news\/#\/schema\/person\/4ed91d9a70d8f3a313c26e8308214fc2"},"headline":"Le livret A ne compense pas l&rsquo;inflation, l&rsquo;or oui","datePublished":"2020-01-23T15:55:36+00:00","dateModified":"2021-09-17T09:51:54+00:00","mainEntityOfPage":{"@id":"https:\/\/www.gold.fr\/news\/2020\/01\/23\/le-livret-a-ne-compense-pas-linflation-lor-oui\/"},"wordCount":215,"image":{"@id":"https:\/\/www.gold.fr\/news\/2020\/01\/23\/le-livret-a-ne-compense-pas-linflation-lor-oui\/#primaryimage"},"thumbnailUrl":"https:\/\/www.gold.fr\/news\/wp-content\/uploads\/2020\/01\/livret-a.jpg","keywords":["inflation","Valeur refuge"],"articleSection":["Flash infos"],"inLanguage":"fr-FR"},{"@type":"WebPage","@id":"https:\/\/www.gold.fr\/news\/2020\/01\/23\/le-livret-a-ne-compense-pas-linflation-lor-oui\/","url":"https:\/\/www.gold.fr\/news\/2020\/01\/23\/le-livret-a-ne-compense-pas-linflation-lor-oui\/","name":"Le livret A ne compense pas l'inflation, l'or oui Bonne raison Achat or","isPartOf":{"@id":"https:\/\/www.gold.fr\/news\/#website"},"primaryImageOfPage":{"@id":"https:\/\/www.gold.fr\/news\/2020\/01\/23\/le-livret-a-ne-compense-pas-linflation-lor-oui\/#primaryimage"},"image":{"@id":"https:\/\/www.gold.fr\/news\/2020\/01\/23\/le-livret-a-ne-compense-pas-linflation-lor-oui\/#primaryimage"},"thumbnailUrl":"https:\/\/www.gold.fr\/news\/wp-content\/uploads\/2020\/01\/livret-a.jpg","datePublished":"2020-01-23T15:55:36+00:00","dateModified":"2021-09-17T09:51:54+00:00","author":{"@id":"https:\/\/www.gold.fr\/news\/#\/schema\/person\/4ed91d9a70d8f3a313c26e8308214fc2"},"description":"Le livret A ne compense pas l'inflation, l'or oui Le taux du livret A va baisser de 0.75% \u00e0 0.5%, son plus bas historique","breadcrumb":{"@id":"https:\/\/www.gold.fr\/news\/2020\/01\/23\/le-livret-a-ne-compense-pas-linflation-lor-oui\/#breadcrumb"},"inLanguage":"fr-FR","potentialAction":[{"@type":"ReadAction","target":["https:\/\/www.gold.fr\/news\/2020\/01\/23\/le-livret-a-ne-compense-pas-linflation-lor-oui\/"]}]},{"@type":"ImageObject","inLanguage":"fr-FR","@id":"https:\/\/www.gold.fr\/news\/2020\/01\/23\/le-livret-a-ne-compense-pas-linflation-lor-oui\/#primaryimage","url":"https:\/\/www.gold.fr\/news\/wp-content\/uploads\/2020\/01\/livret-a.jpg","contentUrl":"https:\/\/www.gold.fr\/news\/wp-content\/uploads\/2020\/01\/livret-a.jpg","width":800,"height":533,"caption":"Le livret a ne compense pas l'inflation, l'or oui"},{"@type":"BreadcrumbList","@id":"https:\/\/www.gold.fr\/news\/2020\/01\/23\/le-livret-a-ne-compense-pas-linflation-lor-oui\/#breadcrumb","itemListElement":[{"@type":"ListItem","position":1,"name":"Accueil","item":"https:\/\/www.gold.fr\/"},{"@type":"ListItem","position":2,"name":"Actualit\u00e9s","item":"https:\/\/www.gold.fr\/news\/"},{"@type":"ListItem","position":3,"name":"Le livret A ne compense pas l&rsquo;inflation, l&rsquo;or oui"}]},{"@type":"WebSite","@id":"https:\/\/www.gold.fr\/news\/#website","url":"https:\/\/www.gold.fr\/news\/","name":"Gold.fr","description":"Actualit\u00e9s de l&#039;Or et des m\u00e9taux pr\u00e9cieux","potentialAction":[{"@type":"SearchAction","target":{"@type":"EntryPoint","urlTemplate":"https:\/\/www.gold.fr\/news\/?s={search_term_string}"},"query-input":{"@type":"PropertyValueSpecification","valueRequired":true,"valueName":"search_term_string"}}],"inLanguage":"fr-FR"},{"@type":"Person","@id":"https:\/\/www.gold.fr\/news\/#\/schema\/person\/4ed91d9a70d8f3a313c26e8308214fc2","name":"Laurent Schwartz","image":{"@type":"ImageObject","inLanguage":"fr-FR","@id":"https:\/\/secure.gravatar.com\/avatar\/1496f846049365121827f5470219486f1a95f83957cc8ca0a9595e40c185f5ee?s=96&d=mm&r=g76f0e87c9ba82a161860a0fc16990d85","url":"https:\/\/secure.gravatar.com\/avatar\/1496f846049365121827f5470219486f1a95f83957cc8ca0a9595e40c185f5ee?s=96&d=mm&r=g","contentUrl":"https:\/\/secure.gravatar.com\/avatar\/1496f846049365121827f5470219486f1a95f83957cc8ca0a9595e40c185f5ee?s=96&d=mm&r=g","caption":"Laurent Schwartz"},"description":"Dipl\u00f4m\u00e9 de l\u2019EDHEC Business School en 2005, Laurent SCHWARTZ int\u00e8gre le cabinet d\u2019audit ERNST &amp; YOUNG en 2005 o\u00f9 il travaille pendant 4 ans. Parall\u00e8lement, il travaille au sein de l\u2019entreprise familiale cr\u00e9\u00e9e en 1976 \u00e0 Strasbourg. Fort de cette exp\u00e9rience et du savoir-faire d\u00e9velopp\u00e9 durant ces 40 derni\u00e8res ann\u00e9es, Laurent proc\u00e8de \u00e0 la refonte du site Internet Gold.fr d\u00e9di\u00e9 \u00e0 l\u2019achat d'or, vente d\u2019or (pi\u00e8ces, lingots, ...), achat or et argent,... qui conna\u00eetra un franc succ\u00e8s d\u00e8s son d\u00e9marrage en 2008. Il d\u00e9cide alors de d\u00e9velopper un r\u00e9seau de concessions exclusives: Le Comptoir National de l\u2019Or. Il assure d\u00e9sormais le pilotage strat\u00e9gique du 1er r\u00e9seau de France qui compte aujourd\u2019hui pas loin de 60 agences r\u00e9parties dans toute la France et depuis peu en Allemagne (Breisach). Le Comptoir National de l\u2019Or se positionne aujourd\u2019hui comme le leader incontournable sur le march\u00e9 de l\u2019Or et des m\u00e9taux pr\u00e9cieux en France.","sameAs":["https:\/\/www.gold.fr","https:\/\/www.linkedin.com\/in\/acheteror\/"]}]}},"authors":[{"term_id":2567,"user_id":6,"is_guest":0,"slug":"laurent","display_name":"Laurent Schwartz","avatar_url":"https:\/\/secure.gravatar.com\/avatar\/1496f846049365121827f5470219486f1a95f83957cc8ca0a9595e40c185f5ee?s=96&d=mm&r=g","0":null,"1":"","2":"","3":"","4":"","5":"","6":"","7":"","8":""}],"_links":{"self":[{"href":"https:\/\/www.gold.fr\/news\/wp-json\/wp\/v2\/posts\/35979","targetHints":{"allow":["GET"]}}],"collection":[{"href":"https:\/\/www.gold.fr\/news\/wp-json\/wp\/v2\/posts"}],"about":[{"href":"https:\/\/www.gold.fr\/news\/wp-json\/wp\/v2\/types\/post"}],"author":[{"embeddable":true,"href":"https:\/\/www.gold.fr\/news\/wp-json\/wp\/v2\/users\/6"}],"replies":[{"embeddable":true,"href":"https:\/\/www.gold.fr\/news\/wp-json\/wp\/v2\/comments?post=35979"}],"version-history":[{"count":0,"href":"https:\/\/www.gold.fr\/news\/wp-json\/wp\/v2\/posts\/35979\/revisions"}],"wp:featuredmedia":[{"embeddable":true,"href":"https:\/\/www.gold.fr\/news\/wp-json\/wp\/v2\/media\/35981"}],"wp:attachment":[{"href":"https:\/\/www.gold.fr\/news\/wp-json\/wp\/v2\/media?parent=35979"}],"wp:term":[{"taxonomy":"category","embeddable":true,"href":"https:\/\/www.gold.fr\/news\/wp-json\/wp\/v2\/categories?post=35979"},{"taxonomy":"post_tag","embeddable":true,"href":"https:\/\/www.gold.fr\/news\/wp-json\/wp\/v2\/tags?post=35979"},{"taxonomy":"author","embeddable":true,"href":"https:\/\/www.gold.fr\/news\/wp-json\/wp\/v2\/ppma_author?post=35979"}],"curies":[{"name":"wp","href":"https:\/\/api.w.org\/{rel}","templated":true}]}}