{"id":35946,"date":"2020-01-09T16:40:20","date_gmt":"2020-01-09T15:40:20","guid":{"rendered":"https:\/\/www.gold.fr\/news\/?p=35946"},"modified":"2021-01-11T14:03:23","modified_gmt":"2021-01-11T13:03:23","slug":"2019-une-annee-en-or","status":"publish","type":"post","link":"https:\/\/www.gold.fr\/news\/2020\/01\/09\/2019-une-annee-en-or\/","title":{"rendered":"2019 une ann\u00e9e en or"},"content":{"rendered":"<h3>Ce qu\u2019il faut retenir :<\/h3>\n<ul>\n<li>Un bon mois de d\u00e9cembre\u00a0: +2.3% en euros<\/li>\n<li>Une belle ann\u00e9e 2019 : +21.3% en euros, deuxi\u00e8me meilleure ann\u00e9e de la d\u00e9cennie<\/li>\n<li>Une performance \u00e9quivalente \u00e0 celle des actions, la diversification en prime<\/li>\n<li>Une d\u00e9cennie excellente\u00a0: +5.7% par an<\/li>\n<li>Risque politique\u00a0: le th\u00e8me marquant de 2019\u2026. Et de 2020\u00a0?<\/li>\n<li>L\u2019\u00e9conomie et les taux ont soutenu l\u2019or en 2019<\/li>\n<li>Achats record de banques centrales en 2019<\/li>\n<\/ul>\n<p>Le 31 d\u00e9cembre 2019 marquant la fin de la d\u00e9cennie, ce rapport mensuel fournit une bonne occasion de passer en revue la performance du m\u00e9tal jaune de mani\u00e8re un peu plus approfondie que d\u2019habitude.<\/p>\n<h3>Une belle fin d\u2019ann\u00e9e<\/h3>\n<p style=\"text-align: justify;\">Le 31 d\u00e9cembre, au seul fixing londonien de la journ\u00e9e (le matin), le <a href=\"https:\/\/www.gold.fr\/cours-or-prix-de-l-or\/once-dor\/\">cours de l\u2019once d\u2019or<\/a> a atteint 1523 dollars. Le m\u00e9tal jaune repasse au-dessus de la barre symbolique des 1500 points et enregistre un plus haut depuis fin septembre. La performance sur le dernier mois de l\u2019ann\u00e9e s\u2019\u00e9l\u00e8ve ainsi \u00e0 +4.3% en dollar. <strong>Avec un cours de 1358.06 euros, l\u2019once progresse de 2.31% en euros en d\u00e9cembre.<\/strong> C\u2019est moins qu\u2019en dollar, en raison d\u2019une baisse significative du billet vert. Cette excellente performance a principalement \u00e9t\u00e9 r\u00e9alis\u00e9e dans la seconde moiti\u00e9 du mois.<\/p>\n<p><a href=\"https:\/\/www.gold.fr\/news\/wp-content\/uploads\/2020\/01\/cours-or-dec2019.jpg\"><img loading=\"lazy\" decoding=\"async\" class=\"alignnone wp-image-35947 size-full\" title=\"Cours Or 2019 en euro\" src=\"https:\/\/www.gold.fr\/news\/wp-content\/uploads\/2020\/01\/cours-or-dec2019.jpg\" alt=\"Cours Or 2019 en euro\" width=\"548\" height=\"127\" srcset=\"https:\/\/www.gold.fr\/news\/wp-content\/uploads\/2020\/01\/cours-or-dec2019.jpg 548w, https:\/\/www.gold.fr\/news\/wp-content\/uploads\/2020\/01\/cours-or-dec2019-300x70.jpg 300w, https:\/\/www.gold.fr\/news\/wp-content\/uploads\/2020\/01\/cours-or-dec2019-4x1.jpg 4w\" sizes=\"auto, (max-width: 548px) 100vw, 548px\" \/><\/a> <a href=\"https:\/\/www.gold.fr\/news\/wp-content\/uploads\/2020\/01\/graph-cours-or-dec2019.jpg\"><img loading=\"lazy\" decoding=\"async\" class=\"alignnone wp-image-35948 size-full\" title=\"Pic cours de l'or en 2019\" src=\"https:\/\/www.gold.fr\/news\/wp-content\/uploads\/2020\/01\/graph-cours-or-dec2019.jpg\" alt=\"Pic cours de l'or en 2019\" width=\"565\" height=\"332\" srcset=\"https:\/\/www.gold.fr\/news\/wp-content\/uploads\/2020\/01\/graph-cours-or-dec2019.jpg 565w, https:\/\/www.gold.fr\/news\/wp-content\/uploads\/2020\/01\/graph-cours-or-dec2019-300x176.jpg 300w, https:\/\/www.gold.fr\/news\/wp-content\/uploads\/2020\/01\/graph-cours-or-dec2019-2x1.jpg 2w\" sizes=\"auto, (max-width: 565px) 100vw, 565px\" \/><\/a><\/p>\n<p style=\"text-align: justify;\">2019 restera dans les annales comme un superbe mill\u00e9sime pour l\u2019or. <strong>Le m\u00e9tal jaune s\u2019est en effet appr\u00e9ci\u00e9 de 21.25% en euros<\/strong>, et de 18.83% en dollars. <strong>Il s\u2019agit de la 2<sup>\u00e8me<\/sup> meilleure ann\u00e9e de la d\u00e9cennie<\/strong>, apr\u00e8s 2010, et de la 4<sup>\u00e8me<\/sup> meilleure ann\u00e9e du si\u00e8cle (apr\u00e8s 2005, 2010, et 2009).<\/p>\n<p><a href=\"https:\/\/www.gold.fr\/news\/wp-content\/uploads\/2020\/01\/perf-annuelle-once-londres-eur.jpg\"><img loading=\"lazy\" decoding=\"async\" class=\"alignnone wp-image-35949 size-full\" title=\"Performance annuelle de l'once Or Londres\" src=\"https:\/\/www.gold.fr\/news\/wp-content\/uploads\/2020\/01\/perf-annuelle-once-londres-eur.jpg\" alt=\"Performance annuelle de l'once Or Londres\" width=\"576\" height=\"346\" srcset=\"https:\/\/www.gold.fr\/news\/wp-content\/uploads\/2020\/01\/perf-annuelle-once-londres-eur.jpg 576w, https:\/\/www.gold.fr\/news\/wp-content\/uploads\/2020\/01\/perf-annuelle-once-londres-eur-300x180.jpg 300w, https:\/\/www.gold.fr\/news\/wp-content\/uploads\/2020\/01\/perf-annuelle-once-londres-eur-2x1.jpg 2w\" sizes=\"auto, (max-width: 576px) 100vw, 576px\" \/><\/a> \u00a0 <em>Pour aller plus loin\u00a0: <\/em><a href=\"https:\/\/www.gold.fr\/informations-sur-l-or\/guides\/comment-est-fixe-le-cours-de-lor\"><em>Comment est fix\u00e9 le cours de l\u2019or\u00a0<\/em><\/a><em>?<\/em><\/p>\n<h3>Une performance \u00e9quivalente \u00e0 celle des actions, avec la diversification en prime<\/h3>\n<p style=\"text-align: justify;\">L\u2019ann\u00e9e a \u00e9galement \u00e9t\u00e9 bonne pour les actions, puisque l\u2019indice CAC 40 termine 2019 sur une hausse de plus de 26%, soit environ 5 points de mieux que l\u2019or. Mais \u00e0 ce niveau, ce qui compte c\u2019est que les 2 actifs ont r\u00e9alis\u00e9 des performances excellentes, et ce de mani\u00e8re d\u00e9corr\u00e9l\u00e9es. C\u2019est quand les actions baissaient ou stagnaient que l\u2019or a pris le relai, et vice versa\u00a0:<\/p>\n<p><a href=\"https:\/\/www.gold.fr\/news\/wp-content\/uploads\/2020\/01\/or-vs-actions-eur-2019.jpg\"><img loading=\"lazy\" decoding=\"async\" class=\"alignnone wp-image-35950 size-full\" title=\"Or vs Actions 2019\" src=\"https:\/\/www.gold.fr\/news\/wp-content\/uploads\/2020\/01\/or-vs-actions-eur-2019.jpg\" alt=\"Or vs Actions 2019\" width=\"553\" height=\"320\" srcset=\"https:\/\/www.gold.fr\/news\/wp-content\/uploads\/2020\/01\/or-vs-actions-eur-2019.jpg 553w, https:\/\/www.gold.fr\/news\/wp-content\/uploads\/2020\/01\/or-vs-actions-eur-2019-300x174.jpg 300w, https:\/\/www.gold.fr\/news\/wp-content\/uploads\/2020\/01\/or-vs-actions-eur-2019-2x1.jpg 2w\" sizes=\"auto, (max-width: 553px) 100vw, 553px\" \/><\/a><\/p>\n<p style=\"text-align: justify;\">Techniquement, cela se traduit par un coefficient de corr\u00e9lation n\u00e9gatif entre l\u2019or et le Cac 40. Il s\u2019est \u00e9tabli en moyenne \u00e0 -0.2, et est rest\u00e9 n\u00e9gatif toute l\u2019ann\u00e9e oscillant entre 0 et -0.4. Cela signifie que le m\u00e9tal jaune a un grand pouvoir de diversification et donc de r\u00e9duction du risque dans un portefeuille.<\/p>\n<p><a href=\"https:\/\/www.gold.fr\/news\/wp-content\/uploads\/2020\/01\/correlation-or-actions-eur-2019.jpg\"><img loading=\"lazy\" decoding=\"async\" class=\"alignnone wp-image-35951 size-full\" title=\"Corr\u00e9lation Or Actions 2019\" src=\"https:\/\/www.gold.fr\/news\/wp-content\/uploads\/2020\/01\/correlation-or-actions-eur-2019.jpg\" alt=\"Corr\u00e9lation Or Actions 2019\" width=\"536\" height=\"333\" srcset=\"https:\/\/www.gold.fr\/news\/wp-content\/uploads\/2020\/01\/correlation-or-actions-eur-2019.jpg 536w, https:\/\/www.gold.fr\/news\/wp-content\/uploads\/2020\/01\/correlation-or-actions-eur-2019-300x186.jpg 300w, https:\/\/www.gold.fr\/news\/wp-content\/uploads\/2020\/01\/correlation-or-actions-eur-2019-2x1.jpg 2w\" sizes=\"auto, (max-width: 536px) 100vw, 536px\" \/><\/a><\/p>\n<h3>+77% sur la d\u00e9cennie \u00e9coul\u00e9e et un cours multipli\u00e9 par 4.7 en 20 ans\u2026<\/h3>\n<p style=\"text-align: justify;\"><strong>Sur la d\u00e9cennie 2010-2019, le m\u00e9tal jaune s\u2019est appr\u00e9ci\u00e9 de 77.2% en euros<\/strong>, ce qui correspond \u00e0 une performance annualis\u00e9e de <strong>5.9% par an<\/strong>. A noter que la d\u00e9cennie pr\u00e9c\u00e9dente, celle des ann\u00e9es 2000, avait \u00e9t\u00e9 elle aussi particuli\u00e8rement favorable \u00e0 l\u2019or puisque celui-ci y a r\u00e9alis\u00e9 une performance annualis\u00e9e de plus de 10%.<\/p>\n<p style=\"text-align: justify;\">Il en r\u00e9sulte logiquement que depuis le d\u00e9but du si\u00e8cle, soit <strong>sur les 20 derni\u00e8res ann\u00e9es, le cours de l\u2019or en euros a \u00e9t\u00e9 multipli\u00e9 par 4.7, soit une performance de 8.04% par an. A titre de comparaison, les actions du CAC40 n\u2019ont progress\u00e9, elles, que de 0.02% par an\u00a0!<\/strong><\/p>\n<p><a href=\"https:\/\/www.gold.fr\/news\/wp-content\/uploads\/2020\/01\/or-vs-actions-eur-20ans.jpg\"><img loading=\"lazy\" decoding=\"async\" class=\"alignnone wp-image-35952 size-full\" title=\"Or vs Actions 20 ans\" src=\"https:\/\/www.gold.fr\/news\/wp-content\/uploads\/2020\/01\/or-vs-actions-eur-20ans.jpg\" alt=\"Or vs Actions 20 ans\" width=\"530\" height=\"314\" srcset=\"https:\/\/www.gold.fr\/news\/wp-content\/uploads\/2020\/01\/or-vs-actions-eur-20ans.jpg 530w, https:\/\/www.gold.fr\/news\/wp-content\/uploads\/2020\/01\/or-vs-actions-eur-20ans-300x178.jpg 300w, https:\/\/www.gold.fr\/news\/wp-content\/uploads\/2020\/01\/or-vs-actions-eur-20ans-2x1.jpg 2w\" sizes=\"auto, (max-width: 530px) 100vw, 530px\" \/><\/a><\/p>\n<h3>Risque politique\u00a0: le th\u00e8me marquant en 2019\u2026<\/h3>\n<p style=\"text-align: justify;\">La bonne performance de l\u2019or en 2019 s\u2019explique d\u2019abord par une <strong>incertitude g\u00e9opolitique constante<\/strong>, qui a \u00e9t\u00e9 aliment\u00e9e par <strong>la guerre commerciale<\/strong> (mais aussi technologique et financi\u00e8re) que se livrent les Etats-Unis et la Chine. Le monde a v\u00e9cu au rythme des tweets de Donald Trump qui annon\u00e7ait tant\u00f4t une nouvelle hausse des droits de douanes, tant\u00f4t un accord imminent. Si une tr\u00eave semble en vue, il ne faut cependant pas \u00eatre na\u00eff\u00a0: ce conflit s\u2019inscrit dans un contexte de nouvelle guerre froide, et donc sur le long terme.<\/p>\n<p style=\"text-align: justify;\">Le <strong>Brexit<\/strong> a \u00e9galement focalis\u00e9 l\u2019attention une bonne partie de l\u2019ann\u00e9e, avant que la situation semble se d\u00e9nouer en fin d\u2019ann\u00e9e avec un accord entre l\u2019UE et Boris Johnson, ainsi que la victoire de ce dernier aux l\u00e9gislatives anticip\u00e9es de d\u00e9cembre. N\u00e9anmoins, de nombreux points restent encore \u00e0 r\u00e9gler, et le spectre d\u2019un nouveau report, de la p\u00e9riode de transition cette fois, plane encore sur le dossier.<\/p>\n<p style=\"text-align: justify;\">Tout au long de l\u2019ann\u00e9e, \u00e0 mesure que ces risques resurgissaient, en particulier la question commerciale, les actions ont corrig\u00e9 et l\u2019or s\u2019est appr\u00e9ci\u00e9.<\/p>\n<p>&nbsp;<\/p>\n<h3>\u2026et de 2020\u00a0?<\/h3>\n<p style=\"text-align: justify;\">Il y a les \u00e9galement dossiers qui ont marqu\u00e9 2019 et qui se prolongeront probablement en 2020. A commencer par la <strong>Cor\u00e9e du Nord<\/strong>, o\u00f9 les n\u00e9gociations sont au point mort entre Trump et un Kim Jung Un qui menace de reprendre ses essais nucl\u00e9aires. Une nouvelle escalade rh\u00e9torique, au minimum, est \u00e0 pr\u00e9voir.<\/p>\n<p style=\"text-align: justify;\">En <strong>Iran<\/strong>, le chemin de l\u2019apaisement ne semble pas de mise, en particulier avec <a href=\"https:\/\/www.gold.fr\/news\/2019\/09\/17\/la-flambee-de-lor-noir-soutient-lor-jaune\/\">l\u2019attaque des installation saoudiennes attribu\u00e9es \u00e0 T\u00e9h\u00e9ran<\/a> en septembre. En ce d\u00e9but d\u2019ann\u00e9e, avec le bombardement am\u00e9ricain qui a \u00e9limin\u00e9 sur le sol irakien un haut dignitaire de l\u2019arm\u00e9e iranienne, le g\u00e9n\u00e9ral Soleimani, la tension franchit un cran suppl\u00e9mentaire. Les march\u00e9s sont tr\u00e8s sensibles \u00e0 la stabilit\u00e9 politique la r\u00e9gion, vitale pour l\u2019approvisionnement en p\u00e9trole du monde.<\/p>\n<p style=\"text-align: justify;\">Enfin, tous les dossiers g\u00e9opolitiques de 2020 seront influenc\u00e9s par <strong>la campagne pr\u00e9sidentielle am\u00e9ricaine<\/strong> en vue des \u00e9lections de novembre. Les candidats, en particulier Donald Trump, aura tr\u00e8s certainement besoin d\u2019\u00e9lectriser sa base \u00e9lectorale par des positions et des discours clivants. En clair, les tweets d\u00e9routants et d\u00e9stabilisants vont se multiplier\u2026<\/p>\n<p>&nbsp;<\/p>\n<h3>L\u2019\u00e9conomie et les taux ont soutenu l\u2019or en 2019<\/h3>\n<p style=\"text-align: justify;\">Les incertitudes commerciales et politiques ont ramen\u00e9 la croissance mondiale \u00e0 son plus bas niveau depuis la reprise \u00e9conomique de 2009. Tout au long de l\u2019ann\u00e9e, les interrogations sur la fin possible du cycle se sont manifest\u00e9es, en particulier en raison du fort ralentissement du secteur industriel. Ceci a pouss\u00e9 la Fed \u00e0 baisser ses taux directeurs par 3 fois, de 0.75% au total.<\/p>\n<p style=\"text-align: justify;\">La cons\u00e9quence directe a \u00e9t\u00e9 une baisse significative des taux d\u2019int\u00e9r\u00eat nominaux, et r\u00e9els (d\u00e9falqu\u00e9s de l\u2019inflation), ramenant ces derniers proches de 0 aux Etats-Unis. En Europe et au Japon, les taux se sont inscrits durablement en terrain n\u00e9gatifs. Une entorse au bon sens, mais qui commence \u00e0 durer.<\/p>\n<p style=\"text-align: justify;\">Traditionnellement l\u2019or b\u00e9n\u00e9ficie de la baisse des taux r\u00e9els, et 2019 n\u2019a pas fait exception. De plus, \u00e0 l\u2019heure des taux n\u00e9gatifs, d\u00e9tenir un actif qui ne rapporte rien est apparu \u00e0 certains investisseurs comme une bonne opportunit\u00e9 de prot\u00e9ger son portefeuille\u2026<\/p>\n<p>&nbsp;<\/p>\n<h3>2019\u00a0: ann\u00e9e record pour les achats de banques centrales<\/h3>\n<p style=\"text-align: justify;\">Les chiffres finaux ne sont pas encore disponibles, mais il s\u2019agira probablement d\u2019une ann\u00e9e record pour les achats d\u2019or par les banques centrales, au-del\u00e0 des 650 tonnes de 2018, soit plus de 15% de la production mondiale de m\u00e9tal jaune. Comme nous l\u2019avions comment\u00e9 tout au long de l\u2019ann\u00e9e, les achats sont provenus principalement des banques centrales russes, chinoises, polonaises, comme le montre les donn\u00e9es collect\u00e9es par le FMI.<\/p>\n<p><strong>Top 10 des banques centrales acheteuses d\u2019or en 2019<\/strong> <a href=\"https:\/\/www.gold.fr\/news\/wp-content\/uploads\/2020\/01\/10-banques-centrales-acheteuses-or-2019.jpg\"><img loading=\"lazy\" decoding=\"async\" class=\"alignnone wp-image-35953 size-full\" title=\"R\u00e9serves Or Variations par pays en 2019\" src=\"https:\/\/www.gold.fr\/news\/wp-content\/uploads\/2020\/01\/10-banques-centrales-acheteuses-or-2019.jpg\" alt=\"R\u00e9serves Or Variations par pays en 2019\" width=\"335\" height=\"256\" srcset=\"https:\/\/www.gold.fr\/news\/wp-content\/uploads\/2020\/01\/10-banques-centrales-acheteuses-or-2019.jpg 335w, https:\/\/www.gold.fr\/news\/wp-content\/uploads\/2020\/01\/10-banques-centrales-acheteuses-or-2019-300x229.jpg 300w, https:\/\/www.gold.fr\/news\/wp-content\/uploads\/2020\/01\/10-banques-centrales-acheteuses-or-2019-1x1.jpg 1w\" sizes=\"auto, (max-width: 335px) 100vw, 335px\" \/><\/a><\/p>\n<p style=\"text-align: justify;\">De ce classement nous pouvons d\u00e9duire les deux motivations principales de ces achats\u00a0: d\u2019abord diversifier ses r\u00e9serves en dehors du dollar, en particulier pour des pays en conflit (ou en rivalit\u00e9) avec les Etats-Unis, comme la Russie, la Chine, la Turquie et le Qatar. Mais aussi une volont\u00e9 d\u2019affirmation de sa souverainet\u00e9 \u00e9conomique, comme c\u2019est le cas pour les pays de l\u2019Est de l\u2019Europe.<\/p>\n<p><em>Pour aller plus loin\u00a0: <\/em><a href=\"https:\/\/www.gold.fr\/informations-sur-l-or\/guides\/reserves-dor-des-banques-centrales\"><em>les r\u00e9serves d\u2019or des banques centrales<\/em><\/a><\/p>\n<h3>Une ann\u00e9e en or pour 2020<\/h3>\n<p style=\"text-align: justify;\"><strong>Toute l\u2019\u00e9quipe du Comptoir National de l\u2019Or vous souhaite une bonne ann\u00e9e 2020 !<\/strong> Cette ann\u00e9e comme les pr\u00e9c\u00e9dentes, nos experts continueront \u00e0 vous relayer l\u2019actualit\u00e9 pertinente pour le m\u00e9tal jaune, \u00e0 analyser les \u00e9v\u00e9nements importants, et \u00e0 suivre pour vous toutes les statistiques \u00e9conomiques.<\/p>\n<p>Bref nous serons \u00e0 votre service pour que vous puissiez faire de <strong>2020 une ann\u00e9e en or<\/strong> !<\/p>\n<!-- AddThis Advanced Settings generic via filter on the_content --><!-- AddThis Share Buttons generic via filter on the_content -->","protected":false},"excerpt":{"rendered":"<p>Ce qu\u2019il faut retenir : Un bon mois de d\u00e9cembre\u00a0: +2.3% en euros Une belle ann\u00e9e 2019 : +21.3% en euros, deuxi\u00e8me meilleure ann\u00e9e de la d\u00e9cennie Une performance \u00e9quivalente \u00e0 celle des actions, la diversification [&hellip;]<\/p>\n","protected":false},"author":6,"featured_media":35971,"comment_status":"closed","ping_status":"closed","sticky":false,"template":"","format":"standard","meta":{"_mbp_gutenberg_autopost":false,"_pgmb_is_evergreen":false,"_pgmb_ap_template_id":0,"footnotes":""},"categories":[4],"tags":[1043,1704],"ppma_author":[2567],"class_list":["post-35946","post","type-post","status-publish","format-standard","has-post-thumbnail","hentry","category-analyses-economiques","tag-bilan","tag-bilan-economique"],"yoast_head":"<!-- This site is optimized with the Yoast SEO plugin v27.5 - https:\/\/yoast.com\/product\/yoast-seo-wordpress\/ -->\n<title>2019 une ann\u00e9e en or Rapport annuel Bilan de l&#039;ann\u00e9e March\u00e9 Or<\/title>\n<meta name=\"description\" content=\"Le 31 d\u00e9cembre 2019 marquant la fin de la d\u00e9cennie, passons en revue la performance de l&#039;or de mani\u00e8re un peu plus approfondie\" \/>\n<meta name=\"robots\" content=\"index, follow, max-snippet:-1, max-image-preview:large, max-video-preview:-1\" \/>\n<link rel=\"canonical\" href=\"https:\/\/www.gold.fr\/news\/2020\/01\/09\/2019-une-annee-en-or\/\" \/>\n<meta property=\"og:locale\" content=\"fr_FR\" \/>\n<meta property=\"og:type\" content=\"article\" \/>\n<meta property=\"og:title\" content=\"2019 une ann\u00e9e en or Rapport annuel Bilan de l&#039;ann\u00e9e March\u00e9 Or\" \/>\n<meta property=\"og:description\" content=\"Le 31 d\u00e9cembre 2019 marquant la fin de la d\u00e9cennie, passons en revue la performance de l&#039;or de mani\u00e8re un peu plus approfondie\" \/>\n<meta property=\"og:url\" content=\"https:\/\/www.gold.fr\/news\/2020\/01\/09\/2019-une-annee-en-or\/\" \/>\n<meta property=\"og:site_name\" content=\"Gold.fr\" \/>\n<meta property=\"article:publisher\" content=\"https:\/\/www.facebook.com\/Goldfr\/\" \/>\n<meta property=\"article:published_time\" content=\"2020-01-09T15:40:20+00:00\" \/>\n<meta property=\"article:modified_time\" content=\"2021-01-11T13:03:23+00:00\" \/>\n<meta property=\"og:image\" content=\"https:\/\/www.gold.fr\/news\/wp-content\/uploads\/2020\/01\/2019-annee-en-or.jpg\" \/>\n\t<meta property=\"og:image:width\" content=\"800\" \/>\n\t<meta property=\"og:image:height\" content=\"533\" \/>\n\t<meta property=\"og:image:type\" content=\"image\/jpeg\" \/>\n<meta name=\"author\" content=\"Laurent Schwartz\" \/>\n<meta name=\"twitter:card\" content=\"summary_large_image\" \/>\n<meta name=\"twitter:label1\" content=\"\u00c9crit par\" \/>\n\t<meta name=\"twitter:data1\" content=\"Laurent Schwartz\" \/>\n\t<meta name=\"twitter:label2\" content=\"Dur\u00e9e de lecture estim\u00e9e\" \/>\n\t<meta name=\"twitter:data2\" content=\"7 minutes\" \/>\n<script type=\"application\/ld+json\" class=\"yoast-schema-graph\">{\"@context\":\"https:\\\/\\\/schema.org\",\"@graph\":[{\"@type\":\"Article\",\"@id\":\"https:\\\/\\\/www.gold.fr\\\/news\\\/2020\\\/01\\\/09\\\/2019-une-annee-en-or\\\/#article\",\"isPartOf\":{\"@id\":\"https:\\\/\\\/www.gold.fr\\\/news\\\/2020\\\/01\\\/09\\\/2019-une-annee-en-or\\\/\"},\"author\":{\"name\":\"Laurent Schwartz\",\"@id\":\"https:\\\/\\\/www.gold.fr\\\/news\\\/#\\\/schema\\\/person\\\/4ed91d9a70d8f3a313c26e8308214fc2\"},\"headline\":\"2019 une ann\u00e9e en or\",\"datePublished\":\"2020-01-09T15:40:20+00:00\",\"dateModified\":\"2021-01-11T13:03:23+00:00\",\"mainEntityOfPage\":{\"@id\":\"https:\\\/\\\/www.gold.fr\\\/news\\\/2020\\\/01\\\/09\\\/2019-une-annee-en-or\\\/\"},\"wordCount\":1407,\"image\":{\"@id\":\"https:\\\/\\\/www.gold.fr\\\/news\\\/2020\\\/01\\\/09\\\/2019-une-annee-en-or\\\/#primaryimage\"},\"thumbnailUrl\":\"https:\\\/\\\/www.gold.fr\\\/news\\\/wp-content\\\/uploads\\\/2020\\\/01\\\/2019-annee-en-or.jpg\",\"keywords\":[\"Bilan\",\"bilan \u00e9conomique\"],\"articleSection\":[\"Analyses Economiques\"],\"inLanguage\":\"fr-FR\"},{\"@type\":\"WebPage\",\"@id\":\"https:\\\/\\\/www.gold.fr\\\/news\\\/2020\\\/01\\\/09\\\/2019-une-annee-en-or\\\/\",\"url\":\"https:\\\/\\\/www.gold.fr\\\/news\\\/2020\\\/01\\\/09\\\/2019-une-annee-en-or\\\/\",\"name\":\"2019 une ann\u00e9e en or Rapport annuel Bilan de l'ann\u00e9e March\u00e9 Or\",\"isPartOf\":{\"@id\":\"https:\\\/\\\/www.gold.fr\\\/news\\\/#website\"},\"primaryImageOfPage\":{\"@id\":\"https:\\\/\\\/www.gold.fr\\\/news\\\/2020\\\/01\\\/09\\\/2019-une-annee-en-or\\\/#primaryimage\"},\"image\":{\"@id\":\"https:\\\/\\\/www.gold.fr\\\/news\\\/2020\\\/01\\\/09\\\/2019-une-annee-en-or\\\/#primaryimage\"},\"thumbnailUrl\":\"https:\\\/\\\/www.gold.fr\\\/news\\\/wp-content\\\/uploads\\\/2020\\\/01\\\/2019-annee-en-or.jpg\",\"datePublished\":\"2020-01-09T15:40:20+00:00\",\"dateModified\":\"2021-01-11T13:03:23+00:00\",\"author\":{\"@id\":\"https:\\\/\\\/www.gold.fr\\\/news\\\/#\\\/schema\\\/person\\\/4ed91d9a70d8f3a313c26e8308214fc2\"},\"description\":\"Le 31 d\u00e9cembre 2019 marquant la fin de la d\u00e9cennie, passons en revue la performance de l'or de mani\u00e8re un peu plus approfondie\",\"breadcrumb\":{\"@id\":\"https:\\\/\\\/www.gold.fr\\\/news\\\/2020\\\/01\\\/09\\\/2019-une-annee-en-or\\\/#breadcrumb\"},\"inLanguage\":\"fr-FR\",\"potentialAction\":[{\"@type\":\"ReadAction\",\"target\":[\"https:\\\/\\\/www.gold.fr\\\/news\\\/2020\\\/01\\\/09\\\/2019-une-annee-en-or\\\/\"]}]},{\"@type\":\"ImageObject\",\"inLanguage\":\"fr-FR\",\"@id\":\"https:\\\/\\\/www.gold.fr\\\/news\\\/2020\\\/01\\\/09\\\/2019-une-annee-en-or\\\/#primaryimage\",\"url\":\"https:\\\/\\\/www.gold.fr\\\/news\\\/wp-content\\\/uploads\\\/2020\\\/01\\\/2019-annee-en-or.jpg\",\"contentUrl\":\"https:\\\/\\\/www.gold.fr\\\/news\\\/wp-content\\\/uploads\\\/2020\\\/01\\\/2019-annee-en-or.jpg\",\"width\":800,\"height\":533,\"caption\":\"2019 une ann\u00e9e en or\"},{\"@type\":\"BreadcrumbList\",\"@id\":\"https:\\\/\\\/www.gold.fr\\\/news\\\/2020\\\/01\\\/09\\\/2019-une-annee-en-or\\\/#breadcrumb\",\"itemListElement\":[{\"@type\":\"ListItem\",\"position\":1,\"name\":\"Accueil\",\"item\":\"https:\\\/\\\/www.gold.fr\\\/\"},{\"@type\":\"ListItem\",\"position\":2,\"name\":\"Actualit\u00e9s\",\"item\":\"https:\\\/\\\/www.gold.fr\\\/news\\\/\"},{\"@type\":\"ListItem\",\"position\":3,\"name\":\"2019 une ann\u00e9e en or\"}]},{\"@type\":\"WebSite\",\"@id\":\"https:\\\/\\\/www.gold.fr\\\/news\\\/#website\",\"url\":\"https:\\\/\\\/www.gold.fr\\\/news\\\/\",\"name\":\"Gold.fr\",\"description\":\"Actualit\u00e9s de l&#039;Or et des m\u00e9taux pr\u00e9cieux\",\"potentialAction\":[{\"@type\":\"SearchAction\",\"target\":{\"@type\":\"EntryPoint\",\"urlTemplate\":\"https:\\\/\\\/www.gold.fr\\\/news\\\/?s={search_term_string}\"},\"query-input\":{\"@type\":\"PropertyValueSpecification\",\"valueRequired\":true,\"valueName\":\"search_term_string\"}}],\"inLanguage\":\"fr-FR\"},{\"@type\":\"Person\",\"@id\":\"https:\\\/\\\/www.gold.fr\\\/news\\\/#\\\/schema\\\/person\\\/4ed91d9a70d8f3a313c26e8308214fc2\",\"name\":\"Laurent Schwartz\",\"image\":{\"@type\":\"ImageObject\",\"inLanguage\":\"fr-FR\",\"@id\":\"https:\\\/\\\/secure.gravatar.com\\\/avatar\\\/1496f846049365121827f5470219486f1a95f83957cc8ca0a9595e40c185f5ee?s=96&d=mm&r=g76f0e87c9ba82a161860a0fc16990d85\",\"url\":\"https:\\\/\\\/secure.gravatar.com\\\/avatar\\\/1496f846049365121827f5470219486f1a95f83957cc8ca0a9595e40c185f5ee?s=96&d=mm&r=g\",\"contentUrl\":\"https:\\\/\\\/secure.gravatar.com\\\/avatar\\\/1496f846049365121827f5470219486f1a95f83957cc8ca0a9595e40c185f5ee?s=96&d=mm&r=g\",\"caption\":\"Laurent Schwartz\"},\"description\":\"Dipl\u00f4m\u00e9 de l\u2019EDHEC Business School en 2005, Laurent SCHWARTZ int\u00e8gre le cabinet d\u2019audit ERNST &amp; YOUNG en 2005 o\u00f9 il travaille pendant 4 ans. Parall\u00e8lement, il travaille au sein de l\u2019entreprise familiale cr\u00e9\u00e9e en 1976 \u00e0 Strasbourg. Fort de cette exp\u00e9rience et du savoir-faire d\u00e9velopp\u00e9 durant ces 40 derni\u00e8res ann\u00e9es, Laurent proc\u00e8de \u00e0 la refonte du site Internet Gold.fr d\u00e9di\u00e9 \u00e0 l\u2019achat d'or, vente d\u2019or (pi\u00e8ces, lingots, ...), achat or et argent,... qui conna\u00eetra un franc succ\u00e8s d\u00e8s son d\u00e9marrage en 2008. Il d\u00e9cide alors de d\u00e9velopper un r\u00e9seau de concessions exclusives: Le Comptoir National de l\u2019Or. Il assure d\u00e9sormais le pilotage strat\u00e9gique du 1er r\u00e9seau de France qui compte aujourd\u2019hui pas loin de 60 agences r\u00e9parties dans toute la France et depuis peu en Allemagne (Breisach). Le Comptoir National de l\u2019Or se positionne aujourd\u2019hui comme le leader incontournable sur le march\u00e9 de l\u2019Or et des m\u00e9taux pr\u00e9cieux en France.\",\"sameAs\":[\"https:\\\/\\\/www.gold.fr\",\"https:\\\/\\\/www.linkedin.com\\\/in\\\/acheteror\\\/\"]}]}<\/script>\n<!-- \/ Yoast SEO plugin. -->","yoast_head_json":{"title":"2019 une ann\u00e9e en or Rapport annuel Bilan de l'ann\u00e9e March\u00e9 Or","description":"Le 31 d\u00e9cembre 2019 marquant la fin de la d\u00e9cennie, passons en revue la performance de l'or de mani\u00e8re un peu plus approfondie","robots":{"index":"index","follow":"follow","max-snippet":"max-snippet:-1","max-image-preview":"max-image-preview:large","max-video-preview":"max-video-preview:-1"},"canonical":"https:\/\/www.gold.fr\/news\/2020\/01\/09\/2019-une-annee-en-or\/","og_locale":"fr_FR","og_type":"article","og_title":"2019 une ann\u00e9e en or Rapport annuel Bilan de l'ann\u00e9e March\u00e9 Or","og_description":"Le 31 d\u00e9cembre 2019 marquant la fin de la d\u00e9cennie, passons en revue la performance de l'or de mani\u00e8re un peu plus approfondie","og_url":"https:\/\/www.gold.fr\/news\/2020\/01\/09\/2019-une-annee-en-or\/","og_site_name":"Gold.fr","article_publisher":"https:\/\/www.facebook.com\/Goldfr\/","article_published_time":"2020-01-09T15:40:20+00:00","article_modified_time":"2021-01-11T13:03:23+00:00","og_image":[{"width":800,"height":533,"url":"https:\/\/www.gold.fr\/news\/wp-content\/uploads\/2020\/01\/2019-annee-en-or.jpg","type":"image\/jpeg"}],"author":"Laurent Schwartz","twitter_card":"summary_large_image","twitter_misc":{"\u00c9crit par":"Laurent Schwartz","Dur\u00e9e de lecture estim\u00e9e":"7 minutes"},"schema":{"@context":"https:\/\/schema.org","@graph":[{"@type":"Article","@id":"https:\/\/www.gold.fr\/news\/2020\/01\/09\/2019-une-annee-en-or\/#article","isPartOf":{"@id":"https:\/\/www.gold.fr\/news\/2020\/01\/09\/2019-une-annee-en-or\/"},"author":{"name":"Laurent Schwartz","@id":"https:\/\/www.gold.fr\/news\/#\/schema\/person\/4ed91d9a70d8f3a313c26e8308214fc2"},"headline":"2019 une ann\u00e9e en or","datePublished":"2020-01-09T15:40:20+00:00","dateModified":"2021-01-11T13:03:23+00:00","mainEntityOfPage":{"@id":"https:\/\/www.gold.fr\/news\/2020\/01\/09\/2019-une-annee-en-or\/"},"wordCount":1407,"image":{"@id":"https:\/\/www.gold.fr\/news\/2020\/01\/09\/2019-une-annee-en-or\/#primaryimage"},"thumbnailUrl":"https:\/\/www.gold.fr\/news\/wp-content\/uploads\/2020\/01\/2019-annee-en-or.jpg","keywords":["Bilan","bilan \u00e9conomique"],"articleSection":["Analyses Economiques"],"inLanguage":"fr-FR"},{"@type":"WebPage","@id":"https:\/\/www.gold.fr\/news\/2020\/01\/09\/2019-une-annee-en-or\/","url":"https:\/\/www.gold.fr\/news\/2020\/01\/09\/2019-une-annee-en-or\/","name":"2019 une ann\u00e9e en or Rapport annuel Bilan de l'ann\u00e9e March\u00e9 Or","isPartOf":{"@id":"https:\/\/www.gold.fr\/news\/#website"},"primaryImageOfPage":{"@id":"https:\/\/www.gold.fr\/news\/2020\/01\/09\/2019-une-annee-en-or\/#primaryimage"},"image":{"@id":"https:\/\/www.gold.fr\/news\/2020\/01\/09\/2019-une-annee-en-or\/#primaryimage"},"thumbnailUrl":"https:\/\/www.gold.fr\/news\/wp-content\/uploads\/2020\/01\/2019-annee-en-or.jpg","datePublished":"2020-01-09T15:40:20+00:00","dateModified":"2021-01-11T13:03:23+00:00","author":{"@id":"https:\/\/www.gold.fr\/news\/#\/schema\/person\/4ed91d9a70d8f3a313c26e8308214fc2"},"description":"Le 31 d\u00e9cembre 2019 marquant la fin de la d\u00e9cennie, passons en revue la performance de l'or de mani\u00e8re un peu plus approfondie","breadcrumb":{"@id":"https:\/\/www.gold.fr\/news\/2020\/01\/09\/2019-une-annee-en-or\/#breadcrumb"},"inLanguage":"fr-FR","potentialAction":[{"@type":"ReadAction","target":["https:\/\/www.gold.fr\/news\/2020\/01\/09\/2019-une-annee-en-or\/"]}]},{"@type":"ImageObject","inLanguage":"fr-FR","@id":"https:\/\/www.gold.fr\/news\/2020\/01\/09\/2019-une-annee-en-or\/#primaryimage","url":"https:\/\/www.gold.fr\/news\/wp-content\/uploads\/2020\/01\/2019-annee-en-or.jpg","contentUrl":"https:\/\/www.gold.fr\/news\/wp-content\/uploads\/2020\/01\/2019-annee-en-or.jpg","width":800,"height":533,"caption":"2019 une ann\u00e9e en or"},{"@type":"BreadcrumbList","@id":"https:\/\/www.gold.fr\/news\/2020\/01\/09\/2019-une-annee-en-or\/#breadcrumb","itemListElement":[{"@type":"ListItem","position":1,"name":"Accueil","item":"https:\/\/www.gold.fr\/"},{"@type":"ListItem","position":2,"name":"Actualit\u00e9s","item":"https:\/\/www.gold.fr\/news\/"},{"@type":"ListItem","position":3,"name":"2019 une ann\u00e9e en or"}]},{"@type":"WebSite","@id":"https:\/\/www.gold.fr\/news\/#website","url":"https:\/\/www.gold.fr\/news\/","name":"Gold.fr","description":"Actualit\u00e9s de l&#039;Or et des m\u00e9taux pr\u00e9cieux","potentialAction":[{"@type":"SearchAction","target":{"@type":"EntryPoint","urlTemplate":"https:\/\/www.gold.fr\/news\/?s={search_term_string}"},"query-input":{"@type":"PropertyValueSpecification","valueRequired":true,"valueName":"search_term_string"}}],"inLanguage":"fr-FR"},{"@type":"Person","@id":"https:\/\/www.gold.fr\/news\/#\/schema\/person\/4ed91d9a70d8f3a313c26e8308214fc2","name":"Laurent Schwartz","image":{"@type":"ImageObject","inLanguage":"fr-FR","@id":"https:\/\/secure.gravatar.com\/avatar\/1496f846049365121827f5470219486f1a95f83957cc8ca0a9595e40c185f5ee?s=96&d=mm&r=g76f0e87c9ba82a161860a0fc16990d85","url":"https:\/\/secure.gravatar.com\/avatar\/1496f846049365121827f5470219486f1a95f83957cc8ca0a9595e40c185f5ee?s=96&d=mm&r=g","contentUrl":"https:\/\/secure.gravatar.com\/avatar\/1496f846049365121827f5470219486f1a95f83957cc8ca0a9595e40c185f5ee?s=96&d=mm&r=g","caption":"Laurent Schwartz"},"description":"Dipl\u00f4m\u00e9 de l\u2019EDHEC Business School en 2005, Laurent SCHWARTZ int\u00e8gre le cabinet d\u2019audit ERNST &amp; YOUNG en 2005 o\u00f9 il travaille pendant 4 ans. Parall\u00e8lement, il travaille au sein de l\u2019entreprise familiale cr\u00e9\u00e9e en 1976 \u00e0 Strasbourg. Fort de cette exp\u00e9rience et du savoir-faire d\u00e9velopp\u00e9 durant ces 40 derni\u00e8res ann\u00e9es, Laurent proc\u00e8de \u00e0 la refonte du site Internet Gold.fr d\u00e9di\u00e9 \u00e0 l\u2019achat d'or, vente d\u2019or (pi\u00e8ces, lingots, ...), achat or et argent,... qui conna\u00eetra un franc succ\u00e8s d\u00e8s son d\u00e9marrage en 2008. Il d\u00e9cide alors de d\u00e9velopper un r\u00e9seau de concessions exclusives: Le Comptoir National de l\u2019Or. Il assure d\u00e9sormais le pilotage strat\u00e9gique du 1er r\u00e9seau de France qui compte aujourd\u2019hui pas loin de 60 agences r\u00e9parties dans toute la France et depuis peu en Allemagne (Breisach). Le Comptoir National de l\u2019Or se positionne aujourd\u2019hui comme le leader incontournable sur le march\u00e9 de l\u2019Or et des m\u00e9taux pr\u00e9cieux en France.","sameAs":["https:\/\/www.gold.fr","https:\/\/www.linkedin.com\/in\/acheteror\/"]}]}},"authors":[{"term_id":2567,"user_id":6,"is_guest":0,"slug":"laurent","display_name":"Laurent Schwartz","avatar_url":"https:\/\/secure.gravatar.com\/avatar\/1496f846049365121827f5470219486f1a95f83957cc8ca0a9595e40c185f5ee?s=96&d=mm&r=g","0":null,"1":"","2":"","3":"","4":"","5":"","6":"","7":"","8":""}],"_links":{"self":[{"href":"https:\/\/www.gold.fr\/news\/wp-json\/wp\/v2\/posts\/35946","targetHints":{"allow":["GET"]}}],"collection":[{"href":"https:\/\/www.gold.fr\/news\/wp-json\/wp\/v2\/posts"}],"about":[{"href":"https:\/\/www.gold.fr\/news\/wp-json\/wp\/v2\/types\/post"}],"author":[{"embeddable":true,"href":"https:\/\/www.gold.fr\/news\/wp-json\/wp\/v2\/users\/6"}],"replies":[{"embeddable":true,"href":"https:\/\/www.gold.fr\/news\/wp-json\/wp\/v2\/comments?post=35946"}],"version-history":[{"count":0,"href":"https:\/\/www.gold.fr\/news\/wp-json\/wp\/v2\/posts\/35946\/revisions"}],"wp:featuredmedia":[{"embeddable":true,"href":"https:\/\/www.gold.fr\/news\/wp-json\/wp\/v2\/media\/35971"}],"wp:attachment":[{"href":"https:\/\/www.gold.fr\/news\/wp-json\/wp\/v2\/media?parent=35946"}],"wp:term":[{"taxonomy":"category","embeddable":true,"href":"https:\/\/www.gold.fr\/news\/wp-json\/wp\/v2\/categories?post=35946"},{"taxonomy":"post_tag","embeddable":true,"href":"https:\/\/www.gold.fr\/news\/wp-json\/wp\/v2\/tags?post=35946"},{"taxonomy":"author","embeddable":true,"href":"https:\/\/www.gold.fr\/news\/wp-json\/wp\/v2\/ppma_author?post=35946"}],"curies":[{"name":"wp","href":"https:\/\/api.w.org\/{rel}","templated":true}]}}