{"id":35920,"date":"2019-12-04T12:24:10","date_gmt":"2019-12-04T11:24:10","guid":{"rendered":"https:\/\/www.gold.fr\/news\/?p=35920"},"modified":"2021-09-17T15:13:29","modified_gmt":"2021-09-17T13:13:29","slug":"cours-de-lor-malgre-la-baisse-de-novembre-2019-reste-tres-positif","status":"publish","type":"post","link":"https:\/\/www.gold.fr\/news\/2019\/12\/04\/cours-de-lor-malgre-la-baisse-de-novembre-2019-reste-tres-positif\/","title":{"rendered":"Cours de l\u2019or : malgr\u00e9 la baisse de novembre, 2019 reste tr\u00e8s positif"},"content":{"rendered":"<h2>Ce qu\u2019il faut retenir du mois :<\/h2>\n<p>\u2022 Baisse des <a href=\"https:\/\/www.gold.fr\/cours-or-prix-de-l-or\/\">cours de l\u2019or<\/a> de 2.15% en euros \u2022 Performance 2019 : +18.9% en euros \u2022 Le rebond des actions p\u00e8se sur le m\u00e9tal jaune \u2022 Guerre commerciale : apaisement ou enlisement ? \u2022 Cor\u00e9e du Nord : impasse diplomatique et tir de missiles \u2022 Un investisseur priv\u00e9 mise sur l\u2019or \u00e0 4000 dollars \u2022 La production d\u2019or atteindra un pic en 2023<\/p>\n<h2>Baisse des cours en novembre, 2019 reste tr\u00e8s positif<\/h2>\n<p style=\"text-align: justify;\">Le 29 novembre, au fixing londonien de l\u2019apr\u00e8s-midi, le cours de l\u2019once d\u2019or a atteint 1460.15 dollars, soit 1327.42 euros. La correction est de 3.36% en dollar, mais en raison d\u2019une hausse du billet vert, elle n\u2019est que de -2.15% en euros. La performance depuis le d\u00e9but de l\u2019ann\u00e9e reste excellente \u00e0 +18.9% en euros.<\/p>\n<p><a href=\"https:\/\/www.gold.fr\/news\/wp-content\/uploads\/2019\/12\/table_perf.jpg\"><img loading=\"lazy\" decoding=\"async\" class=\"alignnone wp-image-35921 size-full\" title=\"Evolution cours Or en 2019\" src=\"https:\/\/www.gold.fr\/news\/wp-content\/uploads\/2019\/12\/table_perf.jpg\" alt=\"Evolution cours Or en 2019\" width=\"600\" height=\"125\" srcset=\"https:\/\/www.gold.fr\/news\/wp-content\/uploads\/2019\/12\/table_perf.jpg 600w, https:\/\/www.gold.fr\/news\/wp-content\/uploads\/2019\/12\/table_perf-300x63.jpg 300w, https:\/\/www.gold.fr\/news\/wp-content\/uploads\/2019\/12\/table_perf-5x1.jpg 5w\" sizes=\"auto, (max-width: 600px) 100vw, 600px\" \/><\/a> Ce repli s\u2019est concentr\u00e9 sur la premi\u00e8re quinzaine, puis le cours s\u2019est stabilis\u00e9, avant un l\u00e9ger rebond en fin de mois. <a href=\"https:\/\/www.gold.fr\/news\/wp-content\/uploads\/2019\/12\/nov_perf.jpg\"><img loading=\"lazy\" decoding=\"async\" class=\"alignnone wp-image-35922 size-full\" title=\"Evolution cours Or novembre 2019\" src=\"https:\/\/www.gold.fr\/news\/wp-content\/uploads\/2019\/12\/nov_perf.jpg\" alt=\"Evolution cours Or novembre 2019\" width=\"600\" height=\"350\" srcset=\"https:\/\/www.gold.fr\/news\/wp-content\/uploads\/2019\/12\/nov_perf.jpg 600w, https:\/\/www.gold.fr\/news\/wp-content\/uploads\/2019\/12\/nov_perf-300x175.jpg 300w, https:\/\/www.gold.fr\/news\/wp-content\/uploads\/2019\/12\/nov_perf-298x174.jpg 298w, https:\/\/www.gold.fr\/news\/wp-content\/uploads\/2019\/12\/nov_perf-2x1.jpg 2w\" sizes=\"auto, (max-width: 600px) 100vw, 600px\" \/><\/a> <em>Pour aller plus loin : <a href=\"https:\/\/www.gold.fr\/informations-sur-l-or\/guides\/comment-est-fixe-le-cours-de-lor\">Comment est fix\u00e9 le cours de l\u2019or ?<\/a><\/em><\/p>\n<h2>Le rebond des actions p\u00e8se sur le m\u00e9tal jaune<\/h2>\n<p style=\"text-align: justify;\">Le mois de Novembre a \u00e9t\u00e9 marqu\u00e9 par une bonne performance des march\u00e9s actions, qui ont \u00e9t\u00e9 port\u00e9s par de bons r\u00e9sultats \u00e9conomiques et surtout les espoirs d\u2019accord commercial, m\u00eame partiel, entre la Chine et les Etats-Unis. Dans ce contexte, le Cac 40 a progress\u00e9 de 2.9%.<\/p>\n<p style=\"text-align: justify;\">Les march\u00e9s, celui des actions tout comme celui de l\u2019or sont actuellement tr\u00e8s sensibles aux nouvelles g\u00e9opolitiques. Ainsi, une mauvaise nouvelle <strong>fait grimper l\u2019or<\/strong> (<strong>valeur refug<\/strong>e) et baisser les actions. Et vice-versa. Les investisseurs professionnels appellent cela un environnement \u00ab risk on, risk off \u00bb.<\/p>\n<p style=\"text-align: justify;\">Ceci illustre une fois de plus le comportement anticyclique de l\u2019or vis-\u00e0-vis des march\u00e9s actions, un comportement qui a marqu\u00e9 la derni\u00e8re ann\u00e9e et qui plaide pour l\u2019or comme outil de <strong>diversification<\/strong> des portefeuilles. Pour m\u00e9moire, dans notre <a href=\"https:\/\/www.gold.fr\/news\/2019\/11\/06\/cours-de-lor-lonce-repasse-au-dessus-des-1500-dollars-en-octobre\/\">derni\u00e8re lettre mensuelle<\/a> nous avions illustr\u00e9 par l\u2019exemple le pouvoir diversifiant du m\u00e9tal jaune.<\/p>\n<p><a href=\"https:\/\/www.gold.fr\/news\/wp-content\/uploads\/2019\/12\/or_actions.jpg\"><img loading=\"lazy\" decoding=\"async\" class=\"alignnone wp-image-35923 size-full\" title=\"Or vs Actions en euro 2019\" src=\"https:\/\/www.gold.fr\/news\/wp-content\/uploads\/2019\/12\/or_actions.jpg\" alt=\"Or vs Actions en euro 2019\" width=\"600\" height=\"350\" srcset=\"https:\/\/www.gold.fr\/news\/wp-content\/uploads\/2019\/12\/or_actions.jpg 600w, https:\/\/www.gold.fr\/news\/wp-content\/uploads\/2019\/12\/or_actions-300x175.jpg 300w, https:\/\/www.gold.fr\/news\/wp-content\/uploads\/2019\/12\/or_actions-2x1.jpg 2w\" sizes=\"auto, (max-width: 600px) 100vw, 600px\" \/><\/a><\/p>\n<h2>Guerre commerciale : apaisement ou enlisement ?<\/h2>\n<p style=\"text-align: justify;\">Difficile de suivre le dossier tant les deux protagonistes soufflent le chaud et le froid. D\u00e9but novembre, des signes encourageants \u00e9taient donn\u00e9s par les deux camps, qui \u00e9voquaient le possible report de hausses de droits de douanes pr\u00e9vues le 15 d\u00e9cembre. Un protocole aurait m\u00eame \u00e9t\u00e9 discut\u00e9 permettant une lev\u00e9e des mesures tarifaires par phases\u2026<\/p>\n<p style=\"text-align: justify;\">Mais le dossier s\u2019est compliqu\u00e9 depuis, notamment en raison du vote par le congr\u00e8s d\u2019une loi de soutien aux manifestants de Hong Kong, promulgu\u00e9e par le pr\u00e9sident Trump. Celle-ci pr\u00e9voit un examen annuel des conditions d\u2019autonomie du territoire, un examen qui d\u00e9cidera du maintien ou du non du statut sp\u00e9cial de Hong Kong dans la l\u00e9gislation am\u00e9ricaine. Ce statut qui lui assure notamment un traitement commercial favorable.<\/p>\n<p style=\"text-align: justify;\">P\u00e9kin, sans surprise, d\u00e9nonce une ing\u00e9rence dans ses affaires, a convoqu\u00e9 l\u2019ambassadeur am\u00e9ricain, et menace de repr\u00e9sailles. Une affaire \u00e0 suivre et qui continuera a influencer fortement les cours du m\u00e9tal jaune dans les mois, et probablement les ann\u00e9es \u00e0 venir.<\/p>\n<p>&nbsp;<\/p>\n<h2>Cor\u00e9e du Nord : impasse diplomatique et tir de missiles<\/h2>\n<p style=\"text-align: justify;\">Le dossier Nord-Cor\u00e9en est revenu sur le devant de la sc\u00e8ne fin novembre : Pyongyang a r\u00e9alis\u00e9 deux tirs d\u2019essai de deux missiles balistiques. Un message clair adress\u00e9 aux Etats-Unis, le jour de Thanksgiving.<\/p>\n<p style=\"text-align: justify;\">Les n\u00e9gociations, sous toutes leurs formes sont en effet dans l\u2019impasse depuis plusieurs mois, personne ne voulant faire de premiers pas, que ce soit sur les sanctions pour Washington, ou sur la d\u00e9nucl\u00e9arisation pour Kim Jung Un. Le leader Cor\u00e9en est d\u2019ailleurs coh\u00e9rent avec lui-m\u00eame : en avril dernier il avait lanc\u00e9 un ultimatum \u00e0 Trump, laissant jusqu\u2019\u00e0 la fin de l\u2019ann\u00e9e pour avancer dans les discussions et la lev\u00e9e des sanctions.<\/p>\n<p style=\"text-align: justify;\">Il y a fort \u00e0 parier qu\u2019en l\u2019absence de progr\u00e8s, la Cor\u00e9e du Nord relance ses programmes militaires et nucl\u00e9aires. Bref, le dossier Nord-Cor\u00e9en va probablement s\u2019\u00e9paissir en 2020 !<\/p>\n<p style=\"text-align: justify;\"><em>Pour aller plus loin : <a href=\"https:\/\/www.gold.fr\/news\/2017\/09\/18\/brexit-trump-et-coree-du-nord-lor-et-le-risque-geopolitique-en-3-exemples\/\">Brexit, Trump et Cor\u00e9e du Nord : l\u2019or et le risque G\u00e9opolitique en 3 exemples<\/a><\/em><\/p>\n<p>&nbsp;<\/p>\n<h2>Un investisseur priv\u00e9 mise sur l\u2019or \u00e0 4000 dollars<\/h2>\n<p style=\"text-align: justify;\">L\u2019agence am\u00e9ricaine Bloomberg a rapport\u00e9 que le 27 novembre, un investisseur priv\u00e9 a acquis 5000 options d\u2019achat sur l\u2019or, \u00e9ch\u00e9ance Juin 2021, avec un prix d\u2019exercice de 4000 dollars l\u2019once ! En clair un pari que le m\u00e9tal jaune montera fortement au cours des 18 prochains mois. L\u2019identit\u00e9 de l\u2019acheteur est inconnue, mais il s\u2019agit probablement d\u2019un priv\u00e9 ou d\u2019un fonds sp\u00e9culatif.<\/p>\n<p style=\"text-align: justify;\">Une transaction surprenante par sa taille d\u2019abord, puisque chaque contrat correspond \u00e0 100 ??? onces, soit une option d\u2019achat totale sur plus de 15 tonnes d\u2019or. En prenant un prix d\u2019exercice de 4000 dollars, il s\u2019agit un pari de plus de 2 milliards de dollars de valeur notionnelle. Mais le myst\u00e9rieux investisseur n\u2019a pay\u00e9 que 3.5 dollars par option, soit 1.75 millions de dollars au total. Si le cours monte \u00e0 5000 dollars l\u2019once d\u2019ici \u00e0 fin juin 2021, il empochera 500 millions de dollars gr\u00e2ce \u00e0 l\u2019effet de levier\u2026<\/p>\n<p style=\"text-align: justify;\">La piste la plus probable selon les sp\u00e9cialistes est qu\u2019il s\u2019agit d\u2019une transaction de couverture de portefeuille qui vise \u00e0 se prot\u00e9ger contre des \u00e9v\u00e9nements extr\u00eames (politique ou \u00e9conomiques) qui pourraient survenir dans les 18 prochains mois. Bref une option sur l\u2019or valeur refuge !<\/p>\n<p style=\"text-align: justify;\"><em>Pour aller plus loin : <a href=\"https:\/\/www.gold.fr\/informations-sur-l-or\/guides\/pourquoi-dit-on-que-lor-est-une-valeur-refuge\">pourquoi dit-on que l\u2019or est une valeur refuge ?<\/a><\/em><\/p>\n<p>&nbsp;<\/p>\n<h2>La production d\u2019or atteindra un pic en 2023<\/h2>\n<p style=\"text-align: justify;\">Dans le dernier num\u00e9ro de la revue \u00ab <a href=\"http:\/\/www.lbma.org.uk\/_blog\/lbma_media_centre\/post\/alchemist-95\/\">Alchemist<\/a> \u00bb, publi\u00e9 par la bourse londonienne de m\u00e9taux pr\u00e9cieux LBMA, un article a retenu notre attention. Ecrit par un analyste de GFMS, sp\u00e9cialiste du secteur minier, cet article passe en revue la production d\u2019or dans le monde et se livre \u00e0 quelques pr\u00e9visions.<\/p>\n<p style=\"text-align: justify;\">La production mondiale d\u2019or devrait augmenter de 2% en 2019, et probablement continuer \u00e0 cro\u00eetre pendant les 5 prochaines ann\u00e9es. Mais \u00e0 partir de 2023, la production devrait chuter de 3% par an en moyenne. \u00ab Les projets en phase de pr\u00e9-\u00e9tude et d\u2019\u00e9tude de faisabilit\u00e9 qui devrait \u00eatre mis en service dans les prochaines ann\u00e9es ont peu de chance de contrebalancer l\u2019\u00e9puisement des exploitations actuelles \u00bb, pointe Federico Gay, l\u2019auteur de la note. De quoi relancer la question du Peak Gold\u2026<\/p>\n<p><em>Pour aller plus loin :<\/em> <em><a href=\"https:\/\/www.gold.fr\/news\/2019\/04\/26\/peak-gold-allons-nous-bientot-manquer-dor\/\">Peak Gold : allons-nous bient\u00f4t manquer d\u2019or ?<\/a><\/em> <em><a href=\"https:\/\/www.gold.fr\/news\/2019\/03\/18\/le-monde-manquera-t-il-dor-avant-de-manquer-de-petrole\/\">Le monde manquera-t-il d\u2019or avant de manquer de p\u00e9trole ?<\/a><\/em><\/p>\n<!-- AddThis Advanced Settings generic via filter on the_content --><!-- AddThis Share Buttons generic via filter on the_content -->","protected":false},"excerpt":{"rendered":"<p>Ce qu\u2019il faut retenir du mois : \u2022 Baisse des cours de l\u2019or de 2.15% en euros \u2022 Performance 2019 : +18.9% en euros \u2022 Le rebond des actions p\u00e8se sur le m\u00e9tal jaune \u2022 Guerre [&hellip;]<\/p>\n","protected":false},"author":6,"featured_media":35928,"comment_status":"closed","ping_status":"closed","sticky":false,"template":"","format":"standard","meta":{"_mbp_gutenberg_autopost":false,"_pgmb_is_evergreen":false,"_pgmb_ap_template_id":0,"footnotes":""},"categories":[4],"tags":[766,84],"ppma_author":[2567],"class_list":["post-35920","post","type-post","status-publish","format-standard","has-post-thumbnail","hentry","category-analyses-economiques","tag-baisse-cours-de-lor","tag-cours-de-lor"],"yoast_head":"<!-- This site is optimized with the Yoast SEO plugin v27.5 - https:\/\/yoast.com\/product\/yoast-seo-wordpress\/ -->\n<title>Cours de l\u2019or : malgr\u00e9 la baisse de novembre, 2019 reste tr\u00e8s positif<\/title>\n<meta name=\"description\" content=\"Cours de l\u2019or : malgr\u00e9 la baisse de novembre, 2019 reste tr\u00e8s positif, Cor\u00e9e du Nord : impasse diplomatique et tir de missiles\" \/>\n<meta name=\"robots\" content=\"index, follow, max-snippet:-1, max-image-preview:large, max-video-preview:-1\" \/>\n<link rel=\"canonical\" href=\"https:\/\/www.gold.fr\/news\/2019\/12\/04\/cours-de-lor-malgre-la-baisse-de-novembre-2019-reste-tres-positif\/\" \/>\n<meta property=\"og:locale\" content=\"fr_FR\" \/>\n<meta property=\"og:type\" content=\"article\" \/>\n<meta property=\"og:title\" content=\"Cours de l\u2019or : malgr\u00e9 la baisse de novembre, 2019 reste tr\u00e8s positif\" \/>\n<meta property=\"og:description\" content=\"Cours de l\u2019or : malgr\u00e9 la baisse de novembre, 2019 reste tr\u00e8s positif, Cor\u00e9e du Nord : impasse diplomatique et tir de missiles\" \/>\n<meta property=\"og:url\" content=\"https:\/\/www.gold.fr\/news\/2019\/12\/04\/cours-de-lor-malgre-la-baisse-de-novembre-2019-reste-tres-positif\/\" \/>\n<meta property=\"og:site_name\" content=\"Gold.fr\" \/>\n<meta property=\"article:publisher\" content=\"https:\/\/www.facebook.com\/Goldfr\/\" \/>\n<meta property=\"article:published_time\" content=\"2019-12-04T11:24:10+00:00\" \/>\n<meta property=\"article:modified_time\" content=\"2021-09-17T13:13:29+00:00\" \/>\n<meta property=\"og:image\" content=\"https:\/\/www.gold.fr\/news\/wp-content\/uploads\/2019\/12\/visuel-rapport-nov2019.jpg\" \/>\n\t<meta property=\"og:image:width\" content=\"500\" \/>\n\t<meta property=\"og:image:height\" content=\"319\" \/>\n\t<meta property=\"og:image:type\" content=\"image\/jpeg\" \/>\n<meta name=\"author\" content=\"Laurent Schwartz\" \/>\n<meta name=\"twitter:card\" content=\"summary_large_image\" \/>\n<meta name=\"twitter:label1\" content=\"\u00c9crit par\" \/>\n\t<meta name=\"twitter:data1\" content=\"Laurent Schwartz\" \/>\n\t<meta name=\"twitter:label2\" content=\"Dur\u00e9e de lecture estim\u00e9e\" \/>\n\t<meta name=\"twitter:data2\" content=\"6 minutes\" \/>\n<script type=\"application\/ld+json\" class=\"yoast-schema-graph\">{\"@context\":\"https:\\\/\\\/schema.org\",\"@graph\":[{\"@type\":\"Article\",\"@id\":\"https:\\\/\\\/www.gold.fr\\\/news\\\/2019\\\/12\\\/04\\\/cours-de-lor-malgre-la-baisse-de-novembre-2019-reste-tres-positif\\\/#article\",\"isPartOf\":{\"@id\":\"https:\\\/\\\/www.gold.fr\\\/news\\\/2019\\\/12\\\/04\\\/cours-de-lor-malgre-la-baisse-de-novembre-2019-reste-tres-positif\\\/\"},\"author\":{\"name\":\"Laurent Schwartz\",\"@id\":\"https:\\\/\\\/www.gold.fr\\\/news\\\/#\\\/schema\\\/person\\\/4ed91d9a70d8f3a313c26e8308214fc2\"},\"headline\":\"Cours de l\u2019or : malgr\u00e9 la baisse de novembre, 2019 reste tr\u00e8s positif\",\"datePublished\":\"2019-12-04T11:24:10+00:00\",\"dateModified\":\"2021-09-17T13:13:29+00:00\",\"mainEntityOfPage\":{\"@id\":\"https:\\\/\\\/www.gold.fr\\\/news\\\/2019\\\/12\\\/04\\\/cours-de-lor-malgre-la-baisse-de-novembre-2019-reste-tres-positif\\\/\"},\"wordCount\":1120,\"image\":{\"@id\":\"https:\\\/\\\/www.gold.fr\\\/news\\\/2019\\\/12\\\/04\\\/cours-de-lor-malgre-la-baisse-de-novembre-2019-reste-tres-positif\\\/#primaryimage\"},\"thumbnailUrl\":\"https:\\\/\\\/www.gold.fr\\\/news\\\/wp-content\\\/uploads\\\/2019\\\/12\\\/visuel-rapport-nov2019.jpg\",\"keywords\":[\"baisse cours de l'Or\",\"Tout Cours de l'Or\"],\"articleSection\":[\"Analyses Economiques\"],\"inLanguage\":\"fr-FR\"},{\"@type\":\"WebPage\",\"@id\":\"https:\\\/\\\/www.gold.fr\\\/news\\\/2019\\\/12\\\/04\\\/cours-de-lor-malgre-la-baisse-de-novembre-2019-reste-tres-positif\\\/\",\"url\":\"https:\\\/\\\/www.gold.fr\\\/news\\\/2019\\\/12\\\/04\\\/cours-de-lor-malgre-la-baisse-de-novembre-2019-reste-tres-positif\\\/\",\"name\":\"Cours de l\u2019or : malgr\u00e9 la baisse de novembre, 2019 reste tr\u00e8s positif\",\"isPartOf\":{\"@id\":\"https:\\\/\\\/www.gold.fr\\\/news\\\/#website\"},\"primaryImageOfPage\":{\"@id\":\"https:\\\/\\\/www.gold.fr\\\/news\\\/2019\\\/12\\\/04\\\/cours-de-lor-malgre-la-baisse-de-novembre-2019-reste-tres-positif\\\/#primaryimage\"},\"image\":{\"@id\":\"https:\\\/\\\/www.gold.fr\\\/news\\\/2019\\\/12\\\/04\\\/cours-de-lor-malgre-la-baisse-de-novembre-2019-reste-tres-positif\\\/#primaryimage\"},\"thumbnailUrl\":\"https:\\\/\\\/www.gold.fr\\\/news\\\/wp-content\\\/uploads\\\/2019\\\/12\\\/visuel-rapport-nov2019.jpg\",\"datePublished\":\"2019-12-04T11:24:10+00:00\",\"dateModified\":\"2021-09-17T13:13:29+00:00\",\"author\":{\"@id\":\"https:\\\/\\\/www.gold.fr\\\/news\\\/#\\\/schema\\\/person\\\/4ed91d9a70d8f3a313c26e8308214fc2\"},\"description\":\"Cours de l\u2019or : malgr\u00e9 la baisse de novembre, 2019 reste tr\u00e8s positif, Cor\u00e9e du Nord : impasse diplomatique et tir de missiles\",\"breadcrumb\":{\"@id\":\"https:\\\/\\\/www.gold.fr\\\/news\\\/2019\\\/12\\\/04\\\/cours-de-lor-malgre-la-baisse-de-novembre-2019-reste-tres-positif\\\/#breadcrumb\"},\"inLanguage\":\"fr-FR\",\"potentialAction\":[{\"@type\":\"ReadAction\",\"target\":[\"https:\\\/\\\/www.gold.fr\\\/news\\\/2019\\\/12\\\/04\\\/cours-de-lor-malgre-la-baisse-de-novembre-2019-reste-tres-positif\\\/\"]}]},{\"@type\":\"ImageObject\",\"inLanguage\":\"fr-FR\",\"@id\":\"https:\\\/\\\/www.gold.fr\\\/news\\\/2019\\\/12\\\/04\\\/cours-de-lor-malgre-la-baisse-de-novembre-2019-reste-tres-positif\\\/#primaryimage\",\"url\":\"https:\\\/\\\/www.gold.fr\\\/news\\\/wp-content\\\/uploads\\\/2019\\\/12\\\/visuel-rapport-nov2019.jpg\",\"contentUrl\":\"https:\\\/\\\/www.gold.fr\\\/news\\\/wp-content\\\/uploads\\\/2019\\\/12\\\/visuel-rapport-nov2019.jpg\",\"width\":500,\"height\":319,\"caption\":\"Cours de l\u2019or : malgr\u00e9 la baisse de novembre, 2019 reste tr\u00e8s positif\"},{\"@type\":\"BreadcrumbList\",\"@id\":\"https:\\\/\\\/www.gold.fr\\\/news\\\/2019\\\/12\\\/04\\\/cours-de-lor-malgre-la-baisse-de-novembre-2019-reste-tres-positif\\\/#breadcrumb\",\"itemListElement\":[{\"@type\":\"ListItem\",\"position\":1,\"name\":\"Accueil\",\"item\":\"https:\\\/\\\/www.gold.fr\\\/\"},{\"@type\":\"ListItem\",\"position\":2,\"name\":\"Actualit\u00e9s\",\"item\":\"https:\\\/\\\/www.gold.fr\\\/news\\\/\"},{\"@type\":\"ListItem\",\"position\":3,\"name\":\"Cours de l\u2019or : malgr\u00e9 la baisse de novembre, 2019 reste tr\u00e8s positif\"}]},{\"@type\":\"WebSite\",\"@id\":\"https:\\\/\\\/www.gold.fr\\\/news\\\/#website\",\"url\":\"https:\\\/\\\/www.gold.fr\\\/news\\\/\",\"name\":\"Gold.fr\",\"description\":\"Actualit\u00e9s de l&#039;Or et des m\u00e9taux pr\u00e9cieux\",\"potentialAction\":[{\"@type\":\"SearchAction\",\"target\":{\"@type\":\"EntryPoint\",\"urlTemplate\":\"https:\\\/\\\/www.gold.fr\\\/news\\\/?s={search_term_string}\"},\"query-input\":{\"@type\":\"PropertyValueSpecification\",\"valueRequired\":true,\"valueName\":\"search_term_string\"}}],\"inLanguage\":\"fr-FR\"},{\"@type\":\"Person\",\"@id\":\"https:\\\/\\\/www.gold.fr\\\/news\\\/#\\\/schema\\\/person\\\/4ed91d9a70d8f3a313c26e8308214fc2\",\"name\":\"Laurent Schwartz\",\"image\":{\"@type\":\"ImageObject\",\"inLanguage\":\"fr-FR\",\"@id\":\"https:\\\/\\\/secure.gravatar.com\\\/avatar\\\/1496f846049365121827f5470219486f1a95f83957cc8ca0a9595e40c185f5ee?s=96&d=mm&r=g76f0e87c9ba82a161860a0fc16990d85\",\"url\":\"https:\\\/\\\/secure.gravatar.com\\\/avatar\\\/1496f846049365121827f5470219486f1a95f83957cc8ca0a9595e40c185f5ee?s=96&d=mm&r=g\",\"contentUrl\":\"https:\\\/\\\/secure.gravatar.com\\\/avatar\\\/1496f846049365121827f5470219486f1a95f83957cc8ca0a9595e40c185f5ee?s=96&d=mm&r=g\",\"caption\":\"Laurent Schwartz\"},\"description\":\"Dipl\u00f4m\u00e9 de l\u2019EDHEC Business School en 2005, Laurent SCHWARTZ int\u00e8gre le cabinet d\u2019audit ERNST &amp; YOUNG en 2005 o\u00f9 il travaille pendant 4 ans. Parall\u00e8lement, il travaille au sein de l\u2019entreprise familiale cr\u00e9\u00e9e en 1976 \u00e0 Strasbourg. Fort de cette exp\u00e9rience et du savoir-faire d\u00e9velopp\u00e9 durant ces 40 derni\u00e8res ann\u00e9es, Laurent proc\u00e8de \u00e0 la refonte du site Internet Gold.fr d\u00e9di\u00e9 \u00e0 l\u2019achat d'or, vente d\u2019or (pi\u00e8ces, lingots, ...), achat or et argent,... qui conna\u00eetra un franc succ\u00e8s d\u00e8s son d\u00e9marrage en 2008. Il d\u00e9cide alors de d\u00e9velopper un r\u00e9seau de concessions exclusives: Le Comptoir National de l\u2019Or. Il assure d\u00e9sormais le pilotage strat\u00e9gique du 1er r\u00e9seau de France qui compte aujourd\u2019hui pas loin de 60 agences r\u00e9parties dans toute la France et depuis peu en Allemagne (Breisach). Le Comptoir National de l\u2019Or se positionne aujourd\u2019hui comme le leader incontournable sur le march\u00e9 de l\u2019Or et des m\u00e9taux pr\u00e9cieux en France.\",\"sameAs\":[\"https:\\\/\\\/www.gold.fr\",\"https:\\\/\\\/www.linkedin.com\\\/in\\\/acheteror\\\/\"]}]}<\/script>\n<!-- \/ Yoast SEO plugin. -->","yoast_head_json":{"title":"Cours de l\u2019or : malgr\u00e9 la baisse de novembre, 2019 reste tr\u00e8s positif","description":"Cours de l\u2019or : malgr\u00e9 la baisse de novembre, 2019 reste tr\u00e8s positif, Cor\u00e9e du Nord : impasse diplomatique et tir de missiles","robots":{"index":"index","follow":"follow","max-snippet":"max-snippet:-1","max-image-preview":"max-image-preview:large","max-video-preview":"max-video-preview:-1"},"canonical":"https:\/\/www.gold.fr\/news\/2019\/12\/04\/cours-de-lor-malgre-la-baisse-de-novembre-2019-reste-tres-positif\/","og_locale":"fr_FR","og_type":"article","og_title":"Cours de l\u2019or : malgr\u00e9 la baisse de novembre, 2019 reste tr\u00e8s positif","og_description":"Cours de l\u2019or : malgr\u00e9 la baisse de novembre, 2019 reste tr\u00e8s positif, Cor\u00e9e du Nord : impasse diplomatique et tir de missiles","og_url":"https:\/\/www.gold.fr\/news\/2019\/12\/04\/cours-de-lor-malgre-la-baisse-de-novembre-2019-reste-tres-positif\/","og_site_name":"Gold.fr","article_publisher":"https:\/\/www.facebook.com\/Goldfr\/","article_published_time":"2019-12-04T11:24:10+00:00","article_modified_time":"2021-09-17T13:13:29+00:00","og_image":[{"width":500,"height":319,"url":"https:\/\/www.gold.fr\/news\/wp-content\/uploads\/2019\/12\/visuel-rapport-nov2019.jpg","type":"image\/jpeg"}],"author":"Laurent Schwartz","twitter_card":"summary_large_image","twitter_misc":{"\u00c9crit par":"Laurent Schwartz","Dur\u00e9e de lecture estim\u00e9e":"6 minutes"},"schema":{"@context":"https:\/\/schema.org","@graph":[{"@type":"Article","@id":"https:\/\/www.gold.fr\/news\/2019\/12\/04\/cours-de-lor-malgre-la-baisse-de-novembre-2019-reste-tres-positif\/#article","isPartOf":{"@id":"https:\/\/www.gold.fr\/news\/2019\/12\/04\/cours-de-lor-malgre-la-baisse-de-novembre-2019-reste-tres-positif\/"},"author":{"name":"Laurent Schwartz","@id":"https:\/\/www.gold.fr\/news\/#\/schema\/person\/4ed91d9a70d8f3a313c26e8308214fc2"},"headline":"Cours de l\u2019or : malgr\u00e9 la baisse de novembre, 2019 reste tr\u00e8s positif","datePublished":"2019-12-04T11:24:10+00:00","dateModified":"2021-09-17T13:13:29+00:00","mainEntityOfPage":{"@id":"https:\/\/www.gold.fr\/news\/2019\/12\/04\/cours-de-lor-malgre-la-baisse-de-novembre-2019-reste-tres-positif\/"},"wordCount":1120,"image":{"@id":"https:\/\/www.gold.fr\/news\/2019\/12\/04\/cours-de-lor-malgre-la-baisse-de-novembre-2019-reste-tres-positif\/#primaryimage"},"thumbnailUrl":"https:\/\/www.gold.fr\/news\/wp-content\/uploads\/2019\/12\/visuel-rapport-nov2019.jpg","keywords":["baisse cours de l'Or","Tout Cours de l'Or"],"articleSection":["Analyses Economiques"],"inLanguage":"fr-FR"},{"@type":"WebPage","@id":"https:\/\/www.gold.fr\/news\/2019\/12\/04\/cours-de-lor-malgre-la-baisse-de-novembre-2019-reste-tres-positif\/","url":"https:\/\/www.gold.fr\/news\/2019\/12\/04\/cours-de-lor-malgre-la-baisse-de-novembre-2019-reste-tres-positif\/","name":"Cours de l\u2019or : malgr\u00e9 la baisse de novembre, 2019 reste tr\u00e8s positif","isPartOf":{"@id":"https:\/\/www.gold.fr\/news\/#website"},"primaryImageOfPage":{"@id":"https:\/\/www.gold.fr\/news\/2019\/12\/04\/cours-de-lor-malgre-la-baisse-de-novembre-2019-reste-tres-positif\/#primaryimage"},"image":{"@id":"https:\/\/www.gold.fr\/news\/2019\/12\/04\/cours-de-lor-malgre-la-baisse-de-novembre-2019-reste-tres-positif\/#primaryimage"},"thumbnailUrl":"https:\/\/www.gold.fr\/news\/wp-content\/uploads\/2019\/12\/visuel-rapport-nov2019.jpg","datePublished":"2019-12-04T11:24:10+00:00","dateModified":"2021-09-17T13:13:29+00:00","author":{"@id":"https:\/\/www.gold.fr\/news\/#\/schema\/person\/4ed91d9a70d8f3a313c26e8308214fc2"},"description":"Cours de l\u2019or : malgr\u00e9 la baisse de novembre, 2019 reste tr\u00e8s positif, Cor\u00e9e du Nord : impasse diplomatique et tir de missiles","breadcrumb":{"@id":"https:\/\/www.gold.fr\/news\/2019\/12\/04\/cours-de-lor-malgre-la-baisse-de-novembre-2019-reste-tres-positif\/#breadcrumb"},"inLanguage":"fr-FR","potentialAction":[{"@type":"ReadAction","target":["https:\/\/www.gold.fr\/news\/2019\/12\/04\/cours-de-lor-malgre-la-baisse-de-novembre-2019-reste-tres-positif\/"]}]},{"@type":"ImageObject","inLanguage":"fr-FR","@id":"https:\/\/www.gold.fr\/news\/2019\/12\/04\/cours-de-lor-malgre-la-baisse-de-novembre-2019-reste-tres-positif\/#primaryimage","url":"https:\/\/www.gold.fr\/news\/wp-content\/uploads\/2019\/12\/visuel-rapport-nov2019.jpg","contentUrl":"https:\/\/www.gold.fr\/news\/wp-content\/uploads\/2019\/12\/visuel-rapport-nov2019.jpg","width":500,"height":319,"caption":"Cours de l\u2019or : malgr\u00e9 la baisse de novembre, 2019 reste tr\u00e8s positif"},{"@type":"BreadcrumbList","@id":"https:\/\/www.gold.fr\/news\/2019\/12\/04\/cours-de-lor-malgre-la-baisse-de-novembre-2019-reste-tres-positif\/#breadcrumb","itemListElement":[{"@type":"ListItem","position":1,"name":"Accueil","item":"https:\/\/www.gold.fr\/"},{"@type":"ListItem","position":2,"name":"Actualit\u00e9s","item":"https:\/\/www.gold.fr\/news\/"},{"@type":"ListItem","position":3,"name":"Cours de l\u2019or : malgr\u00e9 la baisse de novembre, 2019 reste tr\u00e8s positif"}]},{"@type":"WebSite","@id":"https:\/\/www.gold.fr\/news\/#website","url":"https:\/\/www.gold.fr\/news\/","name":"Gold.fr","description":"Actualit\u00e9s de l&#039;Or et des m\u00e9taux pr\u00e9cieux","potentialAction":[{"@type":"SearchAction","target":{"@type":"EntryPoint","urlTemplate":"https:\/\/www.gold.fr\/news\/?s={search_term_string}"},"query-input":{"@type":"PropertyValueSpecification","valueRequired":true,"valueName":"search_term_string"}}],"inLanguage":"fr-FR"},{"@type":"Person","@id":"https:\/\/www.gold.fr\/news\/#\/schema\/person\/4ed91d9a70d8f3a313c26e8308214fc2","name":"Laurent Schwartz","image":{"@type":"ImageObject","inLanguage":"fr-FR","@id":"https:\/\/secure.gravatar.com\/avatar\/1496f846049365121827f5470219486f1a95f83957cc8ca0a9595e40c185f5ee?s=96&d=mm&r=g76f0e87c9ba82a161860a0fc16990d85","url":"https:\/\/secure.gravatar.com\/avatar\/1496f846049365121827f5470219486f1a95f83957cc8ca0a9595e40c185f5ee?s=96&d=mm&r=g","contentUrl":"https:\/\/secure.gravatar.com\/avatar\/1496f846049365121827f5470219486f1a95f83957cc8ca0a9595e40c185f5ee?s=96&d=mm&r=g","caption":"Laurent Schwartz"},"description":"Dipl\u00f4m\u00e9 de l\u2019EDHEC Business School en 2005, Laurent SCHWARTZ int\u00e8gre le cabinet d\u2019audit ERNST &amp; YOUNG en 2005 o\u00f9 il travaille pendant 4 ans. Parall\u00e8lement, il travaille au sein de l\u2019entreprise familiale cr\u00e9\u00e9e en 1976 \u00e0 Strasbourg. Fort de cette exp\u00e9rience et du savoir-faire d\u00e9velopp\u00e9 durant ces 40 derni\u00e8res ann\u00e9es, Laurent proc\u00e8de \u00e0 la refonte du site Internet Gold.fr d\u00e9di\u00e9 \u00e0 l\u2019achat d'or, vente d\u2019or (pi\u00e8ces, lingots, ...), achat or et argent,... qui conna\u00eetra un franc succ\u00e8s d\u00e8s son d\u00e9marrage en 2008. Il d\u00e9cide alors de d\u00e9velopper un r\u00e9seau de concessions exclusives: Le Comptoir National de l\u2019Or. Il assure d\u00e9sormais le pilotage strat\u00e9gique du 1er r\u00e9seau de France qui compte aujourd\u2019hui pas loin de 60 agences r\u00e9parties dans toute la France et depuis peu en Allemagne (Breisach). Le Comptoir National de l\u2019Or se positionne aujourd\u2019hui comme le leader incontournable sur le march\u00e9 de l\u2019Or et des m\u00e9taux pr\u00e9cieux en France.","sameAs":["https:\/\/www.gold.fr","https:\/\/www.linkedin.com\/in\/acheteror\/"]}]}},"authors":[{"term_id":2567,"user_id":6,"is_guest":0,"slug":"laurent","display_name":"Laurent Schwartz","avatar_url":"https:\/\/secure.gravatar.com\/avatar\/1496f846049365121827f5470219486f1a95f83957cc8ca0a9595e40c185f5ee?s=96&d=mm&r=g","0":null,"1":"","2":"","3":"","4":"","5":"","6":"","7":"","8":""}],"_links":{"self":[{"href":"https:\/\/www.gold.fr\/news\/wp-json\/wp\/v2\/posts\/35920","targetHints":{"allow":["GET"]}}],"collection":[{"href":"https:\/\/www.gold.fr\/news\/wp-json\/wp\/v2\/posts"}],"about":[{"href":"https:\/\/www.gold.fr\/news\/wp-json\/wp\/v2\/types\/post"}],"author":[{"embeddable":true,"href":"https:\/\/www.gold.fr\/news\/wp-json\/wp\/v2\/users\/6"}],"replies":[{"embeddable":true,"href":"https:\/\/www.gold.fr\/news\/wp-json\/wp\/v2\/comments?post=35920"}],"version-history":[{"count":0,"href":"https:\/\/www.gold.fr\/news\/wp-json\/wp\/v2\/posts\/35920\/revisions"}],"wp:featuredmedia":[{"embeddable":true,"href":"https:\/\/www.gold.fr\/news\/wp-json\/wp\/v2\/media\/35928"}],"wp:attachment":[{"href":"https:\/\/www.gold.fr\/news\/wp-json\/wp\/v2\/media?parent=35920"}],"wp:term":[{"taxonomy":"category","embeddable":true,"href":"https:\/\/www.gold.fr\/news\/wp-json\/wp\/v2\/categories?post=35920"},{"taxonomy":"post_tag","embeddable":true,"href":"https:\/\/www.gold.fr\/news\/wp-json\/wp\/v2\/tags?post=35920"},{"taxonomy":"author","embeddable":true,"href":"https:\/\/www.gold.fr\/news\/wp-json\/wp\/v2\/ppma_author?post=35920"}],"curies":[{"name":"wp","href":"https:\/\/api.w.org\/{rel}","templated":true}]}}