{"id":35910,"date":"2019-11-29T15:01:21","date_gmt":"2019-11-29T14:01:21","guid":{"rendered":"https:\/\/www.gold.fr\/news\/?p=35910"},"modified":"2021-09-23T09:50:14","modified_gmt":"2021-09-23T07:50:14","slug":"crise-bancaire-au-liban-les-libanais-achetent-de-lor","status":"publish","type":"post","link":"https:\/\/www.gold.fr\/news\/2019\/11\/29\/crise-bancaire-au-liban-les-libanais-achetent-de-lor\/","title":{"rendered":"Crise bancaire au Liban : les libanais ach\u00e8tent de l\u2019Or"},"content":{"rendered":"<p><strong>La crise politique\u2026<\/strong><\/p>\n<p style=\"text-align: justify;\">Le Liban s\u2019enfonce chaque jour un peu plus dans une <strong>crise politique<\/strong> d\u2019envergure. Le gouvernement de <strong>Saad Hariri<\/strong> a d\u00e9missionn\u00e9 sous la pression de manifestations gigantesques. L\u2019\u00e9tincelle a \u00e9t\u00e9 le projet de taxe sur les communications num\u00e9riques de type whatsapp, tr\u00e8s utilis\u00e9e par les libanais. Mais les causes plus profondes de la col\u00e8re r\u00e9sident dans une \u00e9conomie en d\u00e9liquescence, des coupures d\u2019\u00e9lectricit\u00e9, des prix qui grimpent et une classe politique d\u00e9ficiente. Une situation accentu\u00e9e par la guerre en Syrie voisine et l\u2019afflux depuis 2011 de plus d\u2019un million de r\u00e9fugi\u00e9s\u2026<\/p>\n<p>\u00a0 <strong>\u2026et financi\u00e8re<\/strong><\/p>\n<p style=\"text-align: justify;\">La situation financi\u00e8re du pays est dramatique. Avec une dette de 86 milliards de dollars, le pays est le 3\u00e8me pays le plus endett\u00e9 du monde par rapport \u00e0 son PIB : 155%. Le d\u00e9ficit public devrait lui se monter \u00e0 11% du PIB en 2019. Apr\u00e8s Moodys en d\u00e9but de mois, le 15 novembre, l\u2019<strong>agence de rating S&amp;P<\/strong> a d\u00e9grad\u00e9 la note souveraine du pays \u00e0 <strong>CCC<\/strong>, un des niveaux les plus bas\u2026 Si le pays a rembours\u00e9 une \u00e9ch\u00e9ance r\u00e9cente de 1.5 milliards de dollars, les obligations gouvernementales \u00e0 plus longue \u00e9ch\u00e9ance ont perdu la moiti\u00e9 de leur valeur, signe que le march\u00e9 s\u2019attend \u00e0 un d\u00e9faut du pays\u2026<\/p>\n<p>\u00a0 <strong>Les banques limitent les retraits<\/strong><\/p>\n<p style=\"text-align: justify;\">Ceci n\u2019est pas sans r\u00e9percussion sur le syst\u00e8me bancaire du pays. Les banques libanaises \u00e9tant tr\u00e8s expos\u00e9es aux obligations du pays, les ratings des 3 principales banques du pays (Audi, Blom Bank, et Bankmed) ont \u00e9t\u00e9 encore abaiss\u00e9es par les principales agences. Leurs <strong>obligations<\/strong> \u00e9taient d\u00e9j\u00e0 qualifi\u00e9es de \u00ab <strong>pourries<\/strong> \u00bb (<a href=\"https:\/\/fr.wikipedia.org\/wiki\/Junk_bond\" target=\"_blank\" rel=\"noopener noreferrer\">junk bonds<\/a>).<\/p>\n<p style=\"text-align: justify;\">Les banques, qui ont d\u00e9j\u00e0 ferm\u00e9 quinze jours fin octobre, ont annonc\u00e9 des mesures de contr\u00f4le des capitaux. Les retraits sont ainsi limit\u00e9s \u00e0 1000 dollars par jour, et les transferts \u00e0 l\u2019\u00e9tranger sont fortement restreints. La<strong> crise de confiance<\/strong> est d\u2019autant plus exacerb\u00e9e que le gouverneur de la banque centrale d\u00e9ment l\u2019instauration de mesures de contr\u00f4les des capitaux et maintient un cours de la livre libanaise contre dollar artificiellement \u00e9lev\u00e9, auquel personne ne croit. Il est donc hautement probable que ces contr\u00f4les des retraits se poursuivent, voire s\u2019accentuent.<\/p>\n<p>\u00a0 <strong>Le pr\u00e9c\u00e9dent de Chypre<\/strong><\/p>\n<p style=\"text-align: justify;\">Tout comme le <strong>Liban<\/strong>, la crise chypriote avait commenc\u00e9 par une d\u00e9gradation des notations de la dette du pays en mars 2012. Un an plus tard, apr\u00e8s avoir ferm\u00e9 les banques pendant quinze jours, le pays mettait en place un contr\u00f4le drastique des capitaux, limitait les retraits, et sous l\u2019\u00e9gide du FMI et des pr\u00eateurs internationaux, mettait en place une taxe exceptionnelle sur les d\u00e9p\u00f4ts bancaires de 6.75%. Au-del\u00e0 de 100&rsquo;000 euros, les \u00e9pargnants chypriote ont vu une <a href=\"https:\/\/www.latribune.fr\/actualites\/economie\/union-europeenne\/20130730trib000778216\/chypre-les-deposants-trinquent-plus-que-prevu.html\">part importante de leurs avoirs affect\u00e9s<\/a>.<\/p>\n<p>\u00a0 <strong>L\u2019or comme refuge<\/strong><\/p>\n<p style=\"text-align: justify;\">Il est difficile de savoir quelles seront les cons\u00e9quences sur les branches fran\u00e7aises des banques libanaises, qui sont \u00e0 la fois li\u00e9es \u00e0 leurs maisons m\u00e8res, mais \u00e9galement sous le contr\u00f4le s\u00e9rieux du r\u00e9gulateur europ\u00e9en. N\u00e9anmoins, au <a href=\"https:\/\/www.gold.fr\/a-propos\/\">Comptoir National de l\u2019Or<\/a>, nous constatons depuis quelques semaines un regain important d\u2019activit\u00e9, sous la forme d\u2019achats significatifs de <strong>m\u00e9tal jaune<\/strong> de la part d\u2019une client\u00e8le libanaise parisienne qui s\u2019inqui\u00e8te ouvertement de la situation et souhaite <a href=\"https:\/\/www.gold.fr\/investir-dans-l-or\/\">investir dans l\u2019or<\/a> comme valeur refuge. Des dizaines de transactions y ont lieu chaque jour.<\/p>\n<p style=\"text-align: justify;\">L\u2019autre ph\u00e9nom\u00e8ne int\u00e9ressant est la hausse impressionnante des <strong>exportations d\u2019or<\/strong> du Liban vers la Suisse, un pays traditionnellement connu pour stocker, mais aussi raffiner l\u2019or. Les donn\u00e9es libanaises sont rares et peu fiables, mais pas celles des douanes suisse\u2026 Selon la base de donn\u00e9es <strong>Impex<\/strong> de la conf\u00e9d\u00e9ration, la suisse importe du Liban (c\u2019est-\u00e0-dire le Liban exporte vers la suisse) exporte depuis juin 2019 environ 2.8 tonnes d\u2019or par mois, alors qu\u2019en 2018, la moyenne mensuelle s\u2019\u00e9levait \u00e0 200 kilos, 14 fois moins\u2026<\/p>\n<p style=\"text-align: justify;\">En clair l\u2019or quitte le pays. Ce ph\u00e9nom\u00e8ne peut s\u2019expliquer de plusieurs mani\u00e8res : soit l\u2019or est de plus en plus utilis\u00e9 dans les \u00e9changes (ou vendu pour r\u00e9cup\u00e9rer des devises) et il est exp\u00e9di\u00e9 en Suisse pour raffinage car la conf\u00e9d\u00e9ration compte sur son sol les plus gros raffineurs mondiaux. L\u2019autre explication est moins r\u00e9jouissante : les stocks priv\u00e9s d\u2019or sont export\u00e9s et mis \u00e0 l\u2019abris\u2026<\/p>\n<p>\u00a0 <a href=\"https:\/\/www.gold.fr\/news\/wp-content\/uploads\/2019\/11\/liban-suisse-graph.png\"><img loading=\"lazy\" decoding=\"async\" class=\"alignnone wp-image-35911\" title=\"Exportations mensuelle d'or KG Liban Suisse\" src=\"https:\/\/www.gold.fr\/news\/wp-content\/uploads\/2019\/11\/liban-suisse-graph.png\" alt=\"Exportations mensuelle d'or KG Liban Suisse\" width=\"647\" height=\"417\" srcset=\"https:\/\/www.gold.fr\/news\/wp-content\/uploads\/2019\/11\/liban-suisse-graph.png 1073w, https:\/\/www.gold.fr\/news\/wp-content\/uploads\/2019\/11\/liban-suisse-graph-300x193.png 300w, https:\/\/www.gold.fr\/news\/wp-content\/uploads\/2019\/11\/liban-suisse-graph-768x495.png 768w, https:\/\/www.gold.fr\/news\/wp-content\/uploads\/2019\/11\/liban-suisse-graph-1024x659.png 1024w, https:\/\/www.gold.fr\/news\/wp-content\/uploads\/2019\/11\/liban-suisse-graph-2x1.png 2w\" sizes=\"auto, (max-width: 647px) 100vw, 647px\" \/><\/a> <em><span style=\"text-decoration: underline;\"><strong>Source :<\/strong><\/span> base Swiss-Impex de la conf\u00e9d\u00e9ration suisse. Donn\u00e9es provisoires pour 2019. Requ\u00eate sur le code marchandise 7108, \u00ab Or, y c. l&rsquo;or platin\u00e9, sous formes brutes, mi-ouvr\u00e9es ou en poudre \u00bb.<\/em><\/p>\n<!-- AddThis Advanced Settings generic via filter on the_content --><!-- AddThis Share Buttons generic via filter on the_content -->","protected":false},"excerpt":{"rendered":"<p>La crise politique\u2026 Le Liban s\u2019enfonce chaque jour un peu plus dans une crise politique d\u2019envergure. Le gouvernement de Saad Hariri a d\u00e9missionn\u00e9 sous la pression de manifestations gigantesques. L\u2019\u00e9tincelle a \u00e9t\u00e9 le projet de taxe [&hellip;]<\/p>\n","protected":false},"author":6,"featured_media":35917,"comment_status":"closed","ping_status":"closed","sticky":false,"template":"","format":"standard","meta":{"_mbp_gutenberg_autopost":false,"_pgmb_is_evergreen":false,"_pgmb_ap_template_id":0,"footnotes":""},"categories":[4],"tags":[17,2156],"ppma_author":[2567],"class_list":["post-35910","post","type-post","status-publish","format-standard","has-post-thumbnail","hentry","category-analyses-economiques","tag-achat-dor","tag-crise-bancaire"],"yoast_head":"<!-- This site is optimized with the Yoast SEO plugin v27.5 - https:\/\/yoast.com\/product\/yoast-seo-wordpress\/ -->\n<title>Crise bancaire au Liban : les libanais ach\u00e8tent de l\u2019Or<\/title>\n<meta name=\"description\" content=\"Crise bancaire au Liban : les libanais ach\u00e8tent de l\u2019Or, La crise politique et financi\u00e8re, Les banques limitent les retraits, etc\" \/>\n<meta name=\"robots\" content=\"index, follow, max-snippet:-1, max-image-preview:large, max-video-preview:-1\" \/>\n<link rel=\"canonical\" href=\"https:\/\/www.gold.fr\/news\/2019\/11\/29\/crise-bancaire-au-liban-les-libanais-achetent-de-lor\/\" \/>\n<meta property=\"og:locale\" content=\"fr_FR\" \/>\n<meta property=\"og:type\" content=\"article\" \/>\n<meta property=\"og:title\" content=\"Crise bancaire au Liban : les libanais ach\u00e8tent de l\u2019Or\" \/>\n<meta property=\"og:description\" content=\"Crise bancaire au Liban : les libanais ach\u00e8tent de l\u2019Or, La crise politique et financi\u00e8re, Les banques limitent les retraits, etc\" \/>\n<meta property=\"og:url\" content=\"https:\/\/www.gold.fr\/news\/2019\/11\/29\/crise-bancaire-au-liban-les-libanais-achetent-de-lor\/\" \/>\n<meta property=\"og:site_name\" content=\"Gold.fr\" \/>\n<meta property=\"article:publisher\" content=\"https:\/\/www.facebook.com\/Goldfr\/\" \/>\n<meta property=\"article:published_time\" content=\"2019-11-29T14:01:21+00:00\" \/>\n<meta property=\"article:modified_time\" content=\"2021-09-23T07:50:14+00:00\" \/>\n<meta property=\"og:image\" content=\"https:\/\/www.gold.fr\/news\/wp-content\/uploads\/2019\/11\/liban-crise-bancaire.jpg\" \/>\n\t<meta property=\"og:image:width\" content=\"1305\" \/>\n\t<meta property=\"og:image:height\" content=\"804\" \/>\n\t<meta property=\"og:image:type\" content=\"image\/jpeg\" \/>\n<meta name=\"author\" content=\"Laurent Schwartz\" \/>\n<meta name=\"twitter:card\" content=\"summary_large_image\" \/>\n<meta name=\"twitter:label1\" content=\"\u00c9crit par\" \/>\n\t<meta name=\"twitter:data1\" content=\"Laurent Schwartz\" \/>\n\t<meta name=\"twitter:label2\" content=\"Dur\u00e9e de lecture estim\u00e9e\" \/>\n\t<meta name=\"twitter:data2\" content=\"4 minutes\" \/>\n<script type=\"application\/ld+json\" class=\"yoast-schema-graph\">{\"@context\":\"https:\\\/\\\/schema.org\",\"@graph\":[{\"@type\":\"Article\",\"@id\":\"https:\\\/\\\/www.gold.fr\\\/news\\\/2019\\\/11\\\/29\\\/crise-bancaire-au-liban-les-libanais-achetent-de-lor\\\/#article\",\"isPartOf\":{\"@id\":\"https:\\\/\\\/www.gold.fr\\\/news\\\/2019\\\/11\\\/29\\\/crise-bancaire-au-liban-les-libanais-achetent-de-lor\\\/\"},\"author\":{\"name\":\"Laurent Schwartz\",\"@id\":\"https:\\\/\\\/www.gold.fr\\\/news\\\/#\\\/schema\\\/person\\\/4ed91d9a70d8f3a313c26e8308214fc2\"},\"headline\":\"Crise bancaire au Liban : les libanais ach\u00e8tent de l\u2019Or\",\"datePublished\":\"2019-11-29T14:01:21+00:00\",\"dateModified\":\"2021-09-23T07:50:14+00:00\",\"mainEntityOfPage\":{\"@id\":\"https:\\\/\\\/www.gold.fr\\\/news\\\/2019\\\/11\\\/29\\\/crise-bancaire-au-liban-les-libanais-achetent-de-lor\\\/\"},\"wordCount\":804,\"image\":{\"@id\":\"https:\\\/\\\/www.gold.fr\\\/news\\\/2019\\\/11\\\/29\\\/crise-bancaire-au-liban-les-libanais-achetent-de-lor\\\/#primaryimage\"},\"thumbnailUrl\":\"https:\\\/\\\/www.gold.fr\\\/news\\\/wp-content\\\/uploads\\\/2019\\\/11\\\/liban-crise-bancaire.jpg\",\"keywords\":[\"Achat d'Or\",\"crise bancaire\"],\"articleSection\":[\"Analyses Economiques\"],\"inLanguage\":\"fr-FR\"},{\"@type\":\"WebPage\",\"@id\":\"https:\\\/\\\/www.gold.fr\\\/news\\\/2019\\\/11\\\/29\\\/crise-bancaire-au-liban-les-libanais-achetent-de-lor\\\/\",\"url\":\"https:\\\/\\\/www.gold.fr\\\/news\\\/2019\\\/11\\\/29\\\/crise-bancaire-au-liban-les-libanais-achetent-de-lor\\\/\",\"name\":\"Crise bancaire au Liban : les libanais ach\u00e8tent de l\u2019Or\",\"isPartOf\":{\"@id\":\"https:\\\/\\\/www.gold.fr\\\/news\\\/#website\"},\"primaryImageOfPage\":{\"@id\":\"https:\\\/\\\/www.gold.fr\\\/news\\\/2019\\\/11\\\/29\\\/crise-bancaire-au-liban-les-libanais-achetent-de-lor\\\/#primaryimage\"},\"image\":{\"@id\":\"https:\\\/\\\/www.gold.fr\\\/news\\\/2019\\\/11\\\/29\\\/crise-bancaire-au-liban-les-libanais-achetent-de-lor\\\/#primaryimage\"},\"thumbnailUrl\":\"https:\\\/\\\/www.gold.fr\\\/news\\\/wp-content\\\/uploads\\\/2019\\\/11\\\/liban-crise-bancaire.jpg\",\"datePublished\":\"2019-11-29T14:01:21+00:00\",\"dateModified\":\"2021-09-23T07:50:14+00:00\",\"author\":{\"@id\":\"https:\\\/\\\/www.gold.fr\\\/news\\\/#\\\/schema\\\/person\\\/4ed91d9a70d8f3a313c26e8308214fc2\"},\"description\":\"Crise bancaire au Liban : les libanais ach\u00e8tent de l\u2019Or, La crise politique et financi\u00e8re, Les banques limitent les retraits, etc\",\"breadcrumb\":{\"@id\":\"https:\\\/\\\/www.gold.fr\\\/news\\\/2019\\\/11\\\/29\\\/crise-bancaire-au-liban-les-libanais-achetent-de-lor\\\/#breadcrumb\"},\"inLanguage\":\"fr-FR\",\"potentialAction\":[{\"@type\":\"ReadAction\",\"target\":[\"https:\\\/\\\/www.gold.fr\\\/news\\\/2019\\\/11\\\/29\\\/crise-bancaire-au-liban-les-libanais-achetent-de-lor\\\/\"]}]},{\"@type\":\"ImageObject\",\"inLanguage\":\"fr-FR\",\"@id\":\"https:\\\/\\\/www.gold.fr\\\/news\\\/2019\\\/11\\\/29\\\/crise-bancaire-au-liban-les-libanais-achetent-de-lor\\\/#primaryimage\",\"url\":\"https:\\\/\\\/www.gold.fr\\\/news\\\/wp-content\\\/uploads\\\/2019\\\/11\\\/liban-crise-bancaire.jpg\",\"contentUrl\":\"https:\\\/\\\/www.gold.fr\\\/news\\\/wp-content\\\/uploads\\\/2019\\\/11\\\/liban-crise-bancaire.jpg\",\"width\":1305,\"height\":804,\"caption\":\"Crise bancaire au liban : les libanais ach\u00e8tent de l'or\"},{\"@type\":\"BreadcrumbList\",\"@id\":\"https:\\\/\\\/www.gold.fr\\\/news\\\/2019\\\/11\\\/29\\\/crise-bancaire-au-liban-les-libanais-achetent-de-lor\\\/#breadcrumb\",\"itemListElement\":[{\"@type\":\"ListItem\",\"position\":1,\"name\":\"Accueil\",\"item\":\"https:\\\/\\\/www.gold.fr\\\/\"},{\"@type\":\"ListItem\",\"position\":2,\"name\":\"Actualit\u00e9s\",\"item\":\"https:\\\/\\\/www.gold.fr\\\/news\\\/\"},{\"@type\":\"ListItem\",\"position\":3,\"name\":\"Crise bancaire au Liban : les libanais ach\u00e8tent de l\u2019Or\"}]},{\"@type\":\"WebSite\",\"@id\":\"https:\\\/\\\/www.gold.fr\\\/news\\\/#website\",\"url\":\"https:\\\/\\\/www.gold.fr\\\/news\\\/\",\"name\":\"Gold.fr\",\"description\":\"Actualit\u00e9s de l&#039;Or et des m\u00e9taux pr\u00e9cieux\",\"potentialAction\":[{\"@type\":\"SearchAction\",\"target\":{\"@type\":\"EntryPoint\",\"urlTemplate\":\"https:\\\/\\\/www.gold.fr\\\/news\\\/?s={search_term_string}\"},\"query-input\":{\"@type\":\"PropertyValueSpecification\",\"valueRequired\":true,\"valueName\":\"search_term_string\"}}],\"inLanguage\":\"fr-FR\"},{\"@type\":\"Person\",\"@id\":\"https:\\\/\\\/www.gold.fr\\\/news\\\/#\\\/schema\\\/person\\\/4ed91d9a70d8f3a313c26e8308214fc2\",\"name\":\"Laurent Schwartz\",\"image\":{\"@type\":\"ImageObject\",\"inLanguage\":\"fr-FR\",\"@id\":\"https:\\\/\\\/secure.gravatar.com\\\/avatar\\\/1496f846049365121827f5470219486f1a95f83957cc8ca0a9595e40c185f5ee?s=96&d=mm&r=g76f0e87c9ba82a161860a0fc16990d85\",\"url\":\"https:\\\/\\\/secure.gravatar.com\\\/avatar\\\/1496f846049365121827f5470219486f1a95f83957cc8ca0a9595e40c185f5ee?s=96&d=mm&r=g\",\"contentUrl\":\"https:\\\/\\\/secure.gravatar.com\\\/avatar\\\/1496f846049365121827f5470219486f1a95f83957cc8ca0a9595e40c185f5ee?s=96&d=mm&r=g\",\"caption\":\"Laurent Schwartz\"},\"description\":\"Dipl\u00f4m\u00e9 de l\u2019EDHEC Business School en 2005, Laurent SCHWARTZ int\u00e8gre le cabinet d\u2019audit ERNST &amp; YOUNG en 2005 o\u00f9 il travaille pendant 4 ans. Parall\u00e8lement, il travaille au sein de l\u2019entreprise familiale cr\u00e9\u00e9e en 1976 \u00e0 Strasbourg. Fort de cette exp\u00e9rience et du savoir-faire d\u00e9velopp\u00e9 durant ces 40 derni\u00e8res ann\u00e9es, Laurent proc\u00e8de \u00e0 la refonte du site Internet Gold.fr d\u00e9di\u00e9 \u00e0 l\u2019achat d'or, vente d\u2019or (pi\u00e8ces, lingots, ...), achat or et argent,... qui conna\u00eetra un franc succ\u00e8s d\u00e8s son d\u00e9marrage en 2008. Il d\u00e9cide alors de d\u00e9velopper un r\u00e9seau de concessions exclusives: Le Comptoir National de l\u2019Or. Il assure d\u00e9sormais le pilotage strat\u00e9gique du 1er r\u00e9seau de France qui compte aujourd\u2019hui pas loin de 60 agences r\u00e9parties dans toute la France et depuis peu en Allemagne (Breisach). Le Comptoir National de l\u2019Or se positionne aujourd\u2019hui comme le leader incontournable sur le march\u00e9 de l\u2019Or et des m\u00e9taux pr\u00e9cieux en France.\",\"sameAs\":[\"https:\\\/\\\/www.gold.fr\",\"https:\\\/\\\/www.linkedin.com\\\/in\\\/acheteror\\\/\"]}]}<\/script>\n<!-- \/ Yoast SEO plugin. -->","yoast_head_json":{"title":"Crise bancaire au Liban : les libanais ach\u00e8tent de l\u2019Or","description":"Crise bancaire au Liban : les libanais ach\u00e8tent de l\u2019Or, La crise politique et financi\u00e8re, Les banques limitent les retraits, etc","robots":{"index":"index","follow":"follow","max-snippet":"max-snippet:-1","max-image-preview":"max-image-preview:large","max-video-preview":"max-video-preview:-1"},"canonical":"https:\/\/www.gold.fr\/news\/2019\/11\/29\/crise-bancaire-au-liban-les-libanais-achetent-de-lor\/","og_locale":"fr_FR","og_type":"article","og_title":"Crise bancaire au Liban : les libanais ach\u00e8tent de l\u2019Or","og_description":"Crise bancaire au Liban : les libanais ach\u00e8tent de l\u2019Or, La crise politique et financi\u00e8re, Les banques limitent les retraits, etc","og_url":"https:\/\/www.gold.fr\/news\/2019\/11\/29\/crise-bancaire-au-liban-les-libanais-achetent-de-lor\/","og_site_name":"Gold.fr","article_publisher":"https:\/\/www.facebook.com\/Goldfr\/","article_published_time":"2019-11-29T14:01:21+00:00","article_modified_time":"2021-09-23T07:50:14+00:00","og_image":[{"width":1305,"height":804,"url":"https:\/\/www.gold.fr\/news\/wp-content\/uploads\/2019\/11\/liban-crise-bancaire.jpg","type":"image\/jpeg"}],"author":"Laurent Schwartz","twitter_card":"summary_large_image","twitter_misc":{"\u00c9crit par":"Laurent Schwartz","Dur\u00e9e de lecture estim\u00e9e":"4 minutes"},"schema":{"@context":"https:\/\/schema.org","@graph":[{"@type":"Article","@id":"https:\/\/www.gold.fr\/news\/2019\/11\/29\/crise-bancaire-au-liban-les-libanais-achetent-de-lor\/#article","isPartOf":{"@id":"https:\/\/www.gold.fr\/news\/2019\/11\/29\/crise-bancaire-au-liban-les-libanais-achetent-de-lor\/"},"author":{"name":"Laurent Schwartz","@id":"https:\/\/www.gold.fr\/news\/#\/schema\/person\/4ed91d9a70d8f3a313c26e8308214fc2"},"headline":"Crise bancaire au Liban : les libanais ach\u00e8tent de l\u2019Or","datePublished":"2019-11-29T14:01:21+00:00","dateModified":"2021-09-23T07:50:14+00:00","mainEntityOfPage":{"@id":"https:\/\/www.gold.fr\/news\/2019\/11\/29\/crise-bancaire-au-liban-les-libanais-achetent-de-lor\/"},"wordCount":804,"image":{"@id":"https:\/\/www.gold.fr\/news\/2019\/11\/29\/crise-bancaire-au-liban-les-libanais-achetent-de-lor\/#primaryimage"},"thumbnailUrl":"https:\/\/www.gold.fr\/news\/wp-content\/uploads\/2019\/11\/liban-crise-bancaire.jpg","keywords":["Achat d'Or","crise bancaire"],"articleSection":["Analyses Economiques"],"inLanguage":"fr-FR"},{"@type":"WebPage","@id":"https:\/\/www.gold.fr\/news\/2019\/11\/29\/crise-bancaire-au-liban-les-libanais-achetent-de-lor\/","url":"https:\/\/www.gold.fr\/news\/2019\/11\/29\/crise-bancaire-au-liban-les-libanais-achetent-de-lor\/","name":"Crise bancaire au Liban : les libanais ach\u00e8tent de l\u2019Or","isPartOf":{"@id":"https:\/\/www.gold.fr\/news\/#website"},"primaryImageOfPage":{"@id":"https:\/\/www.gold.fr\/news\/2019\/11\/29\/crise-bancaire-au-liban-les-libanais-achetent-de-lor\/#primaryimage"},"image":{"@id":"https:\/\/www.gold.fr\/news\/2019\/11\/29\/crise-bancaire-au-liban-les-libanais-achetent-de-lor\/#primaryimage"},"thumbnailUrl":"https:\/\/www.gold.fr\/news\/wp-content\/uploads\/2019\/11\/liban-crise-bancaire.jpg","datePublished":"2019-11-29T14:01:21+00:00","dateModified":"2021-09-23T07:50:14+00:00","author":{"@id":"https:\/\/www.gold.fr\/news\/#\/schema\/person\/4ed91d9a70d8f3a313c26e8308214fc2"},"description":"Crise bancaire au Liban : les libanais ach\u00e8tent de l\u2019Or, La crise politique et financi\u00e8re, Les banques limitent les retraits, etc","breadcrumb":{"@id":"https:\/\/www.gold.fr\/news\/2019\/11\/29\/crise-bancaire-au-liban-les-libanais-achetent-de-lor\/#breadcrumb"},"inLanguage":"fr-FR","potentialAction":[{"@type":"ReadAction","target":["https:\/\/www.gold.fr\/news\/2019\/11\/29\/crise-bancaire-au-liban-les-libanais-achetent-de-lor\/"]}]},{"@type":"ImageObject","inLanguage":"fr-FR","@id":"https:\/\/www.gold.fr\/news\/2019\/11\/29\/crise-bancaire-au-liban-les-libanais-achetent-de-lor\/#primaryimage","url":"https:\/\/www.gold.fr\/news\/wp-content\/uploads\/2019\/11\/liban-crise-bancaire.jpg","contentUrl":"https:\/\/www.gold.fr\/news\/wp-content\/uploads\/2019\/11\/liban-crise-bancaire.jpg","width":1305,"height":804,"caption":"Crise bancaire au liban : les libanais ach\u00e8tent de l'or"},{"@type":"BreadcrumbList","@id":"https:\/\/www.gold.fr\/news\/2019\/11\/29\/crise-bancaire-au-liban-les-libanais-achetent-de-lor\/#breadcrumb","itemListElement":[{"@type":"ListItem","position":1,"name":"Accueil","item":"https:\/\/www.gold.fr\/"},{"@type":"ListItem","position":2,"name":"Actualit\u00e9s","item":"https:\/\/www.gold.fr\/news\/"},{"@type":"ListItem","position":3,"name":"Crise bancaire au Liban : les libanais ach\u00e8tent de l\u2019Or"}]},{"@type":"WebSite","@id":"https:\/\/www.gold.fr\/news\/#website","url":"https:\/\/www.gold.fr\/news\/","name":"Gold.fr","description":"Actualit\u00e9s de l&#039;Or et des m\u00e9taux pr\u00e9cieux","potentialAction":[{"@type":"SearchAction","target":{"@type":"EntryPoint","urlTemplate":"https:\/\/www.gold.fr\/news\/?s={search_term_string}"},"query-input":{"@type":"PropertyValueSpecification","valueRequired":true,"valueName":"search_term_string"}}],"inLanguage":"fr-FR"},{"@type":"Person","@id":"https:\/\/www.gold.fr\/news\/#\/schema\/person\/4ed91d9a70d8f3a313c26e8308214fc2","name":"Laurent Schwartz","image":{"@type":"ImageObject","inLanguage":"fr-FR","@id":"https:\/\/secure.gravatar.com\/avatar\/1496f846049365121827f5470219486f1a95f83957cc8ca0a9595e40c185f5ee?s=96&d=mm&r=g76f0e87c9ba82a161860a0fc16990d85","url":"https:\/\/secure.gravatar.com\/avatar\/1496f846049365121827f5470219486f1a95f83957cc8ca0a9595e40c185f5ee?s=96&d=mm&r=g","contentUrl":"https:\/\/secure.gravatar.com\/avatar\/1496f846049365121827f5470219486f1a95f83957cc8ca0a9595e40c185f5ee?s=96&d=mm&r=g","caption":"Laurent Schwartz"},"description":"Dipl\u00f4m\u00e9 de l\u2019EDHEC Business School en 2005, Laurent SCHWARTZ int\u00e8gre le cabinet d\u2019audit ERNST &amp; YOUNG en 2005 o\u00f9 il travaille pendant 4 ans. Parall\u00e8lement, il travaille au sein de l\u2019entreprise familiale cr\u00e9\u00e9e en 1976 \u00e0 Strasbourg. Fort de cette exp\u00e9rience et du savoir-faire d\u00e9velopp\u00e9 durant ces 40 derni\u00e8res ann\u00e9es, Laurent proc\u00e8de \u00e0 la refonte du site Internet Gold.fr d\u00e9di\u00e9 \u00e0 l\u2019achat d'or, vente d\u2019or (pi\u00e8ces, lingots, ...), achat or et argent,... qui conna\u00eetra un franc succ\u00e8s d\u00e8s son d\u00e9marrage en 2008. Il d\u00e9cide alors de d\u00e9velopper un r\u00e9seau de concessions exclusives: Le Comptoir National de l\u2019Or. Il assure d\u00e9sormais le pilotage strat\u00e9gique du 1er r\u00e9seau de France qui compte aujourd\u2019hui pas loin de 60 agences r\u00e9parties dans toute la France et depuis peu en Allemagne (Breisach). Le Comptoir National de l\u2019Or se positionne aujourd\u2019hui comme le leader incontournable sur le march\u00e9 de l\u2019Or et des m\u00e9taux pr\u00e9cieux en France.","sameAs":["https:\/\/www.gold.fr","https:\/\/www.linkedin.com\/in\/acheteror\/"]}]}},"authors":[{"term_id":2567,"user_id":6,"is_guest":0,"slug":"laurent","display_name":"Laurent Schwartz","avatar_url":"https:\/\/secure.gravatar.com\/avatar\/1496f846049365121827f5470219486f1a95f83957cc8ca0a9595e40c185f5ee?s=96&d=mm&r=g","0":null,"1":"","2":"","3":"","4":"","5":"","6":"","7":"","8":""}],"_links":{"self":[{"href":"https:\/\/www.gold.fr\/news\/wp-json\/wp\/v2\/posts\/35910","targetHints":{"allow":["GET"]}}],"collection":[{"href":"https:\/\/www.gold.fr\/news\/wp-json\/wp\/v2\/posts"}],"about":[{"href":"https:\/\/www.gold.fr\/news\/wp-json\/wp\/v2\/types\/post"}],"author":[{"embeddable":true,"href":"https:\/\/www.gold.fr\/news\/wp-json\/wp\/v2\/users\/6"}],"replies":[{"embeddable":true,"href":"https:\/\/www.gold.fr\/news\/wp-json\/wp\/v2\/comments?post=35910"}],"version-history":[{"count":0,"href":"https:\/\/www.gold.fr\/news\/wp-json\/wp\/v2\/posts\/35910\/revisions"}],"wp:featuredmedia":[{"embeddable":true,"href":"https:\/\/www.gold.fr\/news\/wp-json\/wp\/v2\/media\/35917"}],"wp:attachment":[{"href":"https:\/\/www.gold.fr\/news\/wp-json\/wp\/v2\/media?parent=35910"}],"wp:term":[{"taxonomy":"category","embeddable":true,"href":"https:\/\/www.gold.fr\/news\/wp-json\/wp\/v2\/categories?post=35910"},{"taxonomy":"post_tag","embeddable":true,"href":"https:\/\/www.gold.fr\/news\/wp-json\/wp\/v2\/tags?post=35910"},{"taxonomy":"author","embeddable":true,"href":"https:\/\/www.gold.fr\/news\/wp-json\/wp\/v2\/ppma_author?post=35910"}],"curies":[{"name":"wp","href":"https:\/\/api.w.org\/{rel}","templated":true}]}}