{"id":35827,"date":"2019-10-04T14:50:49","date_gmt":"2019-10-04T12:50:49","guid":{"rendered":"https:\/\/www.gold.fr\/news\/?p=35827"},"modified":"2021-01-11T14:06:12","modified_gmt":"2021-01-11T13:06:12","slug":"cours-de-lor-une-consolidation-necessaire","status":"publish","type":"post","link":"https:\/\/www.gold.fr\/news\/2019\/10\/04\/cours-de-lor-une-consolidation-necessaire\/","title":{"rendered":"Cours de l\u2019or : une consolidation n\u00e9cessaire"},"content":{"rendered":"<h2>Ce qu\u2019il faut retenir du mois :<\/h2>\n<p>  \u2022 Une saine consolidation des cours en septembre apr\u00e8s 4 mois de hausse    \u2022 Performance en euros : -1.5% en sept, 22% sur 2019    \u2022 L\u2019or a un meilleur couple risque\/rendement que les actions en 2019    \u2022 Le spectre de la r\u00e9cession se rapproche    \u2022 La proc\u00e9dure de destitution de Trump est lanc\u00e9e    \u2022 Etats-Unis : la production d\u2019or reste en repli    \u2022 Un peu d\u2019histoire : les 1000 livres d\u2019or de Brennus    &nbsp;  <\/p>\n<h2>Une consolidation assez saine<\/h2>\n<p>  Fin septembre, le cours de l\u2019once d\u2019or est repass\u00e9 sous la barre des 1500 dollars, en cl\u00f4turant, au second fixing de Londres, \u00e0 1485.3 dollars, soit 1362.17 euros. A noter, le cours a atteint un plus haut historique en euros le 4 septembre, \u00e0 1403.86 euros.    <a href=\"https:\/\/www.gold.fr\/news\/wp-content\/uploads\/2019\/10\/table_perf.jpg\"><img loading=\"lazy\" decoding=\"async\" class=\"alignnone wp-image-35830\" src=\"https:\/\/www.gold.fr\/news\/wp-content\/uploads\/2019\/10\/table_perf.jpg\" alt=\"\" width=\"685\" height=\"143\" srcset=\"https:\/\/www.gold.fr\/news\/wp-content\/uploads\/2019\/10\/table_perf.jpg 1875w, https:\/\/www.gold.fr\/news\/wp-content\/uploads\/2019\/10\/table_perf-300x63.jpg 300w, https:\/\/www.gold.fr\/news\/wp-content\/uploads\/2019\/10\/table_perf-768x160.jpg 768w, https:\/\/www.gold.fr\/news\/wp-content\/uploads\/2019\/10\/table_perf-1024x214.jpg 1024w, https:\/\/www.gold.fr\/news\/wp-content\/uploads\/2019\/10\/table_perf-5x1.jpg 5w\" sizes=\"auto, (max-width: 685px) 100vw, 685px\" \/><\/a>    Ceci conduit \u00e0 une performance de -1.54% en euros sur le mois \u00e9coul\u00e9. Comme pour le mois d\u2019ao\u00fbt, l\u2019appr\u00e9ciation du billet vert a permis de g\u00e9n\u00e9rer une surperformance par rapport au cours en dollars, profitant aux investisseurs europ\u00e9ens. Cette consolidation est assez naturelle \u00e9tant donn\u00e9e l\u2019appr\u00e9ciation spectaculaire du m\u00e9tal jaune aux 3\u00e8me trimestre. Certains la pensent n\u00e9cessaire. La performance sur 2019 reste excellente, \u00e0 presque 22% en euros, l\u00e0 encore bien sup\u00e9rieure \u00e0 la performance en dollar. Si l\u2019on consid\u00e8re seulement les 3 premiers trimestres, il s\u2019agit de la meilleure ann\u00e9e depuis 2010.    <a href=\"https:\/\/www.gold.fr\/news\/wp-content\/uploads\/2019\/10\/eur_ytd.jpg\"><img loading=\"lazy\" decoding=\"async\" class=\"alignnone wp-image-35828\" src=\"https:\/\/www.gold.fr\/news\/wp-content\/uploads\/2019\/10\/eur_ytd.jpg\" alt=\"\" width=\"576\" height=\"336\" srcset=\"https:\/\/www.gold.fr\/news\/wp-content\/uploads\/2019\/10\/eur_ytd.jpg 1875w, https:\/\/www.gold.fr\/news\/wp-content\/uploads\/2019\/10\/eur_ytd-300x175.jpg 300w, https:\/\/www.gold.fr\/news\/wp-content\/uploads\/2019\/10\/eur_ytd-768x448.jpg 768w, https:\/\/www.gold.fr\/news\/wp-content\/uploads\/2019\/10\/eur_ytd-1024x597.jpg 1024w, https:\/\/www.gold.fr\/news\/wp-content\/uploads\/2019\/10\/eur_ytd-2x1.jpg 2w\" sizes=\"auto, (max-width: 576px) 100vw, 576px\" \/><\/a>    <em>Pour aller plus loin : notre guide \u00ab <a href=\"https:\/\/www.gold.fr\/informations-sur-l-or\/guides\/comment-est-fixe-le-cours-de-lor\">Comment est fix\u00e9 le cours de l\u2019or ?<\/a> \u00bb<\/em>    &nbsp;  <\/p>\n<h2>L\u2019or a un meilleur couple risque\/rendement que les actions en 2019<\/h2>\n<p>  Si les actions du Cac 40 ont enregistr\u00e9 un bon mois de septembre (+3.6%), le m\u00e9tal jaune garde une avance sur l\u2019ann\u00e9e 2019 (+22% pour l\u2019or contre +20% pour le Cac 40). Les deux actifs pr\u00e9sentent donc un rendement presque \u00e9quivalent.    <a href=\"https:\/\/www.gold.fr\/news\/wp-content\/uploads\/2019\/10\/or_actions.jpg\"><img loading=\"lazy\" decoding=\"async\" class=\"alignnone wp-image-35829\" src=\"https:\/\/www.gold.fr\/news\/wp-content\/uploads\/2019\/10\/or_actions.jpg\" alt=\"\" width=\"553\" height=\"323\" srcset=\"https:\/\/www.gold.fr\/news\/wp-content\/uploads\/2019\/10\/or_actions.jpg 1875w, https:\/\/www.gold.fr\/news\/wp-content\/uploads\/2019\/10\/or_actions-300x175.jpg 300w, https:\/\/www.gold.fr\/news\/wp-content\/uploads\/2019\/10\/or_actions-768x448.jpg 768w, https:\/\/www.gold.fr\/news\/wp-content\/uploads\/2019\/10\/or_actions-1024x597.jpg 1024w, https:\/\/www.gold.fr\/news\/wp-content\/uploads\/2019\/10\/or_actions-2x1.jpg 2w\" sizes=\"auto, (max-width: 553px) 100vw, 553px\" \/><\/a>    Mais l\u2019or parait bien moins volatile (et donc risqu\u00e9) que l\u2019indice parisien, avec une volatilit\u00e9 annualis\u00e9e de 3 points inf\u00e9rieure \u00e0 elle du Cac40, soit pr\u00e8s de 20% de risque en moins. Meilleure performance, moins de volatilit\u00e9, il en ressort que le m\u00e9tal jaune offre un meilleur couple risque rendement que les actions fran\u00e7aises. Pour comparer le couple risque rendement des investissements, les analystes utilisent souvent le ratio de Sharpe, qui est le rapport entre la performance et la volatilit\u00e9. Sans surprise, net avantage pour l\u2019or !    <a href=\"https:\/\/www.gold.fr\/news\/wp-content\/uploads\/2019\/10\/3009_perf2019.png\"><img loading=\"lazy\" decoding=\"async\" class=\"alignnone wp-image-35831\" src=\"https:\/\/www.gold.fr\/news\/wp-content\/uploads\/2019\/10\/3009_perf2019.png\" alt=\"\" width=\"485\" height=\"93\" srcset=\"https:\/\/www.gold.fr\/news\/wp-content\/uploads\/2019\/10\/3009_perf2019.png 882w, https:\/\/www.gold.fr\/news\/wp-content\/uploads\/2019\/10\/3009_perf2019-300x57.png 300w, https:\/\/www.gold.fr\/news\/wp-content\/uploads\/2019\/10\/3009_perf2019-768x147.png 768w, https:\/\/www.gold.fr\/news\/wp-content\/uploads\/2019\/10\/3009_perf2019-5x1.png 5w\" sizes=\"auto, (max-width: 485px) 100vw, 485px\" \/><\/a>    &nbsp;  <\/p>\n<h2>Le spectre de la r\u00e9cession se rapproche<\/h2>\n<p>  Au mois de septembre, les craintes d\u2019une r\u00e9cession prochaine se sont intensifi\u00e9es. Selon l\u2019enqu\u00eate mensuelle men\u00e9e par le Wall Street Journal, 42.5% des \u00e9conomistes et analystes sond\u00e9s s\u2019attendent \u00e0 une r\u00e9cession en 2020, et 35% en 2021\u2026 De mani\u00e8re analogue, l\u2019indicateur calcul\u00e9 par la Fed de New York et qui se base sur la courbe des taux indiquait une probabilit\u00e9 de 38% d\u2019une r\u00e9cession sous 12 mois.    D\u2019autant que les chiffres d\u00e9cevants se sont multipli\u00e9s en septembre, principalement sur le secteur manufacturier avec des indices de confiance des directeurs d\u2019achats tr\u00e8s nettement inf\u00e9rieurs aux attentes, notamment en Allemagne et aux Etats-Unis. En Chine, cons\u00e9quence de la guerre commerciale, les exportations ont ralenti d\u20191% en ao\u00fbt, et la production industrielle n\u2019a cru que de 4.4%, bien en de\u00e7\u00e0 des attentes. Si nous ne sommes pas encore en r\u00e9cession, il se pourrait donc que la question se repose prochainement. Pour m\u00e9moire, dans notre <a href=\"https:\/\/www.gold.fr\/news\/2019\/09\/06\/cours-de-lor-en-euros-plus-haut-historique-en-haut\/\">lettre mensuelle de septembre<\/a>, nous mentionnons une \u00e9tude men\u00e9e r\u00e9cemment qui montrait une progression moyenne de 20% du m\u00e9tal jaune lors des 6 derni\u00e8res r\u00e9cessions am\u00e9ricaines.  <\/p>\n<h3><\/h3>\n<p>  &nbsp;  <\/p>\n<h2>La proc\u00e9dure de destitution de Trump est lanc\u00e9e<\/h2>\n<p>  Il a surv\u00e9cu \u00e0 l\u2019enqu\u00eate du procureur sp\u00e9cial Mueller sur les soup\u00e7ons de collusion avec la Russie, mais c\u2019est une autre affaire qui a pouss\u00e9 la chambre des repr\u00e9sentants \u00e0 lancer formellement la proc\u00e9dure de destitution. Le pr\u00e9sident Trump, lors d\u2019une conversation t\u00e9l\u00e9phonique aurait demand\u00e9 au pr\u00e9sident ukrainien d\u2019enqu\u00eater sur la famille de son rival d\u00e9mocrate Joe Biden.    A presque un an de l\u2019\u00e9lection, avec un s\u00e9nat r\u00e9publicain et une majorit\u00e9 requise de 2\/3 pour l\u2019impeachment, la probabilit\u00e9 d\u2019une destitution est faible. Mais le personnage \u00e9tant impr\u00e9visible, il ne faut pas non plus sous-estimer la situation. Le cours de l\u2019or b\u00e9n\u00e9ficierait probablement d\u2019une destitution, mais sans doute de mani\u00e8re assez modeste, car ce ne serait pas une vraie surprise, et la pr\u00e9sidence serait reprise par l\u2019actuel Mike Pence, plus conventionnel et dont on connait la politique.    &nbsp;  <\/p>\n<h2>La production am\u00e9ricaine d\u2019or reste en repli<\/h2>\n<p>  Les chiffres de production d\u2019or des Etats Unis pour le deuxi\u00e8me trimestre ont \u00e9t\u00e9 publi\u00e9s par l\u2019USGS, l\u2019agence am\u00e9ricaine en charge des ressources mini\u00e8res. Ils confirment une tendance que nous avions identifi\u00e9 il y a maintenant plusieurs trimestres, celle d\u2019un repli marqu\u00e9 de la production mini\u00e8re am\u00e9ricaine.    Avec environ 225.6 tonnes d\u2019or en 2018, il s\u2019est produit aux Etats-Unis environ 618 kg d\u2019or par jour. Pour le premier semestre 2019, ce chiffre tombe \u00e0 environ 566 kg par jour, soit une baisse de 8.3%. Rappelons pour m\u00e9moire qu\u2019en 2018, la production am\u00e9ricaine avait d\u00e9j\u00e0 baiss\u00e9 de 11% par rapport \u00e0 2017. La tendance semble donc se poursuivre\u2026    <a href=\"https:\/\/www.gold.fr\/news\/wp-content\/uploads\/2019\/10\/prod_us_2018_1er_sem2019.png\"><img loading=\"lazy\" decoding=\"async\" class=\"alignnone wp-image-35832\" src=\"https:\/\/www.gold.fr\/news\/wp-content\/uploads\/2019\/10\/prod_us_2018_1er_sem2019.png\" alt=\"\" width=\"479\" height=\"91\" srcset=\"https:\/\/www.gold.fr\/news\/wp-content\/uploads\/2019\/10\/prod_us_2018_1er_sem2019.png 810w, https:\/\/www.gold.fr\/news\/wp-content\/uploads\/2019\/10\/prod_us_2018_1er_sem2019-300x57.png 300w, https:\/\/www.gold.fr\/news\/wp-content\/uploads\/2019\/10\/prod_us_2018_1er_sem2019-768x146.png 768w, https:\/\/www.gold.fr\/news\/wp-content\/uploads\/2019\/10\/prod_us_2018_1er_sem2019-5x1.png 5w\" sizes=\"auto, (max-width: 479px) 100vw, 479px\" \/><\/a>    &nbsp;  <\/p>\n<h2>Un peu d\u2019histoire : les 1000 livres d\u2019or de Brennus<\/h2>\n<p>  <em>Pendant des si\u00e8cles, l\u2019or a servi de monnaie, et il a logiquement occup\u00e9 une place importante dans l\u2019histoire. Une bonne occasion de revisiter un \u00e9pisode historique singulier !<\/em>    En 390 avant JC, le chef Gaulois Brennus met en d\u00e9route l\u2019arm\u00e9e romaine \u00e0 Allia, \u00e0 quelques kilom\u00e8tres de Rome. Rien n\u2019emp\u00eache plus la prise de la ville, qui sera en proie aux pillages et aux massacres. Mais des romains r\u00e9fugi\u00e9s au capitole r\u00e9sistent encore, et sont notamment alert\u00e9s des assauts gaulois par les fameuses oies du capitole\u2026 Brennus opte donc pour le si\u00e8ge.    A bout de force, les romains d\u00e9cident de n\u00e9gocier la lev\u00e9e du si\u00e8ge. La ran\u00e7on aurait \u00e9t\u00e9 fix\u00e9 \u00e0 1000 livres d\u2019or, soit environ 450 kilos. Lors de la pes\u00e9e, les poids utilis\u00e9s par les gaulois auraient \u00e9t\u00e9 truqu\u00e9s et alourdis, et les romains s\u2019en seraient offusqu\u00e9. La l\u00e9gende rapporte que Brennus aurait alors jet\u00e9 son \u00e9p\u00e9e dans la balance en pronon\u00e7ant le d\u00e9sormais fameux : \u00abvae victis \u00bb, malheur aux vaincus.<\/p>\n<!-- AddThis Advanced Settings generic via filter on the_content --><!-- AddThis Share Buttons generic via filter on the_content -->","protected":false},"excerpt":{"rendered":"<p>Ce qu\u2019il faut retenir du mois : \u2022 Une saine consolidation des cours en septembre apr\u00e8s 4 mois de hausse \u2022 Performance en euros : -1.5% en sept, 22% sur 2019 \u2022 L\u2019or a un meilleur [&hellip;]<\/p>\n","protected":false},"author":6,"featured_media":35833,"comment_status":"closed","ping_status":"closed","sticky":false,"template":"","format":"standard","meta":{"_mbp_gutenberg_autopost":false,"_pgmb_is_evergreen":false,"_pgmb_ap_template_id":0,"footnotes":""},"categories":[4,5],"tags":[920,84],"ppma_author":[2567],"class_list":["post-35827","post","type-post","status-publish","format-standard","has-post-thumbnail","hentry","category-analyses-economiques","category-flash-infos","tag-consolidation-de-lor","tag-cours-de-lor"],"yoast_head":"<!-- This site is optimized with the Yoast SEO plugin v27.5 - https:\/\/yoast.com\/product\/yoast-seo-wordpress\/ -->\n<title>Cours de l\u2019or : une consolidation n\u00e9cessaire - Gold.fr<\/title>\n<meta name=\"robots\" content=\"index, follow, max-snippet:-1, max-image-preview:large, max-video-preview:-1\" \/>\n<link rel=\"canonical\" href=\"https:\/\/www.gold.fr\/news\/2019\/10\/04\/cours-de-lor-une-consolidation-necessaire\/\" \/>\n<meta property=\"og:locale\" content=\"fr_FR\" \/>\n<meta property=\"og:type\" content=\"article\" \/>\n<meta property=\"og:title\" content=\"Cours de l\u2019or : une consolidation n\u00e9cessaire - Gold.fr\" \/>\n<meta property=\"og:description\" content=\"Ce qu\u2019il faut retenir du mois : \u2022 Une saine consolidation des cours en septembre apr\u00e8s 4 mois de hausse \u2022 Performance en euros : -1.5% en sept, 22% sur 2019 \u2022 L\u2019or a un meilleur [&hellip;]\" \/>\n<meta property=\"og:url\" content=\"https:\/\/www.gold.fr\/news\/2019\/10\/04\/cours-de-lor-une-consolidation-necessaire\/\" \/>\n<meta property=\"og:site_name\" content=\"Gold.fr\" \/>\n<meta property=\"article:publisher\" content=\"https:\/\/www.facebook.com\/Goldfr\/\" \/>\n<meta property=\"article:published_time\" content=\"2019-10-04T12:50:49+00:00\" \/>\n<meta property=\"article:modified_time\" content=\"2021-01-11T13:06:12+00:00\" \/>\n<meta property=\"og:image\" content=\"https:\/\/www.gold.fr\/news\/wp-content\/uploads\/2019\/10\/kisspng-economic-growth-economy-gross-domestic-product-eco-money-tree-5ac5e1eb919070.5097750515229178675962.png\" \/>\n\t<meta property=\"og:image:width\" content=\"916\" \/>\n\t<meta property=\"og:image:height\" content=\"811\" \/>\n\t<meta property=\"og:image:type\" content=\"image\/png\" \/>\n<meta name=\"author\" content=\"Laurent Schwartz\" \/>\n<meta name=\"twitter:card\" content=\"summary_large_image\" \/>\n<meta name=\"twitter:label1\" content=\"\u00c9crit par\" \/>\n\t<meta name=\"twitter:data1\" content=\"Laurent Schwartz\" \/>\n\t<meta name=\"twitter:label2\" content=\"Dur\u00e9e de lecture estim\u00e9e\" \/>\n\t<meta name=\"twitter:data2\" content=\"5 minutes\" \/>\n<script type=\"application\/ld+json\" class=\"yoast-schema-graph\">{\"@context\":\"https:\\\/\\\/schema.org\",\"@graph\":[{\"@type\":\"Article\",\"@id\":\"https:\\\/\\\/www.gold.fr\\\/news\\\/2019\\\/10\\\/04\\\/cours-de-lor-une-consolidation-necessaire\\\/#article\",\"isPartOf\":{\"@id\":\"https:\\\/\\\/www.gold.fr\\\/news\\\/2019\\\/10\\\/04\\\/cours-de-lor-une-consolidation-necessaire\\\/\"},\"author\":{\"name\":\"Laurent Schwartz\",\"@id\":\"https:\\\/\\\/www.gold.fr\\\/news\\\/#\\\/schema\\\/person\\\/4ed91d9a70d8f3a313c26e8308214fc2\"},\"headline\":\"Cours de l\u2019or : une consolidation n\u00e9cessaire\",\"datePublished\":\"2019-10-04T12:50:49+00:00\",\"dateModified\":\"2021-01-11T13:06:12+00:00\",\"mainEntityOfPage\":{\"@id\":\"https:\\\/\\\/www.gold.fr\\\/news\\\/2019\\\/10\\\/04\\\/cours-de-lor-une-consolidation-necessaire\\\/\"},\"wordCount\":1086,\"image\":{\"@id\":\"https:\\\/\\\/www.gold.fr\\\/news\\\/2019\\\/10\\\/04\\\/cours-de-lor-une-consolidation-necessaire\\\/#primaryimage\"},\"thumbnailUrl\":\"https:\\\/\\\/www.gold.fr\\\/news\\\/wp-content\\\/uploads\\\/2019\\\/10\\\/kisspng-economic-growth-economy-gross-domestic-product-eco-money-tree-5ac5e1eb919070.5097750515229178675962.png\",\"keywords\":[\"Consolidation de l\u2019or\",\"Tout Cours de l'Or\"],\"articleSection\":[\"Analyses Economiques\",\"Flash infos\"],\"inLanguage\":\"fr-FR\"},{\"@type\":\"WebPage\",\"@id\":\"https:\\\/\\\/www.gold.fr\\\/news\\\/2019\\\/10\\\/04\\\/cours-de-lor-une-consolidation-necessaire\\\/\",\"url\":\"https:\\\/\\\/www.gold.fr\\\/news\\\/2019\\\/10\\\/04\\\/cours-de-lor-une-consolidation-necessaire\\\/\",\"name\":\"Cours de l\u2019or : une consolidation n\u00e9cessaire - Gold.fr\",\"isPartOf\":{\"@id\":\"https:\\\/\\\/www.gold.fr\\\/news\\\/#website\"},\"primaryImageOfPage\":{\"@id\":\"https:\\\/\\\/www.gold.fr\\\/news\\\/2019\\\/10\\\/04\\\/cours-de-lor-une-consolidation-necessaire\\\/#primaryimage\"},\"image\":{\"@id\":\"https:\\\/\\\/www.gold.fr\\\/news\\\/2019\\\/10\\\/04\\\/cours-de-lor-une-consolidation-necessaire\\\/#primaryimage\"},\"thumbnailUrl\":\"https:\\\/\\\/www.gold.fr\\\/news\\\/wp-content\\\/uploads\\\/2019\\\/10\\\/kisspng-economic-growth-economy-gross-domestic-product-eco-money-tree-5ac5e1eb919070.5097750515229178675962.png\",\"datePublished\":\"2019-10-04T12:50:49+00:00\",\"dateModified\":\"2021-01-11T13:06:12+00:00\",\"author\":{\"@id\":\"https:\\\/\\\/www.gold.fr\\\/news\\\/#\\\/schema\\\/person\\\/4ed91d9a70d8f3a313c26e8308214fc2\"},\"breadcrumb\":{\"@id\":\"https:\\\/\\\/www.gold.fr\\\/news\\\/2019\\\/10\\\/04\\\/cours-de-lor-une-consolidation-necessaire\\\/#breadcrumb\"},\"inLanguage\":\"fr-FR\",\"potentialAction\":[{\"@type\":\"ReadAction\",\"target\":[\"https:\\\/\\\/www.gold.fr\\\/news\\\/2019\\\/10\\\/04\\\/cours-de-lor-une-consolidation-necessaire\\\/\"]}]},{\"@type\":\"ImageObject\",\"inLanguage\":\"fr-FR\",\"@id\":\"https:\\\/\\\/www.gold.fr\\\/news\\\/2019\\\/10\\\/04\\\/cours-de-lor-une-consolidation-necessaire\\\/#primaryimage\",\"url\":\"https:\\\/\\\/www.gold.fr\\\/news\\\/wp-content\\\/uploads\\\/2019\\\/10\\\/kisspng-economic-growth-economy-gross-domestic-product-eco-money-tree-5ac5e1eb919070.5097750515229178675962.png\",\"contentUrl\":\"https:\\\/\\\/www.gold.fr\\\/news\\\/wp-content\\\/uploads\\\/2019\\\/10\\\/kisspng-economic-growth-economy-gross-domestic-product-eco-money-tree-5ac5e1eb919070.5097750515229178675962.png\",\"width\":916,\"height\":811,\"caption\":\"cours de l'or - rapport mensuel\"},{\"@type\":\"BreadcrumbList\",\"@id\":\"https:\\\/\\\/www.gold.fr\\\/news\\\/2019\\\/10\\\/04\\\/cours-de-lor-une-consolidation-necessaire\\\/#breadcrumb\",\"itemListElement\":[{\"@type\":\"ListItem\",\"position\":1,\"name\":\"Accueil\",\"item\":\"https:\\\/\\\/www.gold.fr\\\/\"},{\"@type\":\"ListItem\",\"position\":2,\"name\":\"Actualit\u00e9s\",\"item\":\"https:\\\/\\\/www.gold.fr\\\/news\\\/\"},{\"@type\":\"ListItem\",\"position\":3,\"name\":\"Cours de l\u2019or : une consolidation n\u00e9cessaire\"}]},{\"@type\":\"WebSite\",\"@id\":\"https:\\\/\\\/www.gold.fr\\\/news\\\/#website\",\"url\":\"https:\\\/\\\/www.gold.fr\\\/news\\\/\",\"name\":\"Gold.fr\",\"description\":\"Actualit\u00e9s de l&#039;Or et des m\u00e9taux pr\u00e9cieux\",\"potentialAction\":[{\"@type\":\"SearchAction\",\"target\":{\"@type\":\"EntryPoint\",\"urlTemplate\":\"https:\\\/\\\/www.gold.fr\\\/news\\\/?s={search_term_string}\"},\"query-input\":{\"@type\":\"PropertyValueSpecification\",\"valueRequired\":true,\"valueName\":\"search_term_string\"}}],\"inLanguage\":\"fr-FR\"},{\"@type\":\"Person\",\"@id\":\"https:\\\/\\\/www.gold.fr\\\/news\\\/#\\\/schema\\\/person\\\/4ed91d9a70d8f3a313c26e8308214fc2\",\"name\":\"Laurent Schwartz\",\"image\":{\"@type\":\"ImageObject\",\"inLanguage\":\"fr-FR\",\"@id\":\"https:\\\/\\\/secure.gravatar.com\\\/avatar\\\/1496f846049365121827f5470219486f1a95f83957cc8ca0a9595e40c185f5ee?s=96&d=mm&r=g76f0e87c9ba82a161860a0fc16990d85\",\"url\":\"https:\\\/\\\/secure.gravatar.com\\\/avatar\\\/1496f846049365121827f5470219486f1a95f83957cc8ca0a9595e40c185f5ee?s=96&d=mm&r=g\",\"contentUrl\":\"https:\\\/\\\/secure.gravatar.com\\\/avatar\\\/1496f846049365121827f5470219486f1a95f83957cc8ca0a9595e40c185f5ee?s=96&d=mm&r=g\",\"caption\":\"Laurent Schwartz\"},\"description\":\"Dipl\u00f4m\u00e9 de l\u2019EDHEC Business School en 2005, Laurent SCHWARTZ int\u00e8gre le cabinet d\u2019audit ERNST &amp; YOUNG en 2005 o\u00f9 il travaille pendant 4 ans. Parall\u00e8lement, il travaille au sein de l\u2019entreprise familiale cr\u00e9\u00e9e en 1976 \u00e0 Strasbourg. Fort de cette exp\u00e9rience et du savoir-faire d\u00e9velopp\u00e9 durant ces 40 derni\u00e8res ann\u00e9es, Laurent proc\u00e8de \u00e0 la refonte du site Internet Gold.fr d\u00e9di\u00e9 \u00e0 l\u2019achat d'or, vente d\u2019or (pi\u00e8ces, lingots, ...), achat or et argent,... qui conna\u00eetra un franc succ\u00e8s d\u00e8s son d\u00e9marrage en 2008. Il d\u00e9cide alors de d\u00e9velopper un r\u00e9seau de concessions exclusives: Le Comptoir National de l\u2019Or. Il assure d\u00e9sormais le pilotage strat\u00e9gique du 1er r\u00e9seau de France qui compte aujourd\u2019hui pas loin de 60 agences r\u00e9parties dans toute la France et depuis peu en Allemagne (Breisach). Le Comptoir National de l\u2019Or se positionne aujourd\u2019hui comme le leader incontournable sur le march\u00e9 de l\u2019Or et des m\u00e9taux pr\u00e9cieux en France.\",\"sameAs\":[\"https:\\\/\\\/www.gold.fr\",\"https:\\\/\\\/www.linkedin.com\\\/in\\\/acheteror\\\/\"]}]}<\/script>\n<!-- \/ Yoast SEO plugin. -->","yoast_head_json":{"title":"Cours de l\u2019or : une consolidation n\u00e9cessaire - Gold.fr","robots":{"index":"index","follow":"follow","max-snippet":"max-snippet:-1","max-image-preview":"max-image-preview:large","max-video-preview":"max-video-preview:-1"},"canonical":"https:\/\/www.gold.fr\/news\/2019\/10\/04\/cours-de-lor-une-consolidation-necessaire\/","og_locale":"fr_FR","og_type":"article","og_title":"Cours de l\u2019or : une consolidation n\u00e9cessaire - Gold.fr","og_description":"Ce qu\u2019il faut retenir du mois : \u2022 Une saine consolidation des cours en septembre apr\u00e8s 4 mois de hausse \u2022 Performance en euros : -1.5% en sept, 22% sur 2019 \u2022 L\u2019or a un meilleur [&hellip;]","og_url":"https:\/\/www.gold.fr\/news\/2019\/10\/04\/cours-de-lor-une-consolidation-necessaire\/","og_site_name":"Gold.fr","article_publisher":"https:\/\/www.facebook.com\/Goldfr\/","article_published_time":"2019-10-04T12:50:49+00:00","article_modified_time":"2021-01-11T13:06:12+00:00","og_image":[{"width":916,"height":811,"url":"https:\/\/www.gold.fr\/news\/wp-content\/uploads\/2019\/10\/kisspng-economic-growth-economy-gross-domestic-product-eco-money-tree-5ac5e1eb919070.5097750515229178675962.png","type":"image\/png"}],"author":"Laurent Schwartz","twitter_card":"summary_large_image","twitter_misc":{"\u00c9crit par":"Laurent Schwartz","Dur\u00e9e de lecture estim\u00e9e":"5 minutes"},"schema":{"@context":"https:\/\/schema.org","@graph":[{"@type":"Article","@id":"https:\/\/www.gold.fr\/news\/2019\/10\/04\/cours-de-lor-une-consolidation-necessaire\/#article","isPartOf":{"@id":"https:\/\/www.gold.fr\/news\/2019\/10\/04\/cours-de-lor-une-consolidation-necessaire\/"},"author":{"name":"Laurent Schwartz","@id":"https:\/\/www.gold.fr\/news\/#\/schema\/person\/4ed91d9a70d8f3a313c26e8308214fc2"},"headline":"Cours de l\u2019or : une consolidation n\u00e9cessaire","datePublished":"2019-10-04T12:50:49+00:00","dateModified":"2021-01-11T13:06:12+00:00","mainEntityOfPage":{"@id":"https:\/\/www.gold.fr\/news\/2019\/10\/04\/cours-de-lor-une-consolidation-necessaire\/"},"wordCount":1086,"image":{"@id":"https:\/\/www.gold.fr\/news\/2019\/10\/04\/cours-de-lor-une-consolidation-necessaire\/#primaryimage"},"thumbnailUrl":"https:\/\/www.gold.fr\/news\/wp-content\/uploads\/2019\/10\/kisspng-economic-growth-economy-gross-domestic-product-eco-money-tree-5ac5e1eb919070.5097750515229178675962.png","keywords":["Consolidation de l\u2019or","Tout Cours de l'Or"],"articleSection":["Analyses Economiques","Flash infos"],"inLanguage":"fr-FR"},{"@type":"WebPage","@id":"https:\/\/www.gold.fr\/news\/2019\/10\/04\/cours-de-lor-une-consolidation-necessaire\/","url":"https:\/\/www.gold.fr\/news\/2019\/10\/04\/cours-de-lor-une-consolidation-necessaire\/","name":"Cours de l\u2019or : une consolidation n\u00e9cessaire - Gold.fr","isPartOf":{"@id":"https:\/\/www.gold.fr\/news\/#website"},"primaryImageOfPage":{"@id":"https:\/\/www.gold.fr\/news\/2019\/10\/04\/cours-de-lor-une-consolidation-necessaire\/#primaryimage"},"image":{"@id":"https:\/\/www.gold.fr\/news\/2019\/10\/04\/cours-de-lor-une-consolidation-necessaire\/#primaryimage"},"thumbnailUrl":"https:\/\/www.gold.fr\/news\/wp-content\/uploads\/2019\/10\/kisspng-economic-growth-economy-gross-domestic-product-eco-money-tree-5ac5e1eb919070.5097750515229178675962.png","datePublished":"2019-10-04T12:50:49+00:00","dateModified":"2021-01-11T13:06:12+00:00","author":{"@id":"https:\/\/www.gold.fr\/news\/#\/schema\/person\/4ed91d9a70d8f3a313c26e8308214fc2"},"breadcrumb":{"@id":"https:\/\/www.gold.fr\/news\/2019\/10\/04\/cours-de-lor-une-consolidation-necessaire\/#breadcrumb"},"inLanguage":"fr-FR","potentialAction":[{"@type":"ReadAction","target":["https:\/\/www.gold.fr\/news\/2019\/10\/04\/cours-de-lor-une-consolidation-necessaire\/"]}]},{"@type":"ImageObject","inLanguage":"fr-FR","@id":"https:\/\/www.gold.fr\/news\/2019\/10\/04\/cours-de-lor-une-consolidation-necessaire\/#primaryimage","url":"https:\/\/www.gold.fr\/news\/wp-content\/uploads\/2019\/10\/kisspng-economic-growth-economy-gross-domestic-product-eco-money-tree-5ac5e1eb919070.5097750515229178675962.png","contentUrl":"https:\/\/www.gold.fr\/news\/wp-content\/uploads\/2019\/10\/kisspng-economic-growth-economy-gross-domestic-product-eco-money-tree-5ac5e1eb919070.5097750515229178675962.png","width":916,"height":811,"caption":"cours de l'or - rapport mensuel"},{"@type":"BreadcrumbList","@id":"https:\/\/www.gold.fr\/news\/2019\/10\/04\/cours-de-lor-une-consolidation-necessaire\/#breadcrumb","itemListElement":[{"@type":"ListItem","position":1,"name":"Accueil","item":"https:\/\/www.gold.fr\/"},{"@type":"ListItem","position":2,"name":"Actualit\u00e9s","item":"https:\/\/www.gold.fr\/news\/"},{"@type":"ListItem","position":3,"name":"Cours de l\u2019or : une consolidation n\u00e9cessaire"}]},{"@type":"WebSite","@id":"https:\/\/www.gold.fr\/news\/#website","url":"https:\/\/www.gold.fr\/news\/","name":"Gold.fr","description":"Actualit\u00e9s de l&#039;Or et des m\u00e9taux pr\u00e9cieux","potentialAction":[{"@type":"SearchAction","target":{"@type":"EntryPoint","urlTemplate":"https:\/\/www.gold.fr\/news\/?s={search_term_string}"},"query-input":{"@type":"PropertyValueSpecification","valueRequired":true,"valueName":"search_term_string"}}],"inLanguage":"fr-FR"},{"@type":"Person","@id":"https:\/\/www.gold.fr\/news\/#\/schema\/person\/4ed91d9a70d8f3a313c26e8308214fc2","name":"Laurent Schwartz","image":{"@type":"ImageObject","inLanguage":"fr-FR","@id":"https:\/\/secure.gravatar.com\/avatar\/1496f846049365121827f5470219486f1a95f83957cc8ca0a9595e40c185f5ee?s=96&d=mm&r=g76f0e87c9ba82a161860a0fc16990d85","url":"https:\/\/secure.gravatar.com\/avatar\/1496f846049365121827f5470219486f1a95f83957cc8ca0a9595e40c185f5ee?s=96&d=mm&r=g","contentUrl":"https:\/\/secure.gravatar.com\/avatar\/1496f846049365121827f5470219486f1a95f83957cc8ca0a9595e40c185f5ee?s=96&d=mm&r=g","caption":"Laurent Schwartz"},"description":"Dipl\u00f4m\u00e9 de l\u2019EDHEC Business School en 2005, Laurent SCHWARTZ int\u00e8gre le cabinet d\u2019audit ERNST &amp; YOUNG en 2005 o\u00f9 il travaille pendant 4 ans. Parall\u00e8lement, il travaille au sein de l\u2019entreprise familiale cr\u00e9\u00e9e en 1976 \u00e0 Strasbourg. Fort de cette exp\u00e9rience et du savoir-faire d\u00e9velopp\u00e9 durant ces 40 derni\u00e8res ann\u00e9es, Laurent proc\u00e8de \u00e0 la refonte du site Internet Gold.fr d\u00e9di\u00e9 \u00e0 l\u2019achat d'or, vente d\u2019or (pi\u00e8ces, lingots, ...), achat or et argent,... qui conna\u00eetra un franc succ\u00e8s d\u00e8s son d\u00e9marrage en 2008. Il d\u00e9cide alors de d\u00e9velopper un r\u00e9seau de concessions exclusives: Le Comptoir National de l\u2019Or. Il assure d\u00e9sormais le pilotage strat\u00e9gique du 1er r\u00e9seau de France qui compte aujourd\u2019hui pas loin de 60 agences r\u00e9parties dans toute la France et depuis peu en Allemagne (Breisach). Le Comptoir National de l\u2019Or se positionne aujourd\u2019hui comme le leader incontournable sur le march\u00e9 de l\u2019Or et des m\u00e9taux pr\u00e9cieux en France.","sameAs":["https:\/\/www.gold.fr","https:\/\/www.linkedin.com\/in\/acheteror\/"]}]}},"authors":[{"term_id":2567,"user_id":6,"is_guest":0,"slug":"laurent","display_name":"Laurent Schwartz","avatar_url":"https:\/\/secure.gravatar.com\/avatar\/1496f846049365121827f5470219486f1a95f83957cc8ca0a9595e40c185f5ee?s=96&d=mm&r=g","0":null,"1":"","2":"","3":"","4":"","5":"","6":"","7":"","8":""}],"_links":{"self":[{"href":"https:\/\/www.gold.fr\/news\/wp-json\/wp\/v2\/posts\/35827","targetHints":{"allow":["GET"]}}],"collection":[{"href":"https:\/\/www.gold.fr\/news\/wp-json\/wp\/v2\/posts"}],"about":[{"href":"https:\/\/www.gold.fr\/news\/wp-json\/wp\/v2\/types\/post"}],"author":[{"embeddable":true,"href":"https:\/\/www.gold.fr\/news\/wp-json\/wp\/v2\/users\/6"}],"replies":[{"embeddable":true,"href":"https:\/\/www.gold.fr\/news\/wp-json\/wp\/v2\/comments?post=35827"}],"version-history":[{"count":0,"href":"https:\/\/www.gold.fr\/news\/wp-json\/wp\/v2\/posts\/35827\/revisions"}],"wp:featuredmedia":[{"embeddable":true,"href":"https:\/\/www.gold.fr\/news\/wp-json\/wp\/v2\/media\/35833"}],"wp:attachment":[{"href":"https:\/\/www.gold.fr\/news\/wp-json\/wp\/v2\/media?parent=35827"}],"wp:term":[{"taxonomy":"category","embeddable":true,"href":"https:\/\/www.gold.fr\/news\/wp-json\/wp\/v2\/categories?post=35827"},{"taxonomy":"post_tag","embeddable":true,"href":"https:\/\/www.gold.fr\/news\/wp-json\/wp\/v2\/tags?post=35827"},{"taxonomy":"author","embeddable":true,"href":"https:\/\/www.gold.fr\/news\/wp-json\/wp\/v2\/ppma_author?post=35827"}],"curies":[{"name":"wp","href":"https:\/\/api.w.org\/{rel}","templated":true}]}}