{"id":35807,"date":"2019-09-17T16:41:52","date_gmt":"2019-09-17T14:41:52","guid":{"rendered":"https:\/\/www.gold.fr\/news\/?p=35807"},"modified":"2021-09-17T14:06:17","modified_gmt":"2021-09-17T12:06:17","slug":"la-flambee-de-lor-noir-soutient-lor-jaune","status":"publish","type":"post","link":"https:\/\/www.gold.fr\/news\/2019\/09\/17\/la-flambee-de-lor-noir-soutient-lor-jaune\/","title":{"rendered":"La flamb\u00e9e de l\u2019or noir soutient l\u2019or jaune"},"content":{"rendered":"<p>La r\u00e9cente attaque des installations p\u00e9troli\u00e8res saoudienne a des r\u00e9percutions gigantesques sur le march\u00e9 du p\u00e9trole. Avec pr\u00e8s de 5% de la production mondiale d\u00e9sormais \u00ab\u00a0hors-service\u00a0\u00bb, les cours se sont envol\u00e9s de 19% lors de la s\u00e9ance du 16 septembre, avant de cl\u00f4turer sur une hausse de l\u2019ordre de 10%. Si l\u2019or noir s\u2019envole, l\u2019or jaune grimpe aussi. Le m\u00e9tal, traditionnellement assimil\u00e9 \u00e0 une valeur refuge, a profit\u00e9 du contexte d\u2019incertitude g\u00e9opolitique cr\u00e9e par ces \u00e9v\u00e9nements, en s\u2019appr\u00e9ciant de plus de 1%, repassant au-dessus des 1500 dollars \u00e0 New York. Dans une zone d\u00e9j\u00e0 sous tension et extr\u00eamement militaris\u00e9e, on craint d\u00e9sormais un conflit direct avec l\u2019Iran, accus\u00e9 par les Etats-Unis d\u2019\u00eatre responsable de ces attaques. Dans un <a title=\"Brexit, Trump et Cor\u00e9e du Nord : l\u2019or et le risque G\u00e9opolitique en 3 exemples\" href=\"https:\/\/www.gold.fr\/news\/2017\/09\/18\/brexit-trump-et-coree-du-nord-lor-et-le-risque-geopolitique-en-3-exemples\/\">article publi\u00e9 il y a deux ans<\/a>, nous donnions une grille de lecture pour mieux comprendre les r\u00e9actions de l\u2019or face au risque g\u00e9opolitique. Lorsqu\u2019un \u00e9v\u00e9nement survient, la surprise, l\u2019absence de sc\u00e9nario clair, le risque d\u2019effondrement \u00e9conomique et le risque de propagation sont les facteurs cl\u00e9s qui influencent le cours du m\u00e9tal jaune. Sur ce dossier, seul le risque d\u2019effondrement \u00e9conomique est pour l\u2019instant faible, mais tous les autres crit\u00e8res sont favorables pour m\u00e9tal jaune.<\/p>\n<!-- AddThis Advanced Settings generic via filter on the_content --><!-- AddThis Share Buttons generic via filter on the_content -->","protected":false},"excerpt":{"rendered":"<p>La r\u00e9cente attaque des installations p\u00e9troli\u00e8res saoudienne a des r\u00e9percutions gigantesques sur le march\u00e9 du p\u00e9trole. Avec pr\u00e8s de 5% de la production mondiale d\u00e9sormais \u00ab\u00a0hors-service\u00a0\u00bb, les cours se sont envol\u00e9s de 19% lors de la [&hellip;]<\/p>\n","protected":false},"author":6,"featured_media":35801,"comment_status":"closed","ping_status":"closed","sticky":false,"template":"","format":"standard","meta":{"_mbp_gutenberg_autopost":false,"_pgmb_is_evergreen":false,"_pgmb_ap_template_id":0,"footnotes":""},"categories":[5],"tags":[506,1411],"ppma_author":[2567],"class_list":["post-35807","post","type-post","status-publish","format-standard","has-post-thumbnail","hentry","category-flash-infos","tag-or-jaune","tag-or-noir"],"yoast_head":"<!-- This site is optimized with the Yoast SEO plugin v27.5 - https:\/\/yoast.com\/product\/yoast-seo-wordpress\/ -->\n<title>La flamb\u00e9e de l\u2019or noir soutient l\u2019or jaune Situation de crise march\u00e9 p\u00e9trole<\/title>\n<meta name=\"description\" content=\"La flamb\u00e9e de l\u2019or noir soutient l\u2019or jaune L&#039;attaque des installations p\u00e9troli\u00e8res saoudienne a des r\u00e9percutions gigantesques\" \/>\n<meta name=\"robots\" content=\"index, follow, max-snippet:-1, max-image-preview:large, max-video-preview:-1\" \/>\n<link rel=\"canonical\" href=\"https:\/\/www.gold.fr\/news\/2019\/09\/17\/la-flambee-de-lor-noir-soutient-lor-jaune\/\" \/>\n<meta property=\"og:locale\" content=\"fr_FR\" \/>\n<meta property=\"og:type\" content=\"article\" \/>\n<meta property=\"og:title\" content=\"La flamb\u00e9e de l\u2019or noir soutient l\u2019or jaune Situation de crise march\u00e9 p\u00e9trole\" \/>\n<meta property=\"og:description\" content=\"La flamb\u00e9e de l\u2019or noir soutient l\u2019or jaune L&#039;attaque des installations p\u00e9troli\u00e8res saoudienne a des r\u00e9percutions gigantesques\" \/>\n<meta property=\"og:url\" content=\"https:\/\/www.gold.fr\/news\/2019\/09\/17\/la-flambee-de-lor-noir-soutient-lor-jaune\/\" \/>\n<meta property=\"og:site_name\" content=\"Gold.fr\" \/>\n<meta property=\"article:publisher\" content=\"https:\/\/www.facebook.com\/Goldfr\/\" \/>\n<meta property=\"article:published_time\" content=\"2019-09-17T14:41:52+00:00\" \/>\n<meta property=\"article:modified_time\" content=\"2021-09-17T12:06:17+00:00\" \/>\n<meta property=\"og:image\" content=\"https:\/\/www.gold.fr\/news\/wp-content\/uploads\/2019\/09\/gold-163519_1280.jpg\" \/>\n\t<meta property=\"og:image:width\" content=\"1280\" \/>\n\t<meta property=\"og:image:height\" content=\"720\" \/>\n\t<meta property=\"og:image:type\" content=\"image\/jpeg\" \/>\n<meta name=\"author\" content=\"Laurent Schwartz\" \/>\n<meta name=\"twitter:card\" content=\"summary_large_image\" \/>\n<meta name=\"twitter:label1\" content=\"\u00c9crit par\" \/>\n\t<meta name=\"twitter:data1\" content=\"Laurent Schwartz\" \/>\n\t<meta name=\"twitter:label2\" content=\"Dur\u00e9e de lecture estim\u00e9e\" \/>\n\t<meta name=\"twitter:data2\" content=\"1 minute\" \/>\n<script type=\"application\/ld+json\" class=\"yoast-schema-graph\">{\"@context\":\"https:\\\/\\\/schema.org\",\"@graph\":[{\"@type\":\"Article\",\"@id\":\"https:\\\/\\\/www.gold.fr\\\/news\\\/2019\\\/09\\\/17\\\/la-flambee-de-lor-noir-soutient-lor-jaune\\\/#article\",\"isPartOf\":{\"@id\":\"https:\\\/\\\/www.gold.fr\\\/news\\\/2019\\\/09\\\/17\\\/la-flambee-de-lor-noir-soutient-lor-jaune\\\/\"},\"author\":{\"name\":\"Laurent Schwartz\",\"@id\":\"https:\\\/\\\/www.gold.fr\\\/news\\\/#\\\/schema\\\/person\\\/4ed91d9a70d8f3a313c26e8308214fc2\"},\"headline\":\"La flamb\u00e9e de l\u2019or noir soutient l\u2019or jaune\",\"datePublished\":\"2019-09-17T14:41:52+00:00\",\"dateModified\":\"2021-09-17T12:06:17+00:00\",\"mainEntityOfPage\":{\"@id\":\"https:\\\/\\\/www.gold.fr\\\/news\\\/2019\\\/09\\\/17\\\/la-flambee-de-lor-noir-soutient-lor-jaune\\\/\"},\"wordCount\":237,\"image\":{\"@id\":\"https:\\\/\\\/www.gold.fr\\\/news\\\/2019\\\/09\\\/17\\\/la-flambee-de-lor-noir-soutient-lor-jaune\\\/#primaryimage\"},\"thumbnailUrl\":\"https:\\\/\\\/www.gold.fr\\\/news\\\/wp-content\\\/uploads\\\/2019\\\/09\\\/gold-163519_1280.jpg\",\"keywords\":[\"Or jaune\",\"or noir\"],\"articleSection\":[\"Flash infos\"],\"inLanguage\":\"fr-FR\"},{\"@type\":\"WebPage\",\"@id\":\"https:\\\/\\\/www.gold.fr\\\/news\\\/2019\\\/09\\\/17\\\/la-flambee-de-lor-noir-soutient-lor-jaune\\\/\",\"url\":\"https:\\\/\\\/www.gold.fr\\\/news\\\/2019\\\/09\\\/17\\\/la-flambee-de-lor-noir-soutient-lor-jaune\\\/\",\"name\":\"La flamb\u00e9e de l\u2019or noir soutient l\u2019or jaune Situation de crise march\u00e9 p\u00e9trole\",\"isPartOf\":{\"@id\":\"https:\\\/\\\/www.gold.fr\\\/news\\\/#website\"},\"primaryImageOfPage\":{\"@id\":\"https:\\\/\\\/www.gold.fr\\\/news\\\/2019\\\/09\\\/17\\\/la-flambee-de-lor-noir-soutient-lor-jaune\\\/#primaryimage\"},\"image\":{\"@id\":\"https:\\\/\\\/www.gold.fr\\\/news\\\/2019\\\/09\\\/17\\\/la-flambee-de-lor-noir-soutient-lor-jaune\\\/#primaryimage\"},\"thumbnailUrl\":\"https:\\\/\\\/www.gold.fr\\\/news\\\/wp-content\\\/uploads\\\/2019\\\/09\\\/gold-163519_1280.jpg\",\"datePublished\":\"2019-09-17T14:41:52+00:00\",\"dateModified\":\"2021-09-17T12:06:17+00:00\",\"author\":{\"@id\":\"https:\\\/\\\/www.gold.fr\\\/news\\\/#\\\/schema\\\/person\\\/4ed91d9a70d8f3a313c26e8308214fc2\"},\"description\":\"La flamb\u00e9e de l\u2019or noir soutient l\u2019or jaune L'attaque des installations p\u00e9troli\u00e8res saoudienne a des r\u00e9percutions gigantesques\",\"breadcrumb\":{\"@id\":\"https:\\\/\\\/www.gold.fr\\\/news\\\/2019\\\/09\\\/17\\\/la-flambee-de-lor-noir-soutient-lor-jaune\\\/#breadcrumb\"},\"inLanguage\":\"fr-FR\",\"potentialAction\":[{\"@type\":\"ReadAction\",\"target\":[\"https:\\\/\\\/www.gold.fr\\\/news\\\/2019\\\/09\\\/17\\\/la-flambee-de-lor-noir-soutient-lor-jaune\\\/\"]}]},{\"@type\":\"ImageObject\",\"inLanguage\":\"fr-FR\",\"@id\":\"https:\\\/\\\/www.gold.fr\\\/news\\\/2019\\\/09\\\/17\\\/la-flambee-de-lor-noir-soutient-lor-jaune\\\/#primaryimage\",\"url\":\"https:\\\/\\\/www.gold.fr\\\/news\\\/wp-content\\\/uploads\\\/2019\\\/09\\\/gold-163519_1280.jpg\",\"contentUrl\":\"https:\\\/\\\/www.gold.fr\\\/news\\\/wp-content\\\/uploads\\\/2019\\\/09\\\/gold-163519_1280.jpg\",\"width\":1280,\"height\":720,\"caption\":\"Les pr\u00e9visions positives pour l\u2019or se multiplient\"},{\"@type\":\"BreadcrumbList\",\"@id\":\"https:\\\/\\\/www.gold.fr\\\/news\\\/2019\\\/09\\\/17\\\/la-flambee-de-lor-noir-soutient-lor-jaune\\\/#breadcrumb\",\"itemListElement\":[{\"@type\":\"ListItem\",\"position\":1,\"name\":\"Accueil\",\"item\":\"https:\\\/\\\/www.gold.fr\\\/\"},{\"@type\":\"ListItem\",\"position\":2,\"name\":\"Actualit\u00e9s\",\"item\":\"https:\\\/\\\/www.gold.fr\\\/news\\\/\"},{\"@type\":\"ListItem\",\"position\":3,\"name\":\"La flamb\u00e9e de l\u2019or noir soutient l\u2019or jaune\"}]},{\"@type\":\"WebSite\",\"@id\":\"https:\\\/\\\/www.gold.fr\\\/news\\\/#website\",\"url\":\"https:\\\/\\\/www.gold.fr\\\/news\\\/\",\"name\":\"Gold.fr\",\"description\":\"Actualit\u00e9s de l&#039;Or et des m\u00e9taux pr\u00e9cieux\",\"potentialAction\":[{\"@type\":\"SearchAction\",\"target\":{\"@type\":\"EntryPoint\",\"urlTemplate\":\"https:\\\/\\\/www.gold.fr\\\/news\\\/?s={search_term_string}\"},\"query-input\":{\"@type\":\"PropertyValueSpecification\",\"valueRequired\":true,\"valueName\":\"search_term_string\"}}],\"inLanguage\":\"fr-FR\"},{\"@type\":\"Person\",\"@id\":\"https:\\\/\\\/www.gold.fr\\\/news\\\/#\\\/schema\\\/person\\\/4ed91d9a70d8f3a313c26e8308214fc2\",\"name\":\"Laurent Schwartz\",\"image\":{\"@type\":\"ImageObject\",\"inLanguage\":\"fr-FR\",\"@id\":\"https:\\\/\\\/secure.gravatar.com\\\/avatar\\\/1496f846049365121827f5470219486f1a95f83957cc8ca0a9595e40c185f5ee?s=96&d=mm&r=g76f0e87c9ba82a161860a0fc16990d85\",\"url\":\"https:\\\/\\\/secure.gravatar.com\\\/avatar\\\/1496f846049365121827f5470219486f1a95f83957cc8ca0a9595e40c185f5ee?s=96&d=mm&r=g\",\"contentUrl\":\"https:\\\/\\\/secure.gravatar.com\\\/avatar\\\/1496f846049365121827f5470219486f1a95f83957cc8ca0a9595e40c185f5ee?s=96&d=mm&r=g\",\"caption\":\"Laurent Schwartz\"},\"description\":\"Dipl\u00f4m\u00e9 de l\u2019EDHEC Business School en 2005, Laurent SCHWARTZ int\u00e8gre le cabinet d\u2019audit ERNST &amp; YOUNG en 2005 o\u00f9 il travaille pendant 4 ans. Parall\u00e8lement, il travaille au sein de l\u2019entreprise familiale cr\u00e9\u00e9e en 1976 \u00e0 Strasbourg. Fort de cette exp\u00e9rience et du savoir-faire d\u00e9velopp\u00e9 durant ces 40 derni\u00e8res ann\u00e9es, Laurent proc\u00e8de \u00e0 la refonte du site Internet Gold.fr d\u00e9di\u00e9 \u00e0 l\u2019achat d'or, vente d\u2019or (pi\u00e8ces, lingots, ...), achat or et argent,... qui conna\u00eetra un franc succ\u00e8s d\u00e8s son d\u00e9marrage en 2008. Il d\u00e9cide alors de d\u00e9velopper un r\u00e9seau de concessions exclusives: Le Comptoir National de l\u2019Or. Il assure d\u00e9sormais le pilotage strat\u00e9gique du 1er r\u00e9seau de France qui compte aujourd\u2019hui pas loin de 60 agences r\u00e9parties dans toute la France et depuis peu en Allemagne (Breisach). Le Comptoir National de l\u2019Or se positionne aujourd\u2019hui comme le leader incontournable sur le march\u00e9 de l\u2019Or et des m\u00e9taux pr\u00e9cieux en France.\",\"sameAs\":[\"https:\\\/\\\/www.gold.fr\",\"https:\\\/\\\/www.linkedin.com\\\/in\\\/acheteror\\\/\"]}]}<\/script>\n<!-- \/ Yoast SEO plugin. -->","yoast_head_json":{"title":"La flamb\u00e9e de l\u2019or noir soutient l\u2019or jaune Situation de crise march\u00e9 p\u00e9trole","description":"La flamb\u00e9e de l\u2019or noir soutient l\u2019or jaune L'attaque des installations p\u00e9troli\u00e8res saoudienne a des r\u00e9percutions gigantesques","robots":{"index":"index","follow":"follow","max-snippet":"max-snippet:-1","max-image-preview":"max-image-preview:large","max-video-preview":"max-video-preview:-1"},"canonical":"https:\/\/www.gold.fr\/news\/2019\/09\/17\/la-flambee-de-lor-noir-soutient-lor-jaune\/","og_locale":"fr_FR","og_type":"article","og_title":"La flamb\u00e9e de l\u2019or noir soutient l\u2019or jaune Situation de crise march\u00e9 p\u00e9trole","og_description":"La flamb\u00e9e de l\u2019or noir soutient l\u2019or jaune L'attaque des installations p\u00e9troli\u00e8res saoudienne a des r\u00e9percutions gigantesques","og_url":"https:\/\/www.gold.fr\/news\/2019\/09\/17\/la-flambee-de-lor-noir-soutient-lor-jaune\/","og_site_name":"Gold.fr","article_publisher":"https:\/\/www.facebook.com\/Goldfr\/","article_published_time":"2019-09-17T14:41:52+00:00","article_modified_time":"2021-09-17T12:06:17+00:00","og_image":[{"width":1280,"height":720,"url":"https:\/\/www.gold.fr\/news\/wp-content\/uploads\/2019\/09\/gold-163519_1280.jpg","type":"image\/jpeg"}],"author":"Laurent Schwartz","twitter_card":"summary_large_image","twitter_misc":{"\u00c9crit par":"Laurent Schwartz","Dur\u00e9e de lecture estim\u00e9e":"1 minute"},"schema":{"@context":"https:\/\/schema.org","@graph":[{"@type":"Article","@id":"https:\/\/www.gold.fr\/news\/2019\/09\/17\/la-flambee-de-lor-noir-soutient-lor-jaune\/#article","isPartOf":{"@id":"https:\/\/www.gold.fr\/news\/2019\/09\/17\/la-flambee-de-lor-noir-soutient-lor-jaune\/"},"author":{"name":"Laurent Schwartz","@id":"https:\/\/www.gold.fr\/news\/#\/schema\/person\/4ed91d9a70d8f3a313c26e8308214fc2"},"headline":"La flamb\u00e9e de l\u2019or noir soutient l\u2019or jaune","datePublished":"2019-09-17T14:41:52+00:00","dateModified":"2021-09-17T12:06:17+00:00","mainEntityOfPage":{"@id":"https:\/\/www.gold.fr\/news\/2019\/09\/17\/la-flambee-de-lor-noir-soutient-lor-jaune\/"},"wordCount":237,"image":{"@id":"https:\/\/www.gold.fr\/news\/2019\/09\/17\/la-flambee-de-lor-noir-soutient-lor-jaune\/#primaryimage"},"thumbnailUrl":"https:\/\/www.gold.fr\/news\/wp-content\/uploads\/2019\/09\/gold-163519_1280.jpg","keywords":["Or jaune","or noir"],"articleSection":["Flash infos"],"inLanguage":"fr-FR"},{"@type":"WebPage","@id":"https:\/\/www.gold.fr\/news\/2019\/09\/17\/la-flambee-de-lor-noir-soutient-lor-jaune\/","url":"https:\/\/www.gold.fr\/news\/2019\/09\/17\/la-flambee-de-lor-noir-soutient-lor-jaune\/","name":"La flamb\u00e9e de l\u2019or noir soutient l\u2019or jaune Situation de crise march\u00e9 p\u00e9trole","isPartOf":{"@id":"https:\/\/www.gold.fr\/news\/#website"},"primaryImageOfPage":{"@id":"https:\/\/www.gold.fr\/news\/2019\/09\/17\/la-flambee-de-lor-noir-soutient-lor-jaune\/#primaryimage"},"image":{"@id":"https:\/\/www.gold.fr\/news\/2019\/09\/17\/la-flambee-de-lor-noir-soutient-lor-jaune\/#primaryimage"},"thumbnailUrl":"https:\/\/www.gold.fr\/news\/wp-content\/uploads\/2019\/09\/gold-163519_1280.jpg","datePublished":"2019-09-17T14:41:52+00:00","dateModified":"2021-09-17T12:06:17+00:00","author":{"@id":"https:\/\/www.gold.fr\/news\/#\/schema\/person\/4ed91d9a70d8f3a313c26e8308214fc2"},"description":"La flamb\u00e9e de l\u2019or noir soutient l\u2019or jaune L'attaque des installations p\u00e9troli\u00e8res saoudienne a des r\u00e9percutions gigantesques","breadcrumb":{"@id":"https:\/\/www.gold.fr\/news\/2019\/09\/17\/la-flambee-de-lor-noir-soutient-lor-jaune\/#breadcrumb"},"inLanguage":"fr-FR","potentialAction":[{"@type":"ReadAction","target":["https:\/\/www.gold.fr\/news\/2019\/09\/17\/la-flambee-de-lor-noir-soutient-lor-jaune\/"]}]},{"@type":"ImageObject","inLanguage":"fr-FR","@id":"https:\/\/www.gold.fr\/news\/2019\/09\/17\/la-flambee-de-lor-noir-soutient-lor-jaune\/#primaryimage","url":"https:\/\/www.gold.fr\/news\/wp-content\/uploads\/2019\/09\/gold-163519_1280.jpg","contentUrl":"https:\/\/www.gold.fr\/news\/wp-content\/uploads\/2019\/09\/gold-163519_1280.jpg","width":1280,"height":720,"caption":"Les pr\u00e9visions positives pour l\u2019or se multiplient"},{"@type":"BreadcrumbList","@id":"https:\/\/www.gold.fr\/news\/2019\/09\/17\/la-flambee-de-lor-noir-soutient-lor-jaune\/#breadcrumb","itemListElement":[{"@type":"ListItem","position":1,"name":"Accueil","item":"https:\/\/www.gold.fr\/"},{"@type":"ListItem","position":2,"name":"Actualit\u00e9s","item":"https:\/\/www.gold.fr\/news\/"},{"@type":"ListItem","position":3,"name":"La flamb\u00e9e de l\u2019or noir soutient l\u2019or jaune"}]},{"@type":"WebSite","@id":"https:\/\/www.gold.fr\/news\/#website","url":"https:\/\/www.gold.fr\/news\/","name":"Gold.fr","description":"Actualit\u00e9s de l&#039;Or et des m\u00e9taux pr\u00e9cieux","potentialAction":[{"@type":"SearchAction","target":{"@type":"EntryPoint","urlTemplate":"https:\/\/www.gold.fr\/news\/?s={search_term_string}"},"query-input":{"@type":"PropertyValueSpecification","valueRequired":true,"valueName":"search_term_string"}}],"inLanguage":"fr-FR"},{"@type":"Person","@id":"https:\/\/www.gold.fr\/news\/#\/schema\/person\/4ed91d9a70d8f3a313c26e8308214fc2","name":"Laurent Schwartz","image":{"@type":"ImageObject","inLanguage":"fr-FR","@id":"https:\/\/secure.gravatar.com\/avatar\/1496f846049365121827f5470219486f1a95f83957cc8ca0a9595e40c185f5ee?s=96&d=mm&r=g76f0e87c9ba82a161860a0fc16990d85","url":"https:\/\/secure.gravatar.com\/avatar\/1496f846049365121827f5470219486f1a95f83957cc8ca0a9595e40c185f5ee?s=96&d=mm&r=g","contentUrl":"https:\/\/secure.gravatar.com\/avatar\/1496f846049365121827f5470219486f1a95f83957cc8ca0a9595e40c185f5ee?s=96&d=mm&r=g","caption":"Laurent Schwartz"},"description":"Dipl\u00f4m\u00e9 de l\u2019EDHEC Business School en 2005, Laurent SCHWARTZ int\u00e8gre le cabinet d\u2019audit ERNST &amp; YOUNG en 2005 o\u00f9 il travaille pendant 4 ans. Parall\u00e8lement, il travaille au sein de l\u2019entreprise familiale cr\u00e9\u00e9e en 1976 \u00e0 Strasbourg. Fort de cette exp\u00e9rience et du savoir-faire d\u00e9velopp\u00e9 durant ces 40 derni\u00e8res ann\u00e9es, Laurent proc\u00e8de \u00e0 la refonte du site Internet Gold.fr d\u00e9di\u00e9 \u00e0 l\u2019achat d'or, vente d\u2019or (pi\u00e8ces, lingots, ...), achat or et argent,... qui conna\u00eetra un franc succ\u00e8s d\u00e8s son d\u00e9marrage en 2008. Il d\u00e9cide alors de d\u00e9velopper un r\u00e9seau de concessions exclusives: Le Comptoir National de l\u2019Or. Il assure d\u00e9sormais le pilotage strat\u00e9gique du 1er r\u00e9seau de France qui compte aujourd\u2019hui pas loin de 60 agences r\u00e9parties dans toute la France et depuis peu en Allemagne (Breisach). Le Comptoir National de l\u2019Or se positionne aujourd\u2019hui comme le leader incontournable sur le march\u00e9 de l\u2019Or et des m\u00e9taux pr\u00e9cieux en France.","sameAs":["https:\/\/www.gold.fr","https:\/\/www.linkedin.com\/in\/acheteror\/"]}]}},"authors":[{"term_id":2567,"user_id":6,"is_guest":0,"slug":"laurent","display_name":"Laurent Schwartz","avatar_url":"https:\/\/secure.gravatar.com\/avatar\/1496f846049365121827f5470219486f1a95f83957cc8ca0a9595e40c185f5ee?s=96&d=mm&r=g","0":null,"1":"","2":"","3":"","4":"","5":"","6":"","7":"","8":""}],"_links":{"self":[{"href":"https:\/\/www.gold.fr\/news\/wp-json\/wp\/v2\/posts\/35807","targetHints":{"allow":["GET"]}}],"collection":[{"href":"https:\/\/www.gold.fr\/news\/wp-json\/wp\/v2\/posts"}],"about":[{"href":"https:\/\/www.gold.fr\/news\/wp-json\/wp\/v2\/types\/post"}],"author":[{"embeddable":true,"href":"https:\/\/www.gold.fr\/news\/wp-json\/wp\/v2\/users\/6"}],"replies":[{"embeddable":true,"href":"https:\/\/www.gold.fr\/news\/wp-json\/wp\/v2\/comments?post=35807"}],"version-history":[{"count":0,"href":"https:\/\/www.gold.fr\/news\/wp-json\/wp\/v2\/posts\/35807\/revisions"}],"wp:featuredmedia":[{"embeddable":true,"href":"https:\/\/www.gold.fr\/news\/wp-json\/wp\/v2\/media\/35801"}],"wp:attachment":[{"href":"https:\/\/www.gold.fr\/news\/wp-json\/wp\/v2\/media?parent=35807"}],"wp:term":[{"taxonomy":"category","embeddable":true,"href":"https:\/\/www.gold.fr\/news\/wp-json\/wp\/v2\/categories?post=35807"},{"taxonomy":"post_tag","embeddable":true,"href":"https:\/\/www.gold.fr\/news\/wp-json\/wp\/v2\/tags?post=35807"},{"taxonomy":"author","embeddable":true,"href":"https:\/\/www.gold.fr\/news\/wp-json\/wp\/v2\/ppma_author?post=35807"}],"curies":[{"name":"wp","href":"https:\/\/api.w.org\/{rel}","templated":true}]}}