{"id":35385,"date":"2019-08-06T11:30:07","date_gmt":"2019-08-06T09:30:07","guid":{"rendered":"https:\/\/www.gold.fr\/news\/?p=35385"},"modified":"2021-05-10T10:31:43","modified_gmt":"2021-05-10T08:31:43","slug":"de-la-guerre-commerciale-a-la-guerre-des-monnaies-lor-comme-valeur-refuge","status":"publish","type":"post","link":"https:\/\/www.gold.fr\/news\/2019\/08\/06\/de-la-guerre-commerciale-a-la-guerre-des-monnaies-lor-comme-valeur-refuge\/","title":{"rendered":"De la guerre commerciale \u00e0 la guerre des monnaies : l&rsquo;or comme valeur refuge"},"content":{"rendered":"<p style=\"text-align: center;\"><a href=\"https:\/\/www.gold.fr\/news\/wp-content\/uploads\/2019\/08\/iStock-982459016.jpg\"><img loading=\"lazy\" decoding=\"async\" class=\"alignnone wp-image-35386\" title=\"De la guerre commerciale \u00e0 la guerre des monnaies : l'or comme valeur refuge\" src=\"https:\/\/www.gold.fr\/news\/wp-content\/uploads\/2019\/08\/iStock-982459016-300x200.jpg\" alt=\"De la guerre commerciale \u00e0 la guerre des monnaies : l'or comme valeur refuge\" width=\"368\" height=\"245\" srcset=\"https:\/\/www.gold.fr\/news\/wp-content\/uploads\/2019\/08\/iStock-982459016-300x200.jpg 300w, https:\/\/www.gold.fr\/news\/wp-content\/uploads\/2019\/08\/iStock-982459016-768x512.jpg 768w, https:\/\/www.gold.fr\/news\/wp-content\/uploads\/2019\/08\/iStock-982459016-1024x683.jpg 1024w, https:\/\/www.gold.fr\/news\/wp-content\/uploads\/2019\/08\/iStock-982459016-298x199.jpg 298w, https:\/\/www.gold.fr\/news\/wp-content\/uploads\/2019\/08\/iStock-982459016-2x1.jpg 2w, https:\/\/www.gold.fr\/news\/wp-content\/uploads\/2019\/08\/iStock-982459016-270x180.jpg 270w\" sizes=\"auto, (max-width: 368px) 100vw, 368px\" \/><\/a><\/p>\n<p><em>06-08-2019<\/em> L\u2019or a enregistr\u00e9 un nouveau plus haut depuis 2013, ce lundi 5 ao\u00fbt, sur fonds de regain des tensions commerciales entre les Etats-Unis et la Chine. Un nouveau palier a en effet \u00e9t\u00e9 franchi : suite \u00e0 l\u2019annonce d\u2019une nouvelle vague de tarifs douaniers par le pr\u00e9sident Trump il y a quelque jours, la Chine a d\u00e9cid\u00e9 de r\u00e9agir en laissant filer son taux de change. Lundi 5 ao\u00fbt, le yuan a perdu 1.7% contre le billet vert, franchissant par la m\u00eame le niveau symbolique de 7 yuan pour un dollar. Le message envoy\u00e9 est clair : la Chine indique qu\u2019elle a des moyens de se d\u00e9fendre dans la guerre commerciale, en la portant sur un autre front, celui des devises. En clair, la guerre des monnaies prend le relais de la guerre commerciale. Les analystes de march\u00e9 redoutent d\u00e9sormais que le conflit entre les deux super-puissances ne se r\u00e9solve pas rapidement. Ceci a d\u00e9clench\u00e9 une correction globale des march\u00e9s actions, et la recherche des actifs jug\u00e9s s\u00fbrs. Et dans une guerre des monnaies, ou chacun essaie de d\u00e9valuer sa devise, quel actif plus s\u00fbr que l\u2019or\u00a0? Le m\u00e9tal jaune a ainsi bondi et le contrat future cot\u00e9 \u00e0 New York a atteint un plus de haut de 1481 dollars lors de la s\u00e9ance de lundi.<\/p>\n<!-- AddThis Advanced Settings generic via filter on the_content --><!-- AddThis Share Buttons generic via filter on the_content -->","protected":false},"excerpt":{"rendered":"<p>06-08-2019 L\u2019or a enregistr\u00e9 un nouveau plus haut depuis 2013, ce lundi 5 ao\u00fbt, sur fonds de regain des tensions commerciales entre les Etats-Unis et la Chine. Un nouveau palier a en effet \u00e9t\u00e9 franchi : [&hellip;]<\/p>\n","protected":false},"author":6,"featured_media":35386,"comment_status":"closed","ping_status":"closed","sticky":false,"template":"","format":"standard","meta":{"_mbp_gutenberg_autopost":false,"_pgmb_is_evergreen":false,"_pgmb_ap_template_id":0,"footnotes":""},"categories":[5],"tags":[76,234],"ppma_author":[2567],"class_list":["post-35385","post","type-post","status-publish","format-standard","has-post-thumbnail","hentry","category-flash-infos","tag-or","tag-valeur-refuge"],"yoast_head":"<!-- This site is optimized with the Yoast SEO plugin v27.5 - https:\/\/yoast.com\/product\/yoast-seo-wordpress\/ -->\n<title>De la guerre commerciale \u00e0 la guerre des monnaies : l&#039;or comme valeur refuge - Gold.fr<\/title>\n<meta name=\"description\" content=\"De la guerre commerciale \u00e0 la guerre des monnaies, l\u2019or comme valeur refuge. Un nouveau palier a en effet \u00e9t\u00e9 franchi Record Prix Or\" \/>\n<meta name=\"robots\" content=\"index, follow, max-snippet:-1, max-image-preview:large, max-video-preview:-1\" \/>\n<link rel=\"canonical\" href=\"https:\/\/www.gold.fr\/news\/2019\/08\/06\/de-la-guerre-commerciale-a-la-guerre-des-monnaies-lor-comme-valeur-refuge\/\" \/>\n<meta property=\"og:locale\" content=\"fr_FR\" \/>\n<meta property=\"og:type\" content=\"article\" \/>\n<meta property=\"og:title\" content=\"De la guerre commerciale \u00e0 la guerre des monnaies : l&#039;or comme valeur refuge - Gold.fr\" \/>\n<meta property=\"og:description\" content=\"De la guerre commerciale \u00e0 la guerre des monnaies, l\u2019or comme valeur refuge. Un nouveau palier a en effet \u00e9t\u00e9 franchi Record Prix Or\" \/>\n<meta property=\"og:url\" content=\"https:\/\/www.gold.fr\/news\/2019\/08\/06\/de-la-guerre-commerciale-a-la-guerre-des-monnaies-lor-comme-valeur-refuge\/\" \/>\n<meta property=\"og:site_name\" content=\"Gold.fr\" \/>\n<meta property=\"article:publisher\" content=\"https:\/\/www.facebook.com\/Goldfr\/\" \/>\n<meta property=\"article:published_time\" content=\"2019-08-06T09:30:07+00:00\" \/>\n<meta property=\"article:modified_time\" content=\"2021-05-10T08:31:43+00:00\" \/>\n<meta property=\"og:image\" content=\"https:\/\/www.gold.fr\/news\/wp-content\/uploads\/2019\/08\/iStock-982459016.jpg\" \/>\n\t<meta property=\"og:image:width\" content=\"2121\" \/>\n\t<meta property=\"og:image:height\" content=\"1414\" \/>\n\t<meta property=\"og:image:type\" content=\"image\/jpeg\" \/>\n<meta name=\"author\" content=\"Laurent Schwartz\" \/>\n<meta name=\"twitter:card\" content=\"summary_large_image\" \/>\n<meta name=\"twitter:label1\" content=\"\u00c9crit par\" \/>\n\t<meta name=\"twitter:data1\" content=\"Laurent Schwartz\" \/>\n\t<meta name=\"twitter:label2\" content=\"Dur\u00e9e de lecture estim\u00e9e\" \/>\n\t<meta name=\"twitter:data2\" content=\"1 minute\" \/>\n<script type=\"application\/ld+json\" class=\"yoast-schema-graph\">{\"@context\":\"https:\\\/\\\/schema.org\",\"@graph\":[{\"@type\":\"Article\",\"@id\":\"https:\\\/\\\/www.gold.fr\\\/news\\\/2019\\\/08\\\/06\\\/de-la-guerre-commerciale-a-la-guerre-des-monnaies-lor-comme-valeur-refuge\\\/#article\",\"isPartOf\":{\"@id\":\"https:\\\/\\\/www.gold.fr\\\/news\\\/2019\\\/08\\\/06\\\/de-la-guerre-commerciale-a-la-guerre-des-monnaies-lor-comme-valeur-refuge\\\/\"},\"author\":{\"name\":\"Laurent Schwartz\",\"@id\":\"https:\\\/\\\/www.gold.fr\\\/news\\\/#\\\/schema\\\/person\\\/4ed91d9a70d8f3a313c26e8308214fc2\"},\"headline\":\"De la guerre commerciale \u00e0 la guerre des monnaies : l&rsquo;or comme valeur refuge\",\"datePublished\":\"2019-08-06T09:30:07+00:00\",\"dateModified\":\"2021-05-10T08:31:43+00:00\",\"mainEntityOfPage\":{\"@id\":\"https:\\\/\\\/www.gold.fr\\\/news\\\/2019\\\/08\\\/06\\\/de-la-guerre-commerciale-a-la-guerre-des-monnaies-lor-comme-valeur-refuge\\\/\"},\"wordCount\":243,\"image\":{\"@id\":\"https:\\\/\\\/www.gold.fr\\\/news\\\/2019\\\/08\\\/06\\\/de-la-guerre-commerciale-a-la-guerre-des-monnaies-lor-comme-valeur-refuge\\\/#primaryimage\"},\"thumbnailUrl\":\"https:\\\/\\\/www.gold.fr\\\/news\\\/wp-content\\\/uploads\\\/2019\\\/08\\\/iStock-982459016.jpg\",\"keywords\":[\"Or\",\"Valeur refuge\"],\"articleSection\":[\"Flash infos\"],\"inLanguage\":\"fr-FR\"},{\"@type\":\"WebPage\",\"@id\":\"https:\\\/\\\/www.gold.fr\\\/news\\\/2019\\\/08\\\/06\\\/de-la-guerre-commerciale-a-la-guerre-des-monnaies-lor-comme-valeur-refuge\\\/\",\"url\":\"https:\\\/\\\/www.gold.fr\\\/news\\\/2019\\\/08\\\/06\\\/de-la-guerre-commerciale-a-la-guerre-des-monnaies-lor-comme-valeur-refuge\\\/\",\"name\":\"De la guerre commerciale \u00e0 la guerre des monnaies : l'or comme valeur refuge - Gold.fr\",\"isPartOf\":{\"@id\":\"https:\\\/\\\/www.gold.fr\\\/news\\\/#website\"},\"primaryImageOfPage\":{\"@id\":\"https:\\\/\\\/www.gold.fr\\\/news\\\/2019\\\/08\\\/06\\\/de-la-guerre-commerciale-a-la-guerre-des-monnaies-lor-comme-valeur-refuge\\\/#primaryimage\"},\"image\":{\"@id\":\"https:\\\/\\\/www.gold.fr\\\/news\\\/2019\\\/08\\\/06\\\/de-la-guerre-commerciale-a-la-guerre-des-monnaies-lor-comme-valeur-refuge\\\/#primaryimage\"},\"thumbnailUrl\":\"https:\\\/\\\/www.gold.fr\\\/news\\\/wp-content\\\/uploads\\\/2019\\\/08\\\/iStock-982459016.jpg\",\"datePublished\":\"2019-08-06T09:30:07+00:00\",\"dateModified\":\"2021-05-10T08:31:43+00:00\",\"author\":{\"@id\":\"https:\\\/\\\/www.gold.fr\\\/news\\\/#\\\/schema\\\/person\\\/4ed91d9a70d8f3a313c26e8308214fc2\"},\"description\":\"De la guerre commerciale \u00e0 la guerre des monnaies, l\u2019or comme valeur refuge. Un nouveau palier a en effet \u00e9t\u00e9 franchi Record Prix Or\",\"breadcrumb\":{\"@id\":\"https:\\\/\\\/www.gold.fr\\\/news\\\/2019\\\/08\\\/06\\\/de-la-guerre-commerciale-a-la-guerre-des-monnaies-lor-comme-valeur-refuge\\\/#breadcrumb\"},\"inLanguage\":\"fr-FR\",\"potentialAction\":[{\"@type\":\"ReadAction\",\"target\":[\"https:\\\/\\\/www.gold.fr\\\/news\\\/2019\\\/08\\\/06\\\/de-la-guerre-commerciale-a-la-guerre-des-monnaies-lor-comme-valeur-refuge\\\/\"]}]},{\"@type\":\"ImageObject\",\"inLanguage\":\"fr-FR\",\"@id\":\"https:\\\/\\\/www.gold.fr\\\/news\\\/2019\\\/08\\\/06\\\/de-la-guerre-commerciale-a-la-guerre-des-monnaies-lor-comme-valeur-refuge\\\/#primaryimage\",\"url\":\"https:\\\/\\\/www.gold.fr\\\/news\\\/wp-content\\\/uploads\\\/2019\\\/08\\\/iStock-982459016.jpg\",\"contentUrl\":\"https:\\\/\\\/www.gold.fr\\\/news\\\/wp-content\\\/uploads\\\/2019\\\/08\\\/iStock-982459016.jpg\",\"width\":2121,\"height\":1414,\"caption\":\"De la guerre commerciale \u00e0 la guerre des monnaies : l'or comme valeur refuge\"},{\"@type\":\"BreadcrumbList\",\"@id\":\"https:\\\/\\\/www.gold.fr\\\/news\\\/2019\\\/08\\\/06\\\/de-la-guerre-commerciale-a-la-guerre-des-monnaies-lor-comme-valeur-refuge\\\/#breadcrumb\",\"itemListElement\":[{\"@type\":\"ListItem\",\"position\":1,\"name\":\"Accueil\",\"item\":\"https:\\\/\\\/www.gold.fr\\\/\"},{\"@type\":\"ListItem\",\"position\":2,\"name\":\"Actualit\u00e9s\",\"item\":\"https:\\\/\\\/www.gold.fr\\\/news\\\/\"},{\"@type\":\"ListItem\",\"position\":3,\"name\":\"De la guerre commerciale \u00e0 la guerre des monnaies : l&rsquo;or comme valeur refuge\"}]},{\"@type\":\"WebSite\",\"@id\":\"https:\\\/\\\/www.gold.fr\\\/news\\\/#website\",\"url\":\"https:\\\/\\\/www.gold.fr\\\/news\\\/\",\"name\":\"Gold.fr\",\"description\":\"Actualit\u00e9s de l&#039;Or et des m\u00e9taux pr\u00e9cieux\",\"potentialAction\":[{\"@type\":\"SearchAction\",\"target\":{\"@type\":\"EntryPoint\",\"urlTemplate\":\"https:\\\/\\\/www.gold.fr\\\/news\\\/?s={search_term_string}\"},\"query-input\":{\"@type\":\"PropertyValueSpecification\",\"valueRequired\":true,\"valueName\":\"search_term_string\"}}],\"inLanguage\":\"fr-FR\"},{\"@type\":\"Person\",\"@id\":\"https:\\\/\\\/www.gold.fr\\\/news\\\/#\\\/schema\\\/person\\\/4ed91d9a70d8f3a313c26e8308214fc2\",\"name\":\"Laurent Schwartz\",\"image\":{\"@type\":\"ImageObject\",\"inLanguage\":\"fr-FR\",\"@id\":\"https:\\\/\\\/secure.gravatar.com\\\/avatar\\\/1496f846049365121827f5470219486f1a95f83957cc8ca0a9595e40c185f5ee?s=96&d=mm&r=g76f0e87c9ba82a161860a0fc16990d85\",\"url\":\"https:\\\/\\\/secure.gravatar.com\\\/avatar\\\/1496f846049365121827f5470219486f1a95f83957cc8ca0a9595e40c185f5ee?s=96&d=mm&r=g\",\"contentUrl\":\"https:\\\/\\\/secure.gravatar.com\\\/avatar\\\/1496f846049365121827f5470219486f1a95f83957cc8ca0a9595e40c185f5ee?s=96&d=mm&r=g\",\"caption\":\"Laurent Schwartz\"},\"description\":\"Dipl\u00f4m\u00e9 de l\u2019EDHEC Business School en 2005, Laurent SCHWARTZ int\u00e8gre le cabinet d\u2019audit ERNST &amp; YOUNG en 2005 o\u00f9 il travaille pendant 4 ans. Parall\u00e8lement, il travaille au sein de l\u2019entreprise familiale cr\u00e9\u00e9e en 1976 \u00e0 Strasbourg. Fort de cette exp\u00e9rience et du savoir-faire d\u00e9velopp\u00e9 durant ces 40 derni\u00e8res ann\u00e9es, Laurent proc\u00e8de \u00e0 la refonte du site Internet Gold.fr d\u00e9di\u00e9 \u00e0 l\u2019achat d'or, vente d\u2019or (pi\u00e8ces, lingots, ...), achat or et argent,... qui conna\u00eetra un franc succ\u00e8s d\u00e8s son d\u00e9marrage en 2008. Il d\u00e9cide alors de d\u00e9velopper un r\u00e9seau de concessions exclusives: Le Comptoir National de l\u2019Or. Il assure d\u00e9sormais le pilotage strat\u00e9gique du 1er r\u00e9seau de France qui compte aujourd\u2019hui pas loin de 60 agences r\u00e9parties dans toute la France et depuis peu en Allemagne (Breisach). Le Comptoir National de l\u2019Or se positionne aujourd\u2019hui comme le leader incontournable sur le march\u00e9 de l\u2019Or et des m\u00e9taux pr\u00e9cieux en France.\",\"sameAs\":[\"https:\\\/\\\/www.gold.fr\",\"https:\\\/\\\/www.linkedin.com\\\/in\\\/acheteror\\\/\"]}]}<\/script>\n<!-- \/ Yoast SEO plugin. -->","yoast_head_json":{"title":"De la guerre commerciale \u00e0 la guerre des monnaies : l'or comme valeur refuge - Gold.fr","description":"De la guerre commerciale \u00e0 la guerre des monnaies, l\u2019or comme valeur refuge. Un nouveau palier a en effet \u00e9t\u00e9 franchi Record Prix Or","robots":{"index":"index","follow":"follow","max-snippet":"max-snippet:-1","max-image-preview":"max-image-preview:large","max-video-preview":"max-video-preview:-1"},"canonical":"https:\/\/www.gold.fr\/news\/2019\/08\/06\/de-la-guerre-commerciale-a-la-guerre-des-monnaies-lor-comme-valeur-refuge\/","og_locale":"fr_FR","og_type":"article","og_title":"De la guerre commerciale \u00e0 la guerre des monnaies : l'or comme valeur refuge - Gold.fr","og_description":"De la guerre commerciale \u00e0 la guerre des monnaies, l\u2019or comme valeur refuge. Un nouveau palier a en effet \u00e9t\u00e9 franchi Record Prix Or","og_url":"https:\/\/www.gold.fr\/news\/2019\/08\/06\/de-la-guerre-commerciale-a-la-guerre-des-monnaies-lor-comme-valeur-refuge\/","og_site_name":"Gold.fr","article_publisher":"https:\/\/www.facebook.com\/Goldfr\/","article_published_time":"2019-08-06T09:30:07+00:00","article_modified_time":"2021-05-10T08:31:43+00:00","og_image":[{"width":2121,"height":1414,"url":"https:\/\/www.gold.fr\/news\/wp-content\/uploads\/2019\/08\/iStock-982459016.jpg","type":"image\/jpeg"}],"author":"Laurent Schwartz","twitter_card":"summary_large_image","twitter_misc":{"\u00c9crit par":"Laurent Schwartz","Dur\u00e9e de lecture estim\u00e9e":"1 minute"},"schema":{"@context":"https:\/\/schema.org","@graph":[{"@type":"Article","@id":"https:\/\/www.gold.fr\/news\/2019\/08\/06\/de-la-guerre-commerciale-a-la-guerre-des-monnaies-lor-comme-valeur-refuge\/#article","isPartOf":{"@id":"https:\/\/www.gold.fr\/news\/2019\/08\/06\/de-la-guerre-commerciale-a-la-guerre-des-monnaies-lor-comme-valeur-refuge\/"},"author":{"name":"Laurent Schwartz","@id":"https:\/\/www.gold.fr\/news\/#\/schema\/person\/4ed91d9a70d8f3a313c26e8308214fc2"},"headline":"De la guerre commerciale \u00e0 la guerre des monnaies : l&rsquo;or comme valeur refuge","datePublished":"2019-08-06T09:30:07+00:00","dateModified":"2021-05-10T08:31:43+00:00","mainEntityOfPage":{"@id":"https:\/\/www.gold.fr\/news\/2019\/08\/06\/de-la-guerre-commerciale-a-la-guerre-des-monnaies-lor-comme-valeur-refuge\/"},"wordCount":243,"image":{"@id":"https:\/\/www.gold.fr\/news\/2019\/08\/06\/de-la-guerre-commerciale-a-la-guerre-des-monnaies-lor-comme-valeur-refuge\/#primaryimage"},"thumbnailUrl":"https:\/\/www.gold.fr\/news\/wp-content\/uploads\/2019\/08\/iStock-982459016.jpg","keywords":["Or","Valeur refuge"],"articleSection":["Flash infos"],"inLanguage":"fr-FR"},{"@type":"WebPage","@id":"https:\/\/www.gold.fr\/news\/2019\/08\/06\/de-la-guerre-commerciale-a-la-guerre-des-monnaies-lor-comme-valeur-refuge\/","url":"https:\/\/www.gold.fr\/news\/2019\/08\/06\/de-la-guerre-commerciale-a-la-guerre-des-monnaies-lor-comme-valeur-refuge\/","name":"De la guerre commerciale \u00e0 la guerre des monnaies : l'or comme valeur refuge - Gold.fr","isPartOf":{"@id":"https:\/\/www.gold.fr\/news\/#website"},"primaryImageOfPage":{"@id":"https:\/\/www.gold.fr\/news\/2019\/08\/06\/de-la-guerre-commerciale-a-la-guerre-des-monnaies-lor-comme-valeur-refuge\/#primaryimage"},"image":{"@id":"https:\/\/www.gold.fr\/news\/2019\/08\/06\/de-la-guerre-commerciale-a-la-guerre-des-monnaies-lor-comme-valeur-refuge\/#primaryimage"},"thumbnailUrl":"https:\/\/www.gold.fr\/news\/wp-content\/uploads\/2019\/08\/iStock-982459016.jpg","datePublished":"2019-08-06T09:30:07+00:00","dateModified":"2021-05-10T08:31:43+00:00","author":{"@id":"https:\/\/www.gold.fr\/news\/#\/schema\/person\/4ed91d9a70d8f3a313c26e8308214fc2"},"description":"De la guerre commerciale \u00e0 la guerre des monnaies, l\u2019or comme valeur refuge. Un nouveau palier a en effet \u00e9t\u00e9 franchi Record Prix Or","breadcrumb":{"@id":"https:\/\/www.gold.fr\/news\/2019\/08\/06\/de-la-guerre-commerciale-a-la-guerre-des-monnaies-lor-comme-valeur-refuge\/#breadcrumb"},"inLanguage":"fr-FR","potentialAction":[{"@type":"ReadAction","target":["https:\/\/www.gold.fr\/news\/2019\/08\/06\/de-la-guerre-commerciale-a-la-guerre-des-monnaies-lor-comme-valeur-refuge\/"]}]},{"@type":"ImageObject","inLanguage":"fr-FR","@id":"https:\/\/www.gold.fr\/news\/2019\/08\/06\/de-la-guerre-commerciale-a-la-guerre-des-monnaies-lor-comme-valeur-refuge\/#primaryimage","url":"https:\/\/www.gold.fr\/news\/wp-content\/uploads\/2019\/08\/iStock-982459016.jpg","contentUrl":"https:\/\/www.gold.fr\/news\/wp-content\/uploads\/2019\/08\/iStock-982459016.jpg","width":2121,"height":1414,"caption":"De la guerre commerciale \u00e0 la guerre des monnaies : l'or comme valeur refuge"},{"@type":"BreadcrumbList","@id":"https:\/\/www.gold.fr\/news\/2019\/08\/06\/de-la-guerre-commerciale-a-la-guerre-des-monnaies-lor-comme-valeur-refuge\/#breadcrumb","itemListElement":[{"@type":"ListItem","position":1,"name":"Accueil","item":"https:\/\/www.gold.fr\/"},{"@type":"ListItem","position":2,"name":"Actualit\u00e9s","item":"https:\/\/www.gold.fr\/news\/"},{"@type":"ListItem","position":3,"name":"De la guerre commerciale \u00e0 la guerre des monnaies : l&rsquo;or comme valeur refuge"}]},{"@type":"WebSite","@id":"https:\/\/www.gold.fr\/news\/#website","url":"https:\/\/www.gold.fr\/news\/","name":"Gold.fr","description":"Actualit\u00e9s de l&#039;Or et des m\u00e9taux pr\u00e9cieux","potentialAction":[{"@type":"SearchAction","target":{"@type":"EntryPoint","urlTemplate":"https:\/\/www.gold.fr\/news\/?s={search_term_string}"},"query-input":{"@type":"PropertyValueSpecification","valueRequired":true,"valueName":"search_term_string"}}],"inLanguage":"fr-FR"},{"@type":"Person","@id":"https:\/\/www.gold.fr\/news\/#\/schema\/person\/4ed91d9a70d8f3a313c26e8308214fc2","name":"Laurent Schwartz","image":{"@type":"ImageObject","inLanguage":"fr-FR","@id":"https:\/\/secure.gravatar.com\/avatar\/1496f846049365121827f5470219486f1a95f83957cc8ca0a9595e40c185f5ee?s=96&d=mm&r=g76f0e87c9ba82a161860a0fc16990d85","url":"https:\/\/secure.gravatar.com\/avatar\/1496f846049365121827f5470219486f1a95f83957cc8ca0a9595e40c185f5ee?s=96&d=mm&r=g","contentUrl":"https:\/\/secure.gravatar.com\/avatar\/1496f846049365121827f5470219486f1a95f83957cc8ca0a9595e40c185f5ee?s=96&d=mm&r=g","caption":"Laurent Schwartz"},"description":"Dipl\u00f4m\u00e9 de l\u2019EDHEC Business School en 2005, Laurent SCHWARTZ int\u00e8gre le cabinet d\u2019audit ERNST &amp; YOUNG en 2005 o\u00f9 il travaille pendant 4 ans. Parall\u00e8lement, il travaille au sein de l\u2019entreprise familiale cr\u00e9\u00e9e en 1976 \u00e0 Strasbourg. Fort de cette exp\u00e9rience et du savoir-faire d\u00e9velopp\u00e9 durant ces 40 derni\u00e8res ann\u00e9es, Laurent proc\u00e8de \u00e0 la refonte du site Internet Gold.fr d\u00e9di\u00e9 \u00e0 l\u2019achat d'or, vente d\u2019or (pi\u00e8ces, lingots, ...), achat or et argent,... qui conna\u00eetra un franc succ\u00e8s d\u00e8s son d\u00e9marrage en 2008. Il d\u00e9cide alors de d\u00e9velopper un r\u00e9seau de concessions exclusives: Le Comptoir National de l\u2019Or. Il assure d\u00e9sormais le pilotage strat\u00e9gique du 1er r\u00e9seau de France qui compte aujourd\u2019hui pas loin de 60 agences r\u00e9parties dans toute la France et depuis peu en Allemagne (Breisach). Le Comptoir National de l\u2019Or se positionne aujourd\u2019hui comme le leader incontournable sur le march\u00e9 de l\u2019Or et des m\u00e9taux pr\u00e9cieux en France.","sameAs":["https:\/\/www.gold.fr","https:\/\/www.linkedin.com\/in\/acheteror\/"]}]}},"authors":[{"term_id":2567,"user_id":6,"is_guest":0,"slug":"laurent","display_name":"Laurent Schwartz","avatar_url":"https:\/\/secure.gravatar.com\/avatar\/1496f846049365121827f5470219486f1a95f83957cc8ca0a9595e40c185f5ee?s=96&d=mm&r=g","0":null,"1":"","2":"","3":"","4":"","5":"","6":"","7":"","8":""}],"_links":{"self":[{"href":"https:\/\/www.gold.fr\/news\/wp-json\/wp\/v2\/posts\/35385","targetHints":{"allow":["GET"]}}],"collection":[{"href":"https:\/\/www.gold.fr\/news\/wp-json\/wp\/v2\/posts"}],"about":[{"href":"https:\/\/www.gold.fr\/news\/wp-json\/wp\/v2\/types\/post"}],"author":[{"embeddable":true,"href":"https:\/\/www.gold.fr\/news\/wp-json\/wp\/v2\/users\/6"}],"replies":[{"embeddable":true,"href":"https:\/\/www.gold.fr\/news\/wp-json\/wp\/v2\/comments?post=35385"}],"version-history":[{"count":0,"href":"https:\/\/www.gold.fr\/news\/wp-json\/wp\/v2\/posts\/35385\/revisions"}],"wp:featuredmedia":[{"embeddable":true,"href":"https:\/\/www.gold.fr\/news\/wp-json\/wp\/v2\/media\/35386"}],"wp:attachment":[{"href":"https:\/\/www.gold.fr\/news\/wp-json\/wp\/v2\/media?parent=35385"}],"wp:term":[{"taxonomy":"category","embeddable":true,"href":"https:\/\/www.gold.fr\/news\/wp-json\/wp\/v2\/categories?post=35385"},{"taxonomy":"post_tag","embeddable":true,"href":"https:\/\/www.gold.fr\/news\/wp-json\/wp\/v2\/tags?post=35385"},{"taxonomy":"author","embeddable":true,"href":"https:\/\/www.gold.fr\/news\/wp-json\/wp\/v2\/ppma_author?post=35385"}],"curies":[{"name":"wp","href":"https:\/\/api.w.org\/{rel}","templated":true}]}}