{"id":35363,"date":"2019-08-02T14:57:48","date_gmt":"2019-08-02T12:57:48","guid":{"rendered":"https:\/\/www.gold.fr\/news\/?p=35363"},"modified":"2021-01-11T14:09:45","modified_gmt":"2021-01-11T13:09:45","slug":"cours-de-lor-lenvolee-se-poursuit-en-juillet","status":"publish","type":"post","link":"https:\/\/www.gold.fr\/news\/2019\/08\/02\/cours-de-lor-lenvolee-se-poursuit-en-juillet\/","title":{"rendered":"Cours de l&rsquo;or : l&rsquo;envol\u00e9e se poursuit en juillet"},"content":{"rendered":"<h3>Ce qu\u2019il faut retenir du mois :<\/h3>\n<p>  \u2022 Performance en euros : +3.5% en juillet, proche de 15% sur 2019  \u2022 L\u2019or surperforme le Cac 40 de pr\u00e8s de 4%  \u2022 La baisse des taux c\u2019est parti !  \u2022 Le FMI abaisse ses pr\u00e9visions de croissance  \u2022 Les produits d\u00e9riv\u00e9s sur l\u2019or : 181 fois plus de contrats ouverts que de stocks  \u2022 Une banque priv\u00e9e suisse positive sur l\u2019or    &nbsp;  <\/p>\n<h3>L\u2019envol\u00e9e des cours se poursuit en juillet<\/h3>\n<p>  Au second fixing de Londres, le 31 juillet, les cours de l\u2019or se sont \u00e9tablis \u00e0 1281.37 euros et 1427.55 dollars, affichant une importante progression de 3.52% en euros, et une hausse pus mod\u00e9r\u00e9e en dollar en raison d\u2019une hausse du billet vert sur le mois. Avec ce 3\u00e8me mois cons\u00e9cutif de hausse, la performance du m\u00e9tal jaune depuis le d\u00e9but de l\u2019ann\u00e9e fr\u00f4le les 15% en euros.    &nbsp;    <a href=\"https:\/\/www.gold.fr\/news\/wp-content\/uploads\/2019\/08\/table_perf.png\"><img loading=\"lazy\" decoding=\"async\" class=\"wp-image-35366 aligncenter\" src=\"https:\/\/www.gold.fr\/news\/wp-content\/uploads\/2019\/08\/table_perf-300x63.png\" alt=\"Cours de l'or : l'envol\u00e9e se poursuit en juillet \" width=\"395\" height=\"83\" srcset=\"https:\/\/www.gold.fr\/news\/wp-content\/uploads\/2019\/08\/table_perf-300x63.png 300w, https:\/\/www.gold.fr\/news\/wp-content\/uploads\/2019\/08\/table_perf-5x1.png 5w, https:\/\/www.gold.fr\/news\/wp-content\/uploads\/2019\/08\/table_perf.png 600w\" sizes=\"auto, (max-width: 395px) 100vw, 395px\" \/><\/a>    &nbsp;    Sur un an glissant, la performance de l\u2019or atteint m\u00eame 22.8% en euros. Le graphique ci-dessous illustre parfaitement les deux phases de hausse : la premi\u00e8re fin 2018 et d\u00e9but 2019, p\u00e9riode de forte correction des march\u00e9s action qui \u00e0 profit\u00e9 au m\u00e9tal jaune, et la seconde, amorc\u00e9e en juin, largement aliment\u00e9e par les perspectives de baisse des taux d\u2019int\u00e9r\u00eat.    &nbsp;    <a href=\"https:\/\/www.gold.fr\/news\/wp-content\/uploads\/2019\/08\/graph_1an.png\"><img loading=\"lazy\" decoding=\"async\" class=\"wp-image-35364 aligncenter\" src=\"https:\/\/www.gold.fr\/news\/wp-content\/uploads\/2019\/08\/graph_1an-300x175.png\" alt=\"Cours de l'or : l'envol\u00e9e se poursuit en juillet \" width=\"417\" height=\"243\" srcset=\"https:\/\/www.gold.fr\/news\/wp-content\/uploads\/2019\/08\/graph_1an-300x175.png 300w, https:\/\/www.gold.fr\/news\/wp-content\/uploads\/2019\/08\/graph_1an-298x174.png 298w, https:\/\/www.gold.fr\/news\/wp-content\/uploads\/2019\/08\/graph_1an-2x1.png 2w, https:\/\/www.gold.fr\/news\/wp-content\/uploads\/2019\/08\/graph_1an.png 600w\" sizes=\"auto, (max-width: 417px) 100vw, 417px\" \/><\/a>    <em>Pour aller plus loin : notre guide \u00ab <a href=\"https:\/\/www.gold.fr\/informations-sur-l-or\/guides\/comment-est-fixe-le-cours-de-lor\">Comment est fix\u00e9 le cours de l\u2019or<\/a> ? \u00bb<\/em>    &nbsp;  <\/p>\n<h3>L\u2019or surperforme les actions<\/h3>\n<p>  En juillet, le m\u00e9tal jaune a surperform\u00e9 les actions fran\u00e7aises de pr\u00e8s de 4% (or : +3.52%, CAC40 : -0.36%). Sur 2019, les actions fran\u00e7aises gardent une l\u00e9g\u00e8re avance : +16.6% contre 14.7% pour l\u2019or. En \u00e9largissant le champ \u00e0 1 an glissant, la photo est radicalement diff\u00e9rente : l\u2019or bat les actions de 21.7%, en raison notamment de sa bonne performance relative au dernier trimestre 2018.    <a href=\"https:\/\/www.gold.fr\/news\/wp-content\/uploads\/2019\/08\/Capture-d\u2019\u00e9cran-569.png\"><img loading=\"lazy\" decoding=\"async\" class=\"wp-image-35367 aligncenter\" src=\"https:\/\/www.gold.fr\/news\/wp-content\/uploads\/2019\/08\/Capture-d\u2019\u00e9cran-569-300x182.png\" alt=\"Cours de l'or : l'envol\u00e9e se poursuit en juillet \" width=\"418\" height=\"254\" srcset=\"https:\/\/www.gold.fr\/news\/wp-content\/uploads\/2019\/08\/Capture-d\u2019\u00e9cran-569-300x182.png 300w, https:\/\/www.gold.fr\/news\/wp-content\/uploads\/2019\/08\/Capture-d\u2019\u00e9cran-569-2x1.png 2w, https:\/\/www.gold.fr\/news\/wp-content\/uploads\/2019\/08\/Capture-d\u2019\u00e9cran-569.png 531w\" sizes=\"auto, (max-width: 418px) 100vw, 418px\" \/><\/a>    Outre la performance, les autres \u00e9l\u00e9ments de comparaison avec les actions sont \u00e9galement favorables. La volatilit\u00e9 r\u00e9alis\u00e9e \u00e0 60 jours est 2 points inf\u00e9rieure \u00e0 celle des actions et sur un an glissant, la corr\u00e9lation entre le m\u00e9tal jaune et le CAC 40 s\u2019\u00e9tablit \u00e0 -0.15. Un actif d\u00e9corr\u00e9l\u00e9 aux actions, moins risqu\u00e9, et offrant un bon rendement, voil\u00e0 qui devrait inciter les professionnels de la finance \u00e0 en int\u00e9grer davantage \u00e0 leurs portefeuilles\u2026    &nbsp;  <\/p>\n<h3>La baisse des taux, c\u2019est parti !<\/h3>\n<p>  L\u2019or a largement b\u00e9n\u00e9fici\u00e9 ces derniers mois des anticipations de baisse des taux d\u2019int\u00e9r\u00eat. C\u2019est maintenant chose faite : le 31 juillet, le pr\u00e9sident de la r\u00e9serve f\u00e9d\u00e9rale am\u00e9ricaine Jerome Powell a annonc\u00e9 une baisse de son taux directeur de 25 points de base, pour le ramener dans une fourchette de 2% \u00e0 2.25%. Il s\u2019agit de la premi\u00e8re baisse de taux depuis 11 ans, la derni\u00e8re datant en effet de 2008, lorsque la Fed combattait la crise financi\u00e8re\u2026 Autre annonce, la Fed arr\u00eate son programme de r\u00e9duction de son bilan avec 2 mois d\u2019avance, et ce afin de maintenir de la liquidit\u00e9 dans le syst\u00e8me financier.    En Europe, bien qu\u2019elle ait maintenu ses taux inchang\u00e9s, la BCE a sugg\u00e9r\u00e9 lors de sa r\u00e9union de juillet qu\u2019elle pourrait les abaisser dans un avenir plus ou moins proche. Les analystes ont imm\u00e9diatement tabl\u00e9 sur Septembre. Par ailleurs, la banque a indiqu\u00e9 qu\u2019elle r\u00e9fl\u00e9chissait \u00e0 plusieurs options d\u2019assouplissement mon\u00e9taire, notamment en ce qui concerne la r\u00e9mun\u00e9ration des r\u00e9serves ou les achats d\u2019actifs. En clair la BCE pourrait remettre en route la planche \u00e0 billet\u2026    &nbsp;  <\/p>\n<h3>Le FMI abaisse ses pr\u00e9visions de croissance<\/h3>\n<p>  Le FMI a mis \u00e0 jour en juillet ses perspectives de l\u2019\u00e9conomie mondiale, \u00e0 la baisse. Le rapport cite une \u00ab croissance languissante \u00bb, en raison d\u2019une demande finale d\u00e9faillante et d\u2019un commerce mondial atone. Dans ce contexte, l\u2019institution abaisse ses pr\u00e9visions de croissance mondiale \u00e0 3.2% pour 2019, soit 0.1% de moins que sa pr\u00e9c\u00e9dente pr\u00e9vision d\u2019avril.    Le FMI pointe \u00e9galement une hausse des risques de d\u00e9gradation : \u00ab Il s\u2019agit de l\u2019escalade des tensions commerciales et technologiques, de la possibilit\u00e9 d\u2019un \u00e9pisode prolong\u00e9 d\u2019aversion au risque mettant au jour les facteurs de vuln\u00e9rabilit\u00e9 financi\u00e8re qui se sont accumul\u00e9s pendant des ann\u00e9es de taux d\u2019int\u00e9r\u00eat bas, des tensions g\u00e9opolitiques et de la mont\u00e9e de tensions d\u00e9sinflationnistes qui rendent les chocs plus persistants \u00bb. En clair, le FMI est inquiet.    &nbsp;  <\/p>\n<h3>Les produits d\u00e9riv\u00e9s sur l\u2019or : 181 fois plus de contrats ouverts que de stocks<\/h3>\n<p>  Cela peut paraitre incroyable, mais le chiffre est bien r\u00e9el. Il provient du Comex, la bourse am\u00e9ricaine sur laquelle sont trait\u00e9s les produits d\u00e9riv\u00e9s sur l\u2019or (futures et options). Celle-ci ne d\u00e9tient dans ses coffres que 10 tonnes d\u2019or enregistr\u00e9es au 26 juillet, alors que l\u2019\u00e9quivalent de 1839 tonnes de contrats sur l\u2019or sont ouverts. Il est vrai que ses entrep\u00f4ts comptent \u00e9galement 230 tonnes d\u2019or dit \u00ab \u00e9ligible \u00bb, mais cela reste tout de m\u00eame 8 fois moins que les produits d\u00e9riv\u00e9s en circulation. Par ailleurs ces stocks \u00e9ligibles n\u2019appartiennent pas \u00e0 la bourse, et ne sont pas tous n\u00e9cessairement disponibles pour le d\u00e9nouement physique des contrats d\u00e9riv\u00e9s.    Cela peut-il poser un probl\u00e8me ? C\u2019est possible. L\u2019immense majorit\u00e9 des d\u00e9nouements de contrats se fait en cash, et peu d\u2019acteurs de march\u00e9 demandent la livraison physique. Mais si les demandes de livraison augmentaient, il pourrait y avoir rapidement un probl\u00e8me, conduisant probablement \u00e0 une prime de l\u2019or physique sur l\u2019or papier\u2026    &nbsp;  <\/p>\n<h3>Une banque priv\u00e9e suisse positive sur l\u2019or<\/h3>\n<p>  Lombard Odier vient de publier une note positive pour l\u2019or, qu\u2019elle int\u00e8gre \u00e0 hauteur de 3% dans les portefeuilles de ses clients. Le directeur des investissements \u00e9voque les caract\u00e9ristiques de valeur refuge du m\u00e9tal jaune, \u00e0 un moment o\u00f9 il n\u2019est plus certain que les obligations d\u2019\u00e9tat puissent jouer ce r\u00f4le au sein des portefeuilles diversifi\u00e9s.    Lombard Odier \u00e9voque \u00e9galement des risques de perte de confiance dans le syst\u00e8me financier en raison de politique mon\u00e9taire non conventionnelles. En l\u2019absence de politique mon\u00e9taire efficace, les investisseurs pourraient se d\u00e9tourner des monnaies au profit du m\u00e9tal jaune. Enfin, parmi les raisons plus conjoncturelles favorables \u00e0 l\u2019or, l\u2019institution cite les taux bas, la guerre commerciale US-Chine et un affaiblissement du billet vert.    &nbsp;<\/p>\n<!-- AddThis Advanced Settings generic via filter on the_content --><!-- AddThis Share Buttons generic via filter on the_content -->","protected":false},"excerpt":{"rendered":"<p>Ce qu\u2019il faut retenir du mois : \u2022 Performance en euros : +3.5% en juillet, proche de 15% sur 2019 \u2022 L\u2019or surperforme le Cac 40 de pr\u00e8s de 4% \u2022 La baisse des taux c\u2019est [&hellip;]<\/p>\n","protected":false},"author":6,"featured_media":35371,"comment_status":"closed","ping_status":"closed","sticky":false,"template":"","format":"standard","meta":{"_mbp_gutenberg_autopost":false,"_pgmb_is_evergreen":false,"_pgmb_ap_template_id":0,"footnotes":""},"categories":[4],"tags":[767,84],"ppma_author":[2567],"class_list":["post-35363","post","type-post","status-publish","format-standard","has-post-thumbnail","hentry","category-analyses-economiques","tag-hausse-cours-de-lor","tag-cours-de-lor"],"yoast_head":"<!-- This site is optimized with the Yoast SEO plugin v27.5 - https:\/\/yoast.com\/product\/yoast-seo-wordpress\/ -->\n<title>Cours de l&#039;or : l&#039;envol\u00e9e se poursuit en juillet - Gold.fr<\/title>\n<meta name=\"description\" content=\"D\u00e9couvrez le rapport mensuel du mois de Juillet 2019, et suivez l&#039;actualit\u00e9 de l&#039;or et d&#039;autres m\u00e9taux pr\u00e9cieux sur le site d&#039;actualit\u00e9 du Comptoir National de l&#039;Or.\" \/>\n<meta name=\"robots\" content=\"index, follow, max-snippet:-1, max-image-preview:large, max-video-preview:-1\" \/>\n<link rel=\"canonical\" href=\"https:\/\/www.gold.fr\/news\/2019\/08\/02\/cours-de-lor-lenvolee-se-poursuit-en-juillet\/\" \/>\n<meta property=\"og:locale\" content=\"fr_FR\" \/>\n<meta property=\"og:type\" content=\"article\" \/>\n<meta property=\"og:title\" content=\"Cours de l&#039;or : l&#039;envol\u00e9e se poursuit en juillet - Gold.fr\" \/>\n<meta property=\"og:description\" content=\"D\u00e9couvrez le rapport mensuel du mois de Juillet 2019, et suivez l&#039;actualit\u00e9 de l&#039;or et d&#039;autres m\u00e9taux pr\u00e9cieux sur le site d&#039;actualit\u00e9 du Comptoir National de l&#039;Or.\" \/>\n<meta property=\"og:url\" content=\"https:\/\/www.gold.fr\/news\/2019\/08\/02\/cours-de-lor-lenvolee-se-poursuit-en-juillet\/\" \/>\n<meta property=\"og:site_name\" content=\"Gold.fr\" \/>\n<meta property=\"article:publisher\" content=\"https:\/\/www.facebook.com\/Goldfr\/\" \/>\n<meta property=\"article:published_time\" content=\"2019-08-02T12:57:48+00:00\" \/>\n<meta property=\"article:modified_time\" content=\"2021-01-11T13:09:45+00:00\" \/>\n<meta property=\"og:image\" content=\"https:\/\/www.gold.fr\/news\/wp-content\/uploads\/2019\/08\/iStock-919028174.jpg\" \/>\n\t<meta property=\"og:image:width\" content=\"1732\" \/>\n\t<meta property=\"og:image:height\" content=\"1732\" \/>\n\t<meta property=\"og:image:type\" content=\"image\/jpeg\" \/>\n<meta name=\"author\" content=\"Laurent Schwartz\" \/>\n<meta name=\"twitter:card\" content=\"summary_large_image\" \/>\n<meta name=\"twitter:label1\" content=\"\u00c9crit par\" \/>\n\t<meta name=\"twitter:data1\" content=\"Laurent Schwartz\" \/>\n\t<meta name=\"twitter:label2\" content=\"Dur\u00e9e de lecture estim\u00e9e\" \/>\n\t<meta name=\"twitter:data2\" content=\"5 minutes\" \/>\n<script type=\"application\/ld+json\" class=\"yoast-schema-graph\">{\"@context\":\"https:\\\/\\\/schema.org\",\"@graph\":[{\"@type\":\"Article\",\"@id\":\"https:\\\/\\\/www.gold.fr\\\/news\\\/2019\\\/08\\\/02\\\/cours-de-lor-lenvolee-se-poursuit-en-juillet\\\/#article\",\"isPartOf\":{\"@id\":\"https:\\\/\\\/www.gold.fr\\\/news\\\/2019\\\/08\\\/02\\\/cours-de-lor-lenvolee-se-poursuit-en-juillet\\\/\"},\"author\":{\"name\":\"Laurent Schwartz\",\"@id\":\"https:\\\/\\\/www.gold.fr\\\/news\\\/#\\\/schema\\\/person\\\/4ed91d9a70d8f3a313c26e8308214fc2\"},\"headline\":\"Cours de l&rsquo;or : l&rsquo;envol\u00e9e se poursuit en juillet\",\"datePublished\":\"2019-08-02T12:57:48+00:00\",\"dateModified\":\"2021-01-11T13:09:45+00:00\",\"mainEntityOfPage\":{\"@id\":\"https:\\\/\\\/www.gold.fr\\\/news\\\/2019\\\/08\\\/02\\\/cours-de-lor-lenvolee-se-poursuit-en-juillet\\\/\"},\"wordCount\":1093,\"image\":{\"@id\":\"https:\\\/\\\/www.gold.fr\\\/news\\\/2019\\\/08\\\/02\\\/cours-de-lor-lenvolee-se-poursuit-en-juillet\\\/#primaryimage\"},\"thumbnailUrl\":\"https:\\\/\\\/www.gold.fr\\\/news\\\/wp-content\\\/uploads\\\/2019\\\/08\\\/iStock-919028174.jpg\",\"keywords\":[\"hausse cours de l'or\",\"Tout Cours de l'Or\"],\"articleSection\":[\"Analyses Economiques\"],\"inLanguage\":\"fr-FR\"},{\"@type\":\"WebPage\",\"@id\":\"https:\\\/\\\/www.gold.fr\\\/news\\\/2019\\\/08\\\/02\\\/cours-de-lor-lenvolee-se-poursuit-en-juillet\\\/\",\"url\":\"https:\\\/\\\/www.gold.fr\\\/news\\\/2019\\\/08\\\/02\\\/cours-de-lor-lenvolee-se-poursuit-en-juillet\\\/\",\"name\":\"Cours de l'or : l'envol\u00e9e se poursuit en juillet - Gold.fr\",\"isPartOf\":{\"@id\":\"https:\\\/\\\/www.gold.fr\\\/news\\\/#website\"},\"primaryImageOfPage\":{\"@id\":\"https:\\\/\\\/www.gold.fr\\\/news\\\/2019\\\/08\\\/02\\\/cours-de-lor-lenvolee-se-poursuit-en-juillet\\\/#primaryimage\"},\"image\":{\"@id\":\"https:\\\/\\\/www.gold.fr\\\/news\\\/2019\\\/08\\\/02\\\/cours-de-lor-lenvolee-se-poursuit-en-juillet\\\/#primaryimage\"},\"thumbnailUrl\":\"https:\\\/\\\/www.gold.fr\\\/news\\\/wp-content\\\/uploads\\\/2019\\\/08\\\/iStock-919028174.jpg\",\"datePublished\":\"2019-08-02T12:57:48+00:00\",\"dateModified\":\"2021-01-11T13:09:45+00:00\",\"author\":{\"@id\":\"https:\\\/\\\/www.gold.fr\\\/news\\\/#\\\/schema\\\/person\\\/4ed91d9a70d8f3a313c26e8308214fc2\"},\"description\":\"D\u00e9couvrez le rapport mensuel du mois de Juillet 2019, et suivez l'actualit\u00e9 de l'or et d'autres m\u00e9taux pr\u00e9cieux sur le site d'actualit\u00e9 du Comptoir National de l'Or.\",\"breadcrumb\":{\"@id\":\"https:\\\/\\\/www.gold.fr\\\/news\\\/2019\\\/08\\\/02\\\/cours-de-lor-lenvolee-se-poursuit-en-juillet\\\/#breadcrumb\"},\"inLanguage\":\"fr-FR\",\"potentialAction\":[{\"@type\":\"ReadAction\",\"target\":[\"https:\\\/\\\/www.gold.fr\\\/news\\\/2019\\\/08\\\/02\\\/cours-de-lor-lenvolee-se-poursuit-en-juillet\\\/\"]}]},{\"@type\":\"ImageObject\",\"inLanguage\":\"fr-FR\",\"@id\":\"https:\\\/\\\/www.gold.fr\\\/news\\\/2019\\\/08\\\/02\\\/cours-de-lor-lenvolee-se-poursuit-en-juillet\\\/#primaryimage\",\"url\":\"https:\\\/\\\/www.gold.fr\\\/news\\\/wp-content\\\/uploads\\\/2019\\\/08\\\/iStock-919028174.jpg\",\"contentUrl\":\"https:\\\/\\\/www.gold.fr\\\/news\\\/wp-content\\\/uploads\\\/2019\\\/08\\\/iStock-919028174.jpg\",\"width\":1732,\"height\":1732,\"caption\":\"Cours de l'or : l'envol\u00e9e se poursuit en juillet\"},{\"@type\":\"BreadcrumbList\",\"@id\":\"https:\\\/\\\/www.gold.fr\\\/news\\\/2019\\\/08\\\/02\\\/cours-de-lor-lenvolee-se-poursuit-en-juillet\\\/#breadcrumb\",\"itemListElement\":[{\"@type\":\"ListItem\",\"position\":1,\"name\":\"Accueil\",\"item\":\"https:\\\/\\\/www.gold.fr\\\/\"},{\"@type\":\"ListItem\",\"position\":2,\"name\":\"Actualit\u00e9s\",\"item\":\"https:\\\/\\\/www.gold.fr\\\/news\\\/\"},{\"@type\":\"ListItem\",\"position\":3,\"name\":\"Cours de l&rsquo;or : l&rsquo;envol\u00e9e se poursuit en juillet\"}]},{\"@type\":\"WebSite\",\"@id\":\"https:\\\/\\\/www.gold.fr\\\/news\\\/#website\",\"url\":\"https:\\\/\\\/www.gold.fr\\\/news\\\/\",\"name\":\"Gold.fr\",\"description\":\"Actualit\u00e9s de l&#039;Or et des m\u00e9taux pr\u00e9cieux\",\"potentialAction\":[{\"@type\":\"SearchAction\",\"target\":{\"@type\":\"EntryPoint\",\"urlTemplate\":\"https:\\\/\\\/www.gold.fr\\\/news\\\/?s={search_term_string}\"},\"query-input\":{\"@type\":\"PropertyValueSpecification\",\"valueRequired\":true,\"valueName\":\"search_term_string\"}}],\"inLanguage\":\"fr-FR\"},{\"@type\":\"Person\",\"@id\":\"https:\\\/\\\/www.gold.fr\\\/news\\\/#\\\/schema\\\/person\\\/4ed91d9a70d8f3a313c26e8308214fc2\",\"name\":\"Laurent Schwartz\",\"image\":{\"@type\":\"ImageObject\",\"inLanguage\":\"fr-FR\",\"@id\":\"https:\\\/\\\/secure.gravatar.com\\\/avatar\\\/1496f846049365121827f5470219486f1a95f83957cc8ca0a9595e40c185f5ee?s=96&d=mm&r=g76f0e87c9ba82a161860a0fc16990d85\",\"url\":\"https:\\\/\\\/secure.gravatar.com\\\/avatar\\\/1496f846049365121827f5470219486f1a95f83957cc8ca0a9595e40c185f5ee?s=96&d=mm&r=g\",\"contentUrl\":\"https:\\\/\\\/secure.gravatar.com\\\/avatar\\\/1496f846049365121827f5470219486f1a95f83957cc8ca0a9595e40c185f5ee?s=96&d=mm&r=g\",\"caption\":\"Laurent Schwartz\"},\"description\":\"Dipl\u00f4m\u00e9 de l\u2019EDHEC Business School en 2005, Laurent SCHWARTZ int\u00e8gre le cabinet d\u2019audit ERNST &amp; YOUNG en 2005 o\u00f9 il travaille pendant 4 ans. Parall\u00e8lement, il travaille au sein de l\u2019entreprise familiale cr\u00e9\u00e9e en 1976 \u00e0 Strasbourg. Fort de cette exp\u00e9rience et du savoir-faire d\u00e9velopp\u00e9 durant ces 40 derni\u00e8res ann\u00e9es, Laurent proc\u00e8de \u00e0 la refonte du site Internet Gold.fr d\u00e9di\u00e9 \u00e0 l\u2019achat d'or, vente d\u2019or (pi\u00e8ces, lingots, ...), achat or et argent,... qui conna\u00eetra un franc succ\u00e8s d\u00e8s son d\u00e9marrage en 2008. Il d\u00e9cide alors de d\u00e9velopper un r\u00e9seau de concessions exclusives: Le Comptoir National de l\u2019Or. Il assure d\u00e9sormais le pilotage strat\u00e9gique du 1er r\u00e9seau de France qui compte aujourd\u2019hui pas loin de 60 agences r\u00e9parties dans toute la France et depuis peu en Allemagne (Breisach). Le Comptoir National de l\u2019Or se positionne aujourd\u2019hui comme le leader incontournable sur le march\u00e9 de l\u2019Or et des m\u00e9taux pr\u00e9cieux en France.\",\"sameAs\":[\"https:\\\/\\\/www.gold.fr\",\"https:\\\/\\\/www.linkedin.com\\\/in\\\/acheteror\\\/\"]}]}<\/script>\n<!-- \/ Yoast SEO plugin. -->","yoast_head_json":{"title":"Cours de l'or : l'envol\u00e9e se poursuit en juillet - Gold.fr","description":"D\u00e9couvrez le rapport mensuel du mois de Juillet 2019, et suivez l'actualit\u00e9 de l'or et d'autres m\u00e9taux pr\u00e9cieux sur le site d'actualit\u00e9 du Comptoir National de l'Or.","robots":{"index":"index","follow":"follow","max-snippet":"max-snippet:-1","max-image-preview":"max-image-preview:large","max-video-preview":"max-video-preview:-1"},"canonical":"https:\/\/www.gold.fr\/news\/2019\/08\/02\/cours-de-lor-lenvolee-se-poursuit-en-juillet\/","og_locale":"fr_FR","og_type":"article","og_title":"Cours de l'or : l'envol\u00e9e se poursuit en juillet - Gold.fr","og_description":"D\u00e9couvrez le rapport mensuel du mois de Juillet 2019, et suivez l'actualit\u00e9 de l'or et d'autres m\u00e9taux pr\u00e9cieux sur le site d'actualit\u00e9 du Comptoir National de l'Or.","og_url":"https:\/\/www.gold.fr\/news\/2019\/08\/02\/cours-de-lor-lenvolee-se-poursuit-en-juillet\/","og_site_name":"Gold.fr","article_publisher":"https:\/\/www.facebook.com\/Goldfr\/","article_published_time":"2019-08-02T12:57:48+00:00","article_modified_time":"2021-01-11T13:09:45+00:00","og_image":[{"width":1732,"height":1732,"url":"https:\/\/www.gold.fr\/news\/wp-content\/uploads\/2019\/08\/iStock-919028174.jpg","type":"image\/jpeg"}],"author":"Laurent Schwartz","twitter_card":"summary_large_image","twitter_misc":{"\u00c9crit par":"Laurent Schwartz","Dur\u00e9e de lecture estim\u00e9e":"5 minutes"},"schema":{"@context":"https:\/\/schema.org","@graph":[{"@type":"Article","@id":"https:\/\/www.gold.fr\/news\/2019\/08\/02\/cours-de-lor-lenvolee-se-poursuit-en-juillet\/#article","isPartOf":{"@id":"https:\/\/www.gold.fr\/news\/2019\/08\/02\/cours-de-lor-lenvolee-se-poursuit-en-juillet\/"},"author":{"name":"Laurent Schwartz","@id":"https:\/\/www.gold.fr\/news\/#\/schema\/person\/4ed91d9a70d8f3a313c26e8308214fc2"},"headline":"Cours de l&rsquo;or : l&rsquo;envol\u00e9e se poursuit en juillet","datePublished":"2019-08-02T12:57:48+00:00","dateModified":"2021-01-11T13:09:45+00:00","mainEntityOfPage":{"@id":"https:\/\/www.gold.fr\/news\/2019\/08\/02\/cours-de-lor-lenvolee-se-poursuit-en-juillet\/"},"wordCount":1093,"image":{"@id":"https:\/\/www.gold.fr\/news\/2019\/08\/02\/cours-de-lor-lenvolee-se-poursuit-en-juillet\/#primaryimage"},"thumbnailUrl":"https:\/\/www.gold.fr\/news\/wp-content\/uploads\/2019\/08\/iStock-919028174.jpg","keywords":["hausse cours de l'or","Tout Cours de l'Or"],"articleSection":["Analyses Economiques"],"inLanguage":"fr-FR"},{"@type":"WebPage","@id":"https:\/\/www.gold.fr\/news\/2019\/08\/02\/cours-de-lor-lenvolee-se-poursuit-en-juillet\/","url":"https:\/\/www.gold.fr\/news\/2019\/08\/02\/cours-de-lor-lenvolee-se-poursuit-en-juillet\/","name":"Cours de l'or : l'envol\u00e9e se poursuit en juillet - Gold.fr","isPartOf":{"@id":"https:\/\/www.gold.fr\/news\/#website"},"primaryImageOfPage":{"@id":"https:\/\/www.gold.fr\/news\/2019\/08\/02\/cours-de-lor-lenvolee-se-poursuit-en-juillet\/#primaryimage"},"image":{"@id":"https:\/\/www.gold.fr\/news\/2019\/08\/02\/cours-de-lor-lenvolee-se-poursuit-en-juillet\/#primaryimage"},"thumbnailUrl":"https:\/\/www.gold.fr\/news\/wp-content\/uploads\/2019\/08\/iStock-919028174.jpg","datePublished":"2019-08-02T12:57:48+00:00","dateModified":"2021-01-11T13:09:45+00:00","author":{"@id":"https:\/\/www.gold.fr\/news\/#\/schema\/person\/4ed91d9a70d8f3a313c26e8308214fc2"},"description":"D\u00e9couvrez le rapport mensuel du mois de Juillet 2019, et suivez l'actualit\u00e9 de l'or et d'autres m\u00e9taux pr\u00e9cieux sur le site d'actualit\u00e9 du Comptoir National de l'Or.","breadcrumb":{"@id":"https:\/\/www.gold.fr\/news\/2019\/08\/02\/cours-de-lor-lenvolee-se-poursuit-en-juillet\/#breadcrumb"},"inLanguage":"fr-FR","potentialAction":[{"@type":"ReadAction","target":["https:\/\/www.gold.fr\/news\/2019\/08\/02\/cours-de-lor-lenvolee-se-poursuit-en-juillet\/"]}]},{"@type":"ImageObject","inLanguage":"fr-FR","@id":"https:\/\/www.gold.fr\/news\/2019\/08\/02\/cours-de-lor-lenvolee-se-poursuit-en-juillet\/#primaryimage","url":"https:\/\/www.gold.fr\/news\/wp-content\/uploads\/2019\/08\/iStock-919028174.jpg","contentUrl":"https:\/\/www.gold.fr\/news\/wp-content\/uploads\/2019\/08\/iStock-919028174.jpg","width":1732,"height":1732,"caption":"Cours de l'or : l'envol\u00e9e se poursuit en juillet"},{"@type":"BreadcrumbList","@id":"https:\/\/www.gold.fr\/news\/2019\/08\/02\/cours-de-lor-lenvolee-se-poursuit-en-juillet\/#breadcrumb","itemListElement":[{"@type":"ListItem","position":1,"name":"Accueil","item":"https:\/\/www.gold.fr\/"},{"@type":"ListItem","position":2,"name":"Actualit\u00e9s","item":"https:\/\/www.gold.fr\/news\/"},{"@type":"ListItem","position":3,"name":"Cours de l&rsquo;or : l&rsquo;envol\u00e9e se poursuit en juillet"}]},{"@type":"WebSite","@id":"https:\/\/www.gold.fr\/news\/#website","url":"https:\/\/www.gold.fr\/news\/","name":"Gold.fr","description":"Actualit\u00e9s de l&#039;Or et des m\u00e9taux pr\u00e9cieux","potentialAction":[{"@type":"SearchAction","target":{"@type":"EntryPoint","urlTemplate":"https:\/\/www.gold.fr\/news\/?s={search_term_string}"},"query-input":{"@type":"PropertyValueSpecification","valueRequired":true,"valueName":"search_term_string"}}],"inLanguage":"fr-FR"},{"@type":"Person","@id":"https:\/\/www.gold.fr\/news\/#\/schema\/person\/4ed91d9a70d8f3a313c26e8308214fc2","name":"Laurent Schwartz","image":{"@type":"ImageObject","inLanguage":"fr-FR","@id":"https:\/\/secure.gravatar.com\/avatar\/1496f846049365121827f5470219486f1a95f83957cc8ca0a9595e40c185f5ee?s=96&d=mm&r=g76f0e87c9ba82a161860a0fc16990d85","url":"https:\/\/secure.gravatar.com\/avatar\/1496f846049365121827f5470219486f1a95f83957cc8ca0a9595e40c185f5ee?s=96&d=mm&r=g","contentUrl":"https:\/\/secure.gravatar.com\/avatar\/1496f846049365121827f5470219486f1a95f83957cc8ca0a9595e40c185f5ee?s=96&d=mm&r=g","caption":"Laurent Schwartz"},"description":"Dipl\u00f4m\u00e9 de l\u2019EDHEC Business School en 2005, Laurent SCHWARTZ int\u00e8gre le cabinet d\u2019audit ERNST &amp; YOUNG en 2005 o\u00f9 il travaille pendant 4 ans. Parall\u00e8lement, il travaille au sein de l\u2019entreprise familiale cr\u00e9\u00e9e en 1976 \u00e0 Strasbourg. Fort de cette exp\u00e9rience et du savoir-faire d\u00e9velopp\u00e9 durant ces 40 derni\u00e8res ann\u00e9es, Laurent proc\u00e8de \u00e0 la refonte du site Internet Gold.fr d\u00e9di\u00e9 \u00e0 l\u2019achat d'or, vente d\u2019or (pi\u00e8ces, lingots, ...), achat or et argent,... qui conna\u00eetra un franc succ\u00e8s d\u00e8s son d\u00e9marrage en 2008. Il d\u00e9cide alors de d\u00e9velopper un r\u00e9seau de concessions exclusives: Le Comptoir National de l\u2019Or. Il assure d\u00e9sormais le pilotage strat\u00e9gique du 1er r\u00e9seau de France qui compte aujourd\u2019hui pas loin de 60 agences r\u00e9parties dans toute la France et depuis peu en Allemagne (Breisach). Le Comptoir National de l\u2019Or se positionne aujourd\u2019hui comme le leader incontournable sur le march\u00e9 de l\u2019Or et des m\u00e9taux pr\u00e9cieux en France.","sameAs":["https:\/\/www.gold.fr","https:\/\/www.linkedin.com\/in\/acheteror\/"]}]}},"authors":[{"term_id":2567,"user_id":6,"is_guest":0,"slug":"laurent","display_name":"Laurent Schwartz","avatar_url":"https:\/\/secure.gravatar.com\/avatar\/1496f846049365121827f5470219486f1a95f83957cc8ca0a9595e40c185f5ee?s=96&d=mm&r=g","0":null,"1":"","2":"","3":"","4":"","5":"","6":"","7":"","8":""}],"_links":{"self":[{"href":"https:\/\/www.gold.fr\/news\/wp-json\/wp\/v2\/posts\/35363","targetHints":{"allow":["GET"]}}],"collection":[{"href":"https:\/\/www.gold.fr\/news\/wp-json\/wp\/v2\/posts"}],"about":[{"href":"https:\/\/www.gold.fr\/news\/wp-json\/wp\/v2\/types\/post"}],"author":[{"embeddable":true,"href":"https:\/\/www.gold.fr\/news\/wp-json\/wp\/v2\/users\/6"}],"replies":[{"embeddable":true,"href":"https:\/\/www.gold.fr\/news\/wp-json\/wp\/v2\/comments?post=35363"}],"version-history":[{"count":0,"href":"https:\/\/www.gold.fr\/news\/wp-json\/wp\/v2\/posts\/35363\/revisions"}],"wp:featuredmedia":[{"embeddable":true,"href":"https:\/\/www.gold.fr\/news\/wp-json\/wp\/v2\/media\/35371"}],"wp:attachment":[{"href":"https:\/\/www.gold.fr\/news\/wp-json\/wp\/v2\/media?parent=35363"}],"wp:term":[{"taxonomy":"category","embeddable":true,"href":"https:\/\/www.gold.fr\/news\/wp-json\/wp\/v2\/categories?post=35363"},{"taxonomy":"post_tag","embeddable":true,"href":"https:\/\/www.gold.fr\/news\/wp-json\/wp\/v2\/tags?post=35363"},{"taxonomy":"author","embeddable":true,"href":"https:\/\/www.gold.fr\/news\/wp-json\/wp\/v2\/ppma_author?post=35363"}],"curies":[{"name":"wp","href":"https:\/\/api.w.org\/{rel}","templated":true}]}}