{"id":35329,"date":"2019-07-30T10:09:19","date_gmt":"2019-07-30T08:09:19","guid":{"rendered":"https:\/\/www.gold.fr\/news\/?p=35329"},"modified":"2021-01-11T14:09:58","modified_gmt":"2021-01-11T13:09:58","slug":"la-fin-du-central-bank-gold-agreement","status":"publish","type":"post","link":"https:\/\/www.gold.fr\/news\/2019\/07\/30\/la-fin-du-central-bank-gold-agreement\/","title":{"rendered":"La fin du Central Bank Gold Agreement"},"content":{"rendered":"<p style=\"text-align: center;\"><a href=\"https:\/\/www.gold.fr\/news\/wp-content\/uploads\/2019\/07\/iStock-1061353850.jpg\"><img loading=\"lazy\" decoding=\"async\" class=\"alignnone wp-image-35331\" src=\"https:\/\/www.gold.fr\/news\/wp-content\/uploads\/2019\/07\/iStock-1061353850-300x180.jpg\" alt=\"La fin du Central Bank Gold Agreement\" width=\"458\" height=\"275\" srcset=\"https:\/\/www.gold.fr\/news\/wp-content\/uploads\/2019\/07\/iStock-1061353850-300x180.jpg 300w, https:\/\/www.gold.fr\/news\/wp-content\/uploads\/2019\/07\/iStock-1061353850-768x461.jpg 768w, https:\/\/www.gold.fr\/news\/wp-content\/uploads\/2019\/07\/iStock-1061353850-1024x614.jpg 1024w, https:\/\/www.gold.fr\/news\/wp-content\/uploads\/2019\/07\/iStock-1061353850-2x1.jpg 2w\" sizes=\"auto, (max-width: 458px) 100vw, 458px\" \/><\/a><\/p>\n<p>  On l\u2019appelle l\u2019accord de Washington\u00a0: en 1999, les banques centrales des principaux pays d\u00e9tenteurs d\u2019or en Europe (y compris la Suisse), se sont mises d\u2019accord pour limiter collectivement leurs ventes d\u2019or \u00e0 400 tonnes par an. A l\u2019\u00e9poque, cela faisait suite \u00e0 l\u2019annonce de ventes importantes par le Royaume-Uni<sup> (1)<\/sup>, ventes qui risquaient de fortement d\u00e9stabiliser le march\u00e9.    Cet accord a \u00e9t\u00e9 renouvel\u00e9 3 fois et prolong\u00e9 jusqu\u2019en 2019. La question du renouvellement se posait donc. Dans un <a href=\"https:\/\/www.ecb.europa.eu\/press\/pr\/date\/2019\/html\/ecb.pr190726_1~3eaf64db9d.en.html\">communiqu\u00e9<\/a> (en anglais) publi\u00e9 il y a 2 jours, la banque centrale Europ\u00e9enne a annonc\u00e9 que l\u2019accord ne serait pas reconduit, tout simplement parce qu\u2019il ne sert plus \u00e0 rien. Pour s\u2019en convaincre, il suffit de regarder le graphique ci-dessous, r\u00e9alis\u00e9 par la BCE, qui illustre les ventes d\u2019or (en tonnes) par les banques centrales membres de l\u2019accord.    <a href=\"https:\/\/www.gold.fr\/news\/wp-content\/uploads\/2019\/07\/image-NF-30-7.png\"><img loading=\"lazy\" decoding=\"async\" class=\"aligncenter wp-image-35330\" src=\"https:\/\/www.gold.fr\/news\/wp-content\/uploads\/2019\/07\/image-NF-30-7-300x300.png\" alt=\"La fin du Central Bank Gold Agreement\" width=\"334\" height=\"334\" srcset=\"https:\/\/www.gold.fr\/news\/wp-content\/uploads\/2019\/07\/image-NF-30-7-300x300.png 300w, https:\/\/www.gold.fr\/news\/wp-content\/uploads\/2019\/07\/image-NF-30-7-298x298.png 298w, https:\/\/www.gold.fr\/news\/wp-content\/uploads\/2019\/07\/image-NF-30-7-80x80.png 80w, https:\/\/www.gold.fr\/news\/wp-content\/uploads\/2019\/07\/image-NF-30-7-1x1.png 1w, https:\/\/www.gold.fr\/news\/wp-content\/uploads\/2019\/07\/image-NF-30-7.png 566w\" sizes=\"auto, (max-width: 334px) 100vw, 334px\" \/><\/a>    Depuis 2015, les ventes sont pratiquement nulles et pour cause\u00a0: comme le rappelle le communiqu\u00e9\u00a0: \u00ab\u00a0D\u2019une mani\u00e8re g\u00e9n\u00e9rale, les banques centrales ainsi que d\u2019autres institutions officielles sont au contraire devenues des acheteurs nets sur le march\u00e9 de l\u2019or.\u00a0\u00bb    L\u2019abandon du Central Bank Gold Agreement, en plus de sa dimension symbolique, envoie donc un signal clair\u00a0: aucune vente de m\u00e9tal jaune n\u2019est \u00e0 attendre sur le court et moyen terme par les 21 signataires de l\u2019accord.    <a href=\"https:\/\/www.snb.ch\/fr\/mmr\/reference\/pre_20190726\/source\/pre_20190726.fr.pdf\">Lien vers le communiqu\u00e9 de la Banque Nationale Suisse (en Fran\u00e7ais)<\/a>    <em><sup>(1)<\/sup> pour l\u2019anecdote, le Royaume-Uni a effectivement vendu environ 400 tonnes d\u2019or entre 1999 et 2002, \u00e0 un cours moyen d\u2019environ\u2026 275 dollars.<\/em><\/p>\n<!-- AddThis Advanced Settings generic via filter on the_content --><!-- AddThis Share Buttons generic via filter on the_content -->","protected":false},"excerpt":{"rendered":"<p>On l\u2019appelle l\u2019accord de Washington\u00a0: en 1999, les banques centrales des principaux pays d\u00e9tenteurs d\u2019or en Europe (y compris la Suisse), se sont mises d\u2019accord pour limiter collectivement leurs ventes d\u2019or \u00e0 400 tonnes par an. [&hellip;]<\/p>\n","protected":false},"author":6,"featured_media":35331,"comment_status":"closed","ping_status":"closed","sticky":false,"template":"","format":"standard","meta":{"_mbp_gutenberg_autopost":false,"_pgmb_is_evergreen":false,"_pgmb_ap_template_id":0,"footnotes":""},"categories":[5],"tags":[1023],"ppma_author":[2567],"class_list":["post-35329","post","type-post","status-publish","format-standard","has-post-thumbnail","hentry","category-flash-infos","tag-banque-centrale"],"yoast_head":"<!-- This site is optimized with the Yoast SEO plugin v27.5 - https:\/\/yoast.com\/product\/yoast-seo-wordpress\/ -->\n<title>La fin du Central Bank Gold Agreement - Gold.fr<\/title>\n<meta name=\"description\" content=\"Toutes les derni\u00e8res informations sur la fin du Central Bank Gold Agreement. Suivez le cours de l&#039;or, de l&#039;argent et d&#039;autres m\u00e9taux pr\u00e9cieux en direct sur Gold.fr.\" \/>\n<meta name=\"robots\" content=\"index, follow, max-snippet:-1, max-image-preview:large, max-video-preview:-1\" \/>\n<link rel=\"canonical\" href=\"https:\/\/www.gold.fr\/news\/2019\/07\/30\/la-fin-du-central-bank-gold-agreement\/\" \/>\n<meta property=\"og:locale\" content=\"fr_FR\" \/>\n<meta property=\"og:type\" content=\"article\" \/>\n<meta property=\"og:title\" content=\"La fin du Central Bank Gold Agreement - Gold.fr\" \/>\n<meta property=\"og:description\" content=\"Toutes les derni\u00e8res informations sur la fin du Central Bank Gold Agreement. Suivez le cours de l&#039;or, de l&#039;argent et d&#039;autres m\u00e9taux pr\u00e9cieux en direct sur Gold.fr.\" \/>\n<meta property=\"og:url\" content=\"https:\/\/www.gold.fr\/news\/2019\/07\/30\/la-fin-du-central-bank-gold-agreement\/\" \/>\n<meta property=\"og:site_name\" content=\"Gold.fr\" \/>\n<meta property=\"article:publisher\" content=\"https:\/\/www.facebook.com\/Goldfr\/\" \/>\n<meta property=\"article:published_time\" content=\"2019-07-30T08:09:19+00:00\" \/>\n<meta property=\"article:modified_time\" content=\"2021-01-11T13:09:58+00:00\" \/>\n<meta property=\"og:image\" content=\"https:\/\/www.gold.fr\/news\/wp-content\/uploads\/2019\/07\/iStock-1061353850-1024x614.jpg\" \/>\n\t<meta property=\"og:image:width\" content=\"1024\" \/>\n\t<meta property=\"og:image:height\" content=\"614\" \/>\n\t<meta property=\"og:image:type\" content=\"image\/jpeg\" \/>\n<meta name=\"author\" content=\"Laurent Schwartz\" \/>\n<meta name=\"twitter:card\" content=\"summary_large_image\" \/>\n<meta name=\"twitter:label1\" content=\"\u00c9crit par\" \/>\n\t<meta name=\"twitter:data1\" content=\"Laurent Schwartz\" \/>\n\t<meta name=\"twitter:label2\" content=\"Dur\u00e9e de lecture estim\u00e9e\" \/>\n\t<meta name=\"twitter:data2\" content=\"1 minute\" \/>\n<script type=\"application\/ld+json\" class=\"yoast-schema-graph\">{\"@context\":\"https:\\\/\\\/schema.org\",\"@graph\":[{\"@type\":\"Article\",\"@id\":\"https:\\\/\\\/www.gold.fr\\\/news\\\/2019\\\/07\\\/30\\\/la-fin-du-central-bank-gold-agreement\\\/#article\",\"isPartOf\":{\"@id\":\"https:\\\/\\\/www.gold.fr\\\/news\\\/2019\\\/07\\\/30\\\/la-fin-du-central-bank-gold-agreement\\\/\"},\"author\":{\"name\":\"Laurent Schwartz\",\"@id\":\"https:\\\/\\\/www.gold.fr\\\/news\\\/#\\\/schema\\\/person\\\/4ed91d9a70d8f3a313c26e8308214fc2\"},\"headline\":\"La fin du Central Bank Gold Agreement\",\"datePublished\":\"2019-07-30T08:09:19+00:00\",\"dateModified\":\"2021-01-11T13:09:58+00:00\",\"mainEntityOfPage\":{\"@id\":\"https:\\\/\\\/www.gold.fr\\\/news\\\/2019\\\/07\\\/30\\\/la-fin-du-central-bank-gold-agreement\\\/\"},\"wordCount\":265,\"image\":{\"@id\":\"https:\\\/\\\/www.gold.fr\\\/news\\\/2019\\\/07\\\/30\\\/la-fin-du-central-bank-gold-agreement\\\/#primaryimage\"},\"thumbnailUrl\":\"https:\\\/\\\/www.gold.fr\\\/news\\\/wp-content\\\/uploads\\\/2019\\\/07\\\/iStock-1061353850.jpg\",\"keywords\":[\"Banque centrale\"],\"articleSection\":[\"Flash infos\"],\"inLanguage\":\"fr-FR\"},{\"@type\":\"WebPage\",\"@id\":\"https:\\\/\\\/www.gold.fr\\\/news\\\/2019\\\/07\\\/30\\\/la-fin-du-central-bank-gold-agreement\\\/\",\"url\":\"https:\\\/\\\/www.gold.fr\\\/news\\\/2019\\\/07\\\/30\\\/la-fin-du-central-bank-gold-agreement\\\/\",\"name\":\"La fin du Central Bank Gold Agreement - Gold.fr\",\"isPartOf\":{\"@id\":\"https:\\\/\\\/www.gold.fr\\\/news\\\/#website\"},\"primaryImageOfPage\":{\"@id\":\"https:\\\/\\\/www.gold.fr\\\/news\\\/2019\\\/07\\\/30\\\/la-fin-du-central-bank-gold-agreement\\\/#primaryimage\"},\"image\":{\"@id\":\"https:\\\/\\\/www.gold.fr\\\/news\\\/2019\\\/07\\\/30\\\/la-fin-du-central-bank-gold-agreement\\\/#primaryimage\"},\"thumbnailUrl\":\"https:\\\/\\\/www.gold.fr\\\/news\\\/wp-content\\\/uploads\\\/2019\\\/07\\\/iStock-1061353850.jpg\",\"datePublished\":\"2019-07-30T08:09:19+00:00\",\"dateModified\":\"2021-01-11T13:09:58+00:00\",\"author\":{\"@id\":\"https:\\\/\\\/www.gold.fr\\\/news\\\/#\\\/schema\\\/person\\\/4ed91d9a70d8f3a313c26e8308214fc2\"},\"description\":\"Toutes les derni\u00e8res informations sur la fin du Central Bank Gold Agreement. Suivez le cours de l'or, de l'argent et d'autres m\u00e9taux pr\u00e9cieux en direct sur Gold.fr.\",\"breadcrumb\":{\"@id\":\"https:\\\/\\\/www.gold.fr\\\/news\\\/2019\\\/07\\\/30\\\/la-fin-du-central-bank-gold-agreement\\\/#breadcrumb\"},\"inLanguage\":\"fr-FR\",\"potentialAction\":[{\"@type\":\"ReadAction\",\"target\":[\"https:\\\/\\\/www.gold.fr\\\/news\\\/2019\\\/07\\\/30\\\/la-fin-du-central-bank-gold-agreement\\\/\"]}]},{\"@type\":\"ImageObject\",\"inLanguage\":\"fr-FR\",\"@id\":\"https:\\\/\\\/www.gold.fr\\\/news\\\/2019\\\/07\\\/30\\\/la-fin-du-central-bank-gold-agreement\\\/#primaryimage\",\"url\":\"https:\\\/\\\/www.gold.fr\\\/news\\\/wp-content\\\/uploads\\\/2019\\\/07\\\/iStock-1061353850.jpg\",\"contentUrl\":\"https:\\\/\\\/www.gold.fr\\\/news\\\/wp-content\\\/uploads\\\/2019\\\/07\\\/iStock-1061353850.jpg\",\"width\":2236,\"height\":1341,\"caption\":\"La fin du Central Bank Gold Agreement\"},{\"@type\":\"BreadcrumbList\",\"@id\":\"https:\\\/\\\/www.gold.fr\\\/news\\\/2019\\\/07\\\/30\\\/la-fin-du-central-bank-gold-agreement\\\/#breadcrumb\",\"itemListElement\":[{\"@type\":\"ListItem\",\"position\":1,\"name\":\"Accueil\",\"item\":\"https:\\\/\\\/www.gold.fr\\\/\"},{\"@type\":\"ListItem\",\"position\":2,\"name\":\"Actualit\u00e9s\",\"item\":\"https:\\\/\\\/www.gold.fr\\\/news\\\/\"},{\"@type\":\"ListItem\",\"position\":3,\"name\":\"La fin du Central Bank Gold Agreement\"}]},{\"@type\":\"WebSite\",\"@id\":\"https:\\\/\\\/www.gold.fr\\\/news\\\/#website\",\"url\":\"https:\\\/\\\/www.gold.fr\\\/news\\\/\",\"name\":\"Gold.fr\",\"description\":\"Actualit\u00e9s de l&#039;Or et des m\u00e9taux pr\u00e9cieux\",\"potentialAction\":[{\"@type\":\"SearchAction\",\"target\":{\"@type\":\"EntryPoint\",\"urlTemplate\":\"https:\\\/\\\/www.gold.fr\\\/news\\\/?s={search_term_string}\"},\"query-input\":{\"@type\":\"PropertyValueSpecification\",\"valueRequired\":true,\"valueName\":\"search_term_string\"}}],\"inLanguage\":\"fr-FR\"},{\"@type\":\"Person\",\"@id\":\"https:\\\/\\\/www.gold.fr\\\/news\\\/#\\\/schema\\\/person\\\/4ed91d9a70d8f3a313c26e8308214fc2\",\"name\":\"Laurent Schwartz\",\"image\":{\"@type\":\"ImageObject\",\"inLanguage\":\"fr-FR\",\"@id\":\"https:\\\/\\\/secure.gravatar.com\\\/avatar\\\/1496f846049365121827f5470219486f1a95f83957cc8ca0a9595e40c185f5ee?s=96&d=mm&r=g76f0e87c9ba82a161860a0fc16990d85\",\"url\":\"https:\\\/\\\/secure.gravatar.com\\\/avatar\\\/1496f846049365121827f5470219486f1a95f83957cc8ca0a9595e40c185f5ee?s=96&d=mm&r=g\",\"contentUrl\":\"https:\\\/\\\/secure.gravatar.com\\\/avatar\\\/1496f846049365121827f5470219486f1a95f83957cc8ca0a9595e40c185f5ee?s=96&d=mm&r=g\",\"caption\":\"Laurent Schwartz\"},\"description\":\"Dipl\u00f4m\u00e9 de l\u2019EDHEC Business School en 2005, Laurent SCHWARTZ int\u00e8gre le cabinet d\u2019audit ERNST &amp; YOUNG en 2005 o\u00f9 il travaille pendant 4 ans. Parall\u00e8lement, il travaille au sein de l\u2019entreprise familiale cr\u00e9\u00e9e en 1976 \u00e0 Strasbourg. Fort de cette exp\u00e9rience et du savoir-faire d\u00e9velopp\u00e9 durant ces 40 derni\u00e8res ann\u00e9es, Laurent proc\u00e8de \u00e0 la refonte du site Internet Gold.fr d\u00e9di\u00e9 \u00e0 l\u2019achat d'or, vente d\u2019or (pi\u00e8ces, lingots, ...), achat or et argent,... qui conna\u00eetra un franc succ\u00e8s d\u00e8s son d\u00e9marrage en 2008. Il d\u00e9cide alors de d\u00e9velopper un r\u00e9seau de concessions exclusives: Le Comptoir National de l\u2019Or. Il assure d\u00e9sormais le pilotage strat\u00e9gique du 1er r\u00e9seau de France qui compte aujourd\u2019hui pas loin de 60 agences r\u00e9parties dans toute la France et depuis peu en Allemagne (Breisach). Le Comptoir National de l\u2019Or se positionne aujourd\u2019hui comme le leader incontournable sur le march\u00e9 de l\u2019Or et des m\u00e9taux pr\u00e9cieux en France.\",\"sameAs\":[\"https:\\\/\\\/www.gold.fr\",\"https:\\\/\\\/www.linkedin.com\\\/in\\\/acheteror\\\/\"]}]}<\/script>\n<!-- \/ Yoast SEO plugin. -->","yoast_head_json":{"title":"La fin du Central Bank Gold Agreement - Gold.fr","description":"Toutes les derni\u00e8res informations sur la fin du Central Bank Gold Agreement. Suivez le cours de l'or, de l'argent et d'autres m\u00e9taux pr\u00e9cieux en direct sur Gold.fr.","robots":{"index":"index","follow":"follow","max-snippet":"max-snippet:-1","max-image-preview":"max-image-preview:large","max-video-preview":"max-video-preview:-1"},"canonical":"https:\/\/www.gold.fr\/news\/2019\/07\/30\/la-fin-du-central-bank-gold-agreement\/","og_locale":"fr_FR","og_type":"article","og_title":"La fin du Central Bank Gold Agreement - Gold.fr","og_description":"Toutes les derni\u00e8res informations sur la fin du Central Bank Gold Agreement. Suivez le cours de l'or, de l'argent et d'autres m\u00e9taux pr\u00e9cieux en direct sur Gold.fr.","og_url":"https:\/\/www.gold.fr\/news\/2019\/07\/30\/la-fin-du-central-bank-gold-agreement\/","og_site_name":"Gold.fr","article_publisher":"https:\/\/www.facebook.com\/Goldfr\/","article_published_time":"2019-07-30T08:09:19+00:00","article_modified_time":"2021-01-11T13:09:58+00:00","og_image":[{"width":1024,"height":614,"url":"https:\/\/www.gold.fr\/news\/wp-content\/uploads\/2019\/07\/iStock-1061353850-1024x614.jpg","type":"image\/jpeg"}],"author":"Laurent Schwartz","twitter_card":"summary_large_image","twitter_misc":{"\u00c9crit par":"Laurent Schwartz","Dur\u00e9e de lecture estim\u00e9e":"1 minute"},"schema":{"@context":"https:\/\/schema.org","@graph":[{"@type":"Article","@id":"https:\/\/www.gold.fr\/news\/2019\/07\/30\/la-fin-du-central-bank-gold-agreement\/#article","isPartOf":{"@id":"https:\/\/www.gold.fr\/news\/2019\/07\/30\/la-fin-du-central-bank-gold-agreement\/"},"author":{"name":"Laurent Schwartz","@id":"https:\/\/www.gold.fr\/news\/#\/schema\/person\/4ed91d9a70d8f3a313c26e8308214fc2"},"headline":"La fin du Central Bank Gold Agreement","datePublished":"2019-07-30T08:09:19+00:00","dateModified":"2021-01-11T13:09:58+00:00","mainEntityOfPage":{"@id":"https:\/\/www.gold.fr\/news\/2019\/07\/30\/la-fin-du-central-bank-gold-agreement\/"},"wordCount":265,"image":{"@id":"https:\/\/www.gold.fr\/news\/2019\/07\/30\/la-fin-du-central-bank-gold-agreement\/#primaryimage"},"thumbnailUrl":"https:\/\/www.gold.fr\/news\/wp-content\/uploads\/2019\/07\/iStock-1061353850.jpg","keywords":["Banque centrale"],"articleSection":["Flash infos"],"inLanguage":"fr-FR"},{"@type":"WebPage","@id":"https:\/\/www.gold.fr\/news\/2019\/07\/30\/la-fin-du-central-bank-gold-agreement\/","url":"https:\/\/www.gold.fr\/news\/2019\/07\/30\/la-fin-du-central-bank-gold-agreement\/","name":"La fin du Central Bank Gold Agreement - Gold.fr","isPartOf":{"@id":"https:\/\/www.gold.fr\/news\/#website"},"primaryImageOfPage":{"@id":"https:\/\/www.gold.fr\/news\/2019\/07\/30\/la-fin-du-central-bank-gold-agreement\/#primaryimage"},"image":{"@id":"https:\/\/www.gold.fr\/news\/2019\/07\/30\/la-fin-du-central-bank-gold-agreement\/#primaryimage"},"thumbnailUrl":"https:\/\/www.gold.fr\/news\/wp-content\/uploads\/2019\/07\/iStock-1061353850.jpg","datePublished":"2019-07-30T08:09:19+00:00","dateModified":"2021-01-11T13:09:58+00:00","author":{"@id":"https:\/\/www.gold.fr\/news\/#\/schema\/person\/4ed91d9a70d8f3a313c26e8308214fc2"},"description":"Toutes les derni\u00e8res informations sur la fin du Central Bank Gold Agreement. Suivez le cours de l'or, de l'argent et d'autres m\u00e9taux pr\u00e9cieux en direct sur Gold.fr.","breadcrumb":{"@id":"https:\/\/www.gold.fr\/news\/2019\/07\/30\/la-fin-du-central-bank-gold-agreement\/#breadcrumb"},"inLanguage":"fr-FR","potentialAction":[{"@type":"ReadAction","target":["https:\/\/www.gold.fr\/news\/2019\/07\/30\/la-fin-du-central-bank-gold-agreement\/"]}]},{"@type":"ImageObject","inLanguage":"fr-FR","@id":"https:\/\/www.gold.fr\/news\/2019\/07\/30\/la-fin-du-central-bank-gold-agreement\/#primaryimage","url":"https:\/\/www.gold.fr\/news\/wp-content\/uploads\/2019\/07\/iStock-1061353850.jpg","contentUrl":"https:\/\/www.gold.fr\/news\/wp-content\/uploads\/2019\/07\/iStock-1061353850.jpg","width":2236,"height":1341,"caption":"La fin du Central Bank Gold Agreement"},{"@type":"BreadcrumbList","@id":"https:\/\/www.gold.fr\/news\/2019\/07\/30\/la-fin-du-central-bank-gold-agreement\/#breadcrumb","itemListElement":[{"@type":"ListItem","position":1,"name":"Accueil","item":"https:\/\/www.gold.fr\/"},{"@type":"ListItem","position":2,"name":"Actualit\u00e9s","item":"https:\/\/www.gold.fr\/news\/"},{"@type":"ListItem","position":3,"name":"La fin du Central Bank Gold Agreement"}]},{"@type":"WebSite","@id":"https:\/\/www.gold.fr\/news\/#website","url":"https:\/\/www.gold.fr\/news\/","name":"Gold.fr","description":"Actualit\u00e9s de l&#039;Or et des m\u00e9taux pr\u00e9cieux","potentialAction":[{"@type":"SearchAction","target":{"@type":"EntryPoint","urlTemplate":"https:\/\/www.gold.fr\/news\/?s={search_term_string}"},"query-input":{"@type":"PropertyValueSpecification","valueRequired":true,"valueName":"search_term_string"}}],"inLanguage":"fr-FR"},{"@type":"Person","@id":"https:\/\/www.gold.fr\/news\/#\/schema\/person\/4ed91d9a70d8f3a313c26e8308214fc2","name":"Laurent Schwartz","image":{"@type":"ImageObject","inLanguage":"fr-FR","@id":"https:\/\/secure.gravatar.com\/avatar\/1496f846049365121827f5470219486f1a95f83957cc8ca0a9595e40c185f5ee?s=96&d=mm&r=g76f0e87c9ba82a161860a0fc16990d85","url":"https:\/\/secure.gravatar.com\/avatar\/1496f846049365121827f5470219486f1a95f83957cc8ca0a9595e40c185f5ee?s=96&d=mm&r=g","contentUrl":"https:\/\/secure.gravatar.com\/avatar\/1496f846049365121827f5470219486f1a95f83957cc8ca0a9595e40c185f5ee?s=96&d=mm&r=g","caption":"Laurent Schwartz"},"description":"Dipl\u00f4m\u00e9 de l\u2019EDHEC Business School en 2005, Laurent SCHWARTZ int\u00e8gre le cabinet d\u2019audit ERNST &amp; YOUNG en 2005 o\u00f9 il travaille pendant 4 ans. Parall\u00e8lement, il travaille au sein de l\u2019entreprise familiale cr\u00e9\u00e9e en 1976 \u00e0 Strasbourg. Fort de cette exp\u00e9rience et du savoir-faire d\u00e9velopp\u00e9 durant ces 40 derni\u00e8res ann\u00e9es, Laurent proc\u00e8de \u00e0 la refonte du site Internet Gold.fr d\u00e9di\u00e9 \u00e0 l\u2019achat d'or, vente d\u2019or (pi\u00e8ces, lingots, ...), achat or et argent,... qui conna\u00eetra un franc succ\u00e8s d\u00e8s son d\u00e9marrage en 2008. Il d\u00e9cide alors de d\u00e9velopper un r\u00e9seau de concessions exclusives: Le Comptoir National de l\u2019Or. Il assure d\u00e9sormais le pilotage strat\u00e9gique du 1er r\u00e9seau de France qui compte aujourd\u2019hui pas loin de 60 agences r\u00e9parties dans toute la France et depuis peu en Allemagne (Breisach). Le Comptoir National de l\u2019Or se positionne aujourd\u2019hui comme le leader incontournable sur le march\u00e9 de l\u2019Or et des m\u00e9taux pr\u00e9cieux en France.","sameAs":["https:\/\/www.gold.fr","https:\/\/www.linkedin.com\/in\/acheteror\/"]}]}},"authors":[{"term_id":2567,"user_id":6,"is_guest":0,"slug":"laurent","display_name":"Laurent Schwartz","avatar_url":"https:\/\/secure.gravatar.com\/avatar\/1496f846049365121827f5470219486f1a95f83957cc8ca0a9595e40c185f5ee?s=96&d=mm&r=g","0":null,"1":"","2":"","3":"","4":"","5":"","6":"","7":"","8":""}],"_links":{"self":[{"href":"https:\/\/www.gold.fr\/news\/wp-json\/wp\/v2\/posts\/35329","targetHints":{"allow":["GET"]}}],"collection":[{"href":"https:\/\/www.gold.fr\/news\/wp-json\/wp\/v2\/posts"}],"about":[{"href":"https:\/\/www.gold.fr\/news\/wp-json\/wp\/v2\/types\/post"}],"author":[{"embeddable":true,"href":"https:\/\/www.gold.fr\/news\/wp-json\/wp\/v2\/users\/6"}],"replies":[{"embeddable":true,"href":"https:\/\/www.gold.fr\/news\/wp-json\/wp\/v2\/comments?post=35329"}],"version-history":[{"count":0,"href":"https:\/\/www.gold.fr\/news\/wp-json\/wp\/v2\/posts\/35329\/revisions"}],"wp:featuredmedia":[{"embeddable":true,"href":"https:\/\/www.gold.fr\/news\/wp-json\/wp\/v2\/media\/35331"}],"wp:attachment":[{"href":"https:\/\/www.gold.fr\/news\/wp-json\/wp\/v2\/media?parent=35329"}],"wp:term":[{"taxonomy":"category","embeddable":true,"href":"https:\/\/www.gold.fr\/news\/wp-json\/wp\/v2\/categories?post=35329"},{"taxonomy":"post_tag","embeddable":true,"href":"https:\/\/www.gold.fr\/news\/wp-json\/wp\/v2\/tags?post=35329"},{"taxonomy":"author","embeddable":true,"href":"https:\/\/www.gold.fr\/news\/wp-json\/wp\/v2\/ppma_author?post=35329"}],"curies":[{"name":"wp","href":"https:\/\/api.w.org\/{rel}","templated":true}]}}