{"id":35248,"date":"2019-07-11T11:45:49","date_gmt":"2019-07-11T09:45:49","guid":{"rendered":"https:\/\/www.gold.fr\/news\/?p=35248"},"modified":"2021-01-11T14:12:12","modified_gmt":"2021-01-11T13:12:12","slug":"le-comptoir-national-de-lor-repris-sur-le-site-de-challenges-fr-le-11-07-2019","status":"publish","type":"post","link":"https:\/\/www.gold.fr\/news\/2019\/07\/11\/le-comptoir-national-de-lor-repris-sur-le-site-de-challenges-fr-le-11-07-2019\/","title":{"rendered":"Le Comptoir National de l\u2019Or repris sur le site de challenges.fr le 11\/07\/2019"},"content":{"rendered":"<p><a href=\"https:\/\/www.gold.fr\/news\/wp-content\/uploads\/2019\/07\/Capture-d\u2019e\u0301cran-2019-07-11-a\u0300-11.44.47.png\"><img loading=\"lazy\" decoding=\"async\" class=\"alignnone size-medium wp-image-35249\" src=\"https:\/\/www.gold.fr\/news\/wp-content\/uploads\/2019\/07\/Capture-d\u2019e\u0301cran-2019-07-11-a\u0300-11.44.47-300x94.png\" alt=\"Mont\u00e9e des cours de l'or: faut-il vendre, acheter, ou conserver ses lingots?\" width=\"300\" height=\"94\" srcset=\"https:\/\/www.gold.fr\/news\/wp-content\/uploads\/2019\/07\/Capture-d\u2019e\u0301cran-2019-07-11-a\u0300-11.44.47-300x94.png 300w, https:\/\/www.gold.fr\/news\/wp-content\/uploads\/2019\/07\/Capture-d\u2019e\u0301cran-2019-07-11-a\u0300-11.44.47-298x93.png 298w, https:\/\/www.gold.fr\/news\/wp-content\/uploads\/2019\/07\/Capture-d\u2019e\u0301cran-2019-07-11-a\u0300-11.44.47-3x1.png 3w, https:\/\/www.gold.fr\/news\/wp-content\/uploads\/2019\/07\/Capture-d\u2019e\u0301cran-2019-07-11-a\u0300-11.44.47.png 590w\" sizes=\"auto, (max-width: 300px) 100vw, 300px\" \/><\/a> \u00a0 <strong><em>Le Comptoir National de l\u2019Or a \u00e9t\u00e9 mentionn\u00e9 suite \u00e0 une intervention du directeur Laurent Schwartz.\u00a0<\/em><\/strong> <em>\u00ab\u00a0Dans ce contexte, l\u2019or, valeur refuge par excellence, a de solides arguments pour s\u00e9duire les investisseurs frileux. Le timing est id\u00e9al: le cours du m\u00e9tal a fortement grimp\u00e9 ces derni\u00e8res semaines. D\u00e9but juillet, l\u2019once se stabilisait autour de 1.400 dollars. Un seuil in\u00e9dit depuis 2013. Un mois plus t\u00f4t, le <a title=\"cours de l'or\" href=\"https:\/\/www.gold.fr\/cours-or-prix-de-l-or\/\">cours de l&rsquo;or<\/a> stagnait en-dessous des 1.300 dollars. Une telle fluctuation est rare pour le m\u00e9tal pr\u00e9cieux.\u00a0\u00bb<\/em> \u00a0 Pour lire la suite,\u00a0<a href=\"https:\/\/www.challenges.fr\/patrimoine\/placements\/montee-des-cours-de-l-or-faut-il-vendre-acheter-ou-conserver-ses-lingots_663342\"><strong>cliquez ici<\/strong>.<\/a><\/p>\n<!-- AddThis Advanced Settings generic via filter on the_content --><!-- AddThis Share Buttons generic via filter on the_content -->","protected":false},"excerpt":{"rendered":"<p>\u00a0 Le Comptoir National de l\u2019Or a \u00e9t\u00e9 mentionn\u00e9 suite \u00e0 une intervention du directeur Laurent Schwartz.\u00a0 \u00ab\u00a0Dans ce contexte, l\u2019or, valeur refuge par excellence, a de solides arguments pour s\u00e9duire les investisseurs frileux. Le timing [&hellip;]<\/p>\n","protected":false},"author":6,"featured_media":35249,"comment_status":"closed","ping_status":"closed","sticky":false,"template":"","format":"standard","meta":{"_mbp_gutenberg_autopost":false,"_pgmb_is_evergreen":false,"_pgmb_ap_template_id":0,"footnotes":""},"categories":[4,6,5,1],"tags":[115,76],"ppma_author":[2567],"class_list":["post-35248","post","type-post","status-publish","format-standard","has-post-thumbnail","hentry","category-analyses-economiques","category-articles-de-presse","category-flash-infos","category-non-classe","tag-comptoir-national-de-lor","tag-or"],"yoast_head":"<!-- This site is optimized with the Yoast SEO plugin v27.5 - https:\/\/yoast.com\/product\/yoast-seo-wordpress\/ -->\n<title>Le Comptoir National de l\u2019Or repris sur le site de challenges.fr le 11\/07\/2019 - Gold.fr<\/title>\n<meta name=\"description\" content=\"Mont\u00e9e des cours de l\u2019or: faut-il vendre, acheter, ou conserver ses lingots ? l\u2019or, valeur refuge a de solides arguments pour s\u00e9duire\" \/>\n<meta name=\"robots\" content=\"index, follow, max-snippet:-1, max-image-preview:large, max-video-preview:-1\" \/>\n<link rel=\"canonical\" href=\"https:\/\/www.gold.fr\/news\/2019\/07\/11\/le-comptoir-national-de-lor-repris-sur-le-site-de-challenges-fr-le-11-07-2019\/\" \/>\n<meta property=\"og:locale\" content=\"fr_FR\" \/>\n<meta property=\"og:type\" content=\"article\" \/>\n<meta property=\"og:title\" content=\"Le Comptoir National de l\u2019Or repris sur le site de challenges.fr le 11\/07\/2019 - Gold.fr\" \/>\n<meta property=\"og:description\" content=\"Mont\u00e9e des cours de l\u2019or: faut-il vendre, acheter, ou conserver ses lingots ? l\u2019or, valeur refuge a de solides arguments pour s\u00e9duire\" \/>\n<meta property=\"og:url\" content=\"https:\/\/www.gold.fr\/news\/2019\/07\/11\/le-comptoir-national-de-lor-repris-sur-le-site-de-challenges-fr-le-11-07-2019\/\" \/>\n<meta property=\"og:site_name\" content=\"Gold.fr\" \/>\n<meta property=\"article:publisher\" content=\"https:\/\/www.facebook.com\/Goldfr\/\" \/>\n<meta property=\"article:published_time\" content=\"2019-07-11T09:45:49+00:00\" \/>\n<meta property=\"article:modified_time\" content=\"2021-01-11T13:12:12+00:00\" \/>\n<meta property=\"og:image\" content=\"https:\/\/www.gold.fr\/news\/wp-content\/uploads\/2019\/07\/Capture-d\u2019e\u0301cran-2019-07-11-a\u0300-11.44.47.png\" \/>\n\t<meta property=\"og:image:width\" content=\"590\" \/>\n\t<meta property=\"og:image:height\" content=\"184\" \/>\n\t<meta property=\"og:image:type\" content=\"image\/png\" \/>\n<meta name=\"author\" content=\"Laurent Schwartz\" \/>\n<meta name=\"twitter:card\" content=\"summary_large_image\" \/>\n<meta name=\"twitter:label1\" content=\"\u00c9crit par\" \/>\n\t<meta name=\"twitter:data1\" content=\"Laurent Schwartz\" \/>\n<script type=\"application\/ld+json\" class=\"yoast-schema-graph\">{\"@context\":\"https:\\\/\\\/schema.org\",\"@graph\":[{\"@type\":\"Article\",\"@id\":\"https:\\\/\\\/www.gold.fr\\\/news\\\/2019\\\/07\\\/11\\\/le-comptoir-national-de-lor-repris-sur-le-site-de-challenges-fr-le-11-07-2019\\\/#article\",\"isPartOf\":{\"@id\":\"https:\\\/\\\/www.gold.fr\\\/news\\\/2019\\\/07\\\/11\\\/le-comptoir-national-de-lor-repris-sur-le-site-de-challenges-fr-le-11-07-2019\\\/\"},\"author\":{\"name\":\"Laurent Schwartz\",\"@id\":\"https:\\\/\\\/www.gold.fr\\\/news\\\/#\\\/schema\\\/person\\\/4ed91d9a70d8f3a313c26e8308214fc2\"},\"headline\":\"Le Comptoir National de l\u2019Or repris sur le site de challenges.fr le 11\\\/07\\\/2019\",\"datePublished\":\"2019-07-11T09:45:49+00:00\",\"dateModified\":\"2021-01-11T13:12:12+00:00\",\"mainEntityOfPage\":{\"@id\":\"https:\\\/\\\/www.gold.fr\\\/news\\\/2019\\\/07\\\/11\\\/le-comptoir-national-de-lor-repris-sur-le-site-de-challenges-fr-le-11-07-2019\\\/\"},\"wordCount\":112,\"image\":{\"@id\":\"https:\\\/\\\/www.gold.fr\\\/news\\\/2019\\\/07\\\/11\\\/le-comptoir-national-de-lor-repris-sur-le-site-de-challenges-fr-le-11-07-2019\\\/#primaryimage\"},\"thumbnailUrl\":\"https:\\\/\\\/www.gold.fr\\\/news\\\/wp-content\\\/uploads\\\/2019\\\/07\\\/Capture-d\u2019e\u0301cran-2019-07-11-a\u0300-11.44.47.png\",\"keywords\":[\"Comptoir National de l'Or\",\"Or\"],\"articleSection\":[\"Analyses Economiques\",\"Articles de presse\",\"Flash infos\"],\"inLanguage\":\"fr-FR\"},{\"@type\":\"WebPage\",\"@id\":\"https:\\\/\\\/www.gold.fr\\\/news\\\/2019\\\/07\\\/11\\\/le-comptoir-national-de-lor-repris-sur-le-site-de-challenges-fr-le-11-07-2019\\\/\",\"url\":\"https:\\\/\\\/www.gold.fr\\\/news\\\/2019\\\/07\\\/11\\\/le-comptoir-national-de-lor-repris-sur-le-site-de-challenges-fr-le-11-07-2019\\\/\",\"name\":\"Le Comptoir National de l\u2019Or repris sur le site de challenges.fr le 11\\\/07\\\/2019 - Gold.fr\",\"isPartOf\":{\"@id\":\"https:\\\/\\\/www.gold.fr\\\/news\\\/#website\"},\"primaryImageOfPage\":{\"@id\":\"https:\\\/\\\/www.gold.fr\\\/news\\\/2019\\\/07\\\/11\\\/le-comptoir-national-de-lor-repris-sur-le-site-de-challenges-fr-le-11-07-2019\\\/#primaryimage\"},\"image\":{\"@id\":\"https:\\\/\\\/www.gold.fr\\\/news\\\/2019\\\/07\\\/11\\\/le-comptoir-national-de-lor-repris-sur-le-site-de-challenges-fr-le-11-07-2019\\\/#primaryimage\"},\"thumbnailUrl\":\"https:\\\/\\\/www.gold.fr\\\/news\\\/wp-content\\\/uploads\\\/2019\\\/07\\\/Capture-d\u2019e\u0301cran-2019-07-11-a\u0300-11.44.47.png\",\"datePublished\":\"2019-07-11T09:45:49+00:00\",\"dateModified\":\"2021-01-11T13:12:12+00:00\",\"author\":{\"@id\":\"https:\\\/\\\/www.gold.fr\\\/news\\\/#\\\/schema\\\/person\\\/4ed91d9a70d8f3a313c26e8308214fc2\"},\"description\":\"Mont\u00e9e des cours de l\u2019or: faut-il vendre, acheter, ou conserver ses lingots ? l\u2019or, valeur refuge a de solides arguments pour s\u00e9duire\",\"breadcrumb\":{\"@id\":\"https:\\\/\\\/www.gold.fr\\\/news\\\/2019\\\/07\\\/11\\\/le-comptoir-national-de-lor-repris-sur-le-site-de-challenges-fr-le-11-07-2019\\\/#breadcrumb\"},\"inLanguage\":\"fr-FR\",\"potentialAction\":[{\"@type\":\"ReadAction\",\"target\":[\"https:\\\/\\\/www.gold.fr\\\/news\\\/2019\\\/07\\\/11\\\/le-comptoir-national-de-lor-repris-sur-le-site-de-challenges-fr-le-11-07-2019\\\/\"]}]},{\"@type\":\"ImageObject\",\"inLanguage\":\"fr-FR\",\"@id\":\"https:\\\/\\\/www.gold.fr\\\/news\\\/2019\\\/07\\\/11\\\/le-comptoir-national-de-lor-repris-sur-le-site-de-challenges-fr-le-11-07-2019\\\/#primaryimage\",\"url\":\"https:\\\/\\\/www.gold.fr\\\/news\\\/wp-content\\\/uploads\\\/2019\\\/07\\\/Capture-d\u2019e\u0301cran-2019-07-11-a\u0300-11.44.47.png\",\"contentUrl\":\"https:\\\/\\\/www.gold.fr\\\/news\\\/wp-content\\\/uploads\\\/2019\\\/07\\\/Capture-d\u2019e\u0301cran-2019-07-11-a\u0300-11.44.47.png\",\"width\":590,\"height\":184,\"caption\":\"Mont\u00e9e des cours de l'or: faut-il vendre, acheter, ou conserver ses lingots?\"},{\"@type\":\"BreadcrumbList\",\"@id\":\"https:\\\/\\\/www.gold.fr\\\/news\\\/2019\\\/07\\\/11\\\/le-comptoir-national-de-lor-repris-sur-le-site-de-challenges-fr-le-11-07-2019\\\/#breadcrumb\",\"itemListElement\":[{\"@type\":\"ListItem\",\"position\":1,\"name\":\"Accueil\",\"item\":\"https:\\\/\\\/www.gold.fr\\\/\"},{\"@type\":\"ListItem\",\"position\":2,\"name\":\"Actualit\u00e9s\",\"item\":\"https:\\\/\\\/www.gold.fr\\\/news\\\/\"},{\"@type\":\"ListItem\",\"position\":3,\"name\":\"Le Comptoir National de l\u2019Or repris sur le site de challenges.fr le 11\\\/07\\\/2019\"}]},{\"@type\":\"WebSite\",\"@id\":\"https:\\\/\\\/www.gold.fr\\\/news\\\/#website\",\"url\":\"https:\\\/\\\/www.gold.fr\\\/news\\\/\",\"name\":\"Gold.fr\",\"description\":\"Actualit\u00e9s de l&#039;Or et des m\u00e9taux pr\u00e9cieux\",\"potentialAction\":[{\"@type\":\"SearchAction\",\"target\":{\"@type\":\"EntryPoint\",\"urlTemplate\":\"https:\\\/\\\/www.gold.fr\\\/news\\\/?s={search_term_string}\"},\"query-input\":{\"@type\":\"PropertyValueSpecification\",\"valueRequired\":true,\"valueName\":\"search_term_string\"}}],\"inLanguage\":\"fr-FR\"},{\"@type\":\"Person\",\"@id\":\"https:\\\/\\\/www.gold.fr\\\/news\\\/#\\\/schema\\\/person\\\/4ed91d9a70d8f3a313c26e8308214fc2\",\"name\":\"Laurent Schwartz\",\"image\":{\"@type\":\"ImageObject\",\"inLanguage\":\"fr-FR\",\"@id\":\"https:\\\/\\\/secure.gravatar.com\\\/avatar\\\/1496f846049365121827f5470219486f1a95f83957cc8ca0a9595e40c185f5ee?s=96&d=mm&r=g76f0e87c9ba82a161860a0fc16990d85\",\"url\":\"https:\\\/\\\/secure.gravatar.com\\\/avatar\\\/1496f846049365121827f5470219486f1a95f83957cc8ca0a9595e40c185f5ee?s=96&d=mm&r=g\",\"contentUrl\":\"https:\\\/\\\/secure.gravatar.com\\\/avatar\\\/1496f846049365121827f5470219486f1a95f83957cc8ca0a9595e40c185f5ee?s=96&d=mm&r=g\",\"caption\":\"Laurent Schwartz\"},\"description\":\"Dipl\u00f4m\u00e9 de l\u2019EDHEC Business School en 2005, Laurent SCHWARTZ int\u00e8gre le cabinet d\u2019audit ERNST &amp; YOUNG en 2005 o\u00f9 il travaille pendant 4 ans. Parall\u00e8lement, il travaille au sein de l\u2019entreprise familiale cr\u00e9\u00e9e en 1976 \u00e0 Strasbourg. Fort de cette exp\u00e9rience et du savoir-faire d\u00e9velopp\u00e9 durant ces 40 derni\u00e8res ann\u00e9es, Laurent proc\u00e8de \u00e0 la refonte du site Internet Gold.fr d\u00e9di\u00e9 \u00e0 l\u2019achat d'or, vente d\u2019or (pi\u00e8ces, lingots, ...), achat or et argent,... qui conna\u00eetra un franc succ\u00e8s d\u00e8s son d\u00e9marrage en 2008. Il d\u00e9cide alors de d\u00e9velopper un r\u00e9seau de concessions exclusives: Le Comptoir National de l\u2019Or. Il assure d\u00e9sormais le pilotage strat\u00e9gique du 1er r\u00e9seau de France qui compte aujourd\u2019hui pas loin de 60 agences r\u00e9parties dans toute la France et depuis peu en Allemagne (Breisach). Le Comptoir National de l\u2019Or se positionne aujourd\u2019hui comme le leader incontournable sur le march\u00e9 de l\u2019Or et des m\u00e9taux pr\u00e9cieux en France.\",\"sameAs\":[\"https:\\\/\\\/www.gold.fr\",\"https:\\\/\\\/www.linkedin.com\\\/in\\\/acheteror\\\/\"]}]}<\/script>\n<!-- \/ Yoast SEO plugin. -->","yoast_head_json":{"title":"Le Comptoir National de l\u2019Or repris sur le site de challenges.fr le 11\/07\/2019 - Gold.fr","description":"Mont\u00e9e des cours de l\u2019or: faut-il vendre, acheter, ou conserver ses lingots ? l\u2019or, valeur refuge a de solides arguments pour s\u00e9duire","robots":{"index":"index","follow":"follow","max-snippet":"max-snippet:-1","max-image-preview":"max-image-preview:large","max-video-preview":"max-video-preview:-1"},"canonical":"https:\/\/www.gold.fr\/news\/2019\/07\/11\/le-comptoir-national-de-lor-repris-sur-le-site-de-challenges-fr-le-11-07-2019\/","og_locale":"fr_FR","og_type":"article","og_title":"Le Comptoir National de l\u2019Or repris sur le site de challenges.fr le 11\/07\/2019 - Gold.fr","og_description":"Mont\u00e9e des cours de l\u2019or: faut-il vendre, acheter, ou conserver ses lingots ? l\u2019or, valeur refuge a de solides arguments pour s\u00e9duire","og_url":"https:\/\/www.gold.fr\/news\/2019\/07\/11\/le-comptoir-national-de-lor-repris-sur-le-site-de-challenges-fr-le-11-07-2019\/","og_site_name":"Gold.fr","article_publisher":"https:\/\/www.facebook.com\/Goldfr\/","article_published_time":"2019-07-11T09:45:49+00:00","article_modified_time":"2021-01-11T13:12:12+00:00","og_image":[{"width":590,"height":184,"url":"https:\/\/www.gold.fr\/news\/wp-content\/uploads\/2019\/07\/Capture-d\u2019e\u0301cran-2019-07-11-a\u0300-11.44.47.png","type":"image\/png"}],"author":"Laurent Schwartz","twitter_card":"summary_large_image","twitter_misc":{"\u00c9crit par":"Laurent Schwartz"},"schema":{"@context":"https:\/\/schema.org","@graph":[{"@type":"Article","@id":"https:\/\/www.gold.fr\/news\/2019\/07\/11\/le-comptoir-national-de-lor-repris-sur-le-site-de-challenges-fr-le-11-07-2019\/#article","isPartOf":{"@id":"https:\/\/www.gold.fr\/news\/2019\/07\/11\/le-comptoir-national-de-lor-repris-sur-le-site-de-challenges-fr-le-11-07-2019\/"},"author":{"name":"Laurent Schwartz","@id":"https:\/\/www.gold.fr\/news\/#\/schema\/person\/4ed91d9a70d8f3a313c26e8308214fc2"},"headline":"Le Comptoir National de l\u2019Or repris sur le site de challenges.fr le 11\/07\/2019","datePublished":"2019-07-11T09:45:49+00:00","dateModified":"2021-01-11T13:12:12+00:00","mainEntityOfPage":{"@id":"https:\/\/www.gold.fr\/news\/2019\/07\/11\/le-comptoir-national-de-lor-repris-sur-le-site-de-challenges-fr-le-11-07-2019\/"},"wordCount":112,"image":{"@id":"https:\/\/www.gold.fr\/news\/2019\/07\/11\/le-comptoir-national-de-lor-repris-sur-le-site-de-challenges-fr-le-11-07-2019\/#primaryimage"},"thumbnailUrl":"https:\/\/www.gold.fr\/news\/wp-content\/uploads\/2019\/07\/Capture-d\u2019e\u0301cran-2019-07-11-a\u0300-11.44.47.png","keywords":["Comptoir National de l'Or","Or"],"articleSection":["Analyses Economiques","Articles de presse","Flash infos"],"inLanguage":"fr-FR"},{"@type":"WebPage","@id":"https:\/\/www.gold.fr\/news\/2019\/07\/11\/le-comptoir-national-de-lor-repris-sur-le-site-de-challenges-fr-le-11-07-2019\/","url":"https:\/\/www.gold.fr\/news\/2019\/07\/11\/le-comptoir-national-de-lor-repris-sur-le-site-de-challenges-fr-le-11-07-2019\/","name":"Le Comptoir National de l\u2019Or repris sur le site de challenges.fr le 11\/07\/2019 - Gold.fr","isPartOf":{"@id":"https:\/\/www.gold.fr\/news\/#website"},"primaryImageOfPage":{"@id":"https:\/\/www.gold.fr\/news\/2019\/07\/11\/le-comptoir-national-de-lor-repris-sur-le-site-de-challenges-fr-le-11-07-2019\/#primaryimage"},"image":{"@id":"https:\/\/www.gold.fr\/news\/2019\/07\/11\/le-comptoir-national-de-lor-repris-sur-le-site-de-challenges-fr-le-11-07-2019\/#primaryimage"},"thumbnailUrl":"https:\/\/www.gold.fr\/news\/wp-content\/uploads\/2019\/07\/Capture-d\u2019e\u0301cran-2019-07-11-a\u0300-11.44.47.png","datePublished":"2019-07-11T09:45:49+00:00","dateModified":"2021-01-11T13:12:12+00:00","author":{"@id":"https:\/\/www.gold.fr\/news\/#\/schema\/person\/4ed91d9a70d8f3a313c26e8308214fc2"},"description":"Mont\u00e9e des cours de l\u2019or: faut-il vendre, acheter, ou conserver ses lingots ? l\u2019or, valeur refuge a de solides arguments pour s\u00e9duire","breadcrumb":{"@id":"https:\/\/www.gold.fr\/news\/2019\/07\/11\/le-comptoir-national-de-lor-repris-sur-le-site-de-challenges-fr-le-11-07-2019\/#breadcrumb"},"inLanguage":"fr-FR","potentialAction":[{"@type":"ReadAction","target":["https:\/\/www.gold.fr\/news\/2019\/07\/11\/le-comptoir-national-de-lor-repris-sur-le-site-de-challenges-fr-le-11-07-2019\/"]}]},{"@type":"ImageObject","inLanguage":"fr-FR","@id":"https:\/\/www.gold.fr\/news\/2019\/07\/11\/le-comptoir-national-de-lor-repris-sur-le-site-de-challenges-fr-le-11-07-2019\/#primaryimage","url":"https:\/\/www.gold.fr\/news\/wp-content\/uploads\/2019\/07\/Capture-d\u2019e\u0301cran-2019-07-11-a\u0300-11.44.47.png","contentUrl":"https:\/\/www.gold.fr\/news\/wp-content\/uploads\/2019\/07\/Capture-d\u2019e\u0301cran-2019-07-11-a\u0300-11.44.47.png","width":590,"height":184,"caption":"Mont\u00e9e des cours de l'or: faut-il vendre, acheter, ou conserver ses lingots?"},{"@type":"BreadcrumbList","@id":"https:\/\/www.gold.fr\/news\/2019\/07\/11\/le-comptoir-national-de-lor-repris-sur-le-site-de-challenges-fr-le-11-07-2019\/#breadcrumb","itemListElement":[{"@type":"ListItem","position":1,"name":"Accueil","item":"https:\/\/www.gold.fr\/"},{"@type":"ListItem","position":2,"name":"Actualit\u00e9s","item":"https:\/\/www.gold.fr\/news\/"},{"@type":"ListItem","position":3,"name":"Le Comptoir National de l\u2019Or repris sur le site de challenges.fr le 11\/07\/2019"}]},{"@type":"WebSite","@id":"https:\/\/www.gold.fr\/news\/#website","url":"https:\/\/www.gold.fr\/news\/","name":"Gold.fr","description":"Actualit\u00e9s de l&#039;Or et des m\u00e9taux pr\u00e9cieux","potentialAction":[{"@type":"SearchAction","target":{"@type":"EntryPoint","urlTemplate":"https:\/\/www.gold.fr\/news\/?s={search_term_string}"},"query-input":{"@type":"PropertyValueSpecification","valueRequired":true,"valueName":"search_term_string"}}],"inLanguage":"fr-FR"},{"@type":"Person","@id":"https:\/\/www.gold.fr\/news\/#\/schema\/person\/4ed91d9a70d8f3a313c26e8308214fc2","name":"Laurent Schwartz","image":{"@type":"ImageObject","inLanguage":"fr-FR","@id":"https:\/\/secure.gravatar.com\/avatar\/1496f846049365121827f5470219486f1a95f83957cc8ca0a9595e40c185f5ee?s=96&d=mm&r=g76f0e87c9ba82a161860a0fc16990d85","url":"https:\/\/secure.gravatar.com\/avatar\/1496f846049365121827f5470219486f1a95f83957cc8ca0a9595e40c185f5ee?s=96&d=mm&r=g","contentUrl":"https:\/\/secure.gravatar.com\/avatar\/1496f846049365121827f5470219486f1a95f83957cc8ca0a9595e40c185f5ee?s=96&d=mm&r=g","caption":"Laurent Schwartz"},"description":"Dipl\u00f4m\u00e9 de l\u2019EDHEC Business School en 2005, Laurent SCHWARTZ int\u00e8gre le cabinet d\u2019audit ERNST &amp; YOUNG en 2005 o\u00f9 il travaille pendant 4 ans. Parall\u00e8lement, il travaille au sein de l\u2019entreprise familiale cr\u00e9\u00e9e en 1976 \u00e0 Strasbourg. Fort de cette exp\u00e9rience et du savoir-faire d\u00e9velopp\u00e9 durant ces 40 derni\u00e8res ann\u00e9es, Laurent proc\u00e8de \u00e0 la refonte du site Internet Gold.fr d\u00e9di\u00e9 \u00e0 l\u2019achat d'or, vente d\u2019or (pi\u00e8ces, lingots, ...), achat or et argent,... qui conna\u00eetra un franc succ\u00e8s d\u00e8s son d\u00e9marrage en 2008. Il d\u00e9cide alors de d\u00e9velopper un r\u00e9seau de concessions exclusives: Le Comptoir National de l\u2019Or. Il assure d\u00e9sormais le pilotage strat\u00e9gique du 1er r\u00e9seau de France qui compte aujourd\u2019hui pas loin de 60 agences r\u00e9parties dans toute la France et depuis peu en Allemagne (Breisach). Le Comptoir National de l\u2019Or se positionne aujourd\u2019hui comme le leader incontournable sur le march\u00e9 de l\u2019Or et des m\u00e9taux pr\u00e9cieux en France.","sameAs":["https:\/\/www.gold.fr","https:\/\/www.linkedin.com\/in\/acheteror\/"]}]}},"authors":[{"term_id":2567,"user_id":6,"is_guest":0,"slug":"laurent","display_name":"Laurent Schwartz","avatar_url":"https:\/\/secure.gravatar.com\/avatar\/1496f846049365121827f5470219486f1a95f83957cc8ca0a9595e40c185f5ee?s=96&d=mm&r=g","0":null,"1":"","2":"","3":"","4":"","5":"","6":"","7":"","8":""}],"_links":{"self":[{"href":"https:\/\/www.gold.fr\/news\/wp-json\/wp\/v2\/posts\/35248","targetHints":{"allow":["GET"]}}],"collection":[{"href":"https:\/\/www.gold.fr\/news\/wp-json\/wp\/v2\/posts"}],"about":[{"href":"https:\/\/www.gold.fr\/news\/wp-json\/wp\/v2\/types\/post"}],"author":[{"embeddable":true,"href":"https:\/\/www.gold.fr\/news\/wp-json\/wp\/v2\/users\/6"}],"replies":[{"embeddable":true,"href":"https:\/\/www.gold.fr\/news\/wp-json\/wp\/v2\/comments?post=35248"}],"version-history":[{"count":0,"href":"https:\/\/www.gold.fr\/news\/wp-json\/wp\/v2\/posts\/35248\/revisions"}],"wp:featuredmedia":[{"embeddable":true,"href":"https:\/\/www.gold.fr\/news\/wp-json\/wp\/v2\/media\/35249"}],"wp:attachment":[{"href":"https:\/\/www.gold.fr\/news\/wp-json\/wp\/v2\/media?parent=35248"}],"wp:term":[{"taxonomy":"category","embeddable":true,"href":"https:\/\/www.gold.fr\/news\/wp-json\/wp\/v2\/categories?post=35248"},{"taxonomy":"post_tag","embeddable":true,"href":"https:\/\/www.gold.fr\/news\/wp-json\/wp\/v2\/tags?post=35248"},{"taxonomy":"author","embeddable":true,"href":"https:\/\/www.gold.fr\/news\/wp-json\/wp\/v2\/ppma_author?post=35248"}],"curies":[{"name":"wp","href":"https:\/\/api.w.org\/{rel}","templated":true}]}}