{"id":35230,"date":"2019-07-04T11:10:19","date_gmt":"2019-07-04T09:10:19","guid":{"rendered":"https:\/\/www.gold.fr\/news\/?p=35230"},"modified":"2021-01-11T14:13:18","modified_gmt":"2021-01-11T13:13:18","slug":"cours-de-lor-envolee-en-juin-au-plus-haut-depuis-2013","status":"publish","type":"post","link":"https:\/\/www.gold.fr\/news\/2019\/07\/04\/cours-de-lor-envolee-en-juin-au-plus-haut-depuis-2013\/","title":{"rendered":"Cours de l\u2019or\u00a0: envol\u00e9e en juin, au plus haut depuis 2013"},"content":{"rendered":"<h3><strong>Ce qu\u2019il faut retenir\u00a0du mois :<\/strong><\/h3>\n<ul>\n<li>Performance juin\u00a0: +6.6% en EUR, performance 2019 proche de 11% en EUR<\/li>\n<li>L\u2019or et les actions b\u00e9n\u00e9ficient de la perspective de baisse des taux<\/li>\n<li>Le contexte \u00e9conomique et politique favorable au m\u00e9tal jaune<\/li>\n<li>Apr\u00e8s avoir pr\u00e9dit la crise de 2008, il anticipe une r\u00e9cession en 2020<\/li>\n<li>La Chine acc\u00e9l\u00e8re ses achats d\u2019or<\/li>\n<li>BCE\u00a0: \u00ab\u00a0Peu importe qui en est propri\u00e9taire, c\u2019est moi qui contr\u00f4le les r\u00e9serves nationales d\u2019or\u00a0\u00bb<\/li>\n<\/ul>\n<p>  &nbsp;  <\/p>\n<h3>Envol\u00e9e des cours\u00a0: au plus haut depuis plus de 5 ans<\/h3>\n<p style=\"text-align: justify;\">Le cours de l\u2019or \u00e0 Londres (au fixing de l\u2019apr\u00e8s-midi) a termin\u00e9 le mois de juin \u00e0 un niveau de 1409 dollars et 1237.81 euros, affichant ainsi une hausse impressionnante de 8.8% en dollars et 6.6% en euros. Il s\u2019agit de la meilleure performance mensuelle enregistr\u00e9e depuis juin 2016, le mois o\u00f9 les britanniques ont surpris la plan\u00e8te \u00e9conomique en votant le Brexit. Gr\u00e2ce \u00e0 cette envol\u00e9e, la performance en 2019 d\u00e9passe d\u00e9sormais les 10% en dollars et fr\u00f4le 11% en euros.<\/p>\n<p style=\"text-align: left;\"><img loading=\"lazy\" decoding=\"async\" class=\"wp-image-35231 aligncenter\" src=\"https:\/\/www.gold.fr\/news\/wp-content\/uploads\/2019\/07\/Capture-d\u2019e\u0301cran-2019-07-04-a\u0300-09.59.20-300x69.png\" alt=\"Envol\u00e9e des cours\u00a0: au plus haut depuis plus de 5 ans\" width=\"439\" height=\"101\" srcset=\"https:\/\/www.gold.fr\/news\/wp-content\/uploads\/2019\/07\/Capture-d\u2019e\u0301cran-2019-07-04-a\u0300-09.59.20-300x69.png 300w, https:\/\/www.gold.fr\/news\/wp-content\/uploads\/2019\/07\/Capture-d\u2019e\u0301cran-2019-07-04-a\u0300-09.59.20-768x176.png 768w, https:\/\/www.gold.fr\/news\/wp-content\/uploads\/2019\/07\/Capture-d\u2019e\u0301cran-2019-07-04-a\u0300-09.59.20-1024x234.png 1024w, https:\/\/www.gold.fr\/news\/wp-content\/uploads\/2019\/07\/Capture-d\u2019e\u0301cran-2019-07-04-a\u0300-09.59.20-4x1.png 4w, https:\/\/www.gold.fr\/news\/wp-content\/uploads\/2019\/07\/Capture-d\u2019e\u0301cran-2019-07-04-a\u0300-09.59.20.png 1284w\" sizes=\"auto, (max-width: 439px) 100vw, 439px\" \/>Le cours atteint m\u00eame des plus hauts non vus depuis 2013 et semble ainsi sorti \u00e0 la hausse du canal dans lequel il \u00e9tait enferm\u00e9 depuis 2015. Ainsi, sur 10 ans, le m\u00e9tal jaune r\u00e9alise une performance annualis\u00e9e de 6.34%.<\/p>\n<p>  &nbsp;  <\/p>\n<p style=\"text-align: center;\">\u00a0<a href=\"https:\/\/www.gold.fr\/news\/wp-content\/uploads\/2019\/07\/Capture-d\u2019e\u0301cran-2019-07-04-a\u0300-10.08.49.png\"><img loading=\"lazy\" decoding=\"async\" class=\"alignnone wp-image-35232\" src=\"https:\/\/www.gold.fr\/news\/wp-content\/uploads\/2019\/07\/Capture-d\u2019e\u0301cran-2019-07-04-a\u0300-10.08.49-300x188.png\" alt=\"\" width=\"330\" height=\"207\" srcset=\"https:\/\/www.gold.fr\/news\/wp-content\/uploads\/2019\/07\/Capture-d\u2019e\u0301cran-2019-07-04-a\u0300-10.08.49-300x188.png 300w, https:\/\/www.gold.fr\/news\/wp-content\/uploads\/2019\/07\/Capture-d\u2019e\u0301cran-2019-07-04-a\u0300-10.08.49-768x481.png 768w, https:\/\/www.gold.fr\/news\/wp-content\/uploads\/2019\/07\/Capture-d\u2019e\u0301cran-2019-07-04-a\u0300-10.08.49-1024x641.png 1024w, https:\/\/www.gold.fr\/news\/wp-content\/uploads\/2019\/07\/Capture-d\u2019e\u0301cran-2019-07-04-a\u0300-10.08.49-2x1.png 2w, https:\/\/www.gold.fr\/news\/wp-content\/uploads\/2019\/07\/Capture-d\u2019e\u0301cran-2019-07-04-a\u0300-10.08.49.png 1242w\" sizes=\"auto, (max-width: 330px) 100vw, 330px\" \/><\/a><\/p>\n<p style=\"text-align: center;\">Pour aller plus loin\u00a0: notre guide <strong><a href=\"https:\/\/www.gold.fr\/informations-sur-l-or\/guides\/comment-est-fixe-le-cours-de-lor\">\u00ab\u00a0Comment est fix\u00e9 le cours de l\u2019or\u00a0?\u00a0\u00bb<\/a><\/strong><\/p>\n<h3><\/h3>\n<h3>L\u2019or et les actions profitent de la perspective de baisse des taux<\/h3>\n<p>  L\u2019or et les actions ont tous les deux b\u00e9n\u00e9fici\u00e9 des perspectives de baisse des taux directeurs am\u00e9ricains. Ainsi, sur le mois de juin, les actions fran\u00e7aises repr\u00e9sent\u00e9es par l\u2019indice CAC40 progressent de 6.3%, soit tr\u00e8s l\u00e9g\u00e8rement moins que le m\u00e9tal jaune (+6.6%). Nous insistons souvent dans ce rapport mensuel sur la diversification qu\u2019apporte l\u2019or \u00e0 un portefeuille actions, mais ce mois-ci, elle n\u2019a pas eu lieu. Tant mieux, puisque les deux actifs enregistrent une belle hausse\u00a0! Mais cette diversification reste valable sur le long terme, comme l\u2019illustre le graphique comparatif sur 10 ans ci-dessous. <a href=\"https:\/\/www.gold.fr\/news\/wp-content\/uploads\/2019\/07\/Capture-d\u2019e\u0301cran-2019-07-04-a\u0300-10.33.08.png\"><img loading=\"lazy\" decoding=\"async\" class=\"size-medium wp-image-35237 aligncenter\" src=\"https:\/\/www.gold.fr\/news\/wp-content\/uploads\/2019\/07\/Capture-d\u2019e\u0301cran-2019-07-04-a\u0300-10.33.08-300x174.png\" alt=\"L\u2019or et les actions profitent de la perspective de baisse des taux\" width=\"300\" height=\"174\" srcset=\"https:\/\/www.gold.fr\/news\/wp-content\/uploads\/2019\/07\/Capture-d\u2019e\u0301cran-2019-07-04-a\u0300-10.33.08-300x174.png 300w, https:\/\/www.gold.fr\/news\/wp-content\/uploads\/2019\/07\/Capture-d\u2019e\u0301cran-2019-07-04-a\u0300-10.33.08-768x444.png 768w, https:\/\/www.gold.fr\/news\/wp-content\/uploads\/2019\/07\/Capture-d\u2019e\u0301cran-2019-07-04-a\u0300-10.33.08-1024x592.png 1024w, https:\/\/www.gold.fr\/news\/wp-content\/uploads\/2019\/07\/Capture-d\u2019e\u0301cran-2019-07-04-a\u0300-10.33.08-2x1.png 2w, https:\/\/www.gold.fr\/news\/wp-content\/uploads\/2019\/07\/Capture-d\u2019e\u0301cran-2019-07-04-a\u0300-10.33.08.png 1158w\" sizes=\"auto, (max-width: 300px) 100vw, 300px\" \/><\/a>  <\/p>\n<h3>Le contexte \u00e9conomique et politique favorable au m\u00e9tal jaune<\/h3>\n<p style=\"text-align: justify;\">Le cours de l\u2019or a b\u00e9n\u00e9fici\u00e9 d\u2019un contexte favorable au mois de juin. D\u2019abord sur le front (g\u00e9o)politique, avec la continuation des tensions commerciales entre Washington et P\u00e9kin, mais surtout l\u2019escalade entre les Etats-Unis et l\u2019Iran, comme l\u2019a illustr\u00e9 l\u2019\u00e9pisode du <a href=\"https:\/\/www.gold.fr\/news\/2019\/06\/21\/liran-abat-un-drone-americain-lor-touche-son-point-le-plus-haut-de-5-ans\/\">drone am\u00e9ricain abattu par T\u00e9h\u00e9ran.<\/a><\/p>\n<p style=\"text-align: justify;\">Sur le plan \u00e9conomique, c\u2019est bien la crainte d\u2019un ralentissement et d\u2019une inflation faible qui a pouss\u00e9 les acteurs de march\u00e9s \u00e0 anticiper une baisse des taux d\u2019int\u00e9r\u00eat am\u00e9ricains. Le pr\u00e9sident de la Fed, Jerome Powell, semble c\u00e9der\u00a0: il a multipli\u00e9 fin juin les signaux en direction d\u2019une baisse prochaine des taux directeurs. A l\u2019instar de la banque centrale australienne, qui a abaiss\u00e9 son taux directeur d\u2019un quart de point pour le 2 \u00e8me mois d\u2019affil\u00e9. L\u2019\u00e9conomie australienne est en effet particuli\u00e8rement expos\u00e9e \u00e0 la croissance chinoise dont le ralentissement p\u00e8se sur ses exportations.<\/p>\n<p style=\"text-align: justify;\">Que signifie ce nouveau cycle pour l\u2019or\u00a0? Les phases d\u2019assouplissement de la politique mon\u00e9taire sont quasi syst\u00e9matiquement favorables au m\u00e9tal jaune, qui progresse. En effet, tel fut le cas en 1982, 1986, 1996, 2000, et 2008, avec une seule exception, 1989.<\/p>\n<p>  &nbsp;  <\/p>\n<h3>Vers une r\u00e9cession en 2020\u00a0?<\/h3>\n<p>  Il est surnomm\u00e9 \u00ab\u00a0Dr Doom\u00a0\u00bb, alias Mr Catastrophe. Nouriel Roubini, v\u00e9t\u00e9ran de l\u2019analyse \u00e9conomique, est souvent consid\u00e9r\u00e9 comme un pessimiste, mais il a gagn\u00e9 sa r\u00e9putation pour avoir fait une pr\u00e9sentation au FMI en 2006, durant laquelle il annon\u00e7ait la crise des subprimes. Plus remarquable encore, selon le New York Times, il avait d\u00e9crit l\u2019encha\u00eenement de la crise financi\u00e8re avec une telle pr\u00e9cision qu\u2019il fut m\u00eame surnomm\u00e9 \u00ab\u00a0le proph\u00e8te\u00a0\u00bb. Dans une interview r\u00e9cente donn\u00e9e \u00e0 Bloomberg, Roubini parle d\u2019\u00ab\u00a0un moment inqui\u00e9tant pour l\u2019\u00e9conomie mondiale\u00a0\u00bb, o\u00f9 les tensions g\u00e9opolitiques et l\u2019effondrement de l\u2019investissement des entreprises pourrait conduire \u00e0 une r\u00e9cession d\u00e8s 2020. Le hic selon lui, c\u2019est le niveau tr\u00e8s bas des taux d\u2019int\u00e9r\u00eats (parfois d\u00e9j\u00e0 n\u00e9gatif), qui ne permettraient pas un soutien de l\u2019\u00e9conomie par la politique mon\u00e9taire classique, et requerra donc de nouvelles mesures non conventionnelles. En clair, les banques centrales, \u00e0 court de munition, pourraient \u00e0 nouveau faire tourner la planche \u00e0 billet\u2026  <\/p>\n<h3 style=\"text-align: justify;\">La Chine acc\u00e9l\u00e8re ses achats d\u2019or<\/h3>\n<p style=\"text-align: justify;\">Nous en avons d\u00e9j\u00e0 maintes fois parl\u00e9, mais le ph\u00e9nom\u00e8ne se confirme mois apr\u00e8s mois. Selon les derni\u00e8res statistiques financi\u00e8res publi\u00e9es par la banque centrale chinoise, les r\u00e9serves officielles d\u2019or de P\u00e9kin se sont accrues de 510&amp;#39;000 onces en Mai, soit presque 16 tonnes. Plus important, ce chiffre confirme l\u2019acc\u00e9l\u00e9ration des achats mensuels d\u2019or, pass\u00e9 de 10 tonnes par mois en d\u00e9cembre, \u00e0 15 tonnes en avril et mai.<\/p>\n<p style=\"text-align: justify;\">Au palmar\u00e8s des achats de mai on retrouve \u00e9videmment la Russie, mais celle-ci ne tient que la 3 \u00e8me place avec des achats de 6.7 tonnes. L\u2019Ouzb\u00e9kistan la d\u00e9passe avec 7.5 tonnes en plus dans ses r\u00e9serves. Le Kazakhstan, habitu\u00e9 du podium, n\u2019occupe que la 4 \u00e8me place.<\/p>\n<p style=\"text-align: justify;\">Ceci confirme encore une fois que l\u2019achat d\u2019or par les banques centrales sera un th\u00e8me majeur du march\u00e9 en 2019.<\/p>\n<h3 style=\"text-align: justify;\">BCE\u00a0: \u00ab\u00a0Peu importe qui en est propri\u00e9taire, c\u2019est moi qui contr\u00f4le les r\u00e9serves nationales d\u2019or\u00bb<\/h3>\n<p style=\"text-align: justify;\">En avril nous vous relations la lettre de deux d\u00e9put\u00e9s italien et la r\u00e9ponse de Mario Draghi au sujet de la propri\u00e9t\u00e9 r\u00e9elle des r\u00e9serves d\u2019or de la Banque d\u2019Italie (lien). La r\u00e9ponse \u00e9tait surprenante puisque pour la BCE, le concept de propri\u00e9t\u00e9 n\u2019\u00e9tait pas pertinent, pr\u00e9f\u00e9rant rappeler que toute d\u00e9cision concernant les r\u00e9serves d\u2019or, m\u00eame si elles relevaient de la Banque d\u2019Italie, devaient n\u00e9anmoins \u00eatre autoris\u00e9es pr\u00e9alablement \u00e0 Frankfort.<\/p>\n<p style=\"text-align: justify;\">Cette position a \u00e9t\u00e9 confirm\u00e9 et \u00e9tendue le 24 juin dernier dans une opinion l\u00e9gale publi\u00e9e sur le site de la BCE (lien vers le document, en anglais), et sign\u00e9e par Mario Draghi. Dans un langage tr\u00e8s technique il rappelle en substance que les op\u00e9rations sur les r\u00e9serves de change (et donc sur l\u2019or) d\u00e9tenues par les banques centrales nationales sont soumises \u00e0 l\u2019accord pr\u00e9alable de la BCE afin \u00ab\u00a0d\u2019assurer l\u2019ad\u00e9quation avec les politiques de change et mon\u00e9taire de l\u2019Union\u00a0\u00bb.<\/p>\n<p style=\"text-align: justify;\">Enfin, l\u2019institution de Frankfort rappelle que l\u2019or des italiens doit \u00eatre inscrit sur le bilan de la banque centrale italienne et non dans les comptes de l\u2019Etat, au risque qu\u2019un tel transfert comptable constitue un financement direct de l\u2019Etat italien, par nature interdit par les trait\u00e9s.<\/p>\n<p style=\"text-align: justify;\">Bref, si la BCE tol\u00e8re la notion de propri\u00e9t\u00e9 des r\u00e9serves d\u2019or par l\u2019Etat Italien, elle en garde le contr\u00f4le effectif. La vraie question se posera donc peut \u00eatre lorsque le gouvernement Italien, en difficult\u00e9 budg\u00e9taire, souhaitera disposer de ses r\u00e9serves\u2026.<\/p>\n<p style=\"text-align: justify;\">\n<!-- AddThis Advanced Settings generic via filter on the_content --><!-- AddThis Share Buttons generic via filter on the_content -->","protected":false},"excerpt":{"rendered":"<p>Ce qu\u2019il faut retenir\u00a0du mois : Performance juin\u00a0: +6.6% en EUR, performance 2019 proche de 11% en EUR L\u2019or et les actions b\u00e9n\u00e9ficient de la perspective de baisse des taux Le contexte \u00e9conomique et politique favorable [&hellip;]<\/p>\n","protected":false},"author":6,"featured_media":35234,"comment_status":"closed","ping_status":"closed","sticky":false,"template":"","format":"standard","meta":{"_mbp_gutenberg_autopost":false,"_pgmb_is_evergreen":false,"_pgmb_ap_template_id":0,"footnotes":""},"categories":[4,6,5],"tags":[767,84],"ppma_author":[2567],"class_list":["post-35230","post","type-post","status-publish","format-standard","has-post-thumbnail","hentry","category-analyses-economiques","category-articles-de-presse","category-flash-infos","tag-hausse-cours-de-lor","tag-cours-de-lor"],"yoast_head":"<!-- This site is optimized with the Yoast SEO plugin v27.5 - https:\/\/yoast.com\/product\/yoast-seo-wordpress\/ -->\n<title>Cours de l\u2019or\u00a0: envol\u00e9e en juin, au plus haut depuis 2013 - Gold.fr<\/title>\n<meta name=\"description\" content=\"Cours de l\u2019or Envol\u00e9e en juin, au plus haut depuis 2013, Envol\u00e9e des cours : au plus haut depuis plus de 5 ans, Prix, Evolution Cours Or\" \/>\n<meta name=\"robots\" content=\"index, follow, max-snippet:-1, max-image-preview:large, max-video-preview:-1\" \/>\n<link rel=\"canonical\" href=\"https:\/\/www.gold.fr\/news\/2019\/07\/04\/cours-de-lor-envolee-en-juin-au-plus-haut-depuis-2013\/\" \/>\n<meta property=\"og:locale\" content=\"fr_FR\" \/>\n<meta property=\"og:type\" content=\"article\" \/>\n<meta property=\"og:title\" content=\"Cours de l\u2019or\u00a0: envol\u00e9e en juin, au plus haut depuis 2013 - Gold.fr\" \/>\n<meta property=\"og:description\" content=\"Cours de l\u2019or Envol\u00e9e en juin, au plus haut depuis 2013, Envol\u00e9e des cours : au plus haut depuis plus de 5 ans, Prix, Evolution Cours Or\" \/>\n<meta property=\"og:url\" content=\"https:\/\/www.gold.fr\/news\/2019\/07\/04\/cours-de-lor-envolee-en-juin-au-plus-haut-depuis-2013\/\" \/>\n<meta property=\"og:site_name\" content=\"Gold.fr\" \/>\n<meta property=\"article:publisher\" content=\"https:\/\/www.facebook.com\/Goldfr\/\" \/>\n<meta property=\"article:published_time\" content=\"2019-07-04T09:10:19+00:00\" \/>\n<meta property=\"article:modified_time\" content=\"2021-01-11T13:13:18+00:00\" \/>\n<meta property=\"og:image\" content=\"https:\/\/www.gold.fr\/news\/wp-content\/uploads\/2019\/07\/stephan-henning-S0hFspmvm_s-unsplash-1024x680.jpg\" \/>\n\t<meta property=\"og:image:width\" content=\"1024\" \/>\n\t<meta property=\"og:image:height\" content=\"680\" \/>\n\t<meta property=\"og:image:type\" content=\"image\/jpeg\" \/>\n<meta name=\"author\" content=\"Laurent Schwartz\" \/>\n<meta name=\"twitter:card\" content=\"summary_large_image\" \/>\n<meta name=\"twitter:label1\" content=\"\u00c9crit par\" \/>\n\t<meta name=\"twitter:data1\" content=\"Laurent Schwartz\" \/>\n\t<meta name=\"twitter:label2\" content=\"Dur\u00e9e de lecture estim\u00e9e\" \/>\n\t<meta name=\"twitter:data2\" content=\"6 minutes\" \/>\n<script type=\"application\/ld+json\" class=\"yoast-schema-graph\">{\"@context\":\"https:\\\/\\\/schema.org\",\"@graph\":[{\"@type\":\"Article\",\"@id\":\"https:\\\/\\\/www.gold.fr\\\/news\\\/2019\\\/07\\\/04\\\/cours-de-lor-envolee-en-juin-au-plus-haut-depuis-2013\\\/#article\",\"isPartOf\":{\"@id\":\"https:\\\/\\\/www.gold.fr\\\/news\\\/2019\\\/07\\\/04\\\/cours-de-lor-envolee-en-juin-au-plus-haut-depuis-2013\\\/\"},\"author\":{\"name\":\"Laurent Schwartz\",\"@id\":\"https:\\\/\\\/www.gold.fr\\\/news\\\/#\\\/schema\\\/person\\\/4ed91d9a70d8f3a313c26e8308214fc2\"},\"headline\":\"Cours de l\u2019or\u00a0: envol\u00e9e en juin, au plus haut depuis 2013\",\"datePublished\":\"2019-07-04T09:10:19+00:00\",\"dateModified\":\"2021-01-11T13:13:18+00:00\",\"mainEntityOfPage\":{\"@id\":\"https:\\\/\\\/www.gold.fr\\\/news\\\/2019\\\/07\\\/04\\\/cours-de-lor-envolee-en-juin-au-plus-haut-depuis-2013\\\/\"},\"wordCount\":1236,\"image\":{\"@id\":\"https:\\\/\\\/www.gold.fr\\\/news\\\/2019\\\/07\\\/04\\\/cours-de-lor-envolee-en-juin-au-plus-haut-depuis-2013\\\/#primaryimage\"},\"thumbnailUrl\":\"https:\\\/\\\/www.gold.fr\\\/news\\\/wp-content\\\/uploads\\\/2019\\\/07\\\/stephan-henning-S0hFspmvm_s-unsplash.jpg\",\"keywords\":[\"hausse cours de l'or\",\"Tout Cours de l'Or\"],\"articleSection\":[\"Analyses Economiques\",\"Articles de presse\",\"Flash infos\"],\"inLanguage\":\"fr-FR\"},{\"@type\":\"WebPage\",\"@id\":\"https:\\\/\\\/www.gold.fr\\\/news\\\/2019\\\/07\\\/04\\\/cours-de-lor-envolee-en-juin-au-plus-haut-depuis-2013\\\/\",\"url\":\"https:\\\/\\\/www.gold.fr\\\/news\\\/2019\\\/07\\\/04\\\/cours-de-lor-envolee-en-juin-au-plus-haut-depuis-2013\\\/\",\"name\":\"Cours de l\u2019or\u00a0: envol\u00e9e en juin, au plus haut depuis 2013 - Gold.fr\",\"isPartOf\":{\"@id\":\"https:\\\/\\\/www.gold.fr\\\/news\\\/#website\"},\"primaryImageOfPage\":{\"@id\":\"https:\\\/\\\/www.gold.fr\\\/news\\\/2019\\\/07\\\/04\\\/cours-de-lor-envolee-en-juin-au-plus-haut-depuis-2013\\\/#primaryimage\"},\"image\":{\"@id\":\"https:\\\/\\\/www.gold.fr\\\/news\\\/2019\\\/07\\\/04\\\/cours-de-lor-envolee-en-juin-au-plus-haut-depuis-2013\\\/#primaryimage\"},\"thumbnailUrl\":\"https:\\\/\\\/www.gold.fr\\\/news\\\/wp-content\\\/uploads\\\/2019\\\/07\\\/stephan-henning-S0hFspmvm_s-unsplash.jpg\",\"datePublished\":\"2019-07-04T09:10:19+00:00\",\"dateModified\":\"2021-01-11T13:13:18+00:00\",\"author\":{\"@id\":\"https:\\\/\\\/www.gold.fr\\\/news\\\/#\\\/schema\\\/person\\\/4ed91d9a70d8f3a313c26e8308214fc2\"},\"description\":\"Cours de l\u2019or Envol\u00e9e en juin, au plus haut depuis 2013, Envol\u00e9e des cours : au plus haut depuis plus de 5 ans, Prix, Evolution Cours Or\",\"breadcrumb\":{\"@id\":\"https:\\\/\\\/www.gold.fr\\\/news\\\/2019\\\/07\\\/04\\\/cours-de-lor-envolee-en-juin-au-plus-haut-depuis-2013\\\/#breadcrumb\"},\"inLanguage\":\"fr-FR\",\"potentialAction\":[{\"@type\":\"ReadAction\",\"target\":[\"https:\\\/\\\/www.gold.fr\\\/news\\\/2019\\\/07\\\/04\\\/cours-de-lor-envolee-en-juin-au-plus-haut-depuis-2013\\\/\"]}]},{\"@type\":\"ImageObject\",\"inLanguage\":\"fr-FR\",\"@id\":\"https:\\\/\\\/www.gold.fr\\\/news\\\/2019\\\/07\\\/04\\\/cours-de-lor-envolee-en-juin-au-plus-haut-depuis-2013\\\/#primaryimage\",\"url\":\"https:\\\/\\\/www.gold.fr\\\/news\\\/wp-content\\\/uploads\\\/2019\\\/07\\\/stephan-henning-S0hFspmvm_s-unsplash.jpg\",\"contentUrl\":\"https:\\\/\\\/www.gold.fr\\\/news\\\/wp-content\\\/uploads\\\/2019\\\/07\\\/stephan-henning-S0hFspmvm_s-unsplash.jpg\",\"width\":4288,\"height\":2848,\"caption\":\"Cours de l\u2019or\u00a0: envol\u00e9e en juin, au plus haut depuis 2013\"},{\"@type\":\"BreadcrumbList\",\"@id\":\"https:\\\/\\\/www.gold.fr\\\/news\\\/2019\\\/07\\\/04\\\/cours-de-lor-envolee-en-juin-au-plus-haut-depuis-2013\\\/#breadcrumb\",\"itemListElement\":[{\"@type\":\"ListItem\",\"position\":1,\"name\":\"Accueil\",\"item\":\"https:\\\/\\\/www.gold.fr\\\/\"},{\"@type\":\"ListItem\",\"position\":2,\"name\":\"Actualit\u00e9s\",\"item\":\"https:\\\/\\\/www.gold.fr\\\/news\\\/\"},{\"@type\":\"ListItem\",\"position\":3,\"name\":\"Cours de l\u2019or\u00a0: envol\u00e9e en juin, au plus haut depuis 2013\"}]},{\"@type\":\"WebSite\",\"@id\":\"https:\\\/\\\/www.gold.fr\\\/news\\\/#website\",\"url\":\"https:\\\/\\\/www.gold.fr\\\/news\\\/\",\"name\":\"Gold.fr\",\"description\":\"Actualit\u00e9s de l&#039;Or et des m\u00e9taux pr\u00e9cieux\",\"potentialAction\":[{\"@type\":\"SearchAction\",\"target\":{\"@type\":\"EntryPoint\",\"urlTemplate\":\"https:\\\/\\\/www.gold.fr\\\/news\\\/?s={search_term_string}\"},\"query-input\":{\"@type\":\"PropertyValueSpecification\",\"valueRequired\":true,\"valueName\":\"search_term_string\"}}],\"inLanguage\":\"fr-FR\"},{\"@type\":\"Person\",\"@id\":\"https:\\\/\\\/www.gold.fr\\\/news\\\/#\\\/schema\\\/person\\\/4ed91d9a70d8f3a313c26e8308214fc2\",\"name\":\"Laurent Schwartz\",\"image\":{\"@type\":\"ImageObject\",\"inLanguage\":\"fr-FR\",\"@id\":\"https:\\\/\\\/secure.gravatar.com\\\/avatar\\\/1496f846049365121827f5470219486f1a95f83957cc8ca0a9595e40c185f5ee?s=96&d=mm&r=g76f0e87c9ba82a161860a0fc16990d85\",\"url\":\"https:\\\/\\\/secure.gravatar.com\\\/avatar\\\/1496f846049365121827f5470219486f1a95f83957cc8ca0a9595e40c185f5ee?s=96&d=mm&r=g\",\"contentUrl\":\"https:\\\/\\\/secure.gravatar.com\\\/avatar\\\/1496f846049365121827f5470219486f1a95f83957cc8ca0a9595e40c185f5ee?s=96&d=mm&r=g\",\"caption\":\"Laurent Schwartz\"},\"description\":\"Dipl\u00f4m\u00e9 de l\u2019EDHEC Business School en 2005, Laurent SCHWARTZ int\u00e8gre le cabinet d\u2019audit ERNST &amp; YOUNG en 2005 o\u00f9 il travaille pendant 4 ans. Parall\u00e8lement, il travaille au sein de l\u2019entreprise familiale cr\u00e9\u00e9e en 1976 \u00e0 Strasbourg. Fort de cette exp\u00e9rience et du savoir-faire d\u00e9velopp\u00e9 durant ces 40 derni\u00e8res ann\u00e9es, Laurent proc\u00e8de \u00e0 la refonte du site Internet Gold.fr d\u00e9di\u00e9 \u00e0 l\u2019achat d'or, vente d\u2019or (pi\u00e8ces, lingots, ...), achat or et argent,... qui conna\u00eetra un franc succ\u00e8s d\u00e8s son d\u00e9marrage en 2008. Il d\u00e9cide alors de d\u00e9velopper un r\u00e9seau de concessions exclusives: Le Comptoir National de l\u2019Or. Il assure d\u00e9sormais le pilotage strat\u00e9gique du 1er r\u00e9seau de France qui compte aujourd\u2019hui pas loin de 60 agences r\u00e9parties dans toute la France et depuis peu en Allemagne (Breisach). Le Comptoir National de l\u2019Or se positionne aujourd\u2019hui comme le leader incontournable sur le march\u00e9 de l\u2019Or et des m\u00e9taux pr\u00e9cieux en France.\",\"sameAs\":[\"https:\\\/\\\/www.gold.fr\",\"https:\\\/\\\/www.linkedin.com\\\/in\\\/acheteror\\\/\"]}]}<\/script>\n<!-- \/ Yoast SEO plugin. -->","yoast_head_json":{"title":"Cours de l\u2019or\u00a0: envol\u00e9e en juin, au plus haut depuis 2013 - Gold.fr","description":"Cours de l\u2019or Envol\u00e9e en juin, au plus haut depuis 2013, Envol\u00e9e des cours : au plus haut depuis plus de 5 ans, Prix, Evolution Cours Or","robots":{"index":"index","follow":"follow","max-snippet":"max-snippet:-1","max-image-preview":"max-image-preview:large","max-video-preview":"max-video-preview:-1"},"canonical":"https:\/\/www.gold.fr\/news\/2019\/07\/04\/cours-de-lor-envolee-en-juin-au-plus-haut-depuis-2013\/","og_locale":"fr_FR","og_type":"article","og_title":"Cours de l\u2019or\u00a0: envol\u00e9e en juin, au plus haut depuis 2013 - Gold.fr","og_description":"Cours de l\u2019or Envol\u00e9e en juin, au plus haut depuis 2013, Envol\u00e9e des cours : au plus haut depuis plus de 5 ans, Prix, Evolution Cours Or","og_url":"https:\/\/www.gold.fr\/news\/2019\/07\/04\/cours-de-lor-envolee-en-juin-au-plus-haut-depuis-2013\/","og_site_name":"Gold.fr","article_publisher":"https:\/\/www.facebook.com\/Goldfr\/","article_published_time":"2019-07-04T09:10:19+00:00","article_modified_time":"2021-01-11T13:13:18+00:00","og_image":[{"width":1024,"height":680,"url":"https:\/\/www.gold.fr\/news\/wp-content\/uploads\/2019\/07\/stephan-henning-S0hFspmvm_s-unsplash-1024x680.jpg","type":"image\/jpeg"}],"author":"Laurent Schwartz","twitter_card":"summary_large_image","twitter_misc":{"\u00c9crit par":"Laurent Schwartz","Dur\u00e9e de lecture estim\u00e9e":"6 minutes"},"schema":{"@context":"https:\/\/schema.org","@graph":[{"@type":"Article","@id":"https:\/\/www.gold.fr\/news\/2019\/07\/04\/cours-de-lor-envolee-en-juin-au-plus-haut-depuis-2013\/#article","isPartOf":{"@id":"https:\/\/www.gold.fr\/news\/2019\/07\/04\/cours-de-lor-envolee-en-juin-au-plus-haut-depuis-2013\/"},"author":{"name":"Laurent Schwartz","@id":"https:\/\/www.gold.fr\/news\/#\/schema\/person\/4ed91d9a70d8f3a313c26e8308214fc2"},"headline":"Cours de l\u2019or\u00a0: envol\u00e9e en juin, au plus haut depuis 2013","datePublished":"2019-07-04T09:10:19+00:00","dateModified":"2021-01-11T13:13:18+00:00","mainEntityOfPage":{"@id":"https:\/\/www.gold.fr\/news\/2019\/07\/04\/cours-de-lor-envolee-en-juin-au-plus-haut-depuis-2013\/"},"wordCount":1236,"image":{"@id":"https:\/\/www.gold.fr\/news\/2019\/07\/04\/cours-de-lor-envolee-en-juin-au-plus-haut-depuis-2013\/#primaryimage"},"thumbnailUrl":"https:\/\/www.gold.fr\/news\/wp-content\/uploads\/2019\/07\/stephan-henning-S0hFspmvm_s-unsplash.jpg","keywords":["hausse cours de l'or","Tout Cours de l'Or"],"articleSection":["Analyses Economiques","Articles de presse","Flash infos"],"inLanguage":"fr-FR"},{"@type":"WebPage","@id":"https:\/\/www.gold.fr\/news\/2019\/07\/04\/cours-de-lor-envolee-en-juin-au-plus-haut-depuis-2013\/","url":"https:\/\/www.gold.fr\/news\/2019\/07\/04\/cours-de-lor-envolee-en-juin-au-plus-haut-depuis-2013\/","name":"Cours de l\u2019or\u00a0: envol\u00e9e en juin, au plus haut depuis 2013 - Gold.fr","isPartOf":{"@id":"https:\/\/www.gold.fr\/news\/#website"},"primaryImageOfPage":{"@id":"https:\/\/www.gold.fr\/news\/2019\/07\/04\/cours-de-lor-envolee-en-juin-au-plus-haut-depuis-2013\/#primaryimage"},"image":{"@id":"https:\/\/www.gold.fr\/news\/2019\/07\/04\/cours-de-lor-envolee-en-juin-au-plus-haut-depuis-2013\/#primaryimage"},"thumbnailUrl":"https:\/\/www.gold.fr\/news\/wp-content\/uploads\/2019\/07\/stephan-henning-S0hFspmvm_s-unsplash.jpg","datePublished":"2019-07-04T09:10:19+00:00","dateModified":"2021-01-11T13:13:18+00:00","author":{"@id":"https:\/\/www.gold.fr\/news\/#\/schema\/person\/4ed91d9a70d8f3a313c26e8308214fc2"},"description":"Cours de l\u2019or Envol\u00e9e en juin, au plus haut depuis 2013, Envol\u00e9e des cours : au plus haut depuis plus de 5 ans, Prix, Evolution Cours Or","breadcrumb":{"@id":"https:\/\/www.gold.fr\/news\/2019\/07\/04\/cours-de-lor-envolee-en-juin-au-plus-haut-depuis-2013\/#breadcrumb"},"inLanguage":"fr-FR","potentialAction":[{"@type":"ReadAction","target":["https:\/\/www.gold.fr\/news\/2019\/07\/04\/cours-de-lor-envolee-en-juin-au-plus-haut-depuis-2013\/"]}]},{"@type":"ImageObject","inLanguage":"fr-FR","@id":"https:\/\/www.gold.fr\/news\/2019\/07\/04\/cours-de-lor-envolee-en-juin-au-plus-haut-depuis-2013\/#primaryimage","url":"https:\/\/www.gold.fr\/news\/wp-content\/uploads\/2019\/07\/stephan-henning-S0hFspmvm_s-unsplash.jpg","contentUrl":"https:\/\/www.gold.fr\/news\/wp-content\/uploads\/2019\/07\/stephan-henning-S0hFspmvm_s-unsplash.jpg","width":4288,"height":2848,"caption":"Cours de l\u2019or\u00a0: envol\u00e9e en juin, au plus haut depuis 2013"},{"@type":"BreadcrumbList","@id":"https:\/\/www.gold.fr\/news\/2019\/07\/04\/cours-de-lor-envolee-en-juin-au-plus-haut-depuis-2013\/#breadcrumb","itemListElement":[{"@type":"ListItem","position":1,"name":"Accueil","item":"https:\/\/www.gold.fr\/"},{"@type":"ListItem","position":2,"name":"Actualit\u00e9s","item":"https:\/\/www.gold.fr\/news\/"},{"@type":"ListItem","position":3,"name":"Cours de l\u2019or\u00a0: envol\u00e9e en juin, au plus haut depuis 2013"}]},{"@type":"WebSite","@id":"https:\/\/www.gold.fr\/news\/#website","url":"https:\/\/www.gold.fr\/news\/","name":"Gold.fr","description":"Actualit\u00e9s de l&#039;Or et des m\u00e9taux pr\u00e9cieux","potentialAction":[{"@type":"SearchAction","target":{"@type":"EntryPoint","urlTemplate":"https:\/\/www.gold.fr\/news\/?s={search_term_string}"},"query-input":{"@type":"PropertyValueSpecification","valueRequired":true,"valueName":"search_term_string"}}],"inLanguage":"fr-FR"},{"@type":"Person","@id":"https:\/\/www.gold.fr\/news\/#\/schema\/person\/4ed91d9a70d8f3a313c26e8308214fc2","name":"Laurent Schwartz","image":{"@type":"ImageObject","inLanguage":"fr-FR","@id":"https:\/\/secure.gravatar.com\/avatar\/1496f846049365121827f5470219486f1a95f83957cc8ca0a9595e40c185f5ee?s=96&d=mm&r=g76f0e87c9ba82a161860a0fc16990d85","url":"https:\/\/secure.gravatar.com\/avatar\/1496f846049365121827f5470219486f1a95f83957cc8ca0a9595e40c185f5ee?s=96&d=mm&r=g","contentUrl":"https:\/\/secure.gravatar.com\/avatar\/1496f846049365121827f5470219486f1a95f83957cc8ca0a9595e40c185f5ee?s=96&d=mm&r=g","caption":"Laurent Schwartz"},"description":"Dipl\u00f4m\u00e9 de l\u2019EDHEC Business School en 2005, Laurent SCHWARTZ int\u00e8gre le cabinet d\u2019audit ERNST &amp; YOUNG en 2005 o\u00f9 il travaille pendant 4 ans. Parall\u00e8lement, il travaille au sein de l\u2019entreprise familiale cr\u00e9\u00e9e en 1976 \u00e0 Strasbourg. Fort de cette exp\u00e9rience et du savoir-faire d\u00e9velopp\u00e9 durant ces 40 derni\u00e8res ann\u00e9es, Laurent proc\u00e8de \u00e0 la refonte du site Internet Gold.fr d\u00e9di\u00e9 \u00e0 l\u2019achat d'or, vente d\u2019or (pi\u00e8ces, lingots, ...), achat or et argent,... qui conna\u00eetra un franc succ\u00e8s d\u00e8s son d\u00e9marrage en 2008. Il d\u00e9cide alors de d\u00e9velopper un r\u00e9seau de concessions exclusives: Le Comptoir National de l\u2019Or. Il assure d\u00e9sormais le pilotage strat\u00e9gique du 1er r\u00e9seau de France qui compte aujourd\u2019hui pas loin de 60 agences r\u00e9parties dans toute la France et depuis peu en Allemagne (Breisach). Le Comptoir National de l\u2019Or se positionne aujourd\u2019hui comme le leader incontournable sur le march\u00e9 de l\u2019Or et des m\u00e9taux pr\u00e9cieux en France.","sameAs":["https:\/\/www.gold.fr","https:\/\/www.linkedin.com\/in\/acheteror\/"]}]}},"authors":[{"term_id":2567,"user_id":6,"is_guest":0,"slug":"laurent","display_name":"Laurent Schwartz","avatar_url":"https:\/\/secure.gravatar.com\/avatar\/1496f846049365121827f5470219486f1a95f83957cc8ca0a9595e40c185f5ee?s=96&d=mm&r=g","0":null,"1":"","2":"","3":"","4":"","5":"","6":"","7":"","8":""}],"_links":{"self":[{"href":"https:\/\/www.gold.fr\/news\/wp-json\/wp\/v2\/posts\/35230","targetHints":{"allow":["GET"]}}],"collection":[{"href":"https:\/\/www.gold.fr\/news\/wp-json\/wp\/v2\/posts"}],"about":[{"href":"https:\/\/www.gold.fr\/news\/wp-json\/wp\/v2\/types\/post"}],"author":[{"embeddable":true,"href":"https:\/\/www.gold.fr\/news\/wp-json\/wp\/v2\/users\/6"}],"replies":[{"embeddable":true,"href":"https:\/\/www.gold.fr\/news\/wp-json\/wp\/v2\/comments?post=35230"}],"version-history":[{"count":0,"href":"https:\/\/www.gold.fr\/news\/wp-json\/wp\/v2\/posts\/35230\/revisions"}],"wp:featuredmedia":[{"embeddable":true,"href":"https:\/\/www.gold.fr\/news\/wp-json\/wp\/v2\/media\/35234"}],"wp:attachment":[{"href":"https:\/\/www.gold.fr\/news\/wp-json\/wp\/v2\/media?parent=35230"}],"wp:term":[{"taxonomy":"category","embeddable":true,"href":"https:\/\/www.gold.fr\/news\/wp-json\/wp\/v2\/categories?post=35230"},{"taxonomy":"post_tag","embeddable":true,"href":"https:\/\/www.gold.fr\/news\/wp-json\/wp\/v2\/tags?post=35230"},{"taxonomy":"author","embeddable":true,"href":"https:\/\/www.gold.fr\/news\/wp-json\/wp\/v2\/ppma_author?post=35230"}],"curies":[{"name":"wp","href":"https:\/\/api.w.org\/{rel}","templated":true}]}}