{"id":35077,"date":"2019-04-26T12:18:34","date_gmt":"2019-04-26T10:18:34","guid":{"rendered":"https:\/\/www.gold.fr\/news\/?p=35077"},"modified":"2021-01-11T14:17:40","modified_gmt":"2021-01-11T13:17:40","slug":"peak-gold-allons-nous-bientot-manquer-dor","status":"publish","type":"post","link":"https:\/\/www.gold.fr\/news\/2019\/04\/26\/peak-gold-allons-nous-bientot-manquer-dor\/","title":{"rendered":"Peak Gold : allons-nous bient\u00f4t manquer d\u2019or ?"},"content":{"rendered":"<p><em>Cette th\u00e9orie, qui proph\u00e9tise le pic, puis le d\u00e9clin de la production d\u2019or, gagne en popularit\u00e9 depuis plusieurs ann\u00e9es. Une vision positive pour le <a title=\"cours de l\u2019or\" href=\"https:\/\/www.gold.fr\/cours-or-prix-de-l-or\/\">cours de l\u2019or<\/a> \u00e0 long terme.<\/em> Dans un article r\u00e9cent intitul\u00e9 <strong><a href=\"https:\/\/www.gold.fr\/news\/2019\/03\/18\/le-monde-manquera-t-il-dor-avant-de-manquer-de-petrole\/\">\u00ab Le monde manquera-t-il d\u2019or avant de manquer de p\u00e9trole ?<\/a> \u00bb<\/strong>, nous indiquions que les r\u00e9serves mondiales d\u2019or encore enfouies sous terre correspondaient \u00e0 environ 16 ann\u00e9es de production au rythme actuel. Un chiffre qui en a surpris beaucoup, \u00e0 en juger par l\u2019int\u00e9r\u00eat qu\u2019a suscit\u00e9 l\u2019information&#8230;<\/p>\n<h3>Le Peak Gold, c\u2019est quoi ?<\/h3>\n<p>Cette situation est pourtant bien connue des experts de l\u2019or, et tout particuli\u00e8rement des partisans de la th\u00e9orie du <a href=\"https:\/\/en.wikipedia.org\/wiki\/Peak_gold\" target=\"_blank\" rel=\"noopener noreferrer\"><strong>Peak Gold<\/strong><\/a>. Pour eux, la production mini\u00e8re d\u2019or aurait atteint \u2013 ou atteindra bient\u00f4t &#8211; un pic, et serait condamn\u00e9e \u00e0 d\u00e9cliner, en raison de l\u2019absence de d\u00e9couvertes majeures et de l\u2019\u00e9puisement des gisements. Cette th\u00e9orie n\u2019est pas nouvelle et gagne en popularit\u00e9 ces derni\u00e8res ann\u00e9es : d\u2019abord annonc\u00e9 par Goldman Sachs en 2015, le th\u00e8me a \u00e9t\u00e9 relay\u00e9 par Randall Oliphant, le pr\u00e9sident du prestigieux World Gold Council en 2017. Plus r\u00e9cemment, c\u2019est Ian Tefler, le PDG fondateur de Goldcorp (maintenant 1er producteur mondial apr\u00e8s la fusion avec Newmont) qui a raviv\u00e9 le sujet dans une interview de mai 2018. \u00ab Nous sommes au peak gold \u00bb a-t-il d\u00e9clar\u00e9 au Financial Post. \u00ab soit [la production] commence \u00e0 baisser cette ann\u00e9e, soit l\u2019ann\u00e9e prochaine, ou alors elle est d\u00e9j\u00e0 en train de baisser&#8230; \u00bb<\/p>\n<h3>Un d\u00e9clin de la production mini\u00e8re d\u00e9j\u00e0 amorc\u00e9 ?<\/h3>\n<p>A premi\u00e8re vue, les chiffres semblent leur donner tort. Selon le World Gold Council la production mini\u00e8re mondiale a augment\u00e9 de 0.8% l\u2019ann\u00e9e derni\u00e8re. Si 2018 est une ann\u00e9e record de production, c\u2019est cependant la plus faible progression depuis 10 ans, signe d\u2019un essoufflement. D\u2019autres signes commencent \u00e0 s\u2019accumuler. Ainsi, <strong><a href=\"https:\/\/www.gold.fr\/news\/2018\/12\/28\/la-production-americaine-en-net-recul\/\">la production am\u00e9ricaine a recul\u00e9 en 2018<\/a>,<\/strong> atteignant son plus bas niveau depuis 1991, date \u00e0 laquelle on dispose des premiers chiffres. La production chinoise connait une situation similaire,<strong> <a href=\"https:\/\/www.gold.fr\/news\/2019\/03\/12\/chine-la-production-dor-chute-de-6-en-2018\/\">avec un recul de 6% en 2018<\/a> <\/strong>en raison de normes environnementales plus strictes. Ce ph\u00e9nom\u00e8ne touche \u00e9galement les soci\u00e9t\u00e9s mini\u00e8res : Barrick, d\u00e9sormais second producteur mondial, a vu <strong><a href=\"https:\/\/www.gold.fr\/news\/2019\/02\/26\/le-plus-gros-producteur-dor-voit-sa-production-chuter-de-15-en-2018\/\">sa production chuter de 15%<\/a><\/strong> l\u2019ann\u00e9e derni\u00e8re&#8230;<\/p>\n<h3>Aucune d\u00e9couverte d\u2019ampleur ces derni\u00e8res ann\u00e9es<\/h3>\n<p>C\u2019est le constat de la plupart des experts : les d\u00e9couvertes de m\u00e9ga-gisements appartiennent au pass\u00e9 et il n\u2019y a plus d\u2019or \u00ab facile \u00bb \u00e0 trouver. \u00ab Est-ce qu\u2019on ne le cherche pas ? Sommes-nous mauvais pour le trouver ? L\u2019avons-nous tout trouv\u00e9 ? Ma r\u00e9ponse est que nous l\u2019avons tout trouv\u00e9. A 1300 dollars l\u2019once d\u2019or, je ne pense pas qu\u2019il reste des gisements, en tout cas rien de significatif. Et c\u2019est ce que montrent les r\u00e9sultats d\u2019exploration \u00bb d\u00e9clarait Tefler au Financial Post. En effet, dans les ann\u00e9es 90, il y avait en moyenne 13 d\u00e9couvertes significatives par an. Dans les\u00a0 ann\u00e9es 2000, le chiffre tombe \u00e0 9. Depuis 2010, c\u2019est moins de 2 d\u00e9couvertes significatives par an. Les derni\u00e8res ayant le potentiel de d\u00e9passer les 5 millions d\u2019onces (155 tonnes) sont celles de Bruce Jack au Canada (8.7 millions d\u2019onces, 2008), Cot\u00e9 (Ontario, 4.6 millions d\u2019onces, 2010) et de Haiyu en Chine (16.4 million d\u2019onces, 2011). Cette rar\u00e9faction des d\u00e9couvertes significatives est inqui\u00e9tante, surtout lorsque l\u2019on sait que les budgets d\u2019exploration sont globalement \u00e0 des niveaux \u00e9lev\u00e9s. Enfin, il est probable que les gisements importants restant \u00e0 d\u00e9couvrir se situent d\u00e9sormais dans des r\u00e9gions politiquement plus instables, ou moins propices \u00e0 l\u2019investissement.<\/p>\n<h3>La technologie au secours des producteurs ?<\/h3>\n<p>Les d\u00e9tracteurs de la th\u00e9orie du <strong>peak gold<\/strong> \u00e9voquent souvent le parall\u00e8le avec le secteur p\u00e9trolier. Longtemps annonc\u00e9, le Peak Oil ne s\u2019est pas produit en raison du boom des p\u00e9troles de schistes aux Etats-Unis, permis par des technologies de forages innovantes. Une telle r\u00e9volution technologique est-elle possible pour l\u2019or ? C\u2019est peu probable, car le processus d\u2019extraction ne change pas : les plus grosses concentrations actuelles \u00e9tant d\u2019une dizaine de grammes par tonne, il faudra toujours extraire des milliers de tonnes d\u2019agr\u00e9gats pour les traiter, ce\u00a0 qui rend beaucoup de petits gisements non rentables. N\u00e9anmoins, le digital et l\u2019intelligence artificielle pourraient contribuer \u00e0 une exploration plus efficace. Ainsi Goldcorp (maintenant absorb\u00e9 par Newmont), a r\u00e9cemment nou\u00e9 un <strong><a href=\"https:\/\/blog.goldcorp.com\/fr\/2019\/01\/30\/le-projet-de-goldcorp-et-watson-dibm-canada-remporte-le-prix-2018-du-mining-magazine-pour-lexploration\/\">partenariat avec IBM et sa solution Watson<\/a>,<\/strong> pour analyser des donn\u00e9es g\u00e9ologiques avec ses algorithmes. Enfin, les \u00e9quipements et v\u00e9hicules autonomes se d\u00e9veloppent sur les sites miniers. Fin 2018, plusieurs essais \u00e9taient en cours,<strong><a href=\"https:\/\/www.usinenouvelle.com\/article\/au-bresil-vale-mise-sur-les-camions-autonomes.N742409\"> notamment par Caterpillar.<\/a><\/strong> Mais on est encore loin de la mine autonome&#8230;<\/p>\n<h3>Une bonne nouvelle pour les cours \u00e0 long terme<\/h3>\n<p>Il faut 15 \u00e0 20 ans entre les premi\u00e8res d\u00e9couvertes de gisements et le d\u00e9but de l\u2019exploitation d\u2019une mine aurif\u00e8re, un long d\u00e9lai du aux processus d\u2019\u00e9tudes et d\u2019autorisations. Selon certains analystes, l\u2019absence de d\u00e9couverte majeures ces derni\u00e8res ann\u00e9es pourrait donc s\u00e9rieusement se faire sentir dans une dizaine d\u2019ann\u00e9e. C\u2019est donc une bonne nouvelle \u00e0 long terme pour le cours de l\u2019or : une production qui ne pourrait r\u00e9pondre \u00e0 un accroissement de la demande conduirait en toute logique \u00e0 une hausse des cours. D\u2019autant que tout indique que la demande d\u2019or va rester ferme dans les ann\u00e9es \u00e0 venir. Un argument de plus, s\u2019il en fallait, pour l\u2019or comme investissement de long-terme<\/p>\n<!-- AddThis Advanced Settings generic via filter on the_content --><!-- AddThis Share Buttons generic via filter on the_content -->","protected":false},"excerpt":{"rendered":"<p>Cette th\u00e9orie, qui proph\u00e9tise le pic, puis le d\u00e9clin de la production d\u2019or, gagne en popularit\u00e9 depuis plusieurs ann\u00e9es. Une vision positive pour le cours de l\u2019or \u00e0 long terme. Dans un article r\u00e9cent intitul\u00e9 \u00ab [&hellip;]<\/p>\n","protected":false},"author":6,"featured_media":35079,"comment_status":"closed","ping_status":"closed","sticky":false,"template":"","format":"standard","meta":{"_mbp_gutenberg_autopost":false,"_pgmb_is_evergreen":false,"_pgmb_ap_template_id":0,"footnotes":""},"categories":[4,6],"tags":[923,137],"ppma_author":[2567],"class_list":["post-35077","post","type-post","status-publish","format-standard","has-post-thumbnail","hentry","category-analyses-economiques","category-articles-de-presse","tag-crise","tag-demande-dor"],"yoast_head":"<!-- This site is optimized with the Yoast SEO plugin v27.5 - https:\/\/yoast.com\/product\/yoast-seo-wordpress\/ -->\n<title>Peak Gold : allons-nous bient\u00f4t manquer d\u2019or ? - Gold.fr<\/title>\n<meta name=\"description\" content=\"Peak Gold : allons-nous bient\u00f4t manquer d\u2019or ? Un d\u00e9clin de la production mini\u00e8re d\u00e9j\u00e0 amorc\u00e9 ? La technologie au secours des producteurs ?\" \/>\n<meta name=\"robots\" content=\"index, follow, max-snippet:-1, max-image-preview:large, max-video-preview:-1\" \/>\n<link rel=\"canonical\" href=\"https:\/\/www.gold.fr\/news\/2019\/04\/26\/peak-gold-allons-nous-bientot-manquer-dor\/\" \/>\n<meta property=\"og:locale\" content=\"fr_FR\" \/>\n<meta property=\"og:type\" content=\"article\" \/>\n<meta property=\"og:title\" content=\"Peak Gold : allons-nous bient\u00f4t manquer d\u2019or ? - Gold.fr\" \/>\n<meta property=\"og:description\" content=\"Peak Gold : allons-nous bient\u00f4t manquer d\u2019or ? Un d\u00e9clin de la production mini\u00e8re d\u00e9j\u00e0 amorc\u00e9 ? La technologie au secours des producteurs ?\" \/>\n<meta property=\"og:url\" content=\"https:\/\/www.gold.fr\/news\/2019\/04\/26\/peak-gold-allons-nous-bientot-manquer-dor\/\" \/>\n<meta property=\"og:site_name\" content=\"Gold.fr\" \/>\n<meta property=\"article:publisher\" content=\"https:\/\/www.facebook.com\/Goldfr\/\" \/>\n<meta property=\"article:published_time\" content=\"2019-04-26T10:18:34+00:00\" \/>\n<meta property=\"article:modified_time\" content=\"2021-01-11T13:17:40+00:00\" \/>\n<meta property=\"og:image\" content=\"https:\/\/www.gold.fr\/news\/wp-content\/uploads\/2019\/04\/gold-bars-and-rounds.jpg\" \/>\n\t<meta property=\"og:image:width\" content=\"790\" \/>\n\t<meta property=\"og:image:height\" content=\"520\" \/>\n\t<meta property=\"og:image:type\" content=\"image\/jpeg\" \/>\n<meta name=\"author\" content=\"Laurent Schwartz\" \/>\n<meta name=\"twitter:card\" content=\"summary_large_image\" \/>\n<meta name=\"twitter:label1\" content=\"\u00c9crit par\" \/>\n\t<meta name=\"twitter:data1\" content=\"Laurent Schwartz\" \/>\n\t<meta name=\"twitter:label2\" content=\"Dur\u00e9e de lecture estim\u00e9e\" \/>\n\t<meta name=\"twitter:data2\" content=\"5 minutes\" \/>\n<script type=\"application\/ld+json\" class=\"yoast-schema-graph\">{\"@context\":\"https:\\\/\\\/schema.org\",\"@graph\":[{\"@type\":\"Article\",\"@id\":\"https:\\\/\\\/www.gold.fr\\\/news\\\/2019\\\/04\\\/26\\\/peak-gold-allons-nous-bientot-manquer-dor\\\/#article\",\"isPartOf\":{\"@id\":\"https:\\\/\\\/www.gold.fr\\\/news\\\/2019\\\/04\\\/26\\\/peak-gold-allons-nous-bientot-manquer-dor\\\/\"},\"author\":{\"name\":\"Laurent Schwartz\",\"@id\":\"https:\\\/\\\/www.gold.fr\\\/news\\\/#\\\/schema\\\/person\\\/4ed91d9a70d8f3a313c26e8308214fc2\"},\"headline\":\"Peak Gold : allons-nous bient\u00f4t manquer d\u2019or ?\",\"datePublished\":\"2019-04-26T10:18:34+00:00\",\"dateModified\":\"2021-01-11T13:17:40+00:00\",\"mainEntityOfPage\":{\"@id\":\"https:\\\/\\\/www.gold.fr\\\/news\\\/2019\\\/04\\\/26\\\/peak-gold-allons-nous-bientot-manquer-dor\\\/\"},\"wordCount\":959,\"image\":{\"@id\":\"https:\\\/\\\/www.gold.fr\\\/news\\\/2019\\\/04\\\/26\\\/peak-gold-allons-nous-bientot-manquer-dor\\\/#primaryimage\"},\"thumbnailUrl\":\"https:\\\/\\\/www.gold.fr\\\/news\\\/wp-content\\\/uploads\\\/2019\\\/04\\\/gold-bars-and-rounds.jpg\",\"keywords\":[\"crise\",\"demande d'or\"],\"articleSection\":[\"Analyses Economiques\",\"Articles de presse\"],\"inLanguage\":\"fr-FR\"},{\"@type\":\"WebPage\",\"@id\":\"https:\\\/\\\/www.gold.fr\\\/news\\\/2019\\\/04\\\/26\\\/peak-gold-allons-nous-bientot-manquer-dor\\\/\",\"url\":\"https:\\\/\\\/www.gold.fr\\\/news\\\/2019\\\/04\\\/26\\\/peak-gold-allons-nous-bientot-manquer-dor\\\/\",\"name\":\"Peak Gold : allons-nous bient\u00f4t manquer d\u2019or ? - Gold.fr\",\"isPartOf\":{\"@id\":\"https:\\\/\\\/www.gold.fr\\\/news\\\/#website\"},\"primaryImageOfPage\":{\"@id\":\"https:\\\/\\\/www.gold.fr\\\/news\\\/2019\\\/04\\\/26\\\/peak-gold-allons-nous-bientot-manquer-dor\\\/#primaryimage\"},\"image\":{\"@id\":\"https:\\\/\\\/www.gold.fr\\\/news\\\/2019\\\/04\\\/26\\\/peak-gold-allons-nous-bientot-manquer-dor\\\/#primaryimage\"},\"thumbnailUrl\":\"https:\\\/\\\/www.gold.fr\\\/news\\\/wp-content\\\/uploads\\\/2019\\\/04\\\/gold-bars-and-rounds.jpg\",\"datePublished\":\"2019-04-26T10:18:34+00:00\",\"dateModified\":\"2021-01-11T13:17:40+00:00\",\"author\":{\"@id\":\"https:\\\/\\\/www.gold.fr\\\/news\\\/#\\\/schema\\\/person\\\/4ed91d9a70d8f3a313c26e8308214fc2\"},\"description\":\"Peak Gold : allons-nous bient\u00f4t manquer d\u2019or ? Un d\u00e9clin de la production mini\u00e8re d\u00e9j\u00e0 amorc\u00e9 ? La technologie au secours des producteurs ?\",\"breadcrumb\":{\"@id\":\"https:\\\/\\\/www.gold.fr\\\/news\\\/2019\\\/04\\\/26\\\/peak-gold-allons-nous-bientot-manquer-dor\\\/#breadcrumb\"},\"inLanguage\":\"fr-FR\",\"potentialAction\":[{\"@type\":\"ReadAction\",\"target\":[\"https:\\\/\\\/www.gold.fr\\\/news\\\/2019\\\/04\\\/26\\\/peak-gold-allons-nous-bientot-manquer-dor\\\/\"]}]},{\"@type\":\"ImageObject\",\"inLanguage\":\"fr-FR\",\"@id\":\"https:\\\/\\\/www.gold.fr\\\/news\\\/2019\\\/04\\\/26\\\/peak-gold-allons-nous-bientot-manquer-dor\\\/#primaryimage\",\"url\":\"https:\\\/\\\/www.gold.fr\\\/news\\\/wp-content\\\/uploads\\\/2019\\\/04\\\/gold-bars-and-rounds.jpg\",\"contentUrl\":\"https:\\\/\\\/www.gold.fr\\\/news\\\/wp-content\\\/uploads\\\/2019\\\/04\\\/gold-bars-and-rounds.jpg\",\"width\":790,\"height\":520,\"caption\":\"Peak Gold : allons-nous peu \u00e0 peu manquer d\u2019or\u00a0?\"},{\"@type\":\"BreadcrumbList\",\"@id\":\"https:\\\/\\\/www.gold.fr\\\/news\\\/2019\\\/04\\\/26\\\/peak-gold-allons-nous-bientot-manquer-dor\\\/#breadcrumb\",\"itemListElement\":[{\"@type\":\"ListItem\",\"position\":1,\"name\":\"Accueil\",\"item\":\"https:\\\/\\\/www.gold.fr\\\/\"},{\"@type\":\"ListItem\",\"position\":2,\"name\":\"Actualit\u00e9s\",\"item\":\"https:\\\/\\\/www.gold.fr\\\/news\\\/\"},{\"@type\":\"ListItem\",\"position\":3,\"name\":\"Peak Gold : allons-nous bient\u00f4t manquer d\u2019or ?\"}]},{\"@type\":\"WebSite\",\"@id\":\"https:\\\/\\\/www.gold.fr\\\/news\\\/#website\",\"url\":\"https:\\\/\\\/www.gold.fr\\\/news\\\/\",\"name\":\"Gold.fr\",\"description\":\"Actualit\u00e9s de l&#039;Or et des m\u00e9taux pr\u00e9cieux\",\"potentialAction\":[{\"@type\":\"SearchAction\",\"target\":{\"@type\":\"EntryPoint\",\"urlTemplate\":\"https:\\\/\\\/www.gold.fr\\\/news\\\/?s={search_term_string}\"},\"query-input\":{\"@type\":\"PropertyValueSpecification\",\"valueRequired\":true,\"valueName\":\"search_term_string\"}}],\"inLanguage\":\"fr-FR\"},{\"@type\":\"Person\",\"@id\":\"https:\\\/\\\/www.gold.fr\\\/news\\\/#\\\/schema\\\/person\\\/4ed91d9a70d8f3a313c26e8308214fc2\",\"name\":\"Laurent Schwartz\",\"image\":{\"@type\":\"ImageObject\",\"inLanguage\":\"fr-FR\",\"@id\":\"https:\\\/\\\/secure.gravatar.com\\\/avatar\\\/1496f846049365121827f5470219486f1a95f83957cc8ca0a9595e40c185f5ee?s=96&d=mm&r=g76f0e87c9ba82a161860a0fc16990d85\",\"url\":\"https:\\\/\\\/secure.gravatar.com\\\/avatar\\\/1496f846049365121827f5470219486f1a95f83957cc8ca0a9595e40c185f5ee?s=96&d=mm&r=g\",\"contentUrl\":\"https:\\\/\\\/secure.gravatar.com\\\/avatar\\\/1496f846049365121827f5470219486f1a95f83957cc8ca0a9595e40c185f5ee?s=96&d=mm&r=g\",\"caption\":\"Laurent Schwartz\"},\"description\":\"Dipl\u00f4m\u00e9 de l\u2019EDHEC Business School en 2005, Laurent SCHWARTZ int\u00e8gre le cabinet d\u2019audit ERNST &amp; YOUNG en 2005 o\u00f9 il travaille pendant 4 ans. Parall\u00e8lement, il travaille au sein de l\u2019entreprise familiale cr\u00e9\u00e9e en 1976 \u00e0 Strasbourg. Fort de cette exp\u00e9rience et du savoir-faire d\u00e9velopp\u00e9 durant ces 40 derni\u00e8res ann\u00e9es, Laurent proc\u00e8de \u00e0 la refonte du site Internet Gold.fr d\u00e9di\u00e9 \u00e0 l\u2019achat d'or, vente d\u2019or (pi\u00e8ces, lingots, ...), achat or et argent,... qui conna\u00eetra un franc succ\u00e8s d\u00e8s son d\u00e9marrage en 2008. Il d\u00e9cide alors de d\u00e9velopper un r\u00e9seau de concessions exclusives: Le Comptoir National de l\u2019Or. Il assure d\u00e9sormais le pilotage strat\u00e9gique du 1er r\u00e9seau de France qui compte aujourd\u2019hui pas loin de 60 agences r\u00e9parties dans toute la France et depuis peu en Allemagne (Breisach). Le Comptoir National de l\u2019Or se positionne aujourd\u2019hui comme le leader incontournable sur le march\u00e9 de l\u2019Or et des m\u00e9taux pr\u00e9cieux en France.\",\"sameAs\":[\"https:\\\/\\\/www.gold.fr\",\"https:\\\/\\\/www.linkedin.com\\\/in\\\/acheteror\\\/\"]}]}<\/script>\n<!-- \/ Yoast SEO plugin. -->","yoast_head_json":{"title":"Peak Gold : allons-nous bient\u00f4t manquer d\u2019or ? - Gold.fr","description":"Peak Gold : allons-nous bient\u00f4t manquer d\u2019or ? Un d\u00e9clin de la production mini\u00e8re d\u00e9j\u00e0 amorc\u00e9 ? La technologie au secours des producteurs ?","robots":{"index":"index","follow":"follow","max-snippet":"max-snippet:-1","max-image-preview":"max-image-preview:large","max-video-preview":"max-video-preview:-1"},"canonical":"https:\/\/www.gold.fr\/news\/2019\/04\/26\/peak-gold-allons-nous-bientot-manquer-dor\/","og_locale":"fr_FR","og_type":"article","og_title":"Peak Gold : allons-nous bient\u00f4t manquer d\u2019or ? - Gold.fr","og_description":"Peak Gold : allons-nous bient\u00f4t manquer d\u2019or ? Un d\u00e9clin de la production mini\u00e8re d\u00e9j\u00e0 amorc\u00e9 ? La technologie au secours des producteurs ?","og_url":"https:\/\/www.gold.fr\/news\/2019\/04\/26\/peak-gold-allons-nous-bientot-manquer-dor\/","og_site_name":"Gold.fr","article_publisher":"https:\/\/www.facebook.com\/Goldfr\/","article_published_time":"2019-04-26T10:18:34+00:00","article_modified_time":"2021-01-11T13:17:40+00:00","og_image":[{"width":790,"height":520,"url":"https:\/\/www.gold.fr\/news\/wp-content\/uploads\/2019\/04\/gold-bars-and-rounds.jpg","type":"image\/jpeg"}],"author":"Laurent Schwartz","twitter_card":"summary_large_image","twitter_misc":{"\u00c9crit par":"Laurent Schwartz","Dur\u00e9e de lecture estim\u00e9e":"5 minutes"},"schema":{"@context":"https:\/\/schema.org","@graph":[{"@type":"Article","@id":"https:\/\/www.gold.fr\/news\/2019\/04\/26\/peak-gold-allons-nous-bientot-manquer-dor\/#article","isPartOf":{"@id":"https:\/\/www.gold.fr\/news\/2019\/04\/26\/peak-gold-allons-nous-bientot-manquer-dor\/"},"author":{"name":"Laurent Schwartz","@id":"https:\/\/www.gold.fr\/news\/#\/schema\/person\/4ed91d9a70d8f3a313c26e8308214fc2"},"headline":"Peak Gold : allons-nous bient\u00f4t manquer d\u2019or ?","datePublished":"2019-04-26T10:18:34+00:00","dateModified":"2021-01-11T13:17:40+00:00","mainEntityOfPage":{"@id":"https:\/\/www.gold.fr\/news\/2019\/04\/26\/peak-gold-allons-nous-bientot-manquer-dor\/"},"wordCount":959,"image":{"@id":"https:\/\/www.gold.fr\/news\/2019\/04\/26\/peak-gold-allons-nous-bientot-manquer-dor\/#primaryimage"},"thumbnailUrl":"https:\/\/www.gold.fr\/news\/wp-content\/uploads\/2019\/04\/gold-bars-and-rounds.jpg","keywords":["crise","demande d'or"],"articleSection":["Analyses Economiques","Articles de presse"],"inLanguage":"fr-FR"},{"@type":"WebPage","@id":"https:\/\/www.gold.fr\/news\/2019\/04\/26\/peak-gold-allons-nous-bientot-manquer-dor\/","url":"https:\/\/www.gold.fr\/news\/2019\/04\/26\/peak-gold-allons-nous-bientot-manquer-dor\/","name":"Peak Gold : allons-nous bient\u00f4t manquer d\u2019or ? - Gold.fr","isPartOf":{"@id":"https:\/\/www.gold.fr\/news\/#website"},"primaryImageOfPage":{"@id":"https:\/\/www.gold.fr\/news\/2019\/04\/26\/peak-gold-allons-nous-bientot-manquer-dor\/#primaryimage"},"image":{"@id":"https:\/\/www.gold.fr\/news\/2019\/04\/26\/peak-gold-allons-nous-bientot-manquer-dor\/#primaryimage"},"thumbnailUrl":"https:\/\/www.gold.fr\/news\/wp-content\/uploads\/2019\/04\/gold-bars-and-rounds.jpg","datePublished":"2019-04-26T10:18:34+00:00","dateModified":"2021-01-11T13:17:40+00:00","author":{"@id":"https:\/\/www.gold.fr\/news\/#\/schema\/person\/4ed91d9a70d8f3a313c26e8308214fc2"},"description":"Peak Gold : allons-nous bient\u00f4t manquer d\u2019or ? Un d\u00e9clin de la production mini\u00e8re d\u00e9j\u00e0 amorc\u00e9 ? La technologie au secours des producteurs ?","breadcrumb":{"@id":"https:\/\/www.gold.fr\/news\/2019\/04\/26\/peak-gold-allons-nous-bientot-manquer-dor\/#breadcrumb"},"inLanguage":"fr-FR","potentialAction":[{"@type":"ReadAction","target":["https:\/\/www.gold.fr\/news\/2019\/04\/26\/peak-gold-allons-nous-bientot-manquer-dor\/"]}]},{"@type":"ImageObject","inLanguage":"fr-FR","@id":"https:\/\/www.gold.fr\/news\/2019\/04\/26\/peak-gold-allons-nous-bientot-manquer-dor\/#primaryimage","url":"https:\/\/www.gold.fr\/news\/wp-content\/uploads\/2019\/04\/gold-bars-and-rounds.jpg","contentUrl":"https:\/\/www.gold.fr\/news\/wp-content\/uploads\/2019\/04\/gold-bars-and-rounds.jpg","width":790,"height":520,"caption":"Peak Gold : allons-nous peu \u00e0 peu manquer d\u2019or\u00a0?"},{"@type":"BreadcrumbList","@id":"https:\/\/www.gold.fr\/news\/2019\/04\/26\/peak-gold-allons-nous-bientot-manquer-dor\/#breadcrumb","itemListElement":[{"@type":"ListItem","position":1,"name":"Accueil","item":"https:\/\/www.gold.fr\/"},{"@type":"ListItem","position":2,"name":"Actualit\u00e9s","item":"https:\/\/www.gold.fr\/news\/"},{"@type":"ListItem","position":3,"name":"Peak Gold : allons-nous bient\u00f4t manquer d\u2019or ?"}]},{"@type":"WebSite","@id":"https:\/\/www.gold.fr\/news\/#website","url":"https:\/\/www.gold.fr\/news\/","name":"Gold.fr","description":"Actualit\u00e9s de l&#039;Or et des m\u00e9taux pr\u00e9cieux","potentialAction":[{"@type":"SearchAction","target":{"@type":"EntryPoint","urlTemplate":"https:\/\/www.gold.fr\/news\/?s={search_term_string}"},"query-input":{"@type":"PropertyValueSpecification","valueRequired":true,"valueName":"search_term_string"}}],"inLanguage":"fr-FR"},{"@type":"Person","@id":"https:\/\/www.gold.fr\/news\/#\/schema\/person\/4ed91d9a70d8f3a313c26e8308214fc2","name":"Laurent Schwartz","image":{"@type":"ImageObject","inLanguage":"fr-FR","@id":"https:\/\/secure.gravatar.com\/avatar\/1496f846049365121827f5470219486f1a95f83957cc8ca0a9595e40c185f5ee?s=96&d=mm&r=g76f0e87c9ba82a161860a0fc16990d85","url":"https:\/\/secure.gravatar.com\/avatar\/1496f846049365121827f5470219486f1a95f83957cc8ca0a9595e40c185f5ee?s=96&d=mm&r=g","contentUrl":"https:\/\/secure.gravatar.com\/avatar\/1496f846049365121827f5470219486f1a95f83957cc8ca0a9595e40c185f5ee?s=96&d=mm&r=g","caption":"Laurent Schwartz"},"description":"Dipl\u00f4m\u00e9 de l\u2019EDHEC Business School en 2005, Laurent SCHWARTZ int\u00e8gre le cabinet d\u2019audit ERNST &amp; YOUNG en 2005 o\u00f9 il travaille pendant 4 ans. Parall\u00e8lement, il travaille au sein de l\u2019entreprise familiale cr\u00e9\u00e9e en 1976 \u00e0 Strasbourg. Fort de cette exp\u00e9rience et du savoir-faire d\u00e9velopp\u00e9 durant ces 40 derni\u00e8res ann\u00e9es, Laurent proc\u00e8de \u00e0 la refonte du site Internet Gold.fr d\u00e9di\u00e9 \u00e0 l\u2019achat d'or, vente d\u2019or (pi\u00e8ces, lingots, ...), achat or et argent,... qui conna\u00eetra un franc succ\u00e8s d\u00e8s son d\u00e9marrage en 2008. Il d\u00e9cide alors de d\u00e9velopper un r\u00e9seau de concessions exclusives: Le Comptoir National de l\u2019Or. Il assure d\u00e9sormais le pilotage strat\u00e9gique du 1er r\u00e9seau de France qui compte aujourd\u2019hui pas loin de 60 agences r\u00e9parties dans toute la France et depuis peu en Allemagne (Breisach). Le Comptoir National de l\u2019Or se positionne aujourd\u2019hui comme le leader incontournable sur le march\u00e9 de l\u2019Or et des m\u00e9taux pr\u00e9cieux en France.","sameAs":["https:\/\/www.gold.fr","https:\/\/www.linkedin.com\/in\/acheteror\/"]}]}},"authors":[{"term_id":2567,"user_id":6,"is_guest":0,"slug":"laurent","display_name":"Laurent Schwartz","avatar_url":"https:\/\/secure.gravatar.com\/avatar\/1496f846049365121827f5470219486f1a95f83957cc8ca0a9595e40c185f5ee?s=96&d=mm&r=g","0":null,"1":"","2":"","3":"","4":"","5":"","6":"","7":"","8":""}],"_links":{"self":[{"href":"https:\/\/www.gold.fr\/news\/wp-json\/wp\/v2\/posts\/35077","targetHints":{"allow":["GET"]}}],"collection":[{"href":"https:\/\/www.gold.fr\/news\/wp-json\/wp\/v2\/posts"}],"about":[{"href":"https:\/\/www.gold.fr\/news\/wp-json\/wp\/v2\/types\/post"}],"author":[{"embeddable":true,"href":"https:\/\/www.gold.fr\/news\/wp-json\/wp\/v2\/users\/6"}],"replies":[{"embeddable":true,"href":"https:\/\/www.gold.fr\/news\/wp-json\/wp\/v2\/comments?post=35077"}],"version-history":[{"count":0,"href":"https:\/\/www.gold.fr\/news\/wp-json\/wp\/v2\/posts\/35077\/revisions"}],"wp:featuredmedia":[{"embeddable":true,"href":"https:\/\/www.gold.fr\/news\/wp-json\/wp\/v2\/media\/35079"}],"wp:attachment":[{"href":"https:\/\/www.gold.fr\/news\/wp-json\/wp\/v2\/media?parent=35077"}],"wp:term":[{"taxonomy":"category","embeddable":true,"href":"https:\/\/www.gold.fr\/news\/wp-json\/wp\/v2\/categories?post=35077"},{"taxonomy":"post_tag","embeddable":true,"href":"https:\/\/www.gold.fr\/news\/wp-json\/wp\/v2\/tags?post=35077"},{"taxonomy":"author","embeddable":true,"href":"https:\/\/www.gold.fr\/news\/wp-json\/wp\/v2\/ppma_author?post=35077"}],"curies":[{"name":"wp","href":"https:\/\/api.w.org\/{rel}","templated":true}]}}