{"id":35045,"date":"2019-04-08T17:04:51","date_gmt":"2019-04-08T15:04:51","guid":{"rendered":"https:\/\/www.gold.fr\/news\/?p=35045"},"modified":"2021-01-11T14:19:04","modified_gmt":"2021-01-11T13:19:04","slug":"cours-de-lor-legere-consolidation-en-mars","status":"publish","type":"post","link":"https:\/\/www.gold.fr\/news\/2019\/04\/08\/cours-de-lor-legere-consolidation-en-mars\/","title":{"rendered":"Cours de l\u2019or : l\u00e9g\u00e8re consolidation en mars"},"content":{"rendered":"<h3><strong>Ce qu\u2019il faut retenir\u00a0du mois de Mars 2019 :<\/strong><\/h3>\n<ul>\n<li>Apr\u00e8s 5 mois cons\u00e9cutifs de hausse, l\u00e9ger repli en mars\u00a0: -0.43% en EUR<\/li>\n<li>Une corr\u00e9lation n\u00e9gative presque parfaite avec les actions<\/li>\n<li>Contexte \u00e9conomique\u00a0: entre optimisme et inqui\u00e9tude\u2026<\/li>\n<li>Baisse des taux r\u00e9els favorable \u00e0 l\u2019or<\/li>\n<li>La Chine ach\u00e8te 10 tonnes d\u2019or\u2026 pour le 3\u00e8me mois d\u2019affil\u00e9\u2026<\/li>\n<li>Apr\u00e8s avoir produit 3\u2019360 tonnes d\u2019or, la mine sud-africaine de Driefontein va fermer.<\/li>\n<\/ul>\n<p>  &nbsp;  <\/p>\n<h3><strong>Apr\u00e8s 5 mois cons\u00e9cutifs de hausse, l\u00e9ger repli\u00a0en mars : -0.43% en euros<\/strong><\/h3>\n<p>  Le 29 mars, au second fixing de Londres, les cours du m\u00e9tal jaune se sont \u00e9tablis \u00e0 respectivement 1153.81 euros et 1295.40 dollars. Apr\u00e8s 5 mois cons\u00e9cutifs de hausse, l\u2019or affiche un modeste repli de 0.43% en euro, tandis qu\u2019en dollars, la baisse est plus marqu\u00e9e (-1.80%). L\u2019\u00e9cart s\u2019explique par la hausse du billet vert sur le mois de mars. Depuis le d\u00e9but de l\u2019ann\u00e9e, l\u2019or reste nettement en terrain positif, \u00e0 +3.3% en EUR. \u00a0 <a href=\"https:\/\/www.gold.fr\/news\/wp-content\/uploads\/2019\/04\/en-tet-image-1.png\"><img loading=\"lazy\" decoding=\"async\" class=\"wp-image-35050 aligncenter\" src=\"https:\/\/www.gold.fr\/news\/wp-content\/uploads\/2019\/04\/en-tet-image-1-300x35.png\" alt=\"\" width=\"403\" height=\"47\" srcset=\"https:\/\/www.gold.fr\/news\/wp-content\/uploads\/2019\/04\/en-tet-image-1-300x35.png 300w, https:\/\/www.gold.fr\/news\/wp-content\/uploads\/2019\/04\/en-tet-image-1-768x90.png 768w, https:\/\/www.gold.fr\/news\/wp-content\/uploads\/2019\/04\/en-tet-image-1-9x1.png 9w, https:\/\/www.gold.fr\/news\/wp-content\/uploads\/2019\/04\/en-tet-image-1.png 987w\" sizes=\"auto, (max-width: 403px) 100vw, 403px\" \/><\/a>  <\/p>\n<p style=\"text-align: center;\"><a href=\"https:\/\/www.gold.fr\/news\/wp-content\/uploads\/2019\/04\/image-article-1-e1554729014709.png\"><img loading=\"lazy\" decoding=\"async\" class=\"wp-image-35046 aligncenter\" src=\"https:\/\/www.gold.fr\/news\/wp-content\/uploads\/2019\/04\/image-article-1-300x184.png\" alt=\"\" width=\"433\" height=\"265\" \/><\/a><\/p>\n<p style=\"text-align: center;\"><u>Source<\/u>\u00a0: LBMA<\/p>\n<h3><strong>Or et Cac 40\u00a0: corr\u00e9lation n\u00e9gative presque parfaite en mars<\/strong><\/h3>\n<p>  Le mois de mars a \u00e9t\u00e9 marqu\u00e9 par une excellente performance des march\u00e9s actions. Le Cac 40 progresse de 2.1% sur le mois. Aux Etats-Unis, le S&amp;P 500 affiche une quant \u00e0 lui une hausse de 1.8%. N\u00e9anmoins, sur un an glissant, le m\u00e9tal jaune affiche une performance de 7.37%, contre 3.55% pour l\u2019indice parisien. Le ph\u00e9nom\u00e8ne marquant du mois est la corr\u00e9lation n\u00e9gative presque parfaite illustr\u00e9e par le graphique ci-dessous. Les phases de correction des actions correspondent \u00e0 de bonnes s\u00e9ances pour l\u2019or et inversement. Il est \u00e0 noter que le rebond des actions de fin de mois correspond \u00e0 un retour d\u2019optimisme sur le march\u00e9 qui a pes\u00e9 sur les cours de l\u2019or. Cette corr\u00e9lation n\u00e9gative est toutefois une bonne chose pour le portefeuille des investisseurs\u00a0: elle signifie que le m\u00e9tal jaune joue son r\u00f4le de diversifiant et d\u2019actif refuge.  <\/p>\n<p style=\"text-align: center;\"><strong><u>Graphique<\/u><\/strong>\u00a0: performance compar\u00e9e de l\u2019or (en euros) et du Cac 40 en mars 2019<\/p>\n<p style=\"text-align: center;\"><a href=\"https:\/\/www.gold.fr\/news\/wp-content\/uploads\/2019\/04\/image-article-2-e1554731414729.png\"><img loading=\"lazy\" decoding=\"async\" class=\"wp-image-35047 aligncenter\" src=\"https:\/\/www.gold.fr\/news\/wp-content\/uploads\/2019\/04\/image-article-2-300x123.png\" alt=\"cours de l'or : l\u00e9g\u00e8re consolidation en mars \" width=\"517\" height=\"212\" \/><\/a><\/p>\n<p style=\"text-align: center;\"><u>Source<\/u>\u00a0: LBMA, yahoo<\/p>\n<p>  &nbsp;  <\/p>\n<h3><strong>Economie\u00a0: entre optimisme et inqui\u00e9tude<\/strong><\/h3>\n<p>  Le mois de mars a \u00e9t\u00e9 marqu\u00e9 par l\u2019am\u00e9lioration des perspectives sur un accord commercial entre les Etats-Unis et la Chine. M\u00eame si rien n\u2019est s\u00fbr tant que rien n\u2019est sign\u00e9, <a href=\"https:\/\/www.capital.fr\/economie-politique\/commerce-trump-pourrait-annoncer-la-date-de-sa-rencontre-avec-xi-jinping-1334209\">les indices pointent vers l\u2019optimisme<\/a>, ce qui a soutenu les march\u00e9s, en particulier actions. Les indicateurs \u00e9conomiques europ\u00e9ens restent mitig\u00e9s. Le secteur industriel continue de souffrir, particuli\u00e8rement en Allemagne o\u00f9 les chiffres publi\u00e9s en mars sur la production et les commandes restent en berne. Lors de sa r\u00e9union de politique mon\u00e9taire du 20 mars, la r\u00e9serve f\u00e9d\u00e9rale am\u00e9ricaine a maintenu ses taux inchang\u00e9 et donn\u00e9 des indications quant \u00e0 son programme de rachat d\u2019actif. Cette d\u00e9cision confirme le changement de politique amorc\u00e9 en Janvier. Face aux risques qui p\u00e8sent sur l\u2019\u00e9conomie, la Fed pourrait m\u00eame baisser ses taux d\u00e8s 2020. Mais l\u2019\u00e9v\u00e9nement qui a probablement le plus agit\u00e9 les esprits des analystes est l\u2019<a href=\"https:\/\/www.capital.fr\/entreprises-marches\/wall-st-craint-la-recession-avec-linversion-de-la-courbe-1333211\">inversion de la courbe des taux d\u2019int\u00e9r\u00eats am\u00e9ricains<\/a>. Cette inversion a en effet historiquement une f\u00e2cheuse tendance \u00e0 se produire quelques mois avant une r\u00e9cession\u2026  <\/p>\n<h3><strong>Des taux bas, toujours favorables \u00e0 l\u2019or<\/strong><\/h3>\n<p>  Les incertitudes sur la situation \u00e9conomique ont pouss\u00e9 les taux d\u2019int\u00e9r\u00eats r\u00e9els am\u00e9ricains \u00e0 la baisse. Le 10 ans am\u00e9ricains rapporte d\u00e9sormais 0.56% de plus que l\u2019inflation, son niveau le plus bas depuis janvier 2018. L\u2019or et les taux r\u00e9els sont traditionnellement inversement corr\u00e9l\u00e9s. Comme le rappelle Tom Hall, g\u00e9rant de portefeuille ressources naturelles chez Blackrock (le plus gros gestionnaire de fonds du monde), dans une interview \u00e0 Bloomberg (en anglais)\u00a0: \u00ab en g\u00e9n\u00e9ral, l\u2019or se comporte bien dans les p\u00e9riodes o\u00f9 les taux r\u00e9els sont inf\u00e9rieurs \u00e0 1.5%, et particuli\u00e8rement bien lorsque les taux r\u00e9els sont n\u00e9gatifs\u00a0\u00bb. Avec des taux r\u00e9els europ\u00e9ens en terrain n\u00e9gatif de -0.4%, toutes choses \u00e9gales par ailleurs, l\u2019or en euros devrait donc b\u00e9n\u00e9ficier de ce climat favorable\u2026.  <\/p>\n<p style=\"text-align: center;\"><strong><u>Graphique<\/u><\/strong>\u00a0: cours de l\u2019or et taux d\u2019int\u00e9r\u00eat r\u00e9els am\u00e9ricains<\/p>\n<p style=\"text-align: center;\"><a href=\"https:\/\/www.gold.fr\/news\/wp-content\/uploads\/2019\/04\/image-article-3-e1554731434676.png\"><img loading=\"lazy\" decoding=\"async\" class=\"wp-image-35048 aligncenter\" src=\"https:\/\/www.gold.fr\/news\/wp-content\/uploads\/2019\/04\/image-article-3-300x153.png\" alt=\"cours de l'or : l\u00e9g\u00e8re consolidation en mars\" width=\"493\" height=\"252\" \/><\/a><\/p>\n<p style=\"text-align: center;\"><u>Source<\/u>\u00a0: LBMA, FRED<\/p>\n<p>  &nbsp;  <\/p>\n<h3><strong>La Chine ach\u00e8te 10 tonnes d\u2019or\u2026 pour le 3\u00e8me mois d\u2019affil\u00e9\u2026<\/strong><\/h3>\n<p>  Nous l\u2019avions anticip\u00e9 lors de notre <a href=\"https:\/\/www.gold.fr\/news\/2019\/03\/08\/cours-de-lor-stabilisation-en-fevrier\/\">pr\u00e9c\u00e9dent rapport mensuel\u00a0<\/a>: la Chine vient d\u2019augmenter pour un troisi\u00e8me mois d\u2019affil\u00e9 ses r\u00e9serves d\u2019or. Apr\u00e8s 9.95 tonnes en d\u00e9cembre, 11.8 tonnes en janvier, la banque centrale chinoise a effectu\u00e9 un achat de 10 tonnes en f\u00e9vrier. Il semble que le pays soit engag\u00e9 sur une politique d\u2019achat r\u00e9guliers qui vise \u00e0 diversifier ses colossales r\u00e9serves de change. Colossales, c\u2019est bien le mot\u00a0: les r\u00e9serves de change chinoises se montent \u00e0 environ 3\u2019000 milliards de dollars. Faisons un rapide calcul qui donne le vertige. Si le pays introduisait ne serait-ce que 5% d\u2019or dans ses r\u00e9serves (soit 150 milliards de dollars), au cours actuel cela repr\u00e9senterait environ 3\u2019500 tonnes de m\u00e9tal jaune. Pour m\u00e9moire, les r\u00e9serves d\u00e9clar\u00e9es du pays sont de 1874 tonnes\u2026. Une affaire \u00e0 suivre donc, en avril\u00a0?  <\/p>\n<h3><strong>Apr\u00e8s avoir produit 3\u2019360 tonnes d\u2019or, la mine de Driefontein va fermer<\/strong><\/h3>\n<p>  Selon <a href=\"https:\/\/www.bloomberg.com\/news\/articles\/2019-03-27\/sibanye-s-driefontein-gold-mine-nearing-end-of-life-ceo-says\">Bloomberg News<\/a>, Sibanye Gold, le propri\u00e9taire de la mine de Driefontein en Afrique du sud, vient d\u2019annoncer son intention de fermer le site dans les 10 ans \u00e0 venir. La mine a longtemps \u00e9t\u00e9 la plus importante du monde\u00a0: ouverte en 1952, elle a produit depuis lors pr\u00e8s de 108 millions d\u2019onces, soit pr\u00e8s de 3360 tonnes d\u2019or, peu ou prou l\u2019\u00e9quivalent de la production annuelle en 2018\u00a0! Mais les heures de gloire du site appartiennent au pass\u00e9. La mine voit en effet ses r\u00e9serves diminuer rapidement, sa production a \u00e9t\u00e9 divis\u00e9e par 5 en 20 ans et ses couts ne cessent d\u2019augmenter. En outre, la plupart des op\u00e9rations se situent \u00e0 3 km sous terre, ce qui engendre de nombreuses probl\u00e9matiques de s\u00e9curit\u00e9 qui p\u00e8sent sur les co\u00fbts. En Afrique du Sud, cette annonce est le signe suppl\u00e9mentaire d\u2019une page qui se tourne. Le pays, autrefois premier producteur mondial, a vu sa production divis\u00e9e par 4 entre 1990 et 2017.<\/p>\n<!-- AddThis Advanced Settings generic via filter on the_content --><!-- AddThis Share Buttons generic via filter on the_content -->","protected":false},"excerpt":{"rendered":"<p>Ce qu\u2019il faut retenir\u00a0du mois de Mars 2019 : Apr\u00e8s 5 mois cons\u00e9cutifs de hausse, l\u00e9ger repli en mars\u00a0: -0.43% en EUR Une corr\u00e9lation n\u00e9gative presque parfaite avec les actions Contexte \u00e9conomique\u00a0: entre optimisme et inqui\u00e9tude\u2026 [&hellip;]<\/p>\n","protected":false},"author":6,"featured_media":35061,"comment_status":"closed","ping_status":"closed","sticky":false,"template":"","format":"standard","meta":{"_mbp_gutenberg_autopost":false,"_pgmb_is_evergreen":false,"_pgmb_ap_template_id":0,"footnotes":""},"categories":[4,5],"tags":[920,84],"ppma_author":[2567],"class_list":["post-35045","post","type-post","status-publish","format-standard","has-post-thumbnail","hentry","category-analyses-economiques","category-flash-infos","tag-consolidation-de-lor","tag-cours-de-lor"],"yoast_head":"<!-- This site is optimized with the Yoast SEO plugin v27.5 - https:\/\/yoast.com\/product\/yoast-seo-wordpress\/ -->\n<title>Cours de l\u2019or : l\u00e9g\u00e8re consolidation en mars - Gold.fr<\/title>\n<meta name=\"description\" content=\"Cours de l\u2019or l\u00e9g\u00e8re consolidation en mars, Or et Cac 40 : corr\u00e9lation n\u00e9gative presque parfaite en mars Economie, Prix, Evolution\" \/>\n<meta name=\"robots\" content=\"index, follow, max-snippet:-1, max-image-preview:large, max-video-preview:-1\" \/>\n<link rel=\"canonical\" href=\"https:\/\/www.gold.fr\/news\/2019\/04\/08\/cours-de-lor-legere-consolidation-en-mars\/\" \/>\n<meta property=\"og:locale\" content=\"fr_FR\" \/>\n<meta property=\"og:type\" content=\"article\" \/>\n<meta property=\"og:title\" content=\"Cours de l\u2019or : l\u00e9g\u00e8re consolidation en mars - Gold.fr\" \/>\n<meta property=\"og:description\" content=\"Cours de l\u2019or l\u00e9g\u00e8re consolidation en mars, Or et Cac 40 : corr\u00e9lation n\u00e9gative presque parfaite en mars Economie, Prix, Evolution\" \/>\n<meta property=\"og:url\" content=\"https:\/\/www.gold.fr\/news\/2019\/04\/08\/cours-de-lor-legere-consolidation-en-mars\/\" \/>\n<meta property=\"og:site_name\" content=\"Gold.fr\" \/>\n<meta property=\"article:publisher\" content=\"https:\/\/www.facebook.com\/Goldfr\/\" \/>\n<meta property=\"article:published_time\" content=\"2019-04-08T15:04:51+00:00\" \/>\n<meta property=\"article:modified_time\" content=\"2021-01-11T13:19:04+00:00\" \/>\n<meta property=\"og:image\" content=\"https:\/\/www.gold.fr\/news\/wp-content\/uploads\/2019\/04\/cours-de-lor.jpg\" \/>\n\t<meta property=\"og:image:width\" content=\"530\" \/>\n\t<meta property=\"og:image:height\" content=\"398\" \/>\n\t<meta property=\"og:image:type\" content=\"image\/jpeg\" \/>\n<meta name=\"author\" content=\"Laurent Schwartz\" \/>\n<meta name=\"twitter:card\" content=\"summary_large_image\" \/>\n<meta name=\"twitter:label1\" content=\"\u00c9crit par\" \/>\n\t<meta name=\"twitter:data1\" content=\"Laurent Schwartz\" \/>\n\t<meta name=\"twitter:label2\" content=\"Dur\u00e9e de lecture estim\u00e9e\" \/>\n\t<meta name=\"twitter:data2\" content=\"5 minutes\" \/>\n<script type=\"application\/ld+json\" class=\"yoast-schema-graph\">{\"@context\":\"https:\\\/\\\/schema.org\",\"@graph\":[{\"@type\":\"Article\",\"@id\":\"https:\\\/\\\/www.gold.fr\\\/news\\\/2019\\\/04\\\/08\\\/cours-de-lor-legere-consolidation-en-mars\\\/#article\",\"isPartOf\":{\"@id\":\"https:\\\/\\\/www.gold.fr\\\/news\\\/2019\\\/04\\\/08\\\/cours-de-lor-legere-consolidation-en-mars\\\/\"},\"author\":{\"name\":\"Laurent Schwartz\",\"@id\":\"https:\\\/\\\/www.gold.fr\\\/news\\\/#\\\/schema\\\/person\\\/4ed91d9a70d8f3a313c26e8308214fc2\"},\"headline\":\"Cours de l\u2019or : l\u00e9g\u00e8re consolidation en mars\",\"datePublished\":\"2019-04-08T15:04:51+00:00\",\"dateModified\":\"2021-01-11T13:19:04+00:00\",\"mainEntityOfPage\":{\"@id\":\"https:\\\/\\\/www.gold.fr\\\/news\\\/2019\\\/04\\\/08\\\/cours-de-lor-legere-consolidation-en-mars\\\/\"},\"wordCount\":1079,\"image\":{\"@id\":\"https:\\\/\\\/www.gold.fr\\\/news\\\/2019\\\/04\\\/08\\\/cours-de-lor-legere-consolidation-en-mars\\\/#primaryimage\"},\"thumbnailUrl\":\"https:\\\/\\\/www.gold.fr\\\/news\\\/wp-content\\\/uploads\\\/2019\\\/04\\\/cours-de-lor.jpg\",\"keywords\":[\"Consolidation de l\u2019or\",\"Tout Cours de l'Or\"],\"articleSection\":[\"Analyses Economiques\",\"Flash infos\"],\"inLanguage\":\"fr-FR\"},{\"@type\":\"WebPage\",\"@id\":\"https:\\\/\\\/www.gold.fr\\\/news\\\/2019\\\/04\\\/08\\\/cours-de-lor-legere-consolidation-en-mars\\\/\",\"url\":\"https:\\\/\\\/www.gold.fr\\\/news\\\/2019\\\/04\\\/08\\\/cours-de-lor-legere-consolidation-en-mars\\\/\",\"name\":\"Cours de l\u2019or : l\u00e9g\u00e8re consolidation en mars - Gold.fr\",\"isPartOf\":{\"@id\":\"https:\\\/\\\/www.gold.fr\\\/news\\\/#website\"},\"primaryImageOfPage\":{\"@id\":\"https:\\\/\\\/www.gold.fr\\\/news\\\/2019\\\/04\\\/08\\\/cours-de-lor-legere-consolidation-en-mars\\\/#primaryimage\"},\"image\":{\"@id\":\"https:\\\/\\\/www.gold.fr\\\/news\\\/2019\\\/04\\\/08\\\/cours-de-lor-legere-consolidation-en-mars\\\/#primaryimage\"},\"thumbnailUrl\":\"https:\\\/\\\/www.gold.fr\\\/news\\\/wp-content\\\/uploads\\\/2019\\\/04\\\/cours-de-lor.jpg\",\"datePublished\":\"2019-04-08T15:04:51+00:00\",\"dateModified\":\"2021-01-11T13:19:04+00:00\",\"author\":{\"@id\":\"https:\\\/\\\/www.gold.fr\\\/news\\\/#\\\/schema\\\/person\\\/4ed91d9a70d8f3a313c26e8308214fc2\"},\"description\":\"Cours de l\u2019or l\u00e9g\u00e8re consolidation en mars, Or et Cac 40 : corr\u00e9lation n\u00e9gative presque parfaite en mars Economie, Prix, Evolution\",\"breadcrumb\":{\"@id\":\"https:\\\/\\\/www.gold.fr\\\/news\\\/2019\\\/04\\\/08\\\/cours-de-lor-legere-consolidation-en-mars\\\/#breadcrumb\"},\"inLanguage\":\"fr-FR\",\"potentialAction\":[{\"@type\":\"ReadAction\",\"target\":[\"https:\\\/\\\/www.gold.fr\\\/news\\\/2019\\\/04\\\/08\\\/cours-de-lor-legere-consolidation-en-mars\\\/\"]}]},{\"@type\":\"ImageObject\",\"inLanguage\":\"fr-FR\",\"@id\":\"https:\\\/\\\/www.gold.fr\\\/news\\\/2019\\\/04\\\/08\\\/cours-de-lor-legere-consolidation-en-mars\\\/#primaryimage\",\"url\":\"https:\\\/\\\/www.gold.fr\\\/news\\\/wp-content\\\/uploads\\\/2019\\\/04\\\/cours-de-lor.jpg\",\"contentUrl\":\"https:\\\/\\\/www.gold.fr\\\/news\\\/wp-content\\\/uploads\\\/2019\\\/04\\\/cours-de-lor.jpg\",\"width\":530,\"height\":398,\"caption\":\"Cours de l'or\"},{\"@type\":\"BreadcrumbList\",\"@id\":\"https:\\\/\\\/www.gold.fr\\\/news\\\/2019\\\/04\\\/08\\\/cours-de-lor-legere-consolidation-en-mars\\\/#breadcrumb\",\"itemListElement\":[{\"@type\":\"ListItem\",\"position\":1,\"name\":\"Accueil\",\"item\":\"https:\\\/\\\/www.gold.fr\\\/\"},{\"@type\":\"ListItem\",\"position\":2,\"name\":\"Actualit\u00e9s\",\"item\":\"https:\\\/\\\/www.gold.fr\\\/news\\\/\"},{\"@type\":\"ListItem\",\"position\":3,\"name\":\"Cours de l\u2019or : l\u00e9g\u00e8re consolidation en mars\"}]},{\"@type\":\"WebSite\",\"@id\":\"https:\\\/\\\/www.gold.fr\\\/news\\\/#website\",\"url\":\"https:\\\/\\\/www.gold.fr\\\/news\\\/\",\"name\":\"Gold.fr\",\"description\":\"Actualit\u00e9s de l&#039;Or et des m\u00e9taux pr\u00e9cieux\",\"potentialAction\":[{\"@type\":\"SearchAction\",\"target\":{\"@type\":\"EntryPoint\",\"urlTemplate\":\"https:\\\/\\\/www.gold.fr\\\/news\\\/?s={search_term_string}\"},\"query-input\":{\"@type\":\"PropertyValueSpecification\",\"valueRequired\":true,\"valueName\":\"search_term_string\"}}],\"inLanguage\":\"fr-FR\"},{\"@type\":\"Person\",\"@id\":\"https:\\\/\\\/www.gold.fr\\\/news\\\/#\\\/schema\\\/person\\\/4ed91d9a70d8f3a313c26e8308214fc2\",\"name\":\"Laurent Schwartz\",\"image\":{\"@type\":\"ImageObject\",\"inLanguage\":\"fr-FR\",\"@id\":\"https:\\\/\\\/secure.gravatar.com\\\/avatar\\\/1496f846049365121827f5470219486f1a95f83957cc8ca0a9595e40c185f5ee?s=96&d=mm&r=g76f0e87c9ba82a161860a0fc16990d85\",\"url\":\"https:\\\/\\\/secure.gravatar.com\\\/avatar\\\/1496f846049365121827f5470219486f1a95f83957cc8ca0a9595e40c185f5ee?s=96&d=mm&r=g\",\"contentUrl\":\"https:\\\/\\\/secure.gravatar.com\\\/avatar\\\/1496f846049365121827f5470219486f1a95f83957cc8ca0a9595e40c185f5ee?s=96&d=mm&r=g\",\"caption\":\"Laurent Schwartz\"},\"description\":\"Dipl\u00f4m\u00e9 de l\u2019EDHEC Business School en 2005, Laurent SCHWARTZ int\u00e8gre le cabinet d\u2019audit ERNST &amp; YOUNG en 2005 o\u00f9 il travaille pendant 4 ans. Parall\u00e8lement, il travaille au sein de l\u2019entreprise familiale cr\u00e9\u00e9e en 1976 \u00e0 Strasbourg. Fort de cette exp\u00e9rience et du savoir-faire d\u00e9velopp\u00e9 durant ces 40 derni\u00e8res ann\u00e9es, Laurent proc\u00e8de \u00e0 la refonte du site Internet Gold.fr d\u00e9di\u00e9 \u00e0 l\u2019achat d'or, vente d\u2019or (pi\u00e8ces, lingots, ...), achat or et argent,... qui conna\u00eetra un franc succ\u00e8s d\u00e8s son d\u00e9marrage en 2008. Il d\u00e9cide alors de d\u00e9velopper un r\u00e9seau de concessions exclusives: Le Comptoir National de l\u2019Or. Il assure d\u00e9sormais le pilotage strat\u00e9gique du 1er r\u00e9seau de France qui compte aujourd\u2019hui pas loin de 60 agences r\u00e9parties dans toute la France et depuis peu en Allemagne (Breisach). Le Comptoir National de l\u2019Or se positionne aujourd\u2019hui comme le leader incontournable sur le march\u00e9 de l\u2019Or et des m\u00e9taux pr\u00e9cieux en France.\",\"sameAs\":[\"https:\\\/\\\/www.gold.fr\",\"https:\\\/\\\/www.linkedin.com\\\/in\\\/acheteror\\\/\"]}]}<\/script>\n<!-- \/ Yoast SEO plugin. -->","yoast_head_json":{"title":"Cours de l\u2019or : l\u00e9g\u00e8re consolidation en mars - Gold.fr","description":"Cours de l\u2019or l\u00e9g\u00e8re consolidation en mars, Or et Cac 40 : corr\u00e9lation n\u00e9gative presque parfaite en mars Economie, Prix, Evolution","robots":{"index":"index","follow":"follow","max-snippet":"max-snippet:-1","max-image-preview":"max-image-preview:large","max-video-preview":"max-video-preview:-1"},"canonical":"https:\/\/www.gold.fr\/news\/2019\/04\/08\/cours-de-lor-legere-consolidation-en-mars\/","og_locale":"fr_FR","og_type":"article","og_title":"Cours de l\u2019or : l\u00e9g\u00e8re consolidation en mars - Gold.fr","og_description":"Cours de l\u2019or l\u00e9g\u00e8re consolidation en mars, Or et Cac 40 : corr\u00e9lation n\u00e9gative presque parfaite en mars Economie, Prix, Evolution","og_url":"https:\/\/www.gold.fr\/news\/2019\/04\/08\/cours-de-lor-legere-consolidation-en-mars\/","og_site_name":"Gold.fr","article_publisher":"https:\/\/www.facebook.com\/Goldfr\/","article_published_time":"2019-04-08T15:04:51+00:00","article_modified_time":"2021-01-11T13:19:04+00:00","og_image":[{"width":530,"height":398,"url":"https:\/\/www.gold.fr\/news\/wp-content\/uploads\/2019\/04\/cours-de-lor.jpg","type":"image\/jpeg"}],"author":"Laurent Schwartz","twitter_card":"summary_large_image","twitter_misc":{"\u00c9crit par":"Laurent Schwartz","Dur\u00e9e de lecture estim\u00e9e":"5 minutes"},"schema":{"@context":"https:\/\/schema.org","@graph":[{"@type":"Article","@id":"https:\/\/www.gold.fr\/news\/2019\/04\/08\/cours-de-lor-legere-consolidation-en-mars\/#article","isPartOf":{"@id":"https:\/\/www.gold.fr\/news\/2019\/04\/08\/cours-de-lor-legere-consolidation-en-mars\/"},"author":{"name":"Laurent Schwartz","@id":"https:\/\/www.gold.fr\/news\/#\/schema\/person\/4ed91d9a70d8f3a313c26e8308214fc2"},"headline":"Cours de l\u2019or : l\u00e9g\u00e8re consolidation en mars","datePublished":"2019-04-08T15:04:51+00:00","dateModified":"2021-01-11T13:19:04+00:00","mainEntityOfPage":{"@id":"https:\/\/www.gold.fr\/news\/2019\/04\/08\/cours-de-lor-legere-consolidation-en-mars\/"},"wordCount":1079,"image":{"@id":"https:\/\/www.gold.fr\/news\/2019\/04\/08\/cours-de-lor-legere-consolidation-en-mars\/#primaryimage"},"thumbnailUrl":"https:\/\/www.gold.fr\/news\/wp-content\/uploads\/2019\/04\/cours-de-lor.jpg","keywords":["Consolidation de l\u2019or","Tout Cours de l'Or"],"articleSection":["Analyses Economiques","Flash infos"],"inLanguage":"fr-FR"},{"@type":"WebPage","@id":"https:\/\/www.gold.fr\/news\/2019\/04\/08\/cours-de-lor-legere-consolidation-en-mars\/","url":"https:\/\/www.gold.fr\/news\/2019\/04\/08\/cours-de-lor-legere-consolidation-en-mars\/","name":"Cours de l\u2019or : l\u00e9g\u00e8re consolidation en mars - Gold.fr","isPartOf":{"@id":"https:\/\/www.gold.fr\/news\/#website"},"primaryImageOfPage":{"@id":"https:\/\/www.gold.fr\/news\/2019\/04\/08\/cours-de-lor-legere-consolidation-en-mars\/#primaryimage"},"image":{"@id":"https:\/\/www.gold.fr\/news\/2019\/04\/08\/cours-de-lor-legere-consolidation-en-mars\/#primaryimage"},"thumbnailUrl":"https:\/\/www.gold.fr\/news\/wp-content\/uploads\/2019\/04\/cours-de-lor.jpg","datePublished":"2019-04-08T15:04:51+00:00","dateModified":"2021-01-11T13:19:04+00:00","author":{"@id":"https:\/\/www.gold.fr\/news\/#\/schema\/person\/4ed91d9a70d8f3a313c26e8308214fc2"},"description":"Cours de l\u2019or l\u00e9g\u00e8re consolidation en mars, Or et Cac 40 : corr\u00e9lation n\u00e9gative presque parfaite en mars Economie, Prix, Evolution","breadcrumb":{"@id":"https:\/\/www.gold.fr\/news\/2019\/04\/08\/cours-de-lor-legere-consolidation-en-mars\/#breadcrumb"},"inLanguage":"fr-FR","potentialAction":[{"@type":"ReadAction","target":["https:\/\/www.gold.fr\/news\/2019\/04\/08\/cours-de-lor-legere-consolidation-en-mars\/"]}]},{"@type":"ImageObject","inLanguage":"fr-FR","@id":"https:\/\/www.gold.fr\/news\/2019\/04\/08\/cours-de-lor-legere-consolidation-en-mars\/#primaryimage","url":"https:\/\/www.gold.fr\/news\/wp-content\/uploads\/2019\/04\/cours-de-lor.jpg","contentUrl":"https:\/\/www.gold.fr\/news\/wp-content\/uploads\/2019\/04\/cours-de-lor.jpg","width":530,"height":398,"caption":"Cours de l'or"},{"@type":"BreadcrumbList","@id":"https:\/\/www.gold.fr\/news\/2019\/04\/08\/cours-de-lor-legere-consolidation-en-mars\/#breadcrumb","itemListElement":[{"@type":"ListItem","position":1,"name":"Accueil","item":"https:\/\/www.gold.fr\/"},{"@type":"ListItem","position":2,"name":"Actualit\u00e9s","item":"https:\/\/www.gold.fr\/news\/"},{"@type":"ListItem","position":3,"name":"Cours de l\u2019or : l\u00e9g\u00e8re consolidation en mars"}]},{"@type":"WebSite","@id":"https:\/\/www.gold.fr\/news\/#website","url":"https:\/\/www.gold.fr\/news\/","name":"Gold.fr","description":"Actualit\u00e9s de l&#039;Or et des m\u00e9taux pr\u00e9cieux","potentialAction":[{"@type":"SearchAction","target":{"@type":"EntryPoint","urlTemplate":"https:\/\/www.gold.fr\/news\/?s={search_term_string}"},"query-input":{"@type":"PropertyValueSpecification","valueRequired":true,"valueName":"search_term_string"}}],"inLanguage":"fr-FR"},{"@type":"Person","@id":"https:\/\/www.gold.fr\/news\/#\/schema\/person\/4ed91d9a70d8f3a313c26e8308214fc2","name":"Laurent Schwartz","image":{"@type":"ImageObject","inLanguage":"fr-FR","@id":"https:\/\/secure.gravatar.com\/avatar\/1496f846049365121827f5470219486f1a95f83957cc8ca0a9595e40c185f5ee?s=96&d=mm&r=g76f0e87c9ba82a161860a0fc16990d85","url":"https:\/\/secure.gravatar.com\/avatar\/1496f846049365121827f5470219486f1a95f83957cc8ca0a9595e40c185f5ee?s=96&d=mm&r=g","contentUrl":"https:\/\/secure.gravatar.com\/avatar\/1496f846049365121827f5470219486f1a95f83957cc8ca0a9595e40c185f5ee?s=96&d=mm&r=g","caption":"Laurent Schwartz"},"description":"Dipl\u00f4m\u00e9 de l\u2019EDHEC Business School en 2005, Laurent SCHWARTZ int\u00e8gre le cabinet d\u2019audit ERNST &amp; YOUNG en 2005 o\u00f9 il travaille pendant 4 ans. Parall\u00e8lement, il travaille au sein de l\u2019entreprise familiale cr\u00e9\u00e9e en 1976 \u00e0 Strasbourg. Fort de cette exp\u00e9rience et du savoir-faire d\u00e9velopp\u00e9 durant ces 40 derni\u00e8res ann\u00e9es, Laurent proc\u00e8de \u00e0 la refonte du site Internet Gold.fr d\u00e9di\u00e9 \u00e0 l\u2019achat d'or, vente d\u2019or (pi\u00e8ces, lingots, ...), achat or et argent,... qui conna\u00eetra un franc succ\u00e8s d\u00e8s son d\u00e9marrage en 2008. Il d\u00e9cide alors de d\u00e9velopper un r\u00e9seau de concessions exclusives: Le Comptoir National de l\u2019Or. Il assure d\u00e9sormais le pilotage strat\u00e9gique du 1er r\u00e9seau de France qui compte aujourd\u2019hui pas loin de 60 agences r\u00e9parties dans toute la France et depuis peu en Allemagne (Breisach). Le Comptoir National de l\u2019Or se positionne aujourd\u2019hui comme le leader incontournable sur le march\u00e9 de l\u2019Or et des m\u00e9taux pr\u00e9cieux en France.","sameAs":["https:\/\/www.gold.fr","https:\/\/www.linkedin.com\/in\/acheteror\/"]}]}},"authors":[{"term_id":2567,"user_id":6,"is_guest":0,"slug":"laurent","display_name":"Laurent Schwartz","avatar_url":"https:\/\/secure.gravatar.com\/avatar\/1496f846049365121827f5470219486f1a95f83957cc8ca0a9595e40c185f5ee?s=96&d=mm&r=g","0":null,"1":"","2":"","3":"","4":"","5":"","6":"","7":"","8":""}],"_links":{"self":[{"href":"https:\/\/www.gold.fr\/news\/wp-json\/wp\/v2\/posts\/35045","targetHints":{"allow":["GET"]}}],"collection":[{"href":"https:\/\/www.gold.fr\/news\/wp-json\/wp\/v2\/posts"}],"about":[{"href":"https:\/\/www.gold.fr\/news\/wp-json\/wp\/v2\/types\/post"}],"author":[{"embeddable":true,"href":"https:\/\/www.gold.fr\/news\/wp-json\/wp\/v2\/users\/6"}],"replies":[{"embeddable":true,"href":"https:\/\/www.gold.fr\/news\/wp-json\/wp\/v2\/comments?post=35045"}],"version-history":[{"count":0,"href":"https:\/\/www.gold.fr\/news\/wp-json\/wp\/v2\/posts\/35045\/revisions"}],"wp:featuredmedia":[{"embeddable":true,"href":"https:\/\/www.gold.fr\/news\/wp-json\/wp\/v2\/media\/35061"}],"wp:attachment":[{"href":"https:\/\/www.gold.fr\/news\/wp-json\/wp\/v2\/media?parent=35045"}],"wp:term":[{"taxonomy":"category","embeddable":true,"href":"https:\/\/www.gold.fr\/news\/wp-json\/wp\/v2\/categories?post=35045"},{"taxonomy":"post_tag","embeddable":true,"href":"https:\/\/www.gold.fr\/news\/wp-json\/wp\/v2\/tags?post=35045"},{"taxonomy":"author","embeddable":true,"href":"https:\/\/www.gold.fr\/news\/wp-json\/wp\/v2\/ppma_author?post=35045"}],"curies":[{"name":"wp","href":"https:\/\/api.w.org\/{rel}","templated":true}]}}