{"id":35013,"date":"2019-03-08T15:56:23","date_gmt":"2019-03-08T14:56:23","guid":{"rendered":"https:\/\/www.gold.fr\/news\/?p=35013"},"modified":"2021-01-11T14:21:04","modified_gmt":"2021-01-11T13:21:04","slug":"cours-de-lor-stabilisation-en-fevrier","status":"publish","type":"post","link":"https:\/\/www.gold.fr\/news\/2019\/03\/08\/cours-de-lor-stabilisation-en-fevrier\/","title":{"rendered":"Cours de l\u2019or\u00a0: stabilisation en f\u00e9vrier"},"content":{"rendered":"<h2 style=\"text-align: justify;\"><b>Ce qu\u2019il faut retenir\u00a0du mois de f\u00e9vrier\u00a0<\/b><b>2019 <\/b><b>:<\/b><\/h2>\n<ul style=\"text-align: justify;\">\n<li style=\"font-weight: 400;\"><span style=\"font-weight: 400;\">Or en EUR\u00a0: +0.53% en f\u00e9vrier, stabilisation apr\u00e8s 2 mois de forte hausse<\/span><\/li>\n<li style=\"font-weight: 400;\"><span style=\"font-weight: 400;\">Economie\u00a0: le ralentissement industriel est g\u00e9n\u00e9ralis\u00e9<\/span><\/li>\n<li style=\"font-weight: 400;\"><span style=\"font-weight: 400;\">Cor\u00e9e du Nord, Brexit, Inde\/Pakistan\u00a0: le contexte g\u00e9opolitique reste tendu<\/span><\/li>\n<li style=\"font-weight: 400;\"><span style=\"font-weight: 400;\">Positions sp\u00e9culatives \u00e0 la hausse : regain d\u2019optimismachae pour l\u2019or<\/span><\/li>\n<li style=\"font-weight: 400;\"><span style=\"font-weight: 400;\">Italie\u00a0: \u00e0 qui appartiennent les 2450 tonnes d\u2019or de r\u00e9serve\u00a0?<\/span><\/li>\n<li style=\"font-weight: 400;\"><span style=\"font-weight: 400;\">Chine\u00a0: 10 tonnes achet\u00e9es en D\u00e9cembre, 12 tonnes en janvier, et apr\u00e8s\u00a0?<\/span><\/li>\n<\/ul>\n<h2 style=\"text-align: justify;\"><b>Performance stable\u00a0: +0.53% en EUR<\/b><\/h2>\n<p style=\"text-align: justify;\"><span style=\"font-weight: 400;\">Comment a \u00e9volu\u00e9 le <\/span><em><strong><a href=\"https:\/\/www.gold.fr\/cours-or-prix-de-l-or\/\">cours de l\u2019or<\/a><\/strong><\/em><span style=\"font-weight: 400;\"> ?<\/span><\/p>\n<p style=\"text-align: justify;\"><span style=\"font-weight: 400;\">Les cours de l\u2019or au 28 f\u00e9vrier, second fixing de Londres, se sont \u00e9tablis \u00e0 respectivement 1158.74 euros et 1319.15 dollars. Cela correspond \u00e0 une performance de 0.53% en euros, et de -0.31% en dollars. Apr\u00e8s deux mois \u00e0 plus de 3% par mois, c\u2019est donc une stabilisation. <\/span><\/p>\n<p style=\"text-align: justify;\"><span style=\"font-weight: 400;\">Les cours ont \u00e9t\u00e9 soutenus jusqu\u2019au 20 f\u00e9vrier, date \u00e0 laquelle ils ont atteint 1185 euros, un plus haut depuis avril 2017. A cette date, la performance sur le mois avoisinait \u00e0 nouveau les 3%. La correction observ\u00e9e en fin de mois a permis de calmer les exc\u00e8s d\u2019optimismes de court terme et de ramener les cours sur des bases plus saines de moyen terme.<\/span><\/p>\n<p style=\"text-align: justify;\"><em><span style=\"font-weight: 400;\"><a href=\"https:\/\/www.gold.fr\/news\/wp-content\/uploads\/2019\/03\/Capture-d\u2019e\u0301cran-2019-03-08-a\u0300-15.52.58.png\"><img loading=\"lazy\" decoding=\"async\" class=\"wp-image-35015 aligncenter\" src=\"https:\/\/www.gold.fr\/news\/wp-content\/uploads\/2019\/03\/Capture-d\u2019e\u0301cran-2019-03-08-a\u0300-15.52.58-300x147.png\" alt=\"Cours de l\u2019or : stabilisation en f\u00e9vrier\" width=\"496\" height=\"243\" srcset=\"https:\/\/www.gold.fr\/news\/wp-content\/uploads\/2019\/03\/Capture-d\u2019e\u0301cran-2019-03-08-a\u0300-15.52.58-300x147.png 300w, https:\/\/www.gold.fr\/news\/wp-content\/uploads\/2019\/03\/Capture-d\u2019e\u0301cran-2019-03-08-a\u0300-15.52.58-768x378.png 768w, https:\/\/www.gold.fr\/news\/wp-content\/uploads\/2019\/03\/Capture-d\u2019e\u0301cran-2019-03-08-a\u0300-15.52.58-1024x503.png 1024w, https:\/\/www.gold.fr\/news\/wp-content\/uploads\/2019\/03\/Capture-d\u2019e\u0301cran-2019-03-08-a\u0300-15.52.58-2x1.png 2w, https:\/\/www.gold.fr\/news\/wp-content\/uploads\/2019\/03\/Capture-d\u2019e\u0301cran-2019-03-08-a\u0300-15.52.58.png 1550w\" sizes=\"auto, (max-width: 496px) 100vw, 496px\" \/><\/a><\/span><\/em><\/p>\n<p style=\"text-align: center;\"><em><span style=\"font-weight: 400;\">Sources\u00a0: LBMA<\/span><\/em><\/p>\n<h2 style=\"text-align: justify;\"><b>Le ralentissement du secteur industriel est g\u00e9n\u00e9ralis\u00e9<\/b><\/h2>\n<p style=\"text-align: justify;\"><span style=\"font-weight: 400;\">C\u2019est un constat g\u00e9n\u00e9ralis\u00e9\u00a0: l\u2019industrie mondiale ralentit fortement. En Europe, la r\u00e9cession allemande a \u00e9t\u00e9 \u00e9vit\u00e9e de justesse\u00a0: la croissance au dernier trimestre s\u2019av\u00e8re nulle, mais pas n\u00e9gative comme l\u2019ont laiss\u00e9 envisager de mauvais chiffres de production industrielle. Le secteur manufacturier reste morose sur tout le continent, comme le montre les <\/span><a href=\"https:\/\/fr.reuters.com\/article\/frEuroRpt\/idFRL5N20O1ZI\"><em><strong>indices de directeurs d\u2019achat au plus bas depuis 2013.<\/strong><\/em><\/a><\/p>\n<p style=\"text-align: justify;\"><span style=\"font-weight: 400;\">Le ph\u00e9nom\u00e8ne touche \u00e9galement les Etats-Unis, o\u00f9 plusieurs indicateurs avanc\u00e9s d\u2019activit\u00e9 industrielle sont en terrain n\u00e9gatif, \u00e0 <\/span><em><strong><a href=\"https:\/\/investir.lesechos.fr\/marches\/actualites\/usa-l-indice-philly-fed-chute-a-4-1-au-plus-bas-depuis-2016-1829322.php\">l\u2019instar du PhiliFed<\/a><\/strong><\/em><span style=\"font-weight: 400;\"><em><strong>.<\/strong> <\/em>Cela souligne la baisse de la production industrielle de 0.6% relative au mois de janvier, et la baisse des commandes de biens durables de 0.7% (hors d\u00e9fense et a\u00e9ronautique).<\/span><\/p>\n<p style=\"text-align: justify;\"><span style=\"font-weight: 400;\">S\u2019il est trop t\u00f4t pour parler de r\u00e9cession, ce ralentissement est suivi de pr\u00e8s par les banques centrales qui devraient maintenir des politiques mon\u00e9taires accommodantes, traditionnellement favorables au m\u00e9tal jaune.<\/span><\/p>\n<h2><\/h2>\n<h2 style=\"text-align: justify;\"><b>Le contexte international toujours tendu<\/b><\/h2>\n<p style=\"text-align: justify;\"><span style=\"font-weight: 400;\">Le mois de f\u00e9vrier a \u00e9t\u00e9 charg\u00e9 d\u2019\u00e9v\u00e9nements politiques et g\u00e9opolitiques susceptibles de soutenir le cours de l\u2019or en raison des incertitudes qu\u2019ils cr\u00e9ent. Nous retenons plus particuli\u00e8rement 3 points\u00a0: <\/span><\/p>\n<ul style=\"text-align: justify;\">\n<li style=\"font-weight: 400;\"><span style=\"font-weight: 400;\">L\u2019\u00e9chec des discussions entre Trump et Kim Jung Un au sommet de Hanoi, qui laisse ouvert le dossier nucl\u00e9aire nord-cor\u00e9en. <\/span><\/li>\n<li style=\"font-weight: 400;\"><span style=\"font-weight: 400;\">Le Brexit, dont l\u2019\u00e9ch\u00e9ance officielle du 29 mars se rapproche. Theresa May, la premi\u00e8re ministre britannique toujours en prise avec sa majorit\u00e9, va probablement demander des d\u00e9lais.<\/span><\/li>\n<li style=\"font-weight: 400;\"><span style=\"font-weight: 400;\">L\u2019escalade militaire surprise entre l\u2019Inde et le Pakistan. Les tensions larv\u00e9es dans la zone contest\u00e9e du Cachemire se sont en effet brusquement intensifi\u00e9es. Apr\u00e8s des frappes a\u00e9riennes de chaque pays chez son voisin, un avion abattu, un pilote captur\u00e9 (et lib\u00e9r\u00e9) et des \u00e9changes de tirs \u00e0 la fronti\u00e8re, les tensions semblent se calmer sous la pression internationale. Il s\u2019agit probablement du plus grave incident entre les deux puissances nucl\u00e9aires depuis les ann\u00e9es 70.<\/span><\/li>\n<\/ul>\n<h1 style=\"text-align: center;\"><a href=\"https:\/\/www.gold.fr\/informations-sur-l-or\/guides\/comment-est-fixe-le-cours-de-lor\"><b>Comment le cours de l\u2019or est-il fix\u00e9 ?<\/b><\/a><\/h1>\n<h2 style=\"text-align: justify;\"><b>Positions sp\u00e9culatives\u00a0sur l\u2019or : retour de l\u2019optimisme<\/b><\/h2>\n<p style=\"text-align: justify;\"><span style=\"font-weight: 400;\">Les positions sp\u00e9culatives sur l\u2019or, mesur\u00e9es par les positions sur les produits d\u00e9riv\u00e9s de la bourse am\u00e9ricaine (COMEX) se sont nettement am\u00e9lior\u00e9s ces derni\u00e8res semaines et sont d\u00e9sormais nettement positives \u00e0 environ 256 tonnes au 19 f\u00e9vrier selon les chiffres de la CFTC. <\/span><\/p>\n<p style=\"text-align: justify;\"><span style=\"font-weight: 400;\">Apr\u00e8s des mois de positions nettes baissi\u00e8res, ce retournement traduit un regain d\u2019optimisme pour le m\u00e9tal jaune de la part des g\u00e9rants de portefeuille professionnels. Un positionnement qui se met au diapason des recommandations plut\u00f4t optimistes formul\u00e9es par les banques d\u2019affaires dans leurs pr\u00e9visions pour 2019.<\/span><\/p>\n<p style=\"text-align: center;\"><em><span style=\"font-weight: 400;\"><a href=\"https:\/\/www.gold.fr\/news\/wp-content\/uploads\/2019\/03\/Capture-d\u2019e\u0301cran-2019-03-08-a\u0300-15.50.21.png\"><img loading=\"lazy\" decoding=\"async\" class=\"alignnone wp-image-35014\" src=\"https:\/\/www.gold.fr\/news\/wp-content\/uploads\/2019\/03\/Capture-d\u2019e\u0301cran-2019-03-08-a\u0300-15.50.21-300x288.png\" alt=\"Positions sp\u00e9culatives sur l\u2019or : retour de l\u2019optimisme\" width=\"526\" height=\"505\" srcset=\"https:\/\/www.gold.fr\/news\/wp-content\/uploads\/2019\/03\/Capture-d\u2019e\u0301cran-2019-03-08-a\u0300-15.50.21-300x288.png 300w, https:\/\/www.gold.fr\/news\/wp-content\/uploads\/2019\/03\/Capture-d\u2019e\u0301cran-2019-03-08-a\u0300-15.50.21-768x737.png 768w, https:\/\/www.gold.fr\/news\/wp-content\/uploads\/2019\/03\/Capture-d\u2019e\u0301cran-2019-03-08-a\u0300-15.50.21-1024x983.png 1024w, https:\/\/www.gold.fr\/news\/wp-content\/uploads\/2019\/03\/Capture-d\u2019e\u0301cran-2019-03-08-a\u0300-15.50.21-1x1.png 1w, https:\/\/www.gold.fr\/news\/wp-content\/uploads\/2019\/03\/Capture-d\u2019e\u0301cran-2019-03-08-a\u0300-15.50.21.png 1598w\" sizes=\"auto, (max-width: 526px) 100vw, 526px\" \/><\/a><\/span><\/em><\/p>\n<p style=\"text-align: center;\"><em><span style=\"font-weight: 400;\">Sources\u00a0: CFTC, LBMA<\/span><\/em><\/p>\n<h2 style=\"text-align: justify;\"><b>Italie\u00a0: une loi pour prot\u00e9ger l\u2019or du pays\u00a0?<\/b><\/h2>\n<h3><\/h3>\n<h3 style=\"text-align: justify;\"><strong>Pourquoi un projet de loi pour prot\u00e9ger l&rsquo;or en italie ?<\/strong><\/h3>\n<p style=\"text-align: justify;\"><span style=\"font-weight: 400;\">La nouvelle a fait pol\u00e9mique\u00a0: un projet de loi d\u00e9pos\u00e9 par le d\u00e9put\u00e9 Claudio Borghi vise \u00e0 affirmer que l\u2019or d\u00e9tenu par la banque centrale italienne appartient en r\u00e9alit\u00e9 \u00e0 l\u2019\u00e9tat italien. La nuance est subtile, et pourtant capitale. En effet les avoirs des banques centrales membres de la zone euro sont contr\u00f4l\u00e9s par la banque centrale europ\u00e9enne, qui peut en disposer dans le cadre de ses op\u00e9rations courantes, <\/span><em><strong><a href=\"https:\/\/www.reuters.com\/article\/us-italy-tria-gold\/economy-minister-tria-says-only-ecb-can-use-italys-gold-idUSKCN1QE21B\">comme l\u2019a confirm\u00e9 \u00e0 l\u2019agence Reuters le ministre italien de l\u2019\u00e9conomie Giovanni Tria<\/a>.<\/strong><\/em><\/p>\n<h3 style=\"text-align: justify;\"><strong>Que veulent-ils obtenir avec ce projet de loi ? <\/strong><\/h3>\n<p style=\"text-align: justify;\"><span style=\"font-weight: 400;\">Les partisans de cette mesure pr\u00e9tendent vouloir prot\u00e9ger ces avoirs de possibles recours juridiques contre la banque d\u2019Italie. Ses adversaires y voient une man\u0153uvre politique qui vise \u00e0 saper l\u2019ind\u00e9pendance de la banque d\u2019Italie et \u00e0 reprendre le contr\u00f4le sur 2452 tonnes de m\u00e9tal jaune. Un magot de 92 milliards d\u2019euros environ dont certains disent qu\u2019il serait bien utile au gouvernement, en proie avec des difficult\u00e9s budg\u00e9taires.<\/span><\/p>\n<h2><\/h2>\n<h2 style=\"text-align: justify;\"><b>Chine\u00a0: 10 tonnes achet\u00e9es en d\u00e9cembre, 12 en janvier, et ensuite\u00a0?<\/b><\/h2>\n<h3><\/h3>\n<h3 style=\"text-align: justify;\"><strong>Pourquoi la Chine ach\u00e8te de l\u2019or en tonne ?<\/strong><\/h3>\n<p style=\"text-align: justify;\"><span style=\"font-weight: 400;\">La Chine est elle lanc\u00e9e sur une dynamique d\u2019<a title=\"achat d\u2019or\" href=\"https:\/\/www.gold.fr\/achat-or\/\">achat d\u2019or<\/a> r\u00e9currente, \u00e0 l\u2019instar d\u2019autres pays comme la Russie, le Kazakhstan, l\u2019Inde et la Turquie\u00a0? Apr\u00e8s des ann\u00e9es sans avoir d\u00e9clar\u00e9 d\u2019achat d\u2019or, la banque centrale chinoise, d\u2019habitude peu transparente sur le sujet, a annonc\u00e9 avoir acquis pr\u00e8s de 10 tonnes en d\u00e9cembre et 12 tonnes en janvier. <\/span><\/p>\n<p style=\"text-align: justify;\"><span style=\"font-weight: 400;\">Avec des r\u00e9serves de 1860 tonnes, la Chine est le 6\u00e9me d\u00e9tenteur d\u2019or, un classement qui ne refl\u00e8te pas le rang de la deuxi\u00e8me puissance \u00e9conomique mondiale. Il est tr\u00e8s probable que cette situation soit corrig\u00e9e dans les mois et ann\u00e9es \u00e0 venir et que l\u2019institution engage une politique de diversification de ses colossales r\u00e9serves de change, constitu\u00e9 majoritairement de dollar. Une diversification bienvenue dans un contexte de nouvelle guerre froide avec les Etats-Unis\u2026<\/span><\/p>\n<!-- AddThis Advanced Settings generic via filter on the_content --><!-- AddThis Share Buttons generic via filter on the_content -->","protected":false},"excerpt":{"rendered":"<p>Ce qu\u2019il faut retenir\u00a0du mois de f\u00e9vrier\u00a02019 : Or en EUR\u00a0: +0.53% en f\u00e9vrier, stabilisation apr\u00e8s 2 mois de forte hausse Economie\u00a0: le ralentissement industriel est g\u00e9n\u00e9ralis\u00e9 Cor\u00e9e du Nord, Brexit, Inde\/Pakistan\u00a0: le contexte g\u00e9opolitique reste [&hellip;]<\/p>\n","protected":false},"author":6,"featured_media":35135,"comment_status":"closed","ping_status":"closed","sticky":false,"template":"","format":"standard","meta":{"_mbp_gutenberg_autopost":false,"_pgmb_is_evergreen":false,"_pgmb_ap_template_id":0,"footnotes":""},"categories":[4,6],"tags":[351,84],"ppma_author":[2567],"class_list":["post-35013","post","type-post","status-publish","format-standard","has-post-thumbnail","hentry","category-analyses-economiques","category-articles-de-presse","tag-stabilisation-du-cours-de-lor","tag-cours-de-lor"],"yoast_head":"<!-- This site is optimized with the Yoast SEO plugin v27.5 - https:\/\/yoast.com\/product\/yoast-seo-wordpress\/ -->\n<title>Cours de l\u2019or\u00a0: stabilisation en f\u00e9vrier - Gold.fr<\/title>\n<meta name=\"description\" content=\"Cours de l\u2019or : stabilisation en f\u00e9vrier. Suivez le cours de l&#039;or, de l&#039;argent et d&#039;autres m\u00e9taux pr\u00e9cieux en direct sur Gold.fr, le site d&#039;actualit\u00e9 du Comptoir National de l&#039;Or.\" \/>\n<meta name=\"robots\" content=\"index, follow, max-snippet:-1, max-image-preview:large, max-video-preview:-1\" \/>\n<link rel=\"canonical\" href=\"https:\/\/www.gold.fr\/news\/2019\/03\/08\/cours-de-lor-stabilisation-en-fevrier\/\" \/>\n<meta property=\"og:locale\" content=\"fr_FR\" \/>\n<meta property=\"og:type\" content=\"article\" \/>\n<meta property=\"og:title\" content=\"Cours de l\u2019or\u00a0: stabilisation en f\u00e9vrier - Gold.fr\" \/>\n<meta property=\"og:description\" content=\"Cours de l\u2019or : stabilisation en f\u00e9vrier. Suivez le cours de l&#039;or, de l&#039;argent et d&#039;autres m\u00e9taux pr\u00e9cieux en direct sur Gold.fr, le site d&#039;actualit\u00e9 du Comptoir National de l&#039;Or.\" \/>\n<meta property=\"og:url\" content=\"https:\/\/www.gold.fr\/news\/2019\/03\/08\/cours-de-lor-stabilisation-en-fevrier\/\" \/>\n<meta property=\"og:site_name\" content=\"Gold.fr\" \/>\n<meta property=\"article:publisher\" content=\"https:\/\/www.facebook.com\/Goldfr\/\" \/>\n<meta property=\"article:published_time\" content=\"2019-03-08T14:56:23+00:00\" \/>\n<meta property=\"article:modified_time\" content=\"2021-01-11T13:21:04+00:00\" \/>\n<meta property=\"og:image\" content=\"https:\/\/www.gold.fr\/news\/wp-content\/uploads\/2019\/03\/Cours-de-lor-stabilisation-en-f\u00e9vrier.jpg\" \/>\n\t<meta property=\"og:image:width\" content=\"2119\" \/>\n\t<meta property=\"og:image:height\" content=\"1415\" \/>\n\t<meta property=\"og:image:type\" content=\"image\/jpeg\" \/>\n<meta name=\"author\" content=\"Laurent Schwartz\" \/>\n<meta name=\"twitter:card\" content=\"summary_large_image\" \/>\n<meta name=\"twitter:label1\" content=\"\u00c9crit par\" \/>\n\t<meta name=\"twitter:data1\" content=\"Laurent Schwartz\" \/>\n\t<meta name=\"twitter:label2\" content=\"Dur\u00e9e de lecture estim\u00e9e\" \/>\n\t<meta name=\"twitter:data2\" content=\"5 minutes\" \/>\n<script type=\"application\/ld+json\" class=\"yoast-schema-graph\">{\"@context\":\"https:\\\/\\\/schema.org\",\"@graph\":[{\"@type\":\"Article\",\"@id\":\"https:\\\/\\\/www.gold.fr\\\/news\\\/2019\\\/03\\\/08\\\/cours-de-lor-stabilisation-en-fevrier\\\/#article\",\"isPartOf\":{\"@id\":\"https:\\\/\\\/www.gold.fr\\\/news\\\/2019\\\/03\\\/08\\\/cours-de-lor-stabilisation-en-fevrier\\\/\"},\"author\":{\"name\":\"Laurent Schwartz\",\"@id\":\"https:\\\/\\\/www.gold.fr\\\/news\\\/#\\\/schema\\\/person\\\/4ed91d9a70d8f3a313c26e8308214fc2\"},\"headline\":\"Cours de l\u2019or\u00a0: stabilisation en f\u00e9vrier\",\"datePublished\":\"2019-03-08T14:56:23+00:00\",\"dateModified\":\"2021-01-11T13:21:04+00:00\",\"mainEntityOfPage\":{\"@id\":\"https:\\\/\\\/www.gold.fr\\\/news\\\/2019\\\/03\\\/08\\\/cours-de-lor-stabilisation-en-fevrier\\\/\"},\"wordCount\":1053,\"image\":{\"@id\":\"https:\\\/\\\/www.gold.fr\\\/news\\\/2019\\\/03\\\/08\\\/cours-de-lor-stabilisation-en-fevrier\\\/#primaryimage\"},\"thumbnailUrl\":\"https:\\\/\\\/www.gold.fr\\\/news\\\/wp-content\\\/uploads\\\/2019\\\/03\\\/Cours-de-lor-stabilisation-en-f\u00e9vrier.jpg\",\"keywords\":[\"stabilisation du cours de l'or\",\"Tout Cours de l'Or\"],\"articleSection\":[\"Analyses Economiques\",\"Articles de presse\"],\"inLanguage\":\"fr-FR\"},{\"@type\":\"WebPage\",\"@id\":\"https:\\\/\\\/www.gold.fr\\\/news\\\/2019\\\/03\\\/08\\\/cours-de-lor-stabilisation-en-fevrier\\\/\",\"url\":\"https:\\\/\\\/www.gold.fr\\\/news\\\/2019\\\/03\\\/08\\\/cours-de-lor-stabilisation-en-fevrier\\\/\",\"name\":\"Cours de l\u2019or\u00a0: stabilisation en f\u00e9vrier - Gold.fr\",\"isPartOf\":{\"@id\":\"https:\\\/\\\/www.gold.fr\\\/news\\\/#website\"},\"primaryImageOfPage\":{\"@id\":\"https:\\\/\\\/www.gold.fr\\\/news\\\/2019\\\/03\\\/08\\\/cours-de-lor-stabilisation-en-fevrier\\\/#primaryimage\"},\"image\":{\"@id\":\"https:\\\/\\\/www.gold.fr\\\/news\\\/2019\\\/03\\\/08\\\/cours-de-lor-stabilisation-en-fevrier\\\/#primaryimage\"},\"thumbnailUrl\":\"https:\\\/\\\/www.gold.fr\\\/news\\\/wp-content\\\/uploads\\\/2019\\\/03\\\/Cours-de-lor-stabilisation-en-f\u00e9vrier.jpg\",\"datePublished\":\"2019-03-08T14:56:23+00:00\",\"dateModified\":\"2021-01-11T13:21:04+00:00\",\"author\":{\"@id\":\"https:\\\/\\\/www.gold.fr\\\/news\\\/#\\\/schema\\\/person\\\/4ed91d9a70d8f3a313c26e8308214fc2\"},\"description\":\"Cours de l\u2019or : stabilisation en f\u00e9vrier. Suivez le cours de l'or, de l'argent et d'autres m\u00e9taux pr\u00e9cieux en direct sur Gold.fr, le site d'actualit\u00e9 du Comptoir National de l'Or.\",\"breadcrumb\":{\"@id\":\"https:\\\/\\\/www.gold.fr\\\/news\\\/2019\\\/03\\\/08\\\/cours-de-lor-stabilisation-en-fevrier\\\/#breadcrumb\"},\"inLanguage\":\"fr-FR\",\"potentialAction\":[{\"@type\":\"ReadAction\",\"target\":[\"https:\\\/\\\/www.gold.fr\\\/news\\\/2019\\\/03\\\/08\\\/cours-de-lor-stabilisation-en-fevrier\\\/\"]}]},{\"@type\":\"ImageObject\",\"inLanguage\":\"fr-FR\",\"@id\":\"https:\\\/\\\/www.gold.fr\\\/news\\\/2019\\\/03\\\/08\\\/cours-de-lor-stabilisation-en-fevrier\\\/#primaryimage\",\"url\":\"https:\\\/\\\/www.gold.fr\\\/news\\\/wp-content\\\/uploads\\\/2019\\\/03\\\/Cours-de-lor-stabilisation-en-f\u00e9vrier.jpg\",\"contentUrl\":\"https:\\\/\\\/www.gold.fr\\\/news\\\/wp-content\\\/uploads\\\/2019\\\/03\\\/Cours-de-lor-stabilisation-en-f\u00e9vrier.jpg\",\"width\":2119,\"height\":1415,\"caption\":\"cours de l'or : stabilisation en f\u00e9vrier\"},{\"@type\":\"BreadcrumbList\",\"@id\":\"https:\\\/\\\/www.gold.fr\\\/news\\\/2019\\\/03\\\/08\\\/cours-de-lor-stabilisation-en-fevrier\\\/#breadcrumb\",\"itemListElement\":[{\"@type\":\"ListItem\",\"position\":1,\"name\":\"Accueil\",\"item\":\"https:\\\/\\\/www.gold.fr\\\/\"},{\"@type\":\"ListItem\",\"position\":2,\"name\":\"Actualit\u00e9s\",\"item\":\"https:\\\/\\\/www.gold.fr\\\/news\\\/\"},{\"@type\":\"ListItem\",\"position\":3,\"name\":\"Cours de l\u2019or\u00a0: stabilisation en f\u00e9vrier\"}]},{\"@type\":\"WebSite\",\"@id\":\"https:\\\/\\\/www.gold.fr\\\/news\\\/#website\",\"url\":\"https:\\\/\\\/www.gold.fr\\\/news\\\/\",\"name\":\"Gold.fr\",\"description\":\"Actualit\u00e9s de l&#039;Or et des m\u00e9taux pr\u00e9cieux\",\"potentialAction\":[{\"@type\":\"SearchAction\",\"target\":{\"@type\":\"EntryPoint\",\"urlTemplate\":\"https:\\\/\\\/www.gold.fr\\\/news\\\/?s={search_term_string}\"},\"query-input\":{\"@type\":\"PropertyValueSpecification\",\"valueRequired\":true,\"valueName\":\"search_term_string\"}}],\"inLanguage\":\"fr-FR\"},{\"@type\":\"Person\",\"@id\":\"https:\\\/\\\/www.gold.fr\\\/news\\\/#\\\/schema\\\/person\\\/4ed91d9a70d8f3a313c26e8308214fc2\",\"name\":\"Laurent Schwartz\",\"image\":{\"@type\":\"ImageObject\",\"inLanguage\":\"fr-FR\",\"@id\":\"https:\\\/\\\/secure.gravatar.com\\\/avatar\\\/1496f846049365121827f5470219486f1a95f83957cc8ca0a9595e40c185f5ee?s=96&d=mm&r=g76f0e87c9ba82a161860a0fc16990d85\",\"url\":\"https:\\\/\\\/secure.gravatar.com\\\/avatar\\\/1496f846049365121827f5470219486f1a95f83957cc8ca0a9595e40c185f5ee?s=96&d=mm&r=g\",\"contentUrl\":\"https:\\\/\\\/secure.gravatar.com\\\/avatar\\\/1496f846049365121827f5470219486f1a95f83957cc8ca0a9595e40c185f5ee?s=96&d=mm&r=g\",\"caption\":\"Laurent Schwartz\"},\"description\":\"Dipl\u00f4m\u00e9 de l\u2019EDHEC Business School en 2005, Laurent SCHWARTZ int\u00e8gre le cabinet d\u2019audit ERNST &amp; YOUNG en 2005 o\u00f9 il travaille pendant 4 ans. Parall\u00e8lement, il travaille au sein de l\u2019entreprise familiale cr\u00e9\u00e9e en 1976 \u00e0 Strasbourg. Fort de cette exp\u00e9rience et du savoir-faire d\u00e9velopp\u00e9 durant ces 40 derni\u00e8res ann\u00e9es, Laurent proc\u00e8de \u00e0 la refonte du site Internet Gold.fr d\u00e9di\u00e9 \u00e0 l\u2019achat d'or, vente d\u2019or (pi\u00e8ces, lingots, ...), achat or et argent,... qui conna\u00eetra un franc succ\u00e8s d\u00e8s son d\u00e9marrage en 2008. Il d\u00e9cide alors de d\u00e9velopper un r\u00e9seau de concessions exclusives: Le Comptoir National de l\u2019Or. Il assure d\u00e9sormais le pilotage strat\u00e9gique du 1er r\u00e9seau de France qui compte aujourd\u2019hui pas loin de 60 agences r\u00e9parties dans toute la France et depuis peu en Allemagne (Breisach). Le Comptoir National de l\u2019Or se positionne aujourd\u2019hui comme le leader incontournable sur le march\u00e9 de l\u2019Or et des m\u00e9taux pr\u00e9cieux en France.\",\"sameAs\":[\"https:\\\/\\\/www.gold.fr\",\"https:\\\/\\\/www.linkedin.com\\\/in\\\/acheteror\\\/\"]}]}<\/script>\n<!-- \/ Yoast SEO plugin. -->","yoast_head_json":{"title":"Cours de l\u2019or\u00a0: stabilisation en f\u00e9vrier - Gold.fr","description":"Cours de l\u2019or : stabilisation en f\u00e9vrier. Suivez le cours de l'or, de l'argent et d'autres m\u00e9taux pr\u00e9cieux en direct sur Gold.fr, le site d'actualit\u00e9 du Comptoir National de l'Or.","robots":{"index":"index","follow":"follow","max-snippet":"max-snippet:-1","max-image-preview":"max-image-preview:large","max-video-preview":"max-video-preview:-1"},"canonical":"https:\/\/www.gold.fr\/news\/2019\/03\/08\/cours-de-lor-stabilisation-en-fevrier\/","og_locale":"fr_FR","og_type":"article","og_title":"Cours de l\u2019or\u00a0: stabilisation en f\u00e9vrier - Gold.fr","og_description":"Cours de l\u2019or : stabilisation en f\u00e9vrier. Suivez le cours de l'or, de l'argent et d'autres m\u00e9taux pr\u00e9cieux en direct sur Gold.fr, le site d'actualit\u00e9 du Comptoir National de l'Or.","og_url":"https:\/\/www.gold.fr\/news\/2019\/03\/08\/cours-de-lor-stabilisation-en-fevrier\/","og_site_name":"Gold.fr","article_publisher":"https:\/\/www.facebook.com\/Goldfr\/","article_published_time":"2019-03-08T14:56:23+00:00","article_modified_time":"2021-01-11T13:21:04+00:00","og_image":[{"width":2119,"height":1415,"url":"https:\/\/www.gold.fr\/news\/wp-content\/uploads\/2019\/03\/Cours-de-lor-stabilisation-en-f\u00e9vrier.jpg","type":"image\/jpeg"}],"author":"Laurent Schwartz","twitter_card":"summary_large_image","twitter_misc":{"\u00c9crit par":"Laurent Schwartz","Dur\u00e9e de lecture estim\u00e9e":"5 minutes"},"schema":{"@context":"https:\/\/schema.org","@graph":[{"@type":"Article","@id":"https:\/\/www.gold.fr\/news\/2019\/03\/08\/cours-de-lor-stabilisation-en-fevrier\/#article","isPartOf":{"@id":"https:\/\/www.gold.fr\/news\/2019\/03\/08\/cours-de-lor-stabilisation-en-fevrier\/"},"author":{"name":"Laurent Schwartz","@id":"https:\/\/www.gold.fr\/news\/#\/schema\/person\/4ed91d9a70d8f3a313c26e8308214fc2"},"headline":"Cours de l\u2019or\u00a0: stabilisation en f\u00e9vrier","datePublished":"2019-03-08T14:56:23+00:00","dateModified":"2021-01-11T13:21:04+00:00","mainEntityOfPage":{"@id":"https:\/\/www.gold.fr\/news\/2019\/03\/08\/cours-de-lor-stabilisation-en-fevrier\/"},"wordCount":1053,"image":{"@id":"https:\/\/www.gold.fr\/news\/2019\/03\/08\/cours-de-lor-stabilisation-en-fevrier\/#primaryimage"},"thumbnailUrl":"https:\/\/www.gold.fr\/news\/wp-content\/uploads\/2019\/03\/Cours-de-lor-stabilisation-en-f\u00e9vrier.jpg","keywords":["stabilisation du cours de l'or","Tout Cours de l'Or"],"articleSection":["Analyses Economiques","Articles de presse"],"inLanguage":"fr-FR"},{"@type":"WebPage","@id":"https:\/\/www.gold.fr\/news\/2019\/03\/08\/cours-de-lor-stabilisation-en-fevrier\/","url":"https:\/\/www.gold.fr\/news\/2019\/03\/08\/cours-de-lor-stabilisation-en-fevrier\/","name":"Cours de l\u2019or\u00a0: stabilisation en f\u00e9vrier - Gold.fr","isPartOf":{"@id":"https:\/\/www.gold.fr\/news\/#website"},"primaryImageOfPage":{"@id":"https:\/\/www.gold.fr\/news\/2019\/03\/08\/cours-de-lor-stabilisation-en-fevrier\/#primaryimage"},"image":{"@id":"https:\/\/www.gold.fr\/news\/2019\/03\/08\/cours-de-lor-stabilisation-en-fevrier\/#primaryimage"},"thumbnailUrl":"https:\/\/www.gold.fr\/news\/wp-content\/uploads\/2019\/03\/Cours-de-lor-stabilisation-en-f\u00e9vrier.jpg","datePublished":"2019-03-08T14:56:23+00:00","dateModified":"2021-01-11T13:21:04+00:00","author":{"@id":"https:\/\/www.gold.fr\/news\/#\/schema\/person\/4ed91d9a70d8f3a313c26e8308214fc2"},"description":"Cours de l\u2019or : stabilisation en f\u00e9vrier. Suivez le cours de l'or, de l'argent et d'autres m\u00e9taux pr\u00e9cieux en direct sur Gold.fr, le site d'actualit\u00e9 du Comptoir National de l'Or.","breadcrumb":{"@id":"https:\/\/www.gold.fr\/news\/2019\/03\/08\/cours-de-lor-stabilisation-en-fevrier\/#breadcrumb"},"inLanguage":"fr-FR","potentialAction":[{"@type":"ReadAction","target":["https:\/\/www.gold.fr\/news\/2019\/03\/08\/cours-de-lor-stabilisation-en-fevrier\/"]}]},{"@type":"ImageObject","inLanguage":"fr-FR","@id":"https:\/\/www.gold.fr\/news\/2019\/03\/08\/cours-de-lor-stabilisation-en-fevrier\/#primaryimage","url":"https:\/\/www.gold.fr\/news\/wp-content\/uploads\/2019\/03\/Cours-de-lor-stabilisation-en-f\u00e9vrier.jpg","contentUrl":"https:\/\/www.gold.fr\/news\/wp-content\/uploads\/2019\/03\/Cours-de-lor-stabilisation-en-f\u00e9vrier.jpg","width":2119,"height":1415,"caption":"cours de l'or : stabilisation en f\u00e9vrier"},{"@type":"BreadcrumbList","@id":"https:\/\/www.gold.fr\/news\/2019\/03\/08\/cours-de-lor-stabilisation-en-fevrier\/#breadcrumb","itemListElement":[{"@type":"ListItem","position":1,"name":"Accueil","item":"https:\/\/www.gold.fr\/"},{"@type":"ListItem","position":2,"name":"Actualit\u00e9s","item":"https:\/\/www.gold.fr\/news\/"},{"@type":"ListItem","position":3,"name":"Cours de l\u2019or\u00a0: stabilisation en f\u00e9vrier"}]},{"@type":"WebSite","@id":"https:\/\/www.gold.fr\/news\/#website","url":"https:\/\/www.gold.fr\/news\/","name":"Gold.fr","description":"Actualit\u00e9s de l&#039;Or et des m\u00e9taux pr\u00e9cieux","potentialAction":[{"@type":"SearchAction","target":{"@type":"EntryPoint","urlTemplate":"https:\/\/www.gold.fr\/news\/?s={search_term_string}"},"query-input":{"@type":"PropertyValueSpecification","valueRequired":true,"valueName":"search_term_string"}}],"inLanguage":"fr-FR"},{"@type":"Person","@id":"https:\/\/www.gold.fr\/news\/#\/schema\/person\/4ed91d9a70d8f3a313c26e8308214fc2","name":"Laurent Schwartz","image":{"@type":"ImageObject","inLanguage":"fr-FR","@id":"https:\/\/secure.gravatar.com\/avatar\/1496f846049365121827f5470219486f1a95f83957cc8ca0a9595e40c185f5ee?s=96&d=mm&r=g76f0e87c9ba82a161860a0fc16990d85","url":"https:\/\/secure.gravatar.com\/avatar\/1496f846049365121827f5470219486f1a95f83957cc8ca0a9595e40c185f5ee?s=96&d=mm&r=g","contentUrl":"https:\/\/secure.gravatar.com\/avatar\/1496f846049365121827f5470219486f1a95f83957cc8ca0a9595e40c185f5ee?s=96&d=mm&r=g","caption":"Laurent Schwartz"},"description":"Dipl\u00f4m\u00e9 de l\u2019EDHEC Business School en 2005, Laurent SCHWARTZ int\u00e8gre le cabinet d\u2019audit ERNST &amp; YOUNG en 2005 o\u00f9 il travaille pendant 4 ans. Parall\u00e8lement, il travaille au sein de l\u2019entreprise familiale cr\u00e9\u00e9e en 1976 \u00e0 Strasbourg. Fort de cette exp\u00e9rience et du savoir-faire d\u00e9velopp\u00e9 durant ces 40 derni\u00e8res ann\u00e9es, Laurent proc\u00e8de \u00e0 la refonte du site Internet Gold.fr d\u00e9di\u00e9 \u00e0 l\u2019achat d'or, vente d\u2019or (pi\u00e8ces, lingots, ...), achat or et argent,... qui conna\u00eetra un franc succ\u00e8s d\u00e8s son d\u00e9marrage en 2008. Il d\u00e9cide alors de d\u00e9velopper un r\u00e9seau de concessions exclusives: Le Comptoir National de l\u2019Or. Il assure d\u00e9sormais le pilotage strat\u00e9gique du 1er r\u00e9seau de France qui compte aujourd\u2019hui pas loin de 60 agences r\u00e9parties dans toute la France et depuis peu en Allemagne (Breisach). Le Comptoir National de l\u2019Or se positionne aujourd\u2019hui comme le leader incontournable sur le march\u00e9 de l\u2019Or et des m\u00e9taux pr\u00e9cieux en France.","sameAs":["https:\/\/www.gold.fr","https:\/\/www.linkedin.com\/in\/acheteror\/"]}]}},"authors":[{"term_id":2567,"user_id":6,"is_guest":0,"slug":"laurent","display_name":"Laurent Schwartz","avatar_url":"https:\/\/secure.gravatar.com\/avatar\/1496f846049365121827f5470219486f1a95f83957cc8ca0a9595e40c185f5ee?s=96&d=mm&r=g","0":null,"1":"","2":"","3":"","4":"","5":"","6":"","7":"","8":""}],"_links":{"self":[{"href":"https:\/\/www.gold.fr\/news\/wp-json\/wp\/v2\/posts\/35013","targetHints":{"allow":["GET"]}}],"collection":[{"href":"https:\/\/www.gold.fr\/news\/wp-json\/wp\/v2\/posts"}],"about":[{"href":"https:\/\/www.gold.fr\/news\/wp-json\/wp\/v2\/types\/post"}],"author":[{"embeddable":true,"href":"https:\/\/www.gold.fr\/news\/wp-json\/wp\/v2\/users\/6"}],"replies":[{"embeddable":true,"href":"https:\/\/www.gold.fr\/news\/wp-json\/wp\/v2\/comments?post=35013"}],"version-history":[{"count":0,"href":"https:\/\/www.gold.fr\/news\/wp-json\/wp\/v2\/posts\/35013\/revisions"}],"wp:featuredmedia":[{"embeddable":true,"href":"https:\/\/www.gold.fr\/news\/wp-json\/wp\/v2\/media\/35135"}],"wp:attachment":[{"href":"https:\/\/www.gold.fr\/news\/wp-json\/wp\/v2\/media?parent=35013"}],"wp:term":[{"taxonomy":"category","embeddable":true,"href":"https:\/\/www.gold.fr\/news\/wp-json\/wp\/v2\/categories?post=35013"},{"taxonomy":"post_tag","embeddable":true,"href":"https:\/\/www.gold.fr\/news\/wp-json\/wp\/v2\/tags?post=35013"},{"taxonomy":"author","embeddable":true,"href":"https:\/\/www.gold.fr\/news\/wp-json\/wp\/v2\/ppma_author?post=35013"}],"curies":[{"name":"wp","href":"https:\/\/api.w.org\/{rel}","templated":true}]}}