{"id":35005,"date":"2019-03-08T10:38:12","date_gmt":"2019-03-08T09:38:12","guid":{"rendered":"https:\/\/www.gold.fr\/news\/?p=35005"},"modified":"2021-01-11T14:22:07","modified_gmt":"2021-01-11T13:22:07","slug":"newmont-dit-non-a-barrick","status":"publish","type":"post","link":"https:\/\/www.gold.fr\/news\/2019\/03\/08\/newmont-dit-non-a-barrick\/","title":{"rendered":"Newmont dit non \u00e0 Barrick"},"content":{"rendered":"<p style=\"text-align: justify;\">Nous vous avons parl\u00e9 de <strong><em><a href=\"https:\/\/www.gold.fr\/news\/2019\/03\/01\/une-fusion-minieres-des-2-plus-gros-producteurs-mondiaux\/\">l\u2019offre d\u2019achat de Barrick Gold sur Newmont Mining<\/a> <\/em><\/strong>(respectivement 1 er et 2 \u00e8me producteurs mondiaux), une offre pour le moins inamicale. Sans surprise, le Conseil d\u2019administration de Newmont a formellement et unanimement rejet\u00e9 l\u2019offre de Barrick, \u00e0 la fois pour des raisons juridique (la soci\u00e9t\u00e9 est engag\u00e9e dans une autre <em><strong><a href=\"https:\/\/www.gold.fr\/news\/2019\/01\/24\/nouvelle-fusion-de-societes-minieres\/\">fusion avec Goldcorp)<\/a><\/strong><\/em> et financi\u00e8re, le prix propos\u00e9 n\u2019incorporant pas de prime.<\/p>\n<p style=\"text-align: justify;\">Barrick vantait la pertinence de son offre, notamment en raison de la combinaison des actifs des deux soci\u00e9t\u00e9s au Nevada, o\u00f9 de grosses \u00e9conomies pourraient \u00eatre r\u00e9alis\u00e9es\u00a0: les fameuses synergies. Sur ce point Newmont est d\u2019accord\u00a0: la soci\u00e9t\u00e9 vient d\u2019ailleurs de faire une contreproposition \u00e0 Barrick\u00a0: former une joint-venture avec les actifs du Nevada pour r\u00e9aliser ces \u00e9conomies, sans pour autant fusionner.<\/p>\n<p style=\"text-align: justify;\">Une piste qui a re\u00e7u le soutien d\u2019un investisseur de poids\u00a0: la soci\u00e9t\u00e9 de gestion Van Eck, plus gros actionnaire de Barrick et 3 \u00e8me de Newmont, qui a annonc\u00e9 sa pr\u00e9f\u00e9rence pour ce sc\u00e9nario, plut\u00f4t qu\u2019une fusion complexe\u2026 Reste \u00e0 savoir si les autres actionnaires de Newmont sont du m\u00eame avis.<\/p>\n<p style=\"text-align: justify;\">Affaire \u00e0 suivre\u2026<\/p>\n<!-- AddThis Advanced Settings generic via filter on the_content --><!-- AddThis Share Buttons generic via filter on the_content -->","protected":false},"excerpt":{"rendered":"<p>Nous vous avons parl\u00e9 de l\u2019offre d\u2019achat de Barrick Gold sur Newmont Mining (respectivement 1 er et 2 \u00e8me producteurs mondiaux), une offre pour le moins inamicale. Sans surprise, le Conseil d\u2019administration de Newmont a formellement [&hellip;]<\/p>\n","protected":false},"author":6,"featured_media":35006,"comment_status":"closed","ping_status":"closed","sticky":false,"template":"","format":"standard","meta":{"_mbp_gutenberg_autopost":false,"_pgmb_is_evergreen":false,"_pgmb_ap_template_id":0,"footnotes":""},"categories":[4,5],"tags":[1000],"ppma_author":[2567],"class_list":["post-35005","post","type-post","status-publish","format-standard","has-post-thumbnail","hentry","category-analyses-economiques","category-flash-infos","tag-economie"],"yoast_head":"<!-- This site is optimized with the Yoast SEO plugin v27.5 - https:\/\/yoast.com\/product\/yoast-seo-wordpress\/ -->\n<title>Newmont dit non \u00e0 Barrick - Gold.fr<\/title>\n<meta name=\"description\" content=\"Newmont dit non \u00e0 Barrick. La pertinence de son offre, notamment en raison de la combinaison des actifs Une piste soutenu par d&#039;autres acteurs\" \/>\n<meta name=\"robots\" content=\"index, follow, max-snippet:-1, max-image-preview:large, max-video-preview:-1\" \/>\n<link rel=\"canonical\" href=\"https:\/\/www.gold.fr\/news\/2019\/03\/08\/newmont-dit-non-a-barrick\/\" \/>\n<meta property=\"og:locale\" content=\"fr_FR\" \/>\n<meta property=\"og:type\" content=\"article\" \/>\n<meta property=\"og:title\" content=\"Newmont dit non \u00e0 Barrick - Gold.fr\" \/>\n<meta property=\"og:description\" content=\"Newmont dit non \u00e0 Barrick. La pertinence de son offre, notamment en raison de la combinaison des actifs Une piste soutenu par d&#039;autres acteurs\" \/>\n<meta property=\"og:url\" content=\"https:\/\/www.gold.fr\/news\/2019\/03\/08\/newmont-dit-non-a-barrick\/\" \/>\n<meta property=\"og:site_name\" content=\"Gold.fr\" \/>\n<meta property=\"article:publisher\" content=\"https:\/\/www.facebook.com\/Goldfr\/\" \/>\n<meta property=\"article:published_time\" content=\"2019-03-08T09:38:12+00:00\" \/>\n<meta property=\"article:modified_time\" content=\"2021-01-11T13:22:07+00:00\" \/>\n<meta property=\"og:image\" content=\"https:\/\/www.gold.fr\/news\/wp-content\/uploads\/2019\/03\/12290461-15095290755112066_origin.png\" \/>\n\t<meta property=\"og:image:width\" content=\"778\" \/>\n\t<meta property=\"og:image:height\" content=\"518\" \/>\n\t<meta property=\"og:image:type\" content=\"image\/png\" \/>\n<meta name=\"author\" content=\"Laurent Schwartz\" \/>\n<meta name=\"twitter:card\" content=\"summary_large_image\" \/>\n<meta name=\"twitter:label1\" content=\"\u00c9crit par\" \/>\n\t<meta name=\"twitter:data1\" content=\"Laurent Schwartz\" \/>\n\t<meta name=\"twitter:label2\" content=\"Dur\u00e9e de lecture estim\u00e9e\" \/>\n\t<meta name=\"twitter:data2\" content=\"1 minute\" \/>\n<script type=\"application\/ld+json\" class=\"yoast-schema-graph\">{\"@context\":\"https:\\\/\\\/schema.org\",\"@graph\":[{\"@type\":\"Article\",\"@id\":\"https:\\\/\\\/www.gold.fr\\\/news\\\/2019\\\/03\\\/08\\\/newmont-dit-non-a-barrick\\\/#article\",\"isPartOf\":{\"@id\":\"https:\\\/\\\/www.gold.fr\\\/news\\\/2019\\\/03\\\/08\\\/newmont-dit-non-a-barrick\\\/\"},\"author\":{\"name\":\"Laurent Schwartz\",\"@id\":\"https:\\\/\\\/www.gold.fr\\\/news\\\/#\\\/schema\\\/person\\\/4ed91d9a70d8f3a313c26e8308214fc2\"},\"headline\":\"Newmont dit non \u00e0 Barrick\",\"datePublished\":\"2019-03-08T09:38:12+00:00\",\"dateModified\":\"2021-01-11T13:22:07+00:00\",\"mainEntityOfPage\":{\"@id\":\"https:\\\/\\\/www.gold.fr\\\/news\\\/2019\\\/03\\\/08\\\/newmont-dit-non-a-barrick\\\/\"},\"wordCount\":207,\"image\":{\"@id\":\"https:\\\/\\\/www.gold.fr\\\/news\\\/2019\\\/03\\\/08\\\/newmont-dit-non-a-barrick\\\/#primaryimage\"},\"thumbnailUrl\":\"https:\\\/\\\/www.gold.fr\\\/news\\\/wp-content\\\/uploads\\\/2019\\\/03\\\/12290461-15095290755112066_origin.png\",\"keywords\":[\"\u00e9conomie\"],\"articleSection\":[\"Analyses Economiques\",\"Flash infos\"],\"inLanguage\":\"fr-FR\"},{\"@type\":\"WebPage\",\"@id\":\"https:\\\/\\\/www.gold.fr\\\/news\\\/2019\\\/03\\\/08\\\/newmont-dit-non-a-barrick\\\/\",\"url\":\"https:\\\/\\\/www.gold.fr\\\/news\\\/2019\\\/03\\\/08\\\/newmont-dit-non-a-barrick\\\/\",\"name\":\"Newmont dit non \u00e0 Barrick - Gold.fr\",\"isPartOf\":{\"@id\":\"https:\\\/\\\/www.gold.fr\\\/news\\\/#website\"},\"primaryImageOfPage\":{\"@id\":\"https:\\\/\\\/www.gold.fr\\\/news\\\/2019\\\/03\\\/08\\\/newmont-dit-non-a-barrick\\\/#primaryimage\"},\"image\":{\"@id\":\"https:\\\/\\\/www.gold.fr\\\/news\\\/2019\\\/03\\\/08\\\/newmont-dit-non-a-barrick\\\/#primaryimage\"},\"thumbnailUrl\":\"https:\\\/\\\/www.gold.fr\\\/news\\\/wp-content\\\/uploads\\\/2019\\\/03\\\/12290461-15095290755112066_origin.png\",\"datePublished\":\"2019-03-08T09:38:12+00:00\",\"dateModified\":\"2021-01-11T13:22:07+00:00\",\"author\":{\"@id\":\"https:\\\/\\\/www.gold.fr\\\/news\\\/#\\\/schema\\\/person\\\/4ed91d9a70d8f3a313c26e8308214fc2\"},\"description\":\"Newmont dit non \u00e0 Barrick. La pertinence de son offre, notamment en raison de la combinaison des actifs Une piste soutenu par d'autres acteurs\",\"breadcrumb\":{\"@id\":\"https:\\\/\\\/www.gold.fr\\\/news\\\/2019\\\/03\\\/08\\\/newmont-dit-non-a-barrick\\\/#breadcrumb\"},\"inLanguage\":\"fr-FR\",\"potentialAction\":[{\"@type\":\"ReadAction\",\"target\":[\"https:\\\/\\\/www.gold.fr\\\/news\\\/2019\\\/03\\\/08\\\/newmont-dit-non-a-barrick\\\/\"]}]},{\"@type\":\"ImageObject\",\"inLanguage\":\"fr-FR\",\"@id\":\"https:\\\/\\\/www.gold.fr\\\/news\\\/2019\\\/03\\\/08\\\/newmont-dit-non-a-barrick\\\/#primaryimage\",\"url\":\"https:\\\/\\\/www.gold.fr\\\/news\\\/wp-content\\\/uploads\\\/2019\\\/03\\\/12290461-15095290755112066_origin.png\",\"contentUrl\":\"https:\\\/\\\/www.gold.fr\\\/news\\\/wp-content\\\/uploads\\\/2019\\\/03\\\/12290461-15095290755112066_origin.png\",\"width\":778,\"height\":518,\"caption\":\"Lingot d'Or\"},{\"@type\":\"BreadcrumbList\",\"@id\":\"https:\\\/\\\/www.gold.fr\\\/news\\\/2019\\\/03\\\/08\\\/newmont-dit-non-a-barrick\\\/#breadcrumb\",\"itemListElement\":[{\"@type\":\"ListItem\",\"position\":1,\"name\":\"Accueil\",\"item\":\"https:\\\/\\\/www.gold.fr\\\/\"},{\"@type\":\"ListItem\",\"position\":2,\"name\":\"Actualit\u00e9s\",\"item\":\"https:\\\/\\\/www.gold.fr\\\/news\\\/\"},{\"@type\":\"ListItem\",\"position\":3,\"name\":\"Newmont dit non \u00e0 Barrick\"}]},{\"@type\":\"WebSite\",\"@id\":\"https:\\\/\\\/www.gold.fr\\\/news\\\/#website\",\"url\":\"https:\\\/\\\/www.gold.fr\\\/news\\\/\",\"name\":\"Gold.fr\",\"description\":\"Actualit\u00e9s de l&#039;Or et des m\u00e9taux pr\u00e9cieux\",\"potentialAction\":[{\"@type\":\"SearchAction\",\"target\":{\"@type\":\"EntryPoint\",\"urlTemplate\":\"https:\\\/\\\/www.gold.fr\\\/news\\\/?s={search_term_string}\"},\"query-input\":{\"@type\":\"PropertyValueSpecification\",\"valueRequired\":true,\"valueName\":\"search_term_string\"}}],\"inLanguage\":\"fr-FR\"},{\"@type\":\"Person\",\"@id\":\"https:\\\/\\\/www.gold.fr\\\/news\\\/#\\\/schema\\\/person\\\/4ed91d9a70d8f3a313c26e8308214fc2\",\"name\":\"Laurent Schwartz\",\"image\":{\"@type\":\"ImageObject\",\"inLanguage\":\"fr-FR\",\"@id\":\"https:\\\/\\\/secure.gravatar.com\\\/avatar\\\/1496f846049365121827f5470219486f1a95f83957cc8ca0a9595e40c185f5ee?s=96&d=mm&r=g76f0e87c9ba82a161860a0fc16990d85\",\"url\":\"https:\\\/\\\/secure.gravatar.com\\\/avatar\\\/1496f846049365121827f5470219486f1a95f83957cc8ca0a9595e40c185f5ee?s=96&d=mm&r=g\",\"contentUrl\":\"https:\\\/\\\/secure.gravatar.com\\\/avatar\\\/1496f846049365121827f5470219486f1a95f83957cc8ca0a9595e40c185f5ee?s=96&d=mm&r=g\",\"caption\":\"Laurent Schwartz\"},\"description\":\"Dipl\u00f4m\u00e9 de l\u2019EDHEC Business School en 2005, Laurent SCHWARTZ int\u00e8gre le cabinet d\u2019audit ERNST &amp; YOUNG en 2005 o\u00f9 il travaille pendant 4 ans. Parall\u00e8lement, il travaille au sein de l\u2019entreprise familiale cr\u00e9\u00e9e en 1976 \u00e0 Strasbourg. Fort de cette exp\u00e9rience et du savoir-faire d\u00e9velopp\u00e9 durant ces 40 derni\u00e8res ann\u00e9es, Laurent proc\u00e8de \u00e0 la refonte du site Internet Gold.fr d\u00e9di\u00e9 \u00e0 l\u2019achat d'or, vente d\u2019or (pi\u00e8ces, lingots, ...), achat or et argent,... qui conna\u00eetra un franc succ\u00e8s d\u00e8s son d\u00e9marrage en 2008. Il d\u00e9cide alors de d\u00e9velopper un r\u00e9seau de concessions exclusives: Le Comptoir National de l\u2019Or. Il assure d\u00e9sormais le pilotage strat\u00e9gique du 1er r\u00e9seau de France qui compte aujourd\u2019hui pas loin de 60 agences r\u00e9parties dans toute la France et depuis peu en Allemagne (Breisach). Le Comptoir National de l\u2019Or se positionne aujourd\u2019hui comme le leader incontournable sur le march\u00e9 de l\u2019Or et des m\u00e9taux pr\u00e9cieux en France.\",\"sameAs\":[\"https:\\\/\\\/www.gold.fr\",\"https:\\\/\\\/www.linkedin.com\\\/in\\\/acheteror\\\/\"]}]}<\/script>\n<!-- \/ Yoast SEO plugin. -->","yoast_head_json":{"title":"Newmont dit non \u00e0 Barrick - Gold.fr","description":"Newmont dit non \u00e0 Barrick. La pertinence de son offre, notamment en raison de la combinaison des actifs Une piste soutenu par d'autres acteurs","robots":{"index":"index","follow":"follow","max-snippet":"max-snippet:-1","max-image-preview":"max-image-preview:large","max-video-preview":"max-video-preview:-1"},"canonical":"https:\/\/www.gold.fr\/news\/2019\/03\/08\/newmont-dit-non-a-barrick\/","og_locale":"fr_FR","og_type":"article","og_title":"Newmont dit non \u00e0 Barrick - Gold.fr","og_description":"Newmont dit non \u00e0 Barrick. La pertinence de son offre, notamment en raison de la combinaison des actifs Une piste soutenu par d'autres acteurs","og_url":"https:\/\/www.gold.fr\/news\/2019\/03\/08\/newmont-dit-non-a-barrick\/","og_site_name":"Gold.fr","article_publisher":"https:\/\/www.facebook.com\/Goldfr\/","article_published_time":"2019-03-08T09:38:12+00:00","article_modified_time":"2021-01-11T13:22:07+00:00","og_image":[{"width":778,"height":518,"url":"https:\/\/www.gold.fr\/news\/wp-content\/uploads\/2019\/03\/12290461-15095290755112066_origin.png","type":"image\/png"}],"author":"Laurent Schwartz","twitter_card":"summary_large_image","twitter_misc":{"\u00c9crit par":"Laurent Schwartz","Dur\u00e9e de lecture estim\u00e9e":"1 minute"},"schema":{"@context":"https:\/\/schema.org","@graph":[{"@type":"Article","@id":"https:\/\/www.gold.fr\/news\/2019\/03\/08\/newmont-dit-non-a-barrick\/#article","isPartOf":{"@id":"https:\/\/www.gold.fr\/news\/2019\/03\/08\/newmont-dit-non-a-barrick\/"},"author":{"name":"Laurent Schwartz","@id":"https:\/\/www.gold.fr\/news\/#\/schema\/person\/4ed91d9a70d8f3a313c26e8308214fc2"},"headline":"Newmont dit non \u00e0 Barrick","datePublished":"2019-03-08T09:38:12+00:00","dateModified":"2021-01-11T13:22:07+00:00","mainEntityOfPage":{"@id":"https:\/\/www.gold.fr\/news\/2019\/03\/08\/newmont-dit-non-a-barrick\/"},"wordCount":207,"image":{"@id":"https:\/\/www.gold.fr\/news\/2019\/03\/08\/newmont-dit-non-a-barrick\/#primaryimage"},"thumbnailUrl":"https:\/\/www.gold.fr\/news\/wp-content\/uploads\/2019\/03\/12290461-15095290755112066_origin.png","keywords":["\u00e9conomie"],"articleSection":["Analyses Economiques","Flash infos"],"inLanguage":"fr-FR"},{"@type":"WebPage","@id":"https:\/\/www.gold.fr\/news\/2019\/03\/08\/newmont-dit-non-a-barrick\/","url":"https:\/\/www.gold.fr\/news\/2019\/03\/08\/newmont-dit-non-a-barrick\/","name":"Newmont dit non \u00e0 Barrick - Gold.fr","isPartOf":{"@id":"https:\/\/www.gold.fr\/news\/#website"},"primaryImageOfPage":{"@id":"https:\/\/www.gold.fr\/news\/2019\/03\/08\/newmont-dit-non-a-barrick\/#primaryimage"},"image":{"@id":"https:\/\/www.gold.fr\/news\/2019\/03\/08\/newmont-dit-non-a-barrick\/#primaryimage"},"thumbnailUrl":"https:\/\/www.gold.fr\/news\/wp-content\/uploads\/2019\/03\/12290461-15095290755112066_origin.png","datePublished":"2019-03-08T09:38:12+00:00","dateModified":"2021-01-11T13:22:07+00:00","author":{"@id":"https:\/\/www.gold.fr\/news\/#\/schema\/person\/4ed91d9a70d8f3a313c26e8308214fc2"},"description":"Newmont dit non \u00e0 Barrick. La pertinence de son offre, notamment en raison de la combinaison des actifs Une piste soutenu par d'autres acteurs","breadcrumb":{"@id":"https:\/\/www.gold.fr\/news\/2019\/03\/08\/newmont-dit-non-a-barrick\/#breadcrumb"},"inLanguage":"fr-FR","potentialAction":[{"@type":"ReadAction","target":["https:\/\/www.gold.fr\/news\/2019\/03\/08\/newmont-dit-non-a-barrick\/"]}]},{"@type":"ImageObject","inLanguage":"fr-FR","@id":"https:\/\/www.gold.fr\/news\/2019\/03\/08\/newmont-dit-non-a-barrick\/#primaryimage","url":"https:\/\/www.gold.fr\/news\/wp-content\/uploads\/2019\/03\/12290461-15095290755112066_origin.png","contentUrl":"https:\/\/www.gold.fr\/news\/wp-content\/uploads\/2019\/03\/12290461-15095290755112066_origin.png","width":778,"height":518,"caption":"Lingot d'Or"},{"@type":"BreadcrumbList","@id":"https:\/\/www.gold.fr\/news\/2019\/03\/08\/newmont-dit-non-a-barrick\/#breadcrumb","itemListElement":[{"@type":"ListItem","position":1,"name":"Accueil","item":"https:\/\/www.gold.fr\/"},{"@type":"ListItem","position":2,"name":"Actualit\u00e9s","item":"https:\/\/www.gold.fr\/news\/"},{"@type":"ListItem","position":3,"name":"Newmont dit non \u00e0 Barrick"}]},{"@type":"WebSite","@id":"https:\/\/www.gold.fr\/news\/#website","url":"https:\/\/www.gold.fr\/news\/","name":"Gold.fr","description":"Actualit\u00e9s de l&#039;Or et des m\u00e9taux pr\u00e9cieux","potentialAction":[{"@type":"SearchAction","target":{"@type":"EntryPoint","urlTemplate":"https:\/\/www.gold.fr\/news\/?s={search_term_string}"},"query-input":{"@type":"PropertyValueSpecification","valueRequired":true,"valueName":"search_term_string"}}],"inLanguage":"fr-FR"},{"@type":"Person","@id":"https:\/\/www.gold.fr\/news\/#\/schema\/person\/4ed91d9a70d8f3a313c26e8308214fc2","name":"Laurent Schwartz","image":{"@type":"ImageObject","inLanguage":"fr-FR","@id":"https:\/\/secure.gravatar.com\/avatar\/1496f846049365121827f5470219486f1a95f83957cc8ca0a9595e40c185f5ee?s=96&d=mm&r=g76f0e87c9ba82a161860a0fc16990d85","url":"https:\/\/secure.gravatar.com\/avatar\/1496f846049365121827f5470219486f1a95f83957cc8ca0a9595e40c185f5ee?s=96&d=mm&r=g","contentUrl":"https:\/\/secure.gravatar.com\/avatar\/1496f846049365121827f5470219486f1a95f83957cc8ca0a9595e40c185f5ee?s=96&d=mm&r=g","caption":"Laurent Schwartz"},"description":"Dipl\u00f4m\u00e9 de l\u2019EDHEC Business School en 2005, Laurent SCHWARTZ int\u00e8gre le cabinet d\u2019audit ERNST &amp; YOUNG en 2005 o\u00f9 il travaille pendant 4 ans. Parall\u00e8lement, il travaille au sein de l\u2019entreprise familiale cr\u00e9\u00e9e en 1976 \u00e0 Strasbourg. Fort de cette exp\u00e9rience et du savoir-faire d\u00e9velopp\u00e9 durant ces 40 derni\u00e8res ann\u00e9es, Laurent proc\u00e8de \u00e0 la refonte du site Internet Gold.fr d\u00e9di\u00e9 \u00e0 l\u2019achat d'or, vente d\u2019or (pi\u00e8ces, lingots, ...), achat or et argent,... qui conna\u00eetra un franc succ\u00e8s d\u00e8s son d\u00e9marrage en 2008. Il d\u00e9cide alors de d\u00e9velopper un r\u00e9seau de concessions exclusives: Le Comptoir National de l\u2019Or. Il assure d\u00e9sormais le pilotage strat\u00e9gique du 1er r\u00e9seau de France qui compte aujourd\u2019hui pas loin de 60 agences r\u00e9parties dans toute la France et depuis peu en Allemagne (Breisach). Le Comptoir National de l\u2019Or se positionne aujourd\u2019hui comme le leader incontournable sur le march\u00e9 de l\u2019Or et des m\u00e9taux pr\u00e9cieux en France.","sameAs":["https:\/\/www.gold.fr","https:\/\/www.linkedin.com\/in\/acheteror\/"]}]}},"authors":[{"term_id":2567,"user_id":6,"is_guest":0,"slug":"laurent","display_name":"Laurent Schwartz","avatar_url":"https:\/\/secure.gravatar.com\/avatar\/1496f846049365121827f5470219486f1a95f83957cc8ca0a9595e40c185f5ee?s=96&d=mm&r=g","0":null,"1":"","2":"","3":"","4":"","5":"","6":"","7":"","8":""}],"_links":{"self":[{"href":"https:\/\/www.gold.fr\/news\/wp-json\/wp\/v2\/posts\/35005","targetHints":{"allow":["GET"]}}],"collection":[{"href":"https:\/\/www.gold.fr\/news\/wp-json\/wp\/v2\/posts"}],"about":[{"href":"https:\/\/www.gold.fr\/news\/wp-json\/wp\/v2\/types\/post"}],"author":[{"embeddable":true,"href":"https:\/\/www.gold.fr\/news\/wp-json\/wp\/v2\/users\/6"}],"replies":[{"embeddable":true,"href":"https:\/\/www.gold.fr\/news\/wp-json\/wp\/v2\/comments?post=35005"}],"version-history":[{"count":0,"href":"https:\/\/www.gold.fr\/news\/wp-json\/wp\/v2\/posts\/35005\/revisions"}],"wp:featuredmedia":[{"embeddable":true,"href":"https:\/\/www.gold.fr\/news\/wp-json\/wp\/v2\/media\/35006"}],"wp:attachment":[{"href":"https:\/\/www.gold.fr\/news\/wp-json\/wp\/v2\/media?parent=35005"}],"wp:term":[{"taxonomy":"category","embeddable":true,"href":"https:\/\/www.gold.fr\/news\/wp-json\/wp\/v2\/categories?post=35005"},{"taxonomy":"post_tag","embeddable":true,"href":"https:\/\/www.gold.fr\/news\/wp-json\/wp\/v2\/tags?post=35005"},{"taxonomy":"author","embeddable":true,"href":"https:\/\/www.gold.fr\/news\/wp-json\/wp\/v2\/ppma_author?post=35005"}],"curies":[{"name":"wp","href":"https:\/\/api.w.org\/{rel}","templated":true}]}}