{"id":34970,"date":"2019-02-26T15:06:58","date_gmt":"2019-02-26T14:06:58","guid":{"rendered":"https:\/\/www.gold.fr\/news\/?p=34970"},"modified":"2021-01-11T14:23:18","modified_gmt":"2021-01-11T13:23:18","slug":"apres-un-bon-debut-dannee-3-raisons-de-rester-positif-sur-lor","status":"publish","type":"post","link":"https:\/\/www.gold.fr\/news\/2019\/02\/26\/apres-un-bon-debut-dannee-3-raisons-de-rester-positif-sur-lor\/","title":{"rendered":"Apr\u00e8s un bon d\u00e9but d\u2019ann\u00e9e, 3 raisons de rester positif sur l\u2019or"},"content":{"rendered":"<h2>Un bon d\u00e9but d\u2019ann\u00e9e<\/h2>\n<p>  Le dernier trimestre de 2018 a \u00e9t\u00e9 marqu\u00e9e par un fort rebond des cours de l\u2019or qui avait permis de conclure l\u2019ann\u00e9e sur une performance positive. M\u00eame si les cours en dollar ont termin\u00e9 en l\u00e9ger repli, <strong>la performance de l\u2019or en euros s\u2019\u00e9tait solidement \u00e9tablie \u00e0 +3.4% en 2018. <\/strong>    L\u2019or a \u00e9galement fortement surperform\u00e9 les actions en 2018, et tout particuli\u00e8rement en fin d\u2019ann\u00e9e. L\u2019\u00e9cart de performance entre le m\u00e9tal jaune et le CAC 40 a atteint 14%, signe que le <strong>l\u2019or a jou\u00e9 son r\u00f4le de diversifiant en p\u00e9riode de stress des march\u00e9s actions.<\/strong>    &nbsp;  <\/p>\n<p style=\"text-align: center;\"><span style=\"text-decoration: underline;\"><strong>Graphique\u00a0:<\/strong><\/span> Performance de l\u2019or et du CAC 40 en 2018<\/p>\n<p>  <a href=\"https:\/\/www.gold.fr\/news\/wp-content\/uploads\/2019\/02\/Capture-d\u2019e\u0301cran-2019-02-26-a\u0300-10.57.27.png\"><img loading=\"lazy\" decoding=\"async\" class=\"wp-image-34971 aligncenter\" src=\"https:\/\/www.gold.fr\/news\/wp-content\/uploads\/2019\/02\/Capture-d\u2019e\u0301cran-2019-02-26-a\u0300-10.57.27-300x126.png\" alt=\"Graphique\u00a0: Performance de l\u2019or et du CAC 40 en 2018\" width=\"675\" height=\"283\" srcset=\"https:\/\/www.gold.fr\/news\/wp-content\/uploads\/2019\/02\/Capture-d\u2019e\u0301cran-2019-02-26-a\u0300-10.57.27-300x126.png 300w, https:\/\/www.gold.fr\/news\/wp-content\/uploads\/2019\/02\/Capture-d\u2019e\u0301cran-2019-02-26-a\u0300-10.57.27-768x322.png 768w, https:\/\/www.gold.fr\/news\/wp-content\/uploads\/2019\/02\/Capture-d\u2019e\u0301cran-2019-02-26-a\u0300-10.57.27-1024x430.png 1024w, https:\/\/www.gold.fr\/news\/wp-content\/uploads\/2019\/02\/Capture-d\u2019e\u0301cran-2019-02-26-a\u0300-10.57.27-2x1.png 2w, https:\/\/www.gold.fr\/news\/wp-content\/uploads\/2019\/02\/Capture-d\u2019e\u0301cran-2019-02-26-a\u0300-10.57.27.png 1158w\" sizes=\"auto, (max-width: 675px) 100vw, 675px\" \/><\/a>    &nbsp;  <\/p>\n<p style=\"text-align: justify;\"><strong>En 2019, l\u2019\u00e9cart avec les actions se resserre, mais la tendance positive se poursuit\u00a0: l\u2019or affiche depuis le d\u00e9but de l\u2019ann\u00e9e une belle progression de 4% en euros<\/strong> et 2.6% en dollars (cours en date du 13\/02). Cette performance est d\u2019autant plus remarquable que le rebond des march\u00e9s actions en janvier aurait pu laisser envisager une certaine correction. La performance de l\u2019or s\u2019appuie donc sur des fondamentaux solides et nous d\u00e9taillons ci-dessous 3 raisons de rester constructif.<\/p>\n<h2 style=\"text-align: justify;\">Raison # 1\u00a0: l\u2019approche de la fin de cycle<\/h2>\n<p>  Scoop\u00a0: chaque jour qui passe nous rapproche de la fin du cycle \u00e9conomique. Aux Etats-Unis, il s\u2019agit de la plus longue p\u00e9riode d\u2019expansion de l\u2019apr\u00e8s -guerre. Logiquement les interrogations montent,\u00a0et <strong>le th\u00e8me du moment est celui du ralentissement \u00e9conomique.<\/strong> Tous les \u00e9conomistes, \u00e0 l\u2019instar de ceux du FMI, r\u00e9visent leur pr\u00e9vision de croissance mondiale \u00e0 la baisse. Chine, Europe, Etats-Unis, aucune zone n\u2019est \u00e9pargn\u00e9e par des indicateurs en berne, notamment dans le secteur industriel. Ainsi en Europe, <a href=\"https:\/\/fr.reuters.com\/article\/frEuroRpt\/idFRL5N2092X2\">l\u2019Allemagne a \u00e9vit\u00e9 de justesse une r\u00e9cession technique<\/a> au dernier trimestre.    Tout ceci plaide pour des taux d\u2019int\u00e9r\u00eats mod\u00e9r\u00e9s, voire faibles. <strong>La R\u00e9serve f\u00e9d\u00e9rale f\u00e9d\u00e9rale am\u00e9ricaine l\u2019a bien compris\u00a0et a annonc\u00e9 une pause dans son cycle de resserrement mon\u00e9taire.<\/strong> Avec des taux 10 ans autour de 2,7%, une nouvelle hausse des taux directeurs (d\u00e9j\u00e0 \u00e0 2.5%) aurait en effet invers\u00e9 la courbe des taux (taux plus \u00e9lev\u00e9s \u00e0 court-terme qu\u2019\u00e0 long-terme), un signal psychologique que le march\u00e9 interpr\u00e8te fr\u00e9quemment comme un indicateur de r\u00e9cession.    La pause de la Fed est donc une bonne nouvelle pour l\u2019or\u00a0: les taux d\u2019int\u00e9r\u00eat r\u00e9els (hors inflation), qui ont baiss\u00e9 aux Etats-Unis depuis novembre, devraient rester bas. Traditionnellement, taux r\u00e9els et cours de l\u2019or sont fortement et n\u00e9gativement corr\u00e9l\u00e9s.  <\/p>\n<p style=\"text-align: center;\"><span style=\"text-decoration: underline;\"><strong>Graphique<\/strong><\/span>\u00a0: or en dollar et taux d\u2019int\u00e9r\u00eats r\u00e9els am\u00e9ricains<a href=\"https:\/\/www.gold.fr\/news\/wp-content\/uploads\/2019\/02\/Capture-d\u2019e\u0301cran-2019-02-26-a\u0300-14.20.09.png\"><img loading=\"lazy\" decoding=\"async\" class=\"wp-image-34973 aligncenter\" src=\"https:\/\/www.gold.fr\/news\/wp-content\/uploads\/2019\/02\/Capture-d\u2019e\u0301cran-2019-02-26-a\u0300-14.20.09-300x142.png\" alt=\"Graphique\u00a0: or en dollar et taux d\u2019int\u00e9r\u00eats r\u00e9els am\u00e9ricains\" width=\"461\" height=\"218\" srcset=\"https:\/\/www.gold.fr\/news\/wp-content\/uploads\/2019\/02\/Capture-d\u2019e\u0301cran-2019-02-26-a\u0300-14.20.09-300x142.png 300w, https:\/\/www.gold.fr\/news\/wp-content\/uploads\/2019\/02\/Capture-d\u2019e\u0301cran-2019-02-26-a\u0300-14.20.09-768x362.png 768w, https:\/\/www.gold.fr\/news\/wp-content\/uploads\/2019\/02\/Capture-d\u2019e\u0301cran-2019-02-26-a\u0300-14.20.09-1024x483.png 1024w, https:\/\/www.gold.fr\/news\/wp-content\/uploads\/2019\/02\/Capture-d\u2019e\u0301cran-2019-02-26-a\u0300-14.20.09-2x1.png 2w, https:\/\/www.gold.fr\/news\/wp-content\/uploads\/2019\/02\/Capture-d\u2019e\u0301cran-2019-02-26-a\u0300-14.20.09.png 1276w\" sizes=\"auto, (max-width: 461px) 100vw, 461px\" \/><\/a><\/p>\n<h2>Raison #2\u00a0: le risque politique<\/h2>\n<p>  <strong>L\u2019or est traditionnellement per\u00e7u comme un bon refuge contre le risque politique.<\/strong> Notre <a href=\"https:\/\/www.gold.fr\/news\/2017\/09\/18\/brexit-trump-et-coree-du-nord-lor-et-le-risque-geopolitique-en-3-exemples\/\">analyse<\/a> le confirme tout particuli\u00e8rement lorsque le risque ou l\u2019\u00e9v\u00e9nement en question est (1) impr\u00e9vu ou peu anticip\u00e9, (2) cr\u00e9e une grande incertitude quant aux sc\u00e9narios possibles et (3) que les cons\u00e9quences \u00e9conomiques et financi\u00e8res sont potentiellement importantes.    <strong>Le risque politique a \u00e9t\u00e9 un th\u00e8me majeur de 2018 et il le sera probablement encore en 2019.<\/strong> Les indicateurs de risque politique sont en tr\u00e8s nette hausse ces derniers mois, en particulier en raison des sujets a dimension \u00e9conomique du moment\u00a0: le Brexit et la guerre commerciale US-Chine.  <\/p>\n<p style=\"text-align: center;\"><strong><span style=\"text-decoration: underline;\">Graphique<\/span>\u00a0:<\/strong> indice d\u2019incertitude politique mondial (focus \u00e9conomie)<\/p>\n<p>  <a href=\"https:\/\/www.gold.fr\/news\/wp-content\/uploads\/2019\/02\/Capture-d\u2019e\u0301cran-2019-02-26-a\u0300-14.36.25.png\"><img loading=\"lazy\" decoding=\"async\" class=\"wp-image-34974 aligncenter\" src=\"https:\/\/www.gold.fr\/news\/wp-content\/uploads\/2019\/02\/Capture-d\u2019e\u0301cran-2019-02-26-a\u0300-14.36.25-300x179.png\" alt=\"Graphique\u00a0: indice d\u2019incertitude politique mondial (focus \u00e9conomie)\" width=\"504\" height=\"301\" srcset=\"https:\/\/www.gold.fr\/news\/wp-content\/uploads\/2019\/02\/Capture-d\u2019e\u0301cran-2019-02-26-a\u0300-14.36.25-300x179.png 300w, https:\/\/www.gold.fr\/news\/wp-content\/uploads\/2019\/02\/Capture-d\u2019e\u0301cran-2019-02-26-a\u0300-14.36.25-768x459.png 768w, https:\/\/www.gold.fr\/news\/wp-content\/uploads\/2019\/02\/Capture-d\u2019e\u0301cran-2019-02-26-a\u0300-14.36.25-2x1.png 2w, https:\/\/www.gold.fr\/news\/wp-content\/uploads\/2019\/02\/Capture-d\u2019e\u0301cran-2019-02-26-a\u0300-14.36.25.png 960w\" sizes=\"auto, (max-width: 504px) 100vw, 504px\" \/><\/a>    Il y a \u00e9galement les dossiers g\u00e9opolitiques qui pourraient revenir sur le devant de la sc\u00e8ne, tel la Cor\u00e9e du Nord ou l\u2019Iran. Et l\u2019Ukraine, o\u00f9 les \u00e9lections de mars repr\u00e9sentent un risque important de raviver les tensions Russie-Otan. Enfin la stabilit\u00e9 \u00e9conomique et politique italienne sera une interrogation de 2019, avec la possibilit\u00e9 d\u2019\u00e9lections anticip\u00e9es. Parmi les possibles surprises, figurent la politique int\u00e9rieure am\u00e9ricaine, o\u00f9 la question de l\u2019impeachment de Trump est pass\u00e9 d\u2019une simple possibilit\u00e9 \u00e0 celui d\u2019une probabilit\u00e9, certes faible, avec l\u2019\u00e9lection d\u2019une Chambre des repr\u00e9sentant d\u00e9mocrate. Enfin, toujours impr\u00e9visible mais fondamentalement en hausse, le risque de cyber-attaques globales est tr\u00e8s difficile \u00e0 \u00e9valuer.  <\/p>\n<h2>Raison #3\u00a0: les banques centrales \u00e0 l\u2019achat<\/h2>\n<p>  Selon le World Gold Council (WGC), les banques centrales ont achet\u00e9 environ 650 tonnes de m\u00e9tal jaune en 2018, en progression de 74% par rapport \u00e0 2017. <strong>Il s\u2019agit des achats les plus importants depuis la fin de la convertibilit\u00e9 or du dollar en 1971.<\/strong> Alors qu\u2019il y a quelques ann\u00e9es les banques centrales \u00e9taient vendeuses d\u2019or, elles repr\u00e9sentent maintenant plus de 15% de la demande. C\u2019est un changement structurel de taille.    La \u00ab\u00a0palme d\u2019or\u00a0\u00bb 2018 revient \u00e0 la Russie (+275 tonnes), suivie du Kazakhstan et de la Turquie (+50 t chacun) et de l\u2019Inde (+42 t). La Chine a \u00e9galement annonc\u00e9 avoir achet\u00e9e 10 tonnes en d\u00e9cembre, m\u00eame si le pays est g\u00e9n\u00e9ralement peu transparent sur le niveau de ses avoirs.    La principale motivation de ces achats est avant tout d\u2019ordre strat\u00e9gique\u00a0: <strong>la diversification des r\u00e9serves de change<\/strong> et la volont\u00e9 de s\u2019affranchir du dollar, tout particuli\u00e8rement en cette p\u00e9riode d\u2019incertitude politique cr\u00e9e par l\u2019administration Trump. <strong>C\u2019est en effet une caract\u00e9ristique de l\u2019or\u00a0: il n\u2019est le passif de personne, \u00e0 la diff\u00e9rence des devises et autres obligations. Aucun risque de d\u00e9faut donc. <\/strong>    Le second ressort pour certains pays est d\u2019ordre politique\u00a0: acheter de l\u2019or est un outil d\u2019affirmation de sa souverainet\u00e9. C\u2019est ainsi que la Hongrie et la Pologne, deux pays tr\u00e8s eurosceptiques, ont augment\u00e9 significativement leurs r\u00e9serves en fin d\u2019ann\u00e9e.    Ces deux motivations devraient perdurer en 2019.<strong> Ainsi les d\u00e9ficits am\u00e9ricains et les fermetures r\u00e9currentes du gouvernement (\u00ab\u00a0shutdown\u00a0\u00bb) ne sont pas de nature \u00e0 rassurer sur la fiabilit\u00e9 \u00e0 long terme des avoirs en dollars.<\/strong> Il est donc probable que nombre de banques centrales restent ou passent \u00e0 l\u2019achat sur le m\u00e9tal jaune. Cette tendance est confirm\u00e9e par une enqu\u00eate du WCG de septembre 2018, qui a en effet r\u00e9v\u00e9l\u00e9 qu\u2019une banque centrale sur 5 envisageait d\u2019augmenter ses r\u00e9serves en or dans les 12 mois.<\/p>\n<!-- AddThis Advanced Settings generic via filter on the_content --><!-- AddThis Share Buttons generic via filter on the_content -->","protected":false},"excerpt":{"rendered":"<p>Un bon d\u00e9but d\u2019ann\u00e9e Le dernier trimestre de 2018 a \u00e9t\u00e9 marqu\u00e9e par un fort rebond des cours de l\u2019or qui avait permis de conclure l\u2019ann\u00e9e sur une performance positive. M\u00eame si les cours en dollar [&hellip;]<\/p>\n","protected":false},"author":6,"featured_media":35136,"comment_status":"closed","ping_status":"closed","sticky":false,"template":"","format":"standard","meta":{"_mbp_gutenberg_autopost":false,"_pgmb_is_evergreen":false,"_pgmb_ap_template_id":0,"footnotes":""},"categories":[4,6],"tags":[76,234],"ppma_author":[2567],"class_list":["post-34970","post","type-post","status-publish","format-standard","has-post-thumbnail","hentry","category-analyses-economiques","category-articles-de-presse","tag-or","tag-valeur-refuge"],"yoast_head":"<!-- This site is optimized with the Yoast SEO plugin v27.5 - https:\/\/yoast.com\/product\/yoast-seo-wordpress\/ -->\n<title>Apr\u00e8s un bon d\u00e9but d\u2019ann\u00e9e, 3 raisons de rester positif sur l\u2019or - Gold.fr<\/title>\n<meta name=\"description\" content=\"Apr\u00e8s un bon d\u00e9but d\u2019ann\u00e9e, 3 raisons de rester positif sur l\u2019or. Pour les d\u00e9couvrir, rendez-vous sur Gold.Fr, le site d&#039;actualit\u00e9 du Comptoir National de l&#039;Or.\" \/>\n<meta name=\"robots\" content=\"index, follow, max-snippet:-1, max-image-preview:large, max-video-preview:-1\" \/>\n<link rel=\"canonical\" href=\"https:\/\/www.gold.fr\/news\/2019\/02\/26\/apres-un-bon-debut-dannee-3-raisons-de-rester-positif-sur-lor\/\" \/>\n<meta property=\"og:locale\" content=\"fr_FR\" \/>\n<meta property=\"og:type\" content=\"article\" \/>\n<meta property=\"og:title\" content=\"Apr\u00e8s un bon d\u00e9but d\u2019ann\u00e9e, 3 raisons de rester positif sur l\u2019or - Gold.fr\" \/>\n<meta property=\"og:description\" content=\"Apr\u00e8s un bon d\u00e9but d\u2019ann\u00e9e, 3 raisons de rester positif sur l\u2019or. Pour les d\u00e9couvrir, rendez-vous sur Gold.Fr, le site d&#039;actualit\u00e9 du Comptoir National de l&#039;Or.\" \/>\n<meta property=\"og:url\" content=\"https:\/\/www.gold.fr\/news\/2019\/02\/26\/apres-un-bon-debut-dannee-3-raisons-de-rester-positif-sur-lor\/\" \/>\n<meta property=\"og:site_name\" content=\"Gold.fr\" \/>\n<meta property=\"article:publisher\" content=\"https:\/\/www.facebook.com\/Goldfr\/\" \/>\n<meta property=\"article:published_time\" content=\"2019-02-26T14:06:58+00:00\" \/>\n<meta property=\"article:modified_time\" content=\"2021-01-11T13:23:18+00:00\" \/>\n<meta property=\"og:image\" content=\"https:\/\/www.gold.fr\/news\/wp-content\/uploads\/2019\/02\/3-raisons-de-rester-positif-sur-lor.jpg\" \/>\n\t<meta property=\"og:image:width\" content=\"2122\" \/>\n\t<meta property=\"og:image:height\" content=\"1412\" \/>\n\t<meta property=\"og:image:type\" content=\"image\/jpeg\" \/>\n<meta name=\"author\" content=\"Laurent Schwartz\" \/>\n<meta name=\"twitter:card\" content=\"summary_large_image\" \/>\n<meta name=\"twitter:label1\" content=\"\u00c9crit par\" \/>\n\t<meta name=\"twitter:data1\" content=\"Laurent Schwartz\" \/>\n\t<meta name=\"twitter:label2\" content=\"Dur\u00e9e de lecture estim\u00e9e\" \/>\n\t<meta name=\"twitter:data2\" content=\"5 minutes\" \/>\n<script type=\"application\/ld+json\" class=\"yoast-schema-graph\">{\"@context\":\"https:\\\/\\\/schema.org\",\"@graph\":[{\"@type\":\"Article\",\"@id\":\"https:\\\/\\\/www.gold.fr\\\/news\\\/2019\\\/02\\\/26\\\/apres-un-bon-debut-dannee-3-raisons-de-rester-positif-sur-lor\\\/#article\",\"isPartOf\":{\"@id\":\"https:\\\/\\\/www.gold.fr\\\/news\\\/2019\\\/02\\\/26\\\/apres-un-bon-debut-dannee-3-raisons-de-rester-positif-sur-lor\\\/\"},\"author\":{\"name\":\"Laurent Schwartz\",\"@id\":\"https:\\\/\\\/www.gold.fr\\\/news\\\/#\\\/schema\\\/person\\\/4ed91d9a70d8f3a313c26e8308214fc2\"},\"headline\":\"Apr\u00e8s un bon d\u00e9but d\u2019ann\u00e9e, 3 raisons de rester positif sur l\u2019or\",\"datePublished\":\"2019-02-26T14:06:58+00:00\",\"dateModified\":\"2021-01-11T13:23:18+00:00\",\"mainEntityOfPage\":{\"@id\":\"https:\\\/\\\/www.gold.fr\\\/news\\\/2019\\\/02\\\/26\\\/apres-un-bon-debut-dannee-3-raisons-de-rester-positif-sur-lor\\\/\"},\"wordCount\":1065,\"image\":{\"@id\":\"https:\\\/\\\/www.gold.fr\\\/news\\\/2019\\\/02\\\/26\\\/apres-un-bon-debut-dannee-3-raisons-de-rester-positif-sur-lor\\\/#primaryimage\"},\"thumbnailUrl\":\"https:\\\/\\\/www.gold.fr\\\/news\\\/wp-content\\\/uploads\\\/2019\\\/02\\\/3-raisons-de-rester-positif-sur-lor.jpg\",\"keywords\":[\"Or\",\"Valeur refuge\"],\"articleSection\":[\"Analyses Economiques\",\"Articles de presse\"],\"inLanguage\":\"fr-FR\"},{\"@type\":\"WebPage\",\"@id\":\"https:\\\/\\\/www.gold.fr\\\/news\\\/2019\\\/02\\\/26\\\/apres-un-bon-debut-dannee-3-raisons-de-rester-positif-sur-lor\\\/\",\"url\":\"https:\\\/\\\/www.gold.fr\\\/news\\\/2019\\\/02\\\/26\\\/apres-un-bon-debut-dannee-3-raisons-de-rester-positif-sur-lor\\\/\",\"name\":\"Apr\u00e8s un bon d\u00e9but d\u2019ann\u00e9e, 3 raisons de rester positif sur l\u2019or - Gold.fr\",\"isPartOf\":{\"@id\":\"https:\\\/\\\/www.gold.fr\\\/news\\\/#website\"},\"primaryImageOfPage\":{\"@id\":\"https:\\\/\\\/www.gold.fr\\\/news\\\/2019\\\/02\\\/26\\\/apres-un-bon-debut-dannee-3-raisons-de-rester-positif-sur-lor\\\/#primaryimage\"},\"image\":{\"@id\":\"https:\\\/\\\/www.gold.fr\\\/news\\\/2019\\\/02\\\/26\\\/apres-un-bon-debut-dannee-3-raisons-de-rester-positif-sur-lor\\\/#primaryimage\"},\"thumbnailUrl\":\"https:\\\/\\\/www.gold.fr\\\/news\\\/wp-content\\\/uploads\\\/2019\\\/02\\\/3-raisons-de-rester-positif-sur-lor.jpg\",\"datePublished\":\"2019-02-26T14:06:58+00:00\",\"dateModified\":\"2021-01-11T13:23:18+00:00\",\"author\":{\"@id\":\"https:\\\/\\\/www.gold.fr\\\/news\\\/#\\\/schema\\\/person\\\/4ed91d9a70d8f3a313c26e8308214fc2\"},\"description\":\"Apr\u00e8s un bon d\u00e9but d\u2019ann\u00e9e, 3 raisons de rester positif sur l\u2019or. Pour les d\u00e9couvrir, rendez-vous sur Gold.Fr, le site d'actualit\u00e9 du Comptoir National de l'Or.\",\"breadcrumb\":{\"@id\":\"https:\\\/\\\/www.gold.fr\\\/news\\\/2019\\\/02\\\/26\\\/apres-un-bon-debut-dannee-3-raisons-de-rester-positif-sur-lor\\\/#breadcrumb\"},\"inLanguage\":\"fr-FR\",\"potentialAction\":[{\"@type\":\"ReadAction\",\"target\":[\"https:\\\/\\\/www.gold.fr\\\/news\\\/2019\\\/02\\\/26\\\/apres-un-bon-debut-dannee-3-raisons-de-rester-positif-sur-lor\\\/\"]}]},{\"@type\":\"ImageObject\",\"inLanguage\":\"fr-FR\",\"@id\":\"https:\\\/\\\/www.gold.fr\\\/news\\\/2019\\\/02\\\/26\\\/apres-un-bon-debut-dannee-3-raisons-de-rester-positif-sur-lor\\\/#primaryimage\",\"url\":\"https:\\\/\\\/www.gold.fr\\\/news\\\/wp-content\\\/uploads\\\/2019\\\/02\\\/3-raisons-de-rester-positif-sur-lor.jpg\",\"contentUrl\":\"https:\\\/\\\/www.gold.fr\\\/news\\\/wp-content\\\/uploads\\\/2019\\\/02\\\/3-raisons-de-rester-positif-sur-lor.jpg\",\"width\":2122,\"height\":1412,\"caption\":\"apr\u00e8s un bon d\u00e9but d'ann\u00e9e, 3 raisons de rester positifs sur l'or\"},{\"@type\":\"BreadcrumbList\",\"@id\":\"https:\\\/\\\/www.gold.fr\\\/news\\\/2019\\\/02\\\/26\\\/apres-un-bon-debut-dannee-3-raisons-de-rester-positif-sur-lor\\\/#breadcrumb\",\"itemListElement\":[{\"@type\":\"ListItem\",\"position\":1,\"name\":\"Accueil\",\"item\":\"https:\\\/\\\/www.gold.fr\\\/\"},{\"@type\":\"ListItem\",\"position\":2,\"name\":\"Actualit\u00e9s\",\"item\":\"https:\\\/\\\/www.gold.fr\\\/news\\\/\"},{\"@type\":\"ListItem\",\"position\":3,\"name\":\"Apr\u00e8s un bon d\u00e9but d\u2019ann\u00e9e, 3 raisons de rester positif sur l\u2019or\"}]},{\"@type\":\"WebSite\",\"@id\":\"https:\\\/\\\/www.gold.fr\\\/news\\\/#website\",\"url\":\"https:\\\/\\\/www.gold.fr\\\/news\\\/\",\"name\":\"Gold.fr\",\"description\":\"Actualit\u00e9s de l&#039;Or et des m\u00e9taux pr\u00e9cieux\",\"potentialAction\":[{\"@type\":\"SearchAction\",\"target\":{\"@type\":\"EntryPoint\",\"urlTemplate\":\"https:\\\/\\\/www.gold.fr\\\/news\\\/?s={search_term_string}\"},\"query-input\":{\"@type\":\"PropertyValueSpecification\",\"valueRequired\":true,\"valueName\":\"search_term_string\"}}],\"inLanguage\":\"fr-FR\"},{\"@type\":\"Person\",\"@id\":\"https:\\\/\\\/www.gold.fr\\\/news\\\/#\\\/schema\\\/person\\\/4ed91d9a70d8f3a313c26e8308214fc2\",\"name\":\"Laurent Schwartz\",\"image\":{\"@type\":\"ImageObject\",\"inLanguage\":\"fr-FR\",\"@id\":\"https:\\\/\\\/secure.gravatar.com\\\/avatar\\\/1496f846049365121827f5470219486f1a95f83957cc8ca0a9595e40c185f5ee?s=96&d=mm&r=g76f0e87c9ba82a161860a0fc16990d85\",\"url\":\"https:\\\/\\\/secure.gravatar.com\\\/avatar\\\/1496f846049365121827f5470219486f1a95f83957cc8ca0a9595e40c185f5ee?s=96&d=mm&r=g\",\"contentUrl\":\"https:\\\/\\\/secure.gravatar.com\\\/avatar\\\/1496f846049365121827f5470219486f1a95f83957cc8ca0a9595e40c185f5ee?s=96&d=mm&r=g\",\"caption\":\"Laurent Schwartz\"},\"description\":\"Dipl\u00f4m\u00e9 de l\u2019EDHEC Business School en 2005, Laurent SCHWARTZ int\u00e8gre le cabinet d\u2019audit ERNST &amp; YOUNG en 2005 o\u00f9 il travaille pendant 4 ans. Parall\u00e8lement, il travaille au sein de l\u2019entreprise familiale cr\u00e9\u00e9e en 1976 \u00e0 Strasbourg. Fort de cette exp\u00e9rience et du savoir-faire d\u00e9velopp\u00e9 durant ces 40 derni\u00e8res ann\u00e9es, Laurent proc\u00e8de \u00e0 la refonte du site Internet Gold.fr d\u00e9di\u00e9 \u00e0 l\u2019achat d'or, vente d\u2019or (pi\u00e8ces, lingots, ...), achat or et argent,... qui conna\u00eetra un franc succ\u00e8s d\u00e8s son d\u00e9marrage en 2008. Il d\u00e9cide alors de d\u00e9velopper un r\u00e9seau de concessions exclusives: Le Comptoir National de l\u2019Or. Il assure d\u00e9sormais le pilotage strat\u00e9gique du 1er r\u00e9seau de France qui compte aujourd\u2019hui pas loin de 60 agences r\u00e9parties dans toute la France et depuis peu en Allemagne (Breisach). Le Comptoir National de l\u2019Or se positionne aujourd\u2019hui comme le leader incontournable sur le march\u00e9 de l\u2019Or et des m\u00e9taux pr\u00e9cieux en France.\",\"sameAs\":[\"https:\\\/\\\/www.gold.fr\",\"https:\\\/\\\/www.linkedin.com\\\/in\\\/acheteror\\\/\"]}]}<\/script>\n<!-- \/ Yoast SEO plugin. -->","yoast_head_json":{"title":"Apr\u00e8s un bon d\u00e9but d\u2019ann\u00e9e, 3 raisons de rester positif sur l\u2019or - Gold.fr","description":"Apr\u00e8s un bon d\u00e9but d\u2019ann\u00e9e, 3 raisons de rester positif sur l\u2019or. Pour les d\u00e9couvrir, rendez-vous sur Gold.Fr, le site d'actualit\u00e9 du Comptoir National de l'Or.","robots":{"index":"index","follow":"follow","max-snippet":"max-snippet:-1","max-image-preview":"max-image-preview:large","max-video-preview":"max-video-preview:-1"},"canonical":"https:\/\/www.gold.fr\/news\/2019\/02\/26\/apres-un-bon-debut-dannee-3-raisons-de-rester-positif-sur-lor\/","og_locale":"fr_FR","og_type":"article","og_title":"Apr\u00e8s un bon d\u00e9but d\u2019ann\u00e9e, 3 raisons de rester positif sur l\u2019or - Gold.fr","og_description":"Apr\u00e8s un bon d\u00e9but d\u2019ann\u00e9e, 3 raisons de rester positif sur l\u2019or. Pour les d\u00e9couvrir, rendez-vous sur Gold.Fr, le site d'actualit\u00e9 du Comptoir National de l'Or.","og_url":"https:\/\/www.gold.fr\/news\/2019\/02\/26\/apres-un-bon-debut-dannee-3-raisons-de-rester-positif-sur-lor\/","og_site_name":"Gold.fr","article_publisher":"https:\/\/www.facebook.com\/Goldfr\/","article_published_time":"2019-02-26T14:06:58+00:00","article_modified_time":"2021-01-11T13:23:18+00:00","og_image":[{"width":2122,"height":1412,"url":"https:\/\/www.gold.fr\/news\/wp-content\/uploads\/2019\/02\/3-raisons-de-rester-positif-sur-lor.jpg","type":"image\/jpeg"}],"author":"Laurent Schwartz","twitter_card":"summary_large_image","twitter_misc":{"\u00c9crit par":"Laurent Schwartz","Dur\u00e9e de lecture estim\u00e9e":"5 minutes"},"schema":{"@context":"https:\/\/schema.org","@graph":[{"@type":"Article","@id":"https:\/\/www.gold.fr\/news\/2019\/02\/26\/apres-un-bon-debut-dannee-3-raisons-de-rester-positif-sur-lor\/#article","isPartOf":{"@id":"https:\/\/www.gold.fr\/news\/2019\/02\/26\/apres-un-bon-debut-dannee-3-raisons-de-rester-positif-sur-lor\/"},"author":{"name":"Laurent Schwartz","@id":"https:\/\/www.gold.fr\/news\/#\/schema\/person\/4ed91d9a70d8f3a313c26e8308214fc2"},"headline":"Apr\u00e8s un bon d\u00e9but d\u2019ann\u00e9e, 3 raisons de rester positif sur l\u2019or","datePublished":"2019-02-26T14:06:58+00:00","dateModified":"2021-01-11T13:23:18+00:00","mainEntityOfPage":{"@id":"https:\/\/www.gold.fr\/news\/2019\/02\/26\/apres-un-bon-debut-dannee-3-raisons-de-rester-positif-sur-lor\/"},"wordCount":1065,"image":{"@id":"https:\/\/www.gold.fr\/news\/2019\/02\/26\/apres-un-bon-debut-dannee-3-raisons-de-rester-positif-sur-lor\/#primaryimage"},"thumbnailUrl":"https:\/\/www.gold.fr\/news\/wp-content\/uploads\/2019\/02\/3-raisons-de-rester-positif-sur-lor.jpg","keywords":["Or","Valeur refuge"],"articleSection":["Analyses Economiques","Articles de presse"],"inLanguage":"fr-FR"},{"@type":"WebPage","@id":"https:\/\/www.gold.fr\/news\/2019\/02\/26\/apres-un-bon-debut-dannee-3-raisons-de-rester-positif-sur-lor\/","url":"https:\/\/www.gold.fr\/news\/2019\/02\/26\/apres-un-bon-debut-dannee-3-raisons-de-rester-positif-sur-lor\/","name":"Apr\u00e8s un bon d\u00e9but d\u2019ann\u00e9e, 3 raisons de rester positif sur l\u2019or - Gold.fr","isPartOf":{"@id":"https:\/\/www.gold.fr\/news\/#website"},"primaryImageOfPage":{"@id":"https:\/\/www.gold.fr\/news\/2019\/02\/26\/apres-un-bon-debut-dannee-3-raisons-de-rester-positif-sur-lor\/#primaryimage"},"image":{"@id":"https:\/\/www.gold.fr\/news\/2019\/02\/26\/apres-un-bon-debut-dannee-3-raisons-de-rester-positif-sur-lor\/#primaryimage"},"thumbnailUrl":"https:\/\/www.gold.fr\/news\/wp-content\/uploads\/2019\/02\/3-raisons-de-rester-positif-sur-lor.jpg","datePublished":"2019-02-26T14:06:58+00:00","dateModified":"2021-01-11T13:23:18+00:00","author":{"@id":"https:\/\/www.gold.fr\/news\/#\/schema\/person\/4ed91d9a70d8f3a313c26e8308214fc2"},"description":"Apr\u00e8s un bon d\u00e9but d\u2019ann\u00e9e, 3 raisons de rester positif sur l\u2019or. Pour les d\u00e9couvrir, rendez-vous sur Gold.Fr, le site d'actualit\u00e9 du Comptoir National de l'Or.","breadcrumb":{"@id":"https:\/\/www.gold.fr\/news\/2019\/02\/26\/apres-un-bon-debut-dannee-3-raisons-de-rester-positif-sur-lor\/#breadcrumb"},"inLanguage":"fr-FR","potentialAction":[{"@type":"ReadAction","target":["https:\/\/www.gold.fr\/news\/2019\/02\/26\/apres-un-bon-debut-dannee-3-raisons-de-rester-positif-sur-lor\/"]}]},{"@type":"ImageObject","inLanguage":"fr-FR","@id":"https:\/\/www.gold.fr\/news\/2019\/02\/26\/apres-un-bon-debut-dannee-3-raisons-de-rester-positif-sur-lor\/#primaryimage","url":"https:\/\/www.gold.fr\/news\/wp-content\/uploads\/2019\/02\/3-raisons-de-rester-positif-sur-lor.jpg","contentUrl":"https:\/\/www.gold.fr\/news\/wp-content\/uploads\/2019\/02\/3-raisons-de-rester-positif-sur-lor.jpg","width":2122,"height":1412,"caption":"apr\u00e8s un bon d\u00e9but d'ann\u00e9e, 3 raisons de rester positifs sur l'or"},{"@type":"BreadcrumbList","@id":"https:\/\/www.gold.fr\/news\/2019\/02\/26\/apres-un-bon-debut-dannee-3-raisons-de-rester-positif-sur-lor\/#breadcrumb","itemListElement":[{"@type":"ListItem","position":1,"name":"Accueil","item":"https:\/\/www.gold.fr\/"},{"@type":"ListItem","position":2,"name":"Actualit\u00e9s","item":"https:\/\/www.gold.fr\/news\/"},{"@type":"ListItem","position":3,"name":"Apr\u00e8s un bon d\u00e9but d\u2019ann\u00e9e, 3 raisons de rester positif sur l\u2019or"}]},{"@type":"WebSite","@id":"https:\/\/www.gold.fr\/news\/#website","url":"https:\/\/www.gold.fr\/news\/","name":"Gold.fr","description":"Actualit\u00e9s de l&#039;Or et des m\u00e9taux pr\u00e9cieux","potentialAction":[{"@type":"SearchAction","target":{"@type":"EntryPoint","urlTemplate":"https:\/\/www.gold.fr\/news\/?s={search_term_string}"},"query-input":{"@type":"PropertyValueSpecification","valueRequired":true,"valueName":"search_term_string"}}],"inLanguage":"fr-FR"},{"@type":"Person","@id":"https:\/\/www.gold.fr\/news\/#\/schema\/person\/4ed91d9a70d8f3a313c26e8308214fc2","name":"Laurent Schwartz","image":{"@type":"ImageObject","inLanguage":"fr-FR","@id":"https:\/\/secure.gravatar.com\/avatar\/1496f846049365121827f5470219486f1a95f83957cc8ca0a9595e40c185f5ee?s=96&d=mm&r=g76f0e87c9ba82a161860a0fc16990d85","url":"https:\/\/secure.gravatar.com\/avatar\/1496f846049365121827f5470219486f1a95f83957cc8ca0a9595e40c185f5ee?s=96&d=mm&r=g","contentUrl":"https:\/\/secure.gravatar.com\/avatar\/1496f846049365121827f5470219486f1a95f83957cc8ca0a9595e40c185f5ee?s=96&d=mm&r=g","caption":"Laurent Schwartz"},"description":"Dipl\u00f4m\u00e9 de l\u2019EDHEC Business School en 2005, Laurent SCHWARTZ int\u00e8gre le cabinet d\u2019audit ERNST &amp; YOUNG en 2005 o\u00f9 il travaille pendant 4 ans. Parall\u00e8lement, il travaille au sein de l\u2019entreprise familiale cr\u00e9\u00e9e en 1976 \u00e0 Strasbourg. Fort de cette exp\u00e9rience et du savoir-faire d\u00e9velopp\u00e9 durant ces 40 derni\u00e8res ann\u00e9es, Laurent proc\u00e8de \u00e0 la refonte du site Internet Gold.fr d\u00e9di\u00e9 \u00e0 l\u2019achat d'or, vente d\u2019or (pi\u00e8ces, lingots, ...), achat or et argent,... qui conna\u00eetra un franc succ\u00e8s d\u00e8s son d\u00e9marrage en 2008. Il d\u00e9cide alors de d\u00e9velopper un r\u00e9seau de concessions exclusives: Le Comptoir National de l\u2019Or. Il assure d\u00e9sormais le pilotage strat\u00e9gique du 1er r\u00e9seau de France qui compte aujourd\u2019hui pas loin de 60 agences r\u00e9parties dans toute la France et depuis peu en Allemagne (Breisach). Le Comptoir National de l\u2019Or se positionne aujourd\u2019hui comme le leader incontournable sur le march\u00e9 de l\u2019Or et des m\u00e9taux pr\u00e9cieux en France.","sameAs":["https:\/\/www.gold.fr","https:\/\/www.linkedin.com\/in\/acheteror\/"]}]}},"authors":[{"term_id":2567,"user_id":6,"is_guest":0,"slug":"laurent","display_name":"Laurent Schwartz","avatar_url":"https:\/\/secure.gravatar.com\/avatar\/1496f846049365121827f5470219486f1a95f83957cc8ca0a9595e40c185f5ee?s=96&d=mm&r=g","0":null,"1":"","2":"","3":"","4":"","5":"","6":"","7":"","8":""}],"_links":{"self":[{"href":"https:\/\/www.gold.fr\/news\/wp-json\/wp\/v2\/posts\/34970","targetHints":{"allow":["GET"]}}],"collection":[{"href":"https:\/\/www.gold.fr\/news\/wp-json\/wp\/v2\/posts"}],"about":[{"href":"https:\/\/www.gold.fr\/news\/wp-json\/wp\/v2\/types\/post"}],"author":[{"embeddable":true,"href":"https:\/\/www.gold.fr\/news\/wp-json\/wp\/v2\/users\/6"}],"replies":[{"embeddable":true,"href":"https:\/\/www.gold.fr\/news\/wp-json\/wp\/v2\/comments?post=34970"}],"version-history":[{"count":0,"href":"https:\/\/www.gold.fr\/news\/wp-json\/wp\/v2\/posts\/34970\/revisions"}],"wp:featuredmedia":[{"embeddable":true,"href":"https:\/\/www.gold.fr\/news\/wp-json\/wp\/v2\/media\/35136"}],"wp:attachment":[{"href":"https:\/\/www.gold.fr\/news\/wp-json\/wp\/v2\/media?parent=34970"}],"wp:term":[{"taxonomy":"category","embeddable":true,"href":"https:\/\/www.gold.fr\/news\/wp-json\/wp\/v2\/categories?post=34970"},{"taxonomy":"post_tag","embeddable":true,"href":"https:\/\/www.gold.fr\/news\/wp-json\/wp\/v2\/tags?post=34970"},{"taxonomy":"author","embeddable":true,"href":"https:\/\/www.gold.fr\/news\/wp-json\/wp\/v2\/ppma_author?post=34970"}],"curies":[{"name":"wp","href":"https:\/\/api.w.org\/{rel}","templated":true}]}}