{"id":34879,"date":"2018-12-28T11:25:38","date_gmt":"2018-12-28T10:25:38","guid":{"rendered":"https:\/\/www.gold.fr\/news\/?p=34879"},"modified":"2021-01-11T14:25:17","modified_gmt":"2021-01-11T13:25:17","slug":"la-production-americaine-en-net-recul","status":"publish","type":"post","link":"https:\/\/www.gold.fr\/news\/2018\/12\/28\/la-production-americaine-en-net-recul\/","title":{"rendered":"La production am\u00e9ricaine en net recul"},"content":{"rendered":"<p><center><img loading=\"lazy\" decoding=\"async\" class=\"aligncenter wp-image-32660 size-full\" title=\"La production am\u00e9ricaine en net recul\" src=\"https:\/\/www.gold.fr\/news\/wp-content\/uploads\/2018\/05\/mine_or.jpg\" alt=\"La production am\u00e9ricaine en net recul\" width=\"650\" height=\"250\" srcset=\"https:\/\/www.gold.fr\/news\/wp-content\/uploads\/2018\/05\/mine_or.jpg 650w, https:\/\/www.gold.fr\/news\/wp-content\/uploads\/2018\/05\/mine_or-300x115.jpg 300w, https:\/\/www.gold.fr\/news\/wp-content\/uploads\/2018\/05\/mine_or-3x1.jpg 3w\" sizes=\"auto, (max-width: 650px) 100vw, 650px\" \/><\/center>  <\/p>\n<p style=\"line-height: 22px;\">Les derniers chiffres de l&rsquo;US Geological Survey, l&rsquo;agenc\u00e9 g\u00e9ologique am\u00e9ricaine qui suit la production mini\u00e8re du pays, confirme <a href=\"https:\/\/www.gold.fr\/news\/2018\/09\/28\/la-production-americaine-dor-chute-au-1er-semestre\/\" target=\"_blank\" rel=\"noopener noreferrer\">la tendance que nous avions d\u00e9j\u00e0 annonc\u00e9 en septembre<\/a>\u00a0: la production am\u00e9ricaine d&rsquo;or est en net recul.<\/p>\n<p style=\"line-height: 22px;\">A fin octobre, sur les 10 premiers mois de l&rsquo;ann\u00e9e, 173 tonnes d&rsquo;or ont \u00e9t\u00e9 extraites des mines am\u00e9ricaines, contre 197 sur la m\u00eame p\u00e9riode de 2017, soit un recul d&rsquo;environ 12%.<\/p>\n<p style=\"line-height: 22px;\">Sur 2018, l&rsquo;agence estime que 570 kg sont extraits par jour en moyenne, contre 649 kg en 2017. Une \u00e9rosion de la production largement due \u00e0 la baisse des concentrations en or des principaux gisements, \u00e0 mesure que ceux-ci sont exploit\u00e9s.<\/p>\n<p>    <center><img loading=\"lazy\" decoding=\"async\" class=\"aligncenter wp-image-34880\" title=\"Production am\u00e9ricaine d'or en tonnes\" src=\"https:\/\/www.gold.fr\/news\/wp-content\/uploads\/2018\/12\/production-or-usa-en-tonnes.png\" alt=\"Production am\u00e9ricaine d'or en tonnes\" width=\"500\" height=\"266\" srcset=\"https:\/\/www.gold.fr\/news\/wp-content\/uploads\/2018\/12\/production-or-usa-en-tonnes.png 933w, https:\/\/www.gold.fr\/news\/wp-content\/uploads\/2018\/12\/production-or-usa-en-tonnes-300x159.png 300w, https:\/\/www.gold.fr\/news\/wp-content\/uploads\/2018\/12\/production-or-usa-en-tonnes-768x408.png 768w, https:\/\/www.gold.fr\/news\/wp-content\/uploads\/2018\/12\/production-or-usa-en-tonnes-2x1.png 2w\" sizes=\"auto, (max-width: 500px) 100vw, 500px\" \/><\/center><\/p>\n<!-- AddThis Advanced Settings generic via filter on the_content --><!-- AddThis Share Buttons generic via filter on the_content -->","protected":false},"excerpt":{"rendered":"<p>Les derniers chiffres de l&rsquo;US Geological Survey, l&rsquo;agenc\u00e9 g\u00e9ologique am\u00e9ricaine qui suit la production mini\u00e8re du pays, confirme la tendance que nous avions d\u00e9j\u00e0 annonc\u00e9 en septembre\u00a0: la production am\u00e9ricaine d&rsquo;or est en net recul. A [&hellip;]<\/p>\n","protected":false},"author":6,"featured_media":34886,"comment_status":"closed","ping_status":"closed","sticky":false,"template":"","format":"standard","meta":{"_mbp_gutenberg_autopost":false,"_pgmb_is_evergreen":false,"_pgmb_ap_template_id":0,"footnotes":""},"categories":[5],"tags":[2355,1830],"ppma_author":[2567],"class_list":["post-34879","post","type-post","status-publish","format-standard","has-post-thumbnail","hentry","category-flash-infos","tag-americain","tag-production-or"],"yoast_head":"<!-- This site is optimized with the Yoast SEO plugin v27.5 - https:\/\/yoast.com\/product\/yoast-seo-wordpress\/ -->\n<title>La production am\u00e9ricaine en net recul - Gold.fr<\/title>\n<meta name=\"description\" content=\"La production am\u00e9ricaine en net recul. Suivez l&#039;actualit\u00e9 ainsi que le cours de l&#039;or, de l&#039;argent et d&#039;autres m\u00e9taux pr\u00e9cieux en temps r\u00e9el sur Gold.fr.\" \/>\n<meta name=\"robots\" content=\"index, follow, max-snippet:-1, max-image-preview:large, max-video-preview:-1\" \/>\n<link rel=\"canonical\" href=\"https:\/\/www.gold.fr\/news\/2018\/12\/28\/la-production-americaine-en-net-recul\/\" \/>\n<meta property=\"og:locale\" content=\"fr_FR\" \/>\n<meta property=\"og:type\" content=\"article\" \/>\n<meta property=\"og:title\" content=\"La production am\u00e9ricaine en net recul - Gold.fr\" \/>\n<meta property=\"og:description\" content=\"La production am\u00e9ricaine en net recul. Suivez l&#039;actualit\u00e9 ainsi que le cours de l&#039;or, de l&#039;argent et d&#039;autres m\u00e9taux pr\u00e9cieux en temps r\u00e9el sur Gold.fr.\" \/>\n<meta property=\"og:url\" content=\"https:\/\/www.gold.fr\/news\/2018\/12\/28\/la-production-americaine-en-net-recul\/\" \/>\n<meta property=\"og:site_name\" content=\"Gold.fr\" \/>\n<meta property=\"article:publisher\" content=\"https:\/\/www.facebook.com\/Goldfr\/\" \/>\n<meta property=\"article:published_time\" content=\"2018-12-28T10:25:38+00:00\" \/>\n<meta property=\"article:modified_time\" content=\"2021-01-11T13:25:17+00:00\" \/>\n<meta property=\"og:image\" content=\"https:\/\/www.gold.fr\/news\/wp-content\/uploads\/2018\/12\/mine_or-1.jpg\" \/>\n\t<meta property=\"og:image:width\" content=\"1254\" \/>\n\t<meta property=\"og:image:height\" content=\"836\" \/>\n\t<meta property=\"og:image:type\" content=\"image\/jpeg\" \/>\n<meta name=\"author\" content=\"Laurent Schwartz\" \/>\n<meta name=\"twitter:card\" content=\"summary_large_image\" \/>\n<meta name=\"twitter:label1\" content=\"\u00c9crit par\" \/>\n\t<meta name=\"twitter:data1\" content=\"Laurent Schwartz\" \/>\n\t<meta name=\"twitter:label2\" content=\"Dur\u00e9e de lecture estim\u00e9e\" \/>\n\t<meta name=\"twitter:data2\" content=\"1 minute\" \/>\n<script type=\"application\/ld+json\" class=\"yoast-schema-graph\">{\"@context\":\"https:\\\/\\\/schema.org\",\"@graph\":[{\"@type\":\"Article\",\"@id\":\"https:\\\/\\\/www.gold.fr\\\/news\\\/2018\\\/12\\\/28\\\/la-production-americaine-en-net-recul\\\/#article\",\"isPartOf\":{\"@id\":\"https:\\\/\\\/www.gold.fr\\\/news\\\/2018\\\/12\\\/28\\\/la-production-americaine-en-net-recul\\\/\"},\"author\":{\"name\":\"Laurent Schwartz\",\"@id\":\"https:\\\/\\\/www.gold.fr\\\/news\\\/#\\\/schema\\\/person\\\/4ed91d9a70d8f3a313c26e8308214fc2\"},\"headline\":\"La production am\u00e9ricaine en net recul\",\"datePublished\":\"2018-12-28T10:25:38+00:00\",\"dateModified\":\"2021-01-11T13:25:17+00:00\",\"mainEntityOfPage\":{\"@id\":\"https:\\\/\\\/www.gold.fr\\\/news\\\/2018\\\/12\\\/28\\\/la-production-americaine-en-net-recul\\\/\"},\"wordCount\":121,\"image\":{\"@id\":\"https:\\\/\\\/www.gold.fr\\\/news\\\/2018\\\/12\\\/28\\\/la-production-americaine-en-net-recul\\\/#primaryimage\"},\"thumbnailUrl\":\"https:\\\/\\\/www.gold.fr\\\/news\\\/wp-content\\\/uploads\\\/2018\\\/12\\\/mine_or-1.jpg\",\"keywords\":[\"am\u00e9ricain\",\"production or\"],\"articleSection\":[\"Flash infos\"],\"inLanguage\":\"fr-FR\"},{\"@type\":\"WebPage\",\"@id\":\"https:\\\/\\\/www.gold.fr\\\/news\\\/2018\\\/12\\\/28\\\/la-production-americaine-en-net-recul\\\/\",\"url\":\"https:\\\/\\\/www.gold.fr\\\/news\\\/2018\\\/12\\\/28\\\/la-production-americaine-en-net-recul\\\/\",\"name\":\"La production am\u00e9ricaine en net recul - Gold.fr\",\"isPartOf\":{\"@id\":\"https:\\\/\\\/www.gold.fr\\\/news\\\/#website\"},\"primaryImageOfPage\":{\"@id\":\"https:\\\/\\\/www.gold.fr\\\/news\\\/2018\\\/12\\\/28\\\/la-production-americaine-en-net-recul\\\/#primaryimage\"},\"image\":{\"@id\":\"https:\\\/\\\/www.gold.fr\\\/news\\\/2018\\\/12\\\/28\\\/la-production-americaine-en-net-recul\\\/#primaryimage\"},\"thumbnailUrl\":\"https:\\\/\\\/www.gold.fr\\\/news\\\/wp-content\\\/uploads\\\/2018\\\/12\\\/mine_or-1.jpg\",\"datePublished\":\"2018-12-28T10:25:38+00:00\",\"dateModified\":\"2021-01-11T13:25:17+00:00\",\"author\":{\"@id\":\"https:\\\/\\\/www.gold.fr\\\/news\\\/#\\\/schema\\\/person\\\/4ed91d9a70d8f3a313c26e8308214fc2\"},\"description\":\"La production am\u00e9ricaine en net recul. Suivez l'actualit\u00e9 ainsi que le cours de l'or, de l'argent et d'autres m\u00e9taux pr\u00e9cieux en temps r\u00e9el sur Gold.fr.\",\"breadcrumb\":{\"@id\":\"https:\\\/\\\/www.gold.fr\\\/news\\\/2018\\\/12\\\/28\\\/la-production-americaine-en-net-recul\\\/#breadcrumb\"},\"inLanguage\":\"fr-FR\",\"potentialAction\":[{\"@type\":\"ReadAction\",\"target\":[\"https:\\\/\\\/www.gold.fr\\\/news\\\/2018\\\/12\\\/28\\\/la-production-americaine-en-net-recul\\\/\"]}]},{\"@type\":\"ImageObject\",\"inLanguage\":\"fr-FR\",\"@id\":\"https:\\\/\\\/www.gold.fr\\\/news\\\/2018\\\/12\\\/28\\\/la-production-americaine-en-net-recul\\\/#primaryimage\",\"url\":\"https:\\\/\\\/www.gold.fr\\\/news\\\/wp-content\\\/uploads\\\/2018\\\/12\\\/mine_or-1.jpg\",\"contentUrl\":\"https:\\\/\\\/www.gold.fr\\\/news\\\/wp-content\\\/uploads\\\/2018\\\/12\\\/mine_or-1.jpg\",\"width\":1254,\"height\":836,\"caption\":\"La production d'or\"},{\"@type\":\"BreadcrumbList\",\"@id\":\"https:\\\/\\\/www.gold.fr\\\/news\\\/2018\\\/12\\\/28\\\/la-production-americaine-en-net-recul\\\/#breadcrumb\",\"itemListElement\":[{\"@type\":\"ListItem\",\"position\":1,\"name\":\"Accueil\",\"item\":\"https:\\\/\\\/www.gold.fr\\\/\"},{\"@type\":\"ListItem\",\"position\":2,\"name\":\"Actualit\u00e9s\",\"item\":\"https:\\\/\\\/www.gold.fr\\\/news\\\/\"},{\"@type\":\"ListItem\",\"position\":3,\"name\":\"La production am\u00e9ricaine en net recul\"}]},{\"@type\":\"WebSite\",\"@id\":\"https:\\\/\\\/www.gold.fr\\\/news\\\/#website\",\"url\":\"https:\\\/\\\/www.gold.fr\\\/news\\\/\",\"name\":\"Gold.fr\",\"description\":\"Actualit\u00e9s de l&#039;Or et des m\u00e9taux pr\u00e9cieux\",\"potentialAction\":[{\"@type\":\"SearchAction\",\"target\":{\"@type\":\"EntryPoint\",\"urlTemplate\":\"https:\\\/\\\/www.gold.fr\\\/news\\\/?s={search_term_string}\"},\"query-input\":{\"@type\":\"PropertyValueSpecification\",\"valueRequired\":true,\"valueName\":\"search_term_string\"}}],\"inLanguage\":\"fr-FR\"},{\"@type\":\"Person\",\"@id\":\"https:\\\/\\\/www.gold.fr\\\/news\\\/#\\\/schema\\\/person\\\/4ed91d9a70d8f3a313c26e8308214fc2\",\"name\":\"Laurent Schwartz\",\"image\":{\"@type\":\"ImageObject\",\"inLanguage\":\"fr-FR\",\"@id\":\"https:\\\/\\\/secure.gravatar.com\\\/avatar\\\/1496f846049365121827f5470219486f1a95f83957cc8ca0a9595e40c185f5ee?s=96&d=mm&r=g76f0e87c9ba82a161860a0fc16990d85\",\"url\":\"https:\\\/\\\/secure.gravatar.com\\\/avatar\\\/1496f846049365121827f5470219486f1a95f83957cc8ca0a9595e40c185f5ee?s=96&d=mm&r=g\",\"contentUrl\":\"https:\\\/\\\/secure.gravatar.com\\\/avatar\\\/1496f846049365121827f5470219486f1a95f83957cc8ca0a9595e40c185f5ee?s=96&d=mm&r=g\",\"caption\":\"Laurent Schwartz\"},\"description\":\"Dipl\u00f4m\u00e9 de l\u2019EDHEC Business School en 2005, Laurent SCHWARTZ int\u00e8gre le cabinet d\u2019audit ERNST &amp; YOUNG en 2005 o\u00f9 il travaille pendant 4 ans. Parall\u00e8lement, il travaille au sein de l\u2019entreprise familiale cr\u00e9\u00e9e en 1976 \u00e0 Strasbourg. Fort de cette exp\u00e9rience et du savoir-faire d\u00e9velopp\u00e9 durant ces 40 derni\u00e8res ann\u00e9es, Laurent proc\u00e8de \u00e0 la refonte du site Internet Gold.fr d\u00e9di\u00e9 \u00e0 l\u2019achat d'or, vente d\u2019or (pi\u00e8ces, lingots, ...), achat or et argent,... qui conna\u00eetra un franc succ\u00e8s d\u00e8s son d\u00e9marrage en 2008. Il d\u00e9cide alors de d\u00e9velopper un r\u00e9seau de concessions exclusives: Le Comptoir National de l\u2019Or. Il assure d\u00e9sormais le pilotage strat\u00e9gique du 1er r\u00e9seau de France qui compte aujourd\u2019hui pas loin de 60 agences r\u00e9parties dans toute la France et depuis peu en Allemagne (Breisach). Le Comptoir National de l\u2019Or se positionne aujourd\u2019hui comme le leader incontournable sur le march\u00e9 de l\u2019Or et des m\u00e9taux pr\u00e9cieux en France.\",\"sameAs\":[\"https:\\\/\\\/www.gold.fr\",\"https:\\\/\\\/www.linkedin.com\\\/in\\\/acheteror\\\/\"]}]}<\/script>\n<!-- \/ Yoast SEO plugin. -->","yoast_head_json":{"title":"La production am\u00e9ricaine en net recul - Gold.fr","description":"La production am\u00e9ricaine en net recul. Suivez l'actualit\u00e9 ainsi que le cours de l'or, de l'argent et d'autres m\u00e9taux pr\u00e9cieux en temps r\u00e9el sur Gold.fr.","robots":{"index":"index","follow":"follow","max-snippet":"max-snippet:-1","max-image-preview":"max-image-preview:large","max-video-preview":"max-video-preview:-1"},"canonical":"https:\/\/www.gold.fr\/news\/2018\/12\/28\/la-production-americaine-en-net-recul\/","og_locale":"fr_FR","og_type":"article","og_title":"La production am\u00e9ricaine en net recul - Gold.fr","og_description":"La production am\u00e9ricaine en net recul. Suivez l'actualit\u00e9 ainsi que le cours de l'or, de l'argent et d'autres m\u00e9taux pr\u00e9cieux en temps r\u00e9el sur Gold.fr.","og_url":"https:\/\/www.gold.fr\/news\/2018\/12\/28\/la-production-americaine-en-net-recul\/","og_site_name":"Gold.fr","article_publisher":"https:\/\/www.facebook.com\/Goldfr\/","article_published_time":"2018-12-28T10:25:38+00:00","article_modified_time":"2021-01-11T13:25:17+00:00","og_image":[{"width":1254,"height":836,"url":"https:\/\/www.gold.fr\/news\/wp-content\/uploads\/2018\/12\/mine_or-1.jpg","type":"image\/jpeg"}],"author":"Laurent Schwartz","twitter_card":"summary_large_image","twitter_misc":{"\u00c9crit par":"Laurent Schwartz","Dur\u00e9e de lecture estim\u00e9e":"1 minute"},"schema":{"@context":"https:\/\/schema.org","@graph":[{"@type":"Article","@id":"https:\/\/www.gold.fr\/news\/2018\/12\/28\/la-production-americaine-en-net-recul\/#article","isPartOf":{"@id":"https:\/\/www.gold.fr\/news\/2018\/12\/28\/la-production-americaine-en-net-recul\/"},"author":{"name":"Laurent Schwartz","@id":"https:\/\/www.gold.fr\/news\/#\/schema\/person\/4ed91d9a70d8f3a313c26e8308214fc2"},"headline":"La production am\u00e9ricaine en net recul","datePublished":"2018-12-28T10:25:38+00:00","dateModified":"2021-01-11T13:25:17+00:00","mainEntityOfPage":{"@id":"https:\/\/www.gold.fr\/news\/2018\/12\/28\/la-production-americaine-en-net-recul\/"},"wordCount":121,"image":{"@id":"https:\/\/www.gold.fr\/news\/2018\/12\/28\/la-production-americaine-en-net-recul\/#primaryimage"},"thumbnailUrl":"https:\/\/www.gold.fr\/news\/wp-content\/uploads\/2018\/12\/mine_or-1.jpg","keywords":["am\u00e9ricain","production or"],"articleSection":["Flash infos"],"inLanguage":"fr-FR"},{"@type":"WebPage","@id":"https:\/\/www.gold.fr\/news\/2018\/12\/28\/la-production-americaine-en-net-recul\/","url":"https:\/\/www.gold.fr\/news\/2018\/12\/28\/la-production-americaine-en-net-recul\/","name":"La production am\u00e9ricaine en net recul - Gold.fr","isPartOf":{"@id":"https:\/\/www.gold.fr\/news\/#website"},"primaryImageOfPage":{"@id":"https:\/\/www.gold.fr\/news\/2018\/12\/28\/la-production-americaine-en-net-recul\/#primaryimage"},"image":{"@id":"https:\/\/www.gold.fr\/news\/2018\/12\/28\/la-production-americaine-en-net-recul\/#primaryimage"},"thumbnailUrl":"https:\/\/www.gold.fr\/news\/wp-content\/uploads\/2018\/12\/mine_or-1.jpg","datePublished":"2018-12-28T10:25:38+00:00","dateModified":"2021-01-11T13:25:17+00:00","author":{"@id":"https:\/\/www.gold.fr\/news\/#\/schema\/person\/4ed91d9a70d8f3a313c26e8308214fc2"},"description":"La production am\u00e9ricaine en net recul. Suivez l'actualit\u00e9 ainsi que le cours de l'or, de l'argent et d'autres m\u00e9taux pr\u00e9cieux en temps r\u00e9el sur Gold.fr.","breadcrumb":{"@id":"https:\/\/www.gold.fr\/news\/2018\/12\/28\/la-production-americaine-en-net-recul\/#breadcrumb"},"inLanguage":"fr-FR","potentialAction":[{"@type":"ReadAction","target":["https:\/\/www.gold.fr\/news\/2018\/12\/28\/la-production-americaine-en-net-recul\/"]}]},{"@type":"ImageObject","inLanguage":"fr-FR","@id":"https:\/\/www.gold.fr\/news\/2018\/12\/28\/la-production-americaine-en-net-recul\/#primaryimage","url":"https:\/\/www.gold.fr\/news\/wp-content\/uploads\/2018\/12\/mine_or-1.jpg","contentUrl":"https:\/\/www.gold.fr\/news\/wp-content\/uploads\/2018\/12\/mine_or-1.jpg","width":1254,"height":836,"caption":"La production d'or"},{"@type":"BreadcrumbList","@id":"https:\/\/www.gold.fr\/news\/2018\/12\/28\/la-production-americaine-en-net-recul\/#breadcrumb","itemListElement":[{"@type":"ListItem","position":1,"name":"Accueil","item":"https:\/\/www.gold.fr\/"},{"@type":"ListItem","position":2,"name":"Actualit\u00e9s","item":"https:\/\/www.gold.fr\/news\/"},{"@type":"ListItem","position":3,"name":"La production am\u00e9ricaine en net recul"}]},{"@type":"WebSite","@id":"https:\/\/www.gold.fr\/news\/#website","url":"https:\/\/www.gold.fr\/news\/","name":"Gold.fr","description":"Actualit\u00e9s de l&#039;Or et des m\u00e9taux pr\u00e9cieux","potentialAction":[{"@type":"SearchAction","target":{"@type":"EntryPoint","urlTemplate":"https:\/\/www.gold.fr\/news\/?s={search_term_string}"},"query-input":{"@type":"PropertyValueSpecification","valueRequired":true,"valueName":"search_term_string"}}],"inLanguage":"fr-FR"},{"@type":"Person","@id":"https:\/\/www.gold.fr\/news\/#\/schema\/person\/4ed91d9a70d8f3a313c26e8308214fc2","name":"Laurent Schwartz","image":{"@type":"ImageObject","inLanguage":"fr-FR","@id":"https:\/\/secure.gravatar.com\/avatar\/1496f846049365121827f5470219486f1a95f83957cc8ca0a9595e40c185f5ee?s=96&d=mm&r=g76f0e87c9ba82a161860a0fc16990d85","url":"https:\/\/secure.gravatar.com\/avatar\/1496f846049365121827f5470219486f1a95f83957cc8ca0a9595e40c185f5ee?s=96&d=mm&r=g","contentUrl":"https:\/\/secure.gravatar.com\/avatar\/1496f846049365121827f5470219486f1a95f83957cc8ca0a9595e40c185f5ee?s=96&d=mm&r=g","caption":"Laurent Schwartz"},"description":"Dipl\u00f4m\u00e9 de l\u2019EDHEC Business School en 2005, Laurent SCHWARTZ int\u00e8gre le cabinet d\u2019audit ERNST &amp; YOUNG en 2005 o\u00f9 il travaille pendant 4 ans. Parall\u00e8lement, il travaille au sein de l\u2019entreprise familiale cr\u00e9\u00e9e en 1976 \u00e0 Strasbourg. Fort de cette exp\u00e9rience et du savoir-faire d\u00e9velopp\u00e9 durant ces 40 derni\u00e8res ann\u00e9es, Laurent proc\u00e8de \u00e0 la refonte du site Internet Gold.fr d\u00e9di\u00e9 \u00e0 l\u2019achat d'or, vente d\u2019or (pi\u00e8ces, lingots, ...), achat or et argent,... qui conna\u00eetra un franc succ\u00e8s d\u00e8s son d\u00e9marrage en 2008. Il d\u00e9cide alors de d\u00e9velopper un r\u00e9seau de concessions exclusives: Le Comptoir National de l\u2019Or. Il assure d\u00e9sormais le pilotage strat\u00e9gique du 1er r\u00e9seau de France qui compte aujourd\u2019hui pas loin de 60 agences r\u00e9parties dans toute la France et depuis peu en Allemagne (Breisach). Le Comptoir National de l\u2019Or se positionne aujourd\u2019hui comme le leader incontournable sur le march\u00e9 de l\u2019Or et des m\u00e9taux pr\u00e9cieux en France.","sameAs":["https:\/\/www.gold.fr","https:\/\/www.linkedin.com\/in\/acheteror\/"]}]}},"authors":[{"term_id":2567,"user_id":6,"is_guest":0,"slug":"laurent","display_name":"Laurent Schwartz","avatar_url":"https:\/\/secure.gravatar.com\/avatar\/1496f846049365121827f5470219486f1a95f83957cc8ca0a9595e40c185f5ee?s=96&d=mm&r=g","0":null,"1":"","2":"","3":"","4":"","5":"","6":"","7":"","8":""}],"_links":{"self":[{"href":"https:\/\/www.gold.fr\/news\/wp-json\/wp\/v2\/posts\/34879","targetHints":{"allow":["GET"]}}],"collection":[{"href":"https:\/\/www.gold.fr\/news\/wp-json\/wp\/v2\/posts"}],"about":[{"href":"https:\/\/www.gold.fr\/news\/wp-json\/wp\/v2\/types\/post"}],"author":[{"embeddable":true,"href":"https:\/\/www.gold.fr\/news\/wp-json\/wp\/v2\/users\/6"}],"replies":[{"embeddable":true,"href":"https:\/\/www.gold.fr\/news\/wp-json\/wp\/v2\/comments?post=34879"}],"version-history":[{"count":0,"href":"https:\/\/www.gold.fr\/news\/wp-json\/wp\/v2\/posts\/34879\/revisions"}],"wp:featuredmedia":[{"embeddable":true,"href":"https:\/\/www.gold.fr\/news\/wp-json\/wp\/v2\/media\/34886"}],"wp:attachment":[{"href":"https:\/\/www.gold.fr\/news\/wp-json\/wp\/v2\/media?parent=34879"}],"wp:term":[{"taxonomy":"category","embeddable":true,"href":"https:\/\/www.gold.fr\/news\/wp-json\/wp\/v2\/categories?post=34879"},{"taxonomy":"post_tag","embeddable":true,"href":"https:\/\/www.gold.fr\/news\/wp-json\/wp\/v2\/tags?post=34879"},{"taxonomy":"author","embeddable":true,"href":"https:\/\/www.gold.fr\/news\/wp-json\/wp\/v2\/ppma_author?post=34879"}],"curies":[{"name":"wp","href":"https:\/\/api.w.org\/{rel}","templated":true}]}}