{"id":34635,"date":"2018-11-09T13:00:36","date_gmt":"2018-11-09T12:00:36","guid":{"rendered":"https:\/\/www.gold.fr\/news\/?p=34635"},"modified":"2021-01-11T14:53:45","modified_gmt":"2021-01-11T13:53:45","slug":"cours-de-lor-du-vendredi-9-novembre-2018","status":"publish","type":"post","link":"https:\/\/www.gold.fr\/news\/2018\/11\/09\/cours-de-lor-du-vendredi-9-novembre-2018\/","title":{"rendered":"Cours de l\u2019or du vendredi 9 novembre 2018"},"content":{"rendered":"<h2><img loading=\"lazy\" decoding=\"async\" class=\"alignleft size-thumbnail wp-image-3850\" src=\"https:\/\/www.gold.fr\/news\/wp-content\/uploads\/2011\/11\/cours-or-3-150x150.jpg\" alt=\"Stagnation du cours face \u00e0 des march\u00e9s en repli g\u00e9n\u00e9ralis\u00e9\" width=\"150\" height=\"150\" \/>Tendance de l&rsquo;or mitig\u00e9e mais qui reste positive<\/h2>\n<p>  La tendance a \u00e9t\u00e9 relativement mitig\u00e9e au niveau des principales places boursi\u00e8res europ\u00e9ennes lors de la s\u00e9ance d&rsquo;hier. Ainsi, si <strong>le FTSE de Londres<\/strong> r\u00e9ussit \u00e0 r\u00e9aliser une hausse de l&rsquo;ordre de <strong>0,4 %<\/strong>, <strong>le CAC 40 de Paris<\/strong> et <strong>le DAX de Francfort<\/strong> se contentent d&rsquo;une l\u00e9g\u00e8re progression de <strong>0,2 %<\/strong> chacun. Une tendance qui trouve principalement son origine dans l&rsquo;attentisme observ\u00e9 aupr\u00e8s des op\u00e9rateurs \u00e0 quelques heures de la conclusion de la r\u00e9union organis\u00e9e par le comit\u00e9 de la politique mon\u00e9taire de la R\u00e9serve f\u00e9d\u00e9rale am\u00e9ricaine. Selon certains \u00e9conomistes, la banque centrale am\u00e9ricaine devrait maintenir le statu quo \u00e0 propos de sa politique mon\u00e9taire m\u00eame si l&rsquo;\u00e9conomie connait actuellement une croissance soutenue et que la cr\u00e9ation d&#8217;emplois est de plus en plus importante. A cet effet, la prochaine hausse des taux est pr\u00e9vue pour le mois de d\u00e9cembre 2018 avec une probabilit\u00e9 de <strong>81 %<\/strong> pour que les investisseurs soient moins confiants dans la politique mon\u00e9taire de l&rsquo;ann\u00e9e \u00e0 venir. Dans ce contexte, le m\u00e9tal jaune reste dans le rouge et affiche en ce <strong>vendredi 9 novembre 2018<\/strong> une variation positive de <strong>0,77 %<\/strong> ainsi qu&rsquo;un <a href=\"https:\/\/www.gold.fr\/cours-or-prix-de-l-or\/\" target=\"_blank\" rel=\"noopener noreferrer\">cours<\/a> d&rsquo;ouverture de <strong>1.228,60 dollars<\/strong> <a href=\"https:\/\/www.gold.fr\/once-or-nyc\/\" target=\"_blank\" rel=\"noopener noreferrer\">l\u2019once<\/a>.<\/p>\n<!-- AddThis Advanced Settings generic via filter on the_content --><!-- AddThis Share Buttons generic via filter on the_content -->","protected":false},"excerpt":{"rendered":"<p>Tendance de l&rsquo;or mitig\u00e9e mais qui reste positive La tendance a \u00e9t\u00e9 relativement mitig\u00e9e au niveau des principales places boursi\u00e8res europ\u00e9ennes lors de la s\u00e9ance d&rsquo;hier. Ainsi, si le FTSE de Londres r\u00e9ussit \u00e0 r\u00e9aliser une [&hellip;]<\/p>\n","protected":false},"author":6,"featured_media":3850,"comment_status":"closed","ping_status":"closed","sticky":false,"template":"","format":"standard","meta":{"_mbp_gutenberg_autopost":false,"_pgmb_is_evergreen":false,"_pgmb_ap_template_id":0,"footnotes":""},"categories":[5],"tags":[84],"ppma_author":[2567],"class_list":["post-34635","post","type-post","status-publish","format-standard","has-post-thumbnail","hentry","category-flash-infos","tag-cours-de-lor"],"yoast_head":"<!-- This site is optimized with the Yoast SEO plugin v27.5 - https:\/\/yoast.com\/product\/yoast-seo-wordpress\/ -->\n<title>Tendance de l&#039;or mitig\u00e9e mais qui reste positive Cours de l&#039;Or<\/title>\n<meta name=\"description\" content=\"Tendance de l&#039;or mitig\u00e9e mais qui reste positive Cours de l&#039;or du vendredi 9 novembre 2018 Politique mon\u00e9taire de la la banque centrale\" \/>\n<meta name=\"robots\" content=\"index, follow, max-snippet:-1, max-image-preview:large, max-video-preview:-1\" \/>\n<link rel=\"canonical\" href=\"https:\/\/www.gold.fr\/news\/2018\/11\/09\/cours-de-lor-du-vendredi-9-novembre-2018\/\" \/>\n<meta property=\"og:locale\" content=\"fr_FR\" \/>\n<meta property=\"og:type\" content=\"article\" \/>\n<meta property=\"og:title\" content=\"Tendance de l&#039;or mitig\u00e9e mais qui reste positive Cours de l&#039;Or\" \/>\n<meta property=\"og:description\" content=\"Tendance de l&#039;or mitig\u00e9e mais qui reste positive Cours de l&#039;or du vendredi 9 novembre 2018 Politique mon\u00e9taire de la la banque centrale\" \/>\n<meta property=\"og:url\" content=\"https:\/\/www.gold.fr\/news\/2018\/11\/09\/cours-de-lor-du-vendredi-9-novembre-2018\/\" \/>\n<meta property=\"og:site_name\" content=\"Gold.fr\" \/>\n<meta property=\"article:publisher\" content=\"https:\/\/www.facebook.com\/Goldfr\/\" \/>\n<meta property=\"article:published_time\" content=\"2018-11-09T12:00:36+00:00\" \/>\n<meta property=\"article:modified_time\" content=\"2021-01-11T13:53:45+00:00\" \/>\n<meta property=\"og:image\" content=\"https:\/\/www.gold.fr\/news\/wp-content\/uploads\/2011\/11\/cours-or-3.jpg\" \/>\n\t<meta property=\"og:image:width\" content=\"338\" \/>\n\t<meta property=\"og:image:height\" content=\"507\" \/>\n\t<meta property=\"og:image:type\" content=\"image\/jpeg\" \/>\n<meta name=\"author\" content=\"Laurent Schwartz\" \/>\n<meta name=\"twitter:card\" content=\"summary_large_image\" \/>\n<meta name=\"twitter:label1\" content=\"\u00c9crit par\" \/>\n\t<meta name=\"twitter:data1\" content=\"Laurent Schwartz\" \/>\n\t<meta name=\"twitter:label2\" content=\"Dur\u00e9e de lecture estim\u00e9e\" \/>\n\t<meta name=\"twitter:data2\" content=\"1 minute\" \/>\n<script type=\"application\/ld+json\" class=\"yoast-schema-graph\">{\"@context\":\"https:\\\/\\\/schema.org\",\"@graph\":[{\"@type\":\"Article\",\"@id\":\"https:\\\/\\\/www.gold.fr\\\/news\\\/2018\\\/11\\\/09\\\/cours-de-lor-du-vendredi-9-novembre-2018\\\/#article\",\"isPartOf\":{\"@id\":\"https:\\\/\\\/www.gold.fr\\\/news\\\/2018\\\/11\\\/09\\\/cours-de-lor-du-vendredi-9-novembre-2018\\\/\"},\"author\":{\"name\":\"Laurent Schwartz\",\"@id\":\"https:\\\/\\\/www.gold.fr\\\/news\\\/#\\\/schema\\\/person\\\/4ed91d9a70d8f3a313c26e8308214fc2\"},\"headline\":\"Cours de l\u2019or du vendredi 9 novembre 2018\",\"datePublished\":\"2018-11-09T12:00:36+00:00\",\"dateModified\":\"2021-01-11T13:53:45+00:00\",\"mainEntityOfPage\":{\"@id\":\"https:\\\/\\\/www.gold.fr\\\/news\\\/2018\\\/11\\\/09\\\/cours-de-lor-du-vendredi-9-novembre-2018\\\/\"},\"wordCount\":230,\"image\":{\"@id\":\"https:\\\/\\\/www.gold.fr\\\/news\\\/2018\\\/11\\\/09\\\/cours-de-lor-du-vendredi-9-novembre-2018\\\/#primaryimage\"},\"thumbnailUrl\":\"https:\\\/\\\/www.gold.fr\\\/news\\\/wp-content\\\/uploads\\\/2011\\\/11\\\/cours-or-3.jpg\",\"keywords\":[\"Tout Cours de l'Or\"],\"articleSection\":[\"Flash infos\"],\"inLanguage\":\"fr-FR\"},{\"@type\":\"WebPage\",\"@id\":\"https:\\\/\\\/www.gold.fr\\\/news\\\/2018\\\/11\\\/09\\\/cours-de-lor-du-vendredi-9-novembre-2018\\\/\",\"url\":\"https:\\\/\\\/www.gold.fr\\\/news\\\/2018\\\/11\\\/09\\\/cours-de-lor-du-vendredi-9-novembre-2018\\\/\",\"name\":\"Tendance de l'or mitig\u00e9e mais qui reste positive Cours de l'Or\",\"isPartOf\":{\"@id\":\"https:\\\/\\\/www.gold.fr\\\/news\\\/#website\"},\"primaryImageOfPage\":{\"@id\":\"https:\\\/\\\/www.gold.fr\\\/news\\\/2018\\\/11\\\/09\\\/cours-de-lor-du-vendredi-9-novembre-2018\\\/#primaryimage\"},\"image\":{\"@id\":\"https:\\\/\\\/www.gold.fr\\\/news\\\/2018\\\/11\\\/09\\\/cours-de-lor-du-vendredi-9-novembre-2018\\\/#primaryimage\"},\"thumbnailUrl\":\"https:\\\/\\\/www.gold.fr\\\/news\\\/wp-content\\\/uploads\\\/2011\\\/11\\\/cours-or-3.jpg\",\"datePublished\":\"2018-11-09T12:00:36+00:00\",\"dateModified\":\"2021-01-11T13:53:45+00:00\",\"author\":{\"@id\":\"https:\\\/\\\/www.gold.fr\\\/news\\\/#\\\/schema\\\/person\\\/4ed91d9a70d8f3a313c26e8308214fc2\"},\"description\":\"Tendance de l'or mitig\u00e9e mais qui reste positive Cours de l'or du vendredi 9 novembre 2018 Politique mon\u00e9taire de la la banque centrale\",\"breadcrumb\":{\"@id\":\"https:\\\/\\\/www.gold.fr\\\/news\\\/2018\\\/11\\\/09\\\/cours-de-lor-du-vendredi-9-novembre-2018\\\/#breadcrumb\"},\"inLanguage\":\"fr-FR\",\"potentialAction\":[{\"@type\":\"ReadAction\",\"target\":[\"https:\\\/\\\/www.gold.fr\\\/news\\\/2018\\\/11\\\/09\\\/cours-de-lor-du-vendredi-9-novembre-2018\\\/\"]}]},{\"@type\":\"ImageObject\",\"inLanguage\":\"fr-FR\",\"@id\":\"https:\\\/\\\/www.gold.fr\\\/news\\\/2018\\\/11\\\/09\\\/cours-de-lor-du-vendredi-9-novembre-2018\\\/#primaryimage\",\"url\":\"https:\\\/\\\/www.gold.fr\\\/news\\\/wp-content\\\/uploads\\\/2011\\\/11\\\/cours-or-3.jpg\",\"contentUrl\":\"https:\\\/\\\/www.gold.fr\\\/news\\\/wp-content\\\/uploads\\\/2011\\\/11\\\/cours-or-3.jpg\",\"width\":\"338\",\"height\":\"507\",\"caption\":\"Stagnation du cours face \u00e0 des march\u00e9s en repli g\u00e9n\u00e9ralis\u00e9\"},{\"@type\":\"BreadcrumbList\",\"@id\":\"https:\\\/\\\/www.gold.fr\\\/news\\\/2018\\\/11\\\/09\\\/cours-de-lor-du-vendredi-9-novembre-2018\\\/#breadcrumb\",\"itemListElement\":[{\"@type\":\"ListItem\",\"position\":1,\"name\":\"Accueil\",\"item\":\"https:\\\/\\\/www.gold.fr\\\/\"},{\"@type\":\"ListItem\",\"position\":2,\"name\":\"Actualit\u00e9s\",\"item\":\"https:\\\/\\\/www.gold.fr\\\/news\\\/\"},{\"@type\":\"ListItem\",\"position\":3,\"name\":\"Cours de l\u2019or du vendredi 9 novembre 2018\"}]},{\"@type\":\"WebSite\",\"@id\":\"https:\\\/\\\/www.gold.fr\\\/news\\\/#website\",\"url\":\"https:\\\/\\\/www.gold.fr\\\/news\\\/\",\"name\":\"Gold.fr\",\"description\":\"Actualit\u00e9s de l&#039;Or et des m\u00e9taux pr\u00e9cieux\",\"potentialAction\":[{\"@type\":\"SearchAction\",\"target\":{\"@type\":\"EntryPoint\",\"urlTemplate\":\"https:\\\/\\\/www.gold.fr\\\/news\\\/?s={search_term_string}\"},\"query-input\":{\"@type\":\"PropertyValueSpecification\",\"valueRequired\":true,\"valueName\":\"search_term_string\"}}],\"inLanguage\":\"fr-FR\"},{\"@type\":\"Person\",\"@id\":\"https:\\\/\\\/www.gold.fr\\\/news\\\/#\\\/schema\\\/person\\\/4ed91d9a70d8f3a313c26e8308214fc2\",\"name\":\"Laurent Schwartz\",\"image\":{\"@type\":\"ImageObject\",\"inLanguage\":\"fr-FR\",\"@id\":\"https:\\\/\\\/secure.gravatar.com\\\/avatar\\\/1496f846049365121827f5470219486f1a95f83957cc8ca0a9595e40c185f5ee?s=96&d=mm&r=g76f0e87c9ba82a161860a0fc16990d85\",\"url\":\"https:\\\/\\\/secure.gravatar.com\\\/avatar\\\/1496f846049365121827f5470219486f1a95f83957cc8ca0a9595e40c185f5ee?s=96&d=mm&r=g\",\"contentUrl\":\"https:\\\/\\\/secure.gravatar.com\\\/avatar\\\/1496f846049365121827f5470219486f1a95f83957cc8ca0a9595e40c185f5ee?s=96&d=mm&r=g\",\"caption\":\"Laurent Schwartz\"},\"description\":\"Dipl\u00f4m\u00e9 de l\u2019EDHEC Business School en 2005, Laurent SCHWARTZ int\u00e8gre le cabinet d\u2019audit ERNST &amp; YOUNG en 2005 o\u00f9 il travaille pendant 4 ans. Parall\u00e8lement, il travaille au sein de l\u2019entreprise familiale cr\u00e9\u00e9e en 1976 \u00e0 Strasbourg. Fort de cette exp\u00e9rience et du savoir-faire d\u00e9velopp\u00e9 durant ces 40 derni\u00e8res ann\u00e9es, Laurent proc\u00e8de \u00e0 la refonte du site Internet Gold.fr d\u00e9di\u00e9 \u00e0 l\u2019achat d'or, vente d\u2019or (pi\u00e8ces, lingots, ...), achat or et argent,... qui conna\u00eetra un franc succ\u00e8s d\u00e8s son d\u00e9marrage en 2008. Il d\u00e9cide alors de d\u00e9velopper un r\u00e9seau de concessions exclusives: Le Comptoir National de l\u2019Or. Il assure d\u00e9sormais le pilotage strat\u00e9gique du 1er r\u00e9seau de France qui compte aujourd\u2019hui pas loin de 60 agences r\u00e9parties dans toute la France et depuis peu en Allemagne (Breisach). Le Comptoir National de l\u2019Or se positionne aujourd\u2019hui comme le leader incontournable sur le march\u00e9 de l\u2019Or et des m\u00e9taux pr\u00e9cieux en France.\",\"sameAs\":[\"https:\\\/\\\/www.gold.fr\",\"https:\\\/\\\/www.linkedin.com\\\/in\\\/acheteror\\\/\"]}]}<\/script>\n<!-- \/ Yoast SEO plugin. -->","yoast_head_json":{"title":"Tendance de l'or mitig\u00e9e mais qui reste positive Cours de l'Or","description":"Tendance de l'or mitig\u00e9e mais qui reste positive Cours de l'or du vendredi 9 novembre 2018 Politique mon\u00e9taire de la la banque centrale","robots":{"index":"index","follow":"follow","max-snippet":"max-snippet:-1","max-image-preview":"max-image-preview:large","max-video-preview":"max-video-preview:-1"},"canonical":"https:\/\/www.gold.fr\/news\/2018\/11\/09\/cours-de-lor-du-vendredi-9-novembre-2018\/","og_locale":"fr_FR","og_type":"article","og_title":"Tendance de l'or mitig\u00e9e mais qui reste positive Cours de l'Or","og_description":"Tendance de l'or mitig\u00e9e mais qui reste positive Cours de l'or du vendredi 9 novembre 2018 Politique mon\u00e9taire de la la banque centrale","og_url":"https:\/\/www.gold.fr\/news\/2018\/11\/09\/cours-de-lor-du-vendredi-9-novembre-2018\/","og_site_name":"Gold.fr","article_publisher":"https:\/\/www.facebook.com\/Goldfr\/","article_published_time":"2018-11-09T12:00:36+00:00","article_modified_time":"2021-01-11T13:53:45+00:00","og_image":[{"width":338,"height":507,"url":"https:\/\/www.gold.fr\/news\/wp-content\/uploads\/2011\/11\/cours-or-3.jpg","type":"image\/jpeg"}],"author":"Laurent Schwartz","twitter_card":"summary_large_image","twitter_misc":{"\u00c9crit par":"Laurent Schwartz","Dur\u00e9e de lecture estim\u00e9e":"1 minute"},"schema":{"@context":"https:\/\/schema.org","@graph":[{"@type":"Article","@id":"https:\/\/www.gold.fr\/news\/2018\/11\/09\/cours-de-lor-du-vendredi-9-novembre-2018\/#article","isPartOf":{"@id":"https:\/\/www.gold.fr\/news\/2018\/11\/09\/cours-de-lor-du-vendredi-9-novembre-2018\/"},"author":{"name":"Laurent Schwartz","@id":"https:\/\/www.gold.fr\/news\/#\/schema\/person\/4ed91d9a70d8f3a313c26e8308214fc2"},"headline":"Cours de l\u2019or du vendredi 9 novembre 2018","datePublished":"2018-11-09T12:00:36+00:00","dateModified":"2021-01-11T13:53:45+00:00","mainEntityOfPage":{"@id":"https:\/\/www.gold.fr\/news\/2018\/11\/09\/cours-de-lor-du-vendredi-9-novembre-2018\/"},"wordCount":230,"image":{"@id":"https:\/\/www.gold.fr\/news\/2018\/11\/09\/cours-de-lor-du-vendredi-9-novembre-2018\/#primaryimage"},"thumbnailUrl":"https:\/\/www.gold.fr\/news\/wp-content\/uploads\/2011\/11\/cours-or-3.jpg","keywords":["Tout Cours de l'Or"],"articleSection":["Flash infos"],"inLanguage":"fr-FR"},{"@type":"WebPage","@id":"https:\/\/www.gold.fr\/news\/2018\/11\/09\/cours-de-lor-du-vendredi-9-novembre-2018\/","url":"https:\/\/www.gold.fr\/news\/2018\/11\/09\/cours-de-lor-du-vendredi-9-novembre-2018\/","name":"Tendance de l'or mitig\u00e9e mais qui reste positive Cours de l'Or","isPartOf":{"@id":"https:\/\/www.gold.fr\/news\/#website"},"primaryImageOfPage":{"@id":"https:\/\/www.gold.fr\/news\/2018\/11\/09\/cours-de-lor-du-vendredi-9-novembre-2018\/#primaryimage"},"image":{"@id":"https:\/\/www.gold.fr\/news\/2018\/11\/09\/cours-de-lor-du-vendredi-9-novembre-2018\/#primaryimage"},"thumbnailUrl":"https:\/\/www.gold.fr\/news\/wp-content\/uploads\/2011\/11\/cours-or-3.jpg","datePublished":"2018-11-09T12:00:36+00:00","dateModified":"2021-01-11T13:53:45+00:00","author":{"@id":"https:\/\/www.gold.fr\/news\/#\/schema\/person\/4ed91d9a70d8f3a313c26e8308214fc2"},"description":"Tendance de l'or mitig\u00e9e mais qui reste positive Cours de l'or du vendredi 9 novembre 2018 Politique mon\u00e9taire de la la banque centrale","breadcrumb":{"@id":"https:\/\/www.gold.fr\/news\/2018\/11\/09\/cours-de-lor-du-vendredi-9-novembre-2018\/#breadcrumb"},"inLanguage":"fr-FR","potentialAction":[{"@type":"ReadAction","target":["https:\/\/www.gold.fr\/news\/2018\/11\/09\/cours-de-lor-du-vendredi-9-novembre-2018\/"]}]},{"@type":"ImageObject","inLanguage":"fr-FR","@id":"https:\/\/www.gold.fr\/news\/2018\/11\/09\/cours-de-lor-du-vendredi-9-novembre-2018\/#primaryimage","url":"https:\/\/www.gold.fr\/news\/wp-content\/uploads\/2011\/11\/cours-or-3.jpg","contentUrl":"https:\/\/www.gold.fr\/news\/wp-content\/uploads\/2011\/11\/cours-or-3.jpg","width":"338","height":"507","caption":"Stagnation du cours face \u00e0 des march\u00e9s en repli g\u00e9n\u00e9ralis\u00e9"},{"@type":"BreadcrumbList","@id":"https:\/\/www.gold.fr\/news\/2018\/11\/09\/cours-de-lor-du-vendredi-9-novembre-2018\/#breadcrumb","itemListElement":[{"@type":"ListItem","position":1,"name":"Accueil","item":"https:\/\/www.gold.fr\/"},{"@type":"ListItem","position":2,"name":"Actualit\u00e9s","item":"https:\/\/www.gold.fr\/news\/"},{"@type":"ListItem","position":3,"name":"Cours de l\u2019or du vendredi 9 novembre 2018"}]},{"@type":"WebSite","@id":"https:\/\/www.gold.fr\/news\/#website","url":"https:\/\/www.gold.fr\/news\/","name":"Gold.fr","description":"Actualit\u00e9s de l&#039;Or et des m\u00e9taux pr\u00e9cieux","potentialAction":[{"@type":"SearchAction","target":{"@type":"EntryPoint","urlTemplate":"https:\/\/www.gold.fr\/news\/?s={search_term_string}"},"query-input":{"@type":"PropertyValueSpecification","valueRequired":true,"valueName":"search_term_string"}}],"inLanguage":"fr-FR"},{"@type":"Person","@id":"https:\/\/www.gold.fr\/news\/#\/schema\/person\/4ed91d9a70d8f3a313c26e8308214fc2","name":"Laurent Schwartz","image":{"@type":"ImageObject","inLanguage":"fr-FR","@id":"https:\/\/secure.gravatar.com\/avatar\/1496f846049365121827f5470219486f1a95f83957cc8ca0a9595e40c185f5ee?s=96&d=mm&r=g76f0e87c9ba82a161860a0fc16990d85","url":"https:\/\/secure.gravatar.com\/avatar\/1496f846049365121827f5470219486f1a95f83957cc8ca0a9595e40c185f5ee?s=96&d=mm&r=g","contentUrl":"https:\/\/secure.gravatar.com\/avatar\/1496f846049365121827f5470219486f1a95f83957cc8ca0a9595e40c185f5ee?s=96&d=mm&r=g","caption":"Laurent Schwartz"},"description":"Dipl\u00f4m\u00e9 de l\u2019EDHEC Business School en 2005, Laurent SCHWARTZ int\u00e8gre le cabinet d\u2019audit ERNST &amp; YOUNG en 2005 o\u00f9 il travaille pendant 4 ans. Parall\u00e8lement, il travaille au sein de l\u2019entreprise familiale cr\u00e9\u00e9e en 1976 \u00e0 Strasbourg. Fort de cette exp\u00e9rience et du savoir-faire d\u00e9velopp\u00e9 durant ces 40 derni\u00e8res ann\u00e9es, Laurent proc\u00e8de \u00e0 la refonte du site Internet Gold.fr d\u00e9di\u00e9 \u00e0 l\u2019achat d'or, vente d\u2019or (pi\u00e8ces, lingots, ...), achat or et argent,... qui conna\u00eetra un franc succ\u00e8s d\u00e8s son d\u00e9marrage en 2008. Il d\u00e9cide alors de d\u00e9velopper un r\u00e9seau de concessions exclusives: Le Comptoir National de l\u2019Or. Il assure d\u00e9sormais le pilotage strat\u00e9gique du 1er r\u00e9seau de France qui compte aujourd\u2019hui pas loin de 60 agences r\u00e9parties dans toute la France et depuis peu en Allemagne (Breisach). Le Comptoir National de l\u2019Or se positionne aujourd\u2019hui comme le leader incontournable sur le march\u00e9 de l\u2019Or et des m\u00e9taux pr\u00e9cieux en France.","sameAs":["https:\/\/www.gold.fr","https:\/\/www.linkedin.com\/in\/acheteror\/"]}]}},"authors":[{"term_id":2567,"user_id":6,"is_guest":0,"slug":"laurent","display_name":"Laurent Schwartz","avatar_url":"https:\/\/secure.gravatar.com\/avatar\/1496f846049365121827f5470219486f1a95f83957cc8ca0a9595e40c185f5ee?s=96&d=mm&r=g","0":null,"1":"","2":"","3":"","4":"","5":"","6":"","7":"","8":""}],"_links":{"self":[{"href":"https:\/\/www.gold.fr\/news\/wp-json\/wp\/v2\/posts\/34635","targetHints":{"allow":["GET"]}}],"collection":[{"href":"https:\/\/www.gold.fr\/news\/wp-json\/wp\/v2\/posts"}],"about":[{"href":"https:\/\/www.gold.fr\/news\/wp-json\/wp\/v2\/types\/post"}],"author":[{"embeddable":true,"href":"https:\/\/www.gold.fr\/news\/wp-json\/wp\/v2\/users\/6"}],"replies":[{"embeddable":true,"href":"https:\/\/www.gold.fr\/news\/wp-json\/wp\/v2\/comments?post=34635"}],"version-history":[{"count":0,"href":"https:\/\/www.gold.fr\/news\/wp-json\/wp\/v2\/posts\/34635\/revisions"}],"wp:featuredmedia":[{"embeddable":true,"href":"https:\/\/www.gold.fr\/news\/wp-json\/wp\/v2\/media\/3850"}],"wp:attachment":[{"href":"https:\/\/www.gold.fr\/news\/wp-json\/wp\/v2\/media?parent=34635"}],"wp:term":[{"taxonomy":"category","embeddable":true,"href":"https:\/\/www.gold.fr\/news\/wp-json\/wp\/v2\/categories?post=34635"},{"taxonomy":"post_tag","embeddable":true,"href":"https:\/\/www.gold.fr\/news\/wp-json\/wp\/v2\/tags?post=34635"},{"taxonomy":"author","embeddable":true,"href":"https:\/\/www.gold.fr\/news\/wp-json\/wp\/v2\/ppma_author?post=34635"}],"curies":[{"name":"wp","href":"https:\/\/api.w.org\/{rel}","templated":true}]}}