{"id":3450,"date":"2011-10-13T14:04:36","date_gmt":"2011-10-13T12:04:36","guid":{"rendered":"https:\/\/www.gold.fr\/informations-sur-l-or\/on-parle-de-nous-dans-la-presse\/le-comptoir-national-de-lor-intervient-dans-le-parisien"},"modified":"2021-01-14T11:19:01","modified_gmt":"2021-01-14T10:19:01","slug":"le-comptoir-national-de-lor-intervient-dans-le-parisien-10102011","status":"publish","type":"post","link":"https:\/\/www.gold.fr\/news\/2011\/10\/13\/le-comptoir-national-de-lor-intervient-dans-le-parisien-10102011\/","title":{"rendered":"Le Comptoir National de l&rsquo;Or intervient dans Le Parisien &#8211; 10\/10\/2011"},"content":{"rendered":"<p class=\"MsoNoSpacing\" style=\"text-align: justify;\"><span style=\"font-family: verdana, geneva; font-size: small;\"><strong>Comment expliquez-vous la baisse des cours de l\u2019<a class=\"esk-seo-plu-link\" href=\"https:\/\/www.gold.fr\/news\/tags\/or\">or<\/a> ces derni\u00e8res semaines\u00a0?<\/strong><\/span><\/p>\r\n<p class=\"MsoNoSpacing\" style=\"text-align: justify;\"><span style=\"font-family: verdana, geneva; font-size: small;\">Les investisseurs ont vu les indices boursiers chuter depuis d\u00e9but juillet, ils ont donc cherch\u00e9 \u00e0 prendre des positions pour couvrir leurs pertes. Mais la tendance \u00e0 la hausse du taux de change du dollar, par rapport \u00e0 l\u2019euro, fait relativiser cette d\u00e9gringolade des cours, cot\u00e9s dans la monnaie am\u00e9ricaine. Car si l\u2019on consid\u00e8re les cours en euros, il ne s\u2019agit que d\u2019une petite correction. En revanche, au sein des pays \u00e9mergents, comme la Chine ou l\u2019Inde, la baisse du prix du m\u00e9tal jaune est une aubaine. La demande de ces pays, d\u00e9j\u00e0 forte, risque de s\u2019accro\u00eetre, entra\u00eenant de nouveau les cours \u00e0 la hausse.<\/span><\/p>\r\n<p class=\"MsoNoSpacing\" style=\"text-align: justify;\"><\/p>\r\n<p class=\"MsoNoSpacing\" style=\"text-align: justify;\"><span style=\"font-family: verdana, geneva; font-size: small;\"><strong>Que doit faire celui qui a investi ou voudrait investir sur l\u2019<a class=\"esk-seo-plu-link\" href=\"https:\/\/www.gold.fr\/news\/tags\/or\">or<\/a>\u00a0?<\/strong><\/span><\/p>\r\n<p class=\"MsoNoSpacing\" style=\"text-align: justify;\"><span style=\"font-family: verdana, geneva; font-size: small;\">Un cours de l\u2019<a class=\"esk-seo-plu-link\" href=\"https:\/\/www.gold.fr\/news\/tags\/or\">or<\/a> globalement haussier ne signifie pas pour autant qu\u2019il y aura plus de ventes. En revanche, la baisse relative de ces derni\u00e8res semaines peut justement repr\u00e9senter une opportunit\u00e9 pour entrer ou pour se positionner sur le march\u00e9. L\u2019<a class=\"esk-seo-plu-link\" href=\"https:\/\/www.gold.fr\/news\/tags\/or\">or<\/a> est le seul actif compl\u00e8tement d\u00e9corr\u00e9l\u00e9 des autres, il peut donc servir \u00e0 stabiliser un portefeuille. A condition d\u2019y placer 5 \u00e0 10% de ses capacit\u00e9s d\u2019investissement.\u00a0<\/span><span style=\"font-family: verdana, geneva; font-size: small;\">Pas plus.<\/span><\/p>\r\n<p class=\"MsoNoSpacing\" style=\"text-align: justify;\"><span style=\"font-family: verdana, geneva; font-size: small;\"> <strong>Comment \u00e9volueront, selon vous, les cours de l\u2019<a class=\"esk-seo-plu-link\" href=\"https:\/\/www.gold.fr\/news\/tags\/or\">or<\/a>\u00a0?<\/strong><\/span><\/p>\r\n<p class=\"MsoNoSpacing\" style=\"text-align: justify;\"><span style=\"font-family: verdana, geneva; font-size: small;\">La demande structurelle sur l\u2019<a class=\"esk-seo-plu-link\" href=\"https:\/\/www.gold.fr\/news\/tags\/or\">or<\/a> est forte. Les Banques centrales en ont beaucoup achet\u00e9 ces derni\u00e8res ann\u00e9es. La Chine, par exemple, deuxi\u00e8me consommatrice apr\u00e8s l\u2019Inde, a doubl\u00e9 ses r\u00e9serves en deux ans (1054 tonnes en septembre). Mais elle ne d\u00e9tient toujours qu\u2019un huiti\u00e8me de ce que poss\u00e8dent les Etats-Unis (8133 tonnes). Et l\u2019<a class=\"esk-seo-plu-link\" href=\"https:\/\/www.gold.fr\/news\/tags\/or\">or<\/a> fascine les Chinois\u00a0: plus ils s\u2019enrichissent, plus ils ach\u00e8tent de l\u2019<a class=\"esk-seo-plu-link\" href=\"https:\/\/www.gold.fr\/news\/tags\/or\">or<\/a>. Les besoins de leur fili\u00e8re <a class=\"esk-seo-plu-link\" href=\"https:\/\/www.gold.fr\/news\/tags\/bijoux-or\">bijouterie<\/a> continuent eux aussi de cro\u00eetre, le secteur repr\u00e9sentant plus de la moiti\u00e9 de la demande mondiale. Le potentiel d\u2019\u00e9volution reste par cons\u00e9quent \u00e9lev\u00e9\u00a0: l\u2019<a class=\"esk-seo-plu-link\" href=\"https:\/\/www.gold.fr\/news\/tags\/or\">or<\/a> est tr\u00e8s loin de son niveau de janvier 1980, o\u00f9 il avait \u00e9t\u00e9 propuls\u00e9 en mois de trois mois \u00e0 2480 l\u2019once, en dollars constants.<\/span><\/p>\r\n<p class=\"MsoNoSpacing\" style=\"text-align: justify;\"><span style=\"font-family: verdana, geneva; font-size: small;\">----<\/span><\/p>\r\n<p class=\"MsoNoSpacing\" style=\"text-align: justify;\"><span style=\"font-family: verdana, geneva; font-size: small;\">Format JPG:<img src=\"https:\/\/www.gold.fr\/static\/images\/le_parisien.jpg.jpg\" border=\"0\" \/><\/span><\/p>","protected":false},"excerpt":{"rendered":"<p>Comment expliquez-vous la baisse des cours de l&rsquo;or ces derni&egrave;res semaines&nbsp;?<br \/>\nLes investisseurs ont vu les indices boursiers chuter depuis d&eacute;but juillet, ils ont donc cherch&eacute; &agrave; prendre des positions pour couvrir leu&#8230;<\/p>\n","protected":false},"author":13,"featured_media":0,"comment_status":"closed","ping_status":"closed","sticky":false,"template":"","format":"standard","meta":{"_mbp_gutenberg_autopost":false,"_pgmb_is_evergreen":false,"_pgmb_ap_template_id":0,"footnotes":""},"categories":[107],"tags":[115,1793],"ppma_author":[2563],"class_list":["post-3450","post","type-post","status-publish","format-standard","hentry","category-on-parle-de-nous-dans-la-presse","tag-comptoir-national-de-lor","tag-marche-parisien"],"yoast_head":"<!-- This site is optimized with the Yoast SEO plugin v27.5 - https:\/\/yoast.com\/product\/yoast-seo-wordpress\/ -->\n<title>Le Comptoir National de l&#039;Or intervient dans Le Parisien - 10\/10\/2011 - Gold.fr<\/title>\n<meta name=\"description\" content=\"Comment expliquez-vous la baisse des cours de l\u2019or ces derni\u00e8res semaines ? Comment \u00e9volueront, selon vous, les cours de l\u2019or ?\" \/>\n<meta name=\"robots\" content=\"index, follow, max-snippet:-1, max-image-preview:large, max-video-preview:-1\" \/>\n<link rel=\"canonical\" href=\"https:\/\/www.gold.fr\/news\/2011\/10\/13\/le-comptoir-national-de-lor-intervient-dans-le-parisien-10102011\/\" \/>\n<meta property=\"og:locale\" content=\"fr_FR\" \/>\n<meta property=\"og:type\" content=\"article\" \/>\n<meta property=\"og:title\" content=\"Le Comptoir National de l&#039;Or intervient dans Le Parisien - 10\/10\/2011 - Gold.fr\" \/>\n<meta property=\"og:description\" content=\"Comment expliquez-vous la baisse des cours de l\u2019or ces derni\u00e8res semaines ? Comment \u00e9volueront, selon vous, les cours de l\u2019or ?\" \/>\n<meta property=\"og:url\" content=\"https:\/\/www.gold.fr\/news\/2011\/10\/13\/le-comptoir-national-de-lor-intervient-dans-le-parisien-10102011\/\" \/>\n<meta property=\"og:site_name\" content=\"Gold.fr\" \/>\n<meta property=\"article:publisher\" content=\"https:\/\/www.facebook.com\/Goldfr\/\" \/>\n<meta property=\"article:published_time\" content=\"2011-10-13T12:04:36+00:00\" \/>\n<meta property=\"article:modified_time\" content=\"2021-01-14T10:19:01+00:00\" \/>\n<meta property=\"og:image\" content=\"https:\/\/www.gold.fr\/static\/images\/le_parisien.jpg.jpg\" \/>\n<meta name=\"author\" content=\"Presse\" \/>\n<meta name=\"twitter:card\" content=\"summary_large_image\" \/>\n<meta name=\"twitter:label1\" content=\"\u00c9crit par\" \/>\n\t<meta name=\"twitter:data1\" content=\"Presse\" \/>\n\t<meta name=\"twitter:label2\" content=\"Dur\u00e9e de lecture estim\u00e9e\" \/>\n\t<meta name=\"twitter:data2\" content=\"2 minutes\" \/>\n<script type=\"application\/ld+json\" class=\"yoast-schema-graph\">{\"@context\":\"https:\\\/\\\/schema.org\",\"@graph\":[{\"@type\":\"Article\",\"@id\":\"https:\\\/\\\/www.gold.fr\\\/news\\\/2011\\\/10\\\/13\\\/le-comptoir-national-de-lor-intervient-dans-le-parisien-10102011\\\/#article\",\"isPartOf\":{\"@id\":\"https:\\\/\\\/www.gold.fr\\\/news\\\/2011\\\/10\\\/13\\\/le-comptoir-national-de-lor-intervient-dans-le-parisien-10102011\\\/\"},\"author\":{\"name\":\"Presse\",\"@id\":\"https:\\\/\\\/www.gold.fr\\\/news\\\/#\\\/schema\\\/person\\\/3ff0382c40999d45cb6b26eacf558dd0\"},\"headline\":\"Le Comptoir National de l&rsquo;Or intervient dans Le Parisien &#8211; 10\\\/10\\\/2011\",\"datePublished\":\"2011-10-13T12:04:36+00:00\",\"dateModified\":\"2021-01-14T10:19:01+00:00\",\"mainEntityOfPage\":{\"@id\":\"https:\\\/\\\/www.gold.fr\\\/news\\\/2011\\\/10\\\/13\\\/le-comptoir-national-de-lor-intervient-dans-le-parisien-10102011\\\/\"},\"wordCount\":379,\"image\":{\"@id\":\"https:\\\/\\\/www.gold.fr\\\/news\\\/2011\\\/10\\\/13\\\/le-comptoir-national-de-lor-intervient-dans-le-parisien-10102011\\\/#primaryimage\"},\"thumbnailUrl\":\"https:\\\/\\\/www.gold.fr\\\/static\\\/images\\\/le_parisien.jpg.jpg\",\"keywords\":[\"Comptoir National de l'Or\",\"march\u00e9 parisien\"],\"articleSection\":[\"NE PAS UTILISER__ On parle de nous dans la presse\"],\"inLanguage\":\"fr-FR\"},{\"@type\":\"WebPage\",\"@id\":\"https:\\\/\\\/www.gold.fr\\\/news\\\/2011\\\/10\\\/13\\\/le-comptoir-national-de-lor-intervient-dans-le-parisien-10102011\\\/\",\"url\":\"https:\\\/\\\/www.gold.fr\\\/news\\\/2011\\\/10\\\/13\\\/le-comptoir-national-de-lor-intervient-dans-le-parisien-10102011\\\/\",\"name\":\"Le Comptoir National de l'Or intervient dans Le Parisien - 10\\\/10\\\/2011 - Gold.fr\",\"isPartOf\":{\"@id\":\"https:\\\/\\\/www.gold.fr\\\/news\\\/#website\"},\"primaryImageOfPage\":{\"@id\":\"https:\\\/\\\/www.gold.fr\\\/news\\\/2011\\\/10\\\/13\\\/le-comptoir-national-de-lor-intervient-dans-le-parisien-10102011\\\/#primaryimage\"},\"image\":{\"@id\":\"https:\\\/\\\/www.gold.fr\\\/news\\\/2011\\\/10\\\/13\\\/le-comptoir-national-de-lor-intervient-dans-le-parisien-10102011\\\/#primaryimage\"},\"thumbnailUrl\":\"https:\\\/\\\/www.gold.fr\\\/static\\\/images\\\/le_parisien.jpg.jpg\",\"datePublished\":\"2011-10-13T12:04:36+00:00\",\"dateModified\":\"2021-01-14T10:19:01+00:00\",\"author\":{\"@id\":\"https:\\\/\\\/www.gold.fr\\\/news\\\/#\\\/schema\\\/person\\\/3ff0382c40999d45cb6b26eacf558dd0\"},\"description\":\"Comment expliquez-vous la baisse des cours de l\u2019or ces derni\u00e8res semaines ? Comment \u00e9volueront, selon vous, les cours de l\u2019or ?\",\"breadcrumb\":{\"@id\":\"https:\\\/\\\/www.gold.fr\\\/news\\\/2011\\\/10\\\/13\\\/le-comptoir-national-de-lor-intervient-dans-le-parisien-10102011\\\/#breadcrumb\"},\"inLanguage\":\"fr-FR\",\"potentialAction\":[{\"@type\":\"ReadAction\",\"target\":[\"https:\\\/\\\/www.gold.fr\\\/news\\\/2011\\\/10\\\/13\\\/le-comptoir-national-de-lor-intervient-dans-le-parisien-10102011\\\/\"]}]},{\"@type\":\"ImageObject\",\"inLanguage\":\"fr-FR\",\"@id\":\"https:\\\/\\\/www.gold.fr\\\/news\\\/2011\\\/10\\\/13\\\/le-comptoir-national-de-lor-intervient-dans-le-parisien-10102011\\\/#primaryimage\",\"url\":\"https:\\\/\\\/www.gold.fr\\\/static\\\/images\\\/le_parisien.jpg.jpg\",\"contentUrl\":\"https:\\\/\\\/www.gold.fr\\\/static\\\/images\\\/le_parisien.jpg.jpg\"},{\"@type\":\"BreadcrumbList\",\"@id\":\"https:\\\/\\\/www.gold.fr\\\/news\\\/2011\\\/10\\\/13\\\/le-comptoir-national-de-lor-intervient-dans-le-parisien-10102011\\\/#breadcrumb\",\"itemListElement\":[{\"@type\":\"ListItem\",\"position\":1,\"name\":\"Accueil\",\"item\":\"https:\\\/\\\/www.gold.fr\\\/\"},{\"@type\":\"ListItem\",\"position\":2,\"name\":\"Actualit\u00e9s\",\"item\":\"https:\\\/\\\/www.gold.fr\\\/news\\\/\"},{\"@type\":\"ListItem\",\"position\":3,\"name\":\"Le Comptoir National de l&rsquo;Or intervient dans Le Parisien &#8211; 10\\\/10\\\/2011\"}]},{\"@type\":\"WebSite\",\"@id\":\"https:\\\/\\\/www.gold.fr\\\/news\\\/#website\",\"url\":\"https:\\\/\\\/www.gold.fr\\\/news\\\/\",\"name\":\"Gold.fr\",\"description\":\"Actualit\u00e9s de l&#039;Or et des m\u00e9taux pr\u00e9cieux\",\"potentialAction\":[{\"@type\":\"SearchAction\",\"target\":{\"@type\":\"EntryPoint\",\"urlTemplate\":\"https:\\\/\\\/www.gold.fr\\\/news\\\/?s={search_term_string}\"},\"query-input\":{\"@type\":\"PropertyValueSpecification\",\"valueRequired\":true,\"valueName\":\"search_term_string\"}}],\"inLanguage\":\"fr-FR\"},{\"@type\":\"Person\",\"@id\":\"https:\\\/\\\/www.gold.fr\\\/news\\\/#\\\/schema\\\/person\\\/3ff0382c40999d45cb6b26eacf558dd0\",\"name\":\"Presse\",\"image\":{\"@type\":\"ImageObject\",\"inLanguage\":\"fr-FR\",\"@id\":\"https:\\\/\\\/secure.gravatar.com\\\/avatar\\\/392ef11d08663715e9f94a7c765916e46b5b0ce11b8ce82a6a96a9e60580030b?s=96&d=mm&r=g0d21c659f39d0b3dd3d526db8197c1aa\",\"url\":\"https:\\\/\\\/secure.gravatar.com\\\/avatar\\\/392ef11d08663715e9f94a7c765916e46b5b0ce11b8ce82a6a96a9e60580030b?s=96&d=mm&r=g\",\"contentUrl\":\"https:\\\/\\\/secure.gravatar.com\\\/avatar\\\/392ef11d08663715e9f94a7c765916e46b5b0ce11b8ce82a6a96a9e60580030b?s=96&d=mm&r=g\",\"caption\":\"Presse\"},\"description\":\"Avec plus de\u00a0800 000 clients\u00a0qui nous ont fait confiance depuis notre cr\u00e9ation,\u00a0Le Comptoir National de l'Or\u00a0est devenu un acteur majeur en France de la\u00a0vente et du rachat de m\u00e9taux pr\u00e9cieux\u00a0(Or, Argent, Platine, Palladium). Le Comptoir National de l'Or compte aujourd'hui plus de\u00a0100 Comptoirs d'achat d'Or pr\u00e9sents partout en France.\",\"sameAs\":[\"https:\\\/\\\/www.gold.fr\\\/informations-sur-l-or\\\/\"]}]}<\/script>\n<!-- \/ Yoast SEO plugin. -->","yoast_head_json":{"title":"Le Comptoir National de l'Or intervient dans Le Parisien - 10\/10\/2011 - Gold.fr","description":"Comment expliquez-vous la baisse des cours de l\u2019or ces derni\u00e8res semaines ? Comment \u00e9volueront, selon vous, les cours de l\u2019or ?","robots":{"index":"index","follow":"follow","max-snippet":"max-snippet:-1","max-image-preview":"max-image-preview:large","max-video-preview":"max-video-preview:-1"},"canonical":"https:\/\/www.gold.fr\/news\/2011\/10\/13\/le-comptoir-national-de-lor-intervient-dans-le-parisien-10102011\/","og_locale":"fr_FR","og_type":"article","og_title":"Le Comptoir National de l'Or intervient dans Le Parisien - 10\/10\/2011 - Gold.fr","og_description":"Comment expliquez-vous la baisse des cours de l\u2019or ces derni\u00e8res semaines ? Comment \u00e9volueront, selon vous, les cours de l\u2019or ?","og_url":"https:\/\/www.gold.fr\/news\/2011\/10\/13\/le-comptoir-national-de-lor-intervient-dans-le-parisien-10102011\/","og_site_name":"Gold.fr","article_publisher":"https:\/\/www.facebook.com\/Goldfr\/","article_published_time":"2011-10-13T12:04:36+00:00","article_modified_time":"2021-01-14T10:19:01+00:00","og_image":[{"url":"https:\/\/www.gold.fr\/static\/images\/le_parisien.jpg.jpg","type":"","width":"","height":""}],"author":"Presse","twitter_card":"summary_large_image","twitter_misc":{"\u00c9crit par":"Presse","Dur\u00e9e de lecture estim\u00e9e":"2 minutes"},"schema":{"@context":"https:\/\/schema.org","@graph":[{"@type":"Article","@id":"https:\/\/www.gold.fr\/news\/2011\/10\/13\/le-comptoir-national-de-lor-intervient-dans-le-parisien-10102011\/#article","isPartOf":{"@id":"https:\/\/www.gold.fr\/news\/2011\/10\/13\/le-comptoir-national-de-lor-intervient-dans-le-parisien-10102011\/"},"author":{"name":"Presse","@id":"https:\/\/www.gold.fr\/news\/#\/schema\/person\/3ff0382c40999d45cb6b26eacf558dd0"},"headline":"Le Comptoir National de l&rsquo;Or intervient dans Le Parisien &#8211; 10\/10\/2011","datePublished":"2011-10-13T12:04:36+00:00","dateModified":"2021-01-14T10:19:01+00:00","mainEntityOfPage":{"@id":"https:\/\/www.gold.fr\/news\/2011\/10\/13\/le-comptoir-national-de-lor-intervient-dans-le-parisien-10102011\/"},"wordCount":379,"image":{"@id":"https:\/\/www.gold.fr\/news\/2011\/10\/13\/le-comptoir-national-de-lor-intervient-dans-le-parisien-10102011\/#primaryimage"},"thumbnailUrl":"https:\/\/www.gold.fr\/static\/images\/le_parisien.jpg.jpg","keywords":["Comptoir National de l'Or","march\u00e9 parisien"],"articleSection":["NE PAS UTILISER__ On parle de nous dans la presse"],"inLanguage":"fr-FR"},{"@type":"WebPage","@id":"https:\/\/www.gold.fr\/news\/2011\/10\/13\/le-comptoir-national-de-lor-intervient-dans-le-parisien-10102011\/","url":"https:\/\/www.gold.fr\/news\/2011\/10\/13\/le-comptoir-national-de-lor-intervient-dans-le-parisien-10102011\/","name":"Le Comptoir National de l'Or intervient dans Le Parisien - 10\/10\/2011 - Gold.fr","isPartOf":{"@id":"https:\/\/www.gold.fr\/news\/#website"},"primaryImageOfPage":{"@id":"https:\/\/www.gold.fr\/news\/2011\/10\/13\/le-comptoir-national-de-lor-intervient-dans-le-parisien-10102011\/#primaryimage"},"image":{"@id":"https:\/\/www.gold.fr\/news\/2011\/10\/13\/le-comptoir-national-de-lor-intervient-dans-le-parisien-10102011\/#primaryimage"},"thumbnailUrl":"https:\/\/www.gold.fr\/static\/images\/le_parisien.jpg.jpg","datePublished":"2011-10-13T12:04:36+00:00","dateModified":"2021-01-14T10:19:01+00:00","author":{"@id":"https:\/\/www.gold.fr\/news\/#\/schema\/person\/3ff0382c40999d45cb6b26eacf558dd0"},"description":"Comment expliquez-vous la baisse des cours de l\u2019or ces derni\u00e8res semaines ? Comment \u00e9volueront, selon vous, les cours de l\u2019or ?","breadcrumb":{"@id":"https:\/\/www.gold.fr\/news\/2011\/10\/13\/le-comptoir-national-de-lor-intervient-dans-le-parisien-10102011\/#breadcrumb"},"inLanguage":"fr-FR","potentialAction":[{"@type":"ReadAction","target":["https:\/\/www.gold.fr\/news\/2011\/10\/13\/le-comptoir-national-de-lor-intervient-dans-le-parisien-10102011\/"]}]},{"@type":"ImageObject","inLanguage":"fr-FR","@id":"https:\/\/www.gold.fr\/news\/2011\/10\/13\/le-comptoir-national-de-lor-intervient-dans-le-parisien-10102011\/#primaryimage","url":"https:\/\/www.gold.fr\/static\/images\/le_parisien.jpg.jpg","contentUrl":"https:\/\/www.gold.fr\/static\/images\/le_parisien.jpg.jpg"},{"@type":"BreadcrumbList","@id":"https:\/\/www.gold.fr\/news\/2011\/10\/13\/le-comptoir-national-de-lor-intervient-dans-le-parisien-10102011\/#breadcrumb","itemListElement":[{"@type":"ListItem","position":1,"name":"Accueil","item":"https:\/\/www.gold.fr\/"},{"@type":"ListItem","position":2,"name":"Actualit\u00e9s","item":"https:\/\/www.gold.fr\/news\/"},{"@type":"ListItem","position":3,"name":"Le Comptoir National de l&rsquo;Or intervient dans Le Parisien &#8211; 10\/10\/2011"}]},{"@type":"WebSite","@id":"https:\/\/www.gold.fr\/news\/#website","url":"https:\/\/www.gold.fr\/news\/","name":"Gold.fr","description":"Actualit\u00e9s de l&#039;Or et des m\u00e9taux pr\u00e9cieux","potentialAction":[{"@type":"SearchAction","target":{"@type":"EntryPoint","urlTemplate":"https:\/\/www.gold.fr\/news\/?s={search_term_string}"},"query-input":{"@type":"PropertyValueSpecification","valueRequired":true,"valueName":"search_term_string"}}],"inLanguage":"fr-FR"},{"@type":"Person","@id":"https:\/\/www.gold.fr\/news\/#\/schema\/person\/3ff0382c40999d45cb6b26eacf558dd0","name":"Presse","image":{"@type":"ImageObject","inLanguage":"fr-FR","@id":"https:\/\/secure.gravatar.com\/avatar\/392ef11d08663715e9f94a7c765916e46b5b0ce11b8ce82a6a96a9e60580030b?s=96&d=mm&r=g0d21c659f39d0b3dd3d526db8197c1aa","url":"https:\/\/secure.gravatar.com\/avatar\/392ef11d08663715e9f94a7c765916e46b5b0ce11b8ce82a6a96a9e60580030b?s=96&d=mm&r=g","contentUrl":"https:\/\/secure.gravatar.com\/avatar\/392ef11d08663715e9f94a7c765916e46b5b0ce11b8ce82a6a96a9e60580030b?s=96&d=mm&r=g","caption":"Presse"},"description":"Avec plus de\u00a0800 000 clients\u00a0qui nous ont fait confiance depuis notre cr\u00e9ation,\u00a0Le Comptoir National de l'Or\u00a0est devenu un acteur majeur en France de la\u00a0vente et du rachat de m\u00e9taux pr\u00e9cieux\u00a0(Or, Argent, Platine, Palladium). Le Comptoir National de l'Or compte aujourd'hui plus de\u00a0100 Comptoirs d'achat d'Or pr\u00e9sents partout en France.","sameAs":["https:\/\/www.gold.fr\/informations-sur-l-or\/"]}]}},"authors":[{"term_id":2563,"user_id":13,"is_guest":0,"slug":"on-parle-du-comptoir-national-de-lor-dans-la-press","display_name":"Presse","avatar_url":"https:\/\/secure.gravatar.com\/avatar\/392ef11d08663715e9f94a7c765916e46b5b0ce11b8ce82a6a96a9e60580030b?s=96&d=mm&r=g","0":null,"1":"","2":"","3":"","4":"","5":"","6":"","7":"","8":""}],"_links":{"self":[{"href":"https:\/\/www.gold.fr\/news\/wp-json\/wp\/v2\/posts\/3450","targetHints":{"allow":["GET"]}}],"collection":[{"href":"https:\/\/www.gold.fr\/news\/wp-json\/wp\/v2\/posts"}],"about":[{"href":"https:\/\/www.gold.fr\/news\/wp-json\/wp\/v2\/types\/post"}],"author":[{"embeddable":true,"href":"https:\/\/www.gold.fr\/news\/wp-json\/wp\/v2\/users\/13"}],"replies":[{"embeddable":true,"href":"https:\/\/www.gold.fr\/news\/wp-json\/wp\/v2\/comments?post=3450"}],"version-history":[{"count":0,"href":"https:\/\/www.gold.fr\/news\/wp-json\/wp\/v2\/posts\/3450\/revisions"}],"wp:attachment":[{"href":"https:\/\/www.gold.fr\/news\/wp-json\/wp\/v2\/media?parent=3450"}],"wp:term":[{"taxonomy":"category","embeddable":true,"href":"https:\/\/www.gold.fr\/news\/wp-json\/wp\/v2\/categories?post=3450"},{"taxonomy":"post_tag","embeddable":true,"href":"https:\/\/www.gold.fr\/news\/wp-json\/wp\/v2\/tags?post=3450"},{"taxonomy":"author","embeddable":true,"href":"https:\/\/www.gold.fr\/news\/wp-json\/wp\/v2\/ppma_author?post=3450"}],"curies":[{"name":"wp","href":"https:\/\/api.w.org\/{rel}","templated":true}]}}