{"id":34423,"date":"2018-10-15T14:49:43","date_gmt":"2018-10-15T12:49:43","guid":{"rendered":"https:\/\/www.gold.fr\/news\/?p=34423"},"modified":"2021-01-11T14:59:22","modified_gmt":"2021-01-11T13:59:22","slug":"minieres-une-fusion-pour-masquer-les-problemes","status":"publish","type":"post","link":"https:\/\/www.gold.fr\/news\/2018\/10\/15\/minieres-une-fusion-pour-masquer-les-problemes\/","title":{"rendered":"Mini\u00e8res\u00a0: une fusion pour masquer les probl\u00e8mes\u00a0?"},"content":{"rendered":"<p><img loading=\"lazy\" decoding=\"async\" class=\"aligncenter wp-image-34424 size-full\" title=\"Mini\u00e8res\u00a0: une fusion pour masquer les probl\u00e8mes\u00a0?\" src=\"https:\/\/www.gold.fr\/news\/wp-content\/uploads\/2018\/10\/mine_or.jpg\" alt=\"Mini\u00e8res\u00a0: une fusion pour masquer les probl\u00e8mes\u00a0?\" width=\"650\" height=\"250\" srcset=\"https:\/\/www.gold.fr\/news\/wp-content\/uploads\/2018\/10\/mine_or.jpg 650w, https:\/\/www.gold.fr\/news\/wp-content\/uploads\/2018\/10\/mine_or-300x115.jpg 300w, https:\/\/www.gold.fr\/news\/wp-content\/uploads\/2018\/10\/mine_or-3x1.jpg 3w\" sizes=\"auto, (max-width: 650px) 100vw, 650px\" \/>    Fin septembre, Barrick Gold et Randgold Resources, respectivement 1er et 17\u00e8me producteurs mondiaux, ont annonc\u00e9 leur fusion. La nouvelle est de nature \u00e0 raviver un secteur minier en pleine d\u00e9pression\u00a0: les 2 titres, mais aussi d&rsquo;autres du secteur, perdaient environ 30% en bourse avant l&rsquo;annonce. Chose rare avec les fusions, les 2 titres se sont appr\u00e9ci\u00e9s suite \u00e0 l\u2019annonce.    Le mal qui ronge le secteur minier depuis des ann\u00e9es est de nature g\u00e9ologique\u00a0: la diminution constante des concentrations en or des agr\u00e9gats extraits. Un ph\u00e9nom\u00e8ne logique, \u00e0 mesure que les meilleurs sites sont exploit\u00e9s. Pour accentuer le probl\u00e8me, les difficult\u00e9s du secteur ont entrain\u00e9 une course \u00e0 la r\u00e9duction des co\u00fbts, et donc des d\u00e9penses d&rsquo;exploration qui permettent pourtant de trouver de nouveaux sites prometteurs et reconstituer ainsi les r\u00e9serves.    Si la fusion est une bonne nouvelle pour le secteur \u00e0 court terme, il n&rsquo;est donc pas acquis que la taille soit le seul levier pour relever ces d\u00e9fis de moyen \u00e0 long terme. Affaire \u00e0 suivre\u2026<\/p>\n<!-- AddThis Advanced Settings generic via filter on the_content --><!-- AddThis Share Buttons generic via filter on the_content -->","protected":false},"excerpt":{"rendered":"<p>Fin septembre, Barrick Gold et Randgold Resources, respectivement 1er et 17\u00e8me producteurs mondiaux, ont annonc\u00e9 leur fusion. La nouvelle est de nature \u00e0 raviver un secteur minier en pleine d\u00e9pression\u00a0: les 2 titres, mais aussi d&rsquo;autres [&hellip;]<\/p>\n","protected":false},"author":22,"featured_media":34425,"comment_status":"closed","ping_status":"closed","sticky":false,"template":"","format":"standard","meta":{"_mbp_gutenberg_autopost":false,"_pgmb_is_evergreen":false,"_pgmb_ap_template_id":0,"footnotes":""},"categories":[5],"tags":[86],"ppma_author":[2564],"class_list":["post-34423","post","type-post","status-publish","format-standard","has-post-thumbnail","hentry","category-flash-infos","tag-mine-dor"],"yoast_head":"<!-- This site is optimized with the Yoast SEO plugin v27.5 - https:\/\/yoast.com\/product\/yoast-seo-wordpress\/ -->\n<title>Mini\u00e8res\u00a0: une fusion pour masquer les probl\u00e8mes\u00a0? - Gold.fr<\/title>\n<meta name=\"description\" content=\"Mini\u00e8res : une fusion pour masquer les probl\u00e8mes ? Retrouvez plus d&#039;informations et le cours de l&#039;or, de l&#039;argent et d&#039;autres m\u00e9taux pr\u00e9cieux en direct sur Gold.fr.\" \/>\n<meta name=\"robots\" content=\"index, follow, max-snippet:-1, max-image-preview:large, max-video-preview:-1\" \/>\n<link rel=\"canonical\" href=\"https:\/\/www.gold.fr\/news\/2018\/10\/15\/minieres-une-fusion-pour-masquer-les-problemes\/\" \/>\n<meta property=\"og:locale\" content=\"fr_FR\" \/>\n<meta property=\"og:type\" content=\"article\" \/>\n<meta property=\"og:title\" content=\"Mini\u00e8res\u00a0: une fusion pour masquer les probl\u00e8mes\u00a0? - Gold.fr\" \/>\n<meta property=\"og:description\" content=\"Mini\u00e8res : une fusion pour masquer les probl\u00e8mes ? Retrouvez plus d&#039;informations et le cours de l&#039;or, de l&#039;argent et d&#039;autres m\u00e9taux pr\u00e9cieux en direct sur Gold.fr.\" \/>\n<meta property=\"og:url\" content=\"https:\/\/www.gold.fr\/news\/2018\/10\/15\/minieres-une-fusion-pour-masquer-les-problemes\/\" \/>\n<meta property=\"og:site_name\" content=\"Gold.fr\" \/>\n<meta property=\"article:publisher\" content=\"https:\/\/www.facebook.com\/Goldfr\/\" \/>\n<meta property=\"article:published_time\" content=\"2018-10-15T12:49:43+00:00\" \/>\n<meta property=\"article:modified_time\" content=\"2021-01-11T13:59:22+00:00\" \/>\n<meta property=\"og:image\" content=\"https:\/\/www.gold.fr\/news\/wp-content\/uploads\/2018\/10\/pepites_or.jpg\" \/>\n\t<meta property=\"og:image:width\" content=\"1505\" \/>\n\t<meta property=\"og:image:height\" content=\"697\" \/>\n\t<meta property=\"og:image:type\" content=\"image\/jpeg\" \/>\n<meta name=\"author\" content=\"Nicolas Compard\" \/>\n<meta name=\"twitter:card\" content=\"summary_large_image\" \/>\n<meta name=\"twitter:label1\" content=\"\u00c9crit par\" \/>\n\t<meta name=\"twitter:data1\" content=\"Nicolas Compard\" \/>\n\t<meta name=\"twitter:label2\" content=\"Dur\u00e9e de lecture estim\u00e9e\" \/>\n\t<meta name=\"twitter:data2\" content=\"1 minute\" \/>\n<script type=\"application\/ld+json\" class=\"yoast-schema-graph\">{\"@context\":\"https:\\\/\\\/schema.org\",\"@graph\":[{\"@type\":\"Article\",\"@id\":\"https:\\\/\\\/www.gold.fr\\\/news\\\/2018\\\/10\\\/15\\\/minieres-une-fusion-pour-masquer-les-problemes\\\/#article\",\"isPartOf\":{\"@id\":\"https:\\\/\\\/www.gold.fr\\\/news\\\/2018\\\/10\\\/15\\\/minieres-une-fusion-pour-masquer-les-problemes\\\/\"},\"author\":{\"name\":\"Nicolas Compard\",\"@id\":\"https:\\\/\\\/www.gold.fr\\\/news\\\/#\\\/schema\\\/person\\\/7bc2aa35a3ca537d66aa518f3e6babc5\"},\"headline\":\"Mini\u00e8res\u00a0: une fusion pour masquer les probl\u00e8mes\u00a0?\",\"datePublished\":\"2018-10-15T12:49:43+00:00\",\"dateModified\":\"2021-01-11T13:59:22+00:00\",\"mainEntityOfPage\":{\"@id\":\"https:\\\/\\\/www.gold.fr\\\/news\\\/2018\\\/10\\\/15\\\/minieres-une-fusion-pour-masquer-les-problemes\\\/\"},\"wordCount\":187,\"image\":{\"@id\":\"https:\\\/\\\/www.gold.fr\\\/news\\\/2018\\\/10\\\/15\\\/minieres-une-fusion-pour-masquer-les-problemes\\\/#primaryimage\"},\"thumbnailUrl\":\"https:\\\/\\\/www.gold.fr\\\/news\\\/wp-content\\\/uploads\\\/2018\\\/10\\\/pepites_or.jpg\",\"keywords\":[\"mine d'or\"],\"articleSection\":[\"Flash infos\"],\"inLanguage\":\"fr-FR\"},{\"@type\":\"WebPage\",\"@id\":\"https:\\\/\\\/www.gold.fr\\\/news\\\/2018\\\/10\\\/15\\\/minieres-une-fusion-pour-masquer-les-problemes\\\/\",\"url\":\"https:\\\/\\\/www.gold.fr\\\/news\\\/2018\\\/10\\\/15\\\/minieres-une-fusion-pour-masquer-les-problemes\\\/\",\"name\":\"Mini\u00e8res\u00a0: une fusion pour masquer les probl\u00e8mes\u00a0? - Gold.fr\",\"isPartOf\":{\"@id\":\"https:\\\/\\\/www.gold.fr\\\/news\\\/#website\"},\"primaryImageOfPage\":{\"@id\":\"https:\\\/\\\/www.gold.fr\\\/news\\\/2018\\\/10\\\/15\\\/minieres-une-fusion-pour-masquer-les-problemes\\\/#primaryimage\"},\"image\":{\"@id\":\"https:\\\/\\\/www.gold.fr\\\/news\\\/2018\\\/10\\\/15\\\/minieres-une-fusion-pour-masquer-les-problemes\\\/#primaryimage\"},\"thumbnailUrl\":\"https:\\\/\\\/www.gold.fr\\\/news\\\/wp-content\\\/uploads\\\/2018\\\/10\\\/pepites_or.jpg\",\"datePublished\":\"2018-10-15T12:49:43+00:00\",\"dateModified\":\"2021-01-11T13:59:22+00:00\",\"author\":{\"@id\":\"https:\\\/\\\/www.gold.fr\\\/news\\\/#\\\/schema\\\/person\\\/7bc2aa35a3ca537d66aa518f3e6babc5\"},\"description\":\"Mini\u00e8res : une fusion pour masquer les probl\u00e8mes ? Retrouvez plus d'informations et le cours de l'or, de l'argent et d'autres m\u00e9taux pr\u00e9cieux en direct sur Gold.fr.\",\"breadcrumb\":{\"@id\":\"https:\\\/\\\/www.gold.fr\\\/news\\\/2018\\\/10\\\/15\\\/minieres-une-fusion-pour-masquer-les-problemes\\\/#breadcrumb\"},\"inLanguage\":\"fr-FR\",\"potentialAction\":[{\"@type\":\"ReadAction\",\"target\":[\"https:\\\/\\\/www.gold.fr\\\/news\\\/2018\\\/10\\\/15\\\/minieres-une-fusion-pour-masquer-les-problemes\\\/\"]}]},{\"@type\":\"ImageObject\",\"inLanguage\":\"fr-FR\",\"@id\":\"https:\\\/\\\/www.gold.fr\\\/news\\\/2018\\\/10\\\/15\\\/minieres-une-fusion-pour-masquer-les-problemes\\\/#primaryimage\",\"url\":\"https:\\\/\\\/www.gold.fr\\\/news\\\/wp-content\\\/uploads\\\/2018\\\/10\\\/pepites_or.jpg\",\"contentUrl\":\"https:\\\/\\\/www.gold.fr\\\/news\\\/wp-content\\\/uploads\\\/2018\\\/10\\\/pepites_or.jpg\",\"width\":1505,\"height\":697,\"caption\":\"Mini\u00e8res\u00a0: une fusion pour masquer les probl\u00e8mes\u00a0?\"},{\"@type\":\"BreadcrumbList\",\"@id\":\"https:\\\/\\\/www.gold.fr\\\/news\\\/2018\\\/10\\\/15\\\/minieres-une-fusion-pour-masquer-les-problemes\\\/#breadcrumb\",\"itemListElement\":[{\"@type\":\"ListItem\",\"position\":1,\"name\":\"Accueil\",\"item\":\"https:\\\/\\\/www.gold.fr\\\/\"},{\"@type\":\"ListItem\",\"position\":2,\"name\":\"Actualit\u00e9s\",\"item\":\"https:\\\/\\\/www.gold.fr\\\/news\\\/\"},{\"@type\":\"ListItem\",\"position\":3,\"name\":\"Mini\u00e8res\u00a0: une fusion pour masquer les probl\u00e8mes\u00a0?\"}]},{\"@type\":\"WebSite\",\"@id\":\"https:\\\/\\\/www.gold.fr\\\/news\\\/#website\",\"url\":\"https:\\\/\\\/www.gold.fr\\\/news\\\/\",\"name\":\"Gold.fr\",\"description\":\"Actualit\u00e9s de l&#039;Or et des m\u00e9taux pr\u00e9cieux\",\"potentialAction\":[{\"@type\":\"SearchAction\",\"target\":{\"@type\":\"EntryPoint\",\"urlTemplate\":\"https:\\\/\\\/www.gold.fr\\\/news\\\/?s={search_term_string}\"},\"query-input\":{\"@type\":\"PropertyValueSpecification\",\"valueRequired\":true,\"valueName\":\"search_term_string\"}}],\"inLanguage\":\"fr-FR\"},{\"@type\":\"Person\",\"@id\":\"https:\\\/\\\/www.gold.fr\\\/news\\\/#\\\/schema\\\/person\\\/7bc2aa35a3ca537d66aa518f3e6babc5\",\"name\":\"Nicolas Compard\",\"image\":{\"@type\":\"ImageObject\",\"inLanguage\":\"fr-FR\",\"@id\":\"https:\\\/\\\/secure.gravatar.com\\\/avatar\\\/b0b0f766f7445908ed9762f223d7c50c50d563bd2182972bcd07379667630a81?s=96&d=mm&r=g28902ed1f885fd292871a4e83767be95\",\"url\":\"https:\\\/\\\/secure.gravatar.com\\\/avatar\\\/b0b0f766f7445908ed9762f223d7c50c50d563bd2182972bcd07379667630a81?s=96&d=mm&r=g\",\"contentUrl\":\"https:\\\/\\\/secure.gravatar.com\\\/avatar\\\/b0b0f766f7445908ed9762f223d7c50c50d563bd2182972bcd07379667630a81?s=96&d=mm&r=g\",\"caption\":\"Nicolas Compard\"},\"description\":\"Nicolas Compard, (Chartered Financial Analyst) Au cours de sa carri\u00e8re, Nicolas a occup\u00e9 plusieurs fonctions cl\u00e9s aux sein d\u2019investisseurs institutionnels, notamment \u00e0 la Caisse de pension du CERN. Analyste, g\u00e9rant des risques et g\u00e9rant de portefeuille, il a notamment eu la responsabilit\u00e9 pendant 4 ans d\u2019un portefeuille de mati\u00e8res premi\u00e8res de plusieurs dizaines de millions d\u2019euros. Passionn\u00e9 d\u2019\u00e9conomie et de finance, il poursuit aujourd\u2019hui son travail d\u2019analyse de mani\u00e8re ind\u00e9pendante. Dipl\u00f4m\u00e9 de l\u2019Edhec, Nicolas est aussi d\u00e9tenteur du certificat de Chartered Financial Analyst\u00ae d\u00e9livr\u00e9e par le CFA Institute.\"}]}<\/script>\n<!-- \/ Yoast SEO plugin. -->","yoast_head_json":{"title":"Mini\u00e8res\u00a0: une fusion pour masquer les probl\u00e8mes\u00a0? - Gold.fr","description":"Mini\u00e8res : une fusion pour masquer les probl\u00e8mes ? Retrouvez plus d'informations et le cours de l'or, de l'argent et d'autres m\u00e9taux pr\u00e9cieux en direct sur Gold.fr.","robots":{"index":"index","follow":"follow","max-snippet":"max-snippet:-1","max-image-preview":"max-image-preview:large","max-video-preview":"max-video-preview:-1"},"canonical":"https:\/\/www.gold.fr\/news\/2018\/10\/15\/minieres-une-fusion-pour-masquer-les-problemes\/","og_locale":"fr_FR","og_type":"article","og_title":"Mini\u00e8res\u00a0: une fusion pour masquer les probl\u00e8mes\u00a0? - Gold.fr","og_description":"Mini\u00e8res : une fusion pour masquer les probl\u00e8mes ? Retrouvez plus d'informations et le cours de l'or, de l'argent et d'autres m\u00e9taux pr\u00e9cieux en direct sur Gold.fr.","og_url":"https:\/\/www.gold.fr\/news\/2018\/10\/15\/minieres-une-fusion-pour-masquer-les-problemes\/","og_site_name":"Gold.fr","article_publisher":"https:\/\/www.facebook.com\/Goldfr\/","article_published_time":"2018-10-15T12:49:43+00:00","article_modified_time":"2021-01-11T13:59:22+00:00","og_image":[{"width":1505,"height":697,"url":"https:\/\/www.gold.fr\/news\/wp-content\/uploads\/2018\/10\/pepites_or.jpg","type":"image\/jpeg"}],"author":"Nicolas Compard","twitter_card":"summary_large_image","twitter_misc":{"\u00c9crit par":"Nicolas Compard","Dur\u00e9e de lecture estim\u00e9e":"1 minute"},"schema":{"@context":"https:\/\/schema.org","@graph":[{"@type":"Article","@id":"https:\/\/www.gold.fr\/news\/2018\/10\/15\/minieres-une-fusion-pour-masquer-les-problemes\/#article","isPartOf":{"@id":"https:\/\/www.gold.fr\/news\/2018\/10\/15\/minieres-une-fusion-pour-masquer-les-problemes\/"},"author":{"name":"Nicolas Compard","@id":"https:\/\/www.gold.fr\/news\/#\/schema\/person\/7bc2aa35a3ca537d66aa518f3e6babc5"},"headline":"Mini\u00e8res\u00a0: une fusion pour masquer les probl\u00e8mes\u00a0?","datePublished":"2018-10-15T12:49:43+00:00","dateModified":"2021-01-11T13:59:22+00:00","mainEntityOfPage":{"@id":"https:\/\/www.gold.fr\/news\/2018\/10\/15\/minieres-une-fusion-pour-masquer-les-problemes\/"},"wordCount":187,"image":{"@id":"https:\/\/www.gold.fr\/news\/2018\/10\/15\/minieres-une-fusion-pour-masquer-les-problemes\/#primaryimage"},"thumbnailUrl":"https:\/\/www.gold.fr\/news\/wp-content\/uploads\/2018\/10\/pepites_or.jpg","keywords":["mine d'or"],"articleSection":["Flash infos"],"inLanguage":"fr-FR"},{"@type":"WebPage","@id":"https:\/\/www.gold.fr\/news\/2018\/10\/15\/minieres-une-fusion-pour-masquer-les-problemes\/","url":"https:\/\/www.gold.fr\/news\/2018\/10\/15\/minieres-une-fusion-pour-masquer-les-problemes\/","name":"Mini\u00e8res\u00a0: une fusion pour masquer les probl\u00e8mes\u00a0? - Gold.fr","isPartOf":{"@id":"https:\/\/www.gold.fr\/news\/#website"},"primaryImageOfPage":{"@id":"https:\/\/www.gold.fr\/news\/2018\/10\/15\/minieres-une-fusion-pour-masquer-les-problemes\/#primaryimage"},"image":{"@id":"https:\/\/www.gold.fr\/news\/2018\/10\/15\/minieres-une-fusion-pour-masquer-les-problemes\/#primaryimage"},"thumbnailUrl":"https:\/\/www.gold.fr\/news\/wp-content\/uploads\/2018\/10\/pepites_or.jpg","datePublished":"2018-10-15T12:49:43+00:00","dateModified":"2021-01-11T13:59:22+00:00","author":{"@id":"https:\/\/www.gold.fr\/news\/#\/schema\/person\/7bc2aa35a3ca537d66aa518f3e6babc5"},"description":"Mini\u00e8res : une fusion pour masquer les probl\u00e8mes ? Retrouvez plus d'informations et le cours de l'or, de l'argent et d'autres m\u00e9taux pr\u00e9cieux en direct sur Gold.fr.","breadcrumb":{"@id":"https:\/\/www.gold.fr\/news\/2018\/10\/15\/minieres-une-fusion-pour-masquer-les-problemes\/#breadcrumb"},"inLanguage":"fr-FR","potentialAction":[{"@type":"ReadAction","target":["https:\/\/www.gold.fr\/news\/2018\/10\/15\/minieres-une-fusion-pour-masquer-les-problemes\/"]}]},{"@type":"ImageObject","inLanguage":"fr-FR","@id":"https:\/\/www.gold.fr\/news\/2018\/10\/15\/minieres-une-fusion-pour-masquer-les-problemes\/#primaryimage","url":"https:\/\/www.gold.fr\/news\/wp-content\/uploads\/2018\/10\/pepites_or.jpg","contentUrl":"https:\/\/www.gold.fr\/news\/wp-content\/uploads\/2018\/10\/pepites_or.jpg","width":1505,"height":697,"caption":"Mini\u00e8res\u00a0: une fusion pour masquer les probl\u00e8mes\u00a0?"},{"@type":"BreadcrumbList","@id":"https:\/\/www.gold.fr\/news\/2018\/10\/15\/minieres-une-fusion-pour-masquer-les-problemes\/#breadcrumb","itemListElement":[{"@type":"ListItem","position":1,"name":"Accueil","item":"https:\/\/www.gold.fr\/"},{"@type":"ListItem","position":2,"name":"Actualit\u00e9s","item":"https:\/\/www.gold.fr\/news\/"},{"@type":"ListItem","position":3,"name":"Mini\u00e8res\u00a0: une fusion pour masquer les probl\u00e8mes\u00a0?"}]},{"@type":"WebSite","@id":"https:\/\/www.gold.fr\/news\/#website","url":"https:\/\/www.gold.fr\/news\/","name":"Gold.fr","description":"Actualit\u00e9s de l&#039;Or et des m\u00e9taux pr\u00e9cieux","potentialAction":[{"@type":"SearchAction","target":{"@type":"EntryPoint","urlTemplate":"https:\/\/www.gold.fr\/news\/?s={search_term_string}"},"query-input":{"@type":"PropertyValueSpecification","valueRequired":true,"valueName":"search_term_string"}}],"inLanguage":"fr-FR"},{"@type":"Person","@id":"https:\/\/www.gold.fr\/news\/#\/schema\/person\/7bc2aa35a3ca537d66aa518f3e6babc5","name":"Nicolas Compard","image":{"@type":"ImageObject","inLanguage":"fr-FR","@id":"https:\/\/secure.gravatar.com\/avatar\/b0b0f766f7445908ed9762f223d7c50c50d563bd2182972bcd07379667630a81?s=96&d=mm&r=g28902ed1f885fd292871a4e83767be95","url":"https:\/\/secure.gravatar.com\/avatar\/b0b0f766f7445908ed9762f223d7c50c50d563bd2182972bcd07379667630a81?s=96&d=mm&r=g","contentUrl":"https:\/\/secure.gravatar.com\/avatar\/b0b0f766f7445908ed9762f223d7c50c50d563bd2182972bcd07379667630a81?s=96&d=mm&r=g","caption":"Nicolas Compard"},"description":"Nicolas Compard, (Chartered Financial Analyst) Au cours de sa carri\u00e8re, Nicolas a occup\u00e9 plusieurs fonctions cl\u00e9s aux sein d\u2019investisseurs institutionnels, notamment \u00e0 la Caisse de pension du CERN. Analyste, g\u00e9rant des risques et g\u00e9rant de portefeuille, il a notamment eu la responsabilit\u00e9 pendant 4 ans d\u2019un portefeuille de mati\u00e8res premi\u00e8res de plusieurs dizaines de millions d\u2019euros. Passionn\u00e9 d\u2019\u00e9conomie et de finance, il poursuit aujourd\u2019hui son travail d\u2019analyse de mani\u00e8re ind\u00e9pendante. Dipl\u00f4m\u00e9 de l\u2019Edhec, Nicolas est aussi d\u00e9tenteur du certificat de Chartered Financial Analyst\u00ae d\u00e9livr\u00e9e par le CFA Institute."}]}},"authors":[{"term_id":2564,"user_id":22,"is_guest":0,"slug":"nicolas-c","display_name":"Nicolas Compard","avatar_url":"https:\/\/secure.gravatar.com\/avatar\/b0b0f766f7445908ed9762f223d7c50c50d563bd2182972bcd07379667630a81?s=96&d=mm&r=g","0":null,"1":"","2":"","3":"","4":"","5":"","6":"","7":"","8":""}],"_links":{"self":[{"href":"https:\/\/www.gold.fr\/news\/wp-json\/wp\/v2\/posts\/34423","targetHints":{"allow":["GET"]}}],"collection":[{"href":"https:\/\/www.gold.fr\/news\/wp-json\/wp\/v2\/posts"}],"about":[{"href":"https:\/\/www.gold.fr\/news\/wp-json\/wp\/v2\/types\/post"}],"author":[{"embeddable":true,"href":"https:\/\/www.gold.fr\/news\/wp-json\/wp\/v2\/users\/22"}],"replies":[{"embeddable":true,"href":"https:\/\/www.gold.fr\/news\/wp-json\/wp\/v2\/comments?post=34423"}],"version-history":[{"count":0,"href":"https:\/\/www.gold.fr\/news\/wp-json\/wp\/v2\/posts\/34423\/revisions"}],"wp:featuredmedia":[{"embeddable":true,"href":"https:\/\/www.gold.fr\/news\/wp-json\/wp\/v2\/media\/34425"}],"wp:attachment":[{"href":"https:\/\/www.gold.fr\/news\/wp-json\/wp\/v2\/media?parent=34423"}],"wp:term":[{"taxonomy":"category","embeddable":true,"href":"https:\/\/www.gold.fr\/news\/wp-json\/wp\/v2\/categories?post=34423"},{"taxonomy":"post_tag","embeddable":true,"href":"https:\/\/www.gold.fr\/news\/wp-json\/wp\/v2\/tags?post=34423"},{"taxonomy":"author","embeddable":true,"href":"https:\/\/www.gold.fr\/news\/wp-json\/wp\/v2\/ppma_author?post=34423"}],"curies":[{"name":"wp","href":"https:\/\/api.w.org\/{rel}","templated":true}]}}