{"id":34127,"date":"2018-08-16T13:00:33","date_gmt":"2018-08-16T11:00:33","guid":{"rendered":"https:\/\/www.gold.fr\/news\/?p=34127"},"modified":"2021-01-11T15:21:06","modified_gmt":"2021-01-11T14:21:06","slug":"cours-de-lor-du-jeudi-16-aout-2018","status":"publish","type":"post","link":"https:\/\/www.gold.fr\/news\/2018\/08\/16\/cours-de-lor-du-jeudi-16-aout-2018\/","title":{"rendered":"Cours de l\u2019or du jeudi 16 ao\u00fbt 2018"},"content":{"rendered":"<p><img loading=\"lazy\" decoding=\"async\" class=\"alignleft size-thumbnail wp-image-31666\" src=\"https:\/\/www.gold.fr\/news\/wp-content\/uploads\/2016\/02\/cours-de-lor-e1331573115358-1-1-150x150.jpg\" alt=\"Hausse de l\u2019or : L\u2019once port\u00e9e par le facteur \u2018risque\u2019\" width=\"150\" height=\"150\" \/>La tendance a \u00e9t\u00e9 relativement \u00e0 la baisse au niveau des march\u00e9s financiers europ\u00e9ens lors de la s\u00e9ance d\u2019hier. Ainsi, <strong>le DAX<\/strong> de Francfort accuse un recul de l\u2019ordre de <strong>1,1 %<\/strong>, de m\u00eame pour <strong>le FTSE<\/strong> de Londres et <strong>le CAC 40<\/strong> de Paris.    Ce mouvement baissier trouve son origine dans les r\u00e9centes tensions g\u00e9opolitiques qui continuent de peser lourdement sur la croissance des indicateurs boursiers de telle sorte qu\u2019elles font passer en second plan les donn\u00e9es statistiques du jour.    Par ailleurs, <strong>la Turquie<\/strong> a d\u00e9cid\u00e9 de doubler ses droits de douanes sur certains produits import\u00e9s des <strong>Etats-Unis<\/strong> en repr\u00e9sailles aux taxes am\u00e9ricaines annonc\u00e9es en d\u00e9but de semaine.    Du c\u00f4t\u00e9 des publications, les prix \u00e0 la consommation au <strong>Royaume Uni<\/strong> affichent une variation positive de <strong>2,5%<\/strong> pour le mois de juillet, soit une hausse de 0,1 point par rapport \u00e0 juin. Ceci dit, les analystes financiers doutent que cette progression soit durable \u00e9tant donn\u00e9 que cet indicateur reste li\u00e9 au prix de l\u2019\u00e9nergie et que l\u2019inflation devrait conna\u00eetre une baisse graduelle dans l\u2019avenir.    Dans ce contexte, le m\u00e9tal jaune reste dans le rouge et affiche en ce <strong>jeudi 16 ao\u00fbt 2018<\/strong> une variation n\u00e9gative de <strong>1,42 %<\/strong> ainsi qu\u2019un <a href=\"https:\/\/www.gold.fr\/cours-or-prix-de-l-or\/\" target=\"_blank\" rel=\"noopener noreferrer\">cours<\/a> d\u2019ouverture de <strong>1.187,80 dollars<\/strong> <a href=\"https:\/\/www.gold.fr\/once-or-nyc\/\" target=\"_blank\" rel=\"noopener noreferrer\">l\u2019once<\/a>.<\/p>\n<!-- AddThis Advanced Settings generic via filter on the_content --><!-- AddThis Share Buttons generic via filter on the_content -->","protected":false},"excerpt":{"rendered":"<p>La tendance a \u00e9t\u00e9 relativement \u00e0 la baisse au niveau des march\u00e9s financiers europ\u00e9ens lors de la s\u00e9ance d\u2019hier. Ainsi, le DAX de Francfort accuse un recul de l\u2019ordre de 1,1 %, de m\u00eame pour le [&hellip;]<\/p>\n","protected":false},"author":18,"featured_media":31666,"comment_status":"closed","ping_status":"closed","sticky":false,"template":"","format":"standard","meta":{"_mbp_gutenberg_autopost":false,"_pgmb_is_evergreen":false,"_pgmb_ap_template_id":0,"footnotes":""},"categories":[5],"tags":[84],"ppma_author":[2565],"class_list":["post-34127","post","type-post","status-publish","format-standard","has-post-thumbnail","hentry","category-flash-infos","tag-cours-de-lor"],"yoast_head":"<!-- This site is optimized with the Yoast SEO plugin v27.5 - https:\/\/yoast.com\/product\/yoast-seo-wordpress\/ -->\n<title>Cours de l\u2019or du jeudi 16 ao\u00fbt 2018 - Gold.fr<\/title>\n<meta name=\"description\" content=\"Cours de l\u2019or du jeudi 16 ao\u00fbt 2018. Suivez le cours de l&#039;or, de l&#039;argent et d&#039;autres m\u00e9taux pr\u00e9cieux en temps r\u00e9el sur Gold.fr, le site d&#039;actualit\u00e9 du Comptoir National de l&#039;Or.\" \/>\n<meta name=\"robots\" content=\"index, follow, max-snippet:-1, max-image-preview:large, max-video-preview:-1\" \/>\n<link rel=\"canonical\" href=\"https:\/\/www.gold.fr\/news\/2018\/08\/16\/cours-de-lor-du-jeudi-16-aout-2018\/\" \/>\n<meta property=\"og:locale\" content=\"fr_FR\" \/>\n<meta property=\"og:type\" content=\"article\" \/>\n<meta property=\"og:title\" content=\"Cours de l\u2019or du jeudi 16 ao\u00fbt 2018 - Gold.fr\" \/>\n<meta property=\"og:description\" content=\"Cours de l\u2019or du jeudi 16 ao\u00fbt 2018. Suivez le cours de l&#039;or, de l&#039;argent et d&#039;autres m\u00e9taux pr\u00e9cieux en temps r\u00e9el sur Gold.fr, le site d&#039;actualit\u00e9 du Comptoir National de l&#039;Or.\" \/>\n<meta property=\"og:url\" content=\"https:\/\/www.gold.fr\/news\/2018\/08\/16\/cours-de-lor-du-jeudi-16-aout-2018\/\" \/>\n<meta property=\"og:site_name\" content=\"Gold.fr\" \/>\n<meta property=\"article:publisher\" content=\"https:\/\/www.facebook.com\/Goldfr\/\" \/>\n<meta property=\"article:published_time\" content=\"2018-08-16T11:00:33+00:00\" \/>\n<meta property=\"article:modified_time\" content=\"2021-01-11T14:21:06+00:00\" \/>\n<meta property=\"og:image\" content=\"https:\/\/www.gold.fr\/news\/wp-content\/uploads\/2016\/02\/cours-de-lor-e1331573115358-1-1.jpg\" \/>\n\t<meta property=\"og:image:width\" content=\"600\" \/>\n\t<meta property=\"og:image:height\" content=\"394\" \/>\n\t<meta property=\"og:image:type\" content=\"image\/jpeg\" \/>\n<meta name=\"author\" content=\"Comptoir National de l&#039;Or\" \/>\n<meta name=\"twitter:card\" content=\"summary_large_image\" \/>\n<meta name=\"twitter:label1\" content=\"\u00c9crit par\" \/>\n\t<meta name=\"twitter:data1\" content=\"Comptoir National de l&#039;Or\" \/>\n\t<meta name=\"twitter:label2\" content=\"Dur\u00e9e de lecture estim\u00e9e\" \/>\n\t<meta name=\"twitter:data2\" content=\"1 minute\" \/>\n<script type=\"application\/ld+json\" class=\"yoast-schema-graph\">{\"@context\":\"https:\\\/\\\/schema.org\",\"@graph\":[{\"@type\":\"Article\",\"@id\":\"https:\\\/\\\/www.gold.fr\\\/news\\\/2018\\\/08\\\/16\\\/cours-de-lor-du-jeudi-16-aout-2018\\\/#article\",\"isPartOf\":{\"@id\":\"https:\\\/\\\/www.gold.fr\\\/news\\\/2018\\\/08\\\/16\\\/cours-de-lor-du-jeudi-16-aout-2018\\\/\"},\"author\":{\"name\":\"Comptoir National de l'Or\",\"@id\":\"https:\\\/\\\/www.gold.fr\\\/news\\\/#\\\/schema\\\/person\\\/070491b4b4fb7671bf59b3be20302ce9\"},\"headline\":\"Cours de l\u2019or du jeudi 16 ao\u00fbt 2018\",\"datePublished\":\"2018-08-16T11:00:33+00:00\",\"dateModified\":\"2021-01-11T14:21:06+00:00\",\"mainEntityOfPage\":{\"@id\":\"https:\\\/\\\/www.gold.fr\\\/news\\\/2018\\\/08\\\/16\\\/cours-de-lor-du-jeudi-16-aout-2018\\\/\"},\"wordCount\":228,\"image\":{\"@id\":\"https:\\\/\\\/www.gold.fr\\\/news\\\/2018\\\/08\\\/16\\\/cours-de-lor-du-jeudi-16-aout-2018\\\/#primaryimage\"},\"thumbnailUrl\":\"https:\\\/\\\/www.gold.fr\\\/news\\\/wp-content\\\/uploads\\\/2016\\\/02\\\/cours-de-lor-e1331573115358-1-1.jpg\",\"keywords\":[\"Tout Cours de l'Or\"],\"articleSection\":[\"Flash infos\"],\"inLanguage\":\"fr-FR\"},{\"@type\":\"WebPage\",\"@id\":\"https:\\\/\\\/www.gold.fr\\\/news\\\/2018\\\/08\\\/16\\\/cours-de-lor-du-jeudi-16-aout-2018\\\/\",\"url\":\"https:\\\/\\\/www.gold.fr\\\/news\\\/2018\\\/08\\\/16\\\/cours-de-lor-du-jeudi-16-aout-2018\\\/\",\"name\":\"Cours de l\u2019or du jeudi 16 ao\u00fbt 2018 - Gold.fr\",\"isPartOf\":{\"@id\":\"https:\\\/\\\/www.gold.fr\\\/news\\\/#website\"},\"primaryImageOfPage\":{\"@id\":\"https:\\\/\\\/www.gold.fr\\\/news\\\/2018\\\/08\\\/16\\\/cours-de-lor-du-jeudi-16-aout-2018\\\/#primaryimage\"},\"image\":{\"@id\":\"https:\\\/\\\/www.gold.fr\\\/news\\\/2018\\\/08\\\/16\\\/cours-de-lor-du-jeudi-16-aout-2018\\\/#primaryimage\"},\"thumbnailUrl\":\"https:\\\/\\\/www.gold.fr\\\/news\\\/wp-content\\\/uploads\\\/2016\\\/02\\\/cours-de-lor-e1331573115358-1-1.jpg\",\"datePublished\":\"2018-08-16T11:00:33+00:00\",\"dateModified\":\"2021-01-11T14:21:06+00:00\",\"author\":{\"@id\":\"https:\\\/\\\/www.gold.fr\\\/news\\\/#\\\/schema\\\/person\\\/070491b4b4fb7671bf59b3be20302ce9\"},\"description\":\"Cours de l\u2019or du jeudi 16 ao\u00fbt 2018. Suivez le cours de l'or, de l'argent et d'autres m\u00e9taux pr\u00e9cieux en temps r\u00e9el sur Gold.fr, le site d'actualit\u00e9 du Comptoir National de l'Or.\",\"breadcrumb\":{\"@id\":\"https:\\\/\\\/www.gold.fr\\\/news\\\/2018\\\/08\\\/16\\\/cours-de-lor-du-jeudi-16-aout-2018\\\/#breadcrumb\"},\"inLanguage\":\"fr-FR\",\"potentialAction\":[{\"@type\":\"ReadAction\",\"target\":[\"https:\\\/\\\/www.gold.fr\\\/news\\\/2018\\\/08\\\/16\\\/cours-de-lor-du-jeudi-16-aout-2018\\\/\"]}]},{\"@type\":\"ImageObject\",\"inLanguage\":\"fr-FR\",\"@id\":\"https:\\\/\\\/www.gold.fr\\\/news\\\/2018\\\/08\\\/16\\\/cours-de-lor-du-jeudi-16-aout-2018\\\/#primaryimage\",\"url\":\"https:\\\/\\\/www.gold.fr\\\/news\\\/wp-content\\\/uploads\\\/2016\\\/02\\\/cours-de-lor-e1331573115358-1-1.jpg\",\"contentUrl\":\"https:\\\/\\\/www.gold.fr\\\/news\\\/wp-content\\\/uploads\\\/2016\\\/02\\\/cours-de-lor-e1331573115358-1-1.jpg\",\"width\":600,\"height\":394,\"caption\":\"Hausse de l\u2019or : L\u2019once port\u00e9e par le facteur \u2018risque\u2019\"},{\"@type\":\"BreadcrumbList\",\"@id\":\"https:\\\/\\\/www.gold.fr\\\/news\\\/2018\\\/08\\\/16\\\/cours-de-lor-du-jeudi-16-aout-2018\\\/#breadcrumb\",\"itemListElement\":[{\"@type\":\"ListItem\",\"position\":1,\"name\":\"Accueil\",\"item\":\"https:\\\/\\\/www.gold.fr\\\/\"},{\"@type\":\"ListItem\",\"position\":2,\"name\":\"Actualit\u00e9s\",\"item\":\"https:\\\/\\\/www.gold.fr\\\/news\\\/\"},{\"@type\":\"ListItem\",\"position\":3,\"name\":\"Cours de l\u2019or du jeudi 16 ao\u00fbt 2018\"}]},{\"@type\":\"WebSite\",\"@id\":\"https:\\\/\\\/www.gold.fr\\\/news\\\/#website\",\"url\":\"https:\\\/\\\/www.gold.fr\\\/news\\\/\",\"name\":\"Gold.fr\",\"description\":\"Actualit\u00e9s de l&#039;Or et des m\u00e9taux pr\u00e9cieux\",\"potentialAction\":[{\"@type\":\"SearchAction\",\"target\":{\"@type\":\"EntryPoint\",\"urlTemplate\":\"https:\\\/\\\/www.gold.fr\\\/news\\\/?s={search_term_string}\"},\"query-input\":{\"@type\":\"PropertyValueSpecification\",\"valueRequired\":true,\"valueName\":\"search_term_string\"}}],\"inLanguage\":\"fr-FR\"},{\"@type\":\"Person\",\"@id\":\"https:\\\/\\\/www.gold.fr\\\/news\\\/#\\\/schema\\\/person\\\/070491b4b4fb7671bf59b3be20302ce9\",\"name\":\"Comptoir National de l'Or\",\"image\":{\"@type\":\"ImageObject\",\"inLanguage\":\"fr-FR\",\"@id\":\"https:\\\/\\\/secure.gravatar.com\\\/avatar\\\/0a2867fd5abe37bed95d5a65e9d58f01756e11efc68af9888dfc50cfa7f65948?s=96&d=mm&r=gb490554db0a38188709de567aa58480d\",\"url\":\"https:\\\/\\\/secure.gravatar.com\\\/avatar\\\/0a2867fd5abe37bed95d5a65e9d58f01756e11efc68af9888dfc50cfa7f65948?s=96&d=mm&r=g\",\"contentUrl\":\"https:\\\/\\\/secure.gravatar.com\\\/avatar\\\/0a2867fd5abe37bed95d5a65e9d58f01756e11efc68af9888dfc50cfa7f65948?s=96&d=mm&r=g\",\"caption\":\"Comptoir National de l'Or\"},\"description\":\"Notre r\u00e9daction est constitu\u00e9e de membres experts dans les m\u00e9tiers de l'\u00e9conomie et la gestion, des Responsables d'agence Comptoir National de l'Or, des analystes financiers qui publient r\u00e9guli\u00e8rement des \u00e9tudes sur les politiques des banques centrales, le cours de l'or, prix de l'or, cours de l'argent, prix de l'argent, cours du platine, cours du palladium,... la situation en zone euro et l'impact de la strat\u00e9gie mon\u00e9taire de la FED. Notre \u00e9quipe scrute \u00e9galement une information plus g\u00e9n\u00e9raliste \u00e0 la recherche d'actualit\u00e9 \\\"p\u00e9pite\\\" \u00e0 vous partager. Depuis 5 ans, nous avons publi\u00e9 un peu plus de 4000 articles qui s'adressent \u00e0 un public large et vari\u00e9 ayant pour objectif de satisfaire votre curiosit\u00e9 et de partager avec vous une certaine fascination pour le m\u00e9tal jaune, le rachat d'or, et pour ceux qui veulent investir dans l'or, vendre leur or tout simplement en savoir plus... Pour tous vos achat or et argent, n'h\u00e9sitez pas \u00e0 prendre rendez-vous dans l'un de nos nombreux comptoirs.\",\"sameAs\":[\"https:\\\/\\\/www.gold.fr\"]}]}<\/script>\n<!-- \/ Yoast SEO plugin. -->","yoast_head_json":{"title":"Cours de l\u2019or du jeudi 16 ao\u00fbt 2018 - Gold.fr","description":"Cours de l\u2019or du jeudi 16 ao\u00fbt 2018. Suivez le cours de l'or, de l'argent et d'autres m\u00e9taux pr\u00e9cieux en temps r\u00e9el sur Gold.fr, le site d'actualit\u00e9 du Comptoir National de l'Or.","robots":{"index":"index","follow":"follow","max-snippet":"max-snippet:-1","max-image-preview":"max-image-preview:large","max-video-preview":"max-video-preview:-1"},"canonical":"https:\/\/www.gold.fr\/news\/2018\/08\/16\/cours-de-lor-du-jeudi-16-aout-2018\/","og_locale":"fr_FR","og_type":"article","og_title":"Cours de l\u2019or du jeudi 16 ao\u00fbt 2018 - Gold.fr","og_description":"Cours de l\u2019or du jeudi 16 ao\u00fbt 2018. Suivez le cours de l'or, de l'argent et d'autres m\u00e9taux pr\u00e9cieux en temps r\u00e9el sur Gold.fr, le site d'actualit\u00e9 du Comptoir National de l'Or.","og_url":"https:\/\/www.gold.fr\/news\/2018\/08\/16\/cours-de-lor-du-jeudi-16-aout-2018\/","og_site_name":"Gold.fr","article_publisher":"https:\/\/www.facebook.com\/Goldfr\/","article_published_time":"2018-08-16T11:00:33+00:00","article_modified_time":"2021-01-11T14:21:06+00:00","og_image":[{"width":600,"height":394,"url":"https:\/\/www.gold.fr\/news\/wp-content\/uploads\/2016\/02\/cours-de-lor-e1331573115358-1-1.jpg","type":"image\/jpeg"}],"author":"Comptoir National de l'Or","twitter_card":"summary_large_image","twitter_misc":{"\u00c9crit par":"Comptoir National de l'Or","Dur\u00e9e de lecture estim\u00e9e":"1 minute"},"schema":{"@context":"https:\/\/schema.org","@graph":[{"@type":"Article","@id":"https:\/\/www.gold.fr\/news\/2018\/08\/16\/cours-de-lor-du-jeudi-16-aout-2018\/#article","isPartOf":{"@id":"https:\/\/www.gold.fr\/news\/2018\/08\/16\/cours-de-lor-du-jeudi-16-aout-2018\/"},"author":{"name":"Comptoir National de l'Or","@id":"https:\/\/www.gold.fr\/news\/#\/schema\/person\/070491b4b4fb7671bf59b3be20302ce9"},"headline":"Cours de l\u2019or du jeudi 16 ao\u00fbt 2018","datePublished":"2018-08-16T11:00:33+00:00","dateModified":"2021-01-11T14:21:06+00:00","mainEntityOfPage":{"@id":"https:\/\/www.gold.fr\/news\/2018\/08\/16\/cours-de-lor-du-jeudi-16-aout-2018\/"},"wordCount":228,"image":{"@id":"https:\/\/www.gold.fr\/news\/2018\/08\/16\/cours-de-lor-du-jeudi-16-aout-2018\/#primaryimage"},"thumbnailUrl":"https:\/\/www.gold.fr\/news\/wp-content\/uploads\/2016\/02\/cours-de-lor-e1331573115358-1-1.jpg","keywords":["Tout Cours de l'Or"],"articleSection":["Flash infos"],"inLanguage":"fr-FR"},{"@type":"WebPage","@id":"https:\/\/www.gold.fr\/news\/2018\/08\/16\/cours-de-lor-du-jeudi-16-aout-2018\/","url":"https:\/\/www.gold.fr\/news\/2018\/08\/16\/cours-de-lor-du-jeudi-16-aout-2018\/","name":"Cours de l\u2019or du jeudi 16 ao\u00fbt 2018 - Gold.fr","isPartOf":{"@id":"https:\/\/www.gold.fr\/news\/#website"},"primaryImageOfPage":{"@id":"https:\/\/www.gold.fr\/news\/2018\/08\/16\/cours-de-lor-du-jeudi-16-aout-2018\/#primaryimage"},"image":{"@id":"https:\/\/www.gold.fr\/news\/2018\/08\/16\/cours-de-lor-du-jeudi-16-aout-2018\/#primaryimage"},"thumbnailUrl":"https:\/\/www.gold.fr\/news\/wp-content\/uploads\/2016\/02\/cours-de-lor-e1331573115358-1-1.jpg","datePublished":"2018-08-16T11:00:33+00:00","dateModified":"2021-01-11T14:21:06+00:00","author":{"@id":"https:\/\/www.gold.fr\/news\/#\/schema\/person\/070491b4b4fb7671bf59b3be20302ce9"},"description":"Cours de l\u2019or du jeudi 16 ao\u00fbt 2018. Suivez le cours de l'or, de l'argent et d'autres m\u00e9taux pr\u00e9cieux en temps r\u00e9el sur Gold.fr, le site d'actualit\u00e9 du Comptoir National de l'Or.","breadcrumb":{"@id":"https:\/\/www.gold.fr\/news\/2018\/08\/16\/cours-de-lor-du-jeudi-16-aout-2018\/#breadcrumb"},"inLanguage":"fr-FR","potentialAction":[{"@type":"ReadAction","target":["https:\/\/www.gold.fr\/news\/2018\/08\/16\/cours-de-lor-du-jeudi-16-aout-2018\/"]}]},{"@type":"ImageObject","inLanguage":"fr-FR","@id":"https:\/\/www.gold.fr\/news\/2018\/08\/16\/cours-de-lor-du-jeudi-16-aout-2018\/#primaryimage","url":"https:\/\/www.gold.fr\/news\/wp-content\/uploads\/2016\/02\/cours-de-lor-e1331573115358-1-1.jpg","contentUrl":"https:\/\/www.gold.fr\/news\/wp-content\/uploads\/2016\/02\/cours-de-lor-e1331573115358-1-1.jpg","width":600,"height":394,"caption":"Hausse de l\u2019or : L\u2019once port\u00e9e par le facteur \u2018risque\u2019"},{"@type":"BreadcrumbList","@id":"https:\/\/www.gold.fr\/news\/2018\/08\/16\/cours-de-lor-du-jeudi-16-aout-2018\/#breadcrumb","itemListElement":[{"@type":"ListItem","position":1,"name":"Accueil","item":"https:\/\/www.gold.fr\/"},{"@type":"ListItem","position":2,"name":"Actualit\u00e9s","item":"https:\/\/www.gold.fr\/news\/"},{"@type":"ListItem","position":3,"name":"Cours de l\u2019or du jeudi 16 ao\u00fbt 2018"}]},{"@type":"WebSite","@id":"https:\/\/www.gold.fr\/news\/#website","url":"https:\/\/www.gold.fr\/news\/","name":"Gold.fr","description":"Actualit\u00e9s de l&#039;Or et des m\u00e9taux pr\u00e9cieux","potentialAction":[{"@type":"SearchAction","target":{"@type":"EntryPoint","urlTemplate":"https:\/\/www.gold.fr\/news\/?s={search_term_string}"},"query-input":{"@type":"PropertyValueSpecification","valueRequired":true,"valueName":"search_term_string"}}],"inLanguage":"fr-FR"},{"@type":"Person","@id":"https:\/\/www.gold.fr\/news\/#\/schema\/person\/070491b4b4fb7671bf59b3be20302ce9","name":"Comptoir National de l'Or","image":{"@type":"ImageObject","inLanguage":"fr-FR","@id":"https:\/\/secure.gravatar.com\/avatar\/0a2867fd5abe37bed95d5a65e9d58f01756e11efc68af9888dfc50cfa7f65948?s=96&d=mm&r=gb490554db0a38188709de567aa58480d","url":"https:\/\/secure.gravatar.com\/avatar\/0a2867fd5abe37bed95d5a65e9d58f01756e11efc68af9888dfc50cfa7f65948?s=96&d=mm&r=g","contentUrl":"https:\/\/secure.gravatar.com\/avatar\/0a2867fd5abe37bed95d5a65e9d58f01756e11efc68af9888dfc50cfa7f65948?s=96&d=mm&r=g","caption":"Comptoir National de l'Or"},"description":"Notre r\u00e9daction est constitu\u00e9e de membres experts dans les m\u00e9tiers de l'\u00e9conomie et la gestion, des Responsables d'agence Comptoir National de l'Or, des analystes financiers qui publient r\u00e9guli\u00e8rement des \u00e9tudes sur les politiques des banques centrales, le cours de l'or, prix de l'or, cours de l'argent, prix de l'argent, cours du platine, cours du palladium,... la situation en zone euro et l'impact de la strat\u00e9gie mon\u00e9taire de la FED. Notre \u00e9quipe scrute \u00e9galement une information plus g\u00e9n\u00e9raliste \u00e0 la recherche d'actualit\u00e9 \"p\u00e9pite\" \u00e0 vous partager. Depuis 5 ans, nous avons publi\u00e9 un peu plus de 4000 articles qui s'adressent \u00e0 un public large et vari\u00e9 ayant pour objectif de satisfaire votre curiosit\u00e9 et de partager avec vous une certaine fascination pour le m\u00e9tal jaune, le rachat d'or, et pour ceux qui veulent investir dans l'or, vendre leur or tout simplement en savoir plus... Pour tous vos achat or et argent, n'h\u00e9sitez pas \u00e0 prendre rendez-vous dans l'un de nos nombreux comptoirs.","sameAs":["https:\/\/www.gold.fr"]}]}},"authors":[{"term_id":2565,"user_id":18,"is_guest":0,"slug":"julie","display_name":"Comptoir National de l'Or","avatar_url":"https:\/\/secure.gravatar.com\/avatar\/713f289e398d35ead876c4a4cc08607f0d6d266058cfc25683fffb6092d0e572?s=96&d=mm&r=g","0":null,"1":"","2":"","3":"","4":"","5":"","6":"","7":"","8":""}],"_links":{"self":[{"href":"https:\/\/www.gold.fr\/news\/wp-json\/wp\/v2\/posts\/34127","targetHints":{"allow":["GET"]}}],"collection":[{"href":"https:\/\/www.gold.fr\/news\/wp-json\/wp\/v2\/posts"}],"about":[{"href":"https:\/\/www.gold.fr\/news\/wp-json\/wp\/v2\/types\/post"}],"author":[{"embeddable":true,"href":"https:\/\/www.gold.fr\/news\/wp-json\/wp\/v2\/users\/18"}],"replies":[{"embeddable":true,"href":"https:\/\/www.gold.fr\/news\/wp-json\/wp\/v2\/comments?post=34127"}],"version-history":[{"count":0,"href":"https:\/\/www.gold.fr\/news\/wp-json\/wp\/v2\/posts\/34127\/revisions"}],"wp:featuredmedia":[{"embeddable":true,"href":"https:\/\/www.gold.fr\/news\/wp-json\/wp\/v2\/media\/31666"}],"wp:attachment":[{"href":"https:\/\/www.gold.fr\/news\/wp-json\/wp\/v2\/media?parent=34127"}],"wp:term":[{"taxonomy":"category","embeddable":true,"href":"https:\/\/www.gold.fr\/news\/wp-json\/wp\/v2\/categories?post=34127"},{"taxonomy":"post_tag","embeddable":true,"href":"https:\/\/www.gold.fr\/news\/wp-json\/wp\/v2\/tags?post=34127"},{"taxonomy":"author","embeddable":true,"href":"https:\/\/www.gold.fr\/news\/wp-json\/wp\/v2\/ppma_author?post=34127"}],"curies":[{"name":"wp","href":"https:\/\/api.w.org\/{rel}","templated":true}]}}