{"id":34029,"date":"2018-07-25T12:44:51","date_gmt":"2018-07-25T10:44:51","guid":{"rendered":"https:\/\/www.gold.fr\/news\/?p=34029"},"modified":"2021-01-11T15:23:00","modified_gmt":"2021-01-11T14:23:00","slug":"cours-de-lor-du-mercredi-25-juillet-2018","status":"publish","type":"post","link":"https:\/\/www.gold.fr\/news\/2018\/07\/25\/cours-de-lor-du-mercredi-25-juillet-2018\/","title":{"rendered":"Cours de l\u2019or du mercredi 25 juillet 2018"},"content":{"rendered":"<p><img loading=\"lazy\" decoding=\"async\" class=\"alignleft size-thumbnail wp-image-33911\" src=\"https:\/\/www.gold.fr\/news\/wp-content\/uploads\/2018\/07\/or_securite-150x150.jpg\" alt=\"O\u00f9 et comment mettre son or \u00e0 l'abri durant les vacances ?\" width=\"150\" height=\"150\" \/>Les march\u00e9s financiers europ\u00e9ens ont retrouv\u00e9 leur tendance haussi\u00e8re lors de la s\u00e9ance d\u2019hier. Ainsi, le DAX de Francfort r\u00e9ussit a r\u00e9aliser une progression de l\u2019ordre de 1,5 % alors que le<strong> CAC 40<\/strong> de Paris avance de 1,1 % et que le <strong>FTSE<\/strong> de Londres gagne 0,8 %. Ce mouvement haussier s\u2019explique essentiellement par la parution en d\u00e9but de s\u00e9ance d\u2019un indicateur \u00e9conomique traduisant un certain essoufflement au niveau de la croissance du secteur priv\u00e9 du continent europ\u00e9en. D\u2019apr\u00e8s les derni\u00e8res statistiques, l\u2019indice PMI IHS Markit sur l\u2019Eurozone accuse un certain repli de l\u2019ordre de 54,9 points pour le mois de juin dernier et affiche une mesure \u00e0 <strong>54,3 points<\/strong> durant le mois actuel. Cette performance signe le deuxi\u00e8me plus faible niveau de l\u2019indicateur depuis le mois de novembre 2016. La derni\u00e8re mesure constat\u00e9e reste \u00e0 peine sup\u00e9rieure au creux de 18 mois enregistr\u00e9 durant le mois de mai dernier. Dans ce contexte, le m\u00e9tal jaune reste dans le vert et affiche en ce mercredi <strong>25 juillet 2018<\/strong> une variation positive de <strong>0,29 %<\/strong> ainsi qu\u2019un cours d\u2019ouverture de <a href=\"https:\/\/www.gold.fr\/cours-or-prix-de-l-or\/\" target=\"_blank\" rel=\"noopener noreferrer\">1.222,00 dollars l\u2019once<\/a>.<\/p>\n<!-- AddThis Advanced Settings generic via filter on the_content --><!-- AddThis Share Buttons generic via filter on the_content -->","protected":false},"excerpt":{"rendered":"<p>Les march\u00e9s financiers europ\u00e9ens ont retrouv\u00e9 leur tendance haussi\u00e8re lors de la s\u00e9ance d\u2019hier. Ainsi, le DAX de Francfort r\u00e9ussit a r\u00e9aliser une progression de l\u2019ordre de 1,5 % alors que le CAC 40 de Paris [&hellip;]<\/p>\n","protected":false},"author":18,"featured_media":33911,"comment_status":"closed","ping_status":"closed","sticky":false,"template":"","format":"standard","meta":{"_mbp_gutenberg_autopost":false,"_pgmb_is_evergreen":false,"_pgmb_ap_template_id":0,"footnotes":""},"categories":[5],"tags":[84],"ppma_author":[2565],"class_list":["post-34029","post","type-post","status-publish","format-standard","has-post-thumbnail","hentry","category-flash-infos","tag-cours-de-lor"],"yoast_head":"<!-- This site is optimized with the Yoast SEO plugin v27.5 - https:\/\/yoast.com\/product\/yoast-seo-wordpress\/ -->\n<title>Cours de l\u2019or du mercredi 25 juillet 2018 - Gold.fr<\/title>\n<meta name=\"description\" content=\"Les march\u00e9s financiers europ\u00e9ens ont retrouv\u00e9 leur tendance haussi\u00e8re lors de la s\u00e9ance d\u2019hier Cours de l\u2019or du mercredi 25 juillet 2018\" \/>\n<meta name=\"robots\" content=\"index, follow, max-snippet:-1, max-image-preview:large, max-video-preview:-1\" \/>\n<link rel=\"canonical\" href=\"https:\/\/www.gold.fr\/news\/2018\/07\/25\/cours-de-lor-du-mercredi-25-juillet-2018\/\" \/>\n<meta property=\"og:locale\" content=\"fr_FR\" \/>\n<meta property=\"og:type\" content=\"article\" \/>\n<meta property=\"og:title\" content=\"Cours de l\u2019or du mercredi 25 juillet 2018 - Gold.fr\" \/>\n<meta property=\"og:description\" content=\"Les march\u00e9s financiers europ\u00e9ens ont retrouv\u00e9 leur tendance haussi\u00e8re lors de la s\u00e9ance d\u2019hier Cours de l\u2019or du mercredi 25 juillet 2018\" \/>\n<meta property=\"og:url\" content=\"https:\/\/www.gold.fr\/news\/2018\/07\/25\/cours-de-lor-du-mercredi-25-juillet-2018\/\" \/>\n<meta property=\"og:site_name\" content=\"Gold.fr\" \/>\n<meta property=\"article:publisher\" content=\"https:\/\/www.facebook.com\/Goldfr\/\" \/>\n<meta property=\"article:published_time\" content=\"2018-07-25T10:44:51+00:00\" \/>\n<meta property=\"article:modified_time\" content=\"2021-01-11T14:23:00+00:00\" \/>\n<meta property=\"og:image\" content=\"https:\/\/www.gold.fr\/news\/wp-content\/uploads\/2018\/07\/or_securite.jpg\" \/>\n\t<meta property=\"og:image:width\" content=\"650\" \/>\n\t<meta property=\"og:image:height\" content=\"300\" \/>\n\t<meta property=\"og:image:type\" content=\"image\/jpeg\" \/>\n<meta name=\"author\" content=\"Comptoir National de l&#039;Or\" \/>\n<meta name=\"twitter:card\" content=\"summary_large_image\" \/>\n<meta name=\"twitter:label1\" content=\"\u00c9crit par\" \/>\n\t<meta name=\"twitter:data1\" content=\"Comptoir National de l&#039;Or\" \/>\n\t<meta name=\"twitter:label2\" content=\"Dur\u00e9e de lecture estim\u00e9e\" \/>\n\t<meta name=\"twitter:data2\" content=\"1 minute\" \/>\n<script type=\"application\/ld+json\" class=\"yoast-schema-graph\">{\"@context\":\"https:\\\/\\\/schema.org\",\"@graph\":[{\"@type\":\"Article\",\"@id\":\"https:\\\/\\\/www.gold.fr\\\/news\\\/2018\\\/07\\\/25\\\/cours-de-lor-du-mercredi-25-juillet-2018\\\/#article\",\"isPartOf\":{\"@id\":\"https:\\\/\\\/www.gold.fr\\\/news\\\/2018\\\/07\\\/25\\\/cours-de-lor-du-mercredi-25-juillet-2018\\\/\"},\"author\":{\"name\":\"Comptoir National de l'Or\",\"@id\":\"https:\\\/\\\/www.gold.fr\\\/news\\\/#\\\/schema\\\/person\\\/070491b4b4fb7671bf59b3be20302ce9\"},\"headline\":\"Cours de l\u2019or du mercredi 25 juillet 2018\",\"datePublished\":\"2018-07-25T10:44:51+00:00\",\"dateModified\":\"2021-01-11T14:23:00+00:00\",\"mainEntityOfPage\":{\"@id\":\"https:\\\/\\\/www.gold.fr\\\/news\\\/2018\\\/07\\\/25\\\/cours-de-lor-du-mercredi-25-juillet-2018\\\/\"},\"wordCount\":200,\"image\":{\"@id\":\"https:\\\/\\\/www.gold.fr\\\/news\\\/2018\\\/07\\\/25\\\/cours-de-lor-du-mercredi-25-juillet-2018\\\/#primaryimage\"},\"thumbnailUrl\":\"https:\\\/\\\/www.gold.fr\\\/news\\\/wp-content\\\/uploads\\\/2018\\\/07\\\/or_securite.jpg\",\"keywords\":[\"Tout Cours de l'Or\"],\"articleSection\":[\"Flash infos\"],\"inLanguage\":\"fr-FR\"},{\"@type\":\"WebPage\",\"@id\":\"https:\\\/\\\/www.gold.fr\\\/news\\\/2018\\\/07\\\/25\\\/cours-de-lor-du-mercredi-25-juillet-2018\\\/\",\"url\":\"https:\\\/\\\/www.gold.fr\\\/news\\\/2018\\\/07\\\/25\\\/cours-de-lor-du-mercredi-25-juillet-2018\\\/\",\"name\":\"Cours de l\u2019or du mercredi 25 juillet 2018 - Gold.fr\",\"isPartOf\":{\"@id\":\"https:\\\/\\\/www.gold.fr\\\/news\\\/#website\"},\"primaryImageOfPage\":{\"@id\":\"https:\\\/\\\/www.gold.fr\\\/news\\\/2018\\\/07\\\/25\\\/cours-de-lor-du-mercredi-25-juillet-2018\\\/#primaryimage\"},\"image\":{\"@id\":\"https:\\\/\\\/www.gold.fr\\\/news\\\/2018\\\/07\\\/25\\\/cours-de-lor-du-mercredi-25-juillet-2018\\\/#primaryimage\"},\"thumbnailUrl\":\"https:\\\/\\\/www.gold.fr\\\/news\\\/wp-content\\\/uploads\\\/2018\\\/07\\\/or_securite.jpg\",\"datePublished\":\"2018-07-25T10:44:51+00:00\",\"dateModified\":\"2021-01-11T14:23:00+00:00\",\"author\":{\"@id\":\"https:\\\/\\\/www.gold.fr\\\/news\\\/#\\\/schema\\\/person\\\/070491b4b4fb7671bf59b3be20302ce9\"},\"description\":\"Les march\u00e9s financiers europ\u00e9ens ont retrouv\u00e9 leur tendance haussi\u00e8re lors de la s\u00e9ance d\u2019hier Cours de l\u2019or du mercredi 25 juillet 2018\",\"breadcrumb\":{\"@id\":\"https:\\\/\\\/www.gold.fr\\\/news\\\/2018\\\/07\\\/25\\\/cours-de-lor-du-mercredi-25-juillet-2018\\\/#breadcrumb\"},\"inLanguage\":\"fr-FR\",\"potentialAction\":[{\"@type\":\"ReadAction\",\"target\":[\"https:\\\/\\\/www.gold.fr\\\/news\\\/2018\\\/07\\\/25\\\/cours-de-lor-du-mercredi-25-juillet-2018\\\/\"]}]},{\"@type\":\"ImageObject\",\"inLanguage\":\"fr-FR\",\"@id\":\"https:\\\/\\\/www.gold.fr\\\/news\\\/2018\\\/07\\\/25\\\/cours-de-lor-du-mercredi-25-juillet-2018\\\/#primaryimage\",\"url\":\"https:\\\/\\\/www.gold.fr\\\/news\\\/wp-content\\\/uploads\\\/2018\\\/07\\\/or_securite.jpg\",\"contentUrl\":\"https:\\\/\\\/www.gold.fr\\\/news\\\/wp-content\\\/uploads\\\/2018\\\/07\\\/or_securite.jpg\",\"width\":650,\"height\":300,\"caption\":\"O\u00f9 et comment mettre son or \u00e0 l'abri durant les vacances ?\"},{\"@type\":\"BreadcrumbList\",\"@id\":\"https:\\\/\\\/www.gold.fr\\\/news\\\/2018\\\/07\\\/25\\\/cours-de-lor-du-mercredi-25-juillet-2018\\\/#breadcrumb\",\"itemListElement\":[{\"@type\":\"ListItem\",\"position\":1,\"name\":\"Accueil\",\"item\":\"https:\\\/\\\/www.gold.fr\\\/\"},{\"@type\":\"ListItem\",\"position\":2,\"name\":\"Actualit\u00e9s\",\"item\":\"https:\\\/\\\/www.gold.fr\\\/news\\\/\"},{\"@type\":\"ListItem\",\"position\":3,\"name\":\"Cours de l\u2019or du mercredi 25 juillet 2018\"}]},{\"@type\":\"WebSite\",\"@id\":\"https:\\\/\\\/www.gold.fr\\\/news\\\/#website\",\"url\":\"https:\\\/\\\/www.gold.fr\\\/news\\\/\",\"name\":\"Gold.fr\",\"description\":\"Actualit\u00e9s de l&#039;Or et des m\u00e9taux pr\u00e9cieux\",\"potentialAction\":[{\"@type\":\"SearchAction\",\"target\":{\"@type\":\"EntryPoint\",\"urlTemplate\":\"https:\\\/\\\/www.gold.fr\\\/news\\\/?s={search_term_string}\"},\"query-input\":{\"@type\":\"PropertyValueSpecification\",\"valueRequired\":true,\"valueName\":\"search_term_string\"}}],\"inLanguage\":\"fr-FR\"},{\"@type\":\"Person\",\"@id\":\"https:\\\/\\\/www.gold.fr\\\/news\\\/#\\\/schema\\\/person\\\/070491b4b4fb7671bf59b3be20302ce9\",\"name\":\"Comptoir National de l'Or\",\"image\":{\"@type\":\"ImageObject\",\"inLanguage\":\"fr-FR\",\"@id\":\"https:\\\/\\\/secure.gravatar.com\\\/avatar\\\/0a2867fd5abe37bed95d5a65e9d58f01756e11efc68af9888dfc50cfa7f65948?s=96&d=mm&r=gb490554db0a38188709de567aa58480d\",\"url\":\"https:\\\/\\\/secure.gravatar.com\\\/avatar\\\/0a2867fd5abe37bed95d5a65e9d58f01756e11efc68af9888dfc50cfa7f65948?s=96&d=mm&r=g\",\"contentUrl\":\"https:\\\/\\\/secure.gravatar.com\\\/avatar\\\/0a2867fd5abe37bed95d5a65e9d58f01756e11efc68af9888dfc50cfa7f65948?s=96&d=mm&r=g\",\"caption\":\"Comptoir National de l'Or\"},\"description\":\"Notre r\u00e9daction est constitu\u00e9e de membres experts dans les m\u00e9tiers de l'\u00e9conomie et la gestion, des Responsables d'agence Comptoir National de l'Or, des analystes financiers qui publient r\u00e9guli\u00e8rement des \u00e9tudes sur les politiques des banques centrales, le cours de l'or, prix de l'or, cours de l'argent, prix de l'argent, cours du platine, cours du palladium,... la situation en zone euro et l'impact de la strat\u00e9gie mon\u00e9taire de la FED. Notre \u00e9quipe scrute \u00e9galement une information plus g\u00e9n\u00e9raliste \u00e0 la recherche d'actualit\u00e9 \\\"p\u00e9pite\\\" \u00e0 vous partager. Depuis 5 ans, nous avons publi\u00e9 un peu plus de 4000 articles qui s'adressent \u00e0 un public large et vari\u00e9 ayant pour objectif de satisfaire votre curiosit\u00e9 et de partager avec vous une certaine fascination pour le m\u00e9tal jaune, le rachat d'or, et pour ceux qui veulent investir dans l'or, vendre leur or tout simplement en savoir plus... Pour tous vos achat or et argent, n'h\u00e9sitez pas \u00e0 prendre rendez-vous dans l'un de nos nombreux comptoirs.\",\"sameAs\":[\"https:\\\/\\\/www.gold.fr\"]}]}<\/script>\n<!-- \/ Yoast SEO plugin. -->","yoast_head_json":{"title":"Cours de l\u2019or du mercredi 25 juillet 2018 - Gold.fr","description":"Les march\u00e9s financiers europ\u00e9ens ont retrouv\u00e9 leur tendance haussi\u00e8re lors de la s\u00e9ance d\u2019hier Cours de l\u2019or du mercredi 25 juillet 2018","robots":{"index":"index","follow":"follow","max-snippet":"max-snippet:-1","max-image-preview":"max-image-preview:large","max-video-preview":"max-video-preview:-1"},"canonical":"https:\/\/www.gold.fr\/news\/2018\/07\/25\/cours-de-lor-du-mercredi-25-juillet-2018\/","og_locale":"fr_FR","og_type":"article","og_title":"Cours de l\u2019or du mercredi 25 juillet 2018 - Gold.fr","og_description":"Les march\u00e9s financiers europ\u00e9ens ont retrouv\u00e9 leur tendance haussi\u00e8re lors de la s\u00e9ance d\u2019hier Cours de l\u2019or du mercredi 25 juillet 2018","og_url":"https:\/\/www.gold.fr\/news\/2018\/07\/25\/cours-de-lor-du-mercredi-25-juillet-2018\/","og_site_name":"Gold.fr","article_publisher":"https:\/\/www.facebook.com\/Goldfr\/","article_published_time":"2018-07-25T10:44:51+00:00","article_modified_time":"2021-01-11T14:23:00+00:00","og_image":[{"width":650,"height":300,"url":"https:\/\/www.gold.fr\/news\/wp-content\/uploads\/2018\/07\/or_securite.jpg","type":"image\/jpeg"}],"author":"Comptoir National de l'Or","twitter_card":"summary_large_image","twitter_misc":{"\u00c9crit par":"Comptoir National de l'Or","Dur\u00e9e de lecture estim\u00e9e":"1 minute"},"schema":{"@context":"https:\/\/schema.org","@graph":[{"@type":"Article","@id":"https:\/\/www.gold.fr\/news\/2018\/07\/25\/cours-de-lor-du-mercredi-25-juillet-2018\/#article","isPartOf":{"@id":"https:\/\/www.gold.fr\/news\/2018\/07\/25\/cours-de-lor-du-mercredi-25-juillet-2018\/"},"author":{"name":"Comptoir National de l'Or","@id":"https:\/\/www.gold.fr\/news\/#\/schema\/person\/070491b4b4fb7671bf59b3be20302ce9"},"headline":"Cours de l\u2019or du mercredi 25 juillet 2018","datePublished":"2018-07-25T10:44:51+00:00","dateModified":"2021-01-11T14:23:00+00:00","mainEntityOfPage":{"@id":"https:\/\/www.gold.fr\/news\/2018\/07\/25\/cours-de-lor-du-mercredi-25-juillet-2018\/"},"wordCount":200,"image":{"@id":"https:\/\/www.gold.fr\/news\/2018\/07\/25\/cours-de-lor-du-mercredi-25-juillet-2018\/#primaryimage"},"thumbnailUrl":"https:\/\/www.gold.fr\/news\/wp-content\/uploads\/2018\/07\/or_securite.jpg","keywords":["Tout Cours de l'Or"],"articleSection":["Flash infos"],"inLanguage":"fr-FR"},{"@type":"WebPage","@id":"https:\/\/www.gold.fr\/news\/2018\/07\/25\/cours-de-lor-du-mercredi-25-juillet-2018\/","url":"https:\/\/www.gold.fr\/news\/2018\/07\/25\/cours-de-lor-du-mercredi-25-juillet-2018\/","name":"Cours de l\u2019or du mercredi 25 juillet 2018 - Gold.fr","isPartOf":{"@id":"https:\/\/www.gold.fr\/news\/#website"},"primaryImageOfPage":{"@id":"https:\/\/www.gold.fr\/news\/2018\/07\/25\/cours-de-lor-du-mercredi-25-juillet-2018\/#primaryimage"},"image":{"@id":"https:\/\/www.gold.fr\/news\/2018\/07\/25\/cours-de-lor-du-mercredi-25-juillet-2018\/#primaryimage"},"thumbnailUrl":"https:\/\/www.gold.fr\/news\/wp-content\/uploads\/2018\/07\/or_securite.jpg","datePublished":"2018-07-25T10:44:51+00:00","dateModified":"2021-01-11T14:23:00+00:00","author":{"@id":"https:\/\/www.gold.fr\/news\/#\/schema\/person\/070491b4b4fb7671bf59b3be20302ce9"},"description":"Les march\u00e9s financiers europ\u00e9ens ont retrouv\u00e9 leur tendance haussi\u00e8re lors de la s\u00e9ance d\u2019hier Cours de l\u2019or du mercredi 25 juillet 2018","breadcrumb":{"@id":"https:\/\/www.gold.fr\/news\/2018\/07\/25\/cours-de-lor-du-mercredi-25-juillet-2018\/#breadcrumb"},"inLanguage":"fr-FR","potentialAction":[{"@type":"ReadAction","target":["https:\/\/www.gold.fr\/news\/2018\/07\/25\/cours-de-lor-du-mercredi-25-juillet-2018\/"]}]},{"@type":"ImageObject","inLanguage":"fr-FR","@id":"https:\/\/www.gold.fr\/news\/2018\/07\/25\/cours-de-lor-du-mercredi-25-juillet-2018\/#primaryimage","url":"https:\/\/www.gold.fr\/news\/wp-content\/uploads\/2018\/07\/or_securite.jpg","contentUrl":"https:\/\/www.gold.fr\/news\/wp-content\/uploads\/2018\/07\/or_securite.jpg","width":650,"height":300,"caption":"O\u00f9 et comment mettre son or \u00e0 l'abri durant les vacances ?"},{"@type":"BreadcrumbList","@id":"https:\/\/www.gold.fr\/news\/2018\/07\/25\/cours-de-lor-du-mercredi-25-juillet-2018\/#breadcrumb","itemListElement":[{"@type":"ListItem","position":1,"name":"Accueil","item":"https:\/\/www.gold.fr\/"},{"@type":"ListItem","position":2,"name":"Actualit\u00e9s","item":"https:\/\/www.gold.fr\/news\/"},{"@type":"ListItem","position":3,"name":"Cours de l\u2019or du mercredi 25 juillet 2018"}]},{"@type":"WebSite","@id":"https:\/\/www.gold.fr\/news\/#website","url":"https:\/\/www.gold.fr\/news\/","name":"Gold.fr","description":"Actualit\u00e9s de l&#039;Or et des m\u00e9taux pr\u00e9cieux","potentialAction":[{"@type":"SearchAction","target":{"@type":"EntryPoint","urlTemplate":"https:\/\/www.gold.fr\/news\/?s={search_term_string}"},"query-input":{"@type":"PropertyValueSpecification","valueRequired":true,"valueName":"search_term_string"}}],"inLanguage":"fr-FR"},{"@type":"Person","@id":"https:\/\/www.gold.fr\/news\/#\/schema\/person\/070491b4b4fb7671bf59b3be20302ce9","name":"Comptoir National de l'Or","image":{"@type":"ImageObject","inLanguage":"fr-FR","@id":"https:\/\/secure.gravatar.com\/avatar\/0a2867fd5abe37bed95d5a65e9d58f01756e11efc68af9888dfc50cfa7f65948?s=96&d=mm&r=gb490554db0a38188709de567aa58480d","url":"https:\/\/secure.gravatar.com\/avatar\/0a2867fd5abe37bed95d5a65e9d58f01756e11efc68af9888dfc50cfa7f65948?s=96&d=mm&r=g","contentUrl":"https:\/\/secure.gravatar.com\/avatar\/0a2867fd5abe37bed95d5a65e9d58f01756e11efc68af9888dfc50cfa7f65948?s=96&d=mm&r=g","caption":"Comptoir National de l'Or"},"description":"Notre r\u00e9daction est constitu\u00e9e de membres experts dans les m\u00e9tiers de l'\u00e9conomie et la gestion, des Responsables d'agence Comptoir National de l'Or, des analystes financiers qui publient r\u00e9guli\u00e8rement des \u00e9tudes sur les politiques des banques centrales, le cours de l'or, prix de l'or, cours de l'argent, prix de l'argent, cours du platine, cours du palladium,... la situation en zone euro et l'impact de la strat\u00e9gie mon\u00e9taire de la FED. Notre \u00e9quipe scrute \u00e9galement une information plus g\u00e9n\u00e9raliste \u00e0 la recherche d'actualit\u00e9 \"p\u00e9pite\" \u00e0 vous partager. Depuis 5 ans, nous avons publi\u00e9 un peu plus de 4000 articles qui s'adressent \u00e0 un public large et vari\u00e9 ayant pour objectif de satisfaire votre curiosit\u00e9 et de partager avec vous une certaine fascination pour le m\u00e9tal jaune, le rachat d'or, et pour ceux qui veulent investir dans l'or, vendre leur or tout simplement en savoir plus... Pour tous vos achat or et argent, n'h\u00e9sitez pas \u00e0 prendre rendez-vous dans l'un de nos nombreux comptoirs.","sameAs":["https:\/\/www.gold.fr"]}]}},"authors":[{"term_id":2565,"user_id":18,"is_guest":0,"slug":"julie","display_name":"Comptoir National de l'Or","avatar_url":"https:\/\/secure.gravatar.com\/avatar\/713f289e398d35ead876c4a4cc08607f0d6d266058cfc25683fffb6092d0e572?s=96&d=mm&r=g","0":null,"1":"","2":"","3":"","4":"","5":"","6":"","7":"","8":""}],"_links":{"self":[{"href":"https:\/\/www.gold.fr\/news\/wp-json\/wp\/v2\/posts\/34029","targetHints":{"allow":["GET"]}}],"collection":[{"href":"https:\/\/www.gold.fr\/news\/wp-json\/wp\/v2\/posts"}],"about":[{"href":"https:\/\/www.gold.fr\/news\/wp-json\/wp\/v2\/types\/post"}],"author":[{"embeddable":true,"href":"https:\/\/www.gold.fr\/news\/wp-json\/wp\/v2\/users\/18"}],"replies":[{"embeddable":true,"href":"https:\/\/www.gold.fr\/news\/wp-json\/wp\/v2\/comments?post=34029"}],"version-history":[{"count":0,"href":"https:\/\/www.gold.fr\/news\/wp-json\/wp\/v2\/posts\/34029\/revisions"}],"wp:featuredmedia":[{"embeddable":true,"href":"https:\/\/www.gold.fr\/news\/wp-json\/wp\/v2\/media\/33911"}],"wp:attachment":[{"href":"https:\/\/www.gold.fr\/news\/wp-json\/wp\/v2\/media?parent=34029"}],"wp:term":[{"taxonomy":"category","embeddable":true,"href":"https:\/\/www.gold.fr\/news\/wp-json\/wp\/v2\/categories?post=34029"},{"taxonomy":"post_tag","embeddable":true,"href":"https:\/\/www.gold.fr\/news\/wp-json\/wp\/v2\/tags?post=34029"},{"taxonomy":"author","embeddable":true,"href":"https:\/\/www.gold.fr\/news\/wp-json\/wp\/v2\/ppma_author?post=34029"}],"curies":[{"name":"wp","href":"https:\/\/api.w.org\/{rel}","templated":true}]}}