{"id":33910,"date":"2018-07-13T11:15:29","date_gmt":"2018-07-13T09:15:29","guid":{"rendered":"https:\/\/www.gold.fr\/news\/?p=33910"},"modified":"2021-01-11T15:24:46","modified_gmt":"2021-01-11T14:24:46","slug":"ou-et-comment-mettre-son-or-a-labri-durant-les-vacances","status":"publish","type":"post","link":"https:\/\/www.gold.fr\/news\/2018\/07\/13\/ou-et-comment-mettre-son-or-a-labri-durant-les-vacances\/","title":{"rendered":"O\u00f9 et comment mettre son or \u00e0 l&rsquo;abri durant les vacances ?"},"content":{"rendered":"<p><center><img loading=\"lazy\" decoding=\"async\" class=\"aligncenter wp-image-33911 size-full\" title=\"O\u00f9 et comment mettre son or \u00e0 l'abri durant les vacances ?\" src=\"https:\/\/www.gold.fr\/news\/wp-content\/uploads\/2018\/07\/or_securite.jpg\" alt=\"O\u00f9 et comment mettre son or \u00e0 l'abri durant les vacances ?\" width=\"650\" height=\"300\" srcset=\"https:\/\/www.gold.fr\/news\/wp-content\/uploads\/2018\/07\/or_securite.jpg 650w, https:\/\/www.gold.fr\/news\/wp-content\/uploads\/2018\/07\/or_securite-300x138.jpg 300w, https:\/\/www.gold.fr\/news\/wp-content\/uploads\/2018\/07\/or_securite-298x138.jpg 298w, https:\/\/www.gold.fr\/news\/wp-content\/uploads\/2018\/07\/or_securite-2x1.jpg 2w\" sizes=\"auto, (max-width: 650px) 100vw, 650px\" \/><\/center><\/p>\n<p style=\"line-height: 22px;\">\u00c0 de rares exceptions, les vacances d&rsquo;\u00e9t\u00e9 se pr\u00e9parent plusieurs semaines \u00e0 l&rsquo;avance. Trouver les meilleurs endroits pour mettre \u00e0 l&rsquo;abri son or sous ses diverses formes reste tr\u00e8s paradoxalement une des \u00e9tapes pr\u00e9paratoires souvent improvis\u00e9es. C&rsquo;est pourtant durant les mois de juillet et ao\u00fbt qu&rsquo;ont lieu 25 % des cambriolages, ce qui ne peut qu&rsquo;inciter \u00e0 optimiser ses cachettes. O\u00f9 et comment cacher son or durant les vacances\u2009? Voici quelques \u00e9l\u00e9ments de r\u00e9ponses.<\/p>\n<h2>Le coffre-fort : un lieu s\u00fbr, mais qui n&rsquo;accepte pas le bricolage<\/h2>\n<p><img loading=\"lazy\" decoding=\"async\" class=\"alignleft wp-image-33914 size-thumbnail\" title=\"coffre fort garder son or\" src=\"https:\/\/www.gold.fr\/news\/wp-content\/uploads\/2018\/07\/coffre_or_v2-298x298.jpg\" alt=\"coffre fort garder son or\" width=\"298\" height=\"298\" srcset=\"https:\/\/www.gold.fr\/news\/wp-content\/uploads\/2018\/07\/coffre_or_v2-298x298.jpg 298w, https:\/\/www.gold.fr\/news\/wp-content\/uploads\/2018\/07\/coffre_or_v2-1x1.jpg 1w, https:\/\/www.gold.fr\/news\/wp-content\/uploads\/2018\/07\/coffre_or_v2-266x266.jpg 266w\" sizes=\"auto, (max-width: 298px) 100vw, 298px\" \/><\/p>\n<p style=\"line-height: 22px;\">Si vous souhaitez <a title=\"investir dans l'or\" href=\"https:\/\/www.gold.fr\/investir-dans-l-or\/\">investir dans l&rsquo;or<\/a> : qu&rsquo;il s&rsquo;agisse de <a title=\"lingots d'or\" href=\"https:\/\/www.gold.fr\/achat-lingot-or\/\">lingots d&rsquo;or<\/a>, lingotins, <a title=\"pi\u00e8ces d'or\" href=\"https:\/\/www.gold.fr\/achat-piece-or\/\">pi\u00e8ces d&rsquo;or<\/a> ou bijoux, le coffre-fort se pr\u00e9sente comme un des lieux les plus s\u00fbrs d&rsquo;un domicile. Il existe aujourd&rsquo;hui des coffres de toutes tailles et g\u00e9n\u00e9ralement \u00e9quip\u00e9s de serrures quasiment inviolables, surtout avec le peu de temps dont dispose g\u00e9n\u00e9ralement un cambrioleur.<\/p>\n<p style=\"line-height: 22px;\">Le coffre-fort a toutefois un inconv\u00e9nient : sa porte sp\u00e9cifique. Cette derni\u00e8re attire naturellement le regard lors d&rsquo;une fouille en r\u00e8gle du fait qu&rsquo;un coffre-fort contient logiquement des objets de grande valeur.<\/p>\n<p style=\"line-height: 22px;\">Pour \u00eatre r\u00e9ellement efficace, un coffre doit \u00eatre solide en mati\u00e8re de construction, mais cela ne suffit pas. Faute de temps, nombreux sont les cambrioleurs qui tentent d&rsquo;arracher le coffre-fort du mur o\u00f9 il est fix\u00e9.<\/p>\n<p style=\"line-height: 22px;\">Pas question d\u00e8s lors de se contenter de quatre vis dans une cloison ou m\u00eame un mur en pierre. Le coffre doit \u00eatre consciencieusement scell\u00e9 en \u00e9vitant tout espace, m\u00eame de quelques millim\u00e8tres, avec le support de fixation.<\/p>\n<h2>Penser \u00e0 des cachettes originales<\/h2>\n<p><img loading=\"lazy\" decoding=\"async\" class=\"alignleft wp-image-33916 size-thumbnail\" title=\"Penser \u00e0 des cachettes originales\" src=\"https:\/\/www.gold.fr\/news\/wp-content\/uploads\/2018\/07\/iStock-944910416-compressor-150x150.jpg\" alt=\"Penser \u00e0 des cachettes originales\" width=\"150\" height=\"150\" \/><\/p>\n<p style=\"line-height: 22px;\">Un des atouts de l&rsquo;or physique est d&rsquo;offrir un rapport valeur\/encombrement unique. Cet aspect fait de l&rsquo;or une valeur facile \u00e0 cacher durant ses vacances d&rsquo;\u00e9t\u00e9. Encore faut-il que le type de cachette ne figure pas dans la liste des \u00ab\u2009grands classiques\u2009\u00bb, les cambrioleurs \u00e9tant au courant des lieux habituels.<\/p>\n<p style=\"line-height: 22px;\">Les bijoux ou pi\u00e8ces cach\u00e9es entre deux piles de linges n&rsquo;auront aucun mal \u00e0 \u00eatre trouv\u00e9s, ce comme les boites de biscuits ou autres produits pos\u00e9s sur l&rsquo;\u00e9tag\u00e8re d&rsquo;un meuble.<\/p>\n<p style=\"line-height: 22px;\">Si vous poss\u00e9dez un jardin, une boite \u00e9tanche ne co\u00fbte que quelques euros et offre une cachette id\u00e9ale une fois enterr\u00e9e au pied de votre massif de rosiers. \u00c9vitez par contre les pots de fleurs \u00e0 l&rsquo;int\u00e9rieur ou sur le balcon qui sont aujourd&rsquo;hui connus pour \u00eatre une cache fr\u00e9quente. Une cave ou un grenier repr\u00e9sente \u00e9galement un lieu s\u00e9curis\u00e9, surtout si elle est \u00ab\u2009pagailleuse\u2009\u00bb.<\/p>\n<p style=\"line-height: 22px;\">Le principal atout pour une cachette est d&rsquo;\u00eatre pens\u00e9e suffisamment \u00e0 l&rsquo;avance afin de trouver celle \u00e0 qui personne ou presque ne pense. En suppl\u00e9ment, multipliez les cachettes en r\u00e9partissant vos objets en or sur plusieurs lieux.<\/p>\n<h2>\u00catre discret, m\u00eame aupr\u00e8s de ses proches<\/h2>\n<p>De la m\u00eame mani\u00e8re qu&rsquo;il faut \u00e9viter de \u00ab\u2009claironner\u2009\u00bb son d\u00e9part en vacances, il est pr\u00e9f\u00e9rable de ne pas divulguer l&#8217;emplacement des cachettes, y compris \u00e0 ses propres enfants.<\/p>\n<p style=\"line-height: 22px;\">Ceux-ci peuvent en effet bavarder avec des copains et divulguer involontairement vos cachettes.<\/p>\n<h2>Confier son or \u00e0 des personnes de confiance<\/h2>\n<p style=\"line-height: 22px;\">Si vous envisagez de confier votre or \u00e0 des parents ou amis, la m\u00eame discr\u00e9tion est de mise avec un minimum de personnes inform\u00e9es. M\u00eame si la confiance r\u00e8gne dressez un \u00e9tat \u00e9crit des objets remis avec un double remis \u00e0 la personne en charge de la garde. En cas de probl\u00e8me, ce document viendra appuyer votre bonne foi.<\/p>\n<p><a href=\"https:\/\/www.gold.fr\/news\/2018\/02\/16\/comment-et-pourquoi-proteger-ses-pieces-dor\/\" target=\"_blank\" rel=\"noopener noreferrer\">Lire \u00e9galement notre article sur la protection de vos pi\u00e8ces d&rsquo;or.<\/a><\/p>\n<!-- AddThis Advanced Settings generic via filter on the_content --><!-- AddThis Share Buttons generic via filter on the_content -->","protected":false},"excerpt":{"rendered":"<p>\u00c0 de rares exceptions, les vacances d&rsquo;\u00e9t\u00e9 se pr\u00e9parent plusieurs semaines \u00e0 l&rsquo;avance. Trouver les meilleurs endroits pour mettre \u00e0 l&rsquo;abri son or sous ses diverses formes reste tr\u00e8s paradoxalement une des \u00e9tapes pr\u00e9paratoires souvent improvis\u00e9es. [&hellip;]<\/p>\n","protected":false},"author":18,"featured_media":33920,"comment_status":"closed","ping_status":"closed","sticky":false,"template":"","format":"standard","meta":{"_mbp_gutenberg_autopost":false,"_pgmb_is_evergreen":false,"_pgmb_ap_template_id":0,"footnotes":""},"categories":[5],"tags":[76,234],"ppma_author":[2565],"class_list":["post-33910","post","type-post","status-publish","format-standard","has-post-thumbnail","hentry","category-flash-infos","tag-or","tag-valeur-refuge"],"yoast_head":"<!-- This site is optimized with the Yoast SEO plugin v27.5 - https:\/\/yoast.com\/product\/yoast-seo-wordpress\/ -->\n<title>O\u00f9 et comment mettre son or \u00e0 l&#039;abri durant les vacances ? - Gold.fr<\/title>\n<meta name=\"description\" content=\"Trouver les meilleurs endroits pour mettre \u00e0 l&#039;abri son or reste tr\u00e8s souvent une des \u00e9tapes pr\u00e9paratoires des vacances souvent improvis\u00e9es\" \/>\n<meta name=\"robots\" content=\"index, follow, max-snippet:-1, max-image-preview:large, max-video-preview:-1\" \/>\n<link rel=\"canonical\" href=\"https:\/\/www.gold.fr\/news\/2018\/07\/13\/ou-et-comment-mettre-son-or-a-labri-durant-les-vacances\/\" \/>\n<meta property=\"og:locale\" content=\"fr_FR\" \/>\n<meta property=\"og:type\" content=\"article\" \/>\n<meta property=\"og:title\" content=\"O\u00f9 et comment mettre son or \u00e0 l&#039;abri durant les vacances ? - Gold.fr\" \/>\n<meta property=\"og:description\" content=\"Trouver les meilleurs endroits pour mettre \u00e0 l&#039;abri son or reste tr\u00e8s souvent une des \u00e9tapes pr\u00e9paratoires des vacances souvent improvis\u00e9es\" \/>\n<meta property=\"og:url\" content=\"https:\/\/www.gold.fr\/news\/2018\/07\/13\/ou-et-comment-mettre-son-or-a-labri-durant-les-vacances\/\" \/>\n<meta property=\"og:site_name\" content=\"Gold.fr\" \/>\n<meta property=\"article:publisher\" content=\"https:\/\/www.facebook.com\/Goldfr\/\" \/>\n<meta property=\"article:published_time\" content=\"2018-07-13T09:15:29+00:00\" \/>\n<meta property=\"article:modified_time\" content=\"2021-01-11T14:24:46+00:00\" \/>\n<meta property=\"og:image\" content=\"https:\/\/www.gold.fr\/news\/wp-content\/uploads\/2018\/07\/protection_or.jpg\" \/>\n\t<meta property=\"og:image:width\" content=\"1255\" \/>\n\t<meta property=\"og:image:height\" content=\"836\" \/>\n\t<meta property=\"og:image:type\" content=\"image\/jpeg\" \/>\n<meta name=\"author\" content=\"Comptoir National de l&#039;Or\" \/>\n<meta name=\"twitter:card\" content=\"summary_large_image\" \/>\n<meta name=\"twitter:label1\" content=\"\u00c9crit par\" \/>\n\t<meta name=\"twitter:data1\" content=\"Comptoir National de l&#039;Or\" \/>\n\t<meta name=\"twitter:label2\" content=\"Dur\u00e9e de lecture estim\u00e9e\" \/>\n\t<meta name=\"twitter:data2\" content=\"3 minutes\" \/>\n<script type=\"application\/ld+json\" class=\"yoast-schema-graph\">{\"@context\":\"https:\\\/\\\/schema.org\",\"@graph\":[{\"@type\":\"Article\",\"@id\":\"https:\\\/\\\/www.gold.fr\\\/news\\\/2018\\\/07\\\/13\\\/ou-et-comment-mettre-son-or-a-labri-durant-les-vacances\\\/#article\",\"isPartOf\":{\"@id\":\"https:\\\/\\\/www.gold.fr\\\/news\\\/2018\\\/07\\\/13\\\/ou-et-comment-mettre-son-or-a-labri-durant-les-vacances\\\/\"},\"author\":{\"name\":\"Comptoir National de l'Or\",\"@id\":\"https:\\\/\\\/www.gold.fr\\\/news\\\/#\\\/schema\\\/person\\\/070491b4b4fb7671bf59b3be20302ce9\"},\"headline\":\"O\u00f9 et comment mettre son or \u00e0 l&rsquo;abri durant les vacances ?\",\"datePublished\":\"2018-07-13T09:15:29+00:00\",\"dateModified\":\"2021-01-11T14:24:46+00:00\",\"mainEntityOfPage\":{\"@id\":\"https:\\\/\\\/www.gold.fr\\\/news\\\/2018\\\/07\\\/13\\\/ou-et-comment-mettre-son-or-a-labri-durant-les-vacances\\\/\"},\"wordCount\":642,\"image\":{\"@id\":\"https:\\\/\\\/www.gold.fr\\\/news\\\/2018\\\/07\\\/13\\\/ou-et-comment-mettre-son-or-a-labri-durant-les-vacances\\\/#primaryimage\"},\"thumbnailUrl\":\"https:\\\/\\\/www.gold.fr\\\/news\\\/wp-content\\\/uploads\\\/2018\\\/07\\\/protection_or.jpg\",\"keywords\":[\"Or\",\"Valeur refuge\"],\"articleSection\":[\"Flash infos\"],\"inLanguage\":\"fr-FR\"},{\"@type\":\"WebPage\",\"@id\":\"https:\\\/\\\/www.gold.fr\\\/news\\\/2018\\\/07\\\/13\\\/ou-et-comment-mettre-son-or-a-labri-durant-les-vacances\\\/\",\"url\":\"https:\\\/\\\/www.gold.fr\\\/news\\\/2018\\\/07\\\/13\\\/ou-et-comment-mettre-son-or-a-labri-durant-les-vacances\\\/\",\"name\":\"O\u00f9 et comment mettre son or \u00e0 l'abri durant les vacances ? - Gold.fr\",\"isPartOf\":{\"@id\":\"https:\\\/\\\/www.gold.fr\\\/news\\\/#website\"},\"primaryImageOfPage\":{\"@id\":\"https:\\\/\\\/www.gold.fr\\\/news\\\/2018\\\/07\\\/13\\\/ou-et-comment-mettre-son-or-a-labri-durant-les-vacances\\\/#primaryimage\"},\"image\":{\"@id\":\"https:\\\/\\\/www.gold.fr\\\/news\\\/2018\\\/07\\\/13\\\/ou-et-comment-mettre-son-or-a-labri-durant-les-vacances\\\/#primaryimage\"},\"thumbnailUrl\":\"https:\\\/\\\/www.gold.fr\\\/news\\\/wp-content\\\/uploads\\\/2018\\\/07\\\/protection_or.jpg\",\"datePublished\":\"2018-07-13T09:15:29+00:00\",\"dateModified\":\"2021-01-11T14:24:46+00:00\",\"author\":{\"@id\":\"https:\\\/\\\/www.gold.fr\\\/news\\\/#\\\/schema\\\/person\\\/070491b4b4fb7671bf59b3be20302ce9\"},\"description\":\"Trouver les meilleurs endroits pour mettre \u00e0 l'abri son or reste tr\u00e8s souvent une des \u00e9tapes pr\u00e9paratoires des vacances souvent improvis\u00e9es\",\"breadcrumb\":{\"@id\":\"https:\\\/\\\/www.gold.fr\\\/news\\\/2018\\\/07\\\/13\\\/ou-et-comment-mettre-son-or-a-labri-durant-les-vacances\\\/#breadcrumb\"},\"inLanguage\":\"fr-FR\",\"potentialAction\":[{\"@type\":\"ReadAction\",\"target\":[\"https:\\\/\\\/www.gold.fr\\\/news\\\/2018\\\/07\\\/13\\\/ou-et-comment-mettre-son-or-a-labri-durant-les-vacances\\\/\"]}]},{\"@type\":\"ImageObject\",\"inLanguage\":\"fr-FR\",\"@id\":\"https:\\\/\\\/www.gold.fr\\\/news\\\/2018\\\/07\\\/13\\\/ou-et-comment-mettre-son-or-a-labri-durant-les-vacances\\\/#primaryimage\",\"url\":\"https:\\\/\\\/www.gold.fr\\\/news\\\/wp-content\\\/uploads\\\/2018\\\/07\\\/protection_or.jpg\",\"contentUrl\":\"https:\\\/\\\/www.gold.fr\\\/news\\\/wp-content\\\/uploads\\\/2018\\\/07\\\/protection_or.jpg\",\"width\":1255,\"height\":836,\"caption\":\"O\u00f9 et comment mettre son or \u00e0 l'abri durant les vacances ?\"},{\"@type\":\"BreadcrumbList\",\"@id\":\"https:\\\/\\\/www.gold.fr\\\/news\\\/2018\\\/07\\\/13\\\/ou-et-comment-mettre-son-or-a-labri-durant-les-vacances\\\/#breadcrumb\",\"itemListElement\":[{\"@type\":\"ListItem\",\"position\":1,\"name\":\"Accueil\",\"item\":\"https:\\\/\\\/www.gold.fr\\\/\"},{\"@type\":\"ListItem\",\"position\":2,\"name\":\"Actualit\u00e9s\",\"item\":\"https:\\\/\\\/www.gold.fr\\\/news\\\/\"},{\"@type\":\"ListItem\",\"position\":3,\"name\":\"O\u00f9 et comment mettre son or \u00e0 l&rsquo;abri durant les vacances ?\"}]},{\"@type\":\"WebSite\",\"@id\":\"https:\\\/\\\/www.gold.fr\\\/news\\\/#website\",\"url\":\"https:\\\/\\\/www.gold.fr\\\/news\\\/\",\"name\":\"Gold.fr\",\"description\":\"Actualit\u00e9s de l&#039;Or et des m\u00e9taux pr\u00e9cieux\",\"potentialAction\":[{\"@type\":\"SearchAction\",\"target\":{\"@type\":\"EntryPoint\",\"urlTemplate\":\"https:\\\/\\\/www.gold.fr\\\/news\\\/?s={search_term_string}\"},\"query-input\":{\"@type\":\"PropertyValueSpecification\",\"valueRequired\":true,\"valueName\":\"search_term_string\"}}],\"inLanguage\":\"fr-FR\"},{\"@type\":\"Person\",\"@id\":\"https:\\\/\\\/www.gold.fr\\\/news\\\/#\\\/schema\\\/person\\\/070491b4b4fb7671bf59b3be20302ce9\",\"name\":\"Comptoir National de l'Or\",\"image\":{\"@type\":\"ImageObject\",\"inLanguage\":\"fr-FR\",\"@id\":\"https:\\\/\\\/secure.gravatar.com\\\/avatar\\\/0a2867fd5abe37bed95d5a65e9d58f01756e11efc68af9888dfc50cfa7f65948?s=96&d=mm&r=gb490554db0a38188709de567aa58480d\",\"url\":\"https:\\\/\\\/secure.gravatar.com\\\/avatar\\\/0a2867fd5abe37bed95d5a65e9d58f01756e11efc68af9888dfc50cfa7f65948?s=96&d=mm&r=g\",\"contentUrl\":\"https:\\\/\\\/secure.gravatar.com\\\/avatar\\\/0a2867fd5abe37bed95d5a65e9d58f01756e11efc68af9888dfc50cfa7f65948?s=96&d=mm&r=g\",\"caption\":\"Comptoir National de l'Or\"},\"description\":\"Notre r\u00e9daction est constitu\u00e9e de membres experts dans les m\u00e9tiers de l'\u00e9conomie et la gestion, des Responsables d'agence Comptoir National de l'Or, des analystes financiers qui publient r\u00e9guli\u00e8rement des \u00e9tudes sur les politiques des banques centrales, le cours de l'or, prix de l'or, cours de l'argent, prix de l'argent, cours du platine, cours du palladium,... la situation en zone euro et l'impact de la strat\u00e9gie mon\u00e9taire de la FED. Notre \u00e9quipe scrute \u00e9galement une information plus g\u00e9n\u00e9raliste \u00e0 la recherche d'actualit\u00e9 \\\"p\u00e9pite\\\" \u00e0 vous partager. Depuis 5 ans, nous avons publi\u00e9 un peu plus de 4000 articles qui s'adressent \u00e0 un public large et vari\u00e9 ayant pour objectif de satisfaire votre curiosit\u00e9 et de partager avec vous une certaine fascination pour le m\u00e9tal jaune, le rachat d'or, et pour ceux qui veulent investir dans l'or, vendre leur or tout simplement en savoir plus... Pour tous vos achat or et argent, n'h\u00e9sitez pas \u00e0 prendre rendez-vous dans l'un de nos nombreux comptoirs.\",\"sameAs\":[\"https:\\\/\\\/www.gold.fr\"]}]}<\/script>\n<!-- \/ Yoast SEO plugin. -->","yoast_head_json":{"title":"O\u00f9 et comment mettre son or \u00e0 l'abri durant les vacances ? - Gold.fr","description":"Trouver les meilleurs endroits pour mettre \u00e0 l'abri son or reste tr\u00e8s souvent une des \u00e9tapes pr\u00e9paratoires des vacances souvent improvis\u00e9es","robots":{"index":"index","follow":"follow","max-snippet":"max-snippet:-1","max-image-preview":"max-image-preview:large","max-video-preview":"max-video-preview:-1"},"canonical":"https:\/\/www.gold.fr\/news\/2018\/07\/13\/ou-et-comment-mettre-son-or-a-labri-durant-les-vacances\/","og_locale":"fr_FR","og_type":"article","og_title":"O\u00f9 et comment mettre son or \u00e0 l'abri durant les vacances ? - Gold.fr","og_description":"Trouver les meilleurs endroits pour mettre \u00e0 l'abri son or reste tr\u00e8s souvent une des \u00e9tapes pr\u00e9paratoires des vacances souvent improvis\u00e9es","og_url":"https:\/\/www.gold.fr\/news\/2018\/07\/13\/ou-et-comment-mettre-son-or-a-labri-durant-les-vacances\/","og_site_name":"Gold.fr","article_publisher":"https:\/\/www.facebook.com\/Goldfr\/","article_published_time":"2018-07-13T09:15:29+00:00","article_modified_time":"2021-01-11T14:24:46+00:00","og_image":[{"width":1255,"height":836,"url":"https:\/\/www.gold.fr\/news\/wp-content\/uploads\/2018\/07\/protection_or.jpg","type":"image\/jpeg"}],"author":"Comptoir National de l'Or","twitter_card":"summary_large_image","twitter_misc":{"\u00c9crit par":"Comptoir National de l'Or","Dur\u00e9e de lecture estim\u00e9e":"3 minutes"},"schema":{"@context":"https:\/\/schema.org","@graph":[{"@type":"Article","@id":"https:\/\/www.gold.fr\/news\/2018\/07\/13\/ou-et-comment-mettre-son-or-a-labri-durant-les-vacances\/#article","isPartOf":{"@id":"https:\/\/www.gold.fr\/news\/2018\/07\/13\/ou-et-comment-mettre-son-or-a-labri-durant-les-vacances\/"},"author":{"name":"Comptoir National de l'Or","@id":"https:\/\/www.gold.fr\/news\/#\/schema\/person\/070491b4b4fb7671bf59b3be20302ce9"},"headline":"O\u00f9 et comment mettre son or \u00e0 l&rsquo;abri durant les vacances ?","datePublished":"2018-07-13T09:15:29+00:00","dateModified":"2021-01-11T14:24:46+00:00","mainEntityOfPage":{"@id":"https:\/\/www.gold.fr\/news\/2018\/07\/13\/ou-et-comment-mettre-son-or-a-labri-durant-les-vacances\/"},"wordCount":642,"image":{"@id":"https:\/\/www.gold.fr\/news\/2018\/07\/13\/ou-et-comment-mettre-son-or-a-labri-durant-les-vacances\/#primaryimage"},"thumbnailUrl":"https:\/\/www.gold.fr\/news\/wp-content\/uploads\/2018\/07\/protection_or.jpg","keywords":["Or","Valeur refuge"],"articleSection":["Flash infos"],"inLanguage":"fr-FR"},{"@type":"WebPage","@id":"https:\/\/www.gold.fr\/news\/2018\/07\/13\/ou-et-comment-mettre-son-or-a-labri-durant-les-vacances\/","url":"https:\/\/www.gold.fr\/news\/2018\/07\/13\/ou-et-comment-mettre-son-or-a-labri-durant-les-vacances\/","name":"O\u00f9 et comment mettre son or \u00e0 l'abri durant les vacances ? - Gold.fr","isPartOf":{"@id":"https:\/\/www.gold.fr\/news\/#website"},"primaryImageOfPage":{"@id":"https:\/\/www.gold.fr\/news\/2018\/07\/13\/ou-et-comment-mettre-son-or-a-labri-durant-les-vacances\/#primaryimage"},"image":{"@id":"https:\/\/www.gold.fr\/news\/2018\/07\/13\/ou-et-comment-mettre-son-or-a-labri-durant-les-vacances\/#primaryimage"},"thumbnailUrl":"https:\/\/www.gold.fr\/news\/wp-content\/uploads\/2018\/07\/protection_or.jpg","datePublished":"2018-07-13T09:15:29+00:00","dateModified":"2021-01-11T14:24:46+00:00","author":{"@id":"https:\/\/www.gold.fr\/news\/#\/schema\/person\/070491b4b4fb7671bf59b3be20302ce9"},"description":"Trouver les meilleurs endroits pour mettre \u00e0 l'abri son or reste tr\u00e8s souvent une des \u00e9tapes pr\u00e9paratoires des vacances souvent improvis\u00e9es","breadcrumb":{"@id":"https:\/\/www.gold.fr\/news\/2018\/07\/13\/ou-et-comment-mettre-son-or-a-labri-durant-les-vacances\/#breadcrumb"},"inLanguage":"fr-FR","potentialAction":[{"@type":"ReadAction","target":["https:\/\/www.gold.fr\/news\/2018\/07\/13\/ou-et-comment-mettre-son-or-a-labri-durant-les-vacances\/"]}]},{"@type":"ImageObject","inLanguage":"fr-FR","@id":"https:\/\/www.gold.fr\/news\/2018\/07\/13\/ou-et-comment-mettre-son-or-a-labri-durant-les-vacances\/#primaryimage","url":"https:\/\/www.gold.fr\/news\/wp-content\/uploads\/2018\/07\/protection_or.jpg","contentUrl":"https:\/\/www.gold.fr\/news\/wp-content\/uploads\/2018\/07\/protection_or.jpg","width":1255,"height":836,"caption":"O\u00f9 et comment mettre son or \u00e0 l'abri durant les vacances ?"},{"@type":"BreadcrumbList","@id":"https:\/\/www.gold.fr\/news\/2018\/07\/13\/ou-et-comment-mettre-son-or-a-labri-durant-les-vacances\/#breadcrumb","itemListElement":[{"@type":"ListItem","position":1,"name":"Accueil","item":"https:\/\/www.gold.fr\/"},{"@type":"ListItem","position":2,"name":"Actualit\u00e9s","item":"https:\/\/www.gold.fr\/news\/"},{"@type":"ListItem","position":3,"name":"O\u00f9 et comment mettre son or \u00e0 l&rsquo;abri durant les vacances ?"}]},{"@type":"WebSite","@id":"https:\/\/www.gold.fr\/news\/#website","url":"https:\/\/www.gold.fr\/news\/","name":"Gold.fr","description":"Actualit\u00e9s de l&#039;Or et des m\u00e9taux pr\u00e9cieux","potentialAction":[{"@type":"SearchAction","target":{"@type":"EntryPoint","urlTemplate":"https:\/\/www.gold.fr\/news\/?s={search_term_string}"},"query-input":{"@type":"PropertyValueSpecification","valueRequired":true,"valueName":"search_term_string"}}],"inLanguage":"fr-FR"},{"@type":"Person","@id":"https:\/\/www.gold.fr\/news\/#\/schema\/person\/070491b4b4fb7671bf59b3be20302ce9","name":"Comptoir National de l'Or","image":{"@type":"ImageObject","inLanguage":"fr-FR","@id":"https:\/\/secure.gravatar.com\/avatar\/0a2867fd5abe37bed95d5a65e9d58f01756e11efc68af9888dfc50cfa7f65948?s=96&d=mm&r=gb490554db0a38188709de567aa58480d","url":"https:\/\/secure.gravatar.com\/avatar\/0a2867fd5abe37bed95d5a65e9d58f01756e11efc68af9888dfc50cfa7f65948?s=96&d=mm&r=g","contentUrl":"https:\/\/secure.gravatar.com\/avatar\/0a2867fd5abe37bed95d5a65e9d58f01756e11efc68af9888dfc50cfa7f65948?s=96&d=mm&r=g","caption":"Comptoir National de l'Or"},"description":"Notre r\u00e9daction est constitu\u00e9e de membres experts dans les m\u00e9tiers de l'\u00e9conomie et la gestion, des Responsables d'agence Comptoir National de l'Or, des analystes financiers qui publient r\u00e9guli\u00e8rement des \u00e9tudes sur les politiques des banques centrales, le cours de l'or, prix de l'or, cours de l'argent, prix de l'argent, cours du platine, cours du palladium,... la situation en zone euro et l'impact de la strat\u00e9gie mon\u00e9taire de la FED. Notre \u00e9quipe scrute \u00e9galement une information plus g\u00e9n\u00e9raliste \u00e0 la recherche d'actualit\u00e9 \"p\u00e9pite\" \u00e0 vous partager. Depuis 5 ans, nous avons publi\u00e9 un peu plus de 4000 articles qui s'adressent \u00e0 un public large et vari\u00e9 ayant pour objectif de satisfaire votre curiosit\u00e9 et de partager avec vous une certaine fascination pour le m\u00e9tal jaune, le rachat d'or, et pour ceux qui veulent investir dans l'or, vendre leur or tout simplement en savoir plus... Pour tous vos achat or et argent, n'h\u00e9sitez pas \u00e0 prendre rendez-vous dans l'un de nos nombreux comptoirs.","sameAs":["https:\/\/www.gold.fr"]}]}},"authors":[{"term_id":2565,"user_id":18,"is_guest":0,"slug":"julie","display_name":"Comptoir National de l'Or","avatar_url":"https:\/\/secure.gravatar.com\/avatar\/713f289e398d35ead876c4a4cc08607f0d6d266058cfc25683fffb6092d0e572?s=96&d=mm&r=g","0":null,"1":"","2":"","3":"","4":"","5":"","6":"","7":"","8":""}],"_links":{"self":[{"href":"https:\/\/www.gold.fr\/news\/wp-json\/wp\/v2\/posts\/33910","targetHints":{"allow":["GET"]}}],"collection":[{"href":"https:\/\/www.gold.fr\/news\/wp-json\/wp\/v2\/posts"}],"about":[{"href":"https:\/\/www.gold.fr\/news\/wp-json\/wp\/v2\/types\/post"}],"author":[{"embeddable":true,"href":"https:\/\/www.gold.fr\/news\/wp-json\/wp\/v2\/users\/18"}],"replies":[{"embeddable":true,"href":"https:\/\/www.gold.fr\/news\/wp-json\/wp\/v2\/comments?post=33910"}],"version-history":[{"count":0,"href":"https:\/\/www.gold.fr\/news\/wp-json\/wp\/v2\/posts\/33910\/revisions"}],"wp:featuredmedia":[{"embeddable":true,"href":"https:\/\/www.gold.fr\/news\/wp-json\/wp\/v2\/media\/33920"}],"wp:attachment":[{"href":"https:\/\/www.gold.fr\/news\/wp-json\/wp\/v2\/media?parent=33910"}],"wp:term":[{"taxonomy":"category","embeddable":true,"href":"https:\/\/www.gold.fr\/news\/wp-json\/wp\/v2\/categories?post=33910"},{"taxonomy":"post_tag","embeddable":true,"href":"https:\/\/www.gold.fr\/news\/wp-json\/wp\/v2\/tags?post=33910"},{"taxonomy":"author","embeddable":true,"href":"https:\/\/www.gold.fr\/news\/wp-json\/wp\/v2\/ppma_author?post=33910"}],"curies":[{"name":"wp","href":"https:\/\/api.w.org\/{rel}","templated":true}]}}