{"id":3123,"date":"2011-10-27T12:10:12","date_gmt":"2011-10-27T10:10:12","guid":{"rendered":"http:\/\/news.gold.fr\/?p=3123"},"modified":"2021-01-14T11:14:22","modified_gmt":"2021-01-14T10:14:22","slug":"rattachement-du-franc-suisse-a-leuro-lor-en-profite-encore","status":"publish","type":"post","link":"https:\/\/www.gold.fr\/news\/2011\/10\/27\/rattachement-du-franc-suisse-a-leuro-lor-en-profite-encore\/","title":{"rendered":"Rattachement du franc suisse \u00e0 l\u2019euro \u2013 L\u2019or en profite encore !"},"content":{"rendered":"<p style=\"text-align: justify;\"><span style=\"font-family: verdana,geneva; font-size: small;\"><img loading=\"lazy\" decoding=\"async\" class=\"size-thumbnail wp-image-3124\" style=\"border: 1px solid black; margin: 5px; float: left;\" title=\"Lingot et pi\u00e8ces\" src=\"http:\/\/news.gold.fr\/wp-content\/uploads\/2011\/10\/Lingot-et-pi%C3%A8ces-150x150.jpg\" alt=\"\" width=\"150\" height=\"150\" \/>C&rsquo;est d\u00e9sormais officiel ; le franc suisse, vient d&rsquo;\u00eatre rattach\u00e9 \u00e0 l&rsquo;euro. La nouvelle marque la fin de l&rsquo; \u00ab \u00e8re \u00bb de confiance que les investisseurs avaient accord\u00e9e au franc suisse. La devise rejoint d\u00e9sormais la longue liste des \u00ab valeurs risqu\u00e9es \u00bb o\u00f9 les monnaies papier et devises en tous genres arrivent en t\u00eate.<\/span><\/p>\n<p style=\"text-align: justify;\"><span style=\"font-family: verdana,geneva; font-size: small;\">Mais, d&rsquo;un autre c\u00f4t\u00e9, la nouvelle va surement profiter au <a href='https:\/\/www.gold.fr\/news\/tags\/or' class='esk-seo-plu-link'>m\u00e9tal jaune<\/a>, car il perd ainsi le dernier semblant de concurrence au tr\u00f4ne d&rsquo;ultime valeur refuge. Plusieurs analystes parlent m\u00eame d&rsquo;un cours \u00e0 6000 dollars l&rsquo;<strong>once<\/strong> que l&rsquo;<strong><a href='https:\/\/www.gold.fr\/news\/tags\/or' class='esk-seo-plu-link'>or<\/a><\/strong> pourrait bien atteindre en moins d&rsquo;une d\u00e9cennie.<\/span><\/p>\n<p style=\"text-align: justify;\"><span style=\"font-family: verdana,geneva; font-size: small;\">En tout cas, que ces sp\u00e9culations se concr\u00e9tisent ou non, une chose est sure ; la position du pr\u00e9cieux <a href='https:\/\/www.gold.fr\/news\/tags\/or' class='esk-seo-plu-link'>m\u00e9tal jaune<\/a> va consid\u00e9rablement se renforcer, boost\u00e9e par l&rsquo;arriv\u00e9e en masse de fonds et investissements jadis investis en actions ou en obligations. La valeur de l&rsquo;<strong><a href='https:\/\/www.gold.fr\/news\/tags\/or' class='esk-seo-plu-link'>or<\/a><\/strong> n&rsquo;a en effet jamais \u00e9t\u00e9 aussi s\u00e9duisante, \u00e9tant historiquement connue pour son aptitude \u00e0 survivre \u00e0 toutes les monnaies et devises qui aient jamais tent\u00e9 de lui arracher sa couronne de valeur refuge.<\/span><\/p>\n<p style=\"text-align: justify;\"><span style=\"font-family: verdana,geneva; font-size: small;\">La nouvelle du rattachement du franc suisse \u00e0 l&rsquo;euro a donc de quoi pousser le <a href='https:\/\/www.gold.fr\/news\/tags\/or' class='esk-seo-plu-link'>m\u00e9tal jaune<\/a> vers des sommets in\u00e9dits encore plus hauts que ceux qu&rsquo;il s&rsquo;\u00e9vertue d\u00e9j\u00e0 \u00e0 atteindre depuis des mois.<\/span><\/p>\n<!-- AddThis Advanced Settings generic via filter on the_content --><!-- AddThis Share Buttons generic via filter on the_content -->","protected":false},"excerpt":{"rendered":"<p>C&rsquo;est d\u00e9sormais officiel ; le franc suisse, vient d&rsquo;\u00eatre rattach\u00e9 \u00e0 l&rsquo;euro. La nouvelle marque la fin de l&rsquo; \u00ab \u00e8re \u00bb de confiance que les investisseurs avaient accord\u00e9e au franc suisse. La devise rejoint d\u00e9sormais [&hellip;]<\/p>\n","protected":false},"author":18,"featured_media":3253,"comment_status":"closed","ping_status":"closed","sticky":false,"template":"","format":"standard","meta":{"_mbp_gutenberg_autopost":false,"_pgmb_is_evergreen":false,"_pgmb_ap_template_id":0,"footnotes":""},"categories":[5],"tags":[1393,905,1074,85,76,84],"ppma_author":[2565],"class_list":["post-3123","post","type-post","status-publish","format-standard","has-post-thumbnail","hentry","category-flash-infos","tag-bloc-euro","tag-franc-or","tag-franc-suisse","tag-once-dor","tag-or","tag-cours-de-lor"],"yoast_head":"<!-- This site is optimized with the Yoast SEO plugin v27.5 - https:\/\/yoast.com\/product\/yoast-seo-wordpress\/ -->\n<title>Rattachement du franc suisse \u00e0 l\u2019euro \u2013 L\u2019or en profite encore ! - Gold.fr<\/title>\n<meta name=\"robots\" content=\"index, follow, max-snippet:-1, max-image-preview:large, max-video-preview:-1\" \/>\n<link rel=\"canonical\" href=\"https:\/\/www.gold.fr\/news\/2011\/10\/27\/rattachement-du-franc-suisse-a-leuro-lor-en-profite-encore\/\" \/>\n<meta property=\"og:locale\" content=\"fr_FR\" \/>\n<meta property=\"og:type\" content=\"article\" \/>\n<meta property=\"og:title\" content=\"Rattachement du franc suisse \u00e0 l\u2019euro \u2013 L\u2019or en profite encore ! - Gold.fr\" \/>\n<meta property=\"og:description\" content=\"C&rsquo;est d\u00e9sormais officiel ; le franc suisse, vient d&rsquo;\u00eatre rattach\u00e9 \u00e0 l&rsquo;euro. La nouvelle marque la fin de l&rsquo; \u00ab \u00e8re \u00bb de confiance que les investisseurs avaient accord\u00e9e au franc suisse. La devise rejoint d\u00e9sormais [&hellip;]\" \/>\n<meta property=\"og:url\" content=\"https:\/\/www.gold.fr\/news\/2011\/10\/27\/rattachement-du-franc-suisse-a-leuro-lor-en-profite-encore\/\" \/>\n<meta property=\"og:site_name\" content=\"Gold.fr\" \/>\n<meta property=\"article:publisher\" content=\"https:\/\/www.facebook.com\/Goldfr\/\" \/>\n<meta property=\"article:published_time\" content=\"2011-10-27T10:10:12+00:00\" \/>\n<meta property=\"article:modified_time\" content=\"2021-01-14T10:14:22+00:00\" \/>\n<meta property=\"og:image\" content=\"https:\/\/www.gold.fr\/news\/wp-content\/uploads\/2011\/10\/r-SWISS-FRANC-EURO-large570-e1319819067904.jpg\" \/>\n\t<meta property=\"og:image:width\" content=\"1022\" \/>\n\t<meta property=\"og:image:height\" content=\"400\" \/>\n\t<meta property=\"og:image:type\" content=\"image\/jpeg\" \/>\n<meta name=\"author\" content=\"Comptoir National de l&#039;Or\" \/>\n<meta name=\"twitter:card\" content=\"summary_large_image\" \/>\n<meta name=\"twitter:label1\" content=\"\u00c9crit par\" \/>\n\t<meta name=\"twitter:data1\" content=\"Comptoir National de l&#039;Or\" \/>\n\t<meta name=\"twitter:label2\" content=\"Dur\u00e9e de lecture estim\u00e9e\" \/>\n\t<meta name=\"twitter:data2\" content=\"1 minute\" \/>\n<script type=\"application\/ld+json\" class=\"yoast-schema-graph\">{\"@context\":\"https:\\\/\\\/schema.org\",\"@graph\":[{\"@type\":\"Article\",\"@id\":\"https:\\\/\\\/www.gold.fr\\\/news\\\/2011\\\/10\\\/27\\\/rattachement-du-franc-suisse-a-leuro-lor-en-profite-encore\\\/#article\",\"isPartOf\":{\"@id\":\"https:\\\/\\\/www.gold.fr\\\/news\\\/2011\\\/10\\\/27\\\/rattachement-du-franc-suisse-a-leuro-lor-en-profite-encore\\\/\"},\"author\":{\"name\":\"Comptoir National de l'Or\",\"@id\":\"https:\\\/\\\/www.gold.fr\\\/news\\\/#\\\/schema\\\/person\\\/070491b4b4fb7671bf59b3be20302ce9\"},\"headline\":\"Rattachement du franc suisse \u00e0 l\u2019euro \u2013 L\u2019or en profite encore !\",\"datePublished\":\"2011-10-27T10:10:12+00:00\",\"dateModified\":\"2021-01-14T10:14:22+00:00\",\"mainEntityOfPage\":{\"@id\":\"https:\\\/\\\/www.gold.fr\\\/news\\\/2011\\\/10\\\/27\\\/rattachement-du-franc-suisse-a-leuro-lor-en-profite-encore\\\/\"},\"wordCount\":247,\"image\":{\"@id\":\"https:\\\/\\\/www.gold.fr\\\/news\\\/2011\\\/10\\\/27\\\/rattachement-du-franc-suisse-a-leuro-lor-en-profite-encore\\\/#primaryimage\"},\"thumbnailUrl\":\"https:\\\/\\\/www.gold.fr\\\/news\\\/wp-content\\\/uploads\\\/2011\\\/10\\\/r-SWISS-FRANC-EURO-large570-e1319819067904.jpg\",\"keywords\":[\"bloc euro\",\"franc or\",\"franc suisse\",\"once d'or\",\"Or\",\"Tout Cours de l'Or\"],\"articleSection\":[\"Flash infos\"],\"inLanguage\":\"fr-FR\"},{\"@type\":\"WebPage\",\"@id\":\"https:\\\/\\\/www.gold.fr\\\/news\\\/2011\\\/10\\\/27\\\/rattachement-du-franc-suisse-a-leuro-lor-en-profite-encore\\\/\",\"url\":\"https:\\\/\\\/www.gold.fr\\\/news\\\/2011\\\/10\\\/27\\\/rattachement-du-franc-suisse-a-leuro-lor-en-profite-encore\\\/\",\"name\":\"Rattachement du franc suisse \u00e0 l\u2019euro \u2013 L\u2019or en profite encore ! - Gold.fr\",\"isPartOf\":{\"@id\":\"https:\\\/\\\/www.gold.fr\\\/news\\\/#website\"},\"primaryImageOfPage\":{\"@id\":\"https:\\\/\\\/www.gold.fr\\\/news\\\/2011\\\/10\\\/27\\\/rattachement-du-franc-suisse-a-leuro-lor-en-profite-encore\\\/#primaryimage\"},\"image\":{\"@id\":\"https:\\\/\\\/www.gold.fr\\\/news\\\/2011\\\/10\\\/27\\\/rattachement-du-franc-suisse-a-leuro-lor-en-profite-encore\\\/#primaryimage\"},\"thumbnailUrl\":\"https:\\\/\\\/www.gold.fr\\\/news\\\/wp-content\\\/uploads\\\/2011\\\/10\\\/r-SWISS-FRANC-EURO-large570-e1319819067904.jpg\",\"datePublished\":\"2011-10-27T10:10:12+00:00\",\"dateModified\":\"2021-01-14T10:14:22+00:00\",\"author\":{\"@id\":\"https:\\\/\\\/www.gold.fr\\\/news\\\/#\\\/schema\\\/person\\\/070491b4b4fb7671bf59b3be20302ce9\"},\"breadcrumb\":{\"@id\":\"https:\\\/\\\/www.gold.fr\\\/news\\\/2011\\\/10\\\/27\\\/rattachement-du-franc-suisse-a-leuro-lor-en-profite-encore\\\/#breadcrumb\"},\"inLanguage\":\"fr-FR\",\"potentialAction\":[{\"@type\":\"ReadAction\",\"target\":[\"https:\\\/\\\/www.gold.fr\\\/news\\\/2011\\\/10\\\/27\\\/rattachement-du-franc-suisse-a-leuro-lor-en-profite-encore\\\/\"]}]},{\"@type\":\"ImageObject\",\"inLanguage\":\"fr-FR\",\"@id\":\"https:\\\/\\\/www.gold.fr\\\/news\\\/2011\\\/10\\\/27\\\/rattachement-du-franc-suisse-a-leuro-lor-en-profite-encore\\\/#primaryimage\",\"url\":\"https:\\\/\\\/www.gold.fr\\\/news\\\/wp-content\\\/uploads\\\/2011\\\/10\\\/r-SWISS-FRANC-EURO-large570-e1319819067904.jpg\",\"contentUrl\":\"https:\\\/\\\/www.gold.fr\\\/news\\\/wp-content\\\/uploads\\\/2011\\\/10\\\/r-SWISS-FRANC-EURO-large570-e1319819067904.jpg\",\"width\":\"1022\",\"height\":\"400\",\"caption\":\"pi\u00e8ce 1 franc argent\"},{\"@type\":\"BreadcrumbList\",\"@id\":\"https:\\\/\\\/www.gold.fr\\\/news\\\/2011\\\/10\\\/27\\\/rattachement-du-franc-suisse-a-leuro-lor-en-profite-encore\\\/#breadcrumb\",\"itemListElement\":[{\"@type\":\"ListItem\",\"position\":1,\"name\":\"Accueil\",\"item\":\"https:\\\/\\\/www.gold.fr\\\/\"},{\"@type\":\"ListItem\",\"position\":2,\"name\":\"Actualit\u00e9s\",\"item\":\"https:\\\/\\\/www.gold.fr\\\/news\\\/\"},{\"@type\":\"ListItem\",\"position\":3,\"name\":\"Rattachement du franc suisse \u00e0 l\u2019euro \u2013 L\u2019or en profite encore !\"}]},{\"@type\":\"WebSite\",\"@id\":\"https:\\\/\\\/www.gold.fr\\\/news\\\/#website\",\"url\":\"https:\\\/\\\/www.gold.fr\\\/news\\\/\",\"name\":\"Gold.fr\",\"description\":\"Actualit\u00e9s de l&#039;Or et des m\u00e9taux pr\u00e9cieux\",\"potentialAction\":[{\"@type\":\"SearchAction\",\"target\":{\"@type\":\"EntryPoint\",\"urlTemplate\":\"https:\\\/\\\/www.gold.fr\\\/news\\\/?s={search_term_string}\"},\"query-input\":{\"@type\":\"PropertyValueSpecification\",\"valueRequired\":true,\"valueName\":\"search_term_string\"}}],\"inLanguage\":\"fr-FR\"},{\"@type\":\"Person\",\"@id\":\"https:\\\/\\\/www.gold.fr\\\/news\\\/#\\\/schema\\\/person\\\/070491b4b4fb7671bf59b3be20302ce9\",\"name\":\"Comptoir National de l'Or\",\"image\":{\"@type\":\"ImageObject\",\"inLanguage\":\"fr-FR\",\"@id\":\"https:\\\/\\\/secure.gravatar.com\\\/avatar\\\/0a2867fd5abe37bed95d5a65e9d58f01756e11efc68af9888dfc50cfa7f65948?s=96&d=mm&r=gb490554db0a38188709de567aa58480d\",\"url\":\"https:\\\/\\\/secure.gravatar.com\\\/avatar\\\/0a2867fd5abe37bed95d5a65e9d58f01756e11efc68af9888dfc50cfa7f65948?s=96&d=mm&r=g\",\"contentUrl\":\"https:\\\/\\\/secure.gravatar.com\\\/avatar\\\/0a2867fd5abe37bed95d5a65e9d58f01756e11efc68af9888dfc50cfa7f65948?s=96&d=mm&r=g\",\"caption\":\"Comptoir National de l'Or\"},\"description\":\"Notre r\u00e9daction est constitu\u00e9e de membres experts dans les m\u00e9tiers de l'\u00e9conomie et la gestion, des Responsables d'agence Comptoir National de l'Or, des analystes financiers qui publient r\u00e9guli\u00e8rement des \u00e9tudes sur les politiques des banques centrales, le cours de l'or, prix de l'or, cours de l'argent, prix de l'argent, cours du platine, cours du palladium,... la situation en zone euro et l'impact de la strat\u00e9gie mon\u00e9taire de la FED. Notre \u00e9quipe scrute \u00e9galement une information plus g\u00e9n\u00e9raliste \u00e0 la recherche d'actualit\u00e9 \\\"p\u00e9pite\\\" \u00e0 vous partager. Depuis 5 ans, nous avons publi\u00e9 un peu plus de 4000 articles qui s'adressent \u00e0 un public large et vari\u00e9 ayant pour objectif de satisfaire votre curiosit\u00e9 et de partager avec vous une certaine fascination pour le m\u00e9tal jaune, le rachat d'or, et pour ceux qui veulent investir dans l'or, vendre leur or tout simplement en savoir plus... Pour tous vos achat or et argent, n'h\u00e9sitez pas \u00e0 prendre rendez-vous dans l'un de nos nombreux comptoirs.\",\"sameAs\":[\"https:\\\/\\\/www.gold.fr\"]}]}<\/script>\n<!-- \/ Yoast SEO plugin. -->","yoast_head_json":{"title":"Rattachement du franc suisse \u00e0 l\u2019euro \u2013 L\u2019or en profite encore ! - Gold.fr","robots":{"index":"index","follow":"follow","max-snippet":"max-snippet:-1","max-image-preview":"max-image-preview:large","max-video-preview":"max-video-preview:-1"},"canonical":"https:\/\/www.gold.fr\/news\/2011\/10\/27\/rattachement-du-franc-suisse-a-leuro-lor-en-profite-encore\/","og_locale":"fr_FR","og_type":"article","og_title":"Rattachement du franc suisse \u00e0 l\u2019euro \u2013 L\u2019or en profite encore ! - Gold.fr","og_description":"C&rsquo;est d\u00e9sormais officiel ; le franc suisse, vient d&rsquo;\u00eatre rattach\u00e9 \u00e0 l&rsquo;euro. La nouvelle marque la fin de l&rsquo; \u00ab \u00e8re \u00bb de confiance que les investisseurs avaient accord\u00e9e au franc suisse. La devise rejoint d\u00e9sormais [&hellip;]","og_url":"https:\/\/www.gold.fr\/news\/2011\/10\/27\/rattachement-du-franc-suisse-a-leuro-lor-en-profite-encore\/","og_site_name":"Gold.fr","article_publisher":"https:\/\/www.facebook.com\/Goldfr\/","article_published_time":"2011-10-27T10:10:12+00:00","article_modified_time":"2021-01-14T10:14:22+00:00","og_image":[{"width":1022,"height":400,"url":"https:\/\/www.gold.fr\/news\/wp-content\/uploads\/2011\/10\/r-SWISS-FRANC-EURO-large570-e1319819067904.jpg","type":"image\/jpeg"}],"author":"Comptoir National de l'Or","twitter_card":"summary_large_image","twitter_misc":{"\u00c9crit par":"Comptoir National de l'Or","Dur\u00e9e de lecture estim\u00e9e":"1 minute"},"schema":{"@context":"https:\/\/schema.org","@graph":[{"@type":"Article","@id":"https:\/\/www.gold.fr\/news\/2011\/10\/27\/rattachement-du-franc-suisse-a-leuro-lor-en-profite-encore\/#article","isPartOf":{"@id":"https:\/\/www.gold.fr\/news\/2011\/10\/27\/rattachement-du-franc-suisse-a-leuro-lor-en-profite-encore\/"},"author":{"name":"Comptoir National de l'Or","@id":"https:\/\/www.gold.fr\/news\/#\/schema\/person\/070491b4b4fb7671bf59b3be20302ce9"},"headline":"Rattachement du franc suisse \u00e0 l\u2019euro \u2013 L\u2019or en profite encore !","datePublished":"2011-10-27T10:10:12+00:00","dateModified":"2021-01-14T10:14:22+00:00","mainEntityOfPage":{"@id":"https:\/\/www.gold.fr\/news\/2011\/10\/27\/rattachement-du-franc-suisse-a-leuro-lor-en-profite-encore\/"},"wordCount":247,"image":{"@id":"https:\/\/www.gold.fr\/news\/2011\/10\/27\/rattachement-du-franc-suisse-a-leuro-lor-en-profite-encore\/#primaryimage"},"thumbnailUrl":"https:\/\/www.gold.fr\/news\/wp-content\/uploads\/2011\/10\/r-SWISS-FRANC-EURO-large570-e1319819067904.jpg","keywords":["bloc euro","franc or","franc suisse","once d'or","Or","Tout Cours de l'Or"],"articleSection":["Flash infos"],"inLanguage":"fr-FR"},{"@type":"WebPage","@id":"https:\/\/www.gold.fr\/news\/2011\/10\/27\/rattachement-du-franc-suisse-a-leuro-lor-en-profite-encore\/","url":"https:\/\/www.gold.fr\/news\/2011\/10\/27\/rattachement-du-franc-suisse-a-leuro-lor-en-profite-encore\/","name":"Rattachement du franc suisse \u00e0 l\u2019euro \u2013 L\u2019or en profite encore ! - Gold.fr","isPartOf":{"@id":"https:\/\/www.gold.fr\/news\/#website"},"primaryImageOfPage":{"@id":"https:\/\/www.gold.fr\/news\/2011\/10\/27\/rattachement-du-franc-suisse-a-leuro-lor-en-profite-encore\/#primaryimage"},"image":{"@id":"https:\/\/www.gold.fr\/news\/2011\/10\/27\/rattachement-du-franc-suisse-a-leuro-lor-en-profite-encore\/#primaryimage"},"thumbnailUrl":"https:\/\/www.gold.fr\/news\/wp-content\/uploads\/2011\/10\/r-SWISS-FRANC-EURO-large570-e1319819067904.jpg","datePublished":"2011-10-27T10:10:12+00:00","dateModified":"2021-01-14T10:14:22+00:00","author":{"@id":"https:\/\/www.gold.fr\/news\/#\/schema\/person\/070491b4b4fb7671bf59b3be20302ce9"},"breadcrumb":{"@id":"https:\/\/www.gold.fr\/news\/2011\/10\/27\/rattachement-du-franc-suisse-a-leuro-lor-en-profite-encore\/#breadcrumb"},"inLanguage":"fr-FR","potentialAction":[{"@type":"ReadAction","target":["https:\/\/www.gold.fr\/news\/2011\/10\/27\/rattachement-du-franc-suisse-a-leuro-lor-en-profite-encore\/"]}]},{"@type":"ImageObject","inLanguage":"fr-FR","@id":"https:\/\/www.gold.fr\/news\/2011\/10\/27\/rattachement-du-franc-suisse-a-leuro-lor-en-profite-encore\/#primaryimage","url":"https:\/\/www.gold.fr\/news\/wp-content\/uploads\/2011\/10\/r-SWISS-FRANC-EURO-large570-e1319819067904.jpg","contentUrl":"https:\/\/www.gold.fr\/news\/wp-content\/uploads\/2011\/10\/r-SWISS-FRANC-EURO-large570-e1319819067904.jpg","width":"1022","height":"400","caption":"pi\u00e8ce 1 franc argent"},{"@type":"BreadcrumbList","@id":"https:\/\/www.gold.fr\/news\/2011\/10\/27\/rattachement-du-franc-suisse-a-leuro-lor-en-profite-encore\/#breadcrumb","itemListElement":[{"@type":"ListItem","position":1,"name":"Accueil","item":"https:\/\/www.gold.fr\/"},{"@type":"ListItem","position":2,"name":"Actualit\u00e9s","item":"https:\/\/www.gold.fr\/news\/"},{"@type":"ListItem","position":3,"name":"Rattachement du franc suisse \u00e0 l\u2019euro \u2013 L\u2019or en profite encore !"}]},{"@type":"WebSite","@id":"https:\/\/www.gold.fr\/news\/#website","url":"https:\/\/www.gold.fr\/news\/","name":"Gold.fr","description":"Actualit\u00e9s de l&#039;Or et des m\u00e9taux pr\u00e9cieux","potentialAction":[{"@type":"SearchAction","target":{"@type":"EntryPoint","urlTemplate":"https:\/\/www.gold.fr\/news\/?s={search_term_string}"},"query-input":{"@type":"PropertyValueSpecification","valueRequired":true,"valueName":"search_term_string"}}],"inLanguage":"fr-FR"},{"@type":"Person","@id":"https:\/\/www.gold.fr\/news\/#\/schema\/person\/070491b4b4fb7671bf59b3be20302ce9","name":"Comptoir National de l'Or","image":{"@type":"ImageObject","inLanguage":"fr-FR","@id":"https:\/\/secure.gravatar.com\/avatar\/0a2867fd5abe37bed95d5a65e9d58f01756e11efc68af9888dfc50cfa7f65948?s=96&d=mm&r=gb490554db0a38188709de567aa58480d","url":"https:\/\/secure.gravatar.com\/avatar\/0a2867fd5abe37bed95d5a65e9d58f01756e11efc68af9888dfc50cfa7f65948?s=96&d=mm&r=g","contentUrl":"https:\/\/secure.gravatar.com\/avatar\/0a2867fd5abe37bed95d5a65e9d58f01756e11efc68af9888dfc50cfa7f65948?s=96&d=mm&r=g","caption":"Comptoir National de l'Or"},"description":"Notre r\u00e9daction est constitu\u00e9e de membres experts dans les m\u00e9tiers de l'\u00e9conomie et la gestion, des Responsables d'agence Comptoir National de l'Or, des analystes financiers qui publient r\u00e9guli\u00e8rement des \u00e9tudes sur les politiques des banques centrales, le cours de l'or, prix de l'or, cours de l'argent, prix de l'argent, cours du platine, cours du palladium,... la situation en zone euro et l'impact de la strat\u00e9gie mon\u00e9taire de la FED. Notre \u00e9quipe scrute \u00e9galement une information plus g\u00e9n\u00e9raliste \u00e0 la recherche d'actualit\u00e9 \"p\u00e9pite\" \u00e0 vous partager. Depuis 5 ans, nous avons publi\u00e9 un peu plus de 4000 articles qui s'adressent \u00e0 un public large et vari\u00e9 ayant pour objectif de satisfaire votre curiosit\u00e9 et de partager avec vous une certaine fascination pour le m\u00e9tal jaune, le rachat d'or, et pour ceux qui veulent investir dans l'or, vendre leur or tout simplement en savoir plus... Pour tous vos achat or et argent, n'h\u00e9sitez pas \u00e0 prendre rendez-vous dans l'un de nos nombreux comptoirs.","sameAs":["https:\/\/www.gold.fr"]}]}},"authors":[{"term_id":2565,"user_id":18,"is_guest":0,"slug":"julie","display_name":"Comptoir National de l'Or","avatar_url":"https:\/\/secure.gravatar.com\/avatar\/713f289e398d35ead876c4a4cc08607f0d6d266058cfc25683fffb6092d0e572?s=96&d=mm&r=g","0":null,"1":"","2":"","3":"","4":"","5":"","6":"","7":"","8":""}],"_links":{"self":[{"href":"https:\/\/www.gold.fr\/news\/wp-json\/wp\/v2\/posts\/3123","targetHints":{"allow":["GET"]}}],"collection":[{"href":"https:\/\/www.gold.fr\/news\/wp-json\/wp\/v2\/posts"}],"about":[{"href":"https:\/\/www.gold.fr\/news\/wp-json\/wp\/v2\/types\/post"}],"author":[{"embeddable":true,"href":"https:\/\/www.gold.fr\/news\/wp-json\/wp\/v2\/users\/18"}],"replies":[{"embeddable":true,"href":"https:\/\/www.gold.fr\/news\/wp-json\/wp\/v2\/comments?post=3123"}],"version-history":[{"count":0,"href":"https:\/\/www.gold.fr\/news\/wp-json\/wp\/v2\/posts\/3123\/revisions"}],"wp:featuredmedia":[{"embeddable":true,"href":"https:\/\/www.gold.fr\/news\/wp-json\/wp\/v2\/media\/3253"}],"wp:attachment":[{"href":"https:\/\/www.gold.fr\/news\/wp-json\/wp\/v2\/media?parent=3123"}],"wp:term":[{"taxonomy":"category","embeddable":true,"href":"https:\/\/www.gold.fr\/news\/wp-json\/wp\/v2\/categories?post=3123"},{"taxonomy":"post_tag","embeddable":true,"href":"https:\/\/www.gold.fr\/news\/wp-json\/wp\/v2\/tags?post=3123"},{"taxonomy":"author","embeddable":true,"href":"https:\/\/www.gold.fr\/news\/wp-json\/wp\/v2\/ppma_author?post=3123"}],"curies":[{"name":"wp","href":"https:\/\/api.w.org\/{rel}","templated":true}]}}