{"id":2962,"date":"2011-10-21T09:27:56","date_gmt":"2011-10-21T07:27:56","guid":{"rendered":"http:\/\/news.gold.fr\/?p=2962"},"modified":"2021-01-14T11:15:08","modified_gmt":"2021-01-14T10:15:08","slug":"fievre-du-metal-jaune-qui-sont-les-plus-atteints","status":"publish","type":"post","link":"https:\/\/www.gold.fr\/news\/2011\/10\/21\/fievre-du-metal-jaune-qui-sont-les-plus-atteints\/","title":{"rendered":"Fi\u00e8vre du m\u00e9tal jaune \u2013 Qui sont les plus \u00ab atteints \u00bb ?"},"content":{"rendered":"<p style=\"text-align: justify;\"><span style=\"font-family: verdana, geneva; font-size: small;\"><img loading=\"lazy\" decoding=\"async\" class=\"alignleft size-thumbnail wp-image-2965\" style=\"float: left; margin: 5px; border: 1px solid black;\" title=\"Fi\u00e8vre du m\u00e9tal\" src=\"http:\/\/news.gold.fr\/wp-content\/uploads\/2011\/10\/78327213-150x150.jpg\" alt=\"\" width=\"150\" height=\"150\" \/>Premiers contamin\u00e9s heureux ; les particuliers, qui se tournent tr\u00e8s naturellement vers la solide <strong>valeur refuge de l&rsquo;<a href='https:\/\/www.gold.fr\/news\/tags\/or' class='esk-seo-plu-link'>or<\/a> physique<\/strong> d\u00e8s que la crise pointe le bout de son nez. Pourtant, l&rsquo;analyste Yannick Colleu estime que \u00ab <em>ils ne font pas la tendance g\u00e9n\u00e9rale<\/em> \u00bb, ajoutant que \u00ab <em>Il y a surtout de tr\u00e8s gros investisseurs, des fonds am\u00e9ricains par exemple<\/em> \u00bb.<\/span><\/p>\n<p>  <span style=\"font-family: verdana, geneva; font-size: small;\">Jean-Philippe Roos, g\u00e9rant de Fructifonds international <a href='https:\/\/www.gold.fr\/news\/tags\/or' class='esk-seo-plu-link'>or<\/a> chez Natixis Asset Management, rappelle que les \u00e9mergents jouent aussi un grand r\u00f4le dans le domaine de <strong>l&rsquo;<a href='https:\/\/www.gold.fr\/news\/tags\/or' class='esk-seo-plu-link'>or<\/a><\/strong>. Il pr\u00e9cise que \u00ab <em>en Inde, mais surtout en Chine, la demande en <strong><a href='https:\/\/www.gold.fr\/news\/tags\/or' class='esk-seo-plu-link'>or<\/a><\/strong>, pour la <a href='https:\/\/www.gold.fr\/news\/tags\/bijoux-or' class='esk-seo-plu-link'>bijouterie<\/a>, est tr\u00e8s forte.<\/em> \u00bb. De plus, les banques centrales de Chine, Cor\u00e9e, Inde, Br\u00e9sil&#8230; \u00ab <em>ont beaucoup de dollars. Elles sont en train d&rsquo;<strong><a href=\"https:\/\/www.gold.fr\/achat-or\/\" target=\"_blank\" rel=\"noopener noreferrer\">acheter de l&rsquo;or<\/a><\/strong>, parce qu&rsquo;elles souhaitent diversifier leurs r\u00e9serves de devises<\/em>.\u00bb.<\/span>    <span style=\"font-family: verdana, geneva; font-size: small;\">A ce propos, Colleu \u00e9tablit une comparaison int\u00e9ressante ; \u00ab <em>Avant 2007, elles alimentaient le march\u00e9 en <strong><a href=\"https:\/\/www.gold.fr\/vente-or\/\" target=\"_blank\" rel=\"noopener noreferrer\">vendant<\/a> 400 \u00e0 500 tonnes d&rsquo;<a href='https:\/\/www.gold.fr\/news\/tags\/or' class='esk-seo-plu-link'>or<\/a><\/strong> par an. Aujourd&rsquo;hui, plusieurs banques centrales ont annonc\u00e9 clairement qu&rsquo;elles cessaient les ventes \u2013 Allemagne et Suisse notamment \u2013 et environ une vingtaine d&rsquo;entre elles affichent officiellement qu&rsquo;elles sont devenues <strong>acheteuses d&rsquo;<a href='https:\/\/www.gold.fr\/news\/tags\/or' class='esk-seo-plu-link'>or<\/a><\/strong><\/em> \u00bb.<\/span>    <span style=\"font-family: verdana, geneva; font-size: small;\">Particuliers, gros et petits investisseurs, banques centrales et autres\u2026Une popularit\u00e9 unanime donc pour l&rsquo;<strong><a href='https:\/\/www.gold.fr\/news\/tags\/or' class='esk-seo-plu-link'>or<\/a><\/strong>. De quoi lui garantir encore de belles ann\u00e9es d&rsquo;un succ\u00e8s in\u00e9branlable.<\/span><\/p>\n<!-- AddThis Advanced Settings generic via filter on the_content --><!-- AddThis Share Buttons generic via filter on the_content -->","protected":false},"excerpt":{"rendered":"<p>Premiers contamin\u00e9s heureux ; les particuliers, qui se tournent tr\u00e8s naturellement vers la solide valeur refuge de l&rsquo;or physique d\u00e8s que la crise pointe le bout de son nez. Pourtant, l&rsquo;analyste Yannick Colleu estime que \u00ab [&hellip;]<\/p>\n","protected":false},"author":11,"featured_media":2965,"comment_status":"closed","ping_status":"closed","sticky":false,"template":"","format":"standard","meta":{"_mbp_gutenberg_autopost":false,"_pgmb_is_evergreen":false,"_pgmb_ap_template_id":0,"footnotes":""},"categories":[4],"tags":[137,932,76],"ppma_author":[2562],"class_list":["post-2962","post","type-post","status-publish","format-standard","has-post-thumbnail","hentry","category-analyses-economiques","tag-demande-dor","tag-metal-jaune","tag-or"],"yoast_head":"<!-- This site is optimized with the Yoast SEO plugin v27.5 - https:\/\/yoast.com\/product\/yoast-seo-wordpress\/ -->\n<title>Fi\u00e8vre du m\u00e9tal jaune \u2013 Qui sont les plus \u00ab atteints \u00bb ? - Gold.fr<\/title>\n<meta name=\"robots\" content=\"index, follow, max-snippet:-1, max-image-preview:large, max-video-preview:-1\" \/>\n<link rel=\"canonical\" href=\"https:\/\/www.gold.fr\/news\/2011\/10\/21\/fievre-du-metal-jaune-qui-sont-les-plus-atteints\/\" \/>\n<meta property=\"og:locale\" content=\"fr_FR\" \/>\n<meta property=\"og:type\" content=\"article\" \/>\n<meta property=\"og:title\" content=\"Fi\u00e8vre du m\u00e9tal jaune \u2013 Qui sont les plus \u00ab atteints \u00bb ? - Gold.fr\" \/>\n<meta property=\"og:description\" content=\"Premiers contamin\u00e9s heureux ; les particuliers, qui se tournent tr\u00e8s naturellement vers la solide valeur refuge de l&rsquo;or physique d\u00e8s que la crise pointe le bout de son nez. Pourtant, l&rsquo;analyste Yannick Colleu estime que \u00ab [&hellip;]\" \/>\n<meta property=\"og:url\" content=\"https:\/\/www.gold.fr\/news\/2011\/10\/21\/fievre-du-metal-jaune-qui-sont-les-plus-atteints\/\" \/>\n<meta property=\"og:site_name\" content=\"Gold.fr\" \/>\n<meta property=\"article:publisher\" content=\"https:\/\/www.facebook.com\/Goldfr\/\" \/>\n<meta property=\"article:published_time\" content=\"2011-10-21T07:27:56+00:00\" \/>\n<meta property=\"article:modified_time\" content=\"2021-01-14T10:15:08+00:00\" \/>\n<meta property=\"og:image\" content=\"https:\/\/www.gold.fr\/news\/wp-content\/uploads\/2011\/10\/78327213.jpg\" \/>\n\t<meta property=\"og:image:width\" content=\"600\" \/>\n\t<meta property=\"og:image:height\" content=\"429\" \/>\n\t<meta property=\"og:image:type\" content=\"image\/jpeg\" \/>\n<meta name=\"author\" content=\"Anthony\" \/>\n<meta name=\"twitter:card\" content=\"summary_large_image\" \/>\n<meta name=\"twitter:label1\" content=\"\u00c9crit par\" \/>\n\t<meta name=\"twitter:data1\" content=\"Anthony\" \/>\n\t<meta name=\"twitter:label2\" content=\"Dur\u00e9e de lecture estim\u00e9e\" \/>\n\t<meta name=\"twitter:data2\" content=\"1 minute\" \/>\n<script type=\"application\/ld+json\" class=\"yoast-schema-graph\">{\"@context\":\"https:\\\/\\\/schema.org\",\"@graph\":[{\"@type\":\"Article\",\"@id\":\"https:\\\/\\\/www.gold.fr\\\/news\\\/2011\\\/10\\\/21\\\/fievre-du-metal-jaune-qui-sont-les-plus-atteints\\\/#article\",\"isPartOf\":{\"@id\":\"https:\\\/\\\/www.gold.fr\\\/news\\\/2011\\\/10\\\/21\\\/fievre-du-metal-jaune-qui-sont-les-plus-atteints\\\/\"},\"author\":{\"name\":\"Anthony\",\"@id\":\"https:\\\/\\\/www.gold.fr\\\/news\\\/#\\\/schema\\\/person\\\/feb6458ffd7bceeeb4e228398c34fbe5\"},\"headline\":\"Fi\u00e8vre du m\u00e9tal jaune \u2013 Qui sont les plus \u00ab atteints \u00bb ?\",\"datePublished\":\"2011-10-21T07:27:56+00:00\",\"dateModified\":\"2021-01-14T10:15:08+00:00\",\"mainEntityOfPage\":{\"@id\":\"https:\\\/\\\/www.gold.fr\\\/news\\\/2011\\\/10\\\/21\\\/fievre-du-metal-jaune-qui-sont-les-plus-atteints\\\/\"},\"wordCount\":245,\"image\":{\"@id\":\"https:\\\/\\\/www.gold.fr\\\/news\\\/2011\\\/10\\\/21\\\/fievre-du-metal-jaune-qui-sont-les-plus-atteints\\\/#primaryimage\"},\"thumbnailUrl\":\"https:\\\/\\\/www.gold.fr\\\/news\\\/wp-content\\\/uploads\\\/2011\\\/10\\\/78327213.jpg\",\"keywords\":[\"demande d'or\",\"M\u00e9tal jaune\",\"Or\"],\"articleSection\":[\"Analyses Economiques\"],\"inLanguage\":\"fr-FR\"},{\"@type\":\"WebPage\",\"@id\":\"https:\\\/\\\/www.gold.fr\\\/news\\\/2011\\\/10\\\/21\\\/fievre-du-metal-jaune-qui-sont-les-plus-atteints\\\/\",\"url\":\"https:\\\/\\\/www.gold.fr\\\/news\\\/2011\\\/10\\\/21\\\/fievre-du-metal-jaune-qui-sont-les-plus-atteints\\\/\",\"name\":\"Fi\u00e8vre du m\u00e9tal jaune \u2013 Qui sont les plus \u00ab atteints \u00bb ? - Gold.fr\",\"isPartOf\":{\"@id\":\"https:\\\/\\\/www.gold.fr\\\/news\\\/#website\"},\"primaryImageOfPage\":{\"@id\":\"https:\\\/\\\/www.gold.fr\\\/news\\\/2011\\\/10\\\/21\\\/fievre-du-metal-jaune-qui-sont-les-plus-atteints\\\/#primaryimage\"},\"image\":{\"@id\":\"https:\\\/\\\/www.gold.fr\\\/news\\\/2011\\\/10\\\/21\\\/fievre-du-metal-jaune-qui-sont-les-plus-atteints\\\/#primaryimage\"},\"thumbnailUrl\":\"https:\\\/\\\/www.gold.fr\\\/news\\\/wp-content\\\/uploads\\\/2011\\\/10\\\/78327213.jpg\",\"datePublished\":\"2011-10-21T07:27:56+00:00\",\"dateModified\":\"2021-01-14T10:15:08+00:00\",\"author\":{\"@id\":\"https:\\\/\\\/www.gold.fr\\\/news\\\/#\\\/schema\\\/person\\\/feb6458ffd7bceeeb4e228398c34fbe5\"},\"breadcrumb\":{\"@id\":\"https:\\\/\\\/www.gold.fr\\\/news\\\/2011\\\/10\\\/21\\\/fievre-du-metal-jaune-qui-sont-les-plus-atteints\\\/#breadcrumb\"},\"inLanguage\":\"fr-FR\",\"potentialAction\":[{\"@type\":\"ReadAction\",\"target\":[\"https:\\\/\\\/www.gold.fr\\\/news\\\/2011\\\/10\\\/21\\\/fievre-du-metal-jaune-qui-sont-les-plus-atteints\\\/\"]}]},{\"@type\":\"ImageObject\",\"inLanguage\":\"fr-FR\",\"@id\":\"https:\\\/\\\/www.gold.fr\\\/news\\\/2011\\\/10\\\/21\\\/fievre-du-metal-jaune-qui-sont-les-plus-atteints\\\/#primaryimage\",\"url\":\"https:\\\/\\\/www.gold.fr\\\/news\\\/wp-content\\\/uploads\\\/2011\\\/10\\\/78327213.jpg\",\"contentUrl\":\"https:\\\/\\\/www.gold.fr\\\/news\\\/wp-content\\\/uploads\\\/2011\\\/10\\\/78327213.jpg\",\"width\":\"600\",\"height\":\"429\",\"caption\":\"Un calendrier hebdomadaire tr\u00e8s charg\u00e9\"},{\"@type\":\"BreadcrumbList\",\"@id\":\"https:\\\/\\\/www.gold.fr\\\/news\\\/2011\\\/10\\\/21\\\/fievre-du-metal-jaune-qui-sont-les-plus-atteints\\\/#breadcrumb\",\"itemListElement\":[{\"@type\":\"ListItem\",\"position\":1,\"name\":\"Accueil\",\"item\":\"https:\\\/\\\/www.gold.fr\\\/\"},{\"@type\":\"ListItem\",\"position\":2,\"name\":\"Actualit\u00e9s\",\"item\":\"https:\\\/\\\/www.gold.fr\\\/news\\\/\"},{\"@type\":\"ListItem\",\"position\":3,\"name\":\"Fi\u00e8vre du m\u00e9tal jaune \u2013 Qui sont les plus \u00ab atteints \u00bb ?\"}]},{\"@type\":\"WebSite\",\"@id\":\"https:\\\/\\\/www.gold.fr\\\/news\\\/#website\",\"url\":\"https:\\\/\\\/www.gold.fr\\\/news\\\/\",\"name\":\"Gold.fr\",\"description\":\"Actualit\u00e9s de l&#039;Or et des m\u00e9taux pr\u00e9cieux\",\"potentialAction\":[{\"@type\":\"SearchAction\",\"target\":{\"@type\":\"EntryPoint\",\"urlTemplate\":\"https:\\\/\\\/www.gold.fr\\\/news\\\/?s={search_term_string}\"},\"query-input\":{\"@type\":\"PropertyValueSpecification\",\"valueRequired\":true,\"valueName\":\"search_term_string\"}}],\"inLanguage\":\"fr-FR\"},{\"@type\":\"Person\",\"@id\":\"https:\\\/\\\/www.gold.fr\\\/news\\\/#\\\/schema\\\/person\\\/feb6458ffd7bceeeb4e228398c34fbe5\",\"name\":\"Anthony\",\"image\":{\"@type\":\"ImageObject\",\"inLanguage\":\"fr-FR\",\"@id\":\"https:\\\/\\\/secure.gravatar.com\\\/avatar\\\/19974f7c75da5f0b217374f3a37eb05031e41aaad4ceb3fe17ada2ab3daf6b95?s=96&d=mm&r=gbc5324aff3d366843e00df00c899c1a8\",\"url\":\"https:\\\/\\\/secure.gravatar.com\\\/avatar\\\/19974f7c75da5f0b217374f3a37eb05031e41aaad4ceb3fe17ada2ab3daf6b95?s=96&d=mm&r=g\",\"contentUrl\":\"https:\\\/\\\/secure.gravatar.com\\\/avatar\\\/19974f7c75da5f0b217374f3a37eb05031e41aaad4ceb3fe17ada2ab3daf6b95?s=96&d=mm&r=g\",\"caption\":\"Anthony\"},\"description\":\"Notre r\u00e9daction est constitu\u00e9e de membres experts dans les m\u00e9tiers de l'\u00e9conomie et la gestion, des Responsables d'agence Comptoir National de l'Or, des analystes financiers qui publient r\u00e9guli\u00e8rement des \u00e9tudes sur les politiques des banques centrales, le cours de l'or, le cours de l'argent, cours du platine, cours du palladium... la situation en zone euro et l'impact de la strat\u00e9gie mon\u00e9taire de la FED. Notre \u00e9quipe scrute \u00e9galement une information plus g\u00e9n\u00e9raliste \u00e0 la recherche d'actualit\u00e9 \\\"p\u00e9pite\\\" \u00e0 vous partager. Depuis 5 ans, nous avons publi\u00e9 un peu plus de 4000 articles qui s'adressent \u00e0 un public large et vari\u00e9 ayant pour objectif de satisfaire votre curiosit\u00e9 et de partager avec vous une certaine fascination pour le m\u00e9tal jaune, pour ceux qui veulent investir dans l'or, vendre leur or tout simplement en savoir plus...\",\"sameAs\":[\"https:\\\/\\\/www.gold.fr\\\/news\"]}]}<\/script>\n<!-- \/ Yoast SEO plugin. -->","yoast_head_json":{"title":"Fi\u00e8vre du m\u00e9tal jaune \u2013 Qui sont les plus \u00ab atteints \u00bb ? - Gold.fr","robots":{"index":"index","follow":"follow","max-snippet":"max-snippet:-1","max-image-preview":"max-image-preview:large","max-video-preview":"max-video-preview:-1"},"canonical":"https:\/\/www.gold.fr\/news\/2011\/10\/21\/fievre-du-metal-jaune-qui-sont-les-plus-atteints\/","og_locale":"fr_FR","og_type":"article","og_title":"Fi\u00e8vre du m\u00e9tal jaune \u2013 Qui sont les plus \u00ab atteints \u00bb ? - Gold.fr","og_description":"Premiers contamin\u00e9s heureux ; les particuliers, qui se tournent tr\u00e8s naturellement vers la solide valeur refuge de l&rsquo;or physique d\u00e8s que la crise pointe le bout de son nez. Pourtant, l&rsquo;analyste Yannick Colleu estime que \u00ab [&hellip;]","og_url":"https:\/\/www.gold.fr\/news\/2011\/10\/21\/fievre-du-metal-jaune-qui-sont-les-plus-atteints\/","og_site_name":"Gold.fr","article_publisher":"https:\/\/www.facebook.com\/Goldfr\/","article_published_time":"2011-10-21T07:27:56+00:00","article_modified_time":"2021-01-14T10:15:08+00:00","og_image":[{"width":600,"height":429,"url":"https:\/\/www.gold.fr\/news\/wp-content\/uploads\/2011\/10\/78327213.jpg","type":"image\/jpeg"}],"author":"Anthony","twitter_card":"summary_large_image","twitter_misc":{"\u00c9crit par":"Anthony","Dur\u00e9e de lecture estim\u00e9e":"1 minute"},"schema":{"@context":"https:\/\/schema.org","@graph":[{"@type":"Article","@id":"https:\/\/www.gold.fr\/news\/2011\/10\/21\/fievre-du-metal-jaune-qui-sont-les-plus-atteints\/#article","isPartOf":{"@id":"https:\/\/www.gold.fr\/news\/2011\/10\/21\/fievre-du-metal-jaune-qui-sont-les-plus-atteints\/"},"author":{"name":"Anthony","@id":"https:\/\/www.gold.fr\/news\/#\/schema\/person\/feb6458ffd7bceeeb4e228398c34fbe5"},"headline":"Fi\u00e8vre du m\u00e9tal jaune \u2013 Qui sont les plus \u00ab atteints \u00bb ?","datePublished":"2011-10-21T07:27:56+00:00","dateModified":"2021-01-14T10:15:08+00:00","mainEntityOfPage":{"@id":"https:\/\/www.gold.fr\/news\/2011\/10\/21\/fievre-du-metal-jaune-qui-sont-les-plus-atteints\/"},"wordCount":245,"image":{"@id":"https:\/\/www.gold.fr\/news\/2011\/10\/21\/fievre-du-metal-jaune-qui-sont-les-plus-atteints\/#primaryimage"},"thumbnailUrl":"https:\/\/www.gold.fr\/news\/wp-content\/uploads\/2011\/10\/78327213.jpg","keywords":["demande d'or","M\u00e9tal jaune","Or"],"articleSection":["Analyses Economiques"],"inLanguage":"fr-FR"},{"@type":"WebPage","@id":"https:\/\/www.gold.fr\/news\/2011\/10\/21\/fievre-du-metal-jaune-qui-sont-les-plus-atteints\/","url":"https:\/\/www.gold.fr\/news\/2011\/10\/21\/fievre-du-metal-jaune-qui-sont-les-plus-atteints\/","name":"Fi\u00e8vre du m\u00e9tal jaune \u2013 Qui sont les plus \u00ab atteints \u00bb ? - Gold.fr","isPartOf":{"@id":"https:\/\/www.gold.fr\/news\/#website"},"primaryImageOfPage":{"@id":"https:\/\/www.gold.fr\/news\/2011\/10\/21\/fievre-du-metal-jaune-qui-sont-les-plus-atteints\/#primaryimage"},"image":{"@id":"https:\/\/www.gold.fr\/news\/2011\/10\/21\/fievre-du-metal-jaune-qui-sont-les-plus-atteints\/#primaryimage"},"thumbnailUrl":"https:\/\/www.gold.fr\/news\/wp-content\/uploads\/2011\/10\/78327213.jpg","datePublished":"2011-10-21T07:27:56+00:00","dateModified":"2021-01-14T10:15:08+00:00","author":{"@id":"https:\/\/www.gold.fr\/news\/#\/schema\/person\/feb6458ffd7bceeeb4e228398c34fbe5"},"breadcrumb":{"@id":"https:\/\/www.gold.fr\/news\/2011\/10\/21\/fievre-du-metal-jaune-qui-sont-les-plus-atteints\/#breadcrumb"},"inLanguage":"fr-FR","potentialAction":[{"@type":"ReadAction","target":["https:\/\/www.gold.fr\/news\/2011\/10\/21\/fievre-du-metal-jaune-qui-sont-les-plus-atteints\/"]}]},{"@type":"ImageObject","inLanguage":"fr-FR","@id":"https:\/\/www.gold.fr\/news\/2011\/10\/21\/fievre-du-metal-jaune-qui-sont-les-plus-atteints\/#primaryimage","url":"https:\/\/www.gold.fr\/news\/wp-content\/uploads\/2011\/10\/78327213.jpg","contentUrl":"https:\/\/www.gold.fr\/news\/wp-content\/uploads\/2011\/10\/78327213.jpg","width":"600","height":"429","caption":"Un calendrier hebdomadaire tr\u00e8s charg\u00e9"},{"@type":"BreadcrumbList","@id":"https:\/\/www.gold.fr\/news\/2011\/10\/21\/fievre-du-metal-jaune-qui-sont-les-plus-atteints\/#breadcrumb","itemListElement":[{"@type":"ListItem","position":1,"name":"Accueil","item":"https:\/\/www.gold.fr\/"},{"@type":"ListItem","position":2,"name":"Actualit\u00e9s","item":"https:\/\/www.gold.fr\/news\/"},{"@type":"ListItem","position":3,"name":"Fi\u00e8vre du m\u00e9tal jaune \u2013 Qui sont les plus \u00ab atteints \u00bb ?"}]},{"@type":"WebSite","@id":"https:\/\/www.gold.fr\/news\/#website","url":"https:\/\/www.gold.fr\/news\/","name":"Gold.fr","description":"Actualit\u00e9s de l&#039;Or et des m\u00e9taux pr\u00e9cieux","potentialAction":[{"@type":"SearchAction","target":{"@type":"EntryPoint","urlTemplate":"https:\/\/www.gold.fr\/news\/?s={search_term_string}"},"query-input":{"@type":"PropertyValueSpecification","valueRequired":true,"valueName":"search_term_string"}}],"inLanguage":"fr-FR"},{"@type":"Person","@id":"https:\/\/www.gold.fr\/news\/#\/schema\/person\/feb6458ffd7bceeeb4e228398c34fbe5","name":"Anthony","image":{"@type":"ImageObject","inLanguage":"fr-FR","@id":"https:\/\/secure.gravatar.com\/avatar\/19974f7c75da5f0b217374f3a37eb05031e41aaad4ceb3fe17ada2ab3daf6b95?s=96&d=mm&r=gbc5324aff3d366843e00df00c899c1a8","url":"https:\/\/secure.gravatar.com\/avatar\/19974f7c75da5f0b217374f3a37eb05031e41aaad4ceb3fe17ada2ab3daf6b95?s=96&d=mm&r=g","contentUrl":"https:\/\/secure.gravatar.com\/avatar\/19974f7c75da5f0b217374f3a37eb05031e41aaad4ceb3fe17ada2ab3daf6b95?s=96&d=mm&r=g","caption":"Anthony"},"description":"Notre r\u00e9daction est constitu\u00e9e de membres experts dans les m\u00e9tiers de l'\u00e9conomie et la gestion, des Responsables d'agence Comptoir National de l'Or, des analystes financiers qui publient r\u00e9guli\u00e8rement des \u00e9tudes sur les politiques des banques centrales, le cours de l'or, le cours de l'argent, cours du platine, cours du palladium... la situation en zone euro et l'impact de la strat\u00e9gie mon\u00e9taire de la FED. Notre \u00e9quipe scrute \u00e9galement une information plus g\u00e9n\u00e9raliste \u00e0 la recherche d'actualit\u00e9 \"p\u00e9pite\" \u00e0 vous partager. Depuis 5 ans, nous avons publi\u00e9 un peu plus de 4000 articles qui s'adressent \u00e0 un public large et vari\u00e9 ayant pour objectif de satisfaire votre curiosit\u00e9 et de partager avec vous une certaine fascination pour le m\u00e9tal jaune, pour ceux qui veulent investir dans l'or, vendre leur or tout simplement en savoir plus...","sameAs":["https:\/\/www.gold.fr\/news"]}]}},"authors":[{"term_id":2562,"user_id":11,"is_guest":0,"slug":"anthony","display_name":"Anthony","avatar_url":"https:\/\/secure.gravatar.com\/avatar\/19974f7c75da5f0b217374f3a37eb05031e41aaad4ceb3fe17ada2ab3daf6b95?s=96&d=mm&r=g","0":null,"1":"","2":"","3":"","4":"","5":"","6":"","7":"","8":""}],"_links":{"self":[{"href":"https:\/\/www.gold.fr\/news\/wp-json\/wp\/v2\/posts\/2962","targetHints":{"allow":["GET"]}}],"collection":[{"href":"https:\/\/www.gold.fr\/news\/wp-json\/wp\/v2\/posts"}],"about":[{"href":"https:\/\/www.gold.fr\/news\/wp-json\/wp\/v2\/types\/post"}],"author":[{"embeddable":true,"href":"https:\/\/www.gold.fr\/news\/wp-json\/wp\/v2\/users\/11"}],"replies":[{"embeddable":true,"href":"https:\/\/www.gold.fr\/news\/wp-json\/wp\/v2\/comments?post=2962"}],"version-history":[{"count":0,"href":"https:\/\/www.gold.fr\/news\/wp-json\/wp\/v2\/posts\/2962\/revisions"}],"wp:featuredmedia":[{"embeddable":true,"href":"https:\/\/www.gold.fr\/news\/wp-json\/wp\/v2\/media\/2965"}],"wp:attachment":[{"href":"https:\/\/www.gold.fr\/news\/wp-json\/wp\/v2\/media?parent=2962"}],"wp:term":[{"taxonomy":"category","embeddable":true,"href":"https:\/\/www.gold.fr\/news\/wp-json\/wp\/v2\/categories?post=2962"},{"taxonomy":"post_tag","embeddable":true,"href":"https:\/\/www.gold.fr\/news\/wp-json\/wp\/v2\/tags?post=2962"},{"taxonomy":"author","embeddable":true,"href":"https:\/\/www.gold.fr\/news\/wp-json\/wp\/v2\/ppma_author?post=2962"}],"curies":[{"name":"wp","href":"https:\/\/api.w.org\/{rel}","templated":true}]}}