{"id":29268,"date":"2018-02-06T13:00:37","date_gmt":"2018-02-06T12:00:37","guid":{"rendered":"https:\/\/www.gold.fr\/news\/?p=29268"},"modified":"2021-01-11T15:44:29","modified_gmt":"2021-01-11T14:44:29","slug":"cours-de-lor-du-mardi-6-fevrier-2018","status":"publish","type":"post","link":"https:\/\/www.gold.fr\/news\/2018\/02\/06\/cours-de-lor-du-mardi-6-fevrier-2018\/","title":{"rendered":"Cours de l\u2019or du mardi 6 f\u00e9vrier 2018"},"content":{"rendered":"<p><img loading=\"lazy\" decoding=\"async\" class=\"alignleft size-thumbnail wp-image-20660\" src=\"https:\/\/www.gold.fr\/news\/wp-content\/uploads\/2016\/12\/Capture-d\u2019e\u0301cran-2017-01-11-a\u0300-11.06.17-150x150.png\" alt=\"\" width=\"150\" height=\"150\" \/>Le d\u00e9but de semaine a \u00e9t\u00e9 plut\u00f4t difficile au niveau des march\u00e9s financiers europ\u00e9ens. Ainsi, <strong>le DAX<\/strong> de Francfort accuse un recul de l&rsquo;ordre de <strong>0,8 %<\/strong> alors que <strong>le CAC 40<\/strong> de Paris baisse de <strong>1,4 %<\/strong> et <strong>le FTSE<\/strong> de Londres affiche une variation n\u00e9gative de <strong>1,2 %<\/strong>. Cette tendance a \u00e9t\u00e9 constat\u00e9e en d\u00e9pit de l&rsquo;acc\u00e9l\u00e9ration de l&rsquo;activit\u00e9 relative au secteur priv\u00e9 de la zone euro. De ce fait, apr\u00e8s avoir affich\u00e9 58,1 durant le mois de d\u00e9cembre dernier, l&rsquo;indice <strong>PMI<\/strong> final composite relatif \u00e0 l&rsquo;activit\u00e9 globale conna\u00eet une hausse durant le mois de janvier par rapport aux attentes des \u00e9conomistes qui esp\u00e9raient un niveau de 58,6. Selon les experts, si ce mouvement haussier venait \u00e0 se maintenir durant les mois de f\u00e9vrier et de mars, il est possible que<strong> le PMI<\/strong> connaisse une croissance trimestrielle de l&rsquo;ordre de <strong>1 %<\/strong>. Par ailleurs, les incertitudes politiques se multiplient cette semaine \u00e0 cause des nombreuses n\u00e9gociations dont celles qui concernent l&rsquo;accord de gouvernance en Allemagne ou <strong>le Brexit<\/strong> pour la p\u00e9riode de transition ou encore celles qui ont lieu aux Etats-Unis pour \u00e9viter un <strong>shutdown<\/strong>. Dans ce contexte, le m\u00e9tal jaune se remet au vert et affiche en ce mardi <strong>6 f\u00e9vrier 2018<\/strong> une variation positive de <strong>0,28 %<\/strong> ainsi qu&rsquo;un <a href=\"https:\/\/www.gold.fr\/cours-or-prix-de-l-or\/\" target=\"_blank\" rel=\"noopener noreferrer\">cours<\/a> d&rsquo;ouverture de <strong>1.338,20 dollars<\/strong> <a href=\"https:\/\/www.gold.fr\/once-or-nyc\/\" target=\"_blank\" rel=\"noopener noreferrer\">l\u2019once<\/a>.<\/p>\n<!-- AddThis Advanced Settings generic via filter on the_content --><!-- AddThis Share Buttons generic via filter on the_content -->","protected":false},"excerpt":{"rendered":"<p>Le d\u00e9but de semaine a \u00e9t\u00e9 plut\u00f4t difficile au niveau des march\u00e9s financiers europ\u00e9ens. Ainsi, le DAX de Francfort accuse un recul de l&rsquo;ordre de 0,8 % alors que le CAC 40 de Paris baisse de [&hellip;]<\/p>\n","protected":false},"author":18,"featured_media":20660,"comment_status":"closed","ping_status":"closed","sticky":false,"template":"","format":"standard","meta":{"_mbp_gutenberg_autopost":false,"_pgmb_is_evergreen":false,"_pgmb_ap_template_id":0,"footnotes":""},"categories":[5],"tags":[84],"ppma_author":[2565],"class_list":["post-29268","post","type-post","status-publish","format-standard","has-post-thumbnail","hentry","category-flash-infos","tag-cours-de-lor"],"yoast_head":"<!-- This site is optimized with the Yoast SEO plugin v27.5 - https:\/\/yoast.com\/product\/yoast-seo-wordpress\/ -->\n<title>Cours de l\u2019or du mardi 6 f\u00e9vrier 2018 - Gold.fr<\/title>\n<meta name=\"robots\" content=\"index, follow, max-snippet:-1, max-image-preview:large, max-video-preview:-1\" \/>\n<link rel=\"canonical\" href=\"https:\/\/www.gold.fr\/news\/2018\/02\/06\/cours-de-lor-du-mardi-6-fevrier-2018\/\" \/>\n<meta property=\"og:locale\" content=\"fr_FR\" \/>\n<meta property=\"og:type\" content=\"article\" \/>\n<meta property=\"og:title\" content=\"Cours de l\u2019or du mardi 6 f\u00e9vrier 2018 - Gold.fr\" \/>\n<meta property=\"og:description\" content=\"Le d\u00e9but de semaine a \u00e9t\u00e9 plut\u00f4t difficile au niveau des march\u00e9s financiers europ\u00e9ens. Ainsi, le DAX de Francfort accuse un recul de l&rsquo;ordre de 0,8 % alors que le CAC 40 de Paris baisse de [&hellip;]\" \/>\n<meta property=\"og:url\" content=\"https:\/\/www.gold.fr\/news\/2018\/02\/06\/cours-de-lor-du-mardi-6-fevrier-2018\/\" \/>\n<meta property=\"og:site_name\" content=\"Gold.fr\" \/>\n<meta property=\"article:publisher\" content=\"https:\/\/www.facebook.com\/Goldfr\/\" \/>\n<meta property=\"article:published_time\" content=\"2018-02-06T12:00:37+00:00\" \/>\n<meta property=\"article:modified_time\" content=\"2021-01-11T14:44:29+00:00\" \/>\n<meta property=\"og:image\" content=\"https:\/\/www.gold.fr\/news\/wp-content\/uploads\/2016\/12\/Capture-d\u2019e\u0301cran-2017-01-11-a\u0300-11.06.17.png\" \/>\n\t<meta property=\"og:image:width\" content=\"701\" \/>\n\t<meta property=\"og:image:height\" content=\"517\" \/>\n\t<meta property=\"og:image:type\" content=\"image\/png\" \/>\n<meta name=\"author\" content=\"Comptoir National de l&#039;Or\" \/>\n<meta name=\"twitter:card\" content=\"summary_large_image\" \/>\n<meta name=\"twitter:label1\" content=\"\u00c9crit par\" \/>\n\t<meta name=\"twitter:data1\" content=\"Comptoir National de l&#039;Or\" \/>\n\t<meta name=\"twitter:label2\" content=\"Dur\u00e9e de lecture estim\u00e9e\" \/>\n\t<meta name=\"twitter:data2\" content=\"1 minute\" \/>\n<script type=\"application\/ld+json\" class=\"yoast-schema-graph\">{\"@context\":\"https:\\\/\\\/schema.org\",\"@graph\":[{\"@type\":\"Article\",\"@id\":\"https:\\\/\\\/www.gold.fr\\\/news\\\/2018\\\/02\\\/06\\\/cours-de-lor-du-mardi-6-fevrier-2018\\\/#article\",\"isPartOf\":{\"@id\":\"https:\\\/\\\/www.gold.fr\\\/news\\\/2018\\\/02\\\/06\\\/cours-de-lor-du-mardi-6-fevrier-2018\\\/\"},\"author\":{\"name\":\"Comptoir National de l'Or\",\"@id\":\"https:\\\/\\\/www.gold.fr\\\/news\\\/#\\\/schema\\\/person\\\/070491b4b4fb7671bf59b3be20302ce9\"},\"headline\":\"Cours de l\u2019or du mardi 6 f\u00e9vrier 2018\",\"datePublished\":\"2018-02-06T12:00:37+00:00\",\"dateModified\":\"2021-01-11T14:44:29+00:00\",\"mainEntityOfPage\":{\"@id\":\"https:\\\/\\\/www.gold.fr\\\/news\\\/2018\\\/02\\\/06\\\/cours-de-lor-du-mardi-6-fevrier-2018\\\/\"},\"wordCount\":236,\"image\":{\"@id\":\"https:\\\/\\\/www.gold.fr\\\/news\\\/2018\\\/02\\\/06\\\/cours-de-lor-du-mardi-6-fevrier-2018\\\/#primaryimage\"},\"thumbnailUrl\":\"https:\\\/\\\/www.gold.fr\\\/news\\\/wp-content\\\/uploads\\\/2016\\\/12\\\/Capture-d\u2019e\u0301cran-2017-01-11-a\u0300-11.06.17.png\",\"keywords\":[\"Tout Cours de l'Or\"],\"articleSection\":[\"Flash infos\"],\"inLanguage\":\"fr-FR\"},{\"@type\":\"WebPage\",\"@id\":\"https:\\\/\\\/www.gold.fr\\\/news\\\/2018\\\/02\\\/06\\\/cours-de-lor-du-mardi-6-fevrier-2018\\\/\",\"url\":\"https:\\\/\\\/www.gold.fr\\\/news\\\/2018\\\/02\\\/06\\\/cours-de-lor-du-mardi-6-fevrier-2018\\\/\",\"name\":\"Cours de l\u2019or du mardi 6 f\u00e9vrier 2018 - Gold.fr\",\"isPartOf\":{\"@id\":\"https:\\\/\\\/www.gold.fr\\\/news\\\/#website\"},\"primaryImageOfPage\":{\"@id\":\"https:\\\/\\\/www.gold.fr\\\/news\\\/2018\\\/02\\\/06\\\/cours-de-lor-du-mardi-6-fevrier-2018\\\/#primaryimage\"},\"image\":{\"@id\":\"https:\\\/\\\/www.gold.fr\\\/news\\\/2018\\\/02\\\/06\\\/cours-de-lor-du-mardi-6-fevrier-2018\\\/#primaryimage\"},\"thumbnailUrl\":\"https:\\\/\\\/www.gold.fr\\\/news\\\/wp-content\\\/uploads\\\/2016\\\/12\\\/Capture-d\u2019e\u0301cran-2017-01-11-a\u0300-11.06.17.png\",\"datePublished\":\"2018-02-06T12:00:37+00:00\",\"dateModified\":\"2021-01-11T14:44:29+00:00\",\"author\":{\"@id\":\"https:\\\/\\\/www.gold.fr\\\/news\\\/#\\\/schema\\\/person\\\/070491b4b4fb7671bf59b3be20302ce9\"},\"breadcrumb\":{\"@id\":\"https:\\\/\\\/www.gold.fr\\\/news\\\/2018\\\/02\\\/06\\\/cours-de-lor-du-mardi-6-fevrier-2018\\\/#breadcrumb\"},\"inLanguage\":\"fr-FR\",\"potentialAction\":[{\"@type\":\"ReadAction\",\"target\":[\"https:\\\/\\\/www.gold.fr\\\/news\\\/2018\\\/02\\\/06\\\/cours-de-lor-du-mardi-6-fevrier-2018\\\/\"]}]},{\"@type\":\"ImageObject\",\"inLanguage\":\"fr-FR\",\"@id\":\"https:\\\/\\\/www.gold.fr\\\/news\\\/2018\\\/02\\\/06\\\/cours-de-lor-du-mardi-6-fevrier-2018\\\/#primaryimage\",\"url\":\"https:\\\/\\\/www.gold.fr\\\/news\\\/wp-content\\\/uploads\\\/2016\\\/12\\\/Capture-d\u2019e\u0301cran-2017-01-11-a\u0300-11.06.17.png\",\"contentUrl\":\"https:\\\/\\\/www.gold.fr\\\/news\\\/wp-content\\\/uploads\\\/2016\\\/12\\\/Capture-d\u2019e\u0301cran-2017-01-11-a\u0300-11.06.17.png\",\"width\":701,\"height\":517,\"caption\":\"L\u2019once termine la semaine dans le vert\"},{\"@type\":\"BreadcrumbList\",\"@id\":\"https:\\\/\\\/www.gold.fr\\\/news\\\/2018\\\/02\\\/06\\\/cours-de-lor-du-mardi-6-fevrier-2018\\\/#breadcrumb\",\"itemListElement\":[{\"@type\":\"ListItem\",\"position\":1,\"name\":\"Accueil\",\"item\":\"https:\\\/\\\/www.gold.fr\\\/\"},{\"@type\":\"ListItem\",\"position\":2,\"name\":\"Actualit\u00e9s\",\"item\":\"https:\\\/\\\/www.gold.fr\\\/news\\\/\"},{\"@type\":\"ListItem\",\"position\":3,\"name\":\"Cours de l\u2019or du mardi 6 f\u00e9vrier 2018\"}]},{\"@type\":\"WebSite\",\"@id\":\"https:\\\/\\\/www.gold.fr\\\/news\\\/#website\",\"url\":\"https:\\\/\\\/www.gold.fr\\\/news\\\/\",\"name\":\"Gold.fr\",\"description\":\"Actualit\u00e9s de l&#039;Or et des m\u00e9taux pr\u00e9cieux\",\"potentialAction\":[{\"@type\":\"SearchAction\",\"target\":{\"@type\":\"EntryPoint\",\"urlTemplate\":\"https:\\\/\\\/www.gold.fr\\\/news\\\/?s={search_term_string}\"},\"query-input\":{\"@type\":\"PropertyValueSpecification\",\"valueRequired\":true,\"valueName\":\"search_term_string\"}}],\"inLanguage\":\"fr-FR\"},{\"@type\":\"Person\",\"@id\":\"https:\\\/\\\/www.gold.fr\\\/news\\\/#\\\/schema\\\/person\\\/070491b4b4fb7671bf59b3be20302ce9\",\"name\":\"Comptoir National de l'Or\",\"image\":{\"@type\":\"ImageObject\",\"inLanguage\":\"fr-FR\",\"@id\":\"https:\\\/\\\/secure.gravatar.com\\\/avatar\\\/0a2867fd5abe37bed95d5a65e9d58f01756e11efc68af9888dfc50cfa7f65948?s=96&d=mm&r=gb490554db0a38188709de567aa58480d\",\"url\":\"https:\\\/\\\/secure.gravatar.com\\\/avatar\\\/0a2867fd5abe37bed95d5a65e9d58f01756e11efc68af9888dfc50cfa7f65948?s=96&d=mm&r=g\",\"contentUrl\":\"https:\\\/\\\/secure.gravatar.com\\\/avatar\\\/0a2867fd5abe37bed95d5a65e9d58f01756e11efc68af9888dfc50cfa7f65948?s=96&d=mm&r=g\",\"caption\":\"Comptoir National de l'Or\"},\"description\":\"Notre r\u00e9daction est constitu\u00e9e de membres experts dans les m\u00e9tiers de l'\u00e9conomie et la gestion, des Responsables d'agence Comptoir National de l'Or, des analystes financiers qui publient r\u00e9guli\u00e8rement des \u00e9tudes sur les politiques des banques centrales, le cours de l'or, prix de l'or, cours de l'argent, prix de l'argent, cours du platine, cours du palladium,... la situation en zone euro et l'impact de la strat\u00e9gie mon\u00e9taire de la FED. Notre \u00e9quipe scrute \u00e9galement une information plus g\u00e9n\u00e9raliste \u00e0 la recherche d'actualit\u00e9 \\\"p\u00e9pite\\\" \u00e0 vous partager. Depuis 5 ans, nous avons publi\u00e9 un peu plus de 4000 articles qui s'adressent \u00e0 un public large et vari\u00e9 ayant pour objectif de satisfaire votre curiosit\u00e9 et de partager avec vous une certaine fascination pour le m\u00e9tal jaune, le rachat d'or, et pour ceux qui veulent investir dans l'or, vendre leur or tout simplement en savoir plus... Pour tous vos achat or et argent, n'h\u00e9sitez pas \u00e0 prendre rendez-vous dans l'un de nos nombreux comptoirs.\",\"sameAs\":[\"https:\\\/\\\/www.gold.fr\"]}]}<\/script>\n<!-- \/ Yoast SEO plugin. -->","yoast_head_json":{"title":"Cours de l\u2019or du mardi 6 f\u00e9vrier 2018 - Gold.fr","robots":{"index":"index","follow":"follow","max-snippet":"max-snippet:-1","max-image-preview":"max-image-preview:large","max-video-preview":"max-video-preview:-1"},"canonical":"https:\/\/www.gold.fr\/news\/2018\/02\/06\/cours-de-lor-du-mardi-6-fevrier-2018\/","og_locale":"fr_FR","og_type":"article","og_title":"Cours de l\u2019or du mardi 6 f\u00e9vrier 2018 - Gold.fr","og_description":"Le d\u00e9but de semaine a \u00e9t\u00e9 plut\u00f4t difficile au niveau des march\u00e9s financiers europ\u00e9ens. Ainsi, le DAX de Francfort accuse un recul de l&rsquo;ordre de 0,8 % alors que le CAC 40 de Paris baisse de [&hellip;]","og_url":"https:\/\/www.gold.fr\/news\/2018\/02\/06\/cours-de-lor-du-mardi-6-fevrier-2018\/","og_site_name":"Gold.fr","article_publisher":"https:\/\/www.facebook.com\/Goldfr\/","article_published_time":"2018-02-06T12:00:37+00:00","article_modified_time":"2021-01-11T14:44:29+00:00","og_image":[{"width":701,"height":517,"url":"https:\/\/www.gold.fr\/news\/wp-content\/uploads\/2016\/12\/Capture-d\u2019e\u0301cran-2017-01-11-a\u0300-11.06.17.png","type":"image\/png"}],"author":"Comptoir National de l'Or","twitter_card":"summary_large_image","twitter_misc":{"\u00c9crit par":"Comptoir National de l'Or","Dur\u00e9e de lecture estim\u00e9e":"1 minute"},"schema":{"@context":"https:\/\/schema.org","@graph":[{"@type":"Article","@id":"https:\/\/www.gold.fr\/news\/2018\/02\/06\/cours-de-lor-du-mardi-6-fevrier-2018\/#article","isPartOf":{"@id":"https:\/\/www.gold.fr\/news\/2018\/02\/06\/cours-de-lor-du-mardi-6-fevrier-2018\/"},"author":{"name":"Comptoir National de l'Or","@id":"https:\/\/www.gold.fr\/news\/#\/schema\/person\/070491b4b4fb7671bf59b3be20302ce9"},"headline":"Cours de l\u2019or du mardi 6 f\u00e9vrier 2018","datePublished":"2018-02-06T12:00:37+00:00","dateModified":"2021-01-11T14:44:29+00:00","mainEntityOfPage":{"@id":"https:\/\/www.gold.fr\/news\/2018\/02\/06\/cours-de-lor-du-mardi-6-fevrier-2018\/"},"wordCount":236,"image":{"@id":"https:\/\/www.gold.fr\/news\/2018\/02\/06\/cours-de-lor-du-mardi-6-fevrier-2018\/#primaryimage"},"thumbnailUrl":"https:\/\/www.gold.fr\/news\/wp-content\/uploads\/2016\/12\/Capture-d\u2019e\u0301cran-2017-01-11-a\u0300-11.06.17.png","keywords":["Tout Cours de l'Or"],"articleSection":["Flash infos"],"inLanguage":"fr-FR"},{"@type":"WebPage","@id":"https:\/\/www.gold.fr\/news\/2018\/02\/06\/cours-de-lor-du-mardi-6-fevrier-2018\/","url":"https:\/\/www.gold.fr\/news\/2018\/02\/06\/cours-de-lor-du-mardi-6-fevrier-2018\/","name":"Cours de l\u2019or du mardi 6 f\u00e9vrier 2018 - Gold.fr","isPartOf":{"@id":"https:\/\/www.gold.fr\/news\/#website"},"primaryImageOfPage":{"@id":"https:\/\/www.gold.fr\/news\/2018\/02\/06\/cours-de-lor-du-mardi-6-fevrier-2018\/#primaryimage"},"image":{"@id":"https:\/\/www.gold.fr\/news\/2018\/02\/06\/cours-de-lor-du-mardi-6-fevrier-2018\/#primaryimage"},"thumbnailUrl":"https:\/\/www.gold.fr\/news\/wp-content\/uploads\/2016\/12\/Capture-d\u2019e\u0301cran-2017-01-11-a\u0300-11.06.17.png","datePublished":"2018-02-06T12:00:37+00:00","dateModified":"2021-01-11T14:44:29+00:00","author":{"@id":"https:\/\/www.gold.fr\/news\/#\/schema\/person\/070491b4b4fb7671bf59b3be20302ce9"},"breadcrumb":{"@id":"https:\/\/www.gold.fr\/news\/2018\/02\/06\/cours-de-lor-du-mardi-6-fevrier-2018\/#breadcrumb"},"inLanguage":"fr-FR","potentialAction":[{"@type":"ReadAction","target":["https:\/\/www.gold.fr\/news\/2018\/02\/06\/cours-de-lor-du-mardi-6-fevrier-2018\/"]}]},{"@type":"ImageObject","inLanguage":"fr-FR","@id":"https:\/\/www.gold.fr\/news\/2018\/02\/06\/cours-de-lor-du-mardi-6-fevrier-2018\/#primaryimage","url":"https:\/\/www.gold.fr\/news\/wp-content\/uploads\/2016\/12\/Capture-d\u2019e\u0301cran-2017-01-11-a\u0300-11.06.17.png","contentUrl":"https:\/\/www.gold.fr\/news\/wp-content\/uploads\/2016\/12\/Capture-d\u2019e\u0301cran-2017-01-11-a\u0300-11.06.17.png","width":701,"height":517,"caption":"L\u2019once termine la semaine dans le vert"},{"@type":"BreadcrumbList","@id":"https:\/\/www.gold.fr\/news\/2018\/02\/06\/cours-de-lor-du-mardi-6-fevrier-2018\/#breadcrumb","itemListElement":[{"@type":"ListItem","position":1,"name":"Accueil","item":"https:\/\/www.gold.fr\/"},{"@type":"ListItem","position":2,"name":"Actualit\u00e9s","item":"https:\/\/www.gold.fr\/news\/"},{"@type":"ListItem","position":3,"name":"Cours de l\u2019or du mardi 6 f\u00e9vrier 2018"}]},{"@type":"WebSite","@id":"https:\/\/www.gold.fr\/news\/#website","url":"https:\/\/www.gold.fr\/news\/","name":"Gold.fr","description":"Actualit\u00e9s de l&#039;Or et des m\u00e9taux pr\u00e9cieux","potentialAction":[{"@type":"SearchAction","target":{"@type":"EntryPoint","urlTemplate":"https:\/\/www.gold.fr\/news\/?s={search_term_string}"},"query-input":{"@type":"PropertyValueSpecification","valueRequired":true,"valueName":"search_term_string"}}],"inLanguage":"fr-FR"},{"@type":"Person","@id":"https:\/\/www.gold.fr\/news\/#\/schema\/person\/070491b4b4fb7671bf59b3be20302ce9","name":"Comptoir National de l'Or","image":{"@type":"ImageObject","inLanguage":"fr-FR","@id":"https:\/\/secure.gravatar.com\/avatar\/0a2867fd5abe37bed95d5a65e9d58f01756e11efc68af9888dfc50cfa7f65948?s=96&d=mm&r=gb490554db0a38188709de567aa58480d","url":"https:\/\/secure.gravatar.com\/avatar\/0a2867fd5abe37bed95d5a65e9d58f01756e11efc68af9888dfc50cfa7f65948?s=96&d=mm&r=g","contentUrl":"https:\/\/secure.gravatar.com\/avatar\/0a2867fd5abe37bed95d5a65e9d58f01756e11efc68af9888dfc50cfa7f65948?s=96&d=mm&r=g","caption":"Comptoir National de l'Or"},"description":"Notre r\u00e9daction est constitu\u00e9e de membres experts dans les m\u00e9tiers de l'\u00e9conomie et la gestion, des Responsables d'agence Comptoir National de l'Or, des analystes financiers qui publient r\u00e9guli\u00e8rement des \u00e9tudes sur les politiques des banques centrales, le cours de l'or, prix de l'or, cours de l'argent, prix de l'argent, cours du platine, cours du palladium,... la situation en zone euro et l'impact de la strat\u00e9gie mon\u00e9taire de la FED. Notre \u00e9quipe scrute \u00e9galement une information plus g\u00e9n\u00e9raliste \u00e0 la recherche d'actualit\u00e9 \"p\u00e9pite\" \u00e0 vous partager. Depuis 5 ans, nous avons publi\u00e9 un peu plus de 4000 articles qui s'adressent \u00e0 un public large et vari\u00e9 ayant pour objectif de satisfaire votre curiosit\u00e9 et de partager avec vous une certaine fascination pour le m\u00e9tal jaune, le rachat d'or, et pour ceux qui veulent investir dans l'or, vendre leur or tout simplement en savoir plus... Pour tous vos achat or et argent, n'h\u00e9sitez pas \u00e0 prendre rendez-vous dans l'un de nos nombreux comptoirs.","sameAs":["https:\/\/www.gold.fr"]}]}},"authors":[{"term_id":2565,"user_id":18,"is_guest":0,"slug":"julie","display_name":"Comptoir National de l'Or","avatar_url":"https:\/\/secure.gravatar.com\/avatar\/713f289e398d35ead876c4a4cc08607f0d6d266058cfc25683fffb6092d0e572?s=96&d=mm&r=g","0":null,"1":"","2":"","3":"","4":"","5":"","6":"","7":"","8":""}],"_links":{"self":[{"href":"https:\/\/www.gold.fr\/news\/wp-json\/wp\/v2\/posts\/29268","targetHints":{"allow":["GET"]}}],"collection":[{"href":"https:\/\/www.gold.fr\/news\/wp-json\/wp\/v2\/posts"}],"about":[{"href":"https:\/\/www.gold.fr\/news\/wp-json\/wp\/v2\/types\/post"}],"author":[{"embeddable":true,"href":"https:\/\/www.gold.fr\/news\/wp-json\/wp\/v2\/users\/18"}],"replies":[{"embeddable":true,"href":"https:\/\/www.gold.fr\/news\/wp-json\/wp\/v2\/comments?post=29268"}],"version-history":[{"count":0,"href":"https:\/\/www.gold.fr\/news\/wp-json\/wp\/v2\/posts\/29268\/revisions"}],"wp:featuredmedia":[{"embeddable":true,"href":"https:\/\/www.gold.fr\/news\/wp-json\/wp\/v2\/media\/20660"}],"wp:attachment":[{"href":"https:\/\/www.gold.fr\/news\/wp-json\/wp\/v2\/media?parent=29268"}],"wp:term":[{"taxonomy":"category","embeddable":true,"href":"https:\/\/www.gold.fr\/news\/wp-json\/wp\/v2\/categories?post=29268"},{"taxonomy":"post_tag","embeddable":true,"href":"https:\/\/www.gold.fr\/news\/wp-json\/wp\/v2\/tags?post=29268"},{"taxonomy":"author","embeddable":true,"href":"https:\/\/www.gold.fr\/news\/wp-json\/wp\/v2\/ppma_author?post=29268"}],"curies":[{"name":"wp","href":"https:\/\/api.w.org\/{rel}","templated":true}]}}