{"id":2908,"date":"2011-10-19T14:30:23","date_gmt":"2011-10-19T14:30:23","guid":{"rendered":"http:\/\/news.gold.fr\/?p=2908"},"modified":"2017-11-02T11:37:17","modified_gmt":"2017-11-02T10:37:17","slug":"prix-de-lor-un-retour-definitif-a-la-normale","status":"publish","type":"post","link":"https:\/\/www.gold.fr\/news\/2011\/10\/19\/prix-de-lor-un-retour-definitif-a-la-normale\/","title":{"rendered":"Prix de l\u2019or \u2013 Un retour \u00ab\u00a0d\u00e9finitif\u00a0\u00bb \u00e0 la normale ?"},"content":{"rendered":"<p style=\"text-align: justify;\"><span style=\"font-size: small; font-family: verdana, geneva;\"><img loading=\"lazy\" decoding=\"async\" class=\"alignleft size-thumbnail wp-image-2912\" style=\"float: left; border-width: 1px; border-color: black; border-style: solid; margin: 5px;\" title=\"Prix de l'or\" src=\"http:\/\/news.gold.fr\/wp-content\/uploads\/2011\/10\/pi\u00e8ces-or-150x150.jpg\" alt=\"\" width=\"150\" height=\"150\" \/>Apr\u00e8s une <strong><a href=\"https:\/\/www.gold.fr\/cours-prix-de-l-or\/\" target=\"_blank\">tendance haussi\u00e8re<\/a><\/strong> qui s&rsquo;est prolong\u00e9e sur plusieurs semaines (environ deux mois), le pr\u00e9cieux <a href='https:\/\/www.gold.fr\/news\/tags\/or' class='esk-seo-plu-link'>m\u00e9tal jaune<\/a> a connu un mois de septembre plut\u00f4t stagnant. <strong>L&rsquo;<a href='https:\/\/www.gold.fr\/news\/tags\/or' class='esk-seo-plu-link'>or<\/a><\/strong> est ainsi pass\u00e9 du record historique de 1.920 dollars l&rsquo;once (enregistr\u00e9 le 6 septembre dernier) \u00e0 1.500 dollars, avant de remonter doucement vers les 1600 dollars.<\/span><\/p>\n<p style=\"text-align: justify;\"><span style=\"font-size: small; font-family: verdana, geneva;\">Est-ce donc un retour \u00e0 la \u00ab normale \u00bb d\u00e9finitif ? Est-ce la fin de la \u00ab saga \u00bb haussi\u00e8re du <a href='https:\/\/www.gold.fr\/news\/tags\/or' class='esk-seo-plu-link'>m\u00e9tal jaune<\/a> ?<\/span><\/p>\n<p style=\"text-align: justify;\"><span style=\"font-size: small; font-family: verdana, geneva;\">Que l&rsquo;on se rassure ; <strong>l&rsquo;<a href='https:\/\/www.gold.fr\/news\/tags\/or' class='esk-seo-plu-link'>or<\/a><\/strong> a encore des jours bien ensoleill\u00e9s devant lui. M\u00eame \u00e0 un niveau situ\u00e9 entre 1.600 et 1.700 dollars l&rsquo;once, le pr\u00e9cieux m\u00e9tal maintient tout de m\u00eame <strong>un taux de hausse de plus de 18%<\/strong> depuis le d\u00e9but de l&rsquo;ann\u00e9e. <strong>L&rsquo;<a href='https:\/\/www.gold.fr\/news\/tags\/or' class='esk-seo-plu-link'>or<\/a><\/strong> est \u00e9galement et certainement en train de marquer sa <strong>onzi\u00e8me ann\u00e9e cons\u00e9cutive de hausse<\/strong>.<\/span><\/p>\n<p style=\"text-align: justify;\"><span style=\"font-size: small; font-family: verdana, geneva;\">Ce succ\u00e8s qui triomphe de la correction est consolid\u00e9 par une demande aussi forte que constante. Depuis pr\u00e8s de deux ans, la banque chinoise Industrial and Commercial Bank of China (ICBC) a mis en place un dispositif de comptes \u00e9pargne <strong><a href='https:\/\/www.gold.fr\/news\/tags\/or' class='esk-seo-plu-link'>or<\/a><\/strong>, ainsi qu&rsquo;une gamme enti\u00e8re de <strong><a href=\"https:\/\/www.gold.fr\/informations-sur-l-or\/glossaire\/lingotins\" target=\"_blank\">lingotins<\/a><\/strong> dans le but de satisfaire la demande nationale grandissante.<\/span><\/p>\n<p style=\"text-align: justify;\"><span style=\"font-size: small; font-family: verdana, geneva;\">De son c\u00f4t\u00e9, l&rsquo;Inde, mondialement connue pour sa gourmandise aurif\u00e8re, maintient sa consommation boulimique des <strong>bijoux en <a href='https:\/\/www.gold.fr\/news\/tags\/or' class='esk-seo-plu-link'>or<\/a><\/strong> et monopolise toujours 25% de la consommation mondiale. L&rsquo;inde est ainsi suivie de tr\u00e8s pr\u00e8s par la <strong>Chine<\/strong> qui est \u00e9galement, accessoirement  class\u00e9e <strong>premier producteur mondial de l&rsquo;<a href='https:\/\/www.gold.fr\/news\/tags\/or' class='esk-seo-plu-link'>or<\/a><\/strong>.<\/span><\/p>\n<!-- AddThis Advanced Settings generic via filter on the_content --><!-- AddThis Share Buttons generic via filter on the_content -->","protected":false},"excerpt":{"rendered":"<p>Apr\u00e8s une tendance haussi\u00e8re qui s&rsquo;est prolong\u00e9e sur plusieurs semaines (environ deux mois), le pr\u00e9cieux m\u00e9tal jaune a connu un mois de septembre plut\u00f4t stagnant. L&rsquo;or est ainsi pass\u00e9 du record historique de 1.920 dollars l&rsquo;once [&hellip;]<\/p>\n","protected":false},"author":11,"featured_media":2912,"comment_status":"open","ping_status":"open","sticky":false,"template":"","format":"standard","meta":{"_mbp_gutenberg_autopost":false,"_pgmb_is_evergreen":false,"_pgmb_ap_template_id":0,"footnotes":""},"categories":[6],"tags":[82,81,76,83,80],"ppma_author":[2562],"class_list":["post-2908","post","type-post","status-publish","format-standard","has-post-thumbnail","hentry","category-articles-de-presse","tag-bijoux-en-or","tag-lingotin","tag-or","tag-prix-de-lor","tag-tendance-or"],"yoast_head":"<!-- This site is optimized with the Yoast SEO plugin v27.5 - https:\/\/yoast.com\/product\/yoast-seo-wordpress\/ -->\n<title>Prix de l\u2019or \u2013 Un retour &quot;d\u00e9finitif&quot; \u00e0 la normale ? - Gold.fr<\/title>\n<meta name=\"robots\" content=\"index, follow, max-snippet:-1, max-image-preview:large, max-video-preview:-1\" \/>\n<link rel=\"canonical\" href=\"https:\/\/www.gold.fr\/news\/2011\/10\/19\/prix-de-lor-un-retour-definitif-a-la-normale\/\" \/>\n<meta property=\"og:locale\" content=\"fr_FR\" \/>\n<meta property=\"og:type\" content=\"article\" \/>\n<meta property=\"og:title\" content=\"Prix de l\u2019or \u2013 Un retour &quot;d\u00e9finitif&quot; \u00e0 la normale ? - Gold.fr\" \/>\n<meta property=\"og:description\" content=\"Apr\u00e8s une tendance haussi\u00e8re qui s&rsquo;est prolong\u00e9e sur plusieurs semaines (environ deux mois), le pr\u00e9cieux m\u00e9tal jaune a connu un mois de septembre plut\u00f4t stagnant. L&rsquo;or est ainsi pass\u00e9 du record historique de 1.920 dollars l&rsquo;once [&hellip;]\" \/>\n<meta property=\"og:url\" content=\"https:\/\/www.gold.fr\/news\/2011\/10\/19\/prix-de-lor-un-retour-definitif-a-la-normale\/\" \/>\n<meta property=\"og:site_name\" content=\"Gold.fr\" \/>\n<meta property=\"article:publisher\" content=\"https:\/\/www.facebook.com\/Goldfr\/\" \/>\n<meta property=\"article:published_time\" content=\"2011-10-19T14:30:23+00:00\" \/>\n<meta property=\"article:modified_time\" content=\"2017-11-02T10:37:17+00:00\" \/>\n<meta property=\"og:image\" content=\"https:\/\/www.gold.fr\/news\/wp-content\/uploads\/2011\/10\/pi\u00e8ces-or.jpg\" \/>\n\t<meta property=\"og:image:width\" content=\"600\" \/>\n\t<meta property=\"og:image:height\" content=\"398\" \/>\n\t<meta property=\"og:image:type\" content=\"image\/jpeg\" \/>\n<meta name=\"author\" content=\"Anthony\" \/>\n<meta name=\"twitter:card\" content=\"summary_large_image\" \/>\n<meta name=\"twitter:label1\" content=\"\u00c9crit par\" \/>\n\t<meta name=\"twitter:data1\" content=\"Anthony\" \/>\n\t<meta name=\"twitter:label2\" content=\"Dur\u00e9e de lecture estim\u00e9e\" \/>\n\t<meta name=\"twitter:data2\" content=\"1 minute\" \/>\n<script type=\"application\/ld+json\" class=\"yoast-schema-graph\">{\"@context\":\"https:\\\/\\\/schema.org\",\"@graph\":[{\"@type\":\"Article\",\"@id\":\"https:\\\/\\\/www.gold.fr\\\/news\\\/2011\\\/10\\\/19\\\/prix-de-lor-un-retour-definitif-a-la-normale\\\/#article\",\"isPartOf\":{\"@id\":\"https:\\\/\\\/www.gold.fr\\\/news\\\/2011\\\/10\\\/19\\\/prix-de-lor-un-retour-definitif-a-la-normale\\\/\"},\"author\":{\"name\":\"Anthony\",\"@id\":\"https:\\\/\\\/www.gold.fr\\\/news\\\/#\\\/schema\\\/person\\\/feb6458ffd7bceeeb4e228398c34fbe5\"},\"headline\":\"Prix de l\u2019or \u2013 Un retour \u00ab\u00a0d\u00e9finitif\u00a0\u00bb \u00e0 la normale ?\",\"datePublished\":\"2011-10-19T14:30:23+00:00\",\"dateModified\":\"2017-11-02T10:37:17+00:00\",\"mainEntityOfPage\":{\"@id\":\"https:\\\/\\\/www.gold.fr\\\/news\\\/2011\\\/10\\\/19\\\/prix-de-lor-un-retour-definitif-a-la-normale\\\/\"},\"wordCount\":269,\"commentCount\":0,\"image\":{\"@id\":\"https:\\\/\\\/www.gold.fr\\\/news\\\/2011\\\/10\\\/19\\\/prix-de-lor-un-retour-definitif-a-la-normale\\\/#primaryimage\"},\"thumbnailUrl\":\"https:\\\/\\\/www.gold.fr\\\/news\\\/wp-content\\\/uploads\\\/2011\\\/10\\\/pi\u00e8ces-or.jpg\",\"keywords\":[\"bijoux en or\",\"lingotin\",\"Or\",\"prix de l'or\",\"tendance or\"],\"articleSection\":[\"Articles de presse\"],\"inLanguage\":\"fr-FR\"},{\"@type\":\"WebPage\",\"@id\":\"https:\\\/\\\/www.gold.fr\\\/news\\\/2011\\\/10\\\/19\\\/prix-de-lor-un-retour-definitif-a-la-normale\\\/\",\"url\":\"https:\\\/\\\/www.gold.fr\\\/news\\\/2011\\\/10\\\/19\\\/prix-de-lor-un-retour-definitif-a-la-normale\\\/\",\"name\":\"Prix de l\u2019or \u2013 Un retour \\\"d\u00e9finitif\\\" \u00e0 la normale ? - Gold.fr\",\"isPartOf\":{\"@id\":\"https:\\\/\\\/www.gold.fr\\\/news\\\/#website\"},\"primaryImageOfPage\":{\"@id\":\"https:\\\/\\\/www.gold.fr\\\/news\\\/2011\\\/10\\\/19\\\/prix-de-lor-un-retour-definitif-a-la-normale\\\/#primaryimage\"},\"image\":{\"@id\":\"https:\\\/\\\/www.gold.fr\\\/news\\\/2011\\\/10\\\/19\\\/prix-de-lor-un-retour-definitif-a-la-normale\\\/#primaryimage\"},\"thumbnailUrl\":\"https:\\\/\\\/www.gold.fr\\\/news\\\/wp-content\\\/uploads\\\/2011\\\/10\\\/pi\u00e8ces-or.jpg\",\"datePublished\":\"2011-10-19T14:30:23+00:00\",\"dateModified\":\"2017-11-02T10:37:17+00:00\",\"author\":{\"@id\":\"https:\\\/\\\/www.gold.fr\\\/news\\\/#\\\/schema\\\/person\\\/feb6458ffd7bceeeb4e228398c34fbe5\"},\"breadcrumb\":{\"@id\":\"https:\\\/\\\/www.gold.fr\\\/news\\\/2011\\\/10\\\/19\\\/prix-de-lor-un-retour-definitif-a-la-normale\\\/#breadcrumb\"},\"inLanguage\":\"fr-FR\",\"potentialAction\":[{\"@type\":\"ReadAction\",\"target\":[\"https:\\\/\\\/www.gold.fr\\\/news\\\/2011\\\/10\\\/19\\\/prix-de-lor-un-retour-definitif-a-la-normale\\\/\"]}]},{\"@type\":\"ImageObject\",\"inLanguage\":\"fr-FR\",\"@id\":\"https:\\\/\\\/www.gold.fr\\\/news\\\/2011\\\/10\\\/19\\\/prix-de-lor-un-retour-definitif-a-la-normale\\\/#primaryimage\",\"url\":\"https:\\\/\\\/www.gold.fr\\\/news\\\/wp-content\\\/uploads\\\/2011\\\/10\\\/pi\u00e8ces-or.jpg\",\"contentUrl\":\"https:\\\/\\\/www.gold.fr\\\/news\\\/wp-content\\\/uploads\\\/2011\\\/10\\\/pi\u00e8ces-or.jpg\",\"width\":\"600\",\"height\":\"398\",\"caption\":\"Une m\u00e9thode \u00e9cologique pour extraire les m\u00e9taux pr\u00e9cieux des appareils mobiles\"},{\"@type\":\"BreadcrumbList\",\"@id\":\"https:\\\/\\\/www.gold.fr\\\/news\\\/2011\\\/10\\\/19\\\/prix-de-lor-un-retour-definitif-a-la-normale\\\/#breadcrumb\",\"itemListElement\":[{\"@type\":\"ListItem\",\"position\":1,\"name\":\"Accueil\",\"item\":\"https:\\\/\\\/www.gold.fr\\\/\"},{\"@type\":\"ListItem\",\"position\":2,\"name\":\"Actualit\u00e9s\",\"item\":\"https:\\\/\\\/www.gold.fr\\\/news\\\/\"},{\"@type\":\"ListItem\",\"position\":3,\"name\":\"Prix de l\u2019or \u2013 Un retour \u00ab\u00a0d\u00e9finitif\u00a0\u00bb \u00e0 la normale ?\"}]},{\"@type\":\"WebSite\",\"@id\":\"https:\\\/\\\/www.gold.fr\\\/news\\\/#website\",\"url\":\"https:\\\/\\\/www.gold.fr\\\/news\\\/\",\"name\":\"Gold.fr\",\"description\":\"Actualit\u00e9s de l&#039;Or et des m\u00e9taux pr\u00e9cieux\",\"potentialAction\":[{\"@type\":\"SearchAction\",\"target\":{\"@type\":\"EntryPoint\",\"urlTemplate\":\"https:\\\/\\\/www.gold.fr\\\/news\\\/?s={search_term_string}\"},\"query-input\":{\"@type\":\"PropertyValueSpecification\",\"valueRequired\":true,\"valueName\":\"search_term_string\"}}],\"inLanguage\":\"fr-FR\"},{\"@type\":\"Person\",\"@id\":\"https:\\\/\\\/www.gold.fr\\\/news\\\/#\\\/schema\\\/person\\\/feb6458ffd7bceeeb4e228398c34fbe5\",\"name\":\"Anthony\",\"image\":{\"@type\":\"ImageObject\",\"inLanguage\":\"fr-FR\",\"@id\":\"https:\\\/\\\/secure.gravatar.com\\\/avatar\\\/19974f7c75da5f0b217374f3a37eb05031e41aaad4ceb3fe17ada2ab3daf6b95?s=96&d=mm&r=gbc5324aff3d366843e00df00c899c1a8\",\"url\":\"https:\\\/\\\/secure.gravatar.com\\\/avatar\\\/19974f7c75da5f0b217374f3a37eb05031e41aaad4ceb3fe17ada2ab3daf6b95?s=96&d=mm&r=g\",\"contentUrl\":\"https:\\\/\\\/secure.gravatar.com\\\/avatar\\\/19974f7c75da5f0b217374f3a37eb05031e41aaad4ceb3fe17ada2ab3daf6b95?s=96&d=mm&r=g\",\"caption\":\"Anthony\"},\"description\":\"Notre r\u00e9daction est constitu\u00e9e de membres experts dans les m\u00e9tiers de l'\u00e9conomie et la gestion, des Responsables d'agence Comptoir National de l'Or, des analystes financiers qui publient r\u00e9guli\u00e8rement des \u00e9tudes sur les politiques des banques centrales, le cours de l'or, le cours de l'argent, cours du platine, cours du palladium... la situation en zone euro et l'impact de la strat\u00e9gie mon\u00e9taire de la FED. Notre \u00e9quipe scrute \u00e9galement une information plus g\u00e9n\u00e9raliste \u00e0 la recherche d'actualit\u00e9 \\\"p\u00e9pite\\\" \u00e0 vous partager. Depuis 5 ans, nous avons publi\u00e9 un peu plus de 4000 articles qui s'adressent \u00e0 un public large et vari\u00e9 ayant pour objectif de satisfaire votre curiosit\u00e9 et de partager avec vous une certaine fascination pour le m\u00e9tal jaune, pour ceux qui veulent investir dans l'or, vendre leur or tout simplement en savoir plus...\",\"sameAs\":[\"https:\\\/\\\/www.gold.fr\\\/news\"]}]}<\/script>\n<!-- \/ Yoast SEO plugin. -->","yoast_head_json":{"title":"Prix de l\u2019or \u2013 Un retour \"d\u00e9finitif\" \u00e0 la normale ? - Gold.fr","robots":{"index":"index","follow":"follow","max-snippet":"max-snippet:-1","max-image-preview":"max-image-preview:large","max-video-preview":"max-video-preview:-1"},"canonical":"https:\/\/www.gold.fr\/news\/2011\/10\/19\/prix-de-lor-un-retour-definitif-a-la-normale\/","og_locale":"fr_FR","og_type":"article","og_title":"Prix de l\u2019or \u2013 Un retour \"d\u00e9finitif\" \u00e0 la normale ? - Gold.fr","og_description":"Apr\u00e8s une tendance haussi\u00e8re qui s&rsquo;est prolong\u00e9e sur plusieurs semaines (environ deux mois), le pr\u00e9cieux m\u00e9tal jaune a connu un mois de septembre plut\u00f4t stagnant. L&rsquo;or est ainsi pass\u00e9 du record historique de 1.920 dollars l&rsquo;once [&hellip;]","og_url":"https:\/\/www.gold.fr\/news\/2011\/10\/19\/prix-de-lor-un-retour-definitif-a-la-normale\/","og_site_name":"Gold.fr","article_publisher":"https:\/\/www.facebook.com\/Goldfr\/","article_published_time":"2011-10-19T14:30:23+00:00","article_modified_time":"2017-11-02T10:37:17+00:00","og_image":[{"width":600,"height":398,"url":"https:\/\/www.gold.fr\/news\/wp-content\/uploads\/2011\/10\/pi\u00e8ces-or.jpg","type":"image\/jpeg"}],"author":"Anthony","twitter_card":"summary_large_image","twitter_misc":{"\u00c9crit par":"Anthony","Dur\u00e9e de lecture estim\u00e9e":"1 minute"},"schema":{"@context":"https:\/\/schema.org","@graph":[{"@type":"Article","@id":"https:\/\/www.gold.fr\/news\/2011\/10\/19\/prix-de-lor-un-retour-definitif-a-la-normale\/#article","isPartOf":{"@id":"https:\/\/www.gold.fr\/news\/2011\/10\/19\/prix-de-lor-un-retour-definitif-a-la-normale\/"},"author":{"name":"Anthony","@id":"https:\/\/www.gold.fr\/news\/#\/schema\/person\/feb6458ffd7bceeeb4e228398c34fbe5"},"headline":"Prix de l\u2019or \u2013 Un retour \u00ab\u00a0d\u00e9finitif\u00a0\u00bb \u00e0 la normale ?","datePublished":"2011-10-19T14:30:23+00:00","dateModified":"2017-11-02T10:37:17+00:00","mainEntityOfPage":{"@id":"https:\/\/www.gold.fr\/news\/2011\/10\/19\/prix-de-lor-un-retour-definitif-a-la-normale\/"},"wordCount":269,"commentCount":0,"image":{"@id":"https:\/\/www.gold.fr\/news\/2011\/10\/19\/prix-de-lor-un-retour-definitif-a-la-normale\/#primaryimage"},"thumbnailUrl":"https:\/\/www.gold.fr\/news\/wp-content\/uploads\/2011\/10\/pi\u00e8ces-or.jpg","keywords":["bijoux en or","lingotin","Or","prix de l'or","tendance or"],"articleSection":["Articles de presse"],"inLanguage":"fr-FR"},{"@type":"WebPage","@id":"https:\/\/www.gold.fr\/news\/2011\/10\/19\/prix-de-lor-un-retour-definitif-a-la-normale\/","url":"https:\/\/www.gold.fr\/news\/2011\/10\/19\/prix-de-lor-un-retour-definitif-a-la-normale\/","name":"Prix de l\u2019or \u2013 Un retour \"d\u00e9finitif\" \u00e0 la normale ? - Gold.fr","isPartOf":{"@id":"https:\/\/www.gold.fr\/news\/#website"},"primaryImageOfPage":{"@id":"https:\/\/www.gold.fr\/news\/2011\/10\/19\/prix-de-lor-un-retour-definitif-a-la-normale\/#primaryimage"},"image":{"@id":"https:\/\/www.gold.fr\/news\/2011\/10\/19\/prix-de-lor-un-retour-definitif-a-la-normale\/#primaryimage"},"thumbnailUrl":"https:\/\/www.gold.fr\/news\/wp-content\/uploads\/2011\/10\/pi\u00e8ces-or.jpg","datePublished":"2011-10-19T14:30:23+00:00","dateModified":"2017-11-02T10:37:17+00:00","author":{"@id":"https:\/\/www.gold.fr\/news\/#\/schema\/person\/feb6458ffd7bceeeb4e228398c34fbe5"},"breadcrumb":{"@id":"https:\/\/www.gold.fr\/news\/2011\/10\/19\/prix-de-lor-un-retour-definitif-a-la-normale\/#breadcrumb"},"inLanguage":"fr-FR","potentialAction":[{"@type":"ReadAction","target":["https:\/\/www.gold.fr\/news\/2011\/10\/19\/prix-de-lor-un-retour-definitif-a-la-normale\/"]}]},{"@type":"ImageObject","inLanguage":"fr-FR","@id":"https:\/\/www.gold.fr\/news\/2011\/10\/19\/prix-de-lor-un-retour-definitif-a-la-normale\/#primaryimage","url":"https:\/\/www.gold.fr\/news\/wp-content\/uploads\/2011\/10\/pi\u00e8ces-or.jpg","contentUrl":"https:\/\/www.gold.fr\/news\/wp-content\/uploads\/2011\/10\/pi\u00e8ces-or.jpg","width":"600","height":"398","caption":"Une m\u00e9thode \u00e9cologique pour extraire les m\u00e9taux pr\u00e9cieux des appareils mobiles"},{"@type":"BreadcrumbList","@id":"https:\/\/www.gold.fr\/news\/2011\/10\/19\/prix-de-lor-un-retour-definitif-a-la-normale\/#breadcrumb","itemListElement":[{"@type":"ListItem","position":1,"name":"Accueil","item":"https:\/\/www.gold.fr\/"},{"@type":"ListItem","position":2,"name":"Actualit\u00e9s","item":"https:\/\/www.gold.fr\/news\/"},{"@type":"ListItem","position":3,"name":"Prix de l\u2019or \u2013 Un retour \u00ab\u00a0d\u00e9finitif\u00a0\u00bb \u00e0 la normale ?"}]},{"@type":"WebSite","@id":"https:\/\/www.gold.fr\/news\/#website","url":"https:\/\/www.gold.fr\/news\/","name":"Gold.fr","description":"Actualit\u00e9s de l&#039;Or et des m\u00e9taux pr\u00e9cieux","potentialAction":[{"@type":"SearchAction","target":{"@type":"EntryPoint","urlTemplate":"https:\/\/www.gold.fr\/news\/?s={search_term_string}"},"query-input":{"@type":"PropertyValueSpecification","valueRequired":true,"valueName":"search_term_string"}}],"inLanguage":"fr-FR"},{"@type":"Person","@id":"https:\/\/www.gold.fr\/news\/#\/schema\/person\/feb6458ffd7bceeeb4e228398c34fbe5","name":"Anthony","image":{"@type":"ImageObject","inLanguage":"fr-FR","@id":"https:\/\/secure.gravatar.com\/avatar\/19974f7c75da5f0b217374f3a37eb05031e41aaad4ceb3fe17ada2ab3daf6b95?s=96&d=mm&r=gbc5324aff3d366843e00df00c899c1a8","url":"https:\/\/secure.gravatar.com\/avatar\/19974f7c75da5f0b217374f3a37eb05031e41aaad4ceb3fe17ada2ab3daf6b95?s=96&d=mm&r=g","contentUrl":"https:\/\/secure.gravatar.com\/avatar\/19974f7c75da5f0b217374f3a37eb05031e41aaad4ceb3fe17ada2ab3daf6b95?s=96&d=mm&r=g","caption":"Anthony"},"description":"Notre r\u00e9daction est constitu\u00e9e de membres experts dans les m\u00e9tiers de l'\u00e9conomie et la gestion, des Responsables d'agence Comptoir National de l'Or, des analystes financiers qui publient r\u00e9guli\u00e8rement des \u00e9tudes sur les politiques des banques centrales, le cours de l'or, le cours de l'argent, cours du platine, cours du palladium... la situation en zone euro et l'impact de la strat\u00e9gie mon\u00e9taire de la FED. Notre \u00e9quipe scrute \u00e9galement une information plus g\u00e9n\u00e9raliste \u00e0 la recherche d'actualit\u00e9 \"p\u00e9pite\" \u00e0 vous partager. Depuis 5 ans, nous avons publi\u00e9 un peu plus de 4000 articles qui s'adressent \u00e0 un public large et vari\u00e9 ayant pour objectif de satisfaire votre curiosit\u00e9 et de partager avec vous une certaine fascination pour le m\u00e9tal jaune, pour ceux qui veulent investir dans l'or, vendre leur or tout simplement en savoir plus...","sameAs":["https:\/\/www.gold.fr\/news"]}]}},"authors":[{"term_id":2562,"user_id":11,"is_guest":0,"slug":"anthony","display_name":"Anthony","avatar_url":"https:\/\/secure.gravatar.com\/avatar\/19974f7c75da5f0b217374f3a37eb05031e41aaad4ceb3fe17ada2ab3daf6b95?s=96&d=mm&r=g","0":null,"1":"","2":"","3":"","4":"","5":"","6":"","7":"","8":""}],"_links":{"self":[{"href":"https:\/\/www.gold.fr\/news\/wp-json\/wp\/v2\/posts\/2908","targetHints":{"allow":["GET"]}}],"collection":[{"href":"https:\/\/www.gold.fr\/news\/wp-json\/wp\/v2\/posts"}],"about":[{"href":"https:\/\/www.gold.fr\/news\/wp-json\/wp\/v2\/types\/post"}],"author":[{"embeddable":true,"href":"https:\/\/www.gold.fr\/news\/wp-json\/wp\/v2\/users\/11"}],"replies":[{"embeddable":true,"href":"https:\/\/www.gold.fr\/news\/wp-json\/wp\/v2\/comments?post=2908"}],"version-history":[{"count":0,"href":"https:\/\/www.gold.fr\/news\/wp-json\/wp\/v2\/posts\/2908\/revisions"}],"wp:featuredmedia":[{"embeddable":true,"href":"https:\/\/www.gold.fr\/news\/wp-json\/wp\/v2\/media\/2912"}],"wp:attachment":[{"href":"https:\/\/www.gold.fr\/news\/wp-json\/wp\/v2\/media?parent=2908"}],"wp:term":[{"taxonomy":"category","embeddable":true,"href":"https:\/\/www.gold.fr\/news\/wp-json\/wp\/v2\/categories?post=2908"},{"taxonomy":"post_tag","embeddable":true,"href":"https:\/\/www.gold.fr\/news\/wp-json\/wp\/v2\/tags?post=2908"},{"taxonomy":"author","embeddable":true,"href":"https:\/\/www.gold.fr\/news\/wp-json\/wp\/v2\/ppma_author?post=2908"}],"curies":[{"name":"wp","href":"https:\/\/api.w.org\/{rel}","templated":true}]}}