{"id":28859,"date":"2018-01-02T10:49:32","date_gmt":"2018-01-02T09:49:32","guid":{"rendered":"https:\/\/www.gold.fr\/news\/?p=28859"},"modified":"2021-01-11T15:51:32","modified_gmt":"2021-01-11T14:51:32","slug":"2017-quel-bilan-pour-le-cours-de-lor","status":"publish","type":"post","link":"https:\/\/www.gold.fr\/news\/2018\/01\/02\/2017-quel-bilan-pour-le-cours-de-lor\/","title":{"rendered":"2017: Quel bilan pour le cours de l&rsquo;Or?"},"content":{"rendered":"<p><img loading=\"lazy\" decoding=\"async\" class=\"alignleft wp-image-28862\" src=\"https:\/\/www.gold.fr\/news\/wp-content\/uploads\/2018\/01\/bilan-cours-de-l-or-2017.jpg\" alt=\"\" width=\"350\" height=\"233\" srcset=\"https:\/\/www.gold.fr\/news\/wp-content\/uploads\/2018\/01\/bilan-cours-de-l-or-2017.jpg 1254w, https:\/\/www.gold.fr\/news\/wp-content\/uploads\/2018\/01\/bilan-cours-de-l-or-2017-300x200.jpg 300w, https:\/\/www.gold.fr\/news\/wp-content\/uploads\/2018\/01\/bilan-cours-de-l-or-2017-768x512.jpg 768w, https:\/\/www.gold.fr\/news\/wp-content\/uploads\/2018\/01\/bilan-cours-de-l-or-2017-1024x683.jpg 1024w, https:\/\/www.gold.fr\/news\/wp-content\/uploads\/2018\/01\/bilan-cours-de-l-or-2017-2x1.jpg 2w, https:\/\/www.gold.fr\/news\/wp-content\/uploads\/2018\/01\/bilan-cours-de-l-or-2017-270x180.jpg 270w\" sizes=\"auto, (max-width: 350px) 100vw, 350px\" \/> Comment s&rsquo;est comport\u00e9 l&rsquo;or durant cette ann\u00e9e 2017 qui vient tout juste de se terminer ? La r\u00e9ponse est surtout int\u00e9ressante en vue d&rsquo;investissements futurs dans le m\u00e9tal jaune. En r\u00e9sumant les 12 mois pass\u00e9s, il est clair que la fin d&rsquo;ann\u00e9e et le d\u00e9but de l&rsquo;ann\u00e9e 2018 sont propices aux achats. La hausse de 0,5 % constat\u00e9e sur la moyenne de ces derniers jours laisse d&rsquo;ailleurs envisager un rebond des cours de mani\u00e8re assez progressive. Une inconnue reste toutefois l&rsquo;impact du vote en Catalogne du 21 d\u00e9cembre et l&rsquo;\u00e9volution de la situation qui va suivre.  <\/p>\n<h2>Une baisse mod\u00e9r\u00e9e de l&rsquo;or en 2017<\/h2>\n<p>  Sur un an, le prix de l&rsquo;or en euros a baiss\u00e9 de 1,16 % \u00e0 1 066 \u20ac\/l&rsquo;once. Le m\u00e9tal jaune termine ainsi l&rsquo;ann\u00e9e quasiment au m\u00eame niveau qu&rsquo;en janvier 2017 avec une once \u00e0 1 083 \u20ac. Le pic de l&rsquo;ann\u00e9e a atteint \u00e0 la mi-avril avec une once \u00e0 1213 \u20ac. Cette hausse a \u00e9t\u00e9 suivie d&rsquo;une p\u00e9riode de baisse lors des deux semaines suivantes, l&rsquo;or redescendant \u00e0 1 116 \u20ac l&rsquo;once. Apr\u00e8s une p\u00e9riode de stabilisation, le cours de l&rsquo;or a de nouveau baiss\u00e9 pour atteindre 1 065 \u20ac d\u00e9but ao\u00fbt. Remont\u00e9 \u00e0 1 118 \u20ac d\u00e9but septembre, le cours a amorc\u00e9 une lente baisse pour atteindre sa plus basse cotation \u00e0 1 055 \u20ac lors des premiers jours de d\u00e9cembre. Un rebond est enregistr\u00e9 depuis quelques jours avec un cours \u00e0 1 068 \u20ac au 21 d\u00e9cembre. \u00c0 noter que sur les 10 derni\u00e8res ann\u00e9es, l&rsquo;or s&rsquo;est appr\u00e9ci\u00e9 de pr\u00e8s de 90 % (89,58 %) et de plus de 230 % (232,65 %) depuis juin 2004. Sur la m\u00eame p\u00e9riode de 10 ans, le CAC 40 a perdu un peu plus de 4%.  <\/p>\n<h2>La concurrence des cryptomonnaies ?<\/h2>\n<p>  Cette ann\u00e9e en demi-teinte de l&rsquo;or est due \u00e0 des facteurs d&rsquo;origines diverses : \u2022 Les risques li\u00e9s au Brexit ont \u00e9t\u00e9 report\u00e9s en raison de n\u00e9gociations plus longues qu&rsquo;attendu \u2022 Les d\u00e9faites successives de Daech en Irak et en Syrie ont provisoirement \u00e9loign\u00e9 le risque terroriste \u2022 L&rsquo;\u00e9conomie mondiale semble amorcer une reprise, sur fond de l\u00e9ger rel\u00e8vement des taux d&rsquo;int\u00e9r\u00eat de la FED \u2022 La politique artificiellement avantageuse mise en place par la BCE \u2022 Une mise sous pression des cours des m\u00e9taux pr\u00e9cieux de la part des banques centrales Une autre raison est la forte hausse du Bitcoin ces derniers mois avec une hausse de plus de 600 %. Sans doute que des investisseurs ont succomb\u00e9 au chant des cryptomonnaies et surtout aux plus-values imm\u00e9diates. La faillite de la plateforme d&rsquo;\u00e9changes Youbit en Cor\u00e9e du Sud a toutefois refroidi les ardeurs de certains investisseurs qui ont ainsi entrevu la fragilit\u00e9 de ces \u00ab monnaies num\u00e9riques \u00bb  <\/p>\n<h2>Acheter sans se pr\u00e9cipiter<\/h2>\n<p>  Le cours relativement bas du cours de l&rsquo;or en fin d&rsquo;ann\u00e9e permet de pr\u00e9parer sa strat\u00e9gie d&rsquo;achat pour les mois \u00e0 venir. Un achat fractionn\u00e9 dans le temps est en effet la meilleure mani\u00e8re de profiter des opportunit\u00e9s du march\u00e9. Apr\u00e8s le calme du d\u00e9but d&rsquo;ann\u00e9e, de nombreux experts pr\u00e9voient un rebond durable couvrant au minimum la p\u00e9riode 2018-2020. L&rsquo;actualit\u00e9 sera marqu\u00e9e par les \u00e9lections italiennes en 2018, puis par celle des d\u00e9put\u00e9s europ\u00e9ens en 2019. Les cryptomonnaies ont toutes les chances d&rsquo;\u00eatre surveill\u00e9es de pr\u00e8s, un nouveau d\u00e9rapage ne pouvant qu&rsquo;entra\u00eener une d\u00e9fiance accrue de la part des investisseurs. Les signaux sont au vert pour l&rsquo;achat d&rsquo;or, les vendeurs potentiels ayant tout int\u00e9r\u00eat \u00e0 attendre des jours meilleurs, ce d&rsquo;autant plus que le risque de perte est quasiment nul.<\/p>\n<!-- AddThis Advanced Settings generic via filter on the_content --><!-- AddThis Share Buttons generic via filter on the_content -->","protected":false},"excerpt":{"rendered":"<p>Comment s&rsquo;est comport\u00e9 l&rsquo;or durant cette ann\u00e9e 2017 qui vient tout juste de se terminer ? La r\u00e9ponse est surtout int\u00e9ressante en vue d&rsquo;investissements futurs dans le m\u00e9tal jaune. En r\u00e9sumant les 12 mois pass\u00e9s, il [&hellip;]<\/p>\n","protected":false},"author":18,"featured_media":28862,"comment_status":"closed","ping_status":"closed","sticky":false,"template":"","format":"standard","meta":{"_mbp_gutenberg_autopost":false,"_pgmb_is_evergreen":false,"_pgmb_ap_template_id":0,"footnotes":""},"categories":[4,6],"tags":[1043,1052],"ppma_author":[2565],"class_list":["post-28859","post","type-post","status-publish","format-standard","has-post-thumbnail","hentry","category-analyses-economiques","category-articles-de-presse","tag-bilan","tag-bilan-or"],"yoast_head":"<!-- This site is optimized with the Yoast SEO plugin v27.5 - https:\/\/yoast.com\/product\/yoast-seo-wordpress\/ -->\n<title>2017: Quel bilan pour le cours de l&#039;Or? - Gold.fr<\/title>\n<meta name=\"robots\" content=\"index, follow, max-snippet:-1, max-image-preview:large, max-video-preview:-1\" \/>\n<link rel=\"canonical\" href=\"https:\/\/www.gold.fr\/news\/2018\/01\/02\/2017-quel-bilan-pour-le-cours-de-lor\/\" \/>\n<meta property=\"og:locale\" content=\"fr_FR\" \/>\n<meta property=\"og:type\" content=\"article\" \/>\n<meta property=\"og:title\" content=\"2017: Quel bilan pour le cours de l&#039;Or? - Gold.fr\" \/>\n<meta property=\"og:description\" content=\"Comment s&rsquo;est comport\u00e9 l&rsquo;or durant cette ann\u00e9e 2017 qui vient tout juste de se terminer ? La r\u00e9ponse est surtout int\u00e9ressante en vue d&rsquo;investissements futurs dans le m\u00e9tal jaune. En r\u00e9sumant les 12 mois pass\u00e9s, il [&hellip;]\" \/>\n<meta property=\"og:url\" content=\"https:\/\/www.gold.fr\/news\/2018\/01\/02\/2017-quel-bilan-pour-le-cours-de-lor\/\" \/>\n<meta property=\"og:site_name\" content=\"Gold.fr\" \/>\n<meta property=\"article:publisher\" content=\"https:\/\/www.facebook.com\/Goldfr\/\" \/>\n<meta property=\"article:published_time\" content=\"2018-01-02T09:49:32+00:00\" \/>\n<meta property=\"article:modified_time\" content=\"2021-01-11T14:51:32+00:00\" \/>\n<meta property=\"og:image\" content=\"https:\/\/www.gold.fr\/news\/wp-content\/uploads\/2018\/01\/bilan-cours-de-l-or-2017.jpg\" \/>\n\t<meta property=\"og:image:width\" content=\"1254\" \/>\n\t<meta property=\"og:image:height\" content=\"836\" \/>\n\t<meta property=\"og:image:type\" content=\"image\/jpeg\" \/>\n<meta name=\"author\" content=\"Comptoir National de l&#039;Or\" \/>\n<meta name=\"twitter:card\" content=\"summary_large_image\" \/>\n<meta name=\"twitter:label1\" content=\"\u00c9crit par\" \/>\n\t<meta name=\"twitter:data1\" content=\"Comptoir National de l&#039;Or\" \/>\n\t<meta name=\"twitter:label2\" content=\"Dur\u00e9e de lecture estim\u00e9e\" \/>\n\t<meta name=\"twitter:data2\" content=\"3 minutes\" \/>\n<script type=\"application\/ld+json\" class=\"yoast-schema-graph\">{\"@context\":\"https:\\\/\\\/schema.org\",\"@graph\":[{\"@type\":\"Article\",\"@id\":\"https:\\\/\\\/www.gold.fr\\\/news\\\/2018\\\/01\\\/02\\\/2017-quel-bilan-pour-le-cours-de-lor\\\/#article\",\"isPartOf\":{\"@id\":\"https:\\\/\\\/www.gold.fr\\\/news\\\/2018\\\/01\\\/02\\\/2017-quel-bilan-pour-le-cours-de-lor\\\/\"},\"author\":{\"name\":\"Comptoir National de l'Or\",\"@id\":\"https:\\\/\\\/www.gold.fr\\\/news\\\/#\\\/schema\\\/person\\\/070491b4b4fb7671bf59b3be20302ce9\"},\"headline\":\"2017: Quel bilan pour le cours de l&rsquo;Or?\",\"datePublished\":\"2018-01-02T09:49:32+00:00\",\"dateModified\":\"2021-01-11T14:51:32+00:00\",\"mainEntityOfPage\":{\"@id\":\"https:\\\/\\\/www.gold.fr\\\/news\\\/2018\\\/01\\\/02\\\/2017-quel-bilan-pour-le-cours-de-lor\\\/\"},\"wordCount\":628,\"image\":{\"@id\":\"https:\\\/\\\/www.gold.fr\\\/news\\\/2018\\\/01\\\/02\\\/2017-quel-bilan-pour-le-cours-de-lor\\\/#primaryimage\"},\"thumbnailUrl\":\"https:\\\/\\\/www.gold.fr\\\/news\\\/wp-content\\\/uploads\\\/2018\\\/01\\\/bilan-cours-de-l-or-2017.jpg\",\"keywords\":[\"Bilan\",\"Bilan Or\"],\"articleSection\":[\"Analyses Economiques\",\"Articles de presse\"],\"inLanguage\":\"fr-FR\"},{\"@type\":\"WebPage\",\"@id\":\"https:\\\/\\\/www.gold.fr\\\/news\\\/2018\\\/01\\\/02\\\/2017-quel-bilan-pour-le-cours-de-lor\\\/\",\"url\":\"https:\\\/\\\/www.gold.fr\\\/news\\\/2018\\\/01\\\/02\\\/2017-quel-bilan-pour-le-cours-de-lor\\\/\",\"name\":\"2017: Quel bilan pour le cours de l'Or? - Gold.fr\",\"isPartOf\":{\"@id\":\"https:\\\/\\\/www.gold.fr\\\/news\\\/#website\"},\"primaryImageOfPage\":{\"@id\":\"https:\\\/\\\/www.gold.fr\\\/news\\\/2018\\\/01\\\/02\\\/2017-quel-bilan-pour-le-cours-de-lor\\\/#primaryimage\"},\"image\":{\"@id\":\"https:\\\/\\\/www.gold.fr\\\/news\\\/2018\\\/01\\\/02\\\/2017-quel-bilan-pour-le-cours-de-lor\\\/#primaryimage\"},\"thumbnailUrl\":\"https:\\\/\\\/www.gold.fr\\\/news\\\/wp-content\\\/uploads\\\/2018\\\/01\\\/bilan-cours-de-l-or-2017.jpg\",\"datePublished\":\"2018-01-02T09:49:32+00:00\",\"dateModified\":\"2021-01-11T14:51:32+00:00\",\"author\":{\"@id\":\"https:\\\/\\\/www.gold.fr\\\/news\\\/#\\\/schema\\\/person\\\/070491b4b4fb7671bf59b3be20302ce9\"},\"breadcrumb\":{\"@id\":\"https:\\\/\\\/www.gold.fr\\\/news\\\/2018\\\/01\\\/02\\\/2017-quel-bilan-pour-le-cours-de-lor\\\/#breadcrumb\"},\"inLanguage\":\"fr-FR\",\"potentialAction\":[{\"@type\":\"ReadAction\",\"target\":[\"https:\\\/\\\/www.gold.fr\\\/news\\\/2018\\\/01\\\/02\\\/2017-quel-bilan-pour-le-cours-de-lor\\\/\"]}]},{\"@type\":\"ImageObject\",\"inLanguage\":\"fr-FR\",\"@id\":\"https:\\\/\\\/www.gold.fr\\\/news\\\/2018\\\/01\\\/02\\\/2017-quel-bilan-pour-le-cours-de-lor\\\/#primaryimage\",\"url\":\"https:\\\/\\\/www.gold.fr\\\/news\\\/wp-content\\\/uploads\\\/2018\\\/01\\\/bilan-cours-de-l-or-2017.jpg\",\"contentUrl\":\"https:\\\/\\\/www.gold.fr\\\/news\\\/wp-content\\\/uploads\\\/2018\\\/01\\\/bilan-cours-de-l-or-2017.jpg\",\"width\":1254,\"height\":836,\"caption\":\"bilan-cours-de-l-or-2017\"},{\"@type\":\"BreadcrumbList\",\"@id\":\"https:\\\/\\\/www.gold.fr\\\/news\\\/2018\\\/01\\\/02\\\/2017-quel-bilan-pour-le-cours-de-lor\\\/#breadcrumb\",\"itemListElement\":[{\"@type\":\"ListItem\",\"position\":1,\"name\":\"Accueil\",\"item\":\"https:\\\/\\\/www.gold.fr\\\/\"},{\"@type\":\"ListItem\",\"position\":2,\"name\":\"Actualit\u00e9s\",\"item\":\"https:\\\/\\\/www.gold.fr\\\/news\\\/\"},{\"@type\":\"ListItem\",\"position\":3,\"name\":\"2017: Quel bilan pour le cours de l&rsquo;Or?\"}]},{\"@type\":\"WebSite\",\"@id\":\"https:\\\/\\\/www.gold.fr\\\/news\\\/#website\",\"url\":\"https:\\\/\\\/www.gold.fr\\\/news\\\/\",\"name\":\"Gold.fr\",\"description\":\"Actualit\u00e9s de l&#039;Or et des m\u00e9taux pr\u00e9cieux\",\"potentialAction\":[{\"@type\":\"SearchAction\",\"target\":{\"@type\":\"EntryPoint\",\"urlTemplate\":\"https:\\\/\\\/www.gold.fr\\\/news\\\/?s={search_term_string}\"},\"query-input\":{\"@type\":\"PropertyValueSpecification\",\"valueRequired\":true,\"valueName\":\"search_term_string\"}}],\"inLanguage\":\"fr-FR\"},{\"@type\":\"Person\",\"@id\":\"https:\\\/\\\/www.gold.fr\\\/news\\\/#\\\/schema\\\/person\\\/070491b4b4fb7671bf59b3be20302ce9\",\"name\":\"Comptoir National de l'Or\",\"image\":{\"@type\":\"ImageObject\",\"inLanguage\":\"fr-FR\",\"@id\":\"https:\\\/\\\/secure.gravatar.com\\\/avatar\\\/0a2867fd5abe37bed95d5a65e9d58f01756e11efc68af9888dfc50cfa7f65948?s=96&d=mm&r=gb490554db0a38188709de567aa58480d\",\"url\":\"https:\\\/\\\/secure.gravatar.com\\\/avatar\\\/0a2867fd5abe37bed95d5a65e9d58f01756e11efc68af9888dfc50cfa7f65948?s=96&d=mm&r=g\",\"contentUrl\":\"https:\\\/\\\/secure.gravatar.com\\\/avatar\\\/0a2867fd5abe37bed95d5a65e9d58f01756e11efc68af9888dfc50cfa7f65948?s=96&d=mm&r=g\",\"caption\":\"Comptoir National de l'Or\"},\"description\":\"Notre r\u00e9daction est constitu\u00e9e de membres experts dans les m\u00e9tiers de l'\u00e9conomie et la gestion, des Responsables d'agence Comptoir National de l'Or, des analystes financiers qui publient r\u00e9guli\u00e8rement des \u00e9tudes sur les politiques des banques centrales, le cours de l'or, prix de l'or, cours de l'argent, prix de l'argent, cours du platine, cours du palladium,... la situation en zone euro et l'impact de la strat\u00e9gie mon\u00e9taire de la FED. Notre \u00e9quipe scrute \u00e9galement une information plus g\u00e9n\u00e9raliste \u00e0 la recherche d'actualit\u00e9 \\\"p\u00e9pite\\\" \u00e0 vous partager. Depuis 5 ans, nous avons publi\u00e9 un peu plus de 4000 articles qui s'adressent \u00e0 un public large et vari\u00e9 ayant pour objectif de satisfaire votre curiosit\u00e9 et de partager avec vous une certaine fascination pour le m\u00e9tal jaune, le rachat d'or, et pour ceux qui veulent investir dans l'or, vendre leur or tout simplement en savoir plus... Pour tous vos achat or et argent, n'h\u00e9sitez pas \u00e0 prendre rendez-vous dans l'un de nos nombreux comptoirs.\",\"sameAs\":[\"https:\\\/\\\/www.gold.fr\"]}]}<\/script>\n<!-- \/ Yoast SEO plugin. -->","yoast_head_json":{"title":"2017: Quel bilan pour le cours de l'Or? - Gold.fr","robots":{"index":"index","follow":"follow","max-snippet":"max-snippet:-1","max-image-preview":"max-image-preview:large","max-video-preview":"max-video-preview:-1"},"canonical":"https:\/\/www.gold.fr\/news\/2018\/01\/02\/2017-quel-bilan-pour-le-cours-de-lor\/","og_locale":"fr_FR","og_type":"article","og_title":"2017: Quel bilan pour le cours de l'Or? - Gold.fr","og_description":"Comment s&rsquo;est comport\u00e9 l&rsquo;or durant cette ann\u00e9e 2017 qui vient tout juste de se terminer ? La r\u00e9ponse est surtout int\u00e9ressante en vue d&rsquo;investissements futurs dans le m\u00e9tal jaune. En r\u00e9sumant les 12 mois pass\u00e9s, il [&hellip;]","og_url":"https:\/\/www.gold.fr\/news\/2018\/01\/02\/2017-quel-bilan-pour-le-cours-de-lor\/","og_site_name":"Gold.fr","article_publisher":"https:\/\/www.facebook.com\/Goldfr\/","article_published_time":"2018-01-02T09:49:32+00:00","article_modified_time":"2021-01-11T14:51:32+00:00","og_image":[{"width":1254,"height":836,"url":"https:\/\/www.gold.fr\/news\/wp-content\/uploads\/2018\/01\/bilan-cours-de-l-or-2017.jpg","type":"image\/jpeg"}],"author":"Comptoir National de l'Or","twitter_card":"summary_large_image","twitter_misc":{"\u00c9crit par":"Comptoir National de l'Or","Dur\u00e9e de lecture estim\u00e9e":"3 minutes"},"schema":{"@context":"https:\/\/schema.org","@graph":[{"@type":"Article","@id":"https:\/\/www.gold.fr\/news\/2018\/01\/02\/2017-quel-bilan-pour-le-cours-de-lor\/#article","isPartOf":{"@id":"https:\/\/www.gold.fr\/news\/2018\/01\/02\/2017-quel-bilan-pour-le-cours-de-lor\/"},"author":{"name":"Comptoir National de l'Or","@id":"https:\/\/www.gold.fr\/news\/#\/schema\/person\/070491b4b4fb7671bf59b3be20302ce9"},"headline":"2017: Quel bilan pour le cours de l&rsquo;Or?","datePublished":"2018-01-02T09:49:32+00:00","dateModified":"2021-01-11T14:51:32+00:00","mainEntityOfPage":{"@id":"https:\/\/www.gold.fr\/news\/2018\/01\/02\/2017-quel-bilan-pour-le-cours-de-lor\/"},"wordCount":628,"image":{"@id":"https:\/\/www.gold.fr\/news\/2018\/01\/02\/2017-quel-bilan-pour-le-cours-de-lor\/#primaryimage"},"thumbnailUrl":"https:\/\/www.gold.fr\/news\/wp-content\/uploads\/2018\/01\/bilan-cours-de-l-or-2017.jpg","keywords":["Bilan","Bilan Or"],"articleSection":["Analyses Economiques","Articles de presse"],"inLanguage":"fr-FR"},{"@type":"WebPage","@id":"https:\/\/www.gold.fr\/news\/2018\/01\/02\/2017-quel-bilan-pour-le-cours-de-lor\/","url":"https:\/\/www.gold.fr\/news\/2018\/01\/02\/2017-quel-bilan-pour-le-cours-de-lor\/","name":"2017: Quel bilan pour le cours de l'Or? - Gold.fr","isPartOf":{"@id":"https:\/\/www.gold.fr\/news\/#website"},"primaryImageOfPage":{"@id":"https:\/\/www.gold.fr\/news\/2018\/01\/02\/2017-quel-bilan-pour-le-cours-de-lor\/#primaryimage"},"image":{"@id":"https:\/\/www.gold.fr\/news\/2018\/01\/02\/2017-quel-bilan-pour-le-cours-de-lor\/#primaryimage"},"thumbnailUrl":"https:\/\/www.gold.fr\/news\/wp-content\/uploads\/2018\/01\/bilan-cours-de-l-or-2017.jpg","datePublished":"2018-01-02T09:49:32+00:00","dateModified":"2021-01-11T14:51:32+00:00","author":{"@id":"https:\/\/www.gold.fr\/news\/#\/schema\/person\/070491b4b4fb7671bf59b3be20302ce9"},"breadcrumb":{"@id":"https:\/\/www.gold.fr\/news\/2018\/01\/02\/2017-quel-bilan-pour-le-cours-de-lor\/#breadcrumb"},"inLanguage":"fr-FR","potentialAction":[{"@type":"ReadAction","target":["https:\/\/www.gold.fr\/news\/2018\/01\/02\/2017-quel-bilan-pour-le-cours-de-lor\/"]}]},{"@type":"ImageObject","inLanguage":"fr-FR","@id":"https:\/\/www.gold.fr\/news\/2018\/01\/02\/2017-quel-bilan-pour-le-cours-de-lor\/#primaryimage","url":"https:\/\/www.gold.fr\/news\/wp-content\/uploads\/2018\/01\/bilan-cours-de-l-or-2017.jpg","contentUrl":"https:\/\/www.gold.fr\/news\/wp-content\/uploads\/2018\/01\/bilan-cours-de-l-or-2017.jpg","width":1254,"height":836,"caption":"bilan-cours-de-l-or-2017"},{"@type":"BreadcrumbList","@id":"https:\/\/www.gold.fr\/news\/2018\/01\/02\/2017-quel-bilan-pour-le-cours-de-lor\/#breadcrumb","itemListElement":[{"@type":"ListItem","position":1,"name":"Accueil","item":"https:\/\/www.gold.fr\/"},{"@type":"ListItem","position":2,"name":"Actualit\u00e9s","item":"https:\/\/www.gold.fr\/news\/"},{"@type":"ListItem","position":3,"name":"2017: Quel bilan pour le cours de l&rsquo;Or?"}]},{"@type":"WebSite","@id":"https:\/\/www.gold.fr\/news\/#website","url":"https:\/\/www.gold.fr\/news\/","name":"Gold.fr","description":"Actualit\u00e9s de l&#039;Or et des m\u00e9taux pr\u00e9cieux","potentialAction":[{"@type":"SearchAction","target":{"@type":"EntryPoint","urlTemplate":"https:\/\/www.gold.fr\/news\/?s={search_term_string}"},"query-input":{"@type":"PropertyValueSpecification","valueRequired":true,"valueName":"search_term_string"}}],"inLanguage":"fr-FR"},{"@type":"Person","@id":"https:\/\/www.gold.fr\/news\/#\/schema\/person\/070491b4b4fb7671bf59b3be20302ce9","name":"Comptoir National de l'Or","image":{"@type":"ImageObject","inLanguage":"fr-FR","@id":"https:\/\/secure.gravatar.com\/avatar\/0a2867fd5abe37bed95d5a65e9d58f01756e11efc68af9888dfc50cfa7f65948?s=96&d=mm&r=gb490554db0a38188709de567aa58480d","url":"https:\/\/secure.gravatar.com\/avatar\/0a2867fd5abe37bed95d5a65e9d58f01756e11efc68af9888dfc50cfa7f65948?s=96&d=mm&r=g","contentUrl":"https:\/\/secure.gravatar.com\/avatar\/0a2867fd5abe37bed95d5a65e9d58f01756e11efc68af9888dfc50cfa7f65948?s=96&d=mm&r=g","caption":"Comptoir National de l'Or"},"description":"Notre r\u00e9daction est constitu\u00e9e de membres experts dans les m\u00e9tiers de l'\u00e9conomie et la gestion, des Responsables d'agence Comptoir National de l'Or, des analystes financiers qui publient r\u00e9guli\u00e8rement des \u00e9tudes sur les politiques des banques centrales, le cours de l'or, prix de l'or, cours de l'argent, prix de l'argent, cours du platine, cours du palladium,... la situation en zone euro et l'impact de la strat\u00e9gie mon\u00e9taire de la FED. Notre \u00e9quipe scrute \u00e9galement une information plus g\u00e9n\u00e9raliste \u00e0 la recherche d'actualit\u00e9 \"p\u00e9pite\" \u00e0 vous partager. Depuis 5 ans, nous avons publi\u00e9 un peu plus de 4000 articles qui s'adressent \u00e0 un public large et vari\u00e9 ayant pour objectif de satisfaire votre curiosit\u00e9 et de partager avec vous une certaine fascination pour le m\u00e9tal jaune, le rachat d'or, et pour ceux qui veulent investir dans l'or, vendre leur or tout simplement en savoir plus... Pour tous vos achat or et argent, n'h\u00e9sitez pas \u00e0 prendre rendez-vous dans l'un de nos nombreux comptoirs.","sameAs":["https:\/\/www.gold.fr"]}]}},"authors":[{"term_id":2565,"user_id":18,"is_guest":0,"slug":"julie","display_name":"Comptoir National de l'Or","avatar_url":"https:\/\/secure.gravatar.com\/avatar\/713f289e398d35ead876c4a4cc08607f0d6d266058cfc25683fffb6092d0e572?s=96&d=mm&r=g","0":null,"1":"","2":"","3":"","4":"","5":"","6":"","7":"","8":""}],"_links":{"self":[{"href":"https:\/\/www.gold.fr\/news\/wp-json\/wp\/v2\/posts\/28859","targetHints":{"allow":["GET"]}}],"collection":[{"href":"https:\/\/www.gold.fr\/news\/wp-json\/wp\/v2\/posts"}],"about":[{"href":"https:\/\/www.gold.fr\/news\/wp-json\/wp\/v2\/types\/post"}],"author":[{"embeddable":true,"href":"https:\/\/www.gold.fr\/news\/wp-json\/wp\/v2\/users\/18"}],"replies":[{"embeddable":true,"href":"https:\/\/www.gold.fr\/news\/wp-json\/wp\/v2\/comments?post=28859"}],"version-history":[{"count":0,"href":"https:\/\/www.gold.fr\/news\/wp-json\/wp\/v2\/posts\/28859\/revisions"}],"wp:featuredmedia":[{"embeddable":true,"href":"https:\/\/www.gold.fr\/news\/wp-json\/wp\/v2\/media\/28862"}],"wp:attachment":[{"href":"https:\/\/www.gold.fr\/news\/wp-json\/wp\/v2\/media?parent=28859"}],"wp:term":[{"taxonomy":"category","embeddable":true,"href":"https:\/\/www.gold.fr\/news\/wp-json\/wp\/v2\/categories?post=28859"},{"taxonomy":"post_tag","embeddable":true,"href":"https:\/\/www.gold.fr\/news\/wp-json\/wp\/v2\/tags?post=28859"},{"taxonomy":"author","embeddable":true,"href":"https:\/\/www.gold.fr\/news\/wp-json\/wp\/v2\/ppma_author?post=28859"}],"curies":[{"name":"wp","href":"https:\/\/api.w.org\/{rel}","templated":true}]}}