{"id":28778,"date":"2017-12-14T10:15:33","date_gmt":"2017-12-14T09:15:33","guid":{"rendered":"https:\/\/www.gold.fr\/news\/?p=28778"},"modified":"2021-02-18T14:06:25","modified_gmt":"2021-02-18T13:06:25","slug":"pourquoi-citi-prevoit-une-hausse-de-lor-entre-2018-et-2020","status":"publish","type":"post","link":"https:\/\/www.gold.fr\/news\/2017\/12\/14\/pourquoi-citi-prevoit-une-hausse-de-lor-entre-2018-et-2020\/","title":{"rendered":"Pourquoi Citi pr\u00e9voit une hausse de l\u2019or entre 2018 et 2020 ?"},"content":{"rendered":"<p>La fin d&rsquo;ann\u00e9e est traditionnellement marqu\u00e9e par les bilans de l&rsquo;ann\u00e9e pass\u00e9e, mais aussi de perspectives sur l&rsquo;ann\u00e9e \u00e0 venir.L&rsquo;or ne d\u00e9roge pas \u00e0 cette r\u00e8gle comme le souligne le partage de <a href=\"http:\/\/www.kitco.com\/news\/2017-11-21\/Safe-Have-Demand-To-Drive-Gold-Prices-In-2018-Citigroup.html\" target=\"_blank\" rel=\"noopener noreferrer\">Citigroup<\/a> portant sur la p\u00e9riode 2018-2020. Si la banque am\u00e9ricaine pr\u00e9voit une forte hausse du m\u00e9tal, le cours de l&rsquo;argent devrait \u00e9galement enregistrer une nette progression.<\/p>\n<h2>L&rsquo;or en couverture du risque extr\u00eame<\/h2>\n<p><img loading=\"lazy\" decoding=\"async\" class=\"alignleft wp-image-28779\" title=\"Pourquoi Citi pr\u00e9voit une hausse de l\u2019or entre 2018 et 2020 ?\" src=\"https:\/\/www.gold.fr\/news\/wp-content\/uploads\/2017\/12\/citi-hausse-or-2018-2020-e1513242846275.jpg\" alt=\"Pourquoi Citi pr\u00e9voit une hausse de l\u2019or entre 2018 et 2020 ?\" width=\"250\" height=\"170\" \/>D&rsquo;apr\u00e8s les analystes de Citigroup, l&rsquo;ann\u00e9e 2017 vient confirmer un certain changement de comportement des investisseurs dans l&rsquo;or. Jusqu&rsquo;\u00e0 pr\u00e9sent, le m\u00e9tal jaune \u00e9tait essentiellement une valeur refuge face \u00e0 une situation politique ou \u00e9conomique temporairement tendue, par exemple le vote sur le Brexit ou les \u00e9lections am\u00e9ricaines. La tendance actuelle pour de plus en plus <strong>d&rsquo;investisseurs<\/strong> est d&rsquo;utiliser l&rsquo;or en tant que couverture des risques extr\u00eames. Alors que les march\u00e9s boursiers restent extr\u00eamement sensibles \u00e0 l&rsquo;environnement g\u00e9opolitique, l&rsquo;or r\u00e9agit de mani\u00e8re plus liss\u00e9e et avec un certain recul. Parall\u00e8lement \u00e0 un investissement plus ou moins sp\u00e9culatif dans un secteur \u00e9conomique pr\u00e9cis, une partie du risque est couvert par l&rsquo;achat d&rsquo;or. De cette mani\u00e8re l&rsquo;investisseur se pr\u00e9serve pour partie des cons\u00e9quences d&rsquo;une chute brutale du cours des actions concern\u00e9es. Il peut m\u00eame b\u00e9n\u00e9ficier d&rsquo;un gain sur son placement en or si la tendance baissi\u00e8re des titres se r\u00e9v\u00e8le durable.<\/p>\n<h2>L&rsquo;once d&rsquo;or \u00e0 1 400 $\/l&rsquo;once en 2020<\/h2>\n<p>Ce comportement tendant \u00e0 devenir habituel, le <a href=\"https:\/\/www.gold.fr\/cours-or-prix-de-l-or\/\">cours de l&rsquo;or<\/a> est ainsi appel\u00e9 \u00e0 conna\u00eetre une <strong>hausse<\/strong> progressive avec une once \u00e0 1 370 $ en 2018 et 2019. Les incertitudes se multipliant tant en ce qui concerne la politique de Donald Trump que la reprise r\u00e9elle de l&rsquo;\u00e9conomie mondiale, les experts de Citigroup voient l&rsquo;or attendre un minimum de 1 400 $ l&rsquo;once en 2020. Cette pr\u00e9vision se retrouve appuy\u00e9e par les derni\u00e8res d\u00e9clarations de la FED qui n&rsquo;envisage qu&rsquo;une hausse tr\u00e8s limit\u00e9e des taux d&rsquo;int\u00e9r\u00eat en 2018 au travers de trois \u00e9tapes, comme cala a \u00e9t\u00e9 le cas en 2017. Concernant la Banque Centrale europ\u00e9enne, l&rsquo;institution a d&rsquo;ores et d\u00e9j\u00e0 indiqu\u00e9 qu&rsquo;aucun resserrement mon\u00e9taire n&rsquo;\u00e9tait \u00e0 attendre en 2018.<\/p>\n<h2>Le cours de l&rsquo;argent \u00e9galement en hausse<\/h2>\n<p>Relativement d\u00e9cevant en 2017 avec un gain de seulement 5 % sur le <a href=\"https:\/\/www.gold.fr\/cours-argent-prix-de-l-argent\/\">prix de l&rsquo;argent<\/a>, l&rsquo;argent physique devrait conna\u00eetre une embellie en 2018. Cette <strong>pr\u00e9vision<\/strong> provient du <a href=\"https:\/\/www.silverinstitute.org\/wp-content\/uploads\/2017\/05\/IndiaMarketStudySep2017.pdf\" target=\"_blank\" rel=\"noopener noreferrer\">rapport du cabinet de conseil sur les m\u00e9taux pr\u00e9cieux Metal Focus pour le Silver Institute<\/a>. Cette hausse pr\u00e9visible se justifie par deux raisons majeures dont une est li\u00e9e \u00e0 une demande en hausse de la part de l&rsquo;industrie. Le d\u00e9veloppement \u00e0 marche forc\u00e9e des \u00e9nergies renouvelables devrait alimenter pour une partie cette augmentation de la demande mondiale, la fabrication de panneaux photovolta\u00efques int\u00e9grant une quantit\u00e9 non n\u00e9gligeable d&rsquo;argent. La deuxi\u00e8me origine de la hausse pr\u00e9visible du cours de l&rsquo;argent se trouve en Inde. En 2017, la demande indienne a \u00e9t\u00e9 sensiblement moindre que lors des ann\u00e9es pr\u00e9c\u00e9dentes. Les prix \u00e0 la consommation en hausse et la r\u00e9pression sur les placements hors banques en sont les principales causes. Les derniers mois s&rsquo;\u00e9tant accompagn\u00e9s d&rsquo;une <strong>\u00e9volution<\/strong> dans les deux cas, la demande d&rsquo;argent physique devrait logiquement suivre et m\u00eame \u00e9ventuellement \u00ab <strong>superformer<\/strong> \u00bb l&rsquo;or sur la p\u00e9riode \u00e0 venir. Apr\u00e8s un creux en juillet \u00e0 15,60 $ l&rsquo;once, le prix de l&rsquo;argent a d&rsquo;ailleurs retrouv\u00e9 des couleurs lors des mois suivants.<\/p>\n<h2>Une ann\u00e9e 2018 favorable aux m\u00e9taux pr\u00e9cieux<\/h2>\n<p>Malgr\u00e9 la baisse de 2.87 % de l&rsquo;or depuis le d\u00e9but de cette ann\u00e9e, celle qui s&rsquo;annonce devrait \u00eatre favorable aux m\u00e9taux pr\u00e9cieux. Or ou argent, les taux actuels relativement bas constituent une excellente opportunit\u00e9 pour un investissement, ce d&rsquo;autant plus que les f\u00eates de fin d&rsquo;ann\u00e9e sont un moment propice pour offrir quelques grammes du m\u00e9tal jaune (Voir <a href=\"https:\/\/www.gold.fr\/news\/2017\/12\/12\/achetez-vos-cadeaux-de-noel-en-echange-dun-1-ou-2-napoleons\/\" target=\"_blank\" rel=\"noopener noreferrer\">l&rsquo;article r\u00e9cent publi\u00e9<\/a> sur ce sujet).<\/p>\n<!-- AddThis Advanced Settings generic via filter on the_content --><!-- AddThis Share Buttons generic via filter on the_content -->","protected":false},"excerpt":{"rendered":"<p>La fin d&rsquo;ann\u00e9e est traditionnellement marqu\u00e9e par les bilans de l&rsquo;ann\u00e9e pass\u00e9e, mais aussi de perspectives sur l&rsquo;ann\u00e9e \u00e0 venir.L&rsquo;or ne d\u00e9roge pas \u00e0 cette r\u00e8gle comme le souligne le partage de Citigroup portant sur la [&hellip;]<\/p>\n","protected":false},"author":18,"featured_media":28779,"comment_status":"closed","ping_status":"closed","sticky":false,"template":"","format":"standard","meta":{"_mbp_gutenberg_autopost":false,"_pgmb_is_evergreen":false,"_pgmb_ap_template_id":0,"footnotes":""},"categories":[4,6],"tags":[1747,652,1051],"ppma_author":[2565],"class_list":["post-28778","post","type-post","status-publish","format-standard","has-post-thumbnail","hentry","category-analyses-economiques","category-articles-de-presse","tag-hausse","tag-prevision-or","tag-previsions"],"yoast_head":"<!-- This site is optimized with the Yoast SEO plugin v27.5 - https:\/\/yoast.com\/product\/yoast-seo-wordpress\/ -->\n<title>Pourquoi Citi pr\u00e9voit une hausse de l\u2019or entre 2018 et 2020 ? - Gold.fr<\/title>\n<meta name=\"robots\" content=\"index, follow, max-snippet:-1, max-image-preview:large, max-video-preview:-1\" \/>\n<link rel=\"canonical\" href=\"https:\/\/www.gold.fr\/news\/2017\/12\/14\/pourquoi-citi-prevoit-une-hausse-de-lor-entre-2018-et-2020\/\" \/>\n<meta property=\"og:locale\" content=\"fr_FR\" \/>\n<meta property=\"og:type\" content=\"article\" \/>\n<meta property=\"og:title\" content=\"Pourquoi Citi pr\u00e9voit une hausse de l\u2019or entre 2018 et 2020 ? - Gold.fr\" \/>\n<meta property=\"og:description\" content=\"La fin d&rsquo;ann\u00e9e est traditionnellement marqu\u00e9e par les bilans de l&rsquo;ann\u00e9e pass\u00e9e, mais aussi de perspectives sur l&rsquo;ann\u00e9e \u00e0 venir.L&rsquo;or ne d\u00e9roge pas \u00e0 cette r\u00e8gle comme le souligne le partage de Citigroup portant sur la [&hellip;]\" \/>\n<meta property=\"og:url\" content=\"https:\/\/www.gold.fr\/news\/2017\/12\/14\/pourquoi-citi-prevoit-une-hausse-de-lor-entre-2018-et-2020\/\" \/>\n<meta property=\"og:site_name\" content=\"Gold.fr\" \/>\n<meta property=\"article:publisher\" content=\"https:\/\/www.facebook.com\/Goldfr\/\" \/>\n<meta property=\"article:published_time\" content=\"2017-12-14T09:15:33+00:00\" \/>\n<meta property=\"article:modified_time\" content=\"2021-02-18T13:06:25+00:00\" \/>\n<meta property=\"og:image\" content=\"https:\/\/www.gold.fr\/news\/wp-content\/uploads\/2017\/12\/citi-hausse-or-2018-2020-e1513242846275.jpg\" \/>\n\t<meta property=\"og:image:width\" content=\"1000\" \/>\n\t<meta property=\"og:image:height\" content=\"680\" \/>\n\t<meta property=\"og:image:type\" content=\"image\/jpeg\" \/>\n<meta name=\"author\" content=\"Comptoir National de l&#039;Or\" \/>\n<meta name=\"twitter:card\" content=\"summary_large_image\" \/>\n<meta name=\"twitter:label1\" content=\"\u00c9crit par\" \/>\n\t<meta name=\"twitter:data1\" content=\"Comptoir National de l&#039;Or\" \/>\n\t<meta name=\"twitter:label2\" content=\"Dur\u00e9e de lecture estim\u00e9e\" \/>\n\t<meta name=\"twitter:data2\" content=\"3 minutes\" \/>\n<script type=\"application\/ld+json\" class=\"yoast-schema-graph\">{\"@context\":\"https:\\\/\\\/schema.org\",\"@graph\":[{\"@type\":\"Article\",\"@id\":\"https:\\\/\\\/www.gold.fr\\\/news\\\/2017\\\/12\\\/14\\\/pourquoi-citi-prevoit-une-hausse-de-lor-entre-2018-et-2020\\\/#article\",\"isPartOf\":{\"@id\":\"https:\\\/\\\/www.gold.fr\\\/news\\\/2017\\\/12\\\/14\\\/pourquoi-citi-prevoit-une-hausse-de-lor-entre-2018-et-2020\\\/\"},\"author\":{\"name\":\"Comptoir National de l'Or\",\"@id\":\"https:\\\/\\\/www.gold.fr\\\/news\\\/#\\\/schema\\\/person\\\/070491b4b4fb7671bf59b3be20302ce9\"},\"headline\":\"Pourquoi Citi pr\u00e9voit une hausse de l\u2019or entre 2018 et 2020 ?\",\"datePublished\":\"2017-12-14T09:15:33+00:00\",\"dateModified\":\"2021-02-18T13:06:25+00:00\",\"mainEntityOfPage\":{\"@id\":\"https:\\\/\\\/www.gold.fr\\\/news\\\/2017\\\/12\\\/14\\\/pourquoi-citi-prevoit-une-hausse-de-lor-entre-2018-et-2020\\\/\"},\"wordCount\":721,\"image\":{\"@id\":\"https:\\\/\\\/www.gold.fr\\\/news\\\/2017\\\/12\\\/14\\\/pourquoi-citi-prevoit-une-hausse-de-lor-entre-2018-et-2020\\\/#primaryimage\"},\"thumbnailUrl\":\"https:\\\/\\\/www.gold.fr\\\/news\\\/wp-content\\\/uploads\\\/2017\\\/12\\\/citi-hausse-or-2018-2020-e1513242846275.jpg\",\"keywords\":[\"hausse\",\"Pr\u00e9vision or\",\"pr\u00e9visions\"],\"articleSection\":[\"Analyses Economiques\",\"Articles de presse\"],\"inLanguage\":\"fr-FR\"},{\"@type\":\"WebPage\",\"@id\":\"https:\\\/\\\/www.gold.fr\\\/news\\\/2017\\\/12\\\/14\\\/pourquoi-citi-prevoit-une-hausse-de-lor-entre-2018-et-2020\\\/\",\"url\":\"https:\\\/\\\/www.gold.fr\\\/news\\\/2017\\\/12\\\/14\\\/pourquoi-citi-prevoit-une-hausse-de-lor-entre-2018-et-2020\\\/\",\"name\":\"Pourquoi Citi pr\u00e9voit une hausse de l\u2019or entre 2018 et 2020 ? - Gold.fr\",\"isPartOf\":{\"@id\":\"https:\\\/\\\/www.gold.fr\\\/news\\\/#website\"},\"primaryImageOfPage\":{\"@id\":\"https:\\\/\\\/www.gold.fr\\\/news\\\/2017\\\/12\\\/14\\\/pourquoi-citi-prevoit-une-hausse-de-lor-entre-2018-et-2020\\\/#primaryimage\"},\"image\":{\"@id\":\"https:\\\/\\\/www.gold.fr\\\/news\\\/2017\\\/12\\\/14\\\/pourquoi-citi-prevoit-une-hausse-de-lor-entre-2018-et-2020\\\/#primaryimage\"},\"thumbnailUrl\":\"https:\\\/\\\/www.gold.fr\\\/news\\\/wp-content\\\/uploads\\\/2017\\\/12\\\/citi-hausse-or-2018-2020-e1513242846275.jpg\",\"datePublished\":\"2017-12-14T09:15:33+00:00\",\"dateModified\":\"2021-02-18T13:06:25+00:00\",\"author\":{\"@id\":\"https:\\\/\\\/www.gold.fr\\\/news\\\/#\\\/schema\\\/person\\\/070491b4b4fb7671bf59b3be20302ce9\"},\"breadcrumb\":{\"@id\":\"https:\\\/\\\/www.gold.fr\\\/news\\\/2017\\\/12\\\/14\\\/pourquoi-citi-prevoit-une-hausse-de-lor-entre-2018-et-2020\\\/#breadcrumb\"},\"inLanguage\":\"fr-FR\",\"potentialAction\":[{\"@type\":\"ReadAction\",\"target\":[\"https:\\\/\\\/www.gold.fr\\\/news\\\/2017\\\/12\\\/14\\\/pourquoi-citi-prevoit-une-hausse-de-lor-entre-2018-et-2020\\\/\"]}]},{\"@type\":\"ImageObject\",\"inLanguage\":\"fr-FR\",\"@id\":\"https:\\\/\\\/www.gold.fr\\\/news\\\/2017\\\/12\\\/14\\\/pourquoi-citi-prevoit-une-hausse-de-lor-entre-2018-et-2020\\\/#primaryimage\",\"url\":\"https:\\\/\\\/www.gold.fr\\\/news\\\/wp-content\\\/uploads\\\/2017\\\/12\\\/citi-hausse-or-2018-2020-e1513242846275.jpg\",\"contentUrl\":\"https:\\\/\\\/www.gold.fr\\\/news\\\/wp-content\\\/uploads\\\/2017\\\/12\\\/citi-hausse-or-2018-2020-e1513242846275.jpg\",\"width\":1000,\"height\":680,\"caption\":\"Pourquoi Citi pr\u00e9voit une hausse de l\u2019or entre 2018 et 2020 ?\"},{\"@type\":\"BreadcrumbList\",\"@id\":\"https:\\\/\\\/www.gold.fr\\\/news\\\/2017\\\/12\\\/14\\\/pourquoi-citi-prevoit-une-hausse-de-lor-entre-2018-et-2020\\\/#breadcrumb\",\"itemListElement\":[{\"@type\":\"ListItem\",\"position\":1,\"name\":\"Accueil\",\"item\":\"https:\\\/\\\/www.gold.fr\\\/\"},{\"@type\":\"ListItem\",\"position\":2,\"name\":\"Actualit\u00e9s\",\"item\":\"https:\\\/\\\/www.gold.fr\\\/news\\\/\"},{\"@type\":\"ListItem\",\"position\":3,\"name\":\"Pourquoi Citi pr\u00e9voit une hausse de l\u2019or entre 2018 et 2020 ?\"}]},{\"@type\":\"WebSite\",\"@id\":\"https:\\\/\\\/www.gold.fr\\\/news\\\/#website\",\"url\":\"https:\\\/\\\/www.gold.fr\\\/news\\\/\",\"name\":\"Gold.fr\",\"description\":\"Actualit\u00e9s de l&#039;Or et des m\u00e9taux pr\u00e9cieux\",\"potentialAction\":[{\"@type\":\"SearchAction\",\"target\":{\"@type\":\"EntryPoint\",\"urlTemplate\":\"https:\\\/\\\/www.gold.fr\\\/news\\\/?s={search_term_string}\"},\"query-input\":{\"@type\":\"PropertyValueSpecification\",\"valueRequired\":true,\"valueName\":\"search_term_string\"}}],\"inLanguage\":\"fr-FR\"},{\"@type\":\"Person\",\"@id\":\"https:\\\/\\\/www.gold.fr\\\/news\\\/#\\\/schema\\\/person\\\/070491b4b4fb7671bf59b3be20302ce9\",\"name\":\"Comptoir National de l'Or\",\"image\":{\"@type\":\"ImageObject\",\"inLanguage\":\"fr-FR\",\"@id\":\"https:\\\/\\\/secure.gravatar.com\\\/avatar\\\/0a2867fd5abe37bed95d5a65e9d58f01756e11efc68af9888dfc50cfa7f65948?s=96&d=mm&r=gb490554db0a38188709de567aa58480d\",\"url\":\"https:\\\/\\\/secure.gravatar.com\\\/avatar\\\/0a2867fd5abe37bed95d5a65e9d58f01756e11efc68af9888dfc50cfa7f65948?s=96&d=mm&r=g\",\"contentUrl\":\"https:\\\/\\\/secure.gravatar.com\\\/avatar\\\/0a2867fd5abe37bed95d5a65e9d58f01756e11efc68af9888dfc50cfa7f65948?s=96&d=mm&r=g\",\"caption\":\"Comptoir National de l'Or\"},\"description\":\"Notre r\u00e9daction est constitu\u00e9e de membres experts dans les m\u00e9tiers de l'\u00e9conomie et la gestion, des Responsables d'agence Comptoir National de l'Or, des analystes financiers qui publient r\u00e9guli\u00e8rement des \u00e9tudes sur les politiques des banques centrales, le cours de l'or, prix de l'or, cours de l'argent, prix de l'argent, cours du platine, cours du palladium,... la situation en zone euro et l'impact de la strat\u00e9gie mon\u00e9taire de la FED. Notre \u00e9quipe scrute \u00e9galement une information plus g\u00e9n\u00e9raliste \u00e0 la recherche d'actualit\u00e9 \\\"p\u00e9pite\\\" \u00e0 vous partager. Depuis 5 ans, nous avons publi\u00e9 un peu plus de 4000 articles qui s'adressent \u00e0 un public large et vari\u00e9 ayant pour objectif de satisfaire votre curiosit\u00e9 et de partager avec vous une certaine fascination pour le m\u00e9tal jaune, le rachat d'or, et pour ceux qui veulent investir dans l'or, vendre leur or tout simplement en savoir plus... Pour tous vos achat or et argent, n'h\u00e9sitez pas \u00e0 prendre rendez-vous dans l'un de nos nombreux comptoirs.\",\"sameAs\":[\"https:\\\/\\\/www.gold.fr\"]}]}<\/script>\n<!-- \/ Yoast SEO plugin. -->","yoast_head_json":{"title":"Pourquoi Citi pr\u00e9voit une hausse de l\u2019or entre 2018 et 2020 ? - Gold.fr","robots":{"index":"index","follow":"follow","max-snippet":"max-snippet:-1","max-image-preview":"max-image-preview:large","max-video-preview":"max-video-preview:-1"},"canonical":"https:\/\/www.gold.fr\/news\/2017\/12\/14\/pourquoi-citi-prevoit-une-hausse-de-lor-entre-2018-et-2020\/","og_locale":"fr_FR","og_type":"article","og_title":"Pourquoi Citi pr\u00e9voit une hausse de l\u2019or entre 2018 et 2020 ? - Gold.fr","og_description":"La fin d&rsquo;ann\u00e9e est traditionnellement marqu\u00e9e par les bilans de l&rsquo;ann\u00e9e pass\u00e9e, mais aussi de perspectives sur l&rsquo;ann\u00e9e \u00e0 venir.L&rsquo;or ne d\u00e9roge pas \u00e0 cette r\u00e8gle comme le souligne le partage de Citigroup portant sur la [&hellip;]","og_url":"https:\/\/www.gold.fr\/news\/2017\/12\/14\/pourquoi-citi-prevoit-une-hausse-de-lor-entre-2018-et-2020\/","og_site_name":"Gold.fr","article_publisher":"https:\/\/www.facebook.com\/Goldfr\/","article_published_time":"2017-12-14T09:15:33+00:00","article_modified_time":"2021-02-18T13:06:25+00:00","og_image":[{"width":1000,"height":680,"url":"https:\/\/www.gold.fr\/news\/wp-content\/uploads\/2017\/12\/citi-hausse-or-2018-2020-e1513242846275.jpg","type":"image\/jpeg"}],"author":"Comptoir National de l'Or","twitter_card":"summary_large_image","twitter_misc":{"\u00c9crit par":"Comptoir National de l'Or","Dur\u00e9e de lecture estim\u00e9e":"3 minutes"},"schema":{"@context":"https:\/\/schema.org","@graph":[{"@type":"Article","@id":"https:\/\/www.gold.fr\/news\/2017\/12\/14\/pourquoi-citi-prevoit-une-hausse-de-lor-entre-2018-et-2020\/#article","isPartOf":{"@id":"https:\/\/www.gold.fr\/news\/2017\/12\/14\/pourquoi-citi-prevoit-une-hausse-de-lor-entre-2018-et-2020\/"},"author":{"name":"Comptoir National de l'Or","@id":"https:\/\/www.gold.fr\/news\/#\/schema\/person\/070491b4b4fb7671bf59b3be20302ce9"},"headline":"Pourquoi Citi pr\u00e9voit une hausse de l\u2019or entre 2018 et 2020 ?","datePublished":"2017-12-14T09:15:33+00:00","dateModified":"2021-02-18T13:06:25+00:00","mainEntityOfPage":{"@id":"https:\/\/www.gold.fr\/news\/2017\/12\/14\/pourquoi-citi-prevoit-une-hausse-de-lor-entre-2018-et-2020\/"},"wordCount":721,"image":{"@id":"https:\/\/www.gold.fr\/news\/2017\/12\/14\/pourquoi-citi-prevoit-une-hausse-de-lor-entre-2018-et-2020\/#primaryimage"},"thumbnailUrl":"https:\/\/www.gold.fr\/news\/wp-content\/uploads\/2017\/12\/citi-hausse-or-2018-2020-e1513242846275.jpg","keywords":["hausse","Pr\u00e9vision or","pr\u00e9visions"],"articleSection":["Analyses Economiques","Articles de presse"],"inLanguage":"fr-FR"},{"@type":"WebPage","@id":"https:\/\/www.gold.fr\/news\/2017\/12\/14\/pourquoi-citi-prevoit-une-hausse-de-lor-entre-2018-et-2020\/","url":"https:\/\/www.gold.fr\/news\/2017\/12\/14\/pourquoi-citi-prevoit-une-hausse-de-lor-entre-2018-et-2020\/","name":"Pourquoi Citi pr\u00e9voit une hausse de l\u2019or entre 2018 et 2020 ? - Gold.fr","isPartOf":{"@id":"https:\/\/www.gold.fr\/news\/#website"},"primaryImageOfPage":{"@id":"https:\/\/www.gold.fr\/news\/2017\/12\/14\/pourquoi-citi-prevoit-une-hausse-de-lor-entre-2018-et-2020\/#primaryimage"},"image":{"@id":"https:\/\/www.gold.fr\/news\/2017\/12\/14\/pourquoi-citi-prevoit-une-hausse-de-lor-entre-2018-et-2020\/#primaryimage"},"thumbnailUrl":"https:\/\/www.gold.fr\/news\/wp-content\/uploads\/2017\/12\/citi-hausse-or-2018-2020-e1513242846275.jpg","datePublished":"2017-12-14T09:15:33+00:00","dateModified":"2021-02-18T13:06:25+00:00","author":{"@id":"https:\/\/www.gold.fr\/news\/#\/schema\/person\/070491b4b4fb7671bf59b3be20302ce9"},"breadcrumb":{"@id":"https:\/\/www.gold.fr\/news\/2017\/12\/14\/pourquoi-citi-prevoit-une-hausse-de-lor-entre-2018-et-2020\/#breadcrumb"},"inLanguage":"fr-FR","potentialAction":[{"@type":"ReadAction","target":["https:\/\/www.gold.fr\/news\/2017\/12\/14\/pourquoi-citi-prevoit-une-hausse-de-lor-entre-2018-et-2020\/"]}]},{"@type":"ImageObject","inLanguage":"fr-FR","@id":"https:\/\/www.gold.fr\/news\/2017\/12\/14\/pourquoi-citi-prevoit-une-hausse-de-lor-entre-2018-et-2020\/#primaryimage","url":"https:\/\/www.gold.fr\/news\/wp-content\/uploads\/2017\/12\/citi-hausse-or-2018-2020-e1513242846275.jpg","contentUrl":"https:\/\/www.gold.fr\/news\/wp-content\/uploads\/2017\/12\/citi-hausse-or-2018-2020-e1513242846275.jpg","width":1000,"height":680,"caption":"Pourquoi Citi pr\u00e9voit une hausse de l\u2019or entre 2018 et 2020 ?"},{"@type":"BreadcrumbList","@id":"https:\/\/www.gold.fr\/news\/2017\/12\/14\/pourquoi-citi-prevoit-une-hausse-de-lor-entre-2018-et-2020\/#breadcrumb","itemListElement":[{"@type":"ListItem","position":1,"name":"Accueil","item":"https:\/\/www.gold.fr\/"},{"@type":"ListItem","position":2,"name":"Actualit\u00e9s","item":"https:\/\/www.gold.fr\/news\/"},{"@type":"ListItem","position":3,"name":"Pourquoi Citi pr\u00e9voit une hausse de l\u2019or entre 2018 et 2020 ?"}]},{"@type":"WebSite","@id":"https:\/\/www.gold.fr\/news\/#website","url":"https:\/\/www.gold.fr\/news\/","name":"Gold.fr","description":"Actualit\u00e9s de l&#039;Or et des m\u00e9taux pr\u00e9cieux","potentialAction":[{"@type":"SearchAction","target":{"@type":"EntryPoint","urlTemplate":"https:\/\/www.gold.fr\/news\/?s={search_term_string}"},"query-input":{"@type":"PropertyValueSpecification","valueRequired":true,"valueName":"search_term_string"}}],"inLanguage":"fr-FR"},{"@type":"Person","@id":"https:\/\/www.gold.fr\/news\/#\/schema\/person\/070491b4b4fb7671bf59b3be20302ce9","name":"Comptoir National de l'Or","image":{"@type":"ImageObject","inLanguage":"fr-FR","@id":"https:\/\/secure.gravatar.com\/avatar\/0a2867fd5abe37bed95d5a65e9d58f01756e11efc68af9888dfc50cfa7f65948?s=96&d=mm&r=gb490554db0a38188709de567aa58480d","url":"https:\/\/secure.gravatar.com\/avatar\/0a2867fd5abe37bed95d5a65e9d58f01756e11efc68af9888dfc50cfa7f65948?s=96&d=mm&r=g","contentUrl":"https:\/\/secure.gravatar.com\/avatar\/0a2867fd5abe37bed95d5a65e9d58f01756e11efc68af9888dfc50cfa7f65948?s=96&d=mm&r=g","caption":"Comptoir National de l'Or"},"description":"Notre r\u00e9daction est constitu\u00e9e de membres experts dans les m\u00e9tiers de l'\u00e9conomie et la gestion, des Responsables d'agence Comptoir National de l'Or, des analystes financiers qui publient r\u00e9guli\u00e8rement des \u00e9tudes sur les politiques des banques centrales, le cours de l'or, prix de l'or, cours de l'argent, prix de l'argent, cours du platine, cours du palladium,... la situation en zone euro et l'impact de la strat\u00e9gie mon\u00e9taire de la FED. Notre \u00e9quipe scrute \u00e9galement une information plus g\u00e9n\u00e9raliste \u00e0 la recherche d'actualit\u00e9 \"p\u00e9pite\" \u00e0 vous partager. Depuis 5 ans, nous avons publi\u00e9 un peu plus de 4000 articles qui s'adressent \u00e0 un public large et vari\u00e9 ayant pour objectif de satisfaire votre curiosit\u00e9 et de partager avec vous une certaine fascination pour le m\u00e9tal jaune, le rachat d'or, et pour ceux qui veulent investir dans l'or, vendre leur or tout simplement en savoir plus... Pour tous vos achat or et argent, n'h\u00e9sitez pas \u00e0 prendre rendez-vous dans l'un de nos nombreux comptoirs.","sameAs":["https:\/\/www.gold.fr"]}]}},"authors":[{"term_id":2565,"user_id":18,"is_guest":0,"slug":"julie","display_name":"Comptoir National de l'Or","avatar_url":"https:\/\/secure.gravatar.com\/avatar\/713f289e398d35ead876c4a4cc08607f0d6d266058cfc25683fffb6092d0e572?s=96&d=mm&r=g","0":null,"1":"","2":"","3":"","4":"","5":"","6":"","7":"","8":""}],"_links":{"self":[{"href":"https:\/\/www.gold.fr\/news\/wp-json\/wp\/v2\/posts\/28778","targetHints":{"allow":["GET"]}}],"collection":[{"href":"https:\/\/www.gold.fr\/news\/wp-json\/wp\/v2\/posts"}],"about":[{"href":"https:\/\/www.gold.fr\/news\/wp-json\/wp\/v2\/types\/post"}],"author":[{"embeddable":true,"href":"https:\/\/www.gold.fr\/news\/wp-json\/wp\/v2\/users\/18"}],"replies":[{"embeddable":true,"href":"https:\/\/www.gold.fr\/news\/wp-json\/wp\/v2\/comments?post=28778"}],"version-history":[{"count":0,"href":"https:\/\/www.gold.fr\/news\/wp-json\/wp\/v2\/posts\/28778\/revisions"}],"wp:featuredmedia":[{"embeddable":true,"href":"https:\/\/www.gold.fr\/news\/wp-json\/wp\/v2\/media\/28779"}],"wp:attachment":[{"href":"https:\/\/www.gold.fr\/news\/wp-json\/wp\/v2\/media?parent=28778"}],"wp:term":[{"taxonomy":"category","embeddable":true,"href":"https:\/\/www.gold.fr\/news\/wp-json\/wp\/v2\/categories?post=28778"},{"taxonomy":"post_tag","embeddable":true,"href":"https:\/\/www.gold.fr\/news\/wp-json\/wp\/v2\/tags?post=28778"},{"taxonomy":"author","embeddable":true,"href":"https:\/\/www.gold.fr\/news\/wp-json\/wp\/v2\/ppma_author?post=28778"}],"curies":[{"name":"wp","href":"https:\/\/api.w.org\/{rel}","templated":true}]}}